{"id":683417,"date":"2018-07-27T15:26:01","date_gmt":"2018-07-27T14:26:01","guid":{"rendered":"https:\/\/www.pressenza.com\/?p=683417"},"modified":"2018-07-27T15:26:01","modified_gmt":"2018-07-27T14:26:01","slug":"solo-per-coraggiosi-che-sta-facendo-il-governo-del-cambiamento","status":"publish","type":"post","link":"https:\/\/www.pressenza.com\/it\/2018\/07\/solo-per-coraggiosi-che-sta-facendo-il-governo-del-cambiamento\/","title":{"rendered":"Solo per coraggiosi! Che sta facendo il governo del cambiamento?"},"content":{"rendered":"<p>Ieri a Rimini \u00e8 comparso questo striscione.<\/p>\n<p>Sai mai che i valorosi che l&#8217;hanno apposto si sono ispirati alle dichiarazioni del Ministro per la famiglia, il signor Fontana? Proprio ieri il Ministro leghista conquistava le prime pagine dei giornali con la teoria per cui le coppie omosessuali non sono &#8220;corrispondenti ai bisogni dei minori&#8221;. Quale sia il fondamento scientifico dell&#8217;affermazione non \u00e8 dato sapere.<\/p>\n<p>Sempre ieri a Vicenza un uomo si \u00e8 affacciato al suo balcone e ha deciso di sparare. Guarda caso ha colpito un immigrato, un operaio di origine capoverdiana che stava lavorando su un ponteggio a 7 metri d&#8217;altezza. Dice che voleva prendere un piccione. Nell&#8217;ultimo mese la caccia al piccione \u00e8 tornata di moda, cos\u00ec 7 persone, tutte immigrate, sono rimaste ferite da spari, compresa una bambina di 1 anno.<\/p>\n<p>Qualche giorno prima, il governo gialloverde decideva che era una priorit\u00e0 del dibattito politico e della legislatura la proposta di una legge che obbligasse a tenere il crocifisso in tutti i luoghi pubblici del paese. Il giorno dopo abbiamo assistito, in diretta social televisiva, allo sgombero del campo rom di Roma, accompagnato da esultanza salviniana e commenti allucinanti in rete. Qualcuno ha scritto &#8220;ruspa, bruciarli tutti&#8221;, riferito ai rom.<\/p>\n<p>Pare che lo sgombero non sia stato seguito dalla collocazione e la sistemazione di tutti gli abitanti del campo, che abbia diviso nuclei familiari, ma di far notare questo nessuno se n&#8217;\u00e8 curato.<\/p>\n<p>Sarebbe da riderci se non fosse che in mezzo ci siamo noi, 60 milioni di cittadini, che se non andiamo a lavorare la mattina nessuno ci regala nulla.<\/p>\n<p>Tanto fumo, tanta propaganda a costo zero &#8211; i gay, i migranti, i rom, che piacciono sempre per fare caciara &#8211; tirata fuori con una trovata al giorno del leghista di turno, senza che la parte del Movimento 5 stelle voglia &#8211; o possa, visto che il governo lo fanno insieme &#8211; placare.<\/p>\n<p>Qualcuno sa che intenzioni hanno i nostri governanti per contrastare la povert\u00e0 nel paese, che ormai assilla 12 milioni di persone? Che fine hanno fatto le sbandierate misure da campagna elettorale come il reddito?<\/p>\n<p>Qualcuno ha idea di come hanno intenzione &#8211; DA SUBITO &#8211; di sostenere le famiglie, chi \u00e8 da solo, i lavoratori dipendenti, i disoccupati, le madri?<\/p>\n<p>Qualcuno sa come pensano di contrastare le mafie o come credono di attaccare la grande evasione fiscale? E la questione meridionale, la disoccupazione del mezzogiorno e lo svuotamento dei plessi universitari e studenteschi? Le grandi opere inutili e che il Movimento 5 stelle ha utilizzato per attrarre bacini di consenso dove la popolazione esprimeva netta contrariet\u00e0, il TAP o il TAV, e che adesso improvvisamente tornano a essere negoziabili? L&#8217;abolizione della Fornero che fine ha fatto? Perch\u00e9 gli F-35 prima strumento di morte e sperpero di denaro pubblico ora, secondo la ministra Trenta, vanno sottoposti a delicate &#8220;valutazioni caute&#8221;?<\/p>\n<p>Quello che sappiamo \u00e8 che il Decreto Dignit\u00e0 attualmente ancora in fase di discussione si \u00e8 modificato ed \u00e8 peggiorato. Dopo la reintroduzione dei voucher, \u00e8 stata rigettata la proposta di reinserimento dell&#8217;articolo 18 (altro che abolire il Jobs Act) ed \u00e8 stata accolta la modifica firmata Forza Italia che alza il numero dei contratti precari possibili in un&#8217;azienda dal 20 al 30% del totale. Pi\u00f9 di quanto avesse fatto il pessimo Poletti. Bisognava andare incontro alle richieste della Confindustria, annacquare il provvedimento per cui gli industriali avevano storto il naso.<\/p>\n<p>Inconsistenza assoluta sui temi che stanno a cuore alla maggioranza, continui dietrofront da tamponare con le questioni &#8220;di principio&#8221; di cui sopra: il crocifisso, la difesa della famiglia tradizionale, l&#8217;attacco ai rom che sono tutti ladri e che vanno censiti. Lo sdoganamento di un linguaggio pubblico violento e vuoto di contenuti, che serve a spingerci gli uni contro gli altri, a non farci troppe domande, a diventare tifosi e non cittadini consapevoli, agenti di un cambiamento. Nessuno oggi pu\u00f2 trasformare il volto dell&#8217;Italia se non rimette al centro la questione del lavoro, se non attacca l&#8217;attuale distribuzione della ricchezza e le disuguaglianze sociali. Non facciamoci fregare.<\/p>\n","protected":false},"excerpt":{"rendered":"<p>Ieri a Rimini \u00e8 comparso questo striscione. Sai mai che i valorosi che l&#8217;hanno apposto si sono ispirati alle dichiarazioni del Ministro per la famiglia, il signor Fontana? Proprio ieri il Ministro leghista conquistava le prime pagine dei giornali con&hellip;<\/p>\n","protected":false},"author":1515,"featured_media":683427,"comment_status":"closed","ping_status":"closed","sticky":false,"template":"","format":"standard","meta":{"footnotes":""},"categories":[55],"tags":[47633,993,4531,47563,2636,745,8395,5150],"class_list":["post-683417","post","type-post","status-publish","format-standard","has-post-thumbnail","hentry","category-politica","tag-decreto-dignita","tag-f-35","tag-gay-it","tag-governo-del-cambiamento","tag-migranti","tag-rom","tag-tap","tag-tav"],"yoast_head":"<!-- This site is optimized with the Yoast SEO plugin v27.1.1 - https:\/\/yoast.com\/product\/yoast-seo-wordpress\/ -->\n<title>Solo per coraggiosi! Che sta facendo il governo del cambiamento?<\/title>\n<meta name=\"description\" content=\"Ieri a Rimini \u00e8 comparso questo striscione. Sai mai che i valorosi che l&#039;hanno apposto si sono ispirati alle dichiarazioni del Ministro per la famiglia,\" \/>\n<meta name=\"robots\" content=\"index, follow, max-snippet:-1, max-image-preview:large, max-video-preview:-1\" \/>\n<link rel=\"canonical\" href=\"https:\/\/www.pressenza.com\/it\/2018\/07\/solo-per-coraggiosi-che-sta-facendo-il-governo-del-cambiamento\/\" \/>\n<meta property=\"og:locale\" content=\"it_IT\" \/>\n<meta property=\"og:type\" content=\"article\" \/>\n<meta property=\"og:title\" content=\"Solo per coraggiosi! Che sta facendo il governo del cambiamento?\" \/>\n<meta property=\"og:description\" content=\"Ieri a Rimini \u00e8 comparso questo striscione. Sai mai che i valorosi che l&#039;hanno apposto si sono ispirati alle dichiarazioni del Ministro per la famiglia,\" \/>\n<meta property=\"og:url\" content=\"https:\/\/www.pressenza.com\/it\/2018\/07\/solo-per-coraggiosi-che-sta-facendo-il-governo-del-cambiamento\/\" \/>\n<meta property=\"og:site_name\" content=\"Pressenza\" \/>\n<meta property=\"article:publisher\" content=\"https:\/\/www.facebook.com\/PressenzaItalia\" \/>\n<meta property=\"article:published_time\" content=\"2018-07-27T14:26:01+00:00\" \/>\n<meta property=\"og:image\" content=\"https:\/\/www.pressenza.com\/wp-content\/uploads\/2018\/07\/gay-e-pedofili.jpg\" \/>\n\t<meta property=\"og:image:width\" content=\"720\" \/>\n\t<meta property=\"og:image:height\" content=\"513\" \/>\n\t<meta property=\"og:image:type\" content=\"image\/jpeg\" \/>\n<meta name=\"author\" content=\"Potere Al Popolo\" \/>\n<meta name=\"twitter:card\" content=\"summary_large_image\" \/>\n<meta name=\"twitter:creator\" content=\"@PressenzaIPA\" \/>\n<meta name=\"twitter:site\" content=\"@PressenzaIPA\" \/>\n<meta name=\"twitter:label1\" content=\"Scritto da\" \/>\n\t<meta name=\"twitter:data1\" content=\"Potere Al Popolo\" \/>\n\t<meta name=\"twitter:label2\" content=\"Tempo di lettura stimato\" \/>\n\t<meta name=\"twitter:data2\" content=\"3 minuti\" \/>\n<script type=\"application\/ld+json\" class=\"yoast-schema-graph\">{\"@context\":\"https:\/\/schema.org\",\"@graph\":[{\"@type\":\"Article\",\"@id\":\"https:\/\/www.pressenza.com\/it\/2018\/07\/solo-per-coraggiosi-che-sta-facendo-il-governo-del-cambiamento\/#article\",\"isPartOf\":{\"@id\":\"https:\/\/www.pressenza.com\/it\/2018\/07\/solo-per-coraggiosi-che-sta-facendo-il-governo-del-cambiamento\/\"},\"author\":{\"name\":\"Potere Al Popolo\",\"@id\":\"https:\/\/www.pressenza.com\/it\/#\/schema\/person\/d82b464065b17ccca8a55d1e444cceeb\"},\"headline\":\"Solo per coraggiosi! Che sta facendo il governo del cambiamento?\",\"datePublished\":\"2018-07-27T14:26:01+00:00\",\"mainEntityOfPage\":{\"@id\":\"https:\/\/www.pressenza.com\/it\/2018\/07\/solo-per-coraggiosi-che-sta-facendo-il-governo-del-cambiamento\/\"},\"wordCount\":673,\"publisher\":{\"@id\":\"https:\/\/www.pressenza.com\/it\/#organization\"},\"image\":{\"@id\":\"https:\/\/www.pressenza.com\/it\/2018\/07\/solo-per-coraggiosi-che-sta-facendo-il-governo-del-cambiamento\/#primaryimage\"},\"thumbnailUrl\":\"https:\/\/www.pressenza.com\/wp-content\/uploads\/2018\/07\/gay-e-pedofili.jpg\",\"keywords\":[\"Decreto Dignit\u00e0\",\"F-35\",\"gay\",\"Governo del cambiamento\",\"migranti\",\"rom\",\"TAP\",\"TAV\"],\"articleSection\":[\"Politica\"],\"inLanguage\":\"it-IT\"},{\"@type\":\"WebPage\",\"@id\":\"https:\/\/www.pressenza.com\/it\/2018\/07\/solo-per-coraggiosi-che-sta-facendo-il-governo-del-cambiamento\/\",\"url\":\"https:\/\/www.pressenza.com\/it\/2018\/07\/solo-per-coraggiosi-che-sta-facendo-il-governo-del-cambiamento\/\",\"name\":\"Solo per coraggiosi! Che sta facendo il governo del cambiamento?\",\"isPartOf\":{\"@id\":\"https:\/\/www.pressenza.com\/it\/#website\"},\"primaryImageOfPage\":{\"@id\":\"https:\/\/www.pressenza.com\/it\/2018\/07\/solo-per-coraggiosi-che-sta-facendo-il-governo-del-cambiamento\/#primaryimage\"},\"image\":{\"@id\":\"https:\/\/www.pressenza.com\/it\/2018\/07\/solo-per-coraggiosi-che-sta-facendo-il-governo-del-cambiamento\/#primaryimage\"},\"thumbnailUrl\":\"https:\/\/www.pressenza.com\/wp-content\/uploads\/2018\/07\/gay-e-pedofili.jpg\",\"datePublished\":\"2018-07-27T14:26:01+00:00\",\"description\":\"Ieri a Rimini \u00e8 comparso questo striscione. Sai mai che i valorosi che l'hanno apposto si sono ispirati alle dichiarazioni del Ministro per la famiglia,\",\"breadcrumb\":{\"@id\":\"https:\/\/www.pressenza.com\/it\/2018\/07\/solo-per-coraggiosi-che-sta-facendo-il-governo-del-cambiamento\/#breadcrumb\"},\"inLanguage\":\"it-IT\",\"potentialAction\":[{\"@type\":\"ReadAction\",\"target\":[\"https:\/\/www.pressenza.com\/it\/2018\/07\/solo-per-coraggiosi-che-sta-facendo-il-governo-del-cambiamento\/\"]}]},{\"@type\":\"ImageObject\",\"inLanguage\":\"it-IT\",\"@id\":\"https:\/\/www.pressenza.com\/it\/2018\/07\/solo-per-coraggiosi-che-sta-facendo-il-governo-del-cambiamento\/#primaryimage\",\"url\":\"https:\/\/www.pressenza.com\/wp-content\/uploads\/2018\/07\/gay-e-pedofili.jpg\",\"contentUrl\":\"https:\/\/www.pressenza.com\/wp-content\/uploads\/2018\/07\/gay-e-pedofili.jpg\",\"width\":720,\"height\":513},{\"@type\":\"BreadcrumbList\",\"@id\":\"https:\/\/www.pressenza.com\/it\/2018\/07\/solo-per-coraggiosi-che-sta-facendo-il-governo-del-cambiamento\/#breadcrumb\",\"itemListElement\":[{\"@type\":\"ListItem\",\"position\":1,\"name\":\"Accueil\",\"item\":\"https:\/\/www.pressenza.com\/it\/\"},{\"@type\":\"ListItem\",\"position\":2,\"name\":\"Solo per coraggiosi! Che sta facendo il governo del cambiamento?\"}]},{\"@type\":\"WebSite\",\"@id\":\"https:\/\/www.pressenza.com\/it\/#website\",\"url\":\"https:\/\/www.pressenza.com\/it\/\",\"name\":\"Pressenza\",\"description\":\"Agenzia di Stampa Internazionale\",\"publisher\":{\"@id\":\"https:\/\/www.pressenza.com\/it\/#organization\"},\"potentialAction\":[{\"@type\":\"SearchAction\",\"target\":{\"@type\":\"EntryPoint\",\"urlTemplate\":\"https:\/\/www.pressenza.com\/it\/?s={search_term_string}\"},\"query-input\":{\"@type\":\"PropertyValueSpecification\",\"valueRequired\":true,\"valueName\":\"search_term_string\"}}],\"inLanguage\":\"it-IT\"},{\"@type\":\"Organization\",\"@id\":\"https:\/\/www.pressenza.com\/it\/#organization\",\"name\":\"Pressenza\",\"url\":\"https:\/\/www.pressenza.com\/it\/\",\"logo\":{\"@type\":\"ImageObject\",\"inLanguage\":\"it-IT\",\"@id\":\"https:\/\/www.pressenza.com\/it\/#\/schema\/logo\/image\/\",\"url\":\"https:\/\/www.pressenza.com\/wp-content\/uploads\/2022\/10\/pressenza_logo_200x200.jpg\",\"contentUrl\":\"https:\/\/www.pressenza.com\/wp-content\/uploads\/2022\/10\/pressenza_logo_200x200.jpg\",\"width\":200,\"height\":200,\"caption\":\"Pressenza\"},\"image\":{\"@id\":\"https:\/\/www.pressenza.com\/it\/#\/schema\/logo\/image\/\"},\"sameAs\":[\"https:\/\/www.facebook.com\/PressenzaItalia\",\"https:\/\/x.com\/PressenzaIPA\"]},{\"@type\":\"Person\",\"@id\":\"https:\/\/www.pressenza.com\/it\/#\/schema\/person\/d82b464065b17ccca8a55d1e444cceeb\",\"name\":\"Potere Al Popolo\",\"url\":\"https:\/\/www.pressenza.com\/it\/author\/potere-al-popolo\/\"}]}<\/script>\n<!-- \/ Yoast SEO plugin. -->","yoast_head_json":{"title":"Solo per coraggiosi! Che sta facendo il governo del cambiamento?","description":"Ieri a Rimini \u00e8 comparso questo striscione. Sai mai che i valorosi che l'hanno apposto si sono ispirati alle dichiarazioni del Ministro per la famiglia,","robots":{"index":"index","follow":"follow","max-snippet":"max-snippet:-1","max-image-preview":"max-image-preview:large","max-video-preview":"max-video-preview:-1"},"canonical":"https:\/\/www.pressenza.com\/it\/2018\/07\/solo-per-coraggiosi-che-sta-facendo-il-governo-del-cambiamento\/","og_locale":"it_IT","og_type":"article","og_title":"Solo per coraggiosi! Che sta facendo il governo del cambiamento?","og_description":"Ieri a Rimini \u00e8 comparso questo striscione. Sai mai che i valorosi che l'hanno apposto si sono ispirati alle dichiarazioni del Ministro per la famiglia,","og_url":"https:\/\/www.pressenza.com\/it\/2018\/07\/solo-per-coraggiosi-che-sta-facendo-il-governo-del-cambiamento\/","og_site_name":"Pressenza","article_publisher":"https:\/\/www.facebook.com\/PressenzaItalia","article_published_time":"2018-07-27T14:26:01+00:00","og_image":[{"width":720,"height":513,"url":"https:\/\/www.pressenza.com\/wp-content\/uploads\/2018\/07\/gay-e-pedofili.jpg","type":"image\/jpeg"}],"author":"Potere Al Popolo","twitter_card":"summary_large_image","twitter_creator":"@PressenzaIPA","twitter_site":"@PressenzaIPA","twitter_misc":{"Scritto da":"Potere Al Popolo","Tempo di lettura stimato":"3 minuti"},"schema":{"@context":"https:\/\/schema.org","@graph":[{"@type":"Article","@id":"https:\/\/www.pressenza.com\/it\/2018\/07\/solo-per-coraggiosi-che-sta-facendo-il-governo-del-cambiamento\/#article","isPartOf":{"@id":"https:\/\/www.pressenza.com\/it\/2018\/07\/solo-per-coraggiosi-che-sta-facendo-il-governo-del-cambiamento\/"},"author":{"name":"Potere Al Popolo","@id":"https:\/\/www.pressenza.com\/it\/#\/schema\/person\/d82b464065b17ccca8a55d1e444cceeb"},"headline":"Solo per coraggiosi! Che sta facendo il governo del cambiamento?","datePublished":"2018-07-27T14:26:01+00:00","mainEntityOfPage":{"@id":"https:\/\/www.pressenza.com\/it\/2018\/07\/solo-per-coraggiosi-che-sta-facendo-il-governo-del-cambiamento\/"},"wordCount":673,"publisher":{"@id":"https:\/\/www.pressenza.com\/it\/#organization"},"image":{"@id":"https:\/\/www.pressenza.com\/it\/2018\/07\/solo-per-coraggiosi-che-sta-facendo-il-governo-del-cambiamento\/#primaryimage"},"thumbnailUrl":"https:\/\/www.pressenza.com\/wp-content\/uploads\/2018\/07\/gay-e-pedofili.jpg","keywords":["Decreto Dignit\u00e0","F-35","gay","Governo del cambiamento","migranti","rom","TAP","TAV"],"articleSection":["Politica"],"inLanguage":"it-IT"},{"@type":"WebPage","@id":"https:\/\/www.pressenza.com\/it\/2018\/07\/solo-per-coraggiosi-che-sta-facendo-il-governo-del-cambiamento\/","url":"https:\/\/www.pressenza.com\/it\/2018\/07\/solo-per-coraggiosi-che-sta-facendo-il-governo-del-cambiamento\/","name":"Solo per coraggiosi! Che sta facendo il governo del cambiamento?","isPartOf":{"@id":"https:\/\/www.pressenza.com\/it\/#website"},"primaryImageOfPage":{"@id":"https:\/\/www.pressenza.com\/it\/2018\/07\/solo-per-coraggiosi-che-sta-facendo-il-governo-del-cambiamento\/#primaryimage"},"image":{"@id":"https:\/\/www.pressenza.com\/it\/2018\/07\/solo-per-coraggiosi-che-sta-facendo-il-governo-del-cambiamento\/#primaryimage"},"thumbnailUrl":"https:\/\/www.pressenza.com\/wp-content\/uploads\/2018\/07\/gay-e-pedofili.jpg","datePublished":"2018-07-27T14:26:01+00:00","description":"Ieri a Rimini \u00e8 comparso questo striscione. Sai mai che i valorosi che l'hanno apposto si sono ispirati alle dichiarazioni del Ministro per la famiglia,","breadcrumb":{"@id":"https:\/\/www.pressenza.com\/it\/2018\/07\/solo-per-coraggiosi-che-sta-facendo-il-governo-del-cambiamento\/#breadcrumb"},"inLanguage":"it-IT","potentialAction":[{"@type":"ReadAction","target":["https:\/\/www.pressenza.com\/it\/2018\/07\/solo-per-coraggiosi-che-sta-facendo-il-governo-del-cambiamento\/"]}]},{"@type":"ImageObject","inLanguage":"it-IT","@id":"https:\/\/www.pressenza.com\/it\/2018\/07\/solo-per-coraggiosi-che-sta-facendo-il-governo-del-cambiamento\/#primaryimage","url":"https:\/\/www.pressenza.com\/wp-content\/uploads\/2018\/07\/gay-e-pedofili.jpg","contentUrl":"https:\/\/www.pressenza.com\/wp-content\/uploads\/2018\/07\/gay-e-pedofili.jpg","width":720,"height":513},{"@type":"BreadcrumbList","@id":"https:\/\/www.pressenza.com\/it\/2018\/07\/solo-per-coraggiosi-che-sta-facendo-il-governo-del-cambiamento\/#breadcrumb","itemListElement":[{"@type":"ListItem","position":1,"name":"Accueil","item":"https:\/\/www.pressenza.com\/it\/"},{"@type":"ListItem","position":2,"name":"Solo per coraggiosi! Che sta facendo il governo del cambiamento?"}]},{"@type":"WebSite","@id":"https:\/\/www.pressenza.com\/it\/#website","url":"https:\/\/www.pressenza.com\/it\/","name":"Pressenza","description":"Agenzia di Stampa Internazionale","publisher":{"@id":"https:\/\/www.pressenza.com\/it\/#organization"},"potentialAction":[{"@type":"SearchAction","target":{"@type":"EntryPoint","urlTemplate":"https:\/\/www.pressenza.com\/it\/?s={search_term_string}"},"query-input":{"@type":"PropertyValueSpecification","valueRequired":true,"valueName":"search_term_string"}}],"inLanguage":"it-IT"},{"@type":"Organization","@id":"https:\/\/www.pressenza.com\/it\/#organization","name":"Pressenza","url":"https:\/\/www.pressenza.com\/it\/","logo":{"@type":"ImageObject","inLanguage":"it-IT","@id":"https:\/\/www.pressenza.com\/it\/#\/schema\/logo\/image\/","url":"https:\/\/www.pressenza.com\/wp-content\/uploads\/2022\/10\/pressenza_logo_200x200.jpg","contentUrl":"https:\/\/www.pressenza.com\/wp-content\/uploads\/2022\/10\/pressenza_logo_200x200.jpg","width":200,"height":200,"caption":"Pressenza"},"image":{"@id":"https:\/\/www.pressenza.com\/it\/#\/schema\/logo\/image\/"},"sameAs":["https:\/\/www.facebook.com\/PressenzaItalia","https:\/\/x.com\/PressenzaIPA"]},{"@type":"Person","@id":"https:\/\/www.pressenza.com\/it\/#\/schema\/person\/d82b464065b17ccca8a55d1e444cceeb","name":"Potere Al Popolo","url":"https:\/\/www.pressenza.com\/it\/author\/potere-al-popolo\/"}]}},"place":"","original_article_url":"","_links":{"self":[{"href":"https:\/\/www.pressenza.com\/it\/wp-json\/wp\/v2\/posts\/683417","targetHints":{"allow":["GET"]}}],"collection":[{"href":"https:\/\/www.pressenza.com\/it\/wp-json\/wp\/v2\/posts"}],"about":[{"href":"https:\/\/www.pressenza.com\/it\/wp-json\/wp\/v2\/types\/post"}],"author":[{"embeddable":true,"href":"https:\/\/www.pressenza.com\/it\/wp-json\/wp\/v2\/users\/1515"}],"replies":[{"embeddable":true,"href":"https:\/\/www.pressenza.com\/it\/wp-json\/wp\/v2\/comments?post=683417"}],"version-history":[{"count":0,"href":"https:\/\/www.pressenza.com\/it\/wp-json\/wp\/v2\/posts\/683417\/revisions"}],"wp:featuredmedia":[{"embeddable":true,"href":"https:\/\/www.pressenza.com\/it\/wp-json\/wp\/v2\/media\/683427"}],"wp:attachment":[{"href":"https:\/\/www.pressenza.com\/it\/wp-json\/wp\/v2\/media?parent=683417"}],"wp:term":[{"taxonomy":"category","embeddable":true,"href":"https:\/\/www.pressenza.com\/it\/wp-json\/wp\/v2\/categories?post=683417"},{"taxonomy":"post_tag","embeddable":true,"href":"https:\/\/www.pressenza.com\/it\/wp-json\/wp\/v2\/tags?post=683417"}],"curies":[{"name":"wp","href":"https:\/\/api.w.org\/{rel}","templated":true}]}}