{"id":682803,"date":"2018-07-26T10:17:43","date_gmt":"2018-07-26T09:17:43","guid":{"rendered":"https:\/\/www.pressenza.com\/?p=682803"},"modified":"2018-07-26T10:17:43","modified_gmt":"2018-07-26T09:17:43","slug":"comunicato-stampa-cic-e-ari-la-decisione-della-corte-di-giustizia-dellunione-europea-sui-nuovi-ogm-riconosce-le-ragioni-dei-contadini-e-dei-consumatori","status":"publish","type":"post","link":"https:\/\/www.pressenza.com\/it\/2018\/07\/comunicato-stampa-cic-e-ari-la-decisione-della-corte-di-giustizia-dellunione-europea-sui-nuovi-ogm-riconosce-le-ragioni-dei-contadini-e-dei-consumatori\/","title":{"rendered":"Comunicato Stampa CIC e ARI: La decisione della Corte di giustizia dell\u2019Unione Europea sui nuovi Ogm riconosce le ragioni dei contadini e dei consumatori"},"content":{"rendered":"<p style=\"text-align: right;\"><a href=\"https:\/\/www.pressenza.com\/wp-content\/uploads\/2018\/07\/CS-decisione-Corte-di-giustizia-ogm-DEF.pdf\">Qui \u00e8 possibile scaricare il file PDF del comunicato stampa del Centro Internazionale Crocecevia (CIC) e di Associazione Rurale Italiana (ARI)<\/a><\/p>\n<p>&nbsp;<\/p>\n<p><em>Roma, 25\/07\/18<\/em><\/p>\n<p>Oggi la Corte di giustizia dell\u2019Unione Europea ha emesso l\u2019attesa sentenza sulla natura giuridica dei nuovi Ogm: gli organismi prodotti con le nuove tecniche di mutagenesi non possono essere esclusi dal rispetto della legislazione Ogm vigente in Europa e, a maggior ragione, dalla legislazione vigente in Italia.<\/p>\n<p>Rendiamo omaggio alla <em>Conf\u00e9d\u00e9ration Paysanne<\/em> e alle organizzazioni sociali francesi che hanno avvitato il processo che ha portato a questa decisione.<\/p>\n<p>&nbsp;<\/p>\n<p>Secondo la Corte la direttiva sugli Ogm si applica ugualmente anche agli organismi ottenuti con tecniche di mutagenesi utilizzate in periodi posteriori alla sua stessa adozione.<\/p>\n<p>\u201cLa decisione della Corte ha carattere fondante\u201d, dichiara Antonio Onorati, membro del comitato di coordinamento di ECVC (membro di ARI e del coordinamento europeo ECVC). Niente di pi\u00f9 chiaro: \u201c<em>di conseguenza le variet\u00e0 ottenute per mezzo di tecniche e metodi di mutagenesi\u2026 devono ugualmente esser considerate come inquadrate nella nozione di \u201cvariet\u00e0 geneticamente modificate<\/em>\u201d (decisione della Corte); sappiamo ora chiaramente quello che gli stati devono fare in questo ambito: applicare la legge. Questo richiede che il governo italiano riveda totalmente il decreto ministeriale recante l\u2019approvazione del <em>piano di ricerca straordinario\u2026 per lo sviluppo\u2026 delle biotecnologie e della bioinformatica\u2026 predisposto dal CREA<\/em>\u201d.<\/p>\n<p>Ramona Duminicioiu, membro del comitato di coordinamento ECVC aggiunge: \u201ccon questa decisione le industrie biotecnologiche non potranno pi\u00f9 sostenere che le NBT \u201cfanno le stesse cose che la natura\u201d ne potranno pi\u00f9 tentare di raggirare contadini e consumatori\u201d.<\/p>\n<p>&nbsp;<\/p>\n<p>Riordiamo ancora una volta che la transgenesi o altre tecniche (genoma editing, etc.\u2026) provocano un numero rilevante di modificazioni genetiche impreviste (off target) che, come studi recenti hanno dimostrato, possono provocare danni irreparabili all\u2019agricoltura, all\u2019ambiente e alla salute, come ci ricorda Guy Kastler, membro del gruppo di lavoro sulle sementi di ECVC.<\/p>\n<p>Continua Guy Kastler: La Corte \u00e8 stata estremamente chiara \u201c\u2026<em>questo non \u00e8 il caso<\/em>\u2026\u201d per cui questi organismi ottenuti possano essere esclusi dal campo d\u2019applicazione della direttiva sugli OGM.<\/p>\n<p>&nbsp;<\/p>\n<p>Noi, ed insieme a noi le organizzazioni di consumatori e la societ\u00e0 civile non possono che ritenersi soddisfatti per i contenuti di questa decisione che sottolinea il rispetto del principio di precauzione, un principio fondamentale dell\u2019Unione Europea.<\/p>\n<p>Continueremo, insieme alle tante organizzazioni italiane che in questi anni hanno espresso la loro opposizione ad un\u2019agricoltura e ad un cibo transgenico, a monitorare l\u2019applicazione della legislazione vigente e le decisioni del governo relative agli investimenti pubblici per la ricerca agricola \u2013 con buona pace della Senatrice Cattaneo &#8211; \u00a0oltre che le modalit\u00e0 di sperimentazione e le misure di biosicurezza \u00a0dei laboratori in cui queste sperimentazioni avvengono.<\/p>\n<p>Chiediamo, inoltre, \u00a0di essere consultati nel processo di riforma del quadro nazionale normativo per le sementi per poter adeguare la legge sementiera nazionale alla decisione odierna della Corte.<\/p>\n<p>&nbsp;<\/p>\n<p>&nbsp;<\/p>\n<p>&nbsp;<\/p>\n","protected":false},"excerpt":{"rendered":"<p>Qui \u00e8 possibile scaricare il file PDF del comunicato stampa del Centro Internazionale Crocecevia (CIC) e di Associazione Rurale Italiana (ARI) &nbsp; Roma, 25\/07\/18 Oggi la Corte di giustizia dell\u2019Unione Europea ha emesso l\u2019attesa sentenza sulla natura giuridica dei nuovi&hellip;<\/p>\n","protected":false},"author":1545,"featured_media":682823,"comment_status":"closed","ping_status":"closed","sticky":false,"template":"","format":"standard","meta":{"footnotes":""},"categories":[150,59,47],"tags":[225,48366,48367,48369,48368,32933,2344],"class_list":["post-682803","post","type-post","status-publish","format-standard","has-post-thumbnail","hentry","category-comunicati-stampa","category-ambiente-ecologia","category-europa","tag-ambiente","tag-ari","tag-centro-internazionale-crocevia","tag-cgue","tag-confederation-paysanne","tag-corte-di-giustizia-europea","tag-ogm-it"],"yoast_head":"<!-- This site is optimized with the Yoast SEO plugin v27.1.1 - https:\/\/yoast.com\/product\/yoast-seo-wordpress\/ -->\n<title>Comunicato Stampa CIC e ARI: La decisione della Corte di giustizia dell\u2019Unione Europea sui nuovi Ogm riconosce le ragioni dei contadini e dei consumatori<\/title>\n<meta name=\"description\" content=\"Qui \u00e8 possibile scaricare il file PDF del comunicato stampa del Centro Internazionale Crocecevia (CIC) e di Associazione Rurale Italiana (ARI) &nbsp;\" \/>\n<meta name=\"robots\" content=\"index, follow, max-snippet:-1, max-image-preview:large, max-video-preview:-1\" \/>\n<link rel=\"canonical\" href=\"https:\/\/www.pressenza.com\/it\/2018\/07\/comunicato-stampa-cic-e-ari-la-decisione-della-corte-di-giustizia-dellunione-europea-sui-nuovi-ogm-riconosce-le-ragioni-dei-contadini-e-dei-consumatori\/\" \/>\n<meta property=\"og:locale\" content=\"it_IT\" \/>\n<meta property=\"og:type\" content=\"article\" \/>\n<meta property=\"og:title\" content=\"Comunicato Stampa CIC e ARI: La decisione della Corte di giustizia dell\u2019Unione Europea sui nuovi Ogm riconosce le ragioni dei contadini e dei consumatori\" \/>\n<meta property=\"og:description\" content=\"Qui \u00e8 possibile scaricare il file PDF del comunicato stampa del Centro Internazionale Crocecevia (CIC) e di Associazione Rurale Italiana (ARI) &nbsp;\" \/>\n<meta property=\"og:url\" content=\"https:\/\/www.pressenza.com\/it\/2018\/07\/comunicato-stampa-cic-e-ari-la-decisione-della-corte-di-giustizia-dellunione-europea-sui-nuovi-ogm-riconosce-le-ragioni-dei-contadini-e-dei-consumatori\/\" \/>\n<meta property=\"og:site_name\" content=\"Pressenza\" \/>\n<meta property=\"article:publisher\" content=\"https:\/\/www.facebook.com\/PressenzaItalia\" \/>\n<meta property=\"article:published_time\" content=\"2018-07-26T09:17:43+00:00\" \/>\n<meta property=\"og:image\" content=\"https:\/\/www.pressenza.com\/wp-content\/uploads\/2018\/07\/no-gmos.jpg\" \/>\n\t<meta property=\"og:image:width\" content=\"720\" \/>\n\t<meta property=\"og:image:height\" content=\"480\" \/>\n\t<meta property=\"og:image:type\" content=\"image\/jpeg\" \/>\n<meta name=\"author\" content=\"Centro Internazionale Crocevia\" \/>\n<meta name=\"twitter:card\" content=\"summary_large_image\" \/>\n<meta name=\"twitter:creator\" content=\"@PressenzaIPA\" \/>\n<meta name=\"twitter:site\" content=\"@PressenzaIPA\" \/>\n<meta name=\"twitter:label1\" content=\"Scritto da\" \/>\n\t<meta name=\"twitter:data1\" content=\"Centro Internazionale Crocevia\" \/>\n\t<meta name=\"twitter:label2\" content=\"Tempo di lettura stimato\" \/>\n\t<meta name=\"twitter:data2\" content=\"2 minuti\" \/>\n<script type=\"application\/ld+json\" class=\"yoast-schema-graph\">{\"@context\":\"https:\/\/schema.org\",\"@graph\":[{\"@type\":\"Article\",\"@id\":\"https:\/\/www.pressenza.com\/it\/2018\/07\/comunicato-stampa-cic-e-ari-la-decisione-della-corte-di-giustizia-dellunione-europea-sui-nuovi-ogm-riconosce-le-ragioni-dei-contadini-e-dei-consumatori\/#article\",\"isPartOf\":{\"@id\":\"https:\/\/www.pressenza.com\/it\/2018\/07\/comunicato-stampa-cic-e-ari-la-decisione-della-corte-di-giustizia-dellunione-europea-sui-nuovi-ogm-riconosce-le-ragioni-dei-contadini-e-dei-consumatori\/\"},\"author\":{\"name\":\"Centro Internazionale Crocevia\",\"@id\":\"https:\/\/www.pressenza.com\/it\/#\/schema\/person\/80a5fd148a9dd3efee56525f8d2eb145\"},\"headline\":\"Comunicato Stampa CIC e ARI: La decisione della Corte di giustizia dell\u2019Unione Europea sui nuovi Ogm riconosce le ragioni dei contadini e dei consumatori\",\"datePublished\":\"2018-07-26T09:17:43+00:00\",\"mainEntityOfPage\":{\"@id\":\"https:\/\/www.pressenza.com\/it\/2018\/07\/comunicato-stampa-cic-e-ari-la-decisione-della-corte-di-giustizia-dellunione-europea-sui-nuovi-ogm-riconosce-le-ragioni-dei-contadini-e-dei-consumatori\/\"},\"wordCount\":507,\"publisher\":{\"@id\":\"https:\/\/www.pressenza.com\/it\/#organization\"},\"image\":{\"@id\":\"https:\/\/www.pressenza.com\/it\/2018\/07\/comunicato-stampa-cic-e-ari-la-decisione-della-corte-di-giustizia-dellunione-europea-sui-nuovi-ogm-riconosce-le-ragioni-dei-contadini-e-dei-consumatori\/#primaryimage\"},\"thumbnailUrl\":\"https:\/\/www.pressenza.com\/wp-content\/uploads\/2018\/07\/no-gmos.jpg\",\"keywords\":[\"ambiente\",\"ARI\",\"Centro Internazionale Crocevia\",\"CGUE\",\"Conf\u00e9d\u00e9ration Paysanne\",\"Corte di Giustizia Europea\",\"OGM\"],\"articleSection\":[\"Comunicati Stampa\",\"Ecologia ed Ambiente\",\"Europa\"],\"inLanguage\":\"it-IT\"},{\"@type\":\"WebPage\",\"@id\":\"https:\/\/www.pressenza.com\/it\/2018\/07\/comunicato-stampa-cic-e-ari-la-decisione-della-corte-di-giustizia-dellunione-europea-sui-nuovi-ogm-riconosce-le-ragioni-dei-contadini-e-dei-consumatori\/\",\"url\":\"https:\/\/www.pressenza.com\/it\/2018\/07\/comunicato-stampa-cic-e-ari-la-decisione-della-corte-di-giustizia-dellunione-europea-sui-nuovi-ogm-riconosce-le-ragioni-dei-contadini-e-dei-consumatori\/\",\"name\":\"Comunicato Stampa CIC e ARI: La decisione della Corte di giustizia dell\u2019Unione Europea sui nuovi Ogm riconosce le ragioni dei contadini e dei consumatori\",\"isPartOf\":{\"@id\":\"https:\/\/www.pressenza.com\/it\/#website\"},\"primaryImageOfPage\":{\"@id\":\"https:\/\/www.pressenza.com\/it\/2018\/07\/comunicato-stampa-cic-e-ari-la-decisione-della-corte-di-giustizia-dellunione-europea-sui-nuovi-ogm-riconosce-le-ragioni-dei-contadini-e-dei-consumatori\/#primaryimage\"},\"image\":{\"@id\":\"https:\/\/www.pressenza.com\/it\/2018\/07\/comunicato-stampa-cic-e-ari-la-decisione-della-corte-di-giustizia-dellunione-europea-sui-nuovi-ogm-riconosce-le-ragioni-dei-contadini-e-dei-consumatori\/#primaryimage\"},\"thumbnailUrl\":\"https:\/\/www.pressenza.com\/wp-content\/uploads\/2018\/07\/no-gmos.jpg\",\"datePublished\":\"2018-07-26T09:17:43+00:00\",\"description\":\"Qui \u00e8 possibile scaricare il file PDF del comunicato stampa del Centro Internazionale Crocecevia (CIC) e di Associazione Rurale Italiana (ARI) &nbsp;\",\"breadcrumb\":{\"@id\":\"https:\/\/www.pressenza.com\/it\/2018\/07\/comunicato-stampa-cic-e-ari-la-decisione-della-corte-di-giustizia-dellunione-europea-sui-nuovi-ogm-riconosce-le-ragioni-dei-contadini-e-dei-consumatori\/#breadcrumb\"},\"inLanguage\":\"it-IT\",\"potentialAction\":[{\"@type\":\"ReadAction\",\"target\":[\"https:\/\/www.pressenza.com\/it\/2018\/07\/comunicato-stampa-cic-e-ari-la-decisione-della-corte-di-giustizia-dellunione-europea-sui-nuovi-ogm-riconosce-le-ragioni-dei-contadini-e-dei-consumatori\/\"]}]},{\"@type\":\"ImageObject\",\"inLanguage\":\"it-IT\",\"@id\":\"https:\/\/www.pressenza.com\/it\/2018\/07\/comunicato-stampa-cic-e-ari-la-decisione-della-corte-di-giustizia-dellunione-europea-sui-nuovi-ogm-riconosce-le-ragioni-dei-contadini-e-dei-consumatori\/#primaryimage\",\"url\":\"https:\/\/www.pressenza.com\/wp-content\/uploads\/2018\/07\/no-gmos.jpg\",\"contentUrl\":\"https:\/\/www.pressenza.com\/wp-content\/uploads\/2018\/07\/no-gmos.jpg\",\"width\":720,\"height\":480},{\"@type\":\"BreadcrumbList\",\"@id\":\"https:\/\/www.pressenza.com\/it\/2018\/07\/comunicato-stampa-cic-e-ari-la-decisione-della-corte-di-giustizia-dellunione-europea-sui-nuovi-ogm-riconosce-le-ragioni-dei-contadini-e-dei-consumatori\/#breadcrumb\",\"itemListElement\":[{\"@type\":\"ListItem\",\"position\":1,\"name\":\"Accueil\",\"item\":\"https:\/\/www.pressenza.com\/it\/\"},{\"@type\":\"ListItem\",\"position\":2,\"name\":\"Comunicato Stampa CIC e ARI: La decisione della Corte di giustizia dell\u2019Unione Europea sui nuovi Ogm riconosce le ragioni dei contadini e dei consumatori\"}]},{\"@type\":\"WebSite\",\"@id\":\"https:\/\/www.pressenza.com\/it\/#website\",\"url\":\"https:\/\/www.pressenza.com\/it\/\",\"name\":\"Pressenza\",\"description\":\"Agenzia di Stampa Internazionale\",\"publisher\":{\"@id\":\"https:\/\/www.pressenza.com\/it\/#organization\"},\"potentialAction\":[{\"@type\":\"SearchAction\",\"target\":{\"@type\":\"EntryPoint\",\"urlTemplate\":\"https:\/\/www.pressenza.com\/it\/?s={search_term_string}\"},\"query-input\":{\"@type\":\"PropertyValueSpecification\",\"valueRequired\":true,\"valueName\":\"search_term_string\"}}],\"inLanguage\":\"it-IT\"},{\"@type\":\"Organization\",\"@id\":\"https:\/\/www.pressenza.com\/it\/#organization\",\"name\":\"Pressenza\",\"url\":\"https:\/\/www.pressenza.com\/it\/\",\"logo\":{\"@type\":\"ImageObject\",\"inLanguage\":\"it-IT\",\"@id\":\"https:\/\/www.pressenza.com\/it\/#\/schema\/logo\/image\/\",\"url\":\"https:\/\/www.pressenza.com\/wp-content\/uploads\/2022\/10\/pressenza_logo_200x200.jpg\",\"contentUrl\":\"https:\/\/www.pressenza.com\/wp-content\/uploads\/2022\/10\/pressenza_logo_200x200.jpg\",\"width\":200,\"height\":200,\"caption\":\"Pressenza\"},\"image\":{\"@id\":\"https:\/\/www.pressenza.com\/it\/#\/schema\/logo\/image\/\"},\"sameAs\":[\"https:\/\/www.facebook.com\/PressenzaItalia\",\"https:\/\/x.com\/PressenzaIPA\"]},{\"@type\":\"Person\",\"@id\":\"https:\/\/www.pressenza.com\/it\/#\/schema\/person\/80a5fd148a9dd3efee56525f8d2eb145\",\"name\":\"Centro Internazionale Crocevia\",\"description\":\"Centro Internazionale Crocevia ONLUS \u00e8 una ONG di Roma da 60 anni impegnata nell\u2019ambito Cooperazione Internazionale e della Solidariet\u00e0 senza fini di lucro; nata nel 1958 e riconosciuta Ente Morale nel 196 Crocevia lavora insieme alle comunit\u00e0 locali nei settori dell\u2019educazione, della comunicazione e dell\u2019agricoltura, promuovendo e realizzando progetti di cooperazione internazionale in Medio Oriente, Asia, Africa e America Latina. I \u201cprogetti\u201d ed i programmi di sviluppo agricolo e rurale, di informazione, educazione, comunicazione e messa in rete di attori sociali, movimenti ed esperienze basano le attivit\u00e0 sul protagonismo delle associazioni e comunit\u00e0 locali coinvolte che gestiscono poi in modo autonomo le attivit\u00e0 avviate.\",\"sameAs\":[\"http:\/\/www.croceviaterra.it\/\"],\"url\":\"https:\/\/www.pressenza.com\/it\/author\/centro-internazionale-crocevia\/\"}]}<\/script>\n<!-- \/ Yoast SEO plugin. -->","yoast_head_json":{"title":"Comunicato Stampa CIC e ARI: La decisione della Corte di giustizia dell\u2019Unione Europea sui nuovi Ogm riconosce le ragioni dei contadini e dei consumatori","description":"Qui \u00e8 possibile scaricare il file PDF del comunicato stampa del Centro Internazionale Crocecevia (CIC) e di Associazione Rurale Italiana (ARI) &nbsp;","robots":{"index":"index","follow":"follow","max-snippet":"max-snippet:-1","max-image-preview":"max-image-preview:large","max-video-preview":"max-video-preview:-1"},"canonical":"https:\/\/www.pressenza.com\/it\/2018\/07\/comunicato-stampa-cic-e-ari-la-decisione-della-corte-di-giustizia-dellunione-europea-sui-nuovi-ogm-riconosce-le-ragioni-dei-contadini-e-dei-consumatori\/","og_locale":"it_IT","og_type":"article","og_title":"Comunicato Stampa CIC e ARI: La decisione della Corte di giustizia dell\u2019Unione Europea sui nuovi Ogm riconosce le ragioni dei contadini e dei consumatori","og_description":"Qui \u00e8 possibile scaricare il file PDF del comunicato stampa del Centro Internazionale Crocecevia (CIC) e di Associazione Rurale Italiana (ARI) &nbsp;","og_url":"https:\/\/www.pressenza.com\/it\/2018\/07\/comunicato-stampa-cic-e-ari-la-decisione-della-corte-di-giustizia-dellunione-europea-sui-nuovi-ogm-riconosce-le-ragioni-dei-contadini-e-dei-consumatori\/","og_site_name":"Pressenza","article_publisher":"https:\/\/www.facebook.com\/PressenzaItalia","article_published_time":"2018-07-26T09:17:43+00:00","og_image":[{"width":720,"height":480,"url":"https:\/\/www.pressenza.com\/wp-content\/uploads\/2018\/07\/no-gmos.jpg","type":"image\/jpeg"}],"author":"Centro Internazionale Crocevia","twitter_card":"summary_large_image","twitter_creator":"@PressenzaIPA","twitter_site":"@PressenzaIPA","twitter_misc":{"Scritto da":"Centro Internazionale Crocevia","Tempo di lettura stimato":"2 minuti"},"schema":{"@context":"https:\/\/schema.org","@graph":[{"@type":"Article","@id":"https:\/\/www.pressenza.com\/it\/2018\/07\/comunicato-stampa-cic-e-ari-la-decisione-della-corte-di-giustizia-dellunione-europea-sui-nuovi-ogm-riconosce-le-ragioni-dei-contadini-e-dei-consumatori\/#article","isPartOf":{"@id":"https:\/\/www.pressenza.com\/it\/2018\/07\/comunicato-stampa-cic-e-ari-la-decisione-della-corte-di-giustizia-dellunione-europea-sui-nuovi-ogm-riconosce-le-ragioni-dei-contadini-e-dei-consumatori\/"},"author":{"name":"Centro Internazionale Crocevia","@id":"https:\/\/www.pressenza.com\/it\/#\/schema\/person\/80a5fd148a9dd3efee56525f8d2eb145"},"headline":"Comunicato Stampa CIC e ARI: La decisione della Corte di giustizia dell\u2019Unione Europea sui nuovi Ogm riconosce le ragioni dei contadini e dei consumatori","datePublished":"2018-07-26T09:17:43+00:00","mainEntityOfPage":{"@id":"https:\/\/www.pressenza.com\/it\/2018\/07\/comunicato-stampa-cic-e-ari-la-decisione-della-corte-di-giustizia-dellunione-europea-sui-nuovi-ogm-riconosce-le-ragioni-dei-contadini-e-dei-consumatori\/"},"wordCount":507,"publisher":{"@id":"https:\/\/www.pressenza.com\/it\/#organization"},"image":{"@id":"https:\/\/www.pressenza.com\/it\/2018\/07\/comunicato-stampa-cic-e-ari-la-decisione-della-corte-di-giustizia-dellunione-europea-sui-nuovi-ogm-riconosce-le-ragioni-dei-contadini-e-dei-consumatori\/#primaryimage"},"thumbnailUrl":"https:\/\/www.pressenza.com\/wp-content\/uploads\/2018\/07\/no-gmos.jpg","keywords":["ambiente","ARI","Centro Internazionale Crocevia","CGUE","Conf\u00e9d\u00e9ration Paysanne","Corte di Giustizia Europea","OGM"],"articleSection":["Comunicati Stampa","Ecologia ed Ambiente","Europa"],"inLanguage":"it-IT"},{"@type":"WebPage","@id":"https:\/\/www.pressenza.com\/it\/2018\/07\/comunicato-stampa-cic-e-ari-la-decisione-della-corte-di-giustizia-dellunione-europea-sui-nuovi-ogm-riconosce-le-ragioni-dei-contadini-e-dei-consumatori\/","url":"https:\/\/www.pressenza.com\/it\/2018\/07\/comunicato-stampa-cic-e-ari-la-decisione-della-corte-di-giustizia-dellunione-europea-sui-nuovi-ogm-riconosce-le-ragioni-dei-contadini-e-dei-consumatori\/","name":"Comunicato Stampa CIC e ARI: La decisione della Corte di giustizia dell\u2019Unione Europea sui nuovi Ogm riconosce le ragioni dei contadini e dei consumatori","isPartOf":{"@id":"https:\/\/www.pressenza.com\/it\/#website"},"primaryImageOfPage":{"@id":"https:\/\/www.pressenza.com\/it\/2018\/07\/comunicato-stampa-cic-e-ari-la-decisione-della-corte-di-giustizia-dellunione-europea-sui-nuovi-ogm-riconosce-le-ragioni-dei-contadini-e-dei-consumatori\/#primaryimage"},"image":{"@id":"https:\/\/www.pressenza.com\/it\/2018\/07\/comunicato-stampa-cic-e-ari-la-decisione-della-corte-di-giustizia-dellunione-europea-sui-nuovi-ogm-riconosce-le-ragioni-dei-contadini-e-dei-consumatori\/#primaryimage"},"thumbnailUrl":"https:\/\/www.pressenza.com\/wp-content\/uploads\/2018\/07\/no-gmos.jpg","datePublished":"2018-07-26T09:17:43+00:00","description":"Qui \u00e8 possibile scaricare il file PDF del comunicato stampa del Centro Internazionale Crocecevia (CIC) e di Associazione Rurale Italiana (ARI) &nbsp;","breadcrumb":{"@id":"https:\/\/www.pressenza.com\/it\/2018\/07\/comunicato-stampa-cic-e-ari-la-decisione-della-corte-di-giustizia-dellunione-europea-sui-nuovi-ogm-riconosce-le-ragioni-dei-contadini-e-dei-consumatori\/#breadcrumb"},"inLanguage":"it-IT","potentialAction":[{"@type":"ReadAction","target":["https:\/\/www.pressenza.com\/it\/2018\/07\/comunicato-stampa-cic-e-ari-la-decisione-della-corte-di-giustizia-dellunione-europea-sui-nuovi-ogm-riconosce-le-ragioni-dei-contadini-e-dei-consumatori\/"]}]},{"@type":"ImageObject","inLanguage":"it-IT","@id":"https:\/\/www.pressenza.com\/it\/2018\/07\/comunicato-stampa-cic-e-ari-la-decisione-della-corte-di-giustizia-dellunione-europea-sui-nuovi-ogm-riconosce-le-ragioni-dei-contadini-e-dei-consumatori\/#primaryimage","url":"https:\/\/www.pressenza.com\/wp-content\/uploads\/2018\/07\/no-gmos.jpg","contentUrl":"https:\/\/www.pressenza.com\/wp-content\/uploads\/2018\/07\/no-gmos.jpg","width":720,"height":480},{"@type":"BreadcrumbList","@id":"https:\/\/www.pressenza.com\/it\/2018\/07\/comunicato-stampa-cic-e-ari-la-decisione-della-corte-di-giustizia-dellunione-europea-sui-nuovi-ogm-riconosce-le-ragioni-dei-contadini-e-dei-consumatori\/#breadcrumb","itemListElement":[{"@type":"ListItem","position":1,"name":"Accueil","item":"https:\/\/www.pressenza.com\/it\/"},{"@type":"ListItem","position":2,"name":"Comunicato Stampa CIC e ARI: La decisione della Corte di giustizia dell\u2019Unione Europea sui nuovi Ogm riconosce le ragioni dei contadini e dei consumatori"}]},{"@type":"WebSite","@id":"https:\/\/www.pressenza.com\/it\/#website","url":"https:\/\/www.pressenza.com\/it\/","name":"Pressenza","description":"Agenzia di Stampa Internazionale","publisher":{"@id":"https:\/\/www.pressenza.com\/it\/#organization"},"potentialAction":[{"@type":"SearchAction","target":{"@type":"EntryPoint","urlTemplate":"https:\/\/www.pressenza.com\/it\/?s={search_term_string}"},"query-input":{"@type":"PropertyValueSpecification","valueRequired":true,"valueName":"search_term_string"}}],"inLanguage":"it-IT"},{"@type":"Organization","@id":"https:\/\/www.pressenza.com\/it\/#organization","name":"Pressenza","url":"https:\/\/www.pressenza.com\/it\/","logo":{"@type":"ImageObject","inLanguage":"it-IT","@id":"https:\/\/www.pressenza.com\/it\/#\/schema\/logo\/image\/","url":"https:\/\/www.pressenza.com\/wp-content\/uploads\/2022\/10\/pressenza_logo_200x200.jpg","contentUrl":"https:\/\/www.pressenza.com\/wp-content\/uploads\/2022\/10\/pressenza_logo_200x200.jpg","width":200,"height":200,"caption":"Pressenza"},"image":{"@id":"https:\/\/www.pressenza.com\/it\/#\/schema\/logo\/image\/"},"sameAs":["https:\/\/www.facebook.com\/PressenzaItalia","https:\/\/x.com\/PressenzaIPA"]},{"@type":"Person","@id":"https:\/\/www.pressenza.com\/it\/#\/schema\/person\/80a5fd148a9dd3efee56525f8d2eb145","name":"Centro Internazionale Crocevia","description":"Centro Internazionale Crocevia ONLUS \u00e8 una ONG di Roma da 60 anni impegnata nell\u2019ambito Cooperazione Internazionale e della Solidariet\u00e0 senza fini di lucro; nata nel 1958 e riconosciuta Ente Morale nel 196 Crocevia lavora insieme alle comunit\u00e0 locali nei settori dell\u2019educazione, della comunicazione e dell\u2019agricoltura, promuovendo e realizzando progetti di cooperazione internazionale in Medio Oriente, Asia, Africa e America Latina. I \u201cprogetti\u201d ed i programmi di sviluppo agricolo e rurale, di informazione, educazione, comunicazione e messa in rete di attori sociali, movimenti ed esperienze basano le attivit\u00e0 sul protagonismo delle associazioni e comunit\u00e0 locali coinvolte che gestiscono poi in modo autonomo le attivit\u00e0 avviate.","sameAs":["http:\/\/www.croceviaterra.it\/"],"url":"https:\/\/www.pressenza.com\/it\/author\/centro-internazionale-crocevia\/"}]}},"place":"Roma","original_article_url":"http:\/\/www.croceviaterra.it\/ogm\/comunicato-stampa-cic-e-ari-la-decisione-della-corte-di-giustizia-dellunione-europea-sui-nuovi-ogm-riconosce-le-ragioni-dei-contadini-e-dei-consumatori\/","_links":{"self":[{"href":"https:\/\/www.pressenza.com\/it\/wp-json\/wp\/v2\/posts\/682803","targetHints":{"allow":["GET"]}}],"collection":[{"href":"https:\/\/www.pressenza.com\/it\/wp-json\/wp\/v2\/posts"}],"about":[{"href":"https:\/\/www.pressenza.com\/it\/wp-json\/wp\/v2\/types\/post"}],"author":[{"embeddable":true,"href":"https:\/\/www.pressenza.com\/it\/wp-json\/wp\/v2\/users\/1545"}],"replies":[{"embeddable":true,"href":"https:\/\/www.pressenza.com\/it\/wp-json\/wp\/v2\/comments?post=682803"}],"version-history":[{"count":0,"href":"https:\/\/www.pressenza.com\/it\/wp-json\/wp\/v2\/posts\/682803\/revisions"}],"wp:featuredmedia":[{"embeddable":true,"href":"https:\/\/www.pressenza.com\/it\/wp-json\/wp\/v2\/media\/682823"}],"wp:attachment":[{"href":"https:\/\/www.pressenza.com\/it\/wp-json\/wp\/v2\/media?parent=682803"}],"wp:term":[{"taxonomy":"category","embeddable":true,"href":"https:\/\/www.pressenza.com\/it\/wp-json\/wp\/v2\/categories?post=682803"},{"taxonomy":"post_tag","embeddable":true,"href":"https:\/\/www.pressenza.com\/it\/wp-json\/wp\/v2\/tags?post=682803"}],"curies":[{"name":"wp","href":"https:\/\/api.w.org\/{rel}","templated":true}]}}