{"id":682216,"date":"2018-07-25T07:05:00","date_gmt":"2018-07-25T06:05:00","guid":{"rendered":"https:\/\/www.pressenza.com\/?p=682216"},"modified":"2018-07-25T07:07:35","modified_gmt":"2018-07-25T06:07:35","slug":"giulio-regeni-30-mesi-senza-la-verita","status":"publish","type":"post","link":"https:\/\/www.pressenza.com\/it\/2018\/07\/giulio-regeni-30-mesi-senza-la-verita\/","title":{"rendered":"Giulio Regeni, 30 mesi senza la verit\u00e0"},"content":{"rendered":"<p>Trenta mesi. Sono trascorsi 30 mesi dalla scomparsa al Cairo di Giulio Regeni. Una scomparsa che fu un vero e proprio sequestro di persona, seguito da una sparizione di nove giorni nei quali il ricercatore italiano venne selvaggiamente torturato a morte.<\/p>\n<p>Di ci\u00f2 che successe a Giulio quando usc\u00ec dalla sua abitazione cairota, nel tardo pomeriggio del 25 gennaio 2016, non ci sono testimonianze n\u00e9 immagini (quelle delle telecamere di sorveglianza, consegnate dopo oltre due anni dalla magistratura egiziana, sono risultate incomplete e piene di &#8220;buchi&#8221; proprio nell&#8217;intervallo temporale fondamentale).<\/p>\n<p>Ci sono, secondo la Procura di Roma, sospetti sulle responsabilit\u00e0 di funzionari dell&#8217;Agenzia per la sicurezza nazionale, i servizi civili alle dipendenze del Ministero dell&#8217;Interno, noti gi\u00e0 ai tempi di Mubarak (ma con altro nome) per eseguire sparizioni, torture e omicidi.<\/p>\n<p>Ci sono le ricerche dei coraggiosi difensori dei diritti umani egiziani e delle organizzazioni non governative internazionali sui Giulio e sulle Giulia d&#8217;Egitto che, prima e dopo l&#8217;assassinio del Giulio di Fiumicello, hanno conosciuto lo stesso destino: inghiottiti, gli uni e le altre, dal sistema repressivo delle agenzie di sicurezza egiziane.<\/p>\n<p>C&#8217;\u00e8 la tenacia con cui la magistratura egiziana ha depistato, ritardato, proposto scenari offensivi nei confronti di Giulio, inverosimili e cinici (come l&#8217;assassinio di cinque innocenti, componenti dell&#8217;inesistente banda dei sequestratori di stranieri inventata prima della Pasqua del 2016).<\/p>\n<p>Questo atteggiamento dilatorio delle autorit\u00e0 egiziane non sarebbe stato possibile senza l\u2019incoerente attenzione, usiamo questo eufemismo, delle autorit\u00e0 italiane.<\/p>\n<p>Proprio in questo periodo, un anno fa, era in pieno vigore la campagna per far tornare l&#8217;ambasciatore italiano al Cairo. La decisione sarebbe stata poi presa il 14 agosto, sulla base di un&#8217;affermazione falsa e di una prospettiva tutta da verificare: la prima, che la collaborazione della Procura egiziana con quella italiana stesse dando frutti positivi; la seconda, che la piena ripresa dei rapporti diplomatici (dopo il ritiro temporaneo dell&#8217;ambasciatore, deciso nell&#8217;aprile 2016) avrebbe favorito il raggiungimento della verit\u00e0.<\/p>\n<p>E siamo arrivati a oggi, a 30 mesi dal 25 gennaio 2016. Il nome di Giulio viene fatto, come fosse un obbligo o un modo per sentirsi a posto con la coscienza, in ogni incontro tra le autorit\u00e0 italiane e quelle egiziane. Ma a me pare che l&#8217;unico a farlo sinceramente sia il Presidente della Camera, Roberto Fico.<\/p>\n<p>I 30 mesi dalla sparizione di Giulio saranno ricordati oggi anche a Forio d&#8217;Ischia, presso il Molo Borbonico, a partire dalle 19.30.<\/p>\n<p>&nbsp;<\/p>\n","protected":false},"excerpt":{"rendered":"<p>Trenta mesi. Sono trascorsi 30 mesi dalla scomparsa al Cairo di Giulio Regeni. Una scomparsa che fu un vero e proprio sequestro di persona, seguito da una sparizione di nove giorni nei quali il ricercatore italiano venne selvaggiamente torturato a&hellip;<\/p>\n","protected":false},"author":1334,"featured_media":297582,"comment_status":"closed","ping_status":"closed","sticky":false,"template":"","format":"standard","meta":{"footnotes":""},"categories":[45,11388,60,47],"tags":[2827,23843,370,1119,44728],"class_list":["post-682216","post","type-post","status-publish","format-standard","has-post-thumbnail","hentry","category-africa-it","category-contenuti-originali","category-diritti-umani","category-europa","tag-egitto","tag-giulio-regeni","tag-italia","tag-repressione","tag-roberto-fico"],"yoast_head":"<!-- This site is optimized with the Yoast SEO plugin v27.1.1 - https:\/\/yoast.com\/product\/yoast-seo-wordpress\/ -->\n<title>Giulio Regeni, 30 mesi senza la verit\u00e0<\/title>\n<meta name=\"description\" content=\"Trenta mesi. Sono trascorsi 30 mesi dalla scomparsa al Cairo di Giulio Regeni. Una scomparsa che fu un vero e proprio sequestro di persona, seguito da una\" \/>\n<meta name=\"robots\" content=\"index, follow, max-snippet:-1, max-image-preview:large, max-video-preview:-1\" \/>\n<link rel=\"canonical\" href=\"https:\/\/www.pressenza.com\/it\/2018\/07\/giulio-regeni-30-mesi-senza-la-verita\/\" \/>\n<meta property=\"og:locale\" content=\"it_IT\" \/>\n<meta property=\"og:type\" content=\"article\" \/>\n<meta property=\"og:title\" content=\"Giulio Regeni, 30 mesi senza la verit\u00e0\" \/>\n<meta property=\"og:description\" content=\"Trenta mesi. Sono trascorsi 30 mesi dalla scomparsa al Cairo di Giulio Regeni. Una scomparsa che fu un vero e proprio sequestro di persona, seguito da una\" \/>\n<meta property=\"og:url\" content=\"https:\/\/www.pressenza.com\/it\/2018\/07\/giulio-regeni-30-mesi-senza-la-verita\/\" \/>\n<meta property=\"og:site_name\" content=\"Pressenza\" \/>\n<meta property=\"article:publisher\" content=\"https:\/\/www.facebook.com\/PressenzaItalia\" \/>\n<meta property=\"article:author\" content=\"https:\/\/www.facebook.com\/p\/Riccardo-Noury-100041166531808\/\" \/>\n<meta property=\"article:published_time\" content=\"2018-07-25T06:05:00+00:00\" \/>\n<meta property=\"article:modified_time\" content=\"2018-07-25T06:07:35+00:00\" \/>\n<meta property=\"og:image\" content=\"https:\/\/www.pressenza.com\/wp-content\/uploads\/2016\/04\/Verit\u00e0-x-Giulio-Regeni-Palazzo-Marino1.jpg\" \/>\n\t<meta property=\"og:image:width\" content=\"1200\" \/>\n\t<meta property=\"og:image:height\" content=\"798\" \/>\n\t<meta property=\"og:image:type\" content=\"image\/jpeg\" \/>\n<meta name=\"author\" content=\"Riccardo Noury\" \/>\n<meta name=\"twitter:card\" content=\"summary_large_image\" \/>\n<meta name=\"twitter:creator\" content=\"@riccardonoury\" \/>\n<meta name=\"twitter:site\" content=\"@PressenzaIPA\" \/>\n<meta name=\"twitter:label1\" content=\"Scritto da\" \/>\n\t<meta name=\"twitter:data1\" content=\"Riccardo Noury\" \/>\n\t<meta name=\"twitter:label2\" content=\"Tempo di lettura stimato\" \/>\n\t<meta name=\"twitter:data2\" content=\"2 minuti\" \/>\n<script type=\"application\/ld+json\" class=\"yoast-schema-graph\">{\"@context\":\"https:\/\/schema.org\",\"@graph\":[{\"@type\":\"Article\",\"@id\":\"https:\/\/www.pressenza.com\/it\/2018\/07\/giulio-regeni-30-mesi-senza-la-verita\/#article\",\"isPartOf\":{\"@id\":\"https:\/\/www.pressenza.com\/it\/2018\/07\/giulio-regeni-30-mesi-senza-la-verita\/\"},\"author\":{\"name\":\"Riccardo Noury\",\"@id\":\"https:\/\/www.pressenza.com\/it\/#\/schema\/person\/8f342cd59f9d5aae911255240684f81e\"},\"headline\":\"Giulio Regeni, 30 mesi senza la verit\u00e0\",\"datePublished\":\"2018-07-25T06:05:00+00:00\",\"dateModified\":\"2018-07-25T06:07:35+00:00\",\"mainEntityOfPage\":{\"@id\":\"https:\/\/www.pressenza.com\/it\/2018\/07\/giulio-regeni-30-mesi-senza-la-verita\/\"},\"wordCount\":409,\"publisher\":{\"@id\":\"https:\/\/www.pressenza.com\/it\/#organization\"},\"image\":{\"@id\":\"https:\/\/www.pressenza.com\/it\/2018\/07\/giulio-regeni-30-mesi-senza-la-verita\/#primaryimage\"},\"thumbnailUrl\":\"https:\/\/www.pressenza.com\/wp-content\/uploads\/2016\/04\/Verit\u00e0-x-Giulio-Regeni-Palazzo-Marino1.jpg\",\"keywords\":[\"Egitto\",\"Giulio Regeni\",\"Italia\",\"repressione\",\"Roberto Fico\"],\"articleSection\":[\"Africa\",\"contenuti originali\",\"Diritti Umani\",\"Europa\"],\"inLanguage\":\"it-IT\"},{\"@type\":\"WebPage\",\"@id\":\"https:\/\/www.pressenza.com\/it\/2018\/07\/giulio-regeni-30-mesi-senza-la-verita\/\",\"url\":\"https:\/\/www.pressenza.com\/it\/2018\/07\/giulio-regeni-30-mesi-senza-la-verita\/\",\"name\":\"Giulio Regeni, 30 mesi senza la verit\u00e0\",\"isPartOf\":{\"@id\":\"https:\/\/www.pressenza.com\/it\/#website\"},\"primaryImageOfPage\":{\"@id\":\"https:\/\/www.pressenza.com\/it\/2018\/07\/giulio-regeni-30-mesi-senza-la-verita\/#primaryimage\"},\"image\":{\"@id\":\"https:\/\/www.pressenza.com\/it\/2018\/07\/giulio-regeni-30-mesi-senza-la-verita\/#primaryimage\"},\"thumbnailUrl\":\"https:\/\/www.pressenza.com\/wp-content\/uploads\/2016\/04\/Verit\u00e0-x-Giulio-Regeni-Palazzo-Marino1.jpg\",\"datePublished\":\"2018-07-25T06:05:00+00:00\",\"dateModified\":\"2018-07-25T06:07:35+00:00\",\"description\":\"Trenta mesi. Sono trascorsi 30 mesi dalla scomparsa al Cairo di Giulio Regeni. Una scomparsa che fu un vero e proprio sequestro di persona, seguito da una\",\"breadcrumb\":{\"@id\":\"https:\/\/www.pressenza.com\/it\/2018\/07\/giulio-regeni-30-mesi-senza-la-verita\/#breadcrumb\"},\"inLanguage\":\"it-IT\",\"potentialAction\":[{\"@type\":\"ReadAction\",\"target\":[\"https:\/\/www.pressenza.com\/it\/2018\/07\/giulio-regeni-30-mesi-senza-la-verita\/\"]}]},{\"@type\":\"ImageObject\",\"inLanguage\":\"it-IT\",\"@id\":\"https:\/\/www.pressenza.com\/it\/2018\/07\/giulio-regeni-30-mesi-senza-la-verita\/#primaryimage\",\"url\":\"https:\/\/www.pressenza.com\/wp-content\/uploads\/2016\/04\/Verit\u00e0-x-Giulio-Regeni-Palazzo-Marino1.jpg\",\"contentUrl\":\"https:\/\/www.pressenza.com\/wp-content\/uploads\/2016\/04\/Verit\u00e0-x-Giulio-Regeni-Palazzo-Marino1.jpg\",\"width\":1200,\"height\":798,\"caption\":\"Giulio Regeni, non \u00e8 una \u201cstoria vecchia\u201d\"},{\"@type\":\"BreadcrumbList\",\"@id\":\"https:\/\/www.pressenza.com\/it\/2018\/07\/giulio-regeni-30-mesi-senza-la-verita\/#breadcrumb\",\"itemListElement\":[{\"@type\":\"ListItem\",\"position\":1,\"name\":\"Accueil\",\"item\":\"https:\/\/www.pressenza.com\/it\/\"},{\"@type\":\"ListItem\",\"position\":2,\"name\":\"Giulio Regeni, 30 mesi senza la verit\u00e0\"}]},{\"@type\":\"WebSite\",\"@id\":\"https:\/\/www.pressenza.com\/it\/#website\",\"url\":\"https:\/\/www.pressenza.com\/it\/\",\"name\":\"Pressenza\",\"description\":\"Agenzia di Stampa Internazionale\",\"publisher\":{\"@id\":\"https:\/\/www.pressenza.com\/it\/#organization\"},\"potentialAction\":[{\"@type\":\"SearchAction\",\"target\":{\"@type\":\"EntryPoint\",\"urlTemplate\":\"https:\/\/www.pressenza.com\/it\/?s={search_term_string}\"},\"query-input\":{\"@type\":\"PropertyValueSpecification\",\"valueRequired\":true,\"valueName\":\"search_term_string\"}}],\"inLanguage\":\"it-IT\"},{\"@type\":\"Organization\",\"@id\":\"https:\/\/www.pressenza.com\/it\/#organization\",\"name\":\"Pressenza\",\"url\":\"https:\/\/www.pressenza.com\/it\/\",\"logo\":{\"@type\":\"ImageObject\",\"inLanguage\":\"it-IT\",\"@id\":\"https:\/\/www.pressenza.com\/it\/#\/schema\/logo\/image\/\",\"url\":\"https:\/\/www.pressenza.com\/wp-content\/uploads\/2022\/10\/pressenza_logo_200x200.jpg\",\"contentUrl\":\"https:\/\/www.pressenza.com\/wp-content\/uploads\/2022\/10\/pressenza_logo_200x200.jpg\",\"width\":200,\"height\":200,\"caption\":\"Pressenza\"},\"image\":{\"@id\":\"https:\/\/www.pressenza.com\/it\/#\/schema\/logo\/image\/\"},\"sameAs\":[\"https:\/\/www.facebook.com\/PressenzaItalia\",\"https:\/\/x.com\/PressenzaIPA\"]},{\"@type\":\"Person\",\"@id\":\"https:\/\/www.pressenza.com\/it\/#\/schema\/person\/8f342cd59f9d5aae911255240684f81e\",\"name\":\"Riccardo Noury\",\"sameAs\":[\"http:\/\/www.amnesty.it\/\",\"https:\/\/www.facebook.com\/p\/Riccardo-Noury-100041166531808\/\",\"https:\/\/www.instagram.com\/riccardonoury9241\",\"https:\/\/x.com\/riccardonoury\"],\"url\":\"https:\/\/www.pressenza.com\/it\/author\/riccardo-noury\/\"}]}<\/script>\n<!-- \/ Yoast SEO plugin. -->","yoast_head_json":{"title":"Giulio Regeni, 30 mesi senza la verit\u00e0","description":"Trenta mesi. Sono trascorsi 30 mesi dalla scomparsa al Cairo di Giulio Regeni. Una scomparsa che fu un vero e proprio sequestro di persona, seguito da una","robots":{"index":"index","follow":"follow","max-snippet":"max-snippet:-1","max-image-preview":"max-image-preview:large","max-video-preview":"max-video-preview:-1"},"canonical":"https:\/\/www.pressenza.com\/it\/2018\/07\/giulio-regeni-30-mesi-senza-la-verita\/","og_locale":"it_IT","og_type":"article","og_title":"Giulio Regeni, 30 mesi senza la verit\u00e0","og_description":"Trenta mesi. Sono trascorsi 30 mesi dalla scomparsa al Cairo di Giulio Regeni. Una scomparsa che fu un vero e proprio sequestro di persona, seguito da una","og_url":"https:\/\/www.pressenza.com\/it\/2018\/07\/giulio-regeni-30-mesi-senza-la-verita\/","og_site_name":"Pressenza","article_publisher":"https:\/\/www.facebook.com\/PressenzaItalia","article_author":"https:\/\/www.facebook.com\/p\/Riccardo-Noury-100041166531808\/","article_published_time":"2018-07-25T06:05:00+00:00","article_modified_time":"2018-07-25T06:07:35+00:00","og_image":[{"width":1200,"height":798,"url":"https:\/\/www.pressenza.com\/wp-content\/uploads\/2016\/04\/Verit\u00e0-x-Giulio-Regeni-Palazzo-Marino1.jpg","type":"image\/jpeg"}],"author":"Riccardo Noury","twitter_card":"summary_large_image","twitter_creator":"@riccardonoury","twitter_site":"@PressenzaIPA","twitter_misc":{"Scritto da":"Riccardo Noury","Tempo di lettura stimato":"2 minuti"},"schema":{"@context":"https:\/\/schema.org","@graph":[{"@type":"Article","@id":"https:\/\/www.pressenza.com\/it\/2018\/07\/giulio-regeni-30-mesi-senza-la-verita\/#article","isPartOf":{"@id":"https:\/\/www.pressenza.com\/it\/2018\/07\/giulio-regeni-30-mesi-senza-la-verita\/"},"author":{"name":"Riccardo Noury","@id":"https:\/\/www.pressenza.com\/it\/#\/schema\/person\/8f342cd59f9d5aae911255240684f81e"},"headline":"Giulio Regeni, 30 mesi senza la verit\u00e0","datePublished":"2018-07-25T06:05:00+00:00","dateModified":"2018-07-25T06:07:35+00:00","mainEntityOfPage":{"@id":"https:\/\/www.pressenza.com\/it\/2018\/07\/giulio-regeni-30-mesi-senza-la-verita\/"},"wordCount":409,"publisher":{"@id":"https:\/\/www.pressenza.com\/it\/#organization"},"image":{"@id":"https:\/\/www.pressenza.com\/it\/2018\/07\/giulio-regeni-30-mesi-senza-la-verita\/#primaryimage"},"thumbnailUrl":"https:\/\/www.pressenza.com\/wp-content\/uploads\/2016\/04\/Verit\u00e0-x-Giulio-Regeni-Palazzo-Marino1.jpg","keywords":["Egitto","Giulio Regeni","Italia","repressione","Roberto Fico"],"articleSection":["Africa","contenuti originali","Diritti Umani","Europa"],"inLanguage":"it-IT"},{"@type":"WebPage","@id":"https:\/\/www.pressenza.com\/it\/2018\/07\/giulio-regeni-30-mesi-senza-la-verita\/","url":"https:\/\/www.pressenza.com\/it\/2018\/07\/giulio-regeni-30-mesi-senza-la-verita\/","name":"Giulio Regeni, 30 mesi senza la verit\u00e0","isPartOf":{"@id":"https:\/\/www.pressenza.com\/it\/#website"},"primaryImageOfPage":{"@id":"https:\/\/www.pressenza.com\/it\/2018\/07\/giulio-regeni-30-mesi-senza-la-verita\/#primaryimage"},"image":{"@id":"https:\/\/www.pressenza.com\/it\/2018\/07\/giulio-regeni-30-mesi-senza-la-verita\/#primaryimage"},"thumbnailUrl":"https:\/\/www.pressenza.com\/wp-content\/uploads\/2016\/04\/Verit\u00e0-x-Giulio-Regeni-Palazzo-Marino1.jpg","datePublished":"2018-07-25T06:05:00+00:00","dateModified":"2018-07-25T06:07:35+00:00","description":"Trenta mesi. Sono trascorsi 30 mesi dalla scomparsa al Cairo di Giulio Regeni. Una scomparsa che fu un vero e proprio sequestro di persona, seguito da una","breadcrumb":{"@id":"https:\/\/www.pressenza.com\/it\/2018\/07\/giulio-regeni-30-mesi-senza-la-verita\/#breadcrumb"},"inLanguage":"it-IT","potentialAction":[{"@type":"ReadAction","target":["https:\/\/www.pressenza.com\/it\/2018\/07\/giulio-regeni-30-mesi-senza-la-verita\/"]}]},{"@type":"ImageObject","inLanguage":"it-IT","@id":"https:\/\/www.pressenza.com\/it\/2018\/07\/giulio-regeni-30-mesi-senza-la-verita\/#primaryimage","url":"https:\/\/www.pressenza.com\/wp-content\/uploads\/2016\/04\/Verit\u00e0-x-Giulio-Regeni-Palazzo-Marino1.jpg","contentUrl":"https:\/\/www.pressenza.com\/wp-content\/uploads\/2016\/04\/Verit\u00e0-x-Giulio-Regeni-Palazzo-Marino1.jpg","width":1200,"height":798,"caption":"Giulio Regeni, non \u00e8 una \u201cstoria vecchia\u201d"},{"@type":"BreadcrumbList","@id":"https:\/\/www.pressenza.com\/it\/2018\/07\/giulio-regeni-30-mesi-senza-la-verita\/#breadcrumb","itemListElement":[{"@type":"ListItem","position":1,"name":"Accueil","item":"https:\/\/www.pressenza.com\/it\/"},{"@type":"ListItem","position":2,"name":"Giulio Regeni, 30 mesi senza la verit\u00e0"}]},{"@type":"WebSite","@id":"https:\/\/www.pressenza.com\/it\/#website","url":"https:\/\/www.pressenza.com\/it\/","name":"Pressenza","description":"Agenzia di Stampa Internazionale","publisher":{"@id":"https:\/\/www.pressenza.com\/it\/#organization"},"potentialAction":[{"@type":"SearchAction","target":{"@type":"EntryPoint","urlTemplate":"https:\/\/www.pressenza.com\/it\/?s={search_term_string}"},"query-input":{"@type":"PropertyValueSpecification","valueRequired":true,"valueName":"search_term_string"}}],"inLanguage":"it-IT"},{"@type":"Organization","@id":"https:\/\/www.pressenza.com\/it\/#organization","name":"Pressenza","url":"https:\/\/www.pressenza.com\/it\/","logo":{"@type":"ImageObject","inLanguage":"it-IT","@id":"https:\/\/www.pressenza.com\/it\/#\/schema\/logo\/image\/","url":"https:\/\/www.pressenza.com\/wp-content\/uploads\/2022\/10\/pressenza_logo_200x200.jpg","contentUrl":"https:\/\/www.pressenza.com\/wp-content\/uploads\/2022\/10\/pressenza_logo_200x200.jpg","width":200,"height":200,"caption":"Pressenza"},"image":{"@id":"https:\/\/www.pressenza.com\/it\/#\/schema\/logo\/image\/"},"sameAs":["https:\/\/www.facebook.com\/PressenzaItalia","https:\/\/x.com\/PressenzaIPA"]},{"@type":"Person","@id":"https:\/\/www.pressenza.com\/it\/#\/schema\/person\/8f342cd59f9d5aae911255240684f81e","name":"Riccardo Noury","sameAs":["http:\/\/www.amnesty.it\/","https:\/\/www.facebook.com\/p\/Riccardo-Noury-100041166531808\/","https:\/\/www.instagram.com\/riccardonoury9241","https:\/\/x.com\/riccardonoury"],"url":"https:\/\/www.pressenza.com\/it\/author\/riccardo-noury\/"}]}},"place":"","original_article_url":"","_links":{"self":[{"href":"https:\/\/www.pressenza.com\/it\/wp-json\/wp\/v2\/posts\/682216","targetHints":{"allow":["GET"]}}],"collection":[{"href":"https:\/\/www.pressenza.com\/it\/wp-json\/wp\/v2\/posts"}],"about":[{"href":"https:\/\/www.pressenza.com\/it\/wp-json\/wp\/v2\/types\/post"}],"author":[{"embeddable":true,"href":"https:\/\/www.pressenza.com\/it\/wp-json\/wp\/v2\/users\/1334"}],"replies":[{"embeddable":true,"href":"https:\/\/www.pressenza.com\/it\/wp-json\/wp\/v2\/comments?post=682216"}],"version-history":[{"count":0,"href":"https:\/\/www.pressenza.com\/it\/wp-json\/wp\/v2\/posts\/682216\/revisions"}],"wp:featuredmedia":[{"embeddable":true,"href":"https:\/\/www.pressenza.com\/it\/wp-json\/wp\/v2\/media\/297582"}],"wp:attachment":[{"href":"https:\/\/www.pressenza.com\/it\/wp-json\/wp\/v2\/media?parent=682216"}],"wp:term":[{"taxonomy":"category","embeddable":true,"href":"https:\/\/www.pressenza.com\/it\/wp-json\/wp\/v2\/categories?post=682216"},{"taxonomy":"post_tag","embeddable":true,"href":"https:\/\/www.pressenza.com\/it\/wp-json\/wp\/v2\/tags?post=682216"}],"curies":[{"name":"wp","href":"https:\/\/api.w.org\/{rel}","templated":true}]}}