{"id":680517,"date":"2018-07-21T14:32:26","date_gmt":"2018-07-21T13:32:26","guid":{"rendered":"https:\/\/www.pressenza.com\/?p=680517"},"modified":"2022-11-22T20:03:07","modified_gmt":"2022-11-22T20:03:07","slug":"africa-una-storia-da-riscoprire-6-il-regno-del-congo-la-regina-nzingha-e-la-lotta-contro-il-colonialismo-e-la-schiavitu","status":"publish","type":"post","link":"https:\/\/www.pressenza.com\/it\/2018\/07\/africa-una-storia-da-riscoprire-6-il-regno-del-congo-la-regina-nzingha-e-la-lotta-contro-il-colonialismo-e-la-schiavitu\/","title":{"rendered":"Africa, una storia da riscoprire. 6 \u2013  Il Regno del Congo, la regina Nzingha e la lotta contro il colonialismo e la schiavit\u00f9"},"content":{"rendered":"<p>L&#8217;Africa \u00e8 una terra di emigrazioni interne, come \u00e8 sempre successo in tutti i continenti. La popolazione dei Bakongo arriv\u00f2 nella regione del fiume Congo come parte della prima migrazione Bant\u00f9, portandovi la pratica dell\u2019agricoltura e la lavorazione del ferro.<\/p>\n<p>I Bakongo erano affascinati da una spiritualita fondata sul culto degli antenati e sugli intermediari tra loro e gli uomini. La divinit\u00e0 suprema era rappresentata da Tata Nzambi, creatore dell\u2019umanit\u00e0, che lasci\u00f2 poi al suo destino ritirandosi in cielo.<\/p>\n<p>Secondo la leggenda erano discendenti di Nkaka ya Kisina. Avevano un\u2019organizzazione matriarcale e ricorrevano al dialogo per risolvere i conflitti.\u00a0 Il Mani Kongo o Mwene Kongo, il re scelto da 12 clan, viveva nella capitale \u00a0Mbanza Kongo. Avevano una moneta chiamata nzimbu, costituita da conchiglie che venivano usate negli scambi commerciali. Il capo militare era chiamato ntinu, mentre il mfumu si occupava delle questioni sociali.<\/p>\n<p>Dal XIV al XIX secolo il <strong>Regno del Congo<\/strong> domin\u00f2 l&#8217;area corrispondente agli attuali stati dell\u2019Angola e della Repubblica Democratica del Congo. Formalmente indipendente, dalla fine del XVI secolo sub\u00ec sempre di pi\u00f9 l\u2019influenza del Portogallo, che ne minacci\u00f2 l&#8217;integrit\u00e0 territoriale per espandere le proprie colonie.<\/p>\n<p>E in effetti il primo europeo a visitare il Regno del Congo fu l\u2019esploratore portoghese Diego C\u00e3o, un evento che segn\u00f2 una svolta fondamentale per tutta l\u2019Africa; arrivato in cerca di schiavi tra il 1482 e il 1483, rimase molto colpito dall\u2019organizzazione dei Bakongo.\u00a0 Durante la sua permanenza in Congo C\u00e3o rap\u00ec alcuni membri della nobilt\u00e0 del regno, portandoli come prigionieri in Portogallo. Nel 1491, quando C\u00e3o riport\u00f2 gli ostaggi, il re Nzinga a Nkuwu accett\u00f2 di convertirsi al cristianesimo e venne battezzato con il nome di\u00a0Jo\u00e3o I.<\/p>\n<p>Nonostante le proteste del re, i Portoghesi rapivano i giovani per portarli come schiavi nelle piantagioni in Brasile. Utilizzarono anche le divisioni gi\u00e0 esistenti nel regno per accelerare il suo declino, creando molti regni vassalli, fornendo loro armi di cattiva qualit\u00e0 e firmando alleanze con alcuni\u00a0capi per alimentare le guerre interne.<\/p>\n<p><img loading=\"lazy\" decoding=\"async\" class=\"aligncenter wp-image-680518 size-large\" src=\"https:\/\/www.pressenza.com\/wp-content\/uploads\/2018\/07\/capitale-Congo-antica-carta-720x549.jpg\" alt=\"\" width=\"720\" height=\"549\" srcset=\"https:\/\/www.pressenza.com\/wp-content\/uploads\/2018\/07\/capitale-Congo-antica-carta-720x549.jpg 720w, https:\/\/www.pressenza.com\/wp-content\/uploads\/2018\/07\/capitale-Congo-antica-carta-300x229.jpg 300w, https:\/\/www.pressenza.com\/wp-content\/uploads\/2018\/07\/capitale-Congo-antica-carta-768x586.jpg 768w, https:\/\/www.pressenza.com\/wp-content\/uploads\/2018\/07\/capitale-Congo-antica-carta.jpg 1180w\" sizes=\"auto, (max-width: 720px) 100vw, 720px\" \/><\/p>\n<p>Immagine della capitale del Regno del Congo pubblicata nel 1668 da Olfert Dapper<\/p>\n<p>Una svolta arriv\u00f2 con <strong>Nzingha Mbande<\/strong>, regina di Ndongo e Matamba, due regni corrispondenti all\u2019attuale Angola. Figlia del re Kiluanji Ngola e dalla sua seconda moglie Kangela, nacque nel 1581 con il cordone ombelicale avvolto intorno al collo e una sapiente predisse che sarebbe diventata regina, una novit\u00e0 assoluta per quei tempi. Fin dall\u2019inizio il padre vide in lei le caratteristiche del vero capo e favor\u00ec la sua istruzione in vari campi: le insegn\u00f2 ad andare a cavallo e a combattere, la sollecit\u00f2 a studiare il portoghese e l\u2019olandese e ad apprendere le arti della diplomazia e del commercio.<\/p>\n<p>Il re Kiluanji cerc\u00f2 per tutta la vita di resistere all\u2019invasione europea \u2013 a quell\u2019epoca i Portoghesi avevano aperto porti per la tratta degli schiavi in varie parti dell\u2019Africa ormai da cento anni. Alla sua morte gli succedette il figlio Mbande, che nel 1622 nomin\u00f2 Nzingha ambasciatrice e la mand\u00f2 a Luanda, attuale capitale dell\u2019Angola e a quei tempi porto principale per l\u2019imbarco degli schiavi, per incontrare il governatore Jo\u00e3o Correia de Sousa e firmare un trattato di pace.<\/p>\n<p>Il vero piano di Nzingha per\u00f2 era quello di cacciare i Portoghesi. Al suo arrivo a Luanda la popolazione l\u2019accolse con grande gioia, ma il governatore\u00a0 per insultarla la invit\u00f2 a sedersi per terra. Per dimostrare che non avrebbe negoziato da una posizione di inferiorit\u00e0, lei sedette sulla schiena di una serva che si era messa a quattro zampe. Riusc\u00ec a raggiungere un accordo, i cui termini per\u00f2 non vennero rispettati dai portoghesi. Per una questione tattica si convert\u00ec al cristianesimo, prendendo il nome di Ana de Souza. Dopo il suicidio del fratello, nel 1623, a 42 anni, divenne regina e abbandon\u00f2 il nome cristiano.<\/p>\n<p><img loading=\"lazy\" decoding=\"async\" class=\"aligncenter wp-image-680526 size-full\" src=\"https:\/\/www.pressenza.com\/wp-content\/uploads\/2018\/07\/Zingha_queen_of_Matamba.jpg\" alt=\"\" width=\"553\" height=\"760\" srcset=\"https:\/\/www.pressenza.com\/wp-content\/uploads\/2018\/07\/Zingha_queen_of_Matamba.jpg 553w, https:\/\/www.pressenza.com\/wp-content\/uploads\/2018\/07\/Zingha_queen_of_Matamba-218x300.jpg 218w\" sizes=\"auto, (max-width: 553px) 100vw, 553px\" \/><\/p>\n<p>Ritratto di Nzingha, Fran\u00e7ois Villain, litografo<\/p>\n<p>Da allora e fino alla sua morte, avvenuta nel 1663, a 82 anni, Nzingha si dedic\u00f2 a combattere i Portoghesi e la schiavit\u00f9. Offr\u00ec rifugio agli schiavi fuggiaschi e costitu\u00ec un esercito in cui c\u2019era posto anche per le donne. Svilupp\u00f2 una nuova forma di organizzazione militare detta kilombo, in cui i giovani venivano allontanati dalle famiglie e crescevano in milizie comunitarie e strinse alleanze con popoli vicini, come gli Imbangala. Si alle\u00f2 anche con gli Olandesi per combattere i Portoghesi, ma scopr\u00ec presto che erano anch\u2019essi pronti a tradire promesse e trattati e volevano solo schiavizzare i popoli africani.<\/p>\n<p>Con la sua forza, dignit\u00e0, orgoglio, acume e intransigenza Nzingha divenne un simbolo della resistenza africana alla penetrazione europea e una fonte d\u2019ispirazione per tutti quelli che scelsero di lottare contro il colonialismo e la schiavit\u00f9.<\/p>\n<p>&nbsp;<\/p>\n<p>&nbsp;<\/p>\n<p>&nbsp;<\/p>\n<p>&nbsp;<\/p>\n<p>&nbsp;<\/p>\n<p>&nbsp;<\/p>\n<p>&nbsp;<\/p>\n","protected":false},"excerpt":{"rendered":"<p>L&#8217;Africa \u00e8 una terra di emigrazioni interne, come \u00e8 sempre successo in tutti i continenti. La popolazione dei Bakongo arriv\u00f2 nella regione del fiume Congo come parte della prima migrazione Bant\u00f9, portandovi la pratica dell\u2019agricoltura e la lavorazione del ferro.&hellip;<\/p>\n","protected":false},"author":1519,"featured_media":680534,"comment_status":"closed","ping_status":"closed","sticky":false,"template":"","format":"standard","meta":{"footnotes":""},"categories":[45,11388,56],"tags":[468,48248,48245,48247,48246,3149,107585],"class_list":["post-680517","post","type-post","status-publish","format-standard","has-post-thumbnail","hentry","category-africa-it","category-contenuti-originali","category-cultura","tag-colonialismo","tag-mbanza-kongo","tag-nzingha","tag-portoghesi","tag-regno-del-congo","tag-schiavitu","tag-storie-africane"],"yoast_head":"<!-- This site is optimized with the Yoast SEO plugin v27.1.1 - https:\/\/yoast.com\/product\/yoast-seo-wordpress\/ -->\n<title>Africa, una storia da riscoprire. 6 \u2013 Il Regno del Congo, la regina Nzingha e la lotta contro il colonialismo e la schiavit\u00f9<\/title>\n<meta name=\"description\" content=\"L&#039;Africa \u00e8 una terra di emigrazioni interne, come \u00e8 sempre successo in tutti i continenti. La popolazione dei Bakongo arriv\u00f2 nella regione del fiume Congo\" \/>\n<meta name=\"robots\" content=\"index, follow, max-snippet:-1, max-image-preview:large, max-video-preview:-1\" \/>\n<link rel=\"canonical\" href=\"https:\/\/www.pressenza.com\/it\/2018\/07\/africa-una-storia-da-riscoprire-6-il-regno-del-congo-la-regina-nzingha-e-la-lotta-contro-il-colonialismo-e-la-schiavitu\/\" \/>\n<meta property=\"og:locale\" content=\"it_IT\" \/>\n<meta property=\"og:type\" content=\"article\" \/>\n<meta property=\"og:title\" content=\"Africa, una storia da riscoprire. 6 \u2013 Il Regno del Congo, la regina Nzingha e la lotta contro il colonialismo e la schiavit\u00f9\" \/>\n<meta property=\"og:description\" content=\"L&#039;Africa \u00e8 una terra di emigrazioni interne, come \u00e8 sempre successo in tutti i continenti. La popolazione dei Bakongo arriv\u00f2 nella regione del fiume Congo\" \/>\n<meta property=\"og:url\" content=\"https:\/\/www.pressenza.com\/it\/2018\/07\/africa-una-storia-da-riscoprire-6-il-regno-del-congo-la-regina-nzingha-e-la-lotta-contro-il-colonialismo-e-la-schiavitu\/\" \/>\n<meta property=\"og:site_name\" content=\"Pressenza\" \/>\n<meta property=\"article:publisher\" content=\"https:\/\/www.facebook.com\/PressenzaItalia\" \/>\n<meta property=\"article:published_time\" content=\"2018-07-21T13:32:26+00:00\" \/>\n<meta property=\"article:modified_time\" content=\"2022-11-22T20:03:07+00:00\" \/>\n<meta property=\"og:image\" content=\"https:\/\/www.pressenza.com\/wp-content\/uploads\/2018\/07\/1024px-Queen_Nzinga_1657.png\" \/>\n\t<meta property=\"og:image:width\" content=\"1024\" \/>\n\t<meta property=\"og:image:height\" content=\"679\" \/>\n\t<meta property=\"og:image:type\" content=\"image\/png\" \/>\n<meta name=\"author\" content=\"Valentin Mufila\" \/>\n<meta name=\"twitter:card\" content=\"summary_large_image\" \/>\n<meta name=\"twitter:creator\" content=\"@PressenzaIPA\" \/>\n<meta name=\"twitter:site\" content=\"@PressenzaIPA\" \/>\n<meta name=\"twitter:label1\" content=\"Scritto da\" \/>\n\t<meta name=\"twitter:data1\" content=\"Valentin Mufila\" \/>\n\t<meta name=\"twitter:label2\" content=\"Tempo di lettura stimato\" \/>\n\t<meta name=\"twitter:data2\" content=\"5 minuti\" \/>\n<script type=\"application\/ld+json\" class=\"yoast-schema-graph\">{\"@context\":\"https:\/\/schema.org\",\"@graph\":[{\"@type\":\"Article\",\"@id\":\"https:\/\/www.pressenza.com\/it\/2018\/07\/africa-una-storia-da-riscoprire-6-il-regno-del-congo-la-regina-nzingha-e-la-lotta-contro-il-colonialismo-e-la-schiavitu\/#article\",\"isPartOf\":{\"@id\":\"https:\/\/www.pressenza.com\/it\/2018\/07\/africa-una-storia-da-riscoprire-6-il-regno-del-congo-la-regina-nzingha-e-la-lotta-contro-il-colonialismo-e-la-schiavitu\/\"},\"author\":{\"name\":\"Valentin Mufila\",\"@id\":\"https:\/\/www.pressenza.com\/it\/#\/schema\/person\/6717f34d660e55abd622032732fe9482\"},\"headline\":\"Africa, una storia da riscoprire. 6 \u2013 Il Regno del Congo, la regina Nzingha e la lotta contro il colonialismo e la schiavit\u00f9\",\"datePublished\":\"2018-07-21T13:32:26+00:00\",\"dateModified\":\"2022-11-22T20:03:07+00:00\",\"mainEntityOfPage\":{\"@id\":\"https:\/\/www.pressenza.com\/it\/2018\/07\/africa-una-storia-da-riscoprire-6-il-regno-del-congo-la-regina-nzingha-e-la-lotta-contro-il-colonialismo-e-la-schiavitu\/\"},\"wordCount\":812,\"publisher\":{\"@id\":\"https:\/\/www.pressenza.com\/it\/#organization\"},\"image\":{\"@id\":\"https:\/\/www.pressenza.com\/it\/2018\/07\/africa-una-storia-da-riscoprire-6-il-regno-del-congo-la-regina-nzingha-e-la-lotta-contro-il-colonialismo-e-la-schiavitu\/#primaryimage\"},\"thumbnailUrl\":\"https:\/\/www.pressenza.com\/wp-content\/uploads\/2018\/07\/1024px-Queen_Nzinga_1657.png\",\"keywords\":[\"colonialismo\",\"Mbanza Kongo\",\"Nzingha\",\"Portoghesi\",\"Regno del Congo\",\"schiavit\u00f9\",\"storie africane\"],\"articleSection\":[\"Africa\",\"contenuti originali\",\"Cultura e Media\"],\"inLanguage\":\"it-IT\"},{\"@type\":\"WebPage\",\"@id\":\"https:\/\/www.pressenza.com\/it\/2018\/07\/africa-una-storia-da-riscoprire-6-il-regno-del-congo-la-regina-nzingha-e-la-lotta-contro-il-colonialismo-e-la-schiavitu\/\",\"url\":\"https:\/\/www.pressenza.com\/it\/2018\/07\/africa-una-storia-da-riscoprire-6-il-regno-del-congo-la-regina-nzingha-e-la-lotta-contro-il-colonialismo-e-la-schiavitu\/\",\"name\":\"Africa, una storia da riscoprire. 6 \u2013 Il Regno del Congo, la regina Nzingha e la lotta contro il colonialismo e la schiavit\u00f9\",\"isPartOf\":{\"@id\":\"https:\/\/www.pressenza.com\/it\/#website\"},\"primaryImageOfPage\":{\"@id\":\"https:\/\/www.pressenza.com\/it\/2018\/07\/africa-una-storia-da-riscoprire-6-il-regno-del-congo-la-regina-nzingha-e-la-lotta-contro-il-colonialismo-e-la-schiavitu\/#primaryimage\"},\"image\":{\"@id\":\"https:\/\/www.pressenza.com\/it\/2018\/07\/africa-una-storia-da-riscoprire-6-il-regno-del-congo-la-regina-nzingha-e-la-lotta-contro-il-colonialismo-e-la-schiavitu\/#primaryimage\"},\"thumbnailUrl\":\"https:\/\/www.pressenza.com\/wp-content\/uploads\/2018\/07\/1024px-Queen_Nzinga_1657.png\",\"datePublished\":\"2018-07-21T13:32:26+00:00\",\"dateModified\":\"2022-11-22T20:03:07+00:00\",\"description\":\"L'Africa \u00e8 una terra di emigrazioni interne, come \u00e8 sempre successo in tutti i continenti. La popolazione dei Bakongo arriv\u00f2 nella regione del fiume Congo\",\"breadcrumb\":{\"@id\":\"https:\/\/www.pressenza.com\/it\/2018\/07\/africa-una-storia-da-riscoprire-6-il-regno-del-congo-la-regina-nzingha-e-la-lotta-contro-il-colonialismo-e-la-schiavitu\/#breadcrumb\"},\"inLanguage\":\"it-IT\",\"potentialAction\":[{\"@type\":\"ReadAction\",\"target\":[\"https:\/\/www.pressenza.com\/it\/2018\/07\/africa-una-storia-da-riscoprire-6-il-regno-del-congo-la-regina-nzingha-e-la-lotta-contro-il-colonialismo-e-la-schiavitu\/\"]}]},{\"@type\":\"ImageObject\",\"inLanguage\":\"it-IT\",\"@id\":\"https:\/\/www.pressenza.com\/it\/2018\/07\/africa-una-storia-da-riscoprire-6-il-regno-del-congo-la-regina-nzingha-e-la-lotta-contro-il-colonialismo-e-la-schiavitu\/#primaryimage\",\"url\":\"https:\/\/www.pressenza.com\/wp-content\/uploads\/2018\/07\/1024px-Queen_Nzinga_1657.png\",\"contentUrl\":\"https:\/\/www.pressenza.com\/wp-content\/uploads\/2018\/07\/1024px-Queen_Nzinga_1657.png\",\"width\":1024,\"height\":679},{\"@type\":\"BreadcrumbList\",\"@id\":\"https:\/\/www.pressenza.com\/it\/2018\/07\/africa-una-storia-da-riscoprire-6-il-regno-del-congo-la-regina-nzingha-e-la-lotta-contro-il-colonialismo-e-la-schiavitu\/#breadcrumb\",\"itemListElement\":[{\"@type\":\"ListItem\",\"position\":1,\"name\":\"Accueil\",\"item\":\"https:\/\/www.pressenza.com\/it\/\"},{\"@type\":\"ListItem\",\"position\":2,\"name\":\"Africa, una storia da riscoprire. 6 \u2013 Il Regno del Congo, la regina Nzingha e la lotta contro il colonialismo e la schiavit\u00f9\"}]},{\"@type\":\"WebSite\",\"@id\":\"https:\/\/www.pressenza.com\/it\/#website\",\"url\":\"https:\/\/www.pressenza.com\/it\/\",\"name\":\"Pressenza\",\"description\":\"Agenzia di Stampa Internazionale\",\"publisher\":{\"@id\":\"https:\/\/www.pressenza.com\/it\/#organization\"},\"potentialAction\":[{\"@type\":\"SearchAction\",\"target\":{\"@type\":\"EntryPoint\",\"urlTemplate\":\"https:\/\/www.pressenza.com\/it\/?s={search_term_string}\"},\"query-input\":{\"@type\":\"PropertyValueSpecification\",\"valueRequired\":true,\"valueName\":\"search_term_string\"}}],\"inLanguage\":\"it-IT\"},{\"@type\":\"Organization\",\"@id\":\"https:\/\/www.pressenza.com\/it\/#organization\",\"name\":\"Pressenza\",\"url\":\"https:\/\/www.pressenza.com\/it\/\",\"logo\":{\"@type\":\"ImageObject\",\"inLanguage\":\"it-IT\",\"@id\":\"https:\/\/www.pressenza.com\/it\/#\/schema\/logo\/image\/\",\"url\":\"https:\/\/www.pressenza.com\/wp-content\/uploads\/2022\/10\/pressenza_logo_200x200.jpg\",\"contentUrl\":\"https:\/\/www.pressenza.com\/wp-content\/uploads\/2022\/10\/pressenza_logo_200x200.jpg\",\"width\":200,\"height\":200,\"caption\":\"Pressenza\"},\"image\":{\"@id\":\"https:\/\/www.pressenza.com\/it\/#\/schema\/logo\/image\/\"},\"sameAs\":[\"https:\/\/www.facebook.com\/PressenzaItalia\",\"https:\/\/x.com\/PressenzaIPA\"]},{\"@type\":\"Person\",\"@id\":\"https:\/\/www.pressenza.com\/it\/#\/schema\/person\/6717f34d660e55abd622032732fe9482\",\"name\":\"Valentin Mufila\",\"description\":\"Originario del Congo, musicista, cantante e direttore artistico. Ha iniziato la sua carriera musicale nel 2004 e nel 2015 \u00e8 uscito il suo primo album,\u201dTelema\\\" (in piedi), dedicato ai bambini sfruttati nelle miniere di coltan e realizzato con la sua band Mapendo Africa Sound. Nel 2014 ha tenuto corsi di balli e fiabe africane nelle scuole italiane. Ha creato insieme a ragazzi rifugiati il musical \\\"Siamo tutti sulla stessa barca\\\". Nel 2018 \u00e8 stato tra i finalisti della prima edizione del Festival Doremifasud di Milano e il 2 giugno si \u00e8 esibito insieme a molti artisti internazionali alla Porta di Brandeburgo a Berlino, durante una marcia per la pace. Nel 2023 \u00e8 stato corista nel World Wide tour di Zucchero e ha realizzato l'album Il Faut Vivre nel progetto SanzaMamu. Appassionato conoscitore della storia africana cancellata dal colonialismo, si dedica a ricostruirla per comprendere meglio il passato e il futuro del suo continente. Facebook: https:\/\/www.facebook.com\/valentin.mufila YouTube: https:\/\/www.youtube.com\/@ValentinMufila_Official81 Email: valmuf@gmail.com\",\"sameAs\":[\"https:\/\/www.youtube.com\/@ValentinMufila_Official81\"],\"url\":\"https:\/\/www.pressenza.com\/it\/author\/valentin-mufila\/\"}]}<\/script>\n<!-- \/ Yoast SEO plugin. -->","yoast_head_json":{"title":"Africa, una storia da riscoprire. 6 \u2013 Il Regno del Congo, la regina Nzingha e la lotta contro il colonialismo e la schiavit\u00f9","description":"L'Africa \u00e8 una terra di emigrazioni interne, come \u00e8 sempre successo in tutti i continenti. La popolazione dei Bakongo arriv\u00f2 nella regione del fiume Congo","robots":{"index":"index","follow":"follow","max-snippet":"max-snippet:-1","max-image-preview":"max-image-preview:large","max-video-preview":"max-video-preview:-1"},"canonical":"https:\/\/www.pressenza.com\/it\/2018\/07\/africa-una-storia-da-riscoprire-6-il-regno-del-congo-la-regina-nzingha-e-la-lotta-contro-il-colonialismo-e-la-schiavitu\/","og_locale":"it_IT","og_type":"article","og_title":"Africa, una storia da riscoprire. 6 \u2013 Il Regno del Congo, la regina Nzingha e la lotta contro il colonialismo e la schiavit\u00f9","og_description":"L'Africa \u00e8 una terra di emigrazioni interne, come \u00e8 sempre successo in tutti i continenti. La popolazione dei Bakongo arriv\u00f2 nella regione del fiume Congo","og_url":"https:\/\/www.pressenza.com\/it\/2018\/07\/africa-una-storia-da-riscoprire-6-il-regno-del-congo-la-regina-nzingha-e-la-lotta-contro-il-colonialismo-e-la-schiavitu\/","og_site_name":"Pressenza","article_publisher":"https:\/\/www.facebook.com\/PressenzaItalia","article_published_time":"2018-07-21T13:32:26+00:00","article_modified_time":"2022-11-22T20:03:07+00:00","og_image":[{"width":1024,"height":679,"url":"https:\/\/www.pressenza.com\/wp-content\/uploads\/2018\/07\/1024px-Queen_Nzinga_1657.png","type":"image\/png"}],"author":"Valentin Mufila","twitter_card":"summary_large_image","twitter_creator":"@PressenzaIPA","twitter_site":"@PressenzaIPA","twitter_misc":{"Scritto da":"Valentin Mufila","Tempo di lettura stimato":"5 minuti"},"schema":{"@context":"https:\/\/schema.org","@graph":[{"@type":"Article","@id":"https:\/\/www.pressenza.com\/it\/2018\/07\/africa-una-storia-da-riscoprire-6-il-regno-del-congo-la-regina-nzingha-e-la-lotta-contro-il-colonialismo-e-la-schiavitu\/#article","isPartOf":{"@id":"https:\/\/www.pressenza.com\/it\/2018\/07\/africa-una-storia-da-riscoprire-6-il-regno-del-congo-la-regina-nzingha-e-la-lotta-contro-il-colonialismo-e-la-schiavitu\/"},"author":{"name":"Valentin Mufila","@id":"https:\/\/www.pressenza.com\/it\/#\/schema\/person\/6717f34d660e55abd622032732fe9482"},"headline":"Africa, una storia da riscoprire. 6 \u2013 Il Regno del Congo, la regina Nzingha e la lotta contro il colonialismo e la schiavit\u00f9","datePublished":"2018-07-21T13:32:26+00:00","dateModified":"2022-11-22T20:03:07+00:00","mainEntityOfPage":{"@id":"https:\/\/www.pressenza.com\/it\/2018\/07\/africa-una-storia-da-riscoprire-6-il-regno-del-congo-la-regina-nzingha-e-la-lotta-contro-il-colonialismo-e-la-schiavitu\/"},"wordCount":812,"publisher":{"@id":"https:\/\/www.pressenza.com\/it\/#organization"},"image":{"@id":"https:\/\/www.pressenza.com\/it\/2018\/07\/africa-una-storia-da-riscoprire-6-il-regno-del-congo-la-regina-nzingha-e-la-lotta-contro-il-colonialismo-e-la-schiavitu\/#primaryimage"},"thumbnailUrl":"https:\/\/www.pressenza.com\/wp-content\/uploads\/2018\/07\/1024px-Queen_Nzinga_1657.png","keywords":["colonialismo","Mbanza Kongo","Nzingha","Portoghesi","Regno del Congo","schiavit\u00f9","storie africane"],"articleSection":["Africa","contenuti originali","Cultura e Media"],"inLanguage":"it-IT"},{"@type":"WebPage","@id":"https:\/\/www.pressenza.com\/it\/2018\/07\/africa-una-storia-da-riscoprire-6-il-regno-del-congo-la-regina-nzingha-e-la-lotta-contro-il-colonialismo-e-la-schiavitu\/","url":"https:\/\/www.pressenza.com\/it\/2018\/07\/africa-una-storia-da-riscoprire-6-il-regno-del-congo-la-regina-nzingha-e-la-lotta-contro-il-colonialismo-e-la-schiavitu\/","name":"Africa, una storia da riscoprire. 6 \u2013 Il Regno del Congo, la regina Nzingha e la lotta contro il colonialismo e la schiavit\u00f9","isPartOf":{"@id":"https:\/\/www.pressenza.com\/it\/#website"},"primaryImageOfPage":{"@id":"https:\/\/www.pressenza.com\/it\/2018\/07\/africa-una-storia-da-riscoprire-6-il-regno-del-congo-la-regina-nzingha-e-la-lotta-contro-il-colonialismo-e-la-schiavitu\/#primaryimage"},"image":{"@id":"https:\/\/www.pressenza.com\/it\/2018\/07\/africa-una-storia-da-riscoprire-6-il-regno-del-congo-la-regina-nzingha-e-la-lotta-contro-il-colonialismo-e-la-schiavitu\/#primaryimage"},"thumbnailUrl":"https:\/\/www.pressenza.com\/wp-content\/uploads\/2018\/07\/1024px-Queen_Nzinga_1657.png","datePublished":"2018-07-21T13:32:26+00:00","dateModified":"2022-11-22T20:03:07+00:00","description":"L'Africa \u00e8 una terra di emigrazioni interne, come \u00e8 sempre successo in tutti i continenti. La popolazione dei Bakongo arriv\u00f2 nella regione del fiume Congo","breadcrumb":{"@id":"https:\/\/www.pressenza.com\/it\/2018\/07\/africa-una-storia-da-riscoprire-6-il-regno-del-congo-la-regina-nzingha-e-la-lotta-contro-il-colonialismo-e-la-schiavitu\/#breadcrumb"},"inLanguage":"it-IT","potentialAction":[{"@type":"ReadAction","target":["https:\/\/www.pressenza.com\/it\/2018\/07\/africa-una-storia-da-riscoprire-6-il-regno-del-congo-la-regina-nzingha-e-la-lotta-contro-il-colonialismo-e-la-schiavitu\/"]}]},{"@type":"ImageObject","inLanguage":"it-IT","@id":"https:\/\/www.pressenza.com\/it\/2018\/07\/africa-una-storia-da-riscoprire-6-il-regno-del-congo-la-regina-nzingha-e-la-lotta-contro-il-colonialismo-e-la-schiavitu\/#primaryimage","url":"https:\/\/www.pressenza.com\/wp-content\/uploads\/2018\/07\/1024px-Queen_Nzinga_1657.png","contentUrl":"https:\/\/www.pressenza.com\/wp-content\/uploads\/2018\/07\/1024px-Queen_Nzinga_1657.png","width":1024,"height":679},{"@type":"BreadcrumbList","@id":"https:\/\/www.pressenza.com\/it\/2018\/07\/africa-una-storia-da-riscoprire-6-il-regno-del-congo-la-regina-nzingha-e-la-lotta-contro-il-colonialismo-e-la-schiavitu\/#breadcrumb","itemListElement":[{"@type":"ListItem","position":1,"name":"Accueil","item":"https:\/\/www.pressenza.com\/it\/"},{"@type":"ListItem","position":2,"name":"Africa, una storia da riscoprire. 6 \u2013 Il Regno del Congo, la regina Nzingha e la lotta contro il colonialismo e la schiavit\u00f9"}]},{"@type":"WebSite","@id":"https:\/\/www.pressenza.com\/it\/#website","url":"https:\/\/www.pressenza.com\/it\/","name":"Pressenza","description":"Agenzia di Stampa Internazionale","publisher":{"@id":"https:\/\/www.pressenza.com\/it\/#organization"},"potentialAction":[{"@type":"SearchAction","target":{"@type":"EntryPoint","urlTemplate":"https:\/\/www.pressenza.com\/it\/?s={search_term_string}"},"query-input":{"@type":"PropertyValueSpecification","valueRequired":true,"valueName":"search_term_string"}}],"inLanguage":"it-IT"},{"@type":"Organization","@id":"https:\/\/www.pressenza.com\/it\/#organization","name":"Pressenza","url":"https:\/\/www.pressenza.com\/it\/","logo":{"@type":"ImageObject","inLanguage":"it-IT","@id":"https:\/\/www.pressenza.com\/it\/#\/schema\/logo\/image\/","url":"https:\/\/www.pressenza.com\/wp-content\/uploads\/2022\/10\/pressenza_logo_200x200.jpg","contentUrl":"https:\/\/www.pressenza.com\/wp-content\/uploads\/2022\/10\/pressenza_logo_200x200.jpg","width":200,"height":200,"caption":"Pressenza"},"image":{"@id":"https:\/\/www.pressenza.com\/it\/#\/schema\/logo\/image\/"},"sameAs":["https:\/\/www.facebook.com\/PressenzaItalia","https:\/\/x.com\/PressenzaIPA"]},{"@type":"Person","@id":"https:\/\/www.pressenza.com\/it\/#\/schema\/person\/6717f34d660e55abd622032732fe9482","name":"Valentin Mufila","description":"Originario del Congo, musicista, cantante e direttore artistico. Ha iniziato la sua carriera musicale nel 2004 e nel 2015 \u00e8 uscito il suo primo album,\u201dTelema\" (in piedi), dedicato ai bambini sfruttati nelle miniere di coltan e realizzato con la sua band Mapendo Africa Sound. Nel 2014 ha tenuto corsi di balli e fiabe africane nelle scuole italiane. Ha creato insieme a ragazzi rifugiati il musical \"Siamo tutti sulla stessa barca\". Nel 2018 \u00e8 stato tra i finalisti della prima edizione del Festival Doremifasud di Milano e il 2 giugno si \u00e8 esibito insieme a molti artisti internazionali alla Porta di Brandeburgo a Berlino, durante una marcia per la pace. Nel 2023 \u00e8 stato corista nel World Wide tour di Zucchero e ha realizzato l'album Il Faut Vivre nel progetto SanzaMamu. Appassionato conoscitore della storia africana cancellata dal colonialismo, si dedica a ricostruirla per comprendere meglio il passato e il futuro del suo continente. Facebook: https:\/\/www.facebook.com\/valentin.mufila YouTube: https:\/\/www.youtube.com\/@ValentinMufila_Official81 Email: valmuf@gmail.com","sameAs":["https:\/\/www.youtube.com\/@ValentinMufila_Official81"],"url":"https:\/\/www.pressenza.com\/it\/author\/valentin-mufila\/"}]}},"place":"","original_article_url":"","_links":{"self":[{"href":"https:\/\/www.pressenza.com\/it\/wp-json\/wp\/v2\/posts\/680517","targetHints":{"allow":["GET"]}}],"collection":[{"href":"https:\/\/www.pressenza.com\/it\/wp-json\/wp\/v2\/posts"}],"about":[{"href":"https:\/\/www.pressenza.com\/it\/wp-json\/wp\/v2\/types\/post"}],"author":[{"embeddable":true,"href":"https:\/\/www.pressenza.com\/it\/wp-json\/wp\/v2\/users\/1519"}],"replies":[{"embeddable":true,"href":"https:\/\/www.pressenza.com\/it\/wp-json\/wp\/v2\/comments?post=680517"}],"version-history":[{"count":0,"href":"https:\/\/www.pressenza.com\/it\/wp-json\/wp\/v2\/posts\/680517\/revisions"}],"wp:featuredmedia":[{"embeddable":true,"href":"https:\/\/www.pressenza.com\/it\/wp-json\/wp\/v2\/media\/680534"}],"wp:attachment":[{"href":"https:\/\/www.pressenza.com\/it\/wp-json\/wp\/v2\/media?parent=680517"}],"wp:term":[{"taxonomy":"category","embeddable":true,"href":"https:\/\/www.pressenza.com\/it\/wp-json\/wp\/v2\/categories?post=680517"},{"taxonomy":"post_tag","embeddable":true,"href":"https:\/\/www.pressenza.com\/it\/wp-json\/wp\/v2\/tags?post=680517"}],"curies":[{"name":"wp","href":"https:\/\/api.w.org\/{rel}","templated":true}]}}