{"id":679369,"date":"2018-07-18T13:22:22","date_gmt":"2018-07-18T12:22:22","guid":{"rendered":"https:\/\/www.pressenza.com\/?p=679369"},"modified":"2018-07-18T13:24:25","modified_gmt":"2018-07-18T12:24:25","slug":"balcani-processo-berlino-continua-irisultati-vertice-londra","status":"publish","type":"post","link":"https:\/\/www.pressenza.com\/it\/2018\/07\/balcani-processo-berlino-continua-irisultati-vertice-londra\/","title":{"rendered":"BALCANI: Il Processo di Berlino continua. I risultati del vertice di Londra"},"content":{"rendered":"<p class=\"post-meta\">Il 9 e 10 luglio si \u00e8 svolto a <strong>Londra<\/strong> il quinto summit annuale organizzato nel quadro del <a href=\"http:\/\/wb-csf.eu\/\">Processo di Berlino<\/a>, che vede coinvolti sei paesi dei <strong>Balcani occidentali<\/strong> (Albania, Bosnia-Erzegovina, Macedonia, Montenegro, Kosovo e Serbia), sei paesi membri dell\u2019Ue (Italia, Austria, Francia, Germania, Croazia e Slovenia) e alcuni rappresentanti delle istituzioni europee, come l\u2019Alto rappresentante per la politica estera Federica Mogherini e il Commissario europeo per l\u2019allargamento Johannes Hahn.<\/p>\n<div class=\"entry\">\n<p>Quello di Londra sarebbe dovuto essere l\u2019ultimo summit dell\u2019iniziativa politico-diplomatica lanciata dalla cancelliera tedesca <strong>Angela Merkel<\/strong> nel 2014 per sostenere il <strong>processo di integrazione<\/strong>\u00a0europea dell\u2019area balcanica. I partecipanti hanno per\u00f2 deciso di portare avanti questo percorso con l\u2019organizzazione di un vertice a <strong>Varsavia<\/strong>, in quello che \u00e8 stato gi\u00e0 definito <a href=\"https:\/\/beta.rs\/en\/64593-german-foreign-minister-sigmar-gabriel-publishes-new-plan-for-balkans--berlin-plus\">\u201cBerlin plus\u201d<\/a> e che tenter\u00e0 di coinvolgere anche i paesi del Gruppo di Visegrad.<\/p>\n<p><strong>I temi<\/strong><\/p>\n<p>L\u2019<strong>incontro di Londra<\/strong> ha avuto la sfortuna di svolgersi in un momento delicato per il governo del paese ospitante, con le <strong>dimissioni<\/strong> (nello stesso giorno) dei ministri David Davis e Boris Johnson, insoddisfatti delle trattative per la Brexit. Questo, insieme al successivo <a href=\"https:\/\/www.nato.int\/cps\/en\/natohq\/news_155085.htm\" target=\"_blank\" rel=\"noopener\">vertice<\/a> NATO di Bruxelles e a quello di <a href=\"https:\/\/www.eu2018.at\/calendar-events\/political-events\/BMVRDJ-BMI-2018-07-12-Informal-JHA.html\">Innsbruck<\/a> sulla questione migratoria, ha oscurato mediaticamente il meeting di Londra, che ha toccato questioni rilevanti non solo per l\u2019area balcanica ma per il futuro della stessa Europa (come <a href=\"https:\/\/www.gov.uk\/government\/news\/pm-reveals-package-of-measures-to-promote-a-more-peaceful-prosperous-and-democratic-western-balkans\" target=\"_blank\" rel=\"noopener\">dichiarato<\/a> anche dalla primo ministro inglese <strong>Theresa May<\/strong> durante il vertice).<\/p>\n<p>L\u2019incontro era incentrato principalmente su tre macro questioni: la <strong>stabilit\u00e0 economica<\/strong> della regione balcanica, con i problemi relativi alla disoccupazione giovanile e al basso livello di imprenditorialit\u00e0 locale; la<strong> cooperazione in materia di sicurezza regionale<\/strong>, con il contrasto al mercato nero delle armi, al terrorismo e alla corruzione; e infine la <strong>cooperazione politica<\/strong> tra i soggetti coinvolti, con il superamento delle controversie relative a dispute bilaterali sui confini e questioni legate alle conseguenze delle guerre degli anni \u201990.<\/p>\n<p>In realt\u00e0, le decisioni pi\u00f9 importanti riguardo la stabilit\u00e0 regionale erano gi\u00e0 state prese al vertice di Sofia del maggio scorso e anticipate a febbraio dal <a href=\"http:\/\/europa.eu\/rapid\/press-release_IP-18-561_en.htm\" target=\"_blank\" rel=\"noopener\">documento<\/a> sulla strategia della <strong>Commissione Europea<\/strong> sulle prospettive di allargamento, cos\u00ec come erano gi\u00e0 state raggiunte importanti soluzioni su alcune <strong>controversie bilaterali<\/strong>, per <a href=\"https:\/\/www.eastjournal.net\/archives\/90827\" target=\"_blank\" rel=\"noopener\">esempio<\/a> quella tra Grecia e <strong>Macedonia<\/strong> (del Nord) sul nome ufficiale di quest\u2019ultima.<\/p>\n<p><strong>I risultati<\/strong><\/p>\n<p>I principali risultati raggiunti dall\u2019incontro di Londra sono la firma di un accordo sulla sede della<strong> Comunit\u00e0 dei trasporti dell\u2019Europa sudorientale <\/strong>a<strong> Belgrado <\/strong>e\u00a0la promessa di <strong>nuovi strumenti economici a partire dal 2019<\/strong> per sostenere la crescita e la stabilit\u00e0 economica dell\u2019area. Il primo punto \u00e8 sicuramente un\u2019importante vittoria per la <strong>Serbia<\/strong> e il presidente <strong>Aleksandar Vu\u010di\u0107<\/strong>, che vedono cos\u00ec riconosciuti una forte centralit\u00e0 nelle questioni relative allo sviluppo infrastrutturale della regione e all\u2019implementazione di un piano di azione per la creazione di un\u2019area economica regionale, gi\u00e0 discussa durante il vertice di Trieste dello scorso anno e da sempre obiettivo prioritario di Vu\u010di\u0107 \u2013 che spera cos\u00ec di ritagliare per il proprio paese una certa <strong>egemonia<\/strong> a livello economico sugli altri partner balcanici. Per sostenere l\u2019area economica regionale, l\u2019Ue ha previsto un ulteriore strumento di garanzia a partire dal 2019 (un finanziamento iniziale pari a 150 milioni di euro per il 2019-2020), con la speranza di raggiungere nei prossimi anni il miliardo di euro di<strong> investimenti per lo sviluppo socioeconomico e l\u2019integrazione regionale.<\/strong><\/p>\n<p>La premier serba <strong>Ana Brnabi\u0107<\/strong> si \u00e8 detta soddisfatta dell\u2019incontro <a href=\"http:\/\/www.pressonline.rs\/info\/politika\/411245\/ima-odlicnih-vesti-za-zapadni-balkan.html\" target=\"_blank\" rel=\"noopener\">parlando<\/a> di \u201cottime notizie per i Balcani\u201d, soprattutto in riferimento ai passi in avanti compiuti per l\u2019attuazione del piano d\u2019azione e l\u2019interesse posto al problema della <strong>disoccupazione giovanile<\/strong> e alla necessit\u00e0 di sostenere con risorse economiche adeguate il lavoro di <strong>RYCO<\/strong> (Regional Youth Cooperation Office).<\/p>\n<p><strong>Le prospettive<\/strong><\/p>\n<p>Nonostante il difficile clima in cui si \u00e8 svolto il summit di Londra, a causa delle difficolt\u00e0 interne all\u2019Ue e alla complicata gestione della Brexit, i capi di Stato europei non hanno potuto ignorare gli evidenti <strong>passi in avanti<\/strong> compiuti dai paesi dei Balcani occidentali in termini di distensione dei rapporti e superamento delle dispute bilaterali. La promessa di ulteriori <strong>finanziamenti e investimenti<\/strong> per la regione sembra rappresentare l\u2019adeguata ricompensa per il lavoro svolto nell\u2019ultimo anno.<\/p>\n<p>Resta evidente come l\u2019Europa non voglia ripetere gli errori del passato e sia intenzionata ad accogliere <strong>nuovi membri<\/strong> solo nel momento in cui dimostreranno maturit\u00e0 in campo politico ed economico e un concreto rispetto dei meccanismi democratici e dello stato di diritto. Il prossimo appuntamento sar\u00e0 a<strong> Varsavia nel 2019<\/strong>: l\u00ec si valuter\u00e0 se i progressi compiuti in questi anni consentiranno ai paesi della regione di resistere alle pressioni internazionali e ai cambiamenti che coinvolgeranno l\u2019intera Europa.<\/p>\n<\/div>\n","protected":false},"excerpt":{"rendered":"<p>Il 9 e 10 luglio si \u00e8 svolto a Londra il quinto summit annuale organizzato nel quadro del Processo di Berlino, che vede coinvolti sei paesi dei Balcani occidentali (Albania, Bosnia-Erzegovina, Macedonia, Montenegro, Kosovo e Serbia), sei paesi membri dell\u2019Ue&hellip;<\/p>\n","protected":false},"author":1438,"featured_media":679381,"comment_status":"closed","ping_status":"closed","sticky":false,"template":"","format":"standard","meta":{"footnotes":""},"categories":[47,38,57],"tags":[5992,23862,6906,48147,48146],"class_list":["post-679369","post","type-post","status-publish","format-standard","has-post-thumbnail","hentry","category-europa","category-internazionale","category-affari-esteri","tag-balcani","tag-europa-es-2-it","tag-integrazione","tag-processo-di-berlino","tag-vertice-di-londra"],"yoast_head":"<!-- This site is optimized with the Yoast SEO plugin v27.1.1 - https:\/\/yoast.com\/product\/yoast-seo-wordpress\/ -->\n<title>BALCANI: Il Processo di Berlino continua. I risultati del vertice di Londra<\/title>\n<meta name=\"description\" content=\"Il 9 e 10 luglio si \u00e8 svolto a Londra il quinto summit annuale che vede coinvolti sei paesi dei Balcani occidentali (Albania, Bosnia-Erzegovina, Macedonia, Montenegro, Kosovo e Serbia)\" \/>\n<meta name=\"robots\" content=\"index, follow, max-snippet:-1, max-image-preview:large, max-video-preview:-1\" \/>\n<link rel=\"canonical\" href=\"https:\/\/www.pressenza.com\/it\/2018\/07\/balcani-processo-berlino-continua-irisultati-vertice-londra\/\" \/>\n<meta property=\"og:locale\" content=\"it_IT\" \/>\n<meta property=\"og:type\" content=\"article\" \/>\n<meta property=\"og:title\" content=\"BALCANI: Il Processo di Berlino continua. I risultati del vertice di Londra\" \/>\n<meta property=\"og:description\" content=\"Il 9 e 10 luglio si \u00e8 svolto a Londra il quinto summit annuale che vede coinvolti sei paesi dei Balcani occidentali (Albania, Bosnia-Erzegovina, Macedonia, Montenegro, Kosovo e Serbia)\" \/>\n<meta property=\"og:url\" content=\"https:\/\/www.pressenza.com\/it\/2018\/07\/balcani-processo-berlino-continua-irisultati-vertice-londra\/\" \/>\n<meta property=\"og:site_name\" content=\"Pressenza\" \/>\n<meta property=\"article:publisher\" content=\"https:\/\/www.facebook.com\/PressenzaItalia\" \/>\n<meta property=\"article:author\" content=\"https:\/\/www.facebook.com\/EaST-Journal-114874678534254\/\" \/>\n<meta property=\"article:published_time\" content=\"2018-07-18T12:22:22+00:00\" \/>\n<meta property=\"article:modified_time\" content=\"2018-07-18T12:24:25+00:00\" \/>\n<meta property=\"og:image\" content=\"https:\/\/www.pressenza.com\/wp-content\/uploads\/2018\/07\/EU-candidate_countries_map.svg1_.png\" \/>\n\t<meta property=\"og:image:width\" content=\"1054\" \/>\n\t<meta property=\"og:image:height\" content=\"531\" \/>\n\t<meta property=\"og:image:type\" content=\"image\/png\" \/>\n<meta name=\"author\" content=\"East Journal\" \/>\n<meta name=\"twitter:card\" content=\"summary_large_image\" \/>\n<meta name=\"twitter:creator\" content=\"@PressenzaIPA\" \/>\n<meta name=\"twitter:site\" content=\"@PressenzaIPA\" \/>\n<meta name=\"twitter:label1\" content=\"Scritto da\" \/>\n\t<meta name=\"twitter:data1\" content=\"East Journal\" \/>\n\t<meta name=\"twitter:label2\" content=\"Tempo di lettura stimato\" \/>\n\t<meta name=\"twitter:data2\" content=\"4 minuti\" \/>\n<script type=\"application\/ld+json\" class=\"yoast-schema-graph\">{\"@context\":\"https:\/\/schema.org\",\"@graph\":[{\"@type\":\"Article\",\"@id\":\"https:\/\/www.pressenza.com\/it\/2018\/07\/balcani-processo-berlino-continua-irisultati-vertice-londra\/#article\",\"isPartOf\":{\"@id\":\"https:\/\/www.pressenza.com\/it\/2018\/07\/balcani-processo-berlino-continua-irisultati-vertice-londra\/\"},\"author\":{\"name\":\"East Journal\",\"@id\":\"https:\/\/www.pressenza.com\/it\/#\/schema\/person\/ac0b6e21874c411b7ae3f1183e5b7a5a\"},\"headline\":\"BALCANI: Il Processo di Berlino continua. I risultati del vertice di Londra\",\"datePublished\":\"2018-07-18T12:22:22+00:00\",\"dateModified\":\"2018-07-18T12:24:25+00:00\",\"mainEntityOfPage\":{\"@id\":\"https:\/\/www.pressenza.com\/it\/2018\/07\/balcani-processo-berlino-continua-irisultati-vertice-londra\/\"},\"wordCount\":782,\"publisher\":{\"@id\":\"https:\/\/www.pressenza.com\/it\/#organization\"},\"image\":{\"@id\":\"https:\/\/www.pressenza.com\/it\/2018\/07\/balcani-processo-berlino-continua-irisultati-vertice-londra\/#primaryimage\"},\"thumbnailUrl\":\"https:\/\/www.pressenza.com\/wp-content\/uploads\/2018\/07\/EU-candidate_countries_map.svg1_.png\",\"keywords\":[\"Balcani\",\"Europa\",\"integrazione\",\"processo di Berlino\",\"vertice di Londra\"],\"articleSection\":[\"Europa\",\"Internazionale\",\"Questioni internazionali\"],\"inLanguage\":\"it-IT\"},{\"@type\":\"WebPage\",\"@id\":\"https:\/\/www.pressenza.com\/it\/2018\/07\/balcani-processo-berlino-continua-irisultati-vertice-londra\/\",\"url\":\"https:\/\/www.pressenza.com\/it\/2018\/07\/balcani-processo-berlino-continua-irisultati-vertice-londra\/\",\"name\":\"BALCANI: Il Processo di Berlino continua. I risultati del vertice di Londra\",\"isPartOf\":{\"@id\":\"https:\/\/www.pressenza.com\/it\/#website\"},\"primaryImageOfPage\":{\"@id\":\"https:\/\/www.pressenza.com\/it\/2018\/07\/balcani-processo-berlino-continua-irisultati-vertice-londra\/#primaryimage\"},\"image\":{\"@id\":\"https:\/\/www.pressenza.com\/it\/2018\/07\/balcani-processo-berlino-continua-irisultati-vertice-londra\/#primaryimage\"},\"thumbnailUrl\":\"https:\/\/www.pressenza.com\/wp-content\/uploads\/2018\/07\/EU-candidate_countries_map.svg1_.png\",\"datePublished\":\"2018-07-18T12:22:22+00:00\",\"dateModified\":\"2018-07-18T12:24:25+00:00\",\"description\":\"Il 9 e 10 luglio si \u00e8 svolto a Londra il quinto summit annuale che vede coinvolti sei paesi dei Balcani occidentali (Albania, Bosnia-Erzegovina, Macedonia, Montenegro, Kosovo e Serbia)\",\"breadcrumb\":{\"@id\":\"https:\/\/www.pressenza.com\/it\/2018\/07\/balcani-processo-berlino-continua-irisultati-vertice-londra\/#breadcrumb\"},\"inLanguage\":\"it-IT\",\"potentialAction\":[{\"@type\":\"ReadAction\",\"target\":[\"https:\/\/www.pressenza.com\/it\/2018\/07\/balcani-processo-berlino-continua-irisultati-vertice-londra\/\"]}]},{\"@type\":\"ImageObject\",\"inLanguage\":\"it-IT\",\"@id\":\"https:\/\/www.pressenza.com\/it\/2018\/07\/balcani-processo-berlino-continua-irisultati-vertice-londra\/#primaryimage\",\"url\":\"https:\/\/www.pressenza.com\/wp-content\/uploads\/2018\/07\/EU-candidate_countries_map.svg1_.png\",\"contentUrl\":\"https:\/\/www.pressenza.com\/wp-content\/uploads\/2018\/07\/EU-candidate_countries_map.svg1_.png\",\"width\":1054,\"height\":531},{\"@type\":\"BreadcrumbList\",\"@id\":\"https:\/\/www.pressenza.com\/it\/2018\/07\/balcani-processo-berlino-continua-irisultati-vertice-londra\/#breadcrumb\",\"itemListElement\":[{\"@type\":\"ListItem\",\"position\":1,\"name\":\"Accueil\",\"item\":\"https:\/\/www.pressenza.com\/it\/\"},{\"@type\":\"ListItem\",\"position\":2,\"name\":\"BALCANI: Il Processo di Berlino continua. I risultati del vertice di Londra\"}]},{\"@type\":\"WebSite\",\"@id\":\"https:\/\/www.pressenza.com\/it\/#website\",\"url\":\"https:\/\/www.pressenza.com\/it\/\",\"name\":\"Pressenza\",\"description\":\"Agenzia di Stampa Internazionale\",\"publisher\":{\"@id\":\"https:\/\/www.pressenza.com\/it\/#organization\"},\"potentialAction\":[{\"@type\":\"SearchAction\",\"target\":{\"@type\":\"EntryPoint\",\"urlTemplate\":\"https:\/\/www.pressenza.com\/it\/?s={search_term_string}\"},\"query-input\":{\"@type\":\"PropertyValueSpecification\",\"valueRequired\":true,\"valueName\":\"search_term_string\"}}],\"inLanguage\":\"it-IT\"},{\"@type\":\"Organization\",\"@id\":\"https:\/\/www.pressenza.com\/it\/#organization\",\"name\":\"Pressenza\",\"url\":\"https:\/\/www.pressenza.com\/it\/\",\"logo\":{\"@type\":\"ImageObject\",\"inLanguage\":\"it-IT\",\"@id\":\"https:\/\/www.pressenza.com\/it\/#\/schema\/logo\/image\/\",\"url\":\"https:\/\/www.pressenza.com\/wp-content\/uploads\/2022\/10\/pressenza_logo_200x200.jpg\",\"contentUrl\":\"https:\/\/www.pressenza.com\/wp-content\/uploads\/2022\/10\/pressenza_logo_200x200.jpg\",\"width\":200,\"height\":200,\"caption\":\"Pressenza\"},\"image\":{\"@id\":\"https:\/\/www.pressenza.com\/it\/#\/schema\/logo\/image\/\"},\"sameAs\":[\"https:\/\/www.facebook.com\/PressenzaItalia\",\"https:\/\/x.com\/PressenzaIPA\"]},{\"@type\":\"Person\",\"@id\":\"https:\/\/www.pressenza.com\/it\/#\/schema\/person\/ac0b6e21874c411b7ae3f1183e5b7a5a\",\"name\":\"East Journal\",\"sameAs\":[\"http:\/\/www.eastjournal.net\/\",\"https:\/\/www.facebook.com\/EaST-Journal-114874678534254\/\"],\"url\":\"https:\/\/www.pressenza.com\/it\/author\/east-journal\/\"}]}<\/script>\n<!-- \/ Yoast SEO plugin. -->","yoast_head_json":{"title":"BALCANI: Il Processo di Berlino continua. I risultati del vertice di Londra","description":"Il 9 e 10 luglio si \u00e8 svolto a Londra il quinto summit annuale che vede coinvolti sei paesi dei Balcani occidentali (Albania, Bosnia-Erzegovina, Macedonia, Montenegro, Kosovo e Serbia)","robots":{"index":"index","follow":"follow","max-snippet":"max-snippet:-1","max-image-preview":"max-image-preview:large","max-video-preview":"max-video-preview:-1"},"canonical":"https:\/\/www.pressenza.com\/it\/2018\/07\/balcani-processo-berlino-continua-irisultati-vertice-londra\/","og_locale":"it_IT","og_type":"article","og_title":"BALCANI: Il Processo di Berlino continua. I risultati del vertice di Londra","og_description":"Il 9 e 10 luglio si \u00e8 svolto a Londra il quinto summit annuale che vede coinvolti sei paesi dei Balcani occidentali (Albania, Bosnia-Erzegovina, Macedonia, Montenegro, Kosovo e Serbia)","og_url":"https:\/\/www.pressenza.com\/it\/2018\/07\/balcani-processo-berlino-continua-irisultati-vertice-londra\/","og_site_name":"Pressenza","article_publisher":"https:\/\/www.facebook.com\/PressenzaItalia","article_author":"https:\/\/www.facebook.com\/EaST-Journal-114874678534254\/","article_published_time":"2018-07-18T12:22:22+00:00","article_modified_time":"2018-07-18T12:24:25+00:00","og_image":[{"width":1054,"height":531,"url":"https:\/\/www.pressenza.com\/wp-content\/uploads\/2018\/07\/EU-candidate_countries_map.svg1_.png","type":"image\/png"}],"author":"East Journal","twitter_card":"summary_large_image","twitter_creator":"@PressenzaIPA","twitter_site":"@PressenzaIPA","twitter_misc":{"Scritto da":"East Journal","Tempo di lettura stimato":"4 minuti"},"schema":{"@context":"https:\/\/schema.org","@graph":[{"@type":"Article","@id":"https:\/\/www.pressenza.com\/it\/2018\/07\/balcani-processo-berlino-continua-irisultati-vertice-londra\/#article","isPartOf":{"@id":"https:\/\/www.pressenza.com\/it\/2018\/07\/balcani-processo-berlino-continua-irisultati-vertice-londra\/"},"author":{"name":"East Journal","@id":"https:\/\/www.pressenza.com\/it\/#\/schema\/person\/ac0b6e21874c411b7ae3f1183e5b7a5a"},"headline":"BALCANI: Il Processo di Berlino continua. I risultati del vertice di Londra","datePublished":"2018-07-18T12:22:22+00:00","dateModified":"2018-07-18T12:24:25+00:00","mainEntityOfPage":{"@id":"https:\/\/www.pressenza.com\/it\/2018\/07\/balcani-processo-berlino-continua-irisultati-vertice-londra\/"},"wordCount":782,"publisher":{"@id":"https:\/\/www.pressenza.com\/it\/#organization"},"image":{"@id":"https:\/\/www.pressenza.com\/it\/2018\/07\/balcani-processo-berlino-continua-irisultati-vertice-londra\/#primaryimage"},"thumbnailUrl":"https:\/\/www.pressenza.com\/wp-content\/uploads\/2018\/07\/EU-candidate_countries_map.svg1_.png","keywords":["Balcani","Europa","integrazione","processo di Berlino","vertice di Londra"],"articleSection":["Europa","Internazionale","Questioni internazionali"],"inLanguage":"it-IT"},{"@type":"WebPage","@id":"https:\/\/www.pressenza.com\/it\/2018\/07\/balcani-processo-berlino-continua-irisultati-vertice-londra\/","url":"https:\/\/www.pressenza.com\/it\/2018\/07\/balcani-processo-berlino-continua-irisultati-vertice-londra\/","name":"BALCANI: Il Processo di Berlino continua. I risultati del vertice di Londra","isPartOf":{"@id":"https:\/\/www.pressenza.com\/it\/#website"},"primaryImageOfPage":{"@id":"https:\/\/www.pressenza.com\/it\/2018\/07\/balcani-processo-berlino-continua-irisultati-vertice-londra\/#primaryimage"},"image":{"@id":"https:\/\/www.pressenza.com\/it\/2018\/07\/balcani-processo-berlino-continua-irisultati-vertice-londra\/#primaryimage"},"thumbnailUrl":"https:\/\/www.pressenza.com\/wp-content\/uploads\/2018\/07\/EU-candidate_countries_map.svg1_.png","datePublished":"2018-07-18T12:22:22+00:00","dateModified":"2018-07-18T12:24:25+00:00","description":"Il 9 e 10 luglio si \u00e8 svolto a Londra il quinto summit annuale che vede coinvolti sei paesi dei Balcani occidentali (Albania, Bosnia-Erzegovina, Macedonia, Montenegro, Kosovo e Serbia)","breadcrumb":{"@id":"https:\/\/www.pressenza.com\/it\/2018\/07\/balcani-processo-berlino-continua-irisultati-vertice-londra\/#breadcrumb"},"inLanguage":"it-IT","potentialAction":[{"@type":"ReadAction","target":["https:\/\/www.pressenza.com\/it\/2018\/07\/balcani-processo-berlino-continua-irisultati-vertice-londra\/"]}]},{"@type":"ImageObject","inLanguage":"it-IT","@id":"https:\/\/www.pressenza.com\/it\/2018\/07\/balcani-processo-berlino-continua-irisultati-vertice-londra\/#primaryimage","url":"https:\/\/www.pressenza.com\/wp-content\/uploads\/2018\/07\/EU-candidate_countries_map.svg1_.png","contentUrl":"https:\/\/www.pressenza.com\/wp-content\/uploads\/2018\/07\/EU-candidate_countries_map.svg1_.png","width":1054,"height":531},{"@type":"BreadcrumbList","@id":"https:\/\/www.pressenza.com\/it\/2018\/07\/balcani-processo-berlino-continua-irisultati-vertice-londra\/#breadcrumb","itemListElement":[{"@type":"ListItem","position":1,"name":"Accueil","item":"https:\/\/www.pressenza.com\/it\/"},{"@type":"ListItem","position":2,"name":"BALCANI: Il Processo di Berlino continua. I risultati del vertice di Londra"}]},{"@type":"WebSite","@id":"https:\/\/www.pressenza.com\/it\/#website","url":"https:\/\/www.pressenza.com\/it\/","name":"Pressenza","description":"Agenzia di Stampa Internazionale","publisher":{"@id":"https:\/\/www.pressenza.com\/it\/#organization"},"potentialAction":[{"@type":"SearchAction","target":{"@type":"EntryPoint","urlTemplate":"https:\/\/www.pressenza.com\/it\/?s={search_term_string}"},"query-input":{"@type":"PropertyValueSpecification","valueRequired":true,"valueName":"search_term_string"}}],"inLanguage":"it-IT"},{"@type":"Organization","@id":"https:\/\/www.pressenza.com\/it\/#organization","name":"Pressenza","url":"https:\/\/www.pressenza.com\/it\/","logo":{"@type":"ImageObject","inLanguage":"it-IT","@id":"https:\/\/www.pressenza.com\/it\/#\/schema\/logo\/image\/","url":"https:\/\/www.pressenza.com\/wp-content\/uploads\/2022\/10\/pressenza_logo_200x200.jpg","contentUrl":"https:\/\/www.pressenza.com\/wp-content\/uploads\/2022\/10\/pressenza_logo_200x200.jpg","width":200,"height":200,"caption":"Pressenza"},"image":{"@id":"https:\/\/www.pressenza.com\/it\/#\/schema\/logo\/image\/"},"sameAs":["https:\/\/www.facebook.com\/PressenzaItalia","https:\/\/x.com\/PressenzaIPA"]},{"@type":"Person","@id":"https:\/\/www.pressenza.com\/it\/#\/schema\/person\/ac0b6e21874c411b7ae3f1183e5b7a5a","name":"East Journal","sameAs":["http:\/\/www.eastjournal.net\/","https:\/\/www.facebook.com\/EaST-Journal-114874678534254\/"],"url":"https:\/\/www.pressenza.com\/it\/author\/east-journal\/"}]}},"place":"Marco Siragusa","original_article_url":"http:\/\/www.eastjournal.net\/archives\/91374","_links":{"self":[{"href":"https:\/\/www.pressenza.com\/it\/wp-json\/wp\/v2\/posts\/679369","targetHints":{"allow":["GET"]}}],"collection":[{"href":"https:\/\/www.pressenza.com\/it\/wp-json\/wp\/v2\/posts"}],"about":[{"href":"https:\/\/www.pressenza.com\/it\/wp-json\/wp\/v2\/types\/post"}],"author":[{"embeddable":true,"href":"https:\/\/www.pressenza.com\/it\/wp-json\/wp\/v2\/users\/1438"}],"replies":[{"embeddable":true,"href":"https:\/\/www.pressenza.com\/it\/wp-json\/wp\/v2\/comments?post=679369"}],"version-history":[{"count":0,"href":"https:\/\/www.pressenza.com\/it\/wp-json\/wp\/v2\/posts\/679369\/revisions"}],"wp:featuredmedia":[{"embeddable":true,"href":"https:\/\/www.pressenza.com\/it\/wp-json\/wp\/v2\/media\/679381"}],"wp:attachment":[{"href":"https:\/\/www.pressenza.com\/it\/wp-json\/wp\/v2\/media?parent=679369"}],"wp:term":[{"taxonomy":"category","embeddable":true,"href":"https:\/\/www.pressenza.com\/it\/wp-json\/wp\/v2\/categories?post=679369"},{"taxonomy":"post_tag","embeddable":true,"href":"https:\/\/www.pressenza.com\/it\/wp-json\/wp\/v2\/tags?post=679369"}],"curies":[{"name":"wp","href":"https:\/\/api.w.org\/{rel}","templated":true}]}}