{"id":676287,"date":"2018-07-12T13:39:48","date_gmt":"2018-07-12T12:39:48","guid":{"rendered":"https:\/\/www.pressenza.com\/?p=676287"},"modified":"2018-07-12T13:45:02","modified_gmt":"2018-07-12T12:45:02","slug":"stop-mare-mortum-condanna-storica-della-corte-suprema-al-governo-spagnolo","status":"publish","type":"post","link":"https:\/\/www.pressenza.com\/it\/2018\/07\/stop-mare-mortum-condanna-storica-della-corte-suprema-al-governo-spagnolo\/","title":{"rendered":"Stop Mare Mortum: condanna storica della Corte Suprema al governo spagnolo"},"content":{"rendered":"<p>La Corte Suprema condanna il governo spagnolo a rispettare l&#8217;impegno di esaminare le domande di asilo di 19.449 persone provenienti da Grecia e Italia, assunto con decisioni europee nel settembre 2015, nonostante la scadenza del mandato.<\/p>\n<p>Stop Mare Mortum, un movimento sociale che sostiene il cambiamento delle politiche migratorie ai fini dello sviluppo di un mondo basato sul rispetto dei diritti umani, considera questa decisione storica e senza precedenti, in quanto \u00e8 la prima volta che un tribunale nazionale condanna il suo governo.<\/p>\n<p>Solo sette giorni fa, Stop Mare Mortum ha denunciato l&#8217;uso politico e mediatico del salvataggio di 60 persone da parte di Open Arms. La piattaforma chiedeva un cambiamento delle politiche migratorie statali ed europee dal punto di vista dei diritti umani e non della minaccia dell&#8217;esternalizzazione delle frontiere; chiedeva accessi legali e sicuri al territorio affinch\u00e9 le persone non dovessero rischiare la vita lungo la strada e quindi essere salvate in alto mare; chiedeva inoltre la stessa attenzione anche in altri punti di arrivo, come la frontiera sud.<\/p>\n<p>Nell&#8217;aprile 2017 Stop Mare Mortum ha presentato ricorso per richiedere l&#8217;accoglienza di 19.449 persone. Ad oggi, ne sono state accettate solo 1.349, meno del 7% di quanto concordato. Questa sentenza dimostra che il rispetto dei diritti umani \u00e8 un obbligo degli Stati. Il diritto di asilo non \u00e8 discrezionale, pu\u00f2 essere fatto valere. Stop Mare Mortum afferma che \u00e8 il momento di ricordare che ci sono altri modi legali e sicuri per facilitare l&#8217;arrivo delle persone rimaste intrappolate nell&#8217;irregolarit\u00e0, vittime dei trafficanti di esseri umani di Grecia e Italia.<\/p>\n<p>La sentenza mostra anche una dimensione internazionale, in quanto fa appello al principio di solidariet\u00e0 e rende manifesto che la responsabilit\u00e0 dell&#8217;accoglienza non \u00e8 stata condivisa. Lo dimostrano i risultati dell&#8217;Italia, dove trionfano soluzioni populiste quando non c&#8217;\u00e8 risposta solidale.<\/p>\n<p>Stop Mare Mortum ritiene che questa vittoria dimostri che la societ\u00e0 civile organizzata pu\u00f2 esercitare un controllo sull&#8217;azione politica dei suoi governi e la considera un&#8217;opportunit\u00e0 &#8220;chiave&#8221; affinch\u00e9 il governo di Pedro S\u00e1nchez apporti cambiamenti alle politiche migratorie, assumendosi la responsabilit\u00e0 della sentenza nonostante non sia stata rispettata durante il mandato di Mariano Rajoy.<\/p>\n<p>&nbsp;<\/p>\n<p><em>Traduzione dallo spagnolo di Matilde Mirabella<\/em><\/p>\n","protected":false},"excerpt":{"rendered":"<p>La Corte Suprema condanna il governo spagnolo a rispettare l&#8217;impegno di esaminare le domande di asilo di 19.449 persone provenienti da Grecia e Italia, assunto con decisioni europee nel settembre 2015, nonostante la scadenza del mandato. Stop Mare Mortum, un&hellip;<\/p>\n","protected":false},"author":647,"featured_media":676134,"comment_status":"closed","ping_status":"closed","sticky":false,"template":"","format":"standard","meta":{"footnotes":""},"categories":[11388,60,47],"tags":[14847,1602,29069],"class_list":["post-676287","post","type-post","status-publish","format-standard","has-post-thumbnail","hentry","category-contenuti-originali","category-diritti-umani","category-europa","tag-politiche-migratorie","tag-spagna","tag-stop-mare-mortum"],"yoast_head":"<!-- This site is optimized with the Yoast SEO plugin v27.1.1 - https:\/\/yoast.com\/product\/yoast-seo-wordpress\/ -->\n<title>Stop Mare Mortum: condanna storica della Corte Suprema al governo spagnolo<\/title>\n<meta name=\"description\" content=\"La Corte Suprema condanna il governo spagnolo a rispettare l&#039;impegno di esaminare le domande di asilo di 19.449 nonostante la scadenza del mandato\" \/>\n<meta name=\"robots\" content=\"index, follow, max-snippet:-1, max-image-preview:large, max-video-preview:-1\" \/>\n<link rel=\"canonical\" href=\"https:\/\/www.pressenza.com\/it\/2018\/07\/stop-mare-mortum-condanna-storica-della-corte-suprema-al-governo-spagnolo\/\" \/>\n<meta property=\"og:locale\" content=\"it_IT\" \/>\n<meta property=\"og:type\" content=\"article\" \/>\n<meta property=\"og:title\" content=\"Stop Mare Mortum: condanna storica della Corte Suprema al governo spagnolo\" \/>\n<meta property=\"og:description\" content=\"La Corte Suprema condanna il governo spagnolo a rispettare l&#039;impegno di esaminare le domande di asilo di 19.449 nonostante la scadenza del mandato\" \/>\n<meta property=\"og:url\" content=\"https:\/\/www.pressenza.com\/it\/2018\/07\/stop-mare-mortum-condanna-storica-della-corte-suprema-al-governo-spagnolo\/\" \/>\n<meta property=\"og:site_name\" content=\"Pressenza\" \/>\n<meta property=\"article:publisher\" content=\"https:\/\/www.facebook.com\/PressenzaItalia\" \/>\n<meta property=\"article:published_time\" content=\"2018-07-12T12:39:48+00:00\" \/>\n<meta property=\"article:modified_time\" content=\"2018-07-12T12:45:02+00:00\" \/>\n<meta property=\"og:image\" content=\"https:\/\/www.pressenza.com\/wp-content\/uploads\/2018\/07\/STOP_M_M.jpg\" \/>\n\t<meta property=\"og:image:width\" content=\"1024\" \/>\n\t<meta property=\"og:image:height\" content=\"768\" \/>\n\t<meta property=\"og:image:type\" content=\"image\/jpeg\" \/>\n<meta name=\"author\" content=\"Raquel Paricio\" \/>\n<meta name=\"twitter:card\" content=\"summary_large_image\" \/>\n<meta name=\"twitter:creator\" content=\"@PressenzaIPA\" \/>\n<meta name=\"twitter:site\" content=\"@PressenzaIPA\" \/>\n<meta name=\"twitter:label1\" content=\"Scritto da\" \/>\n\t<meta name=\"twitter:data1\" content=\"Raquel Paricio\" \/>\n\t<meta name=\"twitter:label2\" content=\"Tempo di lettura stimato\" \/>\n\t<meta name=\"twitter:data2\" content=\"2 minuti\" \/>\n<script type=\"application\/ld+json\" class=\"yoast-schema-graph\">{\"@context\":\"https:\/\/schema.org\",\"@graph\":[{\"@type\":\"Article\",\"@id\":\"https:\/\/www.pressenza.com\/it\/2018\/07\/stop-mare-mortum-condanna-storica-della-corte-suprema-al-governo-spagnolo\/#article\",\"isPartOf\":{\"@id\":\"https:\/\/www.pressenza.com\/it\/2018\/07\/stop-mare-mortum-condanna-storica-della-corte-suprema-al-governo-spagnolo\/\"},\"author\":{\"name\":\"Raquel Paricio\",\"@id\":\"https:\/\/www.pressenza.com\/it\/#\/schema\/person\/7104466338f7b188aedd367b5e15c977\"},\"headline\":\"Stop Mare Mortum: condanna storica della Corte Suprema al governo spagnolo\",\"datePublished\":\"2018-07-12T12:39:48+00:00\",\"dateModified\":\"2018-07-12T12:45:02+00:00\",\"mainEntityOfPage\":{\"@id\":\"https:\/\/www.pressenza.com\/it\/2018\/07\/stop-mare-mortum-condanna-storica-della-corte-suprema-al-governo-spagnolo\/\"},\"wordCount\":372,\"publisher\":{\"@id\":\"https:\/\/www.pressenza.com\/it\/#organization\"},\"image\":{\"@id\":\"https:\/\/www.pressenza.com\/it\/2018\/07\/stop-mare-mortum-condanna-storica-della-corte-suprema-al-governo-spagnolo\/#primaryimage\"},\"thumbnailUrl\":\"https:\/\/www.pressenza.com\/wp-content\/uploads\/2018\/07\/STOP_M_M.jpg\",\"keywords\":[\"politiche migratorie\",\"Spagna\",\"stop mare mortum\"],\"articleSection\":[\"contenuti originali\",\"Diritti Umani\",\"Europa\"],\"inLanguage\":\"it-IT\"},{\"@type\":\"WebPage\",\"@id\":\"https:\/\/www.pressenza.com\/it\/2018\/07\/stop-mare-mortum-condanna-storica-della-corte-suprema-al-governo-spagnolo\/\",\"url\":\"https:\/\/www.pressenza.com\/it\/2018\/07\/stop-mare-mortum-condanna-storica-della-corte-suprema-al-governo-spagnolo\/\",\"name\":\"Stop Mare Mortum: condanna storica della Corte Suprema al governo spagnolo\",\"isPartOf\":{\"@id\":\"https:\/\/www.pressenza.com\/it\/#website\"},\"primaryImageOfPage\":{\"@id\":\"https:\/\/www.pressenza.com\/it\/2018\/07\/stop-mare-mortum-condanna-storica-della-corte-suprema-al-governo-spagnolo\/#primaryimage\"},\"image\":{\"@id\":\"https:\/\/www.pressenza.com\/it\/2018\/07\/stop-mare-mortum-condanna-storica-della-corte-suprema-al-governo-spagnolo\/#primaryimage\"},\"thumbnailUrl\":\"https:\/\/www.pressenza.com\/wp-content\/uploads\/2018\/07\/STOP_M_M.jpg\",\"datePublished\":\"2018-07-12T12:39:48+00:00\",\"dateModified\":\"2018-07-12T12:45:02+00:00\",\"description\":\"La Corte Suprema condanna il governo spagnolo a rispettare l'impegno di esaminare le domande di asilo di 19.449 nonostante la scadenza del mandato\",\"breadcrumb\":{\"@id\":\"https:\/\/www.pressenza.com\/it\/2018\/07\/stop-mare-mortum-condanna-storica-della-corte-suprema-al-governo-spagnolo\/#breadcrumb\"},\"inLanguage\":\"it-IT\",\"potentialAction\":[{\"@type\":\"ReadAction\",\"target\":[\"https:\/\/www.pressenza.com\/it\/2018\/07\/stop-mare-mortum-condanna-storica-della-corte-suprema-al-governo-spagnolo\/\"]}]},{\"@type\":\"ImageObject\",\"inLanguage\":\"it-IT\",\"@id\":\"https:\/\/www.pressenza.com\/it\/2018\/07\/stop-mare-mortum-condanna-storica-della-corte-suprema-al-governo-spagnolo\/#primaryimage\",\"url\":\"https:\/\/www.pressenza.com\/wp-content\/uploads\/2018\/07\/STOP_M_M.jpg\",\"contentUrl\":\"https:\/\/www.pressenza.com\/wp-content\/uploads\/2018\/07\/STOP_M_M.jpg\",\"width\":1024,\"height\":768},{\"@type\":\"BreadcrumbList\",\"@id\":\"https:\/\/www.pressenza.com\/it\/2018\/07\/stop-mare-mortum-condanna-storica-della-corte-suprema-al-governo-spagnolo\/#breadcrumb\",\"itemListElement\":[{\"@type\":\"ListItem\",\"position\":1,\"name\":\"Accueil\",\"item\":\"https:\/\/www.pressenza.com\/it\/\"},{\"@type\":\"ListItem\",\"position\":2,\"name\":\"Stop Mare Mortum: condanna storica della Corte Suprema al governo spagnolo\"}]},{\"@type\":\"WebSite\",\"@id\":\"https:\/\/www.pressenza.com\/it\/#website\",\"url\":\"https:\/\/www.pressenza.com\/it\/\",\"name\":\"Pressenza\",\"description\":\"Agenzia di Stampa Internazionale\",\"publisher\":{\"@id\":\"https:\/\/www.pressenza.com\/it\/#organization\"},\"potentialAction\":[{\"@type\":\"SearchAction\",\"target\":{\"@type\":\"EntryPoint\",\"urlTemplate\":\"https:\/\/www.pressenza.com\/it\/?s={search_term_string}\"},\"query-input\":{\"@type\":\"PropertyValueSpecification\",\"valueRequired\":true,\"valueName\":\"search_term_string\"}}],\"inLanguage\":\"it-IT\"},{\"@type\":\"Organization\",\"@id\":\"https:\/\/www.pressenza.com\/it\/#organization\",\"name\":\"Pressenza\",\"url\":\"https:\/\/www.pressenza.com\/it\/\",\"logo\":{\"@type\":\"ImageObject\",\"inLanguage\":\"it-IT\",\"@id\":\"https:\/\/www.pressenza.com\/it\/#\/schema\/logo\/image\/\",\"url\":\"https:\/\/www.pressenza.com\/wp-content\/uploads\/2022\/10\/pressenza_logo_200x200.jpg\",\"contentUrl\":\"https:\/\/www.pressenza.com\/wp-content\/uploads\/2022\/10\/pressenza_logo_200x200.jpg\",\"width\":200,\"height\":200,\"caption\":\"Pressenza\"},\"image\":{\"@id\":\"https:\/\/www.pressenza.com\/it\/#\/schema\/logo\/image\/\"},\"sameAs\":[\"https:\/\/www.facebook.com\/PressenzaItalia\",\"https:\/\/x.com\/PressenzaIPA\"]},{\"@type\":\"Person\",\"@id\":\"https:\/\/www.pressenza.com\/it\/#\/schema\/person\/7104466338f7b188aedd367b5e15c977\",\"name\":\"Raquel Paricio\",\"description\":\"Docente. Artista. Humanista. Doctora en Arte y Tecnolog\u00eda. Investiga en las diferentes escuelas de meditaci\u00f3n de diferentes culturas.\",\"url\":\"https:\/\/www.pressenza.com\/it\/author\/raquel-paricio\/\"}]}<\/script>\n<!-- \/ Yoast SEO plugin. -->","yoast_head_json":{"title":"Stop Mare Mortum: condanna storica della Corte Suprema al governo spagnolo","description":"La Corte Suprema condanna il governo spagnolo a rispettare l'impegno di esaminare le domande di asilo di 19.449 nonostante la scadenza del mandato","robots":{"index":"index","follow":"follow","max-snippet":"max-snippet:-1","max-image-preview":"max-image-preview:large","max-video-preview":"max-video-preview:-1"},"canonical":"https:\/\/www.pressenza.com\/it\/2018\/07\/stop-mare-mortum-condanna-storica-della-corte-suprema-al-governo-spagnolo\/","og_locale":"it_IT","og_type":"article","og_title":"Stop Mare Mortum: condanna storica della Corte Suprema al governo spagnolo","og_description":"La Corte Suprema condanna il governo spagnolo a rispettare l'impegno di esaminare le domande di asilo di 19.449 nonostante la scadenza del mandato","og_url":"https:\/\/www.pressenza.com\/it\/2018\/07\/stop-mare-mortum-condanna-storica-della-corte-suprema-al-governo-spagnolo\/","og_site_name":"Pressenza","article_publisher":"https:\/\/www.facebook.com\/PressenzaItalia","article_published_time":"2018-07-12T12:39:48+00:00","article_modified_time":"2018-07-12T12:45:02+00:00","og_image":[{"width":1024,"height":768,"url":"https:\/\/www.pressenza.com\/wp-content\/uploads\/2018\/07\/STOP_M_M.jpg","type":"image\/jpeg"}],"author":"Raquel Paricio","twitter_card":"summary_large_image","twitter_creator":"@PressenzaIPA","twitter_site":"@PressenzaIPA","twitter_misc":{"Scritto da":"Raquel Paricio","Tempo di lettura stimato":"2 minuti"},"schema":{"@context":"https:\/\/schema.org","@graph":[{"@type":"Article","@id":"https:\/\/www.pressenza.com\/it\/2018\/07\/stop-mare-mortum-condanna-storica-della-corte-suprema-al-governo-spagnolo\/#article","isPartOf":{"@id":"https:\/\/www.pressenza.com\/it\/2018\/07\/stop-mare-mortum-condanna-storica-della-corte-suprema-al-governo-spagnolo\/"},"author":{"name":"Raquel Paricio","@id":"https:\/\/www.pressenza.com\/it\/#\/schema\/person\/7104466338f7b188aedd367b5e15c977"},"headline":"Stop Mare Mortum: condanna storica della Corte Suprema al governo spagnolo","datePublished":"2018-07-12T12:39:48+00:00","dateModified":"2018-07-12T12:45:02+00:00","mainEntityOfPage":{"@id":"https:\/\/www.pressenza.com\/it\/2018\/07\/stop-mare-mortum-condanna-storica-della-corte-suprema-al-governo-spagnolo\/"},"wordCount":372,"publisher":{"@id":"https:\/\/www.pressenza.com\/it\/#organization"},"image":{"@id":"https:\/\/www.pressenza.com\/it\/2018\/07\/stop-mare-mortum-condanna-storica-della-corte-suprema-al-governo-spagnolo\/#primaryimage"},"thumbnailUrl":"https:\/\/www.pressenza.com\/wp-content\/uploads\/2018\/07\/STOP_M_M.jpg","keywords":["politiche migratorie","Spagna","stop mare mortum"],"articleSection":["contenuti originali","Diritti Umani","Europa"],"inLanguage":"it-IT"},{"@type":"WebPage","@id":"https:\/\/www.pressenza.com\/it\/2018\/07\/stop-mare-mortum-condanna-storica-della-corte-suprema-al-governo-spagnolo\/","url":"https:\/\/www.pressenza.com\/it\/2018\/07\/stop-mare-mortum-condanna-storica-della-corte-suprema-al-governo-spagnolo\/","name":"Stop Mare Mortum: condanna storica della Corte Suprema al governo spagnolo","isPartOf":{"@id":"https:\/\/www.pressenza.com\/it\/#website"},"primaryImageOfPage":{"@id":"https:\/\/www.pressenza.com\/it\/2018\/07\/stop-mare-mortum-condanna-storica-della-corte-suprema-al-governo-spagnolo\/#primaryimage"},"image":{"@id":"https:\/\/www.pressenza.com\/it\/2018\/07\/stop-mare-mortum-condanna-storica-della-corte-suprema-al-governo-spagnolo\/#primaryimage"},"thumbnailUrl":"https:\/\/www.pressenza.com\/wp-content\/uploads\/2018\/07\/STOP_M_M.jpg","datePublished":"2018-07-12T12:39:48+00:00","dateModified":"2018-07-12T12:45:02+00:00","description":"La Corte Suprema condanna il governo spagnolo a rispettare l'impegno di esaminare le domande di asilo di 19.449 nonostante la scadenza del mandato","breadcrumb":{"@id":"https:\/\/www.pressenza.com\/it\/2018\/07\/stop-mare-mortum-condanna-storica-della-corte-suprema-al-governo-spagnolo\/#breadcrumb"},"inLanguage":"it-IT","potentialAction":[{"@type":"ReadAction","target":["https:\/\/www.pressenza.com\/it\/2018\/07\/stop-mare-mortum-condanna-storica-della-corte-suprema-al-governo-spagnolo\/"]}]},{"@type":"ImageObject","inLanguage":"it-IT","@id":"https:\/\/www.pressenza.com\/it\/2018\/07\/stop-mare-mortum-condanna-storica-della-corte-suprema-al-governo-spagnolo\/#primaryimage","url":"https:\/\/www.pressenza.com\/wp-content\/uploads\/2018\/07\/STOP_M_M.jpg","contentUrl":"https:\/\/www.pressenza.com\/wp-content\/uploads\/2018\/07\/STOP_M_M.jpg","width":1024,"height":768},{"@type":"BreadcrumbList","@id":"https:\/\/www.pressenza.com\/it\/2018\/07\/stop-mare-mortum-condanna-storica-della-corte-suprema-al-governo-spagnolo\/#breadcrumb","itemListElement":[{"@type":"ListItem","position":1,"name":"Accueil","item":"https:\/\/www.pressenza.com\/it\/"},{"@type":"ListItem","position":2,"name":"Stop Mare Mortum: condanna storica della Corte Suprema al governo spagnolo"}]},{"@type":"WebSite","@id":"https:\/\/www.pressenza.com\/it\/#website","url":"https:\/\/www.pressenza.com\/it\/","name":"Pressenza","description":"Agenzia di Stampa Internazionale","publisher":{"@id":"https:\/\/www.pressenza.com\/it\/#organization"},"potentialAction":[{"@type":"SearchAction","target":{"@type":"EntryPoint","urlTemplate":"https:\/\/www.pressenza.com\/it\/?s={search_term_string}"},"query-input":{"@type":"PropertyValueSpecification","valueRequired":true,"valueName":"search_term_string"}}],"inLanguage":"it-IT"},{"@type":"Organization","@id":"https:\/\/www.pressenza.com\/it\/#organization","name":"Pressenza","url":"https:\/\/www.pressenza.com\/it\/","logo":{"@type":"ImageObject","inLanguage":"it-IT","@id":"https:\/\/www.pressenza.com\/it\/#\/schema\/logo\/image\/","url":"https:\/\/www.pressenza.com\/wp-content\/uploads\/2022\/10\/pressenza_logo_200x200.jpg","contentUrl":"https:\/\/www.pressenza.com\/wp-content\/uploads\/2022\/10\/pressenza_logo_200x200.jpg","width":200,"height":200,"caption":"Pressenza"},"image":{"@id":"https:\/\/www.pressenza.com\/it\/#\/schema\/logo\/image\/"},"sameAs":["https:\/\/www.facebook.com\/PressenzaItalia","https:\/\/x.com\/PressenzaIPA"]},{"@type":"Person","@id":"https:\/\/www.pressenza.com\/it\/#\/schema\/person\/7104466338f7b188aedd367b5e15c977","name":"Raquel Paricio","description":"Docente. Artista. Humanista. Doctora en Arte y Tecnolog\u00eda. Investiga en las diferentes escuelas de meditaci\u00f3n de diferentes culturas.","url":"https:\/\/www.pressenza.com\/it\/author\/raquel-paricio\/"}]}},"place":"","original_article_url":"","_links":{"self":[{"href":"https:\/\/www.pressenza.com\/it\/wp-json\/wp\/v2\/posts\/676287","targetHints":{"allow":["GET"]}}],"collection":[{"href":"https:\/\/www.pressenza.com\/it\/wp-json\/wp\/v2\/posts"}],"about":[{"href":"https:\/\/www.pressenza.com\/it\/wp-json\/wp\/v2\/types\/post"}],"author":[{"embeddable":true,"href":"https:\/\/www.pressenza.com\/it\/wp-json\/wp\/v2\/users\/647"}],"replies":[{"embeddable":true,"href":"https:\/\/www.pressenza.com\/it\/wp-json\/wp\/v2\/comments?post=676287"}],"version-history":[{"count":0,"href":"https:\/\/www.pressenza.com\/it\/wp-json\/wp\/v2\/posts\/676287\/revisions"}],"wp:featuredmedia":[{"embeddable":true,"href":"https:\/\/www.pressenza.com\/it\/wp-json\/wp\/v2\/media\/676134"}],"wp:attachment":[{"href":"https:\/\/www.pressenza.com\/it\/wp-json\/wp\/v2\/media?parent=676287"}],"wp:term":[{"taxonomy":"category","embeddable":true,"href":"https:\/\/www.pressenza.com\/it\/wp-json\/wp\/v2\/categories?post=676287"},{"taxonomy":"post_tag","embeddable":true,"href":"https:\/\/www.pressenza.com\/it\/wp-json\/wp\/v2\/tags?post=676287"}],"curies":[{"name":"wp","href":"https:\/\/api.w.org\/{rel}","templated":true}]}}