{"id":676066,"date":"2018-07-11T21:26:43","date_gmt":"2018-07-11T20:26:43","guid":{"rendered":"https:\/\/www.pressenza.com\/?p=676066"},"modified":"2018-07-11T21:27:50","modified_gmt":"2018-07-11T20:27:50","slug":"bosnia-srebrenica-tra-rito-e-doverosa-memoria","status":"publish","type":"post","link":"https:\/\/www.pressenza.com\/it\/2018\/07\/bosnia-srebrenica-tra-rito-e-doverosa-memoria\/","title":{"rendered":"BOSNIA: Srebrenica, tra rito e doverosa memoria"},"content":{"rendered":"<div class=\"entry\">\n<p>E\u2019 in corso in questi giorni l\u2019annuale <strong>marcia della pace <\/strong><a href=\"http:\/\/www.sarajevotimes.com\/peace-march-sarajevo-nezuk-potocari-2018-starts-soon\/\" target=\"_blank\" rel=\"noopener\">organizzata<\/a> dall\u2019associazione bosniaca \u201cSvjedoci svog vremena\u201d(<strong>Testimoni del loro Tempo<\/strong>), in cooperazione con diverse sigle sindacali, per ricordare il <strong>genocidio di Srebrenica<\/strong>. Partita il 3 luglio scorso da Sarajevo, la marcia si conclude l\u201911 luglio a<strong> Potocari<\/strong>, sede del mausoleo ove hanno trovato sepoltura le\u00a0<strong>vittime<\/strong> di quello che \u00e8 stato l\u2019episodio pi\u00f9 drammatico dell\u2019intero conflitto nell\u2019ex-Jugoslavia.<\/p>\n<p><strong>I fatti<\/strong><\/p>\n<p>La data non \u00e8 casuale, ovviamente, ma coincide con quella dell\u2019ingresso del generale <strong>Ratko Mladic<\/strong> e delle truppe serbo-bosniache a Srebrenica. Era il 1995 e i fatti sono noti: l\u2019accerchiamento durato oltre tre anni, la citt\u00e0 dichiarata \u201carea protetta\u201d dall\u2019<strong>ONU<\/strong> ma, di fatto, abbandonata al proprio destino e, infine, il <a href=\"https:\/\/www.eastjournal.net\/archives\/1879\" target=\"_blank\" rel=\"noopener\">massacro<\/a> di oltre <strong>8000 cittadini inermi<\/strong>, perlopi\u00f9 musulmani maschi. Permangono, tuttavia, molte zone d\u2019ombra sulla vicenda, una su tutte il <a href=\"https:\/\/www.theguardian.com\/world\/2015\/jul\/04\/how-britain-and-us-abandoned-srebrenica-massacre-1995\" target=\"_blank\" rel=\"noopener\">sospetto<\/a> che la citt\u00e0 fu \u201csacrificata\u201d dalle potenze occidentali sull\u2019altare della realpolitik in cambio dell\u2019allentamento dell\u2019assedio di Sarajevo e del raggiungimento di un <strong>accordo di pace<\/strong> con i serbi.<\/p>\n<p><strong>Le condanne<\/strong><\/p>\n<p>Sul fronte giudiziario molto \u00e8 stato fatto e dopo i primi <strong>ergastoli<\/strong>\u00a0comminati a personaggi di \u201csecondo piano\u201d, \u00e8 arrivato anche il giudizio per il principale responsabile politico di quella carneficina, <strong>Radovan Karadzic.<\/strong>\u00a0Riconosciuto colpevole, tra l\u2019altro, del genocidio compiuto a Srebrenica, \u00e8 stato <a href=\"https:\/\/www.eastjournal.net\/archives\/71391\" target=\"_blank\" rel=\"noopener\">condannato<\/a> dal Tribunale penale internazionale per l\u2019ex Jugoslavia delle Nazioni Unite (<strong>ICTY<\/strong>) a 40 anni di carcere in primo grado, tra le <strong>proteste<\/strong> incrociate dei parenti delle vittime, che hanno ritenuto la punizione troppo \u201cmite\u201d, e dei governi serbo e russo che hanno parlato, al contrario, di \u201cgiustizia selettiva\u201d e \u201csentenza politica\u201d.<\/p>\n<p>Per conoscere la sorte definitiva dell\u2019ultimo protagonista, <strong>Ratko Mladic<\/strong>, bisogner\u00e0 invece aspettare la sentenza d\u2019appello, dopo la <a href=\"https:\/\/www.eastjournal.net\/archives\/87179\" target=\"_blank\" rel=\"noopener\">condanna<\/a> all\u2019ergastolo inflittagli in primo grado nel novembre scorso. Sulla sua testa pendono, oltre agli undici capi d\u2019accusa per i quali \u00e8 stato riconosciuto <strong>colpevole<\/strong>, anche le parole con cui il procuratore Alan Tieger ne richiese la massima pena: \u201cQualunque condanna diversa da quella massima prescritta dalla legge \u2013 l\u2019ergastolo \u2013 sarebbe un insulto alle vittime, vive o morte, e un affronto alla giustizia\u201d.<\/p>\n<p>D\u2019altra parte molti dei presunti colpevoli dell\u2019eccidio sono, ad oggi, ancora a <strong>piede libero<\/strong> in Serbia, come <strong>Milorad Pelemis<\/strong>, capo del famigerato 10\u00b0 Distaccamento di sabotaggio dell\u2019esercito serbo-bosniaco e responsabile, secondo l\u2019accusa, d\u2019aver <strong>massacrato<\/strong> centinaia di persone presso la fattoria di Branjevo, dopo averle deportate da Srebrenica. E\u2019 proprio in considerazione di questa situazione che Murat Tahirovic, presidente dell\u2019Associazione delle vittime di Srebrenica, ha amaramente commentato in questi giorni che non esiste, da parte serba, un vero desiderio di cooperare con la Bosnia Erzegovina per perseguire i criminali di guerra nonostante l\u2019<strong>accordo<\/strong> formale stipulato tra i due paesi nel 2013.<\/p>\n<p><strong>Il fronte politico<\/strong><\/p>\n<p>Ma se, seppure con delle lacune, la giustizia pare aver completato larga parte del proprio percorso di condanna delle colpe individuali, \u00e8 sul <strong>fronte politico<\/strong>, e in particolare su quello del riconoscimento delle <strong>responsabilit\u00e0<\/strong> dei singoli Stati, che il cammino sembra pi\u00f9 impervio. Se \u00e8 vero che nel 2017 l\u2019<strong>Olanda<\/strong> \u00e8 stata definitivamente <a href=\"https:\/\/www.eastjournal.net\/archives\/85110\" target=\"_blank\" rel=\"noopener\">ritenuta<\/a> \u201ccivilmente responsabile\u201d dall\u2019ICTY per la morte di 300 civili uccisi a Srebrenica, \u00e8 altrettanto vero che la condanna dello stato serbo per il genocidio non \u00e8 invece arrivata. N\u00e9 mai arriver\u00e0, come confermato dal <a href=\"https:\/\/www.nytimes.com\/2017\/03\/09\/world\/europe\/bosnia-international-court-of-justice.html\" target=\"_blank\" rel=\"noopener\">pronunciamento<\/a> della Corte Internazionale di Giustizia che ha respinto la richiesta di revisione della sentenza con cui nel 2007 la medesima corte aveva concluso che \u201cla <strong>Serbia<\/strong> non \u00e8 direttamente responsabile per il genocidio di Srebrenica\u201d pur sottolineando che essa \u201cnon ha fatto tutto quello che era in suo potere per impedire il delitto di genocidio\u201d.<\/p>\n<p>Anche l\u2019iter per il riconoscimento ufficiale delle <strong>Nazioni Unite<\/strong> di Srebrenica come <strong>genocidio<\/strong> sembra definitivamente sbarrato. A tal proposito esiste solo una sentenza formulata dall\u2019ICTY nel 2004, ma il veto imposto dalla <strong>Russia<\/strong> nel luglio del 2015 sulla bozza di risoluzione al Consiglio di sicurezza ha, di fatto, impedito che vi fossero ulteriori sviluppi nel processo. La parola genocidio, dunque, scava una trincea incolmabile e sembra <strong>dividere<\/strong> in modo irreparabile i bosgnacchi dai serbi e, dunque, i bosniaci tra di loro.<\/p>\n<p><strong>Srebrenica oggi<\/strong><\/p>\n<p>Srebrenica arriva oggi a queste celebrazioni come l\u2019esatto ritratto dello stato di salute dell\u2019intero paese: in profonda <strong>crisi economica e sociale<\/strong> come dimostrato da uno spopolamento inarrestabile che ne ha ridotto ad un terzo i cittadini rispetto a quelli registrati prima della guerra. E ancora: spaccata su <strong>basi etniche<\/strong> e tormentata dall\u2019impossibilit\u00e0 di trovare una narrazione comune dei fatti che l\u2019hanno cos\u00ec tragicamente coinvolta, fino all\u2019<a href=\"https:\/\/www.theguardian.com\/world\/2016\/oct\/17\/srebrenica-elects-mladen-grujicic-mayor-serb-denies-massacre-genocide\" target=\"_blank\" rel=\"noopener\">elezione<\/a> choc, nel 2016, del primo <strong>sindaco serbo<\/strong> della sua storia, Mladen Grujicic.<\/p>\n<p>Recuperare il senso profondo di ci\u00f2 che accadde a Srebrenica significa dare una chance in pi\u00f9 di ripresa all\u2019intera <strong>Bosnia Erzegovina<\/strong>, paese che ha un ruolo chiave nell\u2019equilibrio geopolitico dell\u2019intera area balcanica. In questo senso appare oltremodo evocativa la proposta <a href=\"http:\/\/www.repubblica.it\/esteri\/2015\/07\/11\/news\/ritorno_a_srebrenica_tra_i_sopravvissuti_che_non_dimenticano-118832967\/?ref=search\" target=\"_blank\" rel=\"noopener\">avanzata<\/a> da alcuni intellettuali di concedere a Srebrenica uno \u201cstatuto internazionale indipendente come <strong>patrimonio dell\u2019umanit\u00e0<\/strong>\u201d.<\/p>\n<p>E\u2019 per questa ragione che la marcia dei \u201cTestimoni\u201d, cos\u00ec come le molte iniziative di questi giorni, va oltre il mero significato di testimonianza rituale, apparendo, al contrario, assolutamente <strong>attuale<\/strong>. Un atto simbolico, s\u00ec, ma quanto mai necessario. Senza perdere di vista la cosa pi\u00f9 importante: anche quest\u2019anno si riproporr\u00e0 la cerimonia della <strong>sepoltura<\/strong> di coloro cui \u00e8 stato possibile dare un nome dopo anni di studi e di analisi: saranno 35. <strong>Trentacinque<\/strong> ragioni in pi\u00f9 per ricordare.<\/p>\n<div class=\"twitter-share\"><\/div>\n<\/div>\n","protected":false},"excerpt":{"rendered":"<p>E\u2019 in corso in questi giorni l\u2019annuale marcia della pace organizzata dall\u2019associazione bosniaca \u201cSvjedoci svog vremena\u201d(Testimoni del loro Tempo), in cooperazione con diverse sigle sindacali, per ricordare il genocidio di Srebrenica. Partita il 3 luglio scorso da Sarajevo, la marcia&hellip;<\/p>\n","protected":false},"author":1438,"featured_media":676067,"comment_status":"closed","ping_status":"closed","sticky":false,"template":"","format":"standard","meta":{"footnotes":""},"categories":[47,162,1263],"tags":[4910,6714,294,4469,18508],"class_list":["post-676066","post","type-post","status-publish","format-standard","has-post-thumbnail","hentry","category-europa","category-opinioni","category-pace-disarmo","tag-bosnia","tag-marcia","tag-pace","tag-serbia","tag-srebrenica"],"yoast_head":"<!-- This site is optimized with the Yoast SEO plugin v27.1.1 - https:\/\/yoast.com\/product\/yoast-seo-wordpress\/ -->\n<title>BOSNIA: Srebrenica, tra rito e doverosa memoria<\/title>\n<meta name=\"description\" content=\"E\u2019 in corso in questi giorni l\u2019annuale marcia della pace organizzata per ricordare il genocidio di Srebrenica. Si conclude l\u201911 luglio a Potocari\" \/>\n<meta name=\"robots\" content=\"index, follow, max-snippet:-1, max-image-preview:large, max-video-preview:-1\" \/>\n<link rel=\"canonical\" href=\"https:\/\/www.pressenza.com\/it\/2018\/07\/bosnia-srebrenica-tra-rito-e-doverosa-memoria\/\" \/>\n<meta property=\"og:locale\" content=\"it_IT\" \/>\n<meta property=\"og:type\" content=\"article\" \/>\n<meta property=\"og:title\" content=\"BOSNIA: Srebrenica, tra rito e doverosa memoria\" \/>\n<meta property=\"og:description\" content=\"E\u2019 in corso in questi giorni l\u2019annuale marcia della pace organizzata per ricordare il genocidio di Srebrenica. Si conclude l\u201911 luglio a Potocari\" \/>\n<meta property=\"og:url\" content=\"https:\/\/www.pressenza.com\/it\/2018\/07\/bosnia-srebrenica-tra-rito-e-doverosa-memoria\/\" \/>\n<meta property=\"og:site_name\" content=\"Pressenza\" \/>\n<meta property=\"article:publisher\" content=\"https:\/\/www.facebook.com\/PressenzaItalia\" \/>\n<meta property=\"article:author\" content=\"https:\/\/www.facebook.com\/EaST-Journal-114874678534254\/\" \/>\n<meta property=\"article:published_time\" content=\"2018-07-11T20:26:43+00:00\" \/>\n<meta property=\"article:modified_time\" content=\"2018-07-11T20:27:50+00:00\" \/>\n<meta property=\"og:image\" content=\"https:\/\/www.pressenza.com\/wp-content\/uploads\/2018\/07\/SrebrenicaMarchofPeaceRoadtoFreedom20106.jpg\" \/>\n\t<meta property=\"og:image:width\" content=\"732\" \/>\n\t<meta property=\"og:image:height\" content=\"490\" \/>\n\t<meta property=\"og:image:type\" content=\"image\/jpeg\" \/>\n<meta name=\"author\" content=\"East Journal\" \/>\n<meta name=\"twitter:card\" content=\"summary_large_image\" \/>\n<meta name=\"twitter:creator\" content=\"@PressenzaIPA\" \/>\n<meta name=\"twitter:site\" content=\"@PressenzaIPA\" \/>\n<meta name=\"twitter:label1\" content=\"Scritto da\" \/>\n\t<meta name=\"twitter:data1\" content=\"East Journal\" \/>\n\t<meta name=\"twitter:label2\" content=\"Tempo di lettura stimato\" \/>\n\t<meta name=\"twitter:data2\" content=\"5 minuti\" \/>\n<script type=\"application\/ld+json\" class=\"yoast-schema-graph\">{\"@context\":\"https:\/\/schema.org\",\"@graph\":[{\"@type\":\"Article\",\"@id\":\"https:\/\/www.pressenza.com\/it\/2018\/07\/bosnia-srebrenica-tra-rito-e-doverosa-memoria\/#article\",\"isPartOf\":{\"@id\":\"https:\/\/www.pressenza.com\/it\/2018\/07\/bosnia-srebrenica-tra-rito-e-doverosa-memoria\/\"},\"author\":{\"name\":\"East Journal\",\"@id\":\"https:\/\/www.pressenza.com\/it\/#\/schema\/person\/ac0b6e21874c411b7ae3f1183e5b7a5a\"},\"headline\":\"BOSNIA: Srebrenica, tra rito e doverosa memoria\",\"datePublished\":\"2018-07-11T20:26:43+00:00\",\"dateModified\":\"2018-07-11T20:27:50+00:00\",\"mainEntityOfPage\":{\"@id\":\"https:\/\/www.pressenza.com\/it\/2018\/07\/bosnia-srebrenica-tra-rito-e-doverosa-memoria\/\"},\"wordCount\":907,\"publisher\":{\"@id\":\"https:\/\/www.pressenza.com\/it\/#organization\"},\"image\":{\"@id\":\"https:\/\/www.pressenza.com\/it\/2018\/07\/bosnia-srebrenica-tra-rito-e-doverosa-memoria\/#primaryimage\"},\"thumbnailUrl\":\"https:\/\/www.pressenza.com\/wp-content\/uploads\/2018\/07\/SrebrenicaMarchofPeaceRoadtoFreedom20106.jpg\",\"keywords\":[\"Bosnia\",\"marcia\",\"Pace\",\"Serbia\",\"Srebrenica\"],\"articleSection\":[\"Europa\",\"Opinioni\",\"Pace e Disarmo\"],\"inLanguage\":\"it-IT\"},{\"@type\":\"WebPage\",\"@id\":\"https:\/\/www.pressenza.com\/it\/2018\/07\/bosnia-srebrenica-tra-rito-e-doverosa-memoria\/\",\"url\":\"https:\/\/www.pressenza.com\/it\/2018\/07\/bosnia-srebrenica-tra-rito-e-doverosa-memoria\/\",\"name\":\"BOSNIA: Srebrenica, tra rito e doverosa memoria\",\"isPartOf\":{\"@id\":\"https:\/\/www.pressenza.com\/it\/#website\"},\"primaryImageOfPage\":{\"@id\":\"https:\/\/www.pressenza.com\/it\/2018\/07\/bosnia-srebrenica-tra-rito-e-doverosa-memoria\/#primaryimage\"},\"image\":{\"@id\":\"https:\/\/www.pressenza.com\/it\/2018\/07\/bosnia-srebrenica-tra-rito-e-doverosa-memoria\/#primaryimage\"},\"thumbnailUrl\":\"https:\/\/www.pressenza.com\/wp-content\/uploads\/2018\/07\/SrebrenicaMarchofPeaceRoadtoFreedom20106.jpg\",\"datePublished\":\"2018-07-11T20:26:43+00:00\",\"dateModified\":\"2018-07-11T20:27:50+00:00\",\"description\":\"E\u2019 in corso in questi giorni l\u2019annuale marcia della pace organizzata per ricordare il genocidio di Srebrenica. Si conclude l\u201911 luglio a Potocari\",\"breadcrumb\":{\"@id\":\"https:\/\/www.pressenza.com\/it\/2018\/07\/bosnia-srebrenica-tra-rito-e-doverosa-memoria\/#breadcrumb\"},\"inLanguage\":\"it-IT\",\"potentialAction\":[{\"@type\":\"ReadAction\",\"target\":[\"https:\/\/www.pressenza.com\/it\/2018\/07\/bosnia-srebrenica-tra-rito-e-doverosa-memoria\/\"]}]},{\"@type\":\"ImageObject\",\"inLanguage\":\"it-IT\",\"@id\":\"https:\/\/www.pressenza.com\/it\/2018\/07\/bosnia-srebrenica-tra-rito-e-doverosa-memoria\/#primaryimage\",\"url\":\"https:\/\/www.pressenza.com\/wp-content\/uploads\/2018\/07\/SrebrenicaMarchofPeaceRoadtoFreedom20106.jpg\",\"contentUrl\":\"https:\/\/www.pressenza.com\/wp-content\/uploads\/2018\/07\/SrebrenicaMarchofPeaceRoadtoFreedom20106.jpg\",\"width\":732,\"height\":490},{\"@type\":\"BreadcrumbList\",\"@id\":\"https:\/\/www.pressenza.com\/it\/2018\/07\/bosnia-srebrenica-tra-rito-e-doverosa-memoria\/#breadcrumb\",\"itemListElement\":[{\"@type\":\"ListItem\",\"position\":1,\"name\":\"Accueil\",\"item\":\"https:\/\/www.pressenza.com\/it\/\"},{\"@type\":\"ListItem\",\"position\":2,\"name\":\"BOSNIA: Srebrenica, tra rito e doverosa memoria\"}]},{\"@type\":\"WebSite\",\"@id\":\"https:\/\/www.pressenza.com\/it\/#website\",\"url\":\"https:\/\/www.pressenza.com\/it\/\",\"name\":\"Pressenza\",\"description\":\"Agenzia di Stampa Internazionale\",\"publisher\":{\"@id\":\"https:\/\/www.pressenza.com\/it\/#organization\"},\"potentialAction\":[{\"@type\":\"SearchAction\",\"target\":{\"@type\":\"EntryPoint\",\"urlTemplate\":\"https:\/\/www.pressenza.com\/it\/?s={search_term_string}\"},\"query-input\":{\"@type\":\"PropertyValueSpecification\",\"valueRequired\":true,\"valueName\":\"search_term_string\"}}],\"inLanguage\":\"it-IT\"},{\"@type\":\"Organization\",\"@id\":\"https:\/\/www.pressenza.com\/it\/#organization\",\"name\":\"Pressenza\",\"url\":\"https:\/\/www.pressenza.com\/it\/\",\"logo\":{\"@type\":\"ImageObject\",\"inLanguage\":\"it-IT\",\"@id\":\"https:\/\/www.pressenza.com\/it\/#\/schema\/logo\/image\/\",\"url\":\"https:\/\/www.pressenza.com\/wp-content\/uploads\/2022\/10\/pressenza_logo_200x200.jpg\",\"contentUrl\":\"https:\/\/www.pressenza.com\/wp-content\/uploads\/2022\/10\/pressenza_logo_200x200.jpg\",\"width\":200,\"height\":200,\"caption\":\"Pressenza\"},\"image\":{\"@id\":\"https:\/\/www.pressenza.com\/it\/#\/schema\/logo\/image\/\"},\"sameAs\":[\"https:\/\/www.facebook.com\/PressenzaItalia\",\"https:\/\/x.com\/PressenzaIPA\"]},{\"@type\":\"Person\",\"@id\":\"https:\/\/www.pressenza.com\/it\/#\/schema\/person\/ac0b6e21874c411b7ae3f1183e5b7a5a\",\"name\":\"East Journal\",\"sameAs\":[\"http:\/\/www.eastjournal.net\/\",\"https:\/\/www.facebook.com\/EaST-Journal-114874678534254\/\"],\"url\":\"https:\/\/www.pressenza.com\/it\/author\/east-journal\/\"}]}<\/script>\n<!-- \/ Yoast SEO plugin. -->","yoast_head_json":{"title":"BOSNIA: Srebrenica, tra rito e doverosa memoria","description":"E\u2019 in corso in questi giorni l\u2019annuale marcia della pace organizzata per ricordare il genocidio di Srebrenica. Si conclude l\u201911 luglio a Potocari","robots":{"index":"index","follow":"follow","max-snippet":"max-snippet:-1","max-image-preview":"max-image-preview:large","max-video-preview":"max-video-preview:-1"},"canonical":"https:\/\/www.pressenza.com\/it\/2018\/07\/bosnia-srebrenica-tra-rito-e-doverosa-memoria\/","og_locale":"it_IT","og_type":"article","og_title":"BOSNIA: Srebrenica, tra rito e doverosa memoria","og_description":"E\u2019 in corso in questi giorni l\u2019annuale marcia della pace organizzata per ricordare il genocidio di Srebrenica. Si conclude l\u201911 luglio a Potocari","og_url":"https:\/\/www.pressenza.com\/it\/2018\/07\/bosnia-srebrenica-tra-rito-e-doverosa-memoria\/","og_site_name":"Pressenza","article_publisher":"https:\/\/www.facebook.com\/PressenzaItalia","article_author":"https:\/\/www.facebook.com\/EaST-Journal-114874678534254\/","article_published_time":"2018-07-11T20:26:43+00:00","article_modified_time":"2018-07-11T20:27:50+00:00","og_image":[{"width":732,"height":490,"url":"https:\/\/www.pressenza.com\/wp-content\/uploads\/2018\/07\/SrebrenicaMarchofPeaceRoadtoFreedom20106.jpg","type":"image\/jpeg"}],"author":"East Journal","twitter_card":"summary_large_image","twitter_creator":"@PressenzaIPA","twitter_site":"@PressenzaIPA","twitter_misc":{"Scritto da":"East Journal","Tempo di lettura stimato":"5 minuti"},"schema":{"@context":"https:\/\/schema.org","@graph":[{"@type":"Article","@id":"https:\/\/www.pressenza.com\/it\/2018\/07\/bosnia-srebrenica-tra-rito-e-doverosa-memoria\/#article","isPartOf":{"@id":"https:\/\/www.pressenza.com\/it\/2018\/07\/bosnia-srebrenica-tra-rito-e-doverosa-memoria\/"},"author":{"name":"East Journal","@id":"https:\/\/www.pressenza.com\/it\/#\/schema\/person\/ac0b6e21874c411b7ae3f1183e5b7a5a"},"headline":"BOSNIA: Srebrenica, tra rito e doverosa memoria","datePublished":"2018-07-11T20:26:43+00:00","dateModified":"2018-07-11T20:27:50+00:00","mainEntityOfPage":{"@id":"https:\/\/www.pressenza.com\/it\/2018\/07\/bosnia-srebrenica-tra-rito-e-doverosa-memoria\/"},"wordCount":907,"publisher":{"@id":"https:\/\/www.pressenza.com\/it\/#organization"},"image":{"@id":"https:\/\/www.pressenza.com\/it\/2018\/07\/bosnia-srebrenica-tra-rito-e-doverosa-memoria\/#primaryimage"},"thumbnailUrl":"https:\/\/www.pressenza.com\/wp-content\/uploads\/2018\/07\/SrebrenicaMarchofPeaceRoadtoFreedom20106.jpg","keywords":["Bosnia","marcia","Pace","Serbia","Srebrenica"],"articleSection":["Europa","Opinioni","Pace e Disarmo"],"inLanguage":"it-IT"},{"@type":"WebPage","@id":"https:\/\/www.pressenza.com\/it\/2018\/07\/bosnia-srebrenica-tra-rito-e-doverosa-memoria\/","url":"https:\/\/www.pressenza.com\/it\/2018\/07\/bosnia-srebrenica-tra-rito-e-doverosa-memoria\/","name":"BOSNIA: Srebrenica, tra rito e doverosa memoria","isPartOf":{"@id":"https:\/\/www.pressenza.com\/it\/#website"},"primaryImageOfPage":{"@id":"https:\/\/www.pressenza.com\/it\/2018\/07\/bosnia-srebrenica-tra-rito-e-doverosa-memoria\/#primaryimage"},"image":{"@id":"https:\/\/www.pressenza.com\/it\/2018\/07\/bosnia-srebrenica-tra-rito-e-doverosa-memoria\/#primaryimage"},"thumbnailUrl":"https:\/\/www.pressenza.com\/wp-content\/uploads\/2018\/07\/SrebrenicaMarchofPeaceRoadtoFreedom20106.jpg","datePublished":"2018-07-11T20:26:43+00:00","dateModified":"2018-07-11T20:27:50+00:00","description":"E\u2019 in corso in questi giorni l\u2019annuale marcia della pace organizzata per ricordare il genocidio di Srebrenica. Si conclude l\u201911 luglio a Potocari","breadcrumb":{"@id":"https:\/\/www.pressenza.com\/it\/2018\/07\/bosnia-srebrenica-tra-rito-e-doverosa-memoria\/#breadcrumb"},"inLanguage":"it-IT","potentialAction":[{"@type":"ReadAction","target":["https:\/\/www.pressenza.com\/it\/2018\/07\/bosnia-srebrenica-tra-rito-e-doverosa-memoria\/"]}]},{"@type":"ImageObject","inLanguage":"it-IT","@id":"https:\/\/www.pressenza.com\/it\/2018\/07\/bosnia-srebrenica-tra-rito-e-doverosa-memoria\/#primaryimage","url":"https:\/\/www.pressenza.com\/wp-content\/uploads\/2018\/07\/SrebrenicaMarchofPeaceRoadtoFreedom20106.jpg","contentUrl":"https:\/\/www.pressenza.com\/wp-content\/uploads\/2018\/07\/SrebrenicaMarchofPeaceRoadtoFreedom20106.jpg","width":732,"height":490},{"@type":"BreadcrumbList","@id":"https:\/\/www.pressenza.com\/it\/2018\/07\/bosnia-srebrenica-tra-rito-e-doverosa-memoria\/#breadcrumb","itemListElement":[{"@type":"ListItem","position":1,"name":"Accueil","item":"https:\/\/www.pressenza.com\/it\/"},{"@type":"ListItem","position":2,"name":"BOSNIA: Srebrenica, tra rito e doverosa memoria"}]},{"@type":"WebSite","@id":"https:\/\/www.pressenza.com\/it\/#website","url":"https:\/\/www.pressenza.com\/it\/","name":"Pressenza","description":"Agenzia di Stampa Internazionale","publisher":{"@id":"https:\/\/www.pressenza.com\/it\/#organization"},"potentialAction":[{"@type":"SearchAction","target":{"@type":"EntryPoint","urlTemplate":"https:\/\/www.pressenza.com\/it\/?s={search_term_string}"},"query-input":{"@type":"PropertyValueSpecification","valueRequired":true,"valueName":"search_term_string"}}],"inLanguage":"it-IT"},{"@type":"Organization","@id":"https:\/\/www.pressenza.com\/it\/#organization","name":"Pressenza","url":"https:\/\/www.pressenza.com\/it\/","logo":{"@type":"ImageObject","inLanguage":"it-IT","@id":"https:\/\/www.pressenza.com\/it\/#\/schema\/logo\/image\/","url":"https:\/\/www.pressenza.com\/wp-content\/uploads\/2022\/10\/pressenza_logo_200x200.jpg","contentUrl":"https:\/\/www.pressenza.com\/wp-content\/uploads\/2022\/10\/pressenza_logo_200x200.jpg","width":200,"height":200,"caption":"Pressenza"},"image":{"@id":"https:\/\/www.pressenza.com\/it\/#\/schema\/logo\/image\/"},"sameAs":["https:\/\/www.facebook.com\/PressenzaItalia","https:\/\/x.com\/PressenzaIPA"]},{"@type":"Person","@id":"https:\/\/www.pressenza.com\/it\/#\/schema\/person\/ac0b6e21874c411b7ae3f1183e5b7a5a","name":"East Journal","sameAs":["http:\/\/www.eastjournal.net\/","https:\/\/www.facebook.com\/EaST-Journal-114874678534254\/"],"url":"https:\/\/www.pressenza.com\/it\/author\/east-journal\/"}]}},"place":"Pietro Aleotti","original_article_url":"http:\/\/www.eastjournal.net\/archives\/91218","_links":{"self":[{"href":"https:\/\/www.pressenza.com\/it\/wp-json\/wp\/v2\/posts\/676066","targetHints":{"allow":["GET"]}}],"collection":[{"href":"https:\/\/www.pressenza.com\/it\/wp-json\/wp\/v2\/posts"}],"about":[{"href":"https:\/\/www.pressenza.com\/it\/wp-json\/wp\/v2\/types\/post"}],"author":[{"embeddable":true,"href":"https:\/\/www.pressenza.com\/it\/wp-json\/wp\/v2\/users\/1438"}],"replies":[{"embeddable":true,"href":"https:\/\/www.pressenza.com\/it\/wp-json\/wp\/v2\/comments?post=676066"}],"version-history":[{"count":0,"href":"https:\/\/www.pressenza.com\/it\/wp-json\/wp\/v2\/posts\/676066\/revisions"}],"wp:featuredmedia":[{"embeddable":true,"href":"https:\/\/www.pressenza.com\/it\/wp-json\/wp\/v2\/media\/676067"}],"wp:attachment":[{"href":"https:\/\/www.pressenza.com\/it\/wp-json\/wp\/v2\/media?parent=676066"}],"wp:term":[{"taxonomy":"category","embeddable":true,"href":"https:\/\/www.pressenza.com\/it\/wp-json\/wp\/v2\/categories?post=676066"},{"taxonomy":"post_tag","embeddable":true,"href":"https:\/\/www.pressenza.com\/it\/wp-json\/wp\/v2\/tags?post=676066"}],"curies":[{"name":"wp","href":"https:\/\/api.w.org\/{rel}","templated":true}]}}