{"id":673717,"date":"2018-07-08T11:57:06","date_gmt":"2018-07-08T10:57:06","guid":{"rendered":"https:\/\/www.pressenza.com\/?p=673717"},"modified":"2018-07-08T11:57:06","modified_gmt":"2018-07-08T10:57:06","slug":"primo-anniversario-trattato-contro-armi-nucleari-a-roma-consegna-simbolica-di-31-000-cartoline-e-150-odg-di-enti-locali","status":"publish","type":"post","link":"https:\/\/www.pressenza.com\/it\/2018\/07\/primo-anniversario-trattato-contro-armi-nucleari-a-roma-consegna-simbolica-di-31-000-cartoline-e-150-odg-di-enti-locali\/","title":{"rendered":"Primo anniversario Trattato contro armi nucleari: a Roma consegna simbolica di 31.000 cartoline e 150 OdG di Enti Locali"},"content":{"rendered":"<p><i>Celebrato da \u201cItalia, ripensaci\u201d il primo Anniversario dell\u2019approvazione del Trattato ONU contro le armi nucleari con la consegna simbolica (davanti a Palazzi Chigi, a Palazzo Montecitorio e a Palazzo Madama) delle cartoline di sostegno raccolte in questi mesi. La campagna promossa da Senzatomica e Rete Disarmo aveva ufficialmente chiesto nei giorni scorsi di poter incontrare il Presidente del Consiglio Conte o un esponente del Governo, non ricevendo finora alcun riscontro.<\/i><\/p>\n<p>La mobilitazione\u00a0<strong>\u201cItalia, ripensaci\u201d promossa da Senzatomica e Rete Italiana per il Disarmo ha festeggiato oggi <em>(ieri, 7 luglio 2018, ndr) a<\/em> Roma il primo Anniversario dell\u2019adozione (avvenuta a New York il 7 luglio 2017) del Trattato di proibizione delle armi nucleari (TPNW).\u00a0<\/strong>Per rendere visibile il forte\u00a0<strong>sostegno popolare all\u2019idea di disarmo nucleare<\/strong>\u00a0(evidenziato dai risultati del recente\u00a0<strong>sondaggio promosso da ICAN: il 72% di italiani a favore del Trattato, il 65% per la rimozione delle testate statunitensi\u00a0<\/strong>dal nostro territorio) gli attivisti della campagna hanno\u00a0<strong>effettuato una \u201cconsegna simbolica\u201d delle cartoline di sostegno raccolte.<\/strong><\/p>\n<p>Davanti alla\u00a0<strong>sede del Governo e alle due sedi del Parlamento si \u00e8 sottolineato come oltre 31.000 cittadini abbiano sottoscritto ed indirizzato al Governo le cartoline\u00a0<\/strong>con la richiesta di un cambio di rotta: il desiderio di un\u2019Italia che diventi leader internazionale per il disarmo nucleare.<\/p>\n<p>Nei giorni scorsi l<strong>a campagna aveva inviato richiesta formale di incontro al Presidente del Consiglio e al Ministro degli Esteri, non ricevendo finora alcun riscontro<\/strong>.<\/p>\n<p>Cos\u00ec commenta\u00a0<strong>don Albino Bizzotto, Presidente di \u2018Beati i costruttori di pace\u2019 associazione che ha coordinato<\/strong>\u00a0la distribuzione e la raccolta: \u201cL&#8217;esperienza delle\u00a0<strong>cartoline \u00e8 stata per noi molto interessante. L\u00e0 dove qualcuno si \u00e8 impegnato ci sono state risposte molto belle, disponibilit\u00e0 a partecipare, di singoli e di amministratori locali.\u00a0<\/strong>C&#8217;\u00e8 una posizione chiara della popolazione contro le armi nucleari, anche se l&#8217;attenzione della societ\u00e0 \u00e8 orientata verso altre preoccupazioni. E le\u00a0<strong>mozioni presentate nei Consigli Comunali sono state quasi tutte approvate all&#8217;unanimit\u00e0<\/strong>\u00a0perch\u00e9 contro le bombe nucleari le nostre comunit\u00e0 sono unite\u201d.<\/p>\n<p>Sono infatti ormai<strong>\u00a0almeno 150 gli Enti Locali che hanno approvato mozioni a sostegno del Trattato di proibizione delle armi nucleari<\/strong>, sia nella fase di negoziazione (in particolare sostenendo un testo promosso con le Mostre Senzatomica) sia dopo il voto di un anno fa a New York. Tra le approvazioni pi\u00f9 recenti vanno sicuramente\u00a0<strong>ricordate le citt\u00e0 di Torino, Padova, Milano, Ivrea, Bergamo, Cagliari, Cervia, Alba, Faenza e Senigallia oltre al Consiglio Regionale del Piemonte e alla Provincia di Brescia nella quale oltre 40 Comuni hanno promosso iniziative congiunte\u00a0<\/strong>per diffondere i contenuti di \u201cItalia, ripensaci\u201d contestualmente ai voti di approvazione dei documenti ufficiali.<\/p>\n<p>Il\u00a0<strong>Trattato TPNW ottenuto l\u2019anno scorso \u00e8 nato dal riconoscimento che le armi nucleari rappresentano un rischio umanitario inaccettabile<\/strong>: una detonazione su una citt\u00e0 causerebbe una devastazione ben oltre la nostra capacit\u00e0 di far fronte agli impatti sui civili. Per tale ragione\u00a0<strong>non solo le organizzazioni che si occupano di disarmo hanno partecipato alla mobilitazione internazionale per il Trattato, ma anche entit\u00e0 umanitarie come la Croce Rossa e Mezzaluna Rossa<\/strong>\u00a0internazionale. \u201cQuesto \u00e8 il motivo per cui\u00a0<strong>non ci fermeremo finch\u00e9 il mondo non sar\u00e0 privo di armi nucleari!<\/strong>\u201d ha dichiarato<strong>Beatrice Fihn, coordinatrice della Campagna ICAN insignita del Premio Nobel 2017<\/strong>.<\/p>\n<p>Ed \u00e8 anche il motivo del grande\u00a0<strong>successo della mobilitazione promossa da \u201cItalia, ripensaci\u201d, con un riscontro positivo in molti territori e un crescente sostegno\u00a0<\/strong>alla\u00a0<strong>richiesta di un\u2019adesione italiana al Trattato<\/strong>: \u201cAlla distribuzione e raccolta delle cartoline hanno collaborato\u00a0<strong>tanti volontari delle nostre associazioni<\/strong>, che a loro volta hanno coinvolto parenti e amici &#8211; commenta Sandra Murgia, coordinatrice dell\u2019azione delle cartoline &#8211; E&#8217; stata quindi anche\u00a0<strong>un\u2019ottima opportunit\u00e0 per incontrare di nuovo persone con le quali avevamo collaborato in precedenti campagne<\/strong>\u00a0per la pace e il disarmo\u201d.<\/p>\n<p>&nbsp;<\/p>\n<p><img loading=\"lazy\" decoding=\"async\" class=\" wp-image-673725 aligncenter\" src=\"https:\/\/www.pressenza.com\/wp-content\/uploads\/2018\/07\/PastedGraphic-5-001-212x300.jpg\" alt=\"\" width=\"482\" height=\"682\" srcset=\"https:\/\/www.pressenza.com\/wp-content\/uploads\/2018\/07\/PastedGraphic-5-001-212x300.jpg 212w, https:\/\/www.pressenza.com\/wp-content\/uploads\/2018\/07\/PastedGraphic-5-001-768x1087.jpg 768w, https:\/\/www.pressenza.com\/wp-content\/uploads\/2018\/07\/PastedGraphic-5-001-720x1019.jpg 720w, https:\/\/www.pressenza.com\/wp-content\/uploads\/2018\/07\/PastedGraphic-5-001.jpg 1190w\" sizes=\"auto, (max-width: 482px) 100vw, 482px\" \/><\/p>\n<p>&nbsp;<\/p>\n<p>Comunicato Stampa del 7 luglio di<\/p>\n<p><b>Senzatomica<\/b><\/p>\n<p><b>Rete Italiana per il Disarmo<\/b><\/p>\n<p>&nbsp;<\/p>\n","protected":false},"excerpt":{"rendered":"<p>Celebrato da \u201cItalia, ripensaci\u201d il primo Anniversario dell\u2019approvazione del Trattato ONU contro le armi nucleari con la consegna simbolica (davanti a Palazzi Chigi, a Palazzo Montecitorio e a Palazzo Madama) delle cartoline di sostegno raccolte in questi mesi. La campagna&hellip;<\/p>\n","protected":false},"author":235,"featured_media":673751,"comment_status":"closed","ping_status":"closed","sticky":false,"template":"","format":"standard","meta":{"footnotes":""},"categories":[150,1263],"tags":[6414,42377,6543,3858,40818,19850,33145,47799,40054],"class_list":["post-673717","post","type-post","status-publish","format-standard","has-post-thumbnail","hentry","category-comunicati-stampa","category-pace-disarmo","tag-beati-i-costruttori-di-pace","tag-beatrice-fihn-it","tag-don-albino-bizzotto","tag-ican-it","tag-italia-ripensaci","tag-rete-italiana-per-il-disarmo","tag-senzatomica","tag-tpnw","tag-trattato-di-proibizione-delle-armi-nucleari"],"yoast_head":"<!-- This site is optimized with the Yoast SEO plugin v27.1.1 - https:\/\/yoast.com\/product\/yoast-seo-wordpress\/ -->\n<title>Primo anniversario Trattato contro armi nucleari: a Roma consegna simbolica di 31.000 cartoline e 150 OdG di Enti Locali<\/title>\n<meta name=\"description\" content=\"Celebrato da \u201cItalia, ripensaci\u201d il primo Anniversario dell\u2019approvazione del Trattato ONU contro le armi nucleari con la consegna simbolica (davanti a\" \/>\n<meta name=\"robots\" content=\"index, follow, max-snippet:-1, max-image-preview:large, max-video-preview:-1\" \/>\n<link rel=\"canonical\" href=\"https:\/\/www.pressenza.com\/it\/2018\/07\/primo-anniversario-trattato-contro-armi-nucleari-a-roma-consegna-simbolica-di-31-000-cartoline-e-150-odg-di-enti-locali\/\" \/>\n<meta property=\"og:locale\" content=\"it_IT\" \/>\n<meta property=\"og:type\" content=\"article\" \/>\n<meta property=\"og:title\" content=\"Primo anniversario Trattato contro armi nucleari: a Roma consegna simbolica di 31.000 cartoline e 150 OdG di Enti Locali\" \/>\n<meta property=\"og:description\" content=\"Celebrato da \u201cItalia, ripensaci\u201d il primo Anniversario dell\u2019approvazione del Trattato ONU contro le armi nucleari con la consegna simbolica (davanti a\" \/>\n<meta property=\"og:url\" content=\"https:\/\/www.pressenza.com\/it\/2018\/07\/primo-anniversario-trattato-contro-armi-nucleari-a-roma-consegna-simbolica-di-31-000-cartoline-e-150-odg-di-enti-locali\/\" \/>\n<meta property=\"og:site_name\" content=\"Pressenza\" \/>\n<meta property=\"article:publisher\" content=\"https:\/\/www.facebook.com\/PressenzaItalia\" \/>\n<meta property=\"article:author\" content=\"https:\/\/www.facebook.com\/retedisarmo\/\" \/>\n<meta property=\"article:published_time\" content=\"2018-07-08T10:57:06+00:00\" \/>\n<meta property=\"og:image\" content=\"https:\/\/www.pressenza.com\/wp-content\/uploads\/2018\/07\/ican.jpg\" \/>\n\t<meta property=\"og:image:width\" content=\"1024\" \/>\n\t<meta property=\"og:image:height\" content=\"683\" \/>\n\t<meta property=\"og:image:type\" content=\"image\/jpeg\" \/>\n<meta name=\"author\" content=\"Rete Italiana per il Disarmo\" \/>\n<meta name=\"twitter:card\" content=\"summary_large_image\" \/>\n<meta name=\"twitter:creator\" content=\"@PressenzaIPA\" \/>\n<meta name=\"twitter:site\" content=\"@PressenzaIPA\" \/>\n<meta name=\"twitter:label1\" content=\"Scritto da\" \/>\n\t<meta name=\"twitter:data1\" content=\"Rete Italiana per il Disarmo\" \/>\n\t<meta name=\"twitter:label2\" content=\"Tempo di lettura stimato\" \/>\n\t<meta name=\"twitter:data2\" content=\"3 minuti\" \/>\n<script type=\"application\/ld+json\" class=\"yoast-schema-graph\">{\"@context\":\"https:\/\/schema.org\",\"@graph\":[{\"@type\":\"Article\",\"@id\":\"https:\/\/www.pressenza.com\/it\/2018\/07\/primo-anniversario-trattato-contro-armi-nucleari-a-roma-consegna-simbolica-di-31-000-cartoline-e-150-odg-di-enti-locali\/#article\",\"isPartOf\":{\"@id\":\"https:\/\/www.pressenza.com\/it\/2018\/07\/primo-anniversario-trattato-contro-armi-nucleari-a-roma-consegna-simbolica-di-31-000-cartoline-e-150-odg-di-enti-locali\/\"},\"author\":{\"name\":\"Rete Italiana per il Disarmo\",\"@id\":\"https:\/\/www.pressenza.com\/it\/#\/schema\/person\/68db3ba40086f89be9c210065b21fb6e\"},\"headline\":\"Primo anniversario Trattato contro armi nucleari: a Roma consegna simbolica di 31.000 cartoline e 150 OdG di Enti Locali\",\"datePublished\":\"2018-07-08T10:57:06+00:00\",\"mainEntityOfPage\":{\"@id\":\"https:\/\/www.pressenza.com\/it\/2018\/07\/primo-anniversario-trattato-contro-armi-nucleari-a-roma-consegna-simbolica-di-31-000-cartoline-e-150-odg-di-enti-locali\/\"},\"wordCount\":649,\"publisher\":{\"@id\":\"https:\/\/www.pressenza.com\/it\/#organization\"},\"image\":{\"@id\":\"https:\/\/www.pressenza.com\/it\/2018\/07\/primo-anniversario-trattato-contro-armi-nucleari-a-roma-consegna-simbolica-di-31-000-cartoline-e-150-odg-di-enti-locali\/#primaryimage\"},\"thumbnailUrl\":\"https:\/\/www.pressenza.com\/wp-content\/uploads\/2018\/07\/ican.jpg\",\"keywords\":[\"Beati i Costruttori di Pace\",\"Beatrice Fihn\",\"don Albino Bizzotto\",\"ICAN\",\"Italia ripensaci\",\"Rete Italiana per il Disarmo\",\"Senzatomica\",\"TPNW\",\"Trattato di proibizione delle armi nucleari\"],\"articleSection\":[\"Comunicati Stampa\",\"Pace e Disarmo\"],\"inLanguage\":\"it-IT\"},{\"@type\":\"WebPage\",\"@id\":\"https:\/\/www.pressenza.com\/it\/2018\/07\/primo-anniversario-trattato-contro-armi-nucleari-a-roma-consegna-simbolica-di-31-000-cartoline-e-150-odg-di-enti-locali\/\",\"url\":\"https:\/\/www.pressenza.com\/it\/2018\/07\/primo-anniversario-trattato-contro-armi-nucleari-a-roma-consegna-simbolica-di-31-000-cartoline-e-150-odg-di-enti-locali\/\",\"name\":\"Primo anniversario Trattato contro armi nucleari: a Roma consegna simbolica di 31.000 cartoline e 150 OdG di Enti Locali\",\"isPartOf\":{\"@id\":\"https:\/\/www.pressenza.com\/it\/#website\"},\"primaryImageOfPage\":{\"@id\":\"https:\/\/www.pressenza.com\/it\/2018\/07\/primo-anniversario-trattato-contro-armi-nucleari-a-roma-consegna-simbolica-di-31-000-cartoline-e-150-odg-di-enti-locali\/#primaryimage\"},\"image\":{\"@id\":\"https:\/\/www.pressenza.com\/it\/2018\/07\/primo-anniversario-trattato-contro-armi-nucleari-a-roma-consegna-simbolica-di-31-000-cartoline-e-150-odg-di-enti-locali\/#primaryimage\"},\"thumbnailUrl\":\"https:\/\/www.pressenza.com\/wp-content\/uploads\/2018\/07\/ican.jpg\",\"datePublished\":\"2018-07-08T10:57:06+00:00\",\"description\":\"Celebrato da \u201cItalia, ripensaci\u201d il primo Anniversario dell\u2019approvazione del Trattato ONU contro le armi nucleari con la consegna simbolica (davanti a\",\"breadcrumb\":{\"@id\":\"https:\/\/www.pressenza.com\/it\/2018\/07\/primo-anniversario-trattato-contro-armi-nucleari-a-roma-consegna-simbolica-di-31-000-cartoline-e-150-odg-di-enti-locali\/#breadcrumb\"},\"inLanguage\":\"it-IT\",\"potentialAction\":[{\"@type\":\"ReadAction\",\"target\":[\"https:\/\/www.pressenza.com\/it\/2018\/07\/primo-anniversario-trattato-contro-armi-nucleari-a-roma-consegna-simbolica-di-31-000-cartoline-e-150-odg-di-enti-locali\/\"]}]},{\"@type\":\"ImageObject\",\"inLanguage\":\"it-IT\",\"@id\":\"https:\/\/www.pressenza.com\/it\/2018\/07\/primo-anniversario-trattato-contro-armi-nucleari-a-roma-consegna-simbolica-di-31-000-cartoline-e-150-odg-di-enti-locali\/#primaryimage\",\"url\":\"https:\/\/www.pressenza.com\/wp-content\/uploads\/2018\/07\/ican.jpg\",\"contentUrl\":\"https:\/\/www.pressenza.com\/wp-content\/uploads\/2018\/07\/ican.jpg\",\"width\":1024,\"height\":683},{\"@type\":\"BreadcrumbList\",\"@id\":\"https:\/\/www.pressenza.com\/it\/2018\/07\/primo-anniversario-trattato-contro-armi-nucleari-a-roma-consegna-simbolica-di-31-000-cartoline-e-150-odg-di-enti-locali\/#breadcrumb\",\"itemListElement\":[{\"@type\":\"ListItem\",\"position\":1,\"name\":\"Accueil\",\"item\":\"https:\/\/www.pressenza.com\/it\/\"},{\"@type\":\"ListItem\",\"position\":2,\"name\":\"Primo anniversario Trattato contro armi nucleari: a Roma consegna simbolica di 31.000 cartoline e 150 OdG di Enti Locali\"}]},{\"@type\":\"WebSite\",\"@id\":\"https:\/\/www.pressenza.com\/it\/#website\",\"url\":\"https:\/\/www.pressenza.com\/it\/\",\"name\":\"Pressenza\",\"description\":\"Agenzia di Stampa Internazionale\",\"publisher\":{\"@id\":\"https:\/\/www.pressenza.com\/it\/#organization\"},\"potentialAction\":[{\"@type\":\"SearchAction\",\"target\":{\"@type\":\"EntryPoint\",\"urlTemplate\":\"https:\/\/www.pressenza.com\/it\/?s={search_term_string}\"},\"query-input\":{\"@type\":\"PropertyValueSpecification\",\"valueRequired\":true,\"valueName\":\"search_term_string\"}}],\"inLanguage\":\"it-IT\"},{\"@type\":\"Organization\",\"@id\":\"https:\/\/www.pressenza.com\/it\/#organization\",\"name\":\"Pressenza\",\"url\":\"https:\/\/www.pressenza.com\/it\/\",\"logo\":{\"@type\":\"ImageObject\",\"inLanguage\":\"it-IT\",\"@id\":\"https:\/\/www.pressenza.com\/it\/#\/schema\/logo\/image\/\",\"url\":\"https:\/\/www.pressenza.com\/wp-content\/uploads\/2022\/10\/pressenza_logo_200x200.jpg\",\"contentUrl\":\"https:\/\/www.pressenza.com\/wp-content\/uploads\/2022\/10\/pressenza_logo_200x200.jpg\",\"width\":200,\"height\":200,\"caption\":\"Pressenza\"},\"image\":{\"@id\":\"https:\/\/www.pressenza.com\/it\/#\/schema\/logo\/image\/\"},\"sameAs\":[\"https:\/\/www.facebook.com\/PressenzaItalia\",\"https:\/\/x.com\/PressenzaIPA\"]},{\"@type\":\"Person\",\"@id\":\"https:\/\/www.pressenza.com\/it\/#\/schema\/person\/68db3ba40086f89be9c210065b21fb6e\",\"name\":\"Rete Italiana per il Disarmo\",\"description\":\"www.disarmo.org\",\"sameAs\":[\"http:\/\/www.disarmo.org\/\",\"https:\/\/www.facebook.com\/retedisarmo\/\"],\"url\":\"https:\/\/www.pressenza.com\/it\/author\/rete-disarmo\/\"}]}<\/script>\n<!-- \/ Yoast SEO plugin. -->","yoast_head_json":{"title":"Primo anniversario Trattato contro armi nucleari: a Roma consegna simbolica di 31.000 cartoline e 150 OdG di Enti Locali","description":"Celebrato da \u201cItalia, ripensaci\u201d il primo Anniversario dell\u2019approvazione del Trattato ONU contro le armi nucleari con la consegna simbolica (davanti a","robots":{"index":"index","follow":"follow","max-snippet":"max-snippet:-1","max-image-preview":"max-image-preview:large","max-video-preview":"max-video-preview:-1"},"canonical":"https:\/\/www.pressenza.com\/it\/2018\/07\/primo-anniversario-trattato-contro-armi-nucleari-a-roma-consegna-simbolica-di-31-000-cartoline-e-150-odg-di-enti-locali\/","og_locale":"it_IT","og_type":"article","og_title":"Primo anniversario Trattato contro armi nucleari: a Roma consegna simbolica di 31.000 cartoline e 150 OdG di Enti Locali","og_description":"Celebrato da \u201cItalia, ripensaci\u201d il primo Anniversario dell\u2019approvazione del Trattato ONU contro le armi nucleari con la consegna simbolica (davanti a","og_url":"https:\/\/www.pressenza.com\/it\/2018\/07\/primo-anniversario-trattato-contro-armi-nucleari-a-roma-consegna-simbolica-di-31-000-cartoline-e-150-odg-di-enti-locali\/","og_site_name":"Pressenza","article_publisher":"https:\/\/www.facebook.com\/PressenzaItalia","article_author":"https:\/\/www.facebook.com\/retedisarmo\/","article_published_time":"2018-07-08T10:57:06+00:00","og_image":[{"width":1024,"height":683,"url":"https:\/\/www.pressenza.com\/wp-content\/uploads\/2018\/07\/ican.jpg","type":"image\/jpeg"}],"author":"Rete Italiana per il Disarmo","twitter_card":"summary_large_image","twitter_creator":"@PressenzaIPA","twitter_site":"@PressenzaIPA","twitter_misc":{"Scritto da":"Rete Italiana per il Disarmo","Tempo di lettura stimato":"3 minuti"},"schema":{"@context":"https:\/\/schema.org","@graph":[{"@type":"Article","@id":"https:\/\/www.pressenza.com\/it\/2018\/07\/primo-anniversario-trattato-contro-armi-nucleari-a-roma-consegna-simbolica-di-31-000-cartoline-e-150-odg-di-enti-locali\/#article","isPartOf":{"@id":"https:\/\/www.pressenza.com\/it\/2018\/07\/primo-anniversario-trattato-contro-armi-nucleari-a-roma-consegna-simbolica-di-31-000-cartoline-e-150-odg-di-enti-locali\/"},"author":{"name":"Rete Italiana per il Disarmo","@id":"https:\/\/www.pressenza.com\/it\/#\/schema\/person\/68db3ba40086f89be9c210065b21fb6e"},"headline":"Primo anniversario Trattato contro armi nucleari: a Roma consegna simbolica di 31.000 cartoline e 150 OdG di Enti Locali","datePublished":"2018-07-08T10:57:06+00:00","mainEntityOfPage":{"@id":"https:\/\/www.pressenza.com\/it\/2018\/07\/primo-anniversario-trattato-contro-armi-nucleari-a-roma-consegna-simbolica-di-31-000-cartoline-e-150-odg-di-enti-locali\/"},"wordCount":649,"publisher":{"@id":"https:\/\/www.pressenza.com\/it\/#organization"},"image":{"@id":"https:\/\/www.pressenza.com\/it\/2018\/07\/primo-anniversario-trattato-contro-armi-nucleari-a-roma-consegna-simbolica-di-31-000-cartoline-e-150-odg-di-enti-locali\/#primaryimage"},"thumbnailUrl":"https:\/\/www.pressenza.com\/wp-content\/uploads\/2018\/07\/ican.jpg","keywords":["Beati i Costruttori di Pace","Beatrice Fihn","don Albino Bizzotto","ICAN","Italia ripensaci","Rete Italiana per il Disarmo","Senzatomica","TPNW","Trattato di proibizione delle armi nucleari"],"articleSection":["Comunicati Stampa","Pace e Disarmo"],"inLanguage":"it-IT"},{"@type":"WebPage","@id":"https:\/\/www.pressenza.com\/it\/2018\/07\/primo-anniversario-trattato-contro-armi-nucleari-a-roma-consegna-simbolica-di-31-000-cartoline-e-150-odg-di-enti-locali\/","url":"https:\/\/www.pressenza.com\/it\/2018\/07\/primo-anniversario-trattato-contro-armi-nucleari-a-roma-consegna-simbolica-di-31-000-cartoline-e-150-odg-di-enti-locali\/","name":"Primo anniversario Trattato contro armi nucleari: a Roma consegna simbolica di 31.000 cartoline e 150 OdG di Enti Locali","isPartOf":{"@id":"https:\/\/www.pressenza.com\/it\/#website"},"primaryImageOfPage":{"@id":"https:\/\/www.pressenza.com\/it\/2018\/07\/primo-anniversario-trattato-contro-armi-nucleari-a-roma-consegna-simbolica-di-31-000-cartoline-e-150-odg-di-enti-locali\/#primaryimage"},"image":{"@id":"https:\/\/www.pressenza.com\/it\/2018\/07\/primo-anniversario-trattato-contro-armi-nucleari-a-roma-consegna-simbolica-di-31-000-cartoline-e-150-odg-di-enti-locali\/#primaryimage"},"thumbnailUrl":"https:\/\/www.pressenza.com\/wp-content\/uploads\/2018\/07\/ican.jpg","datePublished":"2018-07-08T10:57:06+00:00","description":"Celebrato da \u201cItalia, ripensaci\u201d il primo Anniversario dell\u2019approvazione del Trattato ONU contro le armi nucleari con la consegna simbolica (davanti a","breadcrumb":{"@id":"https:\/\/www.pressenza.com\/it\/2018\/07\/primo-anniversario-trattato-contro-armi-nucleari-a-roma-consegna-simbolica-di-31-000-cartoline-e-150-odg-di-enti-locali\/#breadcrumb"},"inLanguage":"it-IT","potentialAction":[{"@type":"ReadAction","target":["https:\/\/www.pressenza.com\/it\/2018\/07\/primo-anniversario-trattato-contro-armi-nucleari-a-roma-consegna-simbolica-di-31-000-cartoline-e-150-odg-di-enti-locali\/"]}]},{"@type":"ImageObject","inLanguage":"it-IT","@id":"https:\/\/www.pressenza.com\/it\/2018\/07\/primo-anniversario-trattato-contro-armi-nucleari-a-roma-consegna-simbolica-di-31-000-cartoline-e-150-odg-di-enti-locali\/#primaryimage","url":"https:\/\/www.pressenza.com\/wp-content\/uploads\/2018\/07\/ican.jpg","contentUrl":"https:\/\/www.pressenza.com\/wp-content\/uploads\/2018\/07\/ican.jpg","width":1024,"height":683},{"@type":"BreadcrumbList","@id":"https:\/\/www.pressenza.com\/it\/2018\/07\/primo-anniversario-trattato-contro-armi-nucleari-a-roma-consegna-simbolica-di-31-000-cartoline-e-150-odg-di-enti-locali\/#breadcrumb","itemListElement":[{"@type":"ListItem","position":1,"name":"Accueil","item":"https:\/\/www.pressenza.com\/it\/"},{"@type":"ListItem","position":2,"name":"Primo anniversario Trattato contro armi nucleari: a Roma consegna simbolica di 31.000 cartoline e 150 OdG di Enti Locali"}]},{"@type":"WebSite","@id":"https:\/\/www.pressenza.com\/it\/#website","url":"https:\/\/www.pressenza.com\/it\/","name":"Pressenza","description":"Agenzia di Stampa Internazionale","publisher":{"@id":"https:\/\/www.pressenza.com\/it\/#organization"},"potentialAction":[{"@type":"SearchAction","target":{"@type":"EntryPoint","urlTemplate":"https:\/\/www.pressenza.com\/it\/?s={search_term_string}"},"query-input":{"@type":"PropertyValueSpecification","valueRequired":true,"valueName":"search_term_string"}}],"inLanguage":"it-IT"},{"@type":"Organization","@id":"https:\/\/www.pressenza.com\/it\/#organization","name":"Pressenza","url":"https:\/\/www.pressenza.com\/it\/","logo":{"@type":"ImageObject","inLanguage":"it-IT","@id":"https:\/\/www.pressenza.com\/it\/#\/schema\/logo\/image\/","url":"https:\/\/www.pressenza.com\/wp-content\/uploads\/2022\/10\/pressenza_logo_200x200.jpg","contentUrl":"https:\/\/www.pressenza.com\/wp-content\/uploads\/2022\/10\/pressenza_logo_200x200.jpg","width":200,"height":200,"caption":"Pressenza"},"image":{"@id":"https:\/\/www.pressenza.com\/it\/#\/schema\/logo\/image\/"},"sameAs":["https:\/\/www.facebook.com\/PressenzaItalia","https:\/\/x.com\/PressenzaIPA"]},{"@type":"Person","@id":"https:\/\/www.pressenza.com\/it\/#\/schema\/person\/68db3ba40086f89be9c210065b21fb6e","name":"Rete Italiana per il Disarmo","description":"www.disarmo.org","sameAs":["http:\/\/www.disarmo.org\/","https:\/\/www.facebook.com\/retedisarmo\/"],"url":"https:\/\/www.pressenza.com\/it\/author\/rete-disarmo\/"}]}},"place":"Roma","original_article_url":"","_links":{"self":[{"href":"https:\/\/www.pressenza.com\/it\/wp-json\/wp\/v2\/posts\/673717","targetHints":{"allow":["GET"]}}],"collection":[{"href":"https:\/\/www.pressenza.com\/it\/wp-json\/wp\/v2\/posts"}],"about":[{"href":"https:\/\/www.pressenza.com\/it\/wp-json\/wp\/v2\/types\/post"}],"author":[{"embeddable":true,"href":"https:\/\/www.pressenza.com\/it\/wp-json\/wp\/v2\/users\/235"}],"replies":[{"embeddable":true,"href":"https:\/\/www.pressenza.com\/it\/wp-json\/wp\/v2\/comments?post=673717"}],"version-history":[{"count":0,"href":"https:\/\/www.pressenza.com\/it\/wp-json\/wp\/v2\/posts\/673717\/revisions"}],"wp:featuredmedia":[{"embeddable":true,"href":"https:\/\/www.pressenza.com\/it\/wp-json\/wp\/v2\/media\/673751"}],"wp:attachment":[{"href":"https:\/\/www.pressenza.com\/it\/wp-json\/wp\/v2\/media?parent=673717"}],"wp:term":[{"taxonomy":"category","embeddable":true,"href":"https:\/\/www.pressenza.com\/it\/wp-json\/wp\/v2\/categories?post=673717"},{"taxonomy":"post_tag","embeddable":true,"href":"https:\/\/www.pressenza.com\/it\/wp-json\/wp\/v2\/tags?post=673717"}],"curies":[{"name":"wp","href":"https:\/\/api.w.org\/{rel}","templated":true}]}}