{"id":670899,"date":"2018-07-04T22:24:17","date_gmt":"2018-07-04T21:24:17","guid":{"rendered":"https:\/\/www.pressenza.com\/?p=670899"},"modified":"2018-07-04T22:25:33","modified_gmt":"2018-07-04T21:25:33","slug":"giornata-internazionale-ventimiglia-per-permesso-soggiorno-europeo","status":"publish","type":"post","link":"https:\/\/www.pressenza.com\/it\/2018\/07\/giornata-internazionale-ventimiglia-per-permesso-soggiorno-europeo\/","title":{"rendered":"Giornata di solidariet\u00e0 internazionale a Ventimiglia per un permesso di soggiorno europeo"},"content":{"rendered":"<p><em>Progetto20k invita tutte le realt\u00e0, le associazioni, i collettivi, i gruppi e le singole persone che si occupano delle tematiche legate ai flussi migratori, all\u2019accoglienza, alla solidariet\u00e0 e chiunque sia interessato, a partecipare al percorso di costruzione della mobilitazione del 14 luglio a Ventimiglia.\u00a0<\/em><\/p>\n<p><strong>Una mobilitazione<\/strong> che si svolger\u00e0 su <strong>uno dei confini interni pi\u00f9 controversi d\u2019Europa<\/strong>, per denunciare la brutalit\u00e0 delle politiche nazionali ed internazionali di governo delle migrazioni. Ma anche per rivendicare la necessit\u00e0 di un permesso di soggiorno europeo, il diritto alla mobilit\u00e0 e per ripensare l\u2019attuale sistema della cosiddetta \u201caccoglienza\u201d. Una mobilitazione contro la tratta e le violenze di genere, contro lo sfruttamento delle persone migranti, per la loro libert\u00e0 e autodeterminazione.<\/p>\n<p><strong>Come il Mediterraneo \u00e8 il fossato mortale di un\u2019Europa rinchiusa nella sua fortezza, cos\u00ec Ventimiglia \u00e8 il simbolo del fallimento di un\u2019Europa senza confini interni.<\/strong> Infatti il confine fra Italia e Francia rientra nell\u2019accordo di Schengen, uno di quei confini che non dovrebbero pi\u00f9 esistere per le persone e che invece si stanno moltiplicando e militarizzando, nuovi muri che lasciano passare le merci e fermano i corpi, i desideri, i progetti di vita.<\/p>\n<p>Riteniamo che il <strong>percorso verso il 14 luglio<\/strong> possa rappresentare una preziosa occasione di scambio, dialogo e cooperazione tra coloro che, pur nella diversit\u00e0 di territori, eterogeneit\u00e0 e appartenenze, condividono gli stessi orizzonti di pensiero, l\u2019idea di una societ\u00e0 senza confini di classe, genere o nazione.\u00a0\u00a0La manifestazione prende posizione di fronte alle politiche locali, italiane ed europee che quotidianamente si ripercuotono sulle condizioni di vita e sui diritti fondamentali delle persone in viaggio e non solo.\u00a0Ventimiglia \u00e8 stata scelta perch\u00e9 luogo simbolo delle violente e fallimentari politiche migratorie sia italiane che europee, come il decreto Minniti-Orlando o l\u2019accordo di Dublino III.\u00a0\u00a0Pensiamo che il nuovo governo italiano populista, xenofobo e razzista possa ulteriormente aggravare una situazione gi\u00e0 estremamente critica per chi rivendica diritti e libert\u00e0 di movimento.<\/p>\n<p><strong>Ventimiglia \u00e8 simbolo del fallimento dell\u2019accoglienza istituzionale.\u00a0<\/strong><br \/>\nCome succede in molti altri territori, tantissime di queste persone dormono in accampamenti a cielo aperto, dove manca tutto e le condizioni igienico sanitarie sono precarie, pur di non sostare nel campo della Croce Rossa Italiana, situato a 5km dalla citt\u00e0 per questioni di decoro, costantemente presidiato dalle forze dell\u2019ordine.\u00a0\u00a0Come in tante altre citt\u00e0, \u201cl\u2019accoglienza\u201d si presenta di fatto come uno strumento di disciplinamento e inferiorizzazione.\u00a0I grandi centri di prima accoglienza troppo spesso sono luoghi di segregazione e spersonalizzazione, luoghi orientati all\u2019infantilizzazione delle persone migranti alle quali viene negata la dignit\u00e0 umana e la tutela dei diritti primari.\u00a0Tuttavia questo violento sistema di confinamenti e controllo non riesce a frenare e neutralizzare il desiderio di libert\u00e0 e le rivendicazioni che caratterizzano questi movimenti migratori.\u00a0In Europa infatti si sono susseguite a pi\u00f9 riprese proteste, contestazioni, azioni collettive auto-organizzate, \u201ccontro-condotte\u201d e diffusi comportamenti di carattere resistenziale.<\/p>\n<p><strong>Ventimiglia \u00e8 il simbolo del razzismo istituzionale che \u00e8 ormai pratica quotidiana.<\/strong><br \/>\nChi ogni giorno tenta di attraversare il confine rischia di incappare in uno dei numerosi controlli di polizia, basati esclusivamente sul colore della pelle. La discrezionalit\u00e0 dei controlli di frontiera raggiunge casi di aperta violazione delle norme e dei trattati internazionali, come il reiterato respingimento di minori non accompagnati dalla Francia all\u2019Italia.\u00a0Chi viene respinto al confine o viene trovato privo di documenti in citt\u00e0, pu\u00f2 essere trasferito verso l\u2019hotspot di Taranto o di Crotone.\u00a0\u00a0Queste pratiche di identificazione e deportazione, tristemente comuni a molti altri territori, avvengono quasi quotidianamente con l\u2019intento di \u201calleggerire\u201d la frontiera, una pratica istituzionale rivelatasi oltre che inumana, anche dispendiosa per le casse dello stato e inutile visto che le persone dopo pochi giorni ritornano a Ventimiglia nel tentativo di raggiungere altri paesi europei.<\/p>\n<p><strong>Ventimiglia \u00e8 il simbolo della violenza su donne e minori.<\/strong>\u00a0Le donne e le minori spesso si mettono in viaggio per sottrarsi alla violenza patriarcale nel paese di origine, ma la violenza di genere \u00e8 una costante in tutto il viaggio delle migranti.<br \/>\nLe donne in transito non hanno accesso alla salute, alla prevenzione delle gravidanze indesiderate e delle malattie sessualmente trasmissibili, non possono richiedere in tempi utili un\u2019interruzione volontaria di gravidanza; le condizioni in cui vengono \u201caccolte\u201d, a Ventimiglia e non solo, sono insicure, non le tutelano dal rischio di diventare \u201cmerce di scambio\u201d e di entrare nella rete della tratta che nutre il mercato della prostituzione.\u00a0Le violenze sono all\u2019ordine del giorno per tutte le migranti e avvengono sotto gli occhi di tutti, istituzioni e forze dell\u2019ordine comprese, che persistono per\u00f2 nell\u2019attuare unicamente politiche repressive e di controllo.<\/p>\n<p><strong>In tutta Europa si susseguono attacchi ad ogni forma di solidariet\u00e0 attiva<\/strong>: dalle navi delle ONG trattate come scafisti, agli arresti di chi aiuta i migranti nel loro percorso, alla continua costruzione di muri fisici e legislativi, fino alle migliaia di avvisi orali, fogli di via e denunce ad attivisti e solidali, colpevoli semplicemente di esprimere solidariet\u00e0. A Ventimiglia ad esempio per oltre un anno una ordinanza comunale ha vietato di portare da mangiare ai migranti.\u00a0In tre anni si sono susseguiti sgomberi forzati dei campi, blocco delle fontane (unica fonte di approvvigionamento per molti), \u201cpulizia\u201d con le ruspe del greto del fiume Roya, chiusura di luoghi protetti di accoglienza per donne e minori come la Chiesa delle Gianchette; un insieme di \u201csoluzioni\u201d che, ben lungi dal risolvere la situazione, la peggiorano.<\/p>\n<p>Per tutti questi motivi costruiamo assieme una <strong>mobilitazione collettiva<\/strong>. Una giornata di solidariet\u00e0 per la libert\u00e0 di movimento, per uscire dall\u2019isolamento mediatico e rivendicare la dignit\u00e0 e l\u2019autonomia delle persone in viaggio, per affermare l\u2019umanit\u00e0 e la legittimit\u00e0 delle pratiche solidali e per rompere finalmente con una narrazione improntata prevalentemente su logiche eurocentriche e populiste.<\/p>\n<p>Non vogliamo una mobilitazione \u201cper i migranti\u201d, ma una mobilitazione che sia con e delle persone migranti. Una mobilitazione che sappia includere tutti e dare vita a linguaggi e progetti coinvolgenti.\u00a0Ci rivolgiamo anche a quella parte di cittadinanza ventimigliese che vuole sentirsi soggetto attivo del proprio territorio.<\/p>\n<p><strong>Vogliamo una mobilitazione trasversale<\/strong> che, con la forza della sua determinazione e partecipazione, sappia dare forza e visibilit\u00e0 alle rivendicazioni delle persone migranti e ai diversi percorsi di solidariet\u00e0 che si stanno sviluppando in tutta Europa (dalla Spagna alla Grecia passando per Calais) contro la barbarie rappresentata dai confini e dalle politiche migratorie.<\/p>\n<p><em><strong>14 luglio ore 14.00 corteo internazionale a Ventimiglia<\/strong>\u00a0<\/em><\/p>\n<p>Per info e adesioni:<br \/>\n<a href=\"http:\/\/webmail.latalpaelorologio.org\/imp\/basic.php?mailbox=SU5CT1guU2VudA&amp;buid=141&amp;page=message#\" target=\"_blank\" rel=\"noopener\" data-saferedirecturl=\"https:\/\/www.google.com\/url?hl=it&amp;q=http:\/\/webmail.latalpaelorologio.org\/imp\/basic.php?mailbox%3DSU5CT1guU2VudA%26buid%3D141%26page%3Dmessage%23&amp;source=gmail&amp;ust=1530612297126000&amp;usg=AFQjCNGyoO0BtqcQMXVptXzIXDtSIj8HyA\">mobilitazione14luglio@gmail.co<wbr \/>m<\/a><\/p>\n<p>#permessodisoggiornoeuropeo<br \/>\n#ventimigliacitt\u00e0aperta<br \/>\n#dirittisenzaconfini<br \/>\n#liberedimuoversiedirestare<br \/>\n#14L<\/p>\n<p><strong>* Progetto20k (<a href=\"http:\/\/www.progetto20k.org\/\" target=\"_blank\" rel=\"noopener\">http:\/\/www.progetto20k.org\/<\/a>)<\/strong><\/p>\n","protected":false},"excerpt":{"rendered":"<p>Progetto20k invita tutte le realt\u00e0, le associazioni, i collettivi, i gruppi e le singole persone che si occupano delle tematiche legate ai flussi migratori, all\u2019accoglienza, alla solidariet\u00e0 e chiunque sia interessato, a partecipare al percorso di costruzione della mobilitazione del&hellip;<\/p>\n","protected":false},"author":908,"featured_media":670920,"comment_status":"closed","ping_status":"closed","sticky":false,"template":"","format":"standard","meta":{"footnotes":""},"categories":[60,47,38],"tags":[23862,16570,14931,2636,47673,1634,27613],"class_list":["post-670899","post","type-post","status-publish","format-standard","has-post-thumbnail","hentry","category-diritti-umani","category-europa","category-internazionale","tag-europa-es-2-it","tag-flussi-migratori","tag-giornata","tag-migranti","tag-permesso-di-soggiorno-europeo","tag-solidarieta","tag-ventimiglia"],"yoast_head":"<!-- This site is optimized with the Yoast SEO plugin v27.1.1 - https:\/\/yoast.com\/product\/yoast-seo-wordpress\/ -->\n<title>Giornata di solidariet\u00e0 internazionale a Ventimiglia per un permesso di soggiorno europeo<\/title>\n<meta name=\"description\" content=\"Progetto20k invita tutte le realt\u00e0 che si occupano delle tematiche legate ai flussi migratori a partecipare alla mobilitazione del 14 luglio a Ventimiglia\" \/>\n<meta name=\"robots\" content=\"index, follow, max-snippet:-1, max-image-preview:large, max-video-preview:-1\" \/>\n<link rel=\"canonical\" href=\"https:\/\/www.pressenza.com\/it\/2018\/07\/giornata-internazionale-ventimiglia-per-permesso-soggiorno-europeo\/\" \/>\n<meta property=\"og:locale\" content=\"it_IT\" \/>\n<meta property=\"og:type\" content=\"article\" \/>\n<meta property=\"og:title\" content=\"Giornata di solidariet\u00e0 internazionale a Ventimiglia per un permesso di soggiorno europeo\" \/>\n<meta property=\"og:description\" content=\"Progetto20k invita tutte le realt\u00e0 che si occupano delle tematiche legate ai flussi migratori a partecipare alla mobilitazione del 14 luglio a Ventimiglia\" \/>\n<meta property=\"og:url\" content=\"https:\/\/www.pressenza.com\/it\/2018\/07\/giornata-internazionale-ventimiglia-per-permesso-soggiorno-europeo\/\" \/>\n<meta property=\"og:site_name\" content=\"Pressenza\" \/>\n<meta property=\"article:publisher\" content=\"https:\/\/www.facebook.com\/PressenzaItalia\" \/>\n<meta property=\"article:published_time\" content=\"2018-07-04T21:24:17+00:00\" \/>\n<meta property=\"article:modified_time\" content=\"2018-07-04T21:25:33+00:00\" \/>\n<meta property=\"og:image\" content=\"https:\/\/www.pressenza.com\/wp-content\/uploads\/2018\/07\/no-border.jpg\" \/>\n\t<meta property=\"og:image:width\" content=\"829\" \/>\n\t<meta property=\"og:image:height\" content=\"557\" \/>\n\t<meta property=\"og:image:type\" content=\"image\/jpeg\" \/>\n<meta name=\"author\" content=\"Per Un&#039;Altra Citt\u00e0\" \/>\n<meta name=\"twitter:card\" content=\"summary_large_image\" \/>\n<meta name=\"twitter:creator\" content=\"@PressenzaIPA\" \/>\n<meta name=\"twitter:site\" content=\"@PressenzaIPA\" \/>\n<meta name=\"twitter:label1\" content=\"Scritto da\" \/>\n\t<meta name=\"twitter:data1\" content=\"Per Un&#039;Altra Citt\u00e0\" \/>\n\t<meta name=\"twitter:label2\" content=\"Tempo di lettura stimato\" \/>\n\t<meta name=\"twitter:data2\" content=\"5 minuti\" \/>\n<script type=\"application\/ld+json\" class=\"yoast-schema-graph\">{\"@context\":\"https:\/\/schema.org\",\"@graph\":[{\"@type\":\"Article\",\"@id\":\"https:\/\/www.pressenza.com\/it\/2018\/07\/giornata-internazionale-ventimiglia-per-permesso-soggiorno-europeo\/#article\",\"isPartOf\":{\"@id\":\"https:\/\/www.pressenza.com\/it\/2018\/07\/giornata-internazionale-ventimiglia-per-permesso-soggiorno-europeo\/\"},\"author\":{\"name\":\"Per Un'Altra Citt\u00e0\",\"@id\":\"https:\/\/www.pressenza.com\/it\/#\/schema\/person\/8a889880adf4f5530e4a3b7470e5e299\"},\"headline\":\"Giornata di solidariet\u00e0 internazionale a Ventimiglia per un permesso di soggiorno europeo\",\"datePublished\":\"2018-07-04T21:24:17+00:00\",\"dateModified\":\"2018-07-04T21:25:33+00:00\",\"mainEntityOfPage\":{\"@id\":\"https:\/\/www.pressenza.com\/it\/2018\/07\/giornata-internazionale-ventimiglia-per-permesso-soggiorno-europeo\/\"},\"wordCount\":1093,\"publisher\":{\"@id\":\"https:\/\/www.pressenza.com\/it\/#organization\"},\"image\":{\"@id\":\"https:\/\/www.pressenza.com\/it\/2018\/07\/giornata-internazionale-ventimiglia-per-permesso-soggiorno-europeo\/#primaryimage\"},\"thumbnailUrl\":\"https:\/\/www.pressenza.com\/wp-content\/uploads\/2018\/07\/no-border.jpg\",\"keywords\":[\"Europa\",\"flussi migratori\",\"giornata\",\"migranti\",\"permesso di soggiorno europeo\",\"solidariet\u00e0\",\"Ventimiglia\"],\"articleSection\":[\"Diritti Umani\",\"Europa\",\"Internazionale\"],\"inLanguage\":\"it-IT\"},{\"@type\":\"WebPage\",\"@id\":\"https:\/\/www.pressenza.com\/it\/2018\/07\/giornata-internazionale-ventimiglia-per-permesso-soggiorno-europeo\/\",\"url\":\"https:\/\/www.pressenza.com\/it\/2018\/07\/giornata-internazionale-ventimiglia-per-permesso-soggiorno-europeo\/\",\"name\":\"Giornata di solidariet\u00e0 internazionale a Ventimiglia per un permesso di soggiorno europeo\",\"isPartOf\":{\"@id\":\"https:\/\/www.pressenza.com\/it\/#website\"},\"primaryImageOfPage\":{\"@id\":\"https:\/\/www.pressenza.com\/it\/2018\/07\/giornata-internazionale-ventimiglia-per-permesso-soggiorno-europeo\/#primaryimage\"},\"image\":{\"@id\":\"https:\/\/www.pressenza.com\/it\/2018\/07\/giornata-internazionale-ventimiglia-per-permesso-soggiorno-europeo\/#primaryimage\"},\"thumbnailUrl\":\"https:\/\/www.pressenza.com\/wp-content\/uploads\/2018\/07\/no-border.jpg\",\"datePublished\":\"2018-07-04T21:24:17+00:00\",\"dateModified\":\"2018-07-04T21:25:33+00:00\",\"description\":\"Progetto20k invita tutte le realt\u00e0 che si occupano delle tematiche legate ai flussi migratori a partecipare alla mobilitazione del 14 luglio a Ventimiglia\",\"breadcrumb\":{\"@id\":\"https:\/\/www.pressenza.com\/it\/2018\/07\/giornata-internazionale-ventimiglia-per-permesso-soggiorno-europeo\/#breadcrumb\"},\"inLanguage\":\"it-IT\",\"potentialAction\":[{\"@type\":\"ReadAction\",\"target\":[\"https:\/\/www.pressenza.com\/it\/2018\/07\/giornata-internazionale-ventimiglia-per-permesso-soggiorno-europeo\/\"]}]},{\"@type\":\"ImageObject\",\"inLanguage\":\"it-IT\",\"@id\":\"https:\/\/www.pressenza.com\/it\/2018\/07\/giornata-internazionale-ventimiglia-per-permesso-soggiorno-europeo\/#primaryimage\",\"url\":\"https:\/\/www.pressenza.com\/wp-content\/uploads\/2018\/07\/no-border.jpg\",\"contentUrl\":\"https:\/\/www.pressenza.com\/wp-content\/uploads\/2018\/07\/no-border.jpg\",\"width\":829,\"height\":557},{\"@type\":\"BreadcrumbList\",\"@id\":\"https:\/\/www.pressenza.com\/it\/2018\/07\/giornata-internazionale-ventimiglia-per-permesso-soggiorno-europeo\/#breadcrumb\",\"itemListElement\":[{\"@type\":\"ListItem\",\"position\":1,\"name\":\"Accueil\",\"item\":\"https:\/\/www.pressenza.com\/it\/\"},{\"@type\":\"ListItem\",\"position\":2,\"name\":\"Giornata di solidariet\u00e0 internazionale a Ventimiglia per un permesso di soggiorno europeo\"}]},{\"@type\":\"WebSite\",\"@id\":\"https:\/\/www.pressenza.com\/it\/#website\",\"url\":\"https:\/\/www.pressenza.com\/it\/\",\"name\":\"Pressenza\",\"description\":\"Agenzia di Stampa Internazionale\",\"publisher\":{\"@id\":\"https:\/\/www.pressenza.com\/it\/#organization\"},\"potentialAction\":[{\"@type\":\"SearchAction\",\"target\":{\"@type\":\"EntryPoint\",\"urlTemplate\":\"https:\/\/www.pressenza.com\/it\/?s={search_term_string}\"},\"query-input\":{\"@type\":\"PropertyValueSpecification\",\"valueRequired\":true,\"valueName\":\"search_term_string\"}}],\"inLanguage\":\"it-IT\"},{\"@type\":\"Organization\",\"@id\":\"https:\/\/www.pressenza.com\/it\/#organization\",\"name\":\"Pressenza\",\"url\":\"https:\/\/www.pressenza.com\/it\/\",\"logo\":{\"@type\":\"ImageObject\",\"inLanguage\":\"it-IT\",\"@id\":\"https:\/\/www.pressenza.com\/it\/#\/schema\/logo\/image\/\",\"url\":\"https:\/\/www.pressenza.com\/wp-content\/uploads\/2022\/10\/pressenza_logo_200x200.jpg\",\"contentUrl\":\"https:\/\/www.pressenza.com\/wp-content\/uploads\/2022\/10\/pressenza_logo_200x200.jpg\",\"width\":200,\"height\":200,\"caption\":\"Pressenza\"},\"image\":{\"@id\":\"https:\/\/www.pressenza.com\/it\/#\/schema\/logo\/image\/\"},\"sameAs\":[\"https:\/\/www.facebook.com\/PressenzaItalia\",\"https:\/\/x.com\/PressenzaIPA\"]},{\"@type\":\"Person\",\"@id\":\"https:\/\/www.pressenza.com\/it\/#\/schema\/person\/8a889880adf4f5530e4a3b7470e5e299\",\"name\":\"Per Un'Altra Citt\u00e0\",\"description\":\"Lista di cittadinanza a Firenze\",\"sameAs\":[\"http:\/\/www.perunaltracitta.org\"],\"url\":\"https:\/\/www.pressenza.com\/it\/author\/per-un-altra-citta\/\"}]}<\/script>\n<!-- \/ Yoast SEO plugin. -->","yoast_head_json":{"title":"Giornata di solidariet\u00e0 internazionale a Ventimiglia per un permesso di soggiorno europeo","description":"Progetto20k invita tutte le realt\u00e0 che si occupano delle tematiche legate ai flussi migratori a partecipare alla mobilitazione del 14 luglio a Ventimiglia","robots":{"index":"index","follow":"follow","max-snippet":"max-snippet:-1","max-image-preview":"max-image-preview:large","max-video-preview":"max-video-preview:-1"},"canonical":"https:\/\/www.pressenza.com\/it\/2018\/07\/giornata-internazionale-ventimiglia-per-permesso-soggiorno-europeo\/","og_locale":"it_IT","og_type":"article","og_title":"Giornata di solidariet\u00e0 internazionale a Ventimiglia per un permesso di soggiorno europeo","og_description":"Progetto20k invita tutte le realt\u00e0 che si occupano delle tematiche legate ai flussi migratori a partecipare alla mobilitazione del 14 luglio a Ventimiglia","og_url":"https:\/\/www.pressenza.com\/it\/2018\/07\/giornata-internazionale-ventimiglia-per-permesso-soggiorno-europeo\/","og_site_name":"Pressenza","article_publisher":"https:\/\/www.facebook.com\/PressenzaItalia","article_published_time":"2018-07-04T21:24:17+00:00","article_modified_time":"2018-07-04T21:25:33+00:00","og_image":[{"width":829,"height":557,"url":"https:\/\/www.pressenza.com\/wp-content\/uploads\/2018\/07\/no-border.jpg","type":"image\/jpeg"}],"author":"Per Un'Altra Citt\u00e0","twitter_card":"summary_large_image","twitter_creator":"@PressenzaIPA","twitter_site":"@PressenzaIPA","twitter_misc":{"Scritto da":"Per Un'Altra Citt\u00e0","Tempo di lettura stimato":"5 minuti"},"schema":{"@context":"https:\/\/schema.org","@graph":[{"@type":"Article","@id":"https:\/\/www.pressenza.com\/it\/2018\/07\/giornata-internazionale-ventimiglia-per-permesso-soggiorno-europeo\/#article","isPartOf":{"@id":"https:\/\/www.pressenza.com\/it\/2018\/07\/giornata-internazionale-ventimiglia-per-permesso-soggiorno-europeo\/"},"author":{"name":"Per Un'Altra Citt\u00e0","@id":"https:\/\/www.pressenza.com\/it\/#\/schema\/person\/8a889880adf4f5530e4a3b7470e5e299"},"headline":"Giornata di solidariet\u00e0 internazionale a Ventimiglia per un permesso di soggiorno europeo","datePublished":"2018-07-04T21:24:17+00:00","dateModified":"2018-07-04T21:25:33+00:00","mainEntityOfPage":{"@id":"https:\/\/www.pressenza.com\/it\/2018\/07\/giornata-internazionale-ventimiglia-per-permesso-soggiorno-europeo\/"},"wordCount":1093,"publisher":{"@id":"https:\/\/www.pressenza.com\/it\/#organization"},"image":{"@id":"https:\/\/www.pressenza.com\/it\/2018\/07\/giornata-internazionale-ventimiglia-per-permesso-soggiorno-europeo\/#primaryimage"},"thumbnailUrl":"https:\/\/www.pressenza.com\/wp-content\/uploads\/2018\/07\/no-border.jpg","keywords":["Europa","flussi migratori","giornata","migranti","permesso di soggiorno europeo","solidariet\u00e0","Ventimiglia"],"articleSection":["Diritti Umani","Europa","Internazionale"],"inLanguage":"it-IT"},{"@type":"WebPage","@id":"https:\/\/www.pressenza.com\/it\/2018\/07\/giornata-internazionale-ventimiglia-per-permesso-soggiorno-europeo\/","url":"https:\/\/www.pressenza.com\/it\/2018\/07\/giornata-internazionale-ventimiglia-per-permesso-soggiorno-europeo\/","name":"Giornata di solidariet\u00e0 internazionale a Ventimiglia per un permesso di soggiorno europeo","isPartOf":{"@id":"https:\/\/www.pressenza.com\/it\/#website"},"primaryImageOfPage":{"@id":"https:\/\/www.pressenza.com\/it\/2018\/07\/giornata-internazionale-ventimiglia-per-permesso-soggiorno-europeo\/#primaryimage"},"image":{"@id":"https:\/\/www.pressenza.com\/it\/2018\/07\/giornata-internazionale-ventimiglia-per-permesso-soggiorno-europeo\/#primaryimage"},"thumbnailUrl":"https:\/\/www.pressenza.com\/wp-content\/uploads\/2018\/07\/no-border.jpg","datePublished":"2018-07-04T21:24:17+00:00","dateModified":"2018-07-04T21:25:33+00:00","description":"Progetto20k invita tutte le realt\u00e0 che si occupano delle tematiche legate ai flussi migratori a partecipare alla mobilitazione del 14 luglio a Ventimiglia","breadcrumb":{"@id":"https:\/\/www.pressenza.com\/it\/2018\/07\/giornata-internazionale-ventimiglia-per-permesso-soggiorno-europeo\/#breadcrumb"},"inLanguage":"it-IT","potentialAction":[{"@type":"ReadAction","target":["https:\/\/www.pressenza.com\/it\/2018\/07\/giornata-internazionale-ventimiglia-per-permesso-soggiorno-europeo\/"]}]},{"@type":"ImageObject","inLanguage":"it-IT","@id":"https:\/\/www.pressenza.com\/it\/2018\/07\/giornata-internazionale-ventimiglia-per-permesso-soggiorno-europeo\/#primaryimage","url":"https:\/\/www.pressenza.com\/wp-content\/uploads\/2018\/07\/no-border.jpg","contentUrl":"https:\/\/www.pressenza.com\/wp-content\/uploads\/2018\/07\/no-border.jpg","width":829,"height":557},{"@type":"BreadcrumbList","@id":"https:\/\/www.pressenza.com\/it\/2018\/07\/giornata-internazionale-ventimiglia-per-permesso-soggiorno-europeo\/#breadcrumb","itemListElement":[{"@type":"ListItem","position":1,"name":"Accueil","item":"https:\/\/www.pressenza.com\/it\/"},{"@type":"ListItem","position":2,"name":"Giornata di solidariet\u00e0 internazionale a Ventimiglia per un permesso di soggiorno europeo"}]},{"@type":"WebSite","@id":"https:\/\/www.pressenza.com\/it\/#website","url":"https:\/\/www.pressenza.com\/it\/","name":"Pressenza","description":"Agenzia di Stampa Internazionale","publisher":{"@id":"https:\/\/www.pressenza.com\/it\/#organization"},"potentialAction":[{"@type":"SearchAction","target":{"@type":"EntryPoint","urlTemplate":"https:\/\/www.pressenza.com\/it\/?s={search_term_string}"},"query-input":{"@type":"PropertyValueSpecification","valueRequired":true,"valueName":"search_term_string"}}],"inLanguage":"it-IT"},{"@type":"Organization","@id":"https:\/\/www.pressenza.com\/it\/#organization","name":"Pressenza","url":"https:\/\/www.pressenza.com\/it\/","logo":{"@type":"ImageObject","inLanguage":"it-IT","@id":"https:\/\/www.pressenza.com\/it\/#\/schema\/logo\/image\/","url":"https:\/\/www.pressenza.com\/wp-content\/uploads\/2022\/10\/pressenza_logo_200x200.jpg","contentUrl":"https:\/\/www.pressenza.com\/wp-content\/uploads\/2022\/10\/pressenza_logo_200x200.jpg","width":200,"height":200,"caption":"Pressenza"},"image":{"@id":"https:\/\/www.pressenza.com\/it\/#\/schema\/logo\/image\/"},"sameAs":["https:\/\/www.facebook.com\/PressenzaItalia","https:\/\/x.com\/PressenzaIPA"]},{"@type":"Person","@id":"https:\/\/www.pressenza.com\/it\/#\/schema\/person\/8a889880adf4f5530e4a3b7470e5e299","name":"Per Un'Altra Citt\u00e0","description":"Lista di cittadinanza a Firenze","sameAs":["http:\/\/www.perunaltracitta.org"],"url":"https:\/\/www.pressenza.com\/it\/author\/per-un-altra-citta\/"}]}},"place":"","original_article_url":"http:\/\/www.perunaltracitta.org\/2018\/07\/02\/giornata-di-solidarieta-internazionale-a-ventimiglia-per-un-permesso-di-soggiorno-europeo\/","_links":{"self":[{"href":"https:\/\/www.pressenza.com\/it\/wp-json\/wp\/v2\/posts\/670899","targetHints":{"allow":["GET"]}}],"collection":[{"href":"https:\/\/www.pressenza.com\/it\/wp-json\/wp\/v2\/posts"}],"about":[{"href":"https:\/\/www.pressenza.com\/it\/wp-json\/wp\/v2\/types\/post"}],"author":[{"embeddable":true,"href":"https:\/\/www.pressenza.com\/it\/wp-json\/wp\/v2\/users\/908"}],"replies":[{"embeddable":true,"href":"https:\/\/www.pressenza.com\/it\/wp-json\/wp\/v2\/comments?post=670899"}],"version-history":[{"count":0,"href":"https:\/\/www.pressenza.com\/it\/wp-json\/wp\/v2\/posts\/670899\/revisions"}],"wp:featuredmedia":[{"embeddable":true,"href":"https:\/\/www.pressenza.com\/it\/wp-json\/wp\/v2\/media\/670920"}],"wp:attachment":[{"href":"https:\/\/www.pressenza.com\/it\/wp-json\/wp\/v2\/media?parent=670899"}],"wp:term":[{"taxonomy":"category","embeddable":true,"href":"https:\/\/www.pressenza.com\/it\/wp-json\/wp\/v2\/categories?post=670899"},{"taxonomy":"post_tag","embeddable":true,"href":"https:\/\/www.pressenza.com\/it\/wp-json\/wp\/v2\/tags?post=670899"}],"curies":[{"name":"wp","href":"https:\/\/api.w.org\/{rel}","templated":true}]}}