{"id":670357,"date":"2018-07-04T23:17:45","date_gmt":"2018-07-04T22:17:45","guid":{"rendered":"https:\/\/www.pressenza.com\/?p=670357"},"modified":"2018-07-06T22:46:02","modified_gmt":"2018-07-06T21:46:02","slug":"i-trenta-denari-della-difesa","status":"publish","type":"post","link":"https:\/\/www.pressenza.com\/it\/2018\/07\/i-trenta-denari-della-difesa\/","title":{"rendered":"I Trenta denari della Difesa"},"content":{"rendered":"<p style=\"text-align: left;\" align=\"center\">Sorpresa: con il &#8216;cambiamento&#8217; le spese militari aumentano<\/p>\n<p class=\"western\" style=\"text-align: left;\" align=\"justify\"><i>La Ministra della Difesa del governo giallonero, Elisabetta Trenta, ha rilasciato un&#8217;intervista alla rivista americana specializzata Defense News, nella quale, oltre a confermare l&#8217;impegno italiano nel programma F35 (con tanti saluti ai pentastellati che facevano l&#8217;opposizione pacifista), ribadisce che l\u2019Italia punta a raggiungere l\u2019obiettivo Nato di spesa per la Difesa del 2% del prodotto interno lordo entro il 2024. Il Parlamento se ne far\u00e0 una ragione.<\/i><\/p>\n<p class=\"western\" style=\"text-align: left;\" align=\"justify\">La Difesa in Italia costa gi\u00e0 tantissimo, attualmente 64 milioni al giorno, eppure il governo &#8220;del cambiamento&#8221; vuole raddoppiare le spese militari nei prossimi sette anni: sulla proiezione di aumento, stando alle stime ufficiali della Difesa, si tratterebbe di ulteriori 16 miliardi annui, che sommati ai reali 23 attuali farebbero oltre 39 miliardi all&#8217;anno!<\/p>\n<p class=\"western\" style=\"text-align: left;\" align=\"justify\"><strong>Portare la spesa militare al 2% del PIL significherebbe dunque arrivare a quasi 40 miliardi all&#8217;anno, cio\u00e8 a pi\u00f9 di 100 milioni al giorno. Una spesa insostenibile: dove pensano di trovarli questi soldi aggiuntivi? Tagliando le pensioni di tutti i lavoratori (oltre che i vitalizi) e aumentando le tasse?<\/strong><\/p>\n<p class=\"western\" style=\"text-align: left;\" align=\"justify\">La richiesta, perentoria, che l&#8217;Italia aumenti le spese militari fino al 2% del PIL, viene direttamente dalla NATO, ed \u00e8 stata ribadita da Trump (in realt\u00e0 \u00e8 un accordo politico informale e non sarebbe vincolante), ma l&#8217;attuale governo italiano vuole essere il primo della classe.<\/p>\n<p class=\"western\" style=\"text-align: left;\" align=\"justify\">La ministra della Difesa ha citato il suo incontro con il consigliere per la sicurezza nazionale di Trump, John Bolton: \u201cGli Stati Uniti sono il nostro storico alleato, non ne abbiamo mai dubitato\u201d.<\/p>\n<p class=\"western\" style=\"text-align: left;\" align=\"justify\"><strong>L\u2019Italia, secondo i dati dell&#8217;autorevole Istituto SIPRI (confermati dall&#8217;Osservatorio sulle spese militari Milex) spende gi\u00e0 l\u20191,4%, in media con i Paesi NATO (USA esclusi). <\/strong><\/p>\n<p class=\"western\" style=\"text-align: left;\" align=\"justify\"><strong>La maggior parte dei Paesi europei spende molto meno del 2% : la Germania \u00e8 all\u20191,2%, come la Spagna e l\u2019Olanda. Ci sono Paesi come il Canada all\u20191%. Solo la Grecia spende ben oltre il 2% del Pil (obbligata dagli accordi internazionali di &#8220;salvataggio&#8221;) ma sappiamo bene in quale drammatica situazione economica si trovi il governo di Atene. <\/strong><\/p>\n<p class=\"western\" style=\"text-align: left;\" align=\"justify\">In Italia si spende sempre di pi\u00f9 in <strong>armamenti \u201ctradizionali\u201d<\/strong> come cacciabombardieri, missili, carri armati e navi da guerra (+85 per cento in 10 anni). I fondi specifici per nuovi sistemi d&#8217;arma sono al 28% del totale, superiori addirittura alla media europea che \u00e8 del 20% e degli Stati Uniti che sono al 25%. Questo avviene perch\u00e9 si comprano sempre pi\u00f9 armamenti, a partire dagli F-35, che costano 14 miliardi, senza pensare ai costi successivi necessari per la loro manutenzione (il nuovo governo, dice la Ministra, non taglier\u00e0 gli ordini, ma allungher\u00e0 il piano di acquisto perch\u00e8 &#8220;intende valutare i vantaggi industriali e tecnologici per l\u2019Italia, gli interessi nazionali&#8221;).<\/p>\n<p class=\"western\" style=\"text-align: left;\" align=\"justify\">C&#8217;\u00e8 poi la nuova flotta navale, circa 5,4 miliardi di euro o gli 800 nuovi carri armati per oltre 5 miliardi. Proporzionalmente spendiamo gi\u00e0 pi\u00f9 di tutti: un aumento (in termini reali) di oltre il 10% della spesa per le forze armate, a fronte di aumenti del 3% della Germania, dello 0,6% della Francia e 0,7% della Gran Bretagna. Un incremento maggiore persino rispetto a Stati Uniti (+1,7%), Russia (+5,9%) e Cina (+5,4%).<\/p>\n<p class=\"western\" style=\"text-align: left;\" align=\"justify\">E la nuova Ministra, che fa? Dice che bisogna fare ancora di pi\u00f9.<\/p>\n<p class=\"western\" style=\"text-align: left;\" align=\"justify\">Ora si capisce cosa intendevano dire i due Capi politici firmatari del &#8220;contratto per il governo del cambiamento&#8221; quando nello striminzito capitolo dedicato alla Difesa hanno scritto &#8220;\u00c8 imprescindibile la tutela dell\u2019industria italiana del comparto difesa&#8221;; intendevano dire &#8220;aumento delle spese militari&#8221;. Ecco il cambiamento: da 23 miliardi a 40 miliardi all&#8217;anno. Bel cambiamento!<\/p>\n<p class=\"western\" style=\"text-align: left;\" align=\"justify\">* <i>Presidente del Movimento Nonviolento<\/i><\/p>\n<p class=\"western\" style=\"text-align: left;\" align=\"justify\"><i>I dati citati sono tratti dagli studi del Sipri e dell&#8217;Osservatorio Mil\u20acx<\/i><\/p>\n<p class=\"western\" style=\"text-align: left;\" align=\"justify\"><i>www.milex.org<\/i><\/p>\n","protected":false},"excerpt":{"rendered":"<p>Sorpresa: con il &#8216;cambiamento&#8217; le spese militari aumentano La Ministra della Difesa del governo giallonero, Elisabetta Trenta, ha rilasciato un&#8217;intervista alla rivista americana specializzata Defense News, nella quale, oltre a confermare l&#8217;impegno italiano nel programma F35 (con tanti saluti ai&hellip;<\/p>\n","protected":false},"author":630,"featured_media":670964,"comment_status":"closed","ping_status":"closed","sticky":false,"template":"","format":"standard","meta":{"footnotes":""},"categories":[162,1263],"tags":[5969,47675,1821,207,1419],"class_list":["post-670357","post","type-post","status-publish","format-standard","has-post-thumbnail","hentry","category-opinioni","category-pace-disarmo","tag-difesa","tag-elisabetta-trenta","tag-f35","tag-nato","tag-spese-militari"],"yoast_head":"<!-- This site is optimized with the Yoast SEO plugin v27.1.1 - https:\/\/yoast.com\/product\/yoast-seo-wordpress\/ -->\n<title>I Trenta denari della Difesa<\/title>\n<meta name=\"description\" content=\"Sorpresa: con il &#039;cambiamento&#039; le spese militari aumentano La Ministra della Difesa del governo giallonero, Elisabetta Trenta, ha rilasciato un&#039;intervista\" \/>\n<meta name=\"robots\" content=\"index, follow, max-snippet:-1, max-image-preview:large, max-video-preview:-1\" \/>\n<link rel=\"canonical\" href=\"https:\/\/www.pressenza.com\/it\/2018\/07\/i-trenta-denari-della-difesa\/\" \/>\n<meta property=\"og:locale\" content=\"it_IT\" \/>\n<meta property=\"og:type\" content=\"article\" \/>\n<meta property=\"og:title\" content=\"I Trenta denari della Difesa\" \/>\n<meta property=\"og:description\" content=\"Sorpresa: con il &#039;cambiamento&#039; le spese militari aumentano La Ministra della Difesa del governo giallonero, Elisabetta Trenta, ha rilasciato un&#039;intervista\" \/>\n<meta property=\"og:url\" content=\"https:\/\/www.pressenza.com\/it\/2018\/07\/i-trenta-denari-della-difesa\/\" \/>\n<meta property=\"og:site_name\" content=\"Pressenza\" \/>\n<meta property=\"article:publisher\" content=\"https:\/\/www.facebook.com\/PressenzaItalia\" \/>\n<meta property=\"article:author\" content=\"https:\/\/www.facebook.com\/mao.valpiana\" \/>\n<meta property=\"article:published_time\" content=\"2018-07-04T22:17:45+00:00\" \/>\n<meta property=\"article:modified_time\" content=\"2018-07-06T21:46:02+00:00\" \/>\n<meta property=\"og:image\" content=\"https:\/\/www.pressenza.com\/wp-content\/uploads\/2018\/07\/trenta-difesaonline.jpg\" \/>\n\t<meta property=\"og:image:width\" content=\"580\" \/>\n\t<meta property=\"og:image:height\" content=\"542\" \/>\n\t<meta property=\"og:image:type\" content=\"image\/jpeg\" \/>\n<meta name=\"author\" content=\"Mao Valpiana\" \/>\n<meta name=\"twitter:card\" content=\"summary_large_image\" \/>\n<meta name=\"twitter:creator\" content=\"@PressenzaIPA\" \/>\n<meta name=\"twitter:site\" content=\"@PressenzaIPA\" \/>\n<meta name=\"twitter:label1\" content=\"Scritto da\" \/>\n\t<meta name=\"twitter:data1\" content=\"Mao Valpiana\" \/>\n\t<meta name=\"twitter:label2\" content=\"Tempo di lettura stimato\" \/>\n\t<meta name=\"twitter:data2\" content=\"3 minuti\" \/>\n<script type=\"application\/ld+json\" class=\"yoast-schema-graph\">{\"@context\":\"https:\/\/schema.org\",\"@graph\":[{\"@type\":\"Article\",\"@id\":\"https:\/\/www.pressenza.com\/it\/2018\/07\/i-trenta-denari-della-difesa\/#article\",\"isPartOf\":{\"@id\":\"https:\/\/www.pressenza.com\/it\/2018\/07\/i-trenta-denari-della-difesa\/\"},\"author\":{\"name\":\"Mao Valpiana\",\"@id\":\"https:\/\/www.pressenza.com\/it\/#\/schema\/person\/091e4ebe3873f0090299c35c2c0aae63\"},\"headline\":\"I Trenta denari della Difesa\",\"datePublished\":\"2018-07-04T22:17:45+00:00\",\"dateModified\":\"2018-07-06T21:46:02+00:00\",\"mainEntityOfPage\":{\"@id\":\"https:\/\/www.pressenza.com\/it\/2018\/07\/i-trenta-denari-della-difesa\/\"},\"wordCount\":593,\"publisher\":{\"@id\":\"https:\/\/www.pressenza.com\/it\/#organization\"},\"image\":{\"@id\":\"https:\/\/www.pressenza.com\/it\/2018\/07\/i-trenta-denari-della-difesa\/#primaryimage\"},\"thumbnailUrl\":\"https:\/\/www.pressenza.com\/wp-content\/uploads\/2018\/07\/trenta-difesaonline.jpg\",\"keywords\":[\"difesa\",\"Elisabetta Trenta\",\"F35\",\"NATO\",\"spese militari\"],\"articleSection\":[\"Opinioni\",\"Pace e Disarmo\"],\"inLanguage\":\"it-IT\"},{\"@type\":\"WebPage\",\"@id\":\"https:\/\/www.pressenza.com\/it\/2018\/07\/i-trenta-denari-della-difesa\/\",\"url\":\"https:\/\/www.pressenza.com\/it\/2018\/07\/i-trenta-denari-della-difesa\/\",\"name\":\"I Trenta denari della Difesa\",\"isPartOf\":{\"@id\":\"https:\/\/www.pressenza.com\/it\/#website\"},\"primaryImageOfPage\":{\"@id\":\"https:\/\/www.pressenza.com\/it\/2018\/07\/i-trenta-denari-della-difesa\/#primaryimage\"},\"image\":{\"@id\":\"https:\/\/www.pressenza.com\/it\/2018\/07\/i-trenta-denari-della-difesa\/#primaryimage\"},\"thumbnailUrl\":\"https:\/\/www.pressenza.com\/wp-content\/uploads\/2018\/07\/trenta-difesaonline.jpg\",\"datePublished\":\"2018-07-04T22:17:45+00:00\",\"dateModified\":\"2018-07-06T21:46:02+00:00\",\"description\":\"Sorpresa: con il 'cambiamento' le spese militari aumentano La Ministra della Difesa del governo giallonero, Elisabetta Trenta, ha rilasciato un'intervista\",\"breadcrumb\":{\"@id\":\"https:\/\/www.pressenza.com\/it\/2018\/07\/i-trenta-denari-della-difesa\/#breadcrumb\"},\"inLanguage\":\"it-IT\",\"potentialAction\":[{\"@type\":\"ReadAction\",\"target\":[\"https:\/\/www.pressenza.com\/it\/2018\/07\/i-trenta-denari-della-difesa\/\"]}]},{\"@type\":\"ImageObject\",\"inLanguage\":\"it-IT\",\"@id\":\"https:\/\/www.pressenza.com\/it\/2018\/07\/i-trenta-denari-della-difesa\/#primaryimage\",\"url\":\"https:\/\/www.pressenza.com\/wp-content\/uploads\/2018\/07\/trenta-difesaonline.jpg\",\"contentUrl\":\"https:\/\/www.pressenza.com\/wp-content\/uploads\/2018\/07\/trenta-difesaonline.jpg\",\"width\":580,\"height\":542},{\"@type\":\"BreadcrumbList\",\"@id\":\"https:\/\/www.pressenza.com\/it\/2018\/07\/i-trenta-denari-della-difesa\/#breadcrumb\",\"itemListElement\":[{\"@type\":\"ListItem\",\"position\":1,\"name\":\"Accueil\",\"item\":\"https:\/\/www.pressenza.com\/it\/\"},{\"@type\":\"ListItem\",\"position\":2,\"name\":\"I Trenta denari della Difesa\"}]},{\"@type\":\"WebSite\",\"@id\":\"https:\/\/www.pressenza.com\/it\/#website\",\"url\":\"https:\/\/www.pressenza.com\/it\/\",\"name\":\"Pressenza\",\"description\":\"Agenzia di Stampa Internazionale\",\"publisher\":{\"@id\":\"https:\/\/www.pressenza.com\/it\/#organization\"},\"potentialAction\":[{\"@type\":\"SearchAction\",\"target\":{\"@type\":\"EntryPoint\",\"urlTemplate\":\"https:\/\/www.pressenza.com\/it\/?s={search_term_string}\"},\"query-input\":{\"@type\":\"PropertyValueSpecification\",\"valueRequired\":true,\"valueName\":\"search_term_string\"}}],\"inLanguage\":\"it-IT\"},{\"@type\":\"Organization\",\"@id\":\"https:\/\/www.pressenza.com\/it\/#organization\",\"name\":\"Pressenza\",\"url\":\"https:\/\/www.pressenza.com\/it\/\",\"logo\":{\"@type\":\"ImageObject\",\"inLanguage\":\"it-IT\",\"@id\":\"https:\/\/www.pressenza.com\/it\/#\/schema\/logo\/image\/\",\"url\":\"https:\/\/www.pressenza.com\/wp-content\/uploads\/2022\/10\/pressenza_logo_200x200.jpg\",\"contentUrl\":\"https:\/\/www.pressenza.com\/wp-content\/uploads\/2022\/10\/pressenza_logo_200x200.jpg\",\"width\":200,\"height\":200,\"caption\":\"Pressenza\"},\"image\":{\"@id\":\"https:\/\/www.pressenza.com\/it\/#\/schema\/logo\/image\/\"},\"sameAs\":[\"https:\/\/www.facebook.com\/PressenzaItalia\",\"https:\/\/x.com\/PressenzaIPA\"]},{\"@type\":\"Person\",\"@id\":\"https:\/\/www.pressenza.com\/it\/#\/schema\/person\/091e4ebe3873f0090299c35c2c0aae63\",\"name\":\"Mao Valpiana\",\"description\":\"Presidente del Movimento Nonviolento, direttore di \\\"Azione Nonviolenta\\\"\",\"sameAs\":[\"https:\/\/www.facebook.com\/mao.valpiana\"],\"url\":\"https:\/\/www.pressenza.com\/it\/author\/mao-valpiana\/\"}]}<\/script>\n<!-- \/ Yoast SEO plugin. -->","yoast_head_json":{"title":"I Trenta denari della Difesa","description":"Sorpresa: con il 'cambiamento' le spese militari aumentano La Ministra della Difesa del governo giallonero, Elisabetta Trenta, ha rilasciato un'intervista","robots":{"index":"index","follow":"follow","max-snippet":"max-snippet:-1","max-image-preview":"max-image-preview:large","max-video-preview":"max-video-preview:-1"},"canonical":"https:\/\/www.pressenza.com\/it\/2018\/07\/i-trenta-denari-della-difesa\/","og_locale":"it_IT","og_type":"article","og_title":"I Trenta denari della Difesa","og_description":"Sorpresa: con il 'cambiamento' le spese militari aumentano La Ministra della Difesa del governo giallonero, Elisabetta Trenta, ha rilasciato un'intervista","og_url":"https:\/\/www.pressenza.com\/it\/2018\/07\/i-trenta-denari-della-difesa\/","og_site_name":"Pressenza","article_publisher":"https:\/\/www.facebook.com\/PressenzaItalia","article_author":"https:\/\/www.facebook.com\/mao.valpiana","article_published_time":"2018-07-04T22:17:45+00:00","article_modified_time":"2018-07-06T21:46:02+00:00","og_image":[{"width":580,"height":542,"url":"https:\/\/www.pressenza.com\/wp-content\/uploads\/2018\/07\/trenta-difesaonline.jpg","type":"image\/jpeg"}],"author":"Mao Valpiana","twitter_card":"summary_large_image","twitter_creator":"@PressenzaIPA","twitter_site":"@PressenzaIPA","twitter_misc":{"Scritto da":"Mao Valpiana","Tempo di lettura stimato":"3 minuti"},"schema":{"@context":"https:\/\/schema.org","@graph":[{"@type":"Article","@id":"https:\/\/www.pressenza.com\/it\/2018\/07\/i-trenta-denari-della-difesa\/#article","isPartOf":{"@id":"https:\/\/www.pressenza.com\/it\/2018\/07\/i-trenta-denari-della-difesa\/"},"author":{"name":"Mao Valpiana","@id":"https:\/\/www.pressenza.com\/it\/#\/schema\/person\/091e4ebe3873f0090299c35c2c0aae63"},"headline":"I Trenta denari della Difesa","datePublished":"2018-07-04T22:17:45+00:00","dateModified":"2018-07-06T21:46:02+00:00","mainEntityOfPage":{"@id":"https:\/\/www.pressenza.com\/it\/2018\/07\/i-trenta-denari-della-difesa\/"},"wordCount":593,"publisher":{"@id":"https:\/\/www.pressenza.com\/it\/#organization"},"image":{"@id":"https:\/\/www.pressenza.com\/it\/2018\/07\/i-trenta-denari-della-difesa\/#primaryimage"},"thumbnailUrl":"https:\/\/www.pressenza.com\/wp-content\/uploads\/2018\/07\/trenta-difesaonline.jpg","keywords":["difesa","Elisabetta Trenta","F35","NATO","spese militari"],"articleSection":["Opinioni","Pace e Disarmo"],"inLanguage":"it-IT"},{"@type":"WebPage","@id":"https:\/\/www.pressenza.com\/it\/2018\/07\/i-trenta-denari-della-difesa\/","url":"https:\/\/www.pressenza.com\/it\/2018\/07\/i-trenta-denari-della-difesa\/","name":"I Trenta denari della Difesa","isPartOf":{"@id":"https:\/\/www.pressenza.com\/it\/#website"},"primaryImageOfPage":{"@id":"https:\/\/www.pressenza.com\/it\/2018\/07\/i-trenta-denari-della-difesa\/#primaryimage"},"image":{"@id":"https:\/\/www.pressenza.com\/it\/2018\/07\/i-trenta-denari-della-difesa\/#primaryimage"},"thumbnailUrl":"https:\/\/www.pressenza.com\/wp-content\/uploads\/2018\/07\/trenta-difesaonline.jpg","datePublished":"2018-07-04T22:17:45+00:00","dateModified":"2018-07-06T21:46:02+00:00","description":"Sorpresa: con il 'cambiamento' le spese militari aumentano La Ministra della Difesa del governo giallonero, Elisabetta Trenta, ha rilasciato un'intervista","breadcrumb":{"@id":"https:\/\/www.pressenza.com\/it\/2018\/07\/i-trenta-denari-della-difesa\/#breadcrumb"},"inLanguage":"it-IT","potentialAction":[{"@type":"ReadAction","target":["https:\/\/www.pressenza.com\/it\/2018\/07\/i-trenta-denari-della-difesa\/"]}]},{"@type":"ImageObject","inLanguage":"it-IT","@id":"https:\/\/www.pressenza.com\/it\/2018\/07\/i-trenta-denari-della-difesa\/#primaryimage","url":"https:\/\/www.pressenza.com\/wp-content\/uploads\/2018\/07\/trenta-difesaonline.jpg","contentUrl":"https:\/\/www.pressenza.com\/wp-content\/uploads\/2018\/07\/trenta-difesaonline.jpg","width":580,"height":542},{"@type":"BreadcrumbList","@id":"https:\/\/www.pressenza.com\/it\/2018\/07\/i-trenta-denari-della-difesa\/#breadcrumb","itemListElement":[{"@type":"ListItem","position":1,"name":"Accueil","item":"https:\/\/www.pressenza.com\/it\/"},{"@type":"ListItem","position":2,"name":"I Trenta denari della Difesa"}]},{"@type":"WebSite","@id":"https:\/\/www.pressenza.com\/it\/#website","url":"https:\/\/www.pressenza.com\/it\/","name":"Pressenza","description":"Agenzia di Stampa Internazionale","publisher":{"@id":"https:\/\/www.pressenza.com\/it\/#organization"},"potentialAction":[{"@type":"SearchAction","target":{"@type":"EntryPoint","urlTemplate":"https:\/\/www.pressenza.com\/it\/?s={search_term_string}"},"query-input":{"@type":"PropertyValueSpecification","valueRequired":true,"valueName":"search_term_string"}}],"inLanguage":"it-IT"},{"@type":"Organization","@id":"https:\/\/www.pressenza.com\/it\/#organization","name":"Pressenza","url":"https:\/\/www.pressenza.com\/it\/","logo":{"@type":"ImageObject","inLanguage":"it-IT","@id":"https:\/\/www.pressenza.com\/it\/#\/schema\/logo\/image\/","url":"https:\/\/www.pressenza.com\/wp-content\/uploads\/2022\/10\/pressenza_logo_200x200.jpg","contentUrl":"https:\/\/www.pressenza.com\/wp-content\/uploads\/2022\/10\/pressenza_logo_200x200.jpg","width":200,"height":200,"caption":"Pressenza"},"image":{"@id":"https:\/\/www.pressenza.com\/it\/#\/schema\/logo\/image\/"},"sameAs":["https:\/\/www.facebook.com\/PressenzaItalia","https:\/\/x.com\/PressenzaIPA"]},{"@type":"Person","@id":"https:\/\/www.pressenza.com\/it\/#\/schema\/person\/091e4ebe3873f0090299c35c2c0aae63","name":"Mao Valpiana","description":"Presidente del Movimento Nonviolento, direttore di \"Azione Nonviolenta\"","sameAs":["https:\/\/www.facebook.com\/mao.valpiana"],"url":"https:\/\/www.pressenza.com\/it\/author\/mao-valpiana\/"}]}},"place":"","original_article_url":"","_links":{"self":[{"href":"https:\/\/www.pressenza.com\/it\/wp-json\/wp\/v2\/posts\/670357","targetHints":{"allow":["GET"]}}],"collection":[{"href":"https:\/\/www.pressenza.com\/it\/wp-json\/wp\/v2\/posts"}],"about":[{"href":"https:\/\/www.pressenza.com\/it\/wp-json\/wp\/v2\/types\/post"}],"author":[{"embeddable":true,"href":"https:\/\/www.pressenza.com\/it\/wp-json\/wp\/v2\/users\/630"}],"replies":[{"embeddable":true,"href":"https:\/\/www.pressenza.com\/it\/wp-json\/wp\/v2\/comments?post=670357"}],"version-history":[{"count":0,"href":"https:\/\/www.pressenza.com\/it\/wp-json\/wp\/v2\/posts\/670357\/revisions"}],"wp:featuredmedia":[{"embeddable":true,"href":"https:\/\/www.pressenza.com\/it\/wp-json\/wp\/v2\/media\/670964"}],"wp:attachment":[{"href":"https:\/\/www.pressenza.com\/it\/wp-json\/wp\/v2\/media?parent=670357"}],"wp:term":[{"taxonomy":"category","embeddable":true,"href":"https:\/\/www.pressenza.com\/it\/wp-json\/wp\/v2\/categories?post=670357"},{"taxonomy":"post_tag","embeddable":true,"href":"https:\/\/www.pressenza.com\/it\/wp-json\/wp\/v2\/tags?post=670357"}],"curies":[{"name":"wp","href":"https:\/\/api.w.org\/{rel}","templated":true}]}}