{"id":66957,"date":"2013-09-03T20:26:17","date_gmt":"2013-09-03T19:26:17","guid":{"rendered":"http:\/\/www.pressenza.com\/?p=66957"},"modified":"2013-09-03T20:28:54","modified_gmt":"2013-09-03T19:28:54","slug":"interventi-del-governo-giapponese-sulla-centrale-fukushima","status":"publish","type":"post","link":"https:\/\/www.pressenza.com\/it\/2013\/09\/interventi-del-governo-giapponese-sulla-centrale-fukushima\/","title":{"rendered":"Interventi del Governo giapponese sulla centrale di Fukushima"},"content":{"rendered":"<p><img loading=\"lazy\" decoding=\"async\" class=\"alignright\" alt=\"\" src=\"https:\/\/www.pressenza.com\/wp-content\/uploads\/2012\/12\/Fukushima.jpg\" width=\"450\" height=\"274\" \/><\/p>\n<p>Il governo di Tokyo ha deciso in una riunione questa mattina di avviare alla soluzione il grave problema della fuga di acqua radioattiva dai serbatoi di stoccaggio nella centrale nucleare in avaria di Fukushima-1. Al muro in acciaio gi\u00e0 in costruzione per cercare di fermare il versamento in mare di un liquido con alte concentrazioni di radioattivit\u00e0 accertate anche negli ultimi giorni, si aggiunger\u00e0 quello \u201cdi ghiaccio\u201d, ovvero un\u2019area sopraelevata attraversata da tubi riempiti di liquido refrigerante in cui l\u2019acqua in eccesso sar\u00e0 praticamente congelata restando separata da quella che gi\u00e0 naturalmente scorre dalle colline circostanti verso il mare, passando sotto l\u2019impianto. Questi e altri interventi saranno finanziati con i 47 miliardi di yen previsti oggi, equivalenti a circa 350 milioni di euro. Una cifra notevole, che in parte proverr\u00e0 dai fondi d\u2019emergenza del bilancio statale di quest\u2019anno.<\/p>\n<p>L\u2019intervento\u00a0 riguarder\u00e0 anche la societ\u00e0 di gestione dell\u2019impianto, la Tepco, a cui sar\u00e0 tolta la responsabilit\u00e0 delle operazioni di emergenza nella centrale. L\u2019obiettivo \u00e8 ora duplice: diminuire per quanto possibile la contaminazione dell\u2019acqua che finisce in centinaia di grandi serbatoi dopo aver raffreddato le sbarre di combustibile nucleare nei reattori in avaria dall\u201911 marzo 2011; evitare che le perdite accertate nei serbatoi portino a contaminazioni esterne come quelle, potenzialmente letali, registrate lo scorso fine-settimana.<\/p>\n<p>A questo proposito, le autorit\u00e0 saranno impegnate anche ad un maggiore controllo sulla qualit\u00e0 dei serbatoi, che indiscrezioni di operai addetti all\u2019installazione danno assemblati troppo rapidamente per garantire una tenuta ideale e in ogni caso non oltre un periodo di cinque anni.<\/p>\n<p>Il premier Shinzo Abe ha deciso un intervento concreto per risollevare l\u2019immagine del suo governo, restituire fiducia ai concittadini e alle diplomazie straniere, lasciare almeno qualche possibilit\u00e0 alla candidatura del Giappone per le Olimpiadi estive del 2020.<\/p>\n<p>Intanto, proprio oggi la societ\u00e0 energetica Kansai Electric ha fermato uno dei due reattori dei quattro della centrale di Oi (Giappone Centrale) riattivati a scopo sperimentale solo pochi mesi fa, sui 50 di cui il paese dispone. Il secondo sar\u00e0 fermato tra qualche giorno per procedere alla manutenzione.<\/p>\n","protected":false},"excerpt":{"rendered":"<p>Il governo di Tokyo ha deciso in una riunione questa mattina di avviare alla soluzione il grave problema della fuga di acqua radioattiva dai serbatoi di stoccaggio nella centrale nucleare in avaria di Fukushima-1. Al muro in acciaio gi\u00e0 in&hellip;<\/p>\n","protected":false},"author":580,"featured_media":0,"comment_status":"closed","ping_status":"open","sticky":false,"template":"","format":"standard","meta":{"footnotes":""},"categories":[46,59],"tags":[6454,3900,3139,185,3653,6064],"class_list":["post-66957","post","type-post","status-publish","format-standard","hentry","category-asia-it","category-ambiente-ecologia","tag-centrale-nucleare","tag-fukushima-it","tag-giappone","tag-governo","tag-shinzo-abe","tag-tepco"],"yoast_head":"<!-- This site is optimized with the Yoast SEO plugin v27.1.1 - https:\/\/yoast.com\/product\/yoast-seo-wordpress\/ -->\n<title>Interventi del Governo giapponese sulla centrale di Fukushima<\/title>\n<meta name=\"description\" content=\"Il governo di Tokyo ha deciso in una riunione questa mattina di avviare alla soluzione il grave problema della fuga di acqua radioattiva dai serbatoi di\" \/>\n<meta name=\"robots\" content=\"index, follow, max-snippet:-1, max-image-preview:large, max-video-preview:-1\" \/>\n<link rel=\"canonical\" href=\"https:\/\/www.pressenza.com\/it\/2013\/09\/interventi-del-governo-giapponese-sulla-centrale-fukushima\/\" \/>\n<meta property=\"og:locale\" content=\"it_IT\" \/>\n<meta property=\"og:type\" content=\"article\" \/>\n<meta property=\"og:title\" content=\"Interventi del Governo giapponese sulla centrale di Fukushima\" \/>\n<meta property=\"og:description\" content=\"Il governo di Tokyo ha deciso in una riunione questa mattina di avviare alla soluzione il grave problema della fuga di acqua radioattiva dai serbatoi di\" \/>\n<meta property=\"og:url\" content=\"https:\/\/www.pressenza.com\/it\/2013\/09\/interventi-del-governo-giapponese-sulla-centrale-fukushima\/\" \/>\n<meta property=\"og:site_name\" content=\"Pressenza\" \/>\n<meta property=\"article:publisher\" content=\"https:\/\/www.facebook.com\/PressenzaItalia\" \/>\n<meta property=\"article:published_time\" content=\"2013-09-03T19:26:17+00:00\" \/>\n<meta property=\"article:modified_time\" content=\"2013-09-03T19:28:54+00:00\" \/>\n<meta property=\"og:image\" content=\"https:\/\/www.pressenza.com\/wp-content\/uploads\/2012\/12\/Fukushima.jpg\" \/>\n<meta name=\"author\" content=\"MISNA Missionary International Service News Agency\" \/>\n<meta name=\"twitter:card\" content=\"summary_large_image\" \/>\n<meta name=\"twitter:creator\" content=\"@PressenzaIPA\" \/>\n<meta name=\"twitter:site\" content=\"@PressenzaIPA\" \/>\n<meta name=\"twitter:label1\" content=\"Scritto da\" \/>\n\t<meta name=\"twitter:data1\" content=\"MISNA Missionary International Service News Agency\" \/>\n\t<meta name=\"twitter:label2\" content=\"Tempo di lettura stimato\" \/>\n\t<meta name=\"twitter:data2\" content=\"2 minuti\" \/>\n<script type=\"application\/ld+json\" class=\"yoast-schema-graph\">{\"@context\":\"https:\/\/schema.org\",\"@graph\":[{\"@type\":\"Article\",\"@id\":\"https:\/\/www.pressenza.com\/it\/2013\/09\/interventi-del-governo-giapponese-sulla-centrale-fukushima\/#article\",\"isPartOf\":{\"@id\":\"https:\/\/www.pressenza.com\/it\/2013\/09\/interventi-del-governo-giapponese-sulla-centrale-fukushima\/\"},\"author\":{\"name\":\"MISNA Missionary International Service News Agency\",\"@id\":\"https:\/\/www.pressenza.com\/it\/#\/schema\/person\/a05953ce4428948e6c771c047027fecc\"},\"headline\":\"Interventi del Governo giapponese sulla centrale di Fukushima\",\"datePublished\":\"2013-09-03T19:26:17+00:00\",\"dateModified\":\"2013-09-03T19:28:54+00:00\",\"mainEntityOfPage\":{\"@id\":\"https:\/\/www.pressenza.com\/it\/2013\/09\/interventi-del-governo-giapponese-sulla-centrale-fukushima\/\"},\"wordCount\":352,\"publisher\":{\"@id\":\"https:\/\/www.pressenza.com\/it\/#organization\"},\"image\":{\"@id\":\"https:\/\/www.pressenza.com\/it\/2013\/09\/interventi-del-governo-giapponese-sulla-centrale-fukushima\/#primaryimage\"},\"thumbnailUrl\":\"https:\/\/www.pressenza.com\/wp-content\/uploads\/2012\/12\/Fukushima.jpg\",\"keywords\":[\"centrale nucleare\",\"Fukushima\",\"Giappone\",\"governo\",\"Shinzo Abe\",\"Tepco\"],\"articleSection\":[\"Asia\",\"Ecologia ed Ambiente\"],\"inLanguage\":\"it-IT\"},{\"@type\":\"WebPage\",\"@id\":\"https:\/\/www.pressenza.com\/it\/2013\/09\/interventi-del-governo-giapponese-sulla-centrale-fukushima\/\",\"url\":\"https:\/\/www.pressenza.com\/it\/2013\/09\/interventi-del-governo-giapponese-sulla-centrale-fukushima\/\",\"name\":\"Interventi del Governo giapponese sulla centrale di Fukushima\",\"isPartOf\":{\"@id\":\"https:\/\/www.pressenza.com\/it\/#website\"},\"primaryImageOfPage\":{\"@id\":\"https:\/\/www.pressenza.com\/it\/2013\/09\/interventi-del-governo-giapponese-sulla-centrale-fukushima\/#primaryimage\"},\"image\":{\"@id\":\"https:\/\/www.pressenza.com\/it\/2013\/09\/interventi-del-governo-giapponese-sulla-centrale-fukushima\/#primaryimage\"},\"thumbnailUrl\":\"https:\/\/www.pressenza.com\/wp-content\/uploads\/2012\/12\/Fukushima.jpg\",\"datePublished\":\"2013-09-03T19:26:17+00:00\",\"dateModified\":\"2013-09-03T19:28:54+00:00\",\"description\":\"Il governo di Tokyo ha deciso in una riunione questa mattina di avviare alla soluzione il grave problema della fuga di acqua radioattiva dai serbatoi di\",\"breadcrumb\":{\"@id\":\"https:\/\/www.pressenza.com\/it\/2013\/09\/interventi-del-governo-giapponese-sulla-centrale-fukushima\/#breadcrumb\"},\"inLanguage\":\"it-IT\",\"potentialAction\":[{\"@type\":\"ReadAction\",\"target\":[\"https:\/\/www.pressenza.com\/it\/2013\/09\/interventi-del-governo-giapponese-sulla-centrale-fukushima\/\"]}]},{\"@type\":\"ImageObject\",\"inLanguage\":\"it-IT\",\"@id\":\"https:\/\/www.pressenza.com\/it\/2013\/09\/interventi-del-governo-giapponese-sulla-centrale-fukushima\/#primaryimage\",\"url\":\"https:\/\/www.pressenza.com\/wp-content\/uploads\/2012\/12\/Fukushima.jpg\",\"contentUrl\":\"https:\/\/www.pressenza.com\/wp-content\/uploads\/2012\/12\/Fukushima.jpg\"},{\"@type\":\"BreadcrumbList\",\"@id\":\"https:\/\/www.pressenza.com\/it\/2013\/09\/interventi-del-governo-giapponese-sulla-centrale-fukushima\/#breadcrumb\",\"itemListElement\":[{\"@type\":\"ListItem\",\"position\":1,\"name\":\"Accueil\",\"item\":\"https:\/\/www.pressenza.com\/it\/\"},{\"@type\":\"ListItem\",\"position\":2,\"name\":\"Interventi del Governo giapponese sulla centrale di Fukushima\"}]},{\"@type\":\"WebSite\",\"@id\":\"https:\/\/www.pressenza.com\/it\/#website\",\"url\":\"https:\/\/www.pressenza.com\/it\/\",\"name\":\"Pressenza\",\"description\":\"Agenzia di Stampa Internazionale\",\"publisher\":{\"@id\":\"https:\/\/www.pressenza.com\/it\/#organization\"},\"potentialAction\":[{\"@type\":\"SearchAction\",\"target\":{\"@type\":\"EntryPoint\",\"urlTemplate\":\"https:\/\/www.pressenza.com\/it\/?s={search_term_string}\"},\"query-input\":{\"@type\":\"PropertyValueSpecification\",\"valueRequired\":true,\"valueName\":\"search_term_string\"}}],\"inLanguage\":\"it-IT\"},{\"@type\":\"Organization\",\"@id\":\"https:\/\/www.pressenza.com\/it\/#organization\",\"name\":\"Pressenza\",\"url\":\"https:\/\/www.pressenza.com\/it\/\",\"logo\":{\"@type\":\"ImageObject\",\"inLanguage\":\"it-IT\",\"@id\":\"https:\/\/www.pressenza.com\/it\/#\/schema\/logo\/image\/\",\"url\":\"https:\/\/www.pressenza.com\/wp-content\/uploads\/2022\/10\/pressenza_logo_200x200.jpg\",\"contentUrl\":\"https:\/\/www.pressenza.com\/wp-content\/uploads\/2022\/10\/pressenza_logo_200x200.jpg\",\"width\":200,\"height\":200,\"caption\":\"Pressenza\"},\"image\":{\"@id\":\"https:\/\/www.pressenza.com\/it\/#\/schema\/logo\/image\/\"},\"sameAs\":[\"https:\/\/www.facebook.com\/PressenzaItalia\",\"https:\/\/x.com\/PressenzaIPA\"]},{\"@type\":\"Person\",\"@id\":\"https:\/\/www.pressenza.com\/it\/#\/schema\/person\/a05953ce4428948e6c771c047027fecc\",\"name\":\"MISNA Missionary International Service News Agency\",\"description\":\"www.misna.org\",\"url\":\"https:\/\/www.pressenza.com\/it\/author\/misna\/\"}]}<\/script>\n<!-- \/ Yoast SEO plugin. -->","yoast_head_json":{"title":"Interventi del Governo giapponese sulla centrale di Fukushima","description":"Il governo di Tokyo ha deciso in una riunione questa mattina di avviare alla soluzione il grave problema della fuga di acqua radioattiva dai serbatoi di","robots":{"index":"index","follow":"follow","max-snippet":"max-snippet:-1","max-image-preview":"max-image-preview:large","max-video-preview":"max-video-preview:-1"},"canonical":"https:\/\/www.pressenza.com\/it\/2013\/09\/interventi-del-governo-giapponese-sulla-centrale-fukushima\/","og_locale":"it_IT","og_type":"article","og_title":"Interventi del Governo giapponese sulla centrale di Fukushima","og_description":"Il governo di Tokyo ha deciso in una riunione questa mattina di avviare alla soluzione il grave problema della fuga di acqua radioattiva dai serbatoi di","og_url":"https:\/\/www.pressenza.com\/it\/2013\/09\/interventi-del-governo-giapponese-sulla-centrale-fukushima\/","og_site_name":"Pressenza","article_publisher":"https:\/\/www.facebook.com\/PressenzaItalia","article_published_time":"2013-09-03T19:26:17+00:00","article_modified_time":"2013-09-03T19:28:54+00:00","og_image":[{"url":"https:\/\/www.pressenza.com\/wp-content\/uploads\/2012\/12\/Fukushima.jpg","type":"","width":"","height":""}],"author":"MISNA Missionary International Service News Agency","twitter_card":"summary_large_image","twitter_creator":"@PressenzaIPA","twitter_site":"@PressenzaIPA","twitter_misc":{"Scritto da":"MISNA Missionary International Service News Agency","Tempo di lettura stimato":"2 minuti"},"schema":{"@context":"https:\/\/schema.org","@graph":[{"@type":"Article","@id":"https:\/\/www.pressenza.com\/it\/2013\/09\/interventi-del-governo-giapponese-sulla-centrale-fukushima\/#article","isPartOf":{"@id":"https:\/\/www.pressenza.com\/it\/2013\/09\/interventi-del-governo-giapponese-sulla-centrale-fukushima\/"},"author":{"name":"MISNA Missionary International Service News Agency","@id":"https:\/\/www.pressenza.com\/it\/#\/schema\/person\/a05953ce4428948e6c771c047027fecc"},"headline":"Interventi del Governo giapponese sulla centrale di Fukushima","datePublished":"2013-09-03T19:26:17+00:00","dateModified":"2013-09-03T19:28:54+00:00","mainEntityOfPage":{"@id":"https:\/\/www.pressenza.com\/it\/2013\/09\/interventi-del-governo-giapponese-sulla-centrale-fukushima\/"},"wordCount":352,"publisher":{"@id":"https:\/\/www.pressenza.com\/it\/#organization"},"image":{"@id":"https:\/\/www.pressenza.com\/it\/2013\/09\/interventi-del-governo-giapponese-sulla-centrale-fukushima\/#primaryimage"},"thumbnailUrl":"https:\/\/www.pressenza.com\/wp-content\/uploads\/2012\/12\/Fukushima.jpg","keywords":["centrale nucleare","Fukushima","Giappone","governo","Shinzo Abe","Tepco"],"articleSection":["Asia","Ecologia ed Ambiente"],"inLanguage":"it-IT"},{"@type":"WebPage","@id":"https:\/\/www.pressenza.com\/it\/2013\/09\/interventi-del-governo-giapponese-sulla-centrale-fukushima\/","url":"https:\/\/www.pressenza.com\/it\/2013\/09\/interventi-del-governo-giapponese-sulla-centrale-fukushima\/","name":"Interventi del Governo giapponese sulla centrale di Fukushima","isPartOf":{"@id":"https:\/\/www.pressenza.com\/it\/#website"},"primaryImageOfPage":{"@id":"https:\/\/www.pressenza.com\/it\/2013\/09\/interventi-del-governo-giapponese-sulla-centrale-fukushima\/#primaryimage"},"image":{"@id":"https:\/\/www.pressenza.com\/it\/2013\/09\/interventi-del-governo-giapponese-sulla-centrale-fukushima\/#primaryimage"},"thumbnailUrl":"https:\/\/www.pressenza.com\/wp-content\/uploads\/2012\/12\/Fukushima.jpg","datePublished":"2013-09-03T19:26:17+00:00","dateModified":"2013-09-03T19:28:54+00:00","description":"Il governo di Tokyo ha deciso in una riunione questa mattina di avviare alla soluzione il grave problema della fuga di acqua radioattiva dai serbatoi di","breadcrumb":{"@id":"https:\/\/www.pressenza.com\/it\/2013\/09\/interventi-del-governo-giapponese-sulla-centrale-fukushima\/#breadcrumb"},"inLanguage":"it-IT","potentialAction":[{"@type":"ReadAction","target":["https:\/\/www.pressenza.com\/it\/2013\/09\/interventi-del-governo-giapponese-sulla-centrale-fukushima\/"]}]},{"@type":"ImageObject","inLanguage":"it-IT","@id":"https:\/\/www.pressenza.com\/it\/2013\/09\/interventi-del-governo-giapponese-sulla-centrale-fukushima\/#primaryimage","url":"https:\/\/www.pressenza.com\/wp-content\/uploads\/2012\/12\/Fukushima.jpg","contentUrl":"https:\/\/www.pressenza.com\/wp-content\/uploads\/2012\/12\/Fukushima.jpg"},{"@type":"BreadcrumbList","@id":"https:\/\/www.pressenza.com\/it\/2013\/09\/interventi-del-governo-giapponese-sulla-centrale-fukushima\/#breadcrumb","itemListElement":[{"@type":"ListItem","position":1,"name":"Accueil","item":"https:\/\/www.pressenza.com\/it\/"},{"@type":"ListItem","position":2,"name":"Interventi del Governo giapponese sulla centrale di Fukushima"}]},{"@type":"WebSite","@id":"https:\/\/www.pressenza.com\/it\/#website","url":"https:\/\/www.pressenza.com\/it\/","name":"Pressenza","description":"Agenzia di Stampa Internazionale","publisher":{"@id":"https:\/\/www.pressenza.com\/it\/#organization"},"potentialAction":[{"@type":"SearchAction","target":{"@type":"EntryPoint","urlTemplate":"https:\/\/www.pressenza.com\/it\/?s={search_term_string}"},"query-input":{"@type":"PropertyValueSpecification","valueRequired":true,"valueName":"search_term_string"}}],"inLanguage":"it-IT"},{"@type":"Organization","@id":"https:\/\/www.pressenza.com\/it\/#organization","name":"Pressenza","url":"https:\/\/www.pressenza.com\/it\/","logo":{"@type":"ImageObject","inLanguage":"it-IT","@id":"https:\/\/www.pressenza.com\/it\/#\/schema\/logo\/image\/","url":"https:\/\/www.pressenza.com\/wp-content\/uploads\/2022\/10\/pressenza_logo_200x200.jpg","contentUrl":"https:\/\/www.pressenza.com\/wp-content\/uploads\/2022\/10\/pressenza_logo_200x200.jpg","width":200,"height":200,"caption":"Pressenza"},"image":{"@id":"https:\/\/www.pressenza.com\/it\/#\/schema\/logo\/image\/"},"sameAs":["https:\/\/www.facebook.com\/PressenzaItalia","https:\/\/x.com\/PressenzaIPA"]},{"@type":"Person","@id":"https:\/\/www.pressenza.com\/it\/#\/schema\/person\/a05953ce4428948e6c771c047027fecc","name":"MISNA Missionary International Service News Agency","description":"www.misna.org","url":"https:\/\/www.pressenza.com\/it\/author\/misna\/"}]}},"place":"","original_article_url":"","_links":{"self":[{"href":"https:\/\/www.pressenza.com\/it\/wp-json\/wp\/v2\/posts\/66957","targetHints":{"allow":["GET"]}}],"collection":[{"href":"https:\/\/www.pressenza.com\/it\/wp-json\/wp\/v2\/posts"}],"about":[{"href":"https:\/\/www.pressenza.com\/it\/wp-json\/wp\/v2\/types\/post"}],"author":[{"embeddable":true,"href":"https:\/\/www.pressenza.com\/it\/wp-json\/wp\/v2\/users\/580"}],"replies":[{"embeddable":true,"href":"https:\/\/www.pressenza.com\/it\/wp-json\/wp\/v2\/comments?post=66957"}],"version-history":[{"count":0,"href":"https:\/\/www.pressenza.com\/it\/wp-json\/wp\/v2\/posts\/66957\/revisions"}],"wp:attachment":[{"href":"https:\/\/www.pressenza.com\/it\/wp-json\/wp\/v2\/media?parent=66957"}],"wp:term":[{"taxonomy":"category","embeddable":true,"href":"https:\/\/www.pressenza.com\/it\/wp-json\/wp\/v2\/categories?post=66957"},{"taxonomy":"post_tag","embeddable":true,"href":"https:\/\/www.pressenza.com\/it\/wp-json\/wp\/v2\/tags?post=66957"}],"curies":[{"name":"wp","href":"https:\/\/api.w.org\/{rel}","templated":true}]}}