{"id":666311,"date":"2018-06-29T17:45:04","date_gmt":"2018-06-29T16:45:04","guid":{"rendered":"https:\/\/www.pressenza.com\/?p=666311"},"modified":"2018-06-29T22:22:29","modified_gmt":"2018-06-29T21:22:29","slug":"spagna-perche-un-paese-che-ha-vietato-le-armi-biologiche-e-chimiche-non-dovrebbe-vietare-le-armi-nucleari","status":"publish","type":"post","link":"https:\/\/www.pressenza.com\/it\/2018\/06\/spagna-perche-un-paese-che-ha-vietato-le-armi-biologiche-e-chimiche-non-dovrebbe-vietare-le-armi-nucleari\/","title":{"rendered":"Spagna: perch\u00e9 un paese che ha vietato le armi biologiche e chimiche non dovrebbe vietare le armi nucleari?"},"content":{"rendered":"<p>Questa \u00e8 stata la domanda posta questa settimana a Madrid da Beatrice Fihn, direttore esecutivo di ICAN, a parlamentari, sindaci, diplomatici, studenti e attivisti di varie organizzazioni della societ\u00e0 civile nel corso di due giorni di attivit\u00e0 nella capitale spagnola per aumentare il sostegno al Trattato sul divieto delle armi nucleari a tutti i livelli di governo e per sensibilizzare la popolazione sui rischi e i pericoli delle armi nucleari.<\/p>\n<p>Su invito di Pedro Arrojo, attivista ambientalista e deputato spagnolo, nonch\u00e9 attivista delle organizzazioni Mondo senza Guerre e senza Violenza e della Lega Internazionale delle Donne per la Pace e la Libert\u00e0 (WILPF), Fihn \u00e8 venuta a ricevere formalmente l&#8217;approvazione di 91 congressisti e donne di 6 diversi gruppi politici all&#8217;interno del Parlamento per l&#8217;<a href=\"http:\/\/www.icanw.org\/projects\/pledge\/\">impegno parlamentare di ICAN<\/a> a &#8220;lavorare per la firma e la ratifica di questo fondamentale trattato &#8230;, dato che riteniamo che l&#8217;abolizione delle armi nucleari sia un bene pubblico globale di altissimo livello e un passo essenziale per promuovere la sicurezza e il benessere di tutti i popoli&#8221;.<\/p>\n<p>Durante la conferenza stampa in cui sono state consegnate le firme, Pablo Bustinduy, coordinatore del Segretariato Internazionale di Podemos, ha definito l&#8217;impegno un invito a &#8220;sfidare l&#8217;idea che la cosa migliore che la Spagna possa fare nelle sue relazioni internazionali sia assumere una posizione subordinata, soggetta ai mandati della NATO e degli Stati Uniti&#8221;. Ha aggiunto: &#8220;La Spagna ha una formidabile opportunit\u00e0 di assumere il ruolo che le corrisponde nella sfera geopolitica. La Spagna ha una capacit\u00e0 di influenza, di azione, di intervento e di leadership nelle relazioni internazionali che \u00e8 pi\u00f9 che mai necessario mettere al servizio della democrazia, dei diritti umani e del diritto internazionale&#8221;. Ha concluso: &#8220;Abbiamo due anni di questo Parlamento davanti a noi per sviluppare una strategia, con tutti i mezzi possibili e in uno spirito pacifista, finch\u00e9 la Spagna non firmer\u00e0 e ratificher\u00e0 questo trattato&#8221;.<\/p>\n<p>Dopo la riunione del Congresso, in cui in un clima di grande cordialit\u00e0 si sono scambiate idee su come creare una maggioranza politica in grado di adottare le misure necessarie affinch\u00e9 la Spagna firmi e ratifichi il Trattato di divieto senza violare gli obblighi NATO della Spagna, gli eventi si sono spostati presso l&#8217;Universit\u00e0 Complutense di Madrid, dove ICAN ha tenuto una conferenza a un pubblico di 200 persone dopo le prime parole di benvenuto di Carlos Andradas Heranz, rettore dell&#8217;Universit\u00e0, Manuela Mesa del WILPF e Federico Mayor Zaragoza, ex direttore generale dell&#8217;UNESCO.<\/p>\n<p>Nel suo discorso, Fihn ha sottolineato che &#8220;nulla nel Trattato del Nord Atlantico firmato dagli Stati membri dell&#8217;UE esprime una dottrina di instabilit\u00e0 nucleare basata sulla fortuna e sul rischio. Nulla nella nostra difesa collettiva dovrebbe costringerci a partecipare all&#8217;uso di armi nucleari contro i civili. Questo \u00e8 l&#8217;opposto della sicurezza cooperativa&#8221;.<\/p>\n<p>Sottolineando l&#8217;ipocrisia nel sostenere alcune armi di distruzione di massa e non altre, ha aggiunto: &#8220;N\u00e9 il popolo spagnolo n\u00e9 i suoi rappresentanti al governo considererebbero legittimo astenersi dall&#8217;aderire al divieto sulle armi chimiche o biologiche perch\u00e9 gli Stati Uniti vogliono mantenere un &#8220;ombrello di gas mostarda&#8221;, o se il Regno Unito e la Francia intendessero utilizzare una versione bioingegnerizzata della peste per &#8220;la dissuasione estesa&#8221;. La Spagna non rimarrebbe in silenzio se tre alleati della NATO costruissero nuove armi chimiche con l&#8217;obiettivo di facilitarne l&#8217;uso. Ma questo \u00e8 esattamente ci\u00f2 che sta facendo il governo nel caso delle armi di distruzione di massa che uno dei loro inventori ha definito &#8216;distruttrici dei mondi&#8217;&#8221;.<\/p>\n<p>Gioved\u00ec la visita di Fihn \u00e8 culminata con un incontro con gli organizzatori del <a href=\"http:\/\/www.ciudadesdepaz.com\/en\/home-2\/\">II Forum mondiale sulla violenza urbana e l&#8217;educazione alla convivenza e alla pace<\/a> presso il Consiglio comunale di Madrid, per vedere come promuovere al meglio il Trattato sul divieto ai 500 sindaci di tutto il mondo che vi parteciperanno. A ci\u00f2 \u00e8 seguito un incontro con Manuela Carmena, sindaco di Madrid, che si \u00e8 impegnata a chiedere al consiglio comunale di sostenere formalmente il trattato.<\/p>\n<p>&nbsp;<\/p>\n<p><em>Traduzione dall&#8217;inglese di Matilde Mirabella<\/em><\/p>\n","protected":false},"excerpt":{"rendered":"<p>Questa \u00e8 stata la domanda posta questa settimana a Madrid da Beatrice Fihn, direttore esecutivo di ICAN, a parlamentari, sindaci, diplomatici, studenti e attivisti di varie organizzazioni della societ\u00e0 civile nel corso di due giorni di attivit\u00e0 nella capitale spagnola&hellip;<\/p>\n","protected":false},"author":6,"featured_media":666098,"comment_status":"closed","ping_status":"closed","sticky":false,"template":"","format":"standard","meta":{"footnotes":""},"categories":[11388,47,1263],"tags":[895,42377,3858,1602],"class_list":["post-666311","post","type-post","status-publish","format-standard","has-post-thumbnail","hentry","category-contenuti-originali","category-europa","category-pace-disarmo","tag-armi-nucleari","tag-beatrice-fihn-it","tag-ican-it","tag-spagna"],"yoast_head":"<!-- This site is optimized with the Yoast SEO plugin v27.1.1 - https:\/\/yoast.com\/product\/yoast-seo-wordpress\/ -->\n<title>Spagna: perch\u00e9 un paese che ha vietato le armi biologiche e chimiche non dovrebbe vietare le armi nucleari?<\/title>\n<meta name=\"description\" content=\"La Spagna ha una capacit\u00e0 di influenza e di leadership che \u00e8 necessario mettere al servizio della democrazia, dei diritti umani e del diritto internazionale\" \/>\n<meta name=\"robots\" content=\"index, follow, max-snippet:-1, max-image-preview:large, max-video-preview:-1\" \/>\n<link rel=\"canonical\" href=\"https:\/\/www.pressenza.com\/it\/2018\/06\/spagna-perche-un-paese-che-ha-vietato-le-armi-biologiche-e-chimiche-non-dovrebbe-vietare-le-armi-nucleari\/\" \/>\n<meta property=\"og:locale\" content=\"it_IT\" \/>\n<meta property=\"og:type\" content=\"article\" \/>\n<meta property=\"og:title\" content=\"Spagna: perch\u00e9 un paese che ha vietato le armi biologiche e chimiche non dovrebbe vietare le armi nucleari?\" \/>\n<meta property=\"og:description\" content=\"La Spagna ha una capacit\u00e0 di influenza e di leadership che \u00e8 necessario mettere al servizio della democrazia, dei diritti umani e del diritto internazionale\" \/>\n<meta property=\"og:url\" content=\"https:\/\/www.pressenza.com\/it\/2018\/06\/spagna-perche-un-paese-che-ha-vietato-le-armi-biologiche-e-chimiche-non-dovrebbe-vietare-le-armi-nucleari\/\" \/>\n<meta property=\"og:site_name\" content=\"Pressenza\" \/>\n<meta property=\"article:publisher\" content=\"https:\/\/www.facebook.com\/PressenzaItalia\" \/>\n<meta property=\"article:published_time\" content=\"2018-06-29T16:45:04+00:00\" \/>\n<meta property=\"article:modified_time\" content=\"2018-06-29T21:22:29+00:00\" \/>\n<meta property=\"og:image\" content=\"https:\/\/www.pressenza.com\/wp-content\/uploads\/2018\/06\/ICAN-Spanish-congress-3.jpg\" \/>\n\t<meta property=\"og:image:width\" content=\"1600\" \/>\n\t<meta property=\"og:image:height\" content=\"900\" \/>\n\t<meta property=\"og:image:type\" content=\"image\/jpeg\" \/>\n<meta name=\"author\" content=\"Tony Robinson\" \/>\n<meta name=\"twitter:card\" content=\"summary_large_image\" \/>\n<meta name=\"twitter:creator\" content=\"@TonyRobinson6\" \/>\n<meta name=\"twitter:site\" content=\"@PressenzaIPA\" \/>\n<meta name=\"twitter:label1\" content=\"Scritto da\" \/>\n\t<meta name=\"twitter:data1\" content=\"Tony Robinson\" \/>\n\t<meta name=\"twitter:label2\" content=\"Tempo di lettura stimato\" \/>\n\t<meta name=\"twitter:data2\" content=\"3 minuti\" \/>\n<script type=\"application\/ld+json\" class=\"yoast-schema-graph\">{\"@context\":\"https:\/\/schema.org\",\"@graph\":[{\"@type\":\"Article\",\"@id\":\"https:\/\/www.pressenza.com\/it\/2018\/06\/spagna-perche-un-paese-che-ha-vietato-le-armi-biologiche-e-chimiche-non-dovrebbe-vietare-le-armi-nucleari\/#article\",\"isPartOf\":{\"@id\":\"https:\/\/www.pressenza.com\/it\/2018\/06\/spagna-perche-un-paese-che-ha-vietato-le-armi-biologiche-e-chimiche-non-dovrebbe-vietare-le-armi-nucleari\/\"},\"author\":{\"name\":\"Tony Robinson\",\"@id\":\"https:\/\/www.pressenza.com\/it\/#\/schema\/person\/a96a2ff6530dbb8bcf9ec001febc4af4\"},\"headline\":\"Spagna: perch\u00e9 un paese che ha vietato le armi biologiche e chimiche non dovrebbe vietare le armi nucleari?\",\"datePublished\":\"2018-06-29T16:45:04+00:00\",\"dateModified\":\"2018-06-29T21:22:29+00:00\",\"mainEntityOfPage\":{\"@id\":\"https:\/\/www.pressenza.com\/it\/2018\/06\/spagna-perche-un-paese-che-ha-vietato-le-armi-biologiche-e-chimiche-non-dovrebbe-vietare-le-armi-nucleari\/\"},\"wordCount\":680,\"publisher\":{\"@id\":\"https:\/\/www.pressenza.com\/it\/#organization\"},\"image\":{\"@id\":\"https:\/\/www.pressenza.com\/it\/2018\/06\/spagna-perche-un-paese-che-ha-vietato-le-armi-biologiche-e-chimiche-non-dovrebbe-vietare-le-armi-nucleari\/#primaryimage\"},\"thumbnailUrl\":\"https:\/\/www.pressenza.com\/wp-content\/uploads\/2018\/06\/ICAN-Spanish-congress-3.jpg\",\"keywords\":[\"armi nucleari\",\"Beatrice Fihn\",\"ICAN\",\"Spagna\"],\"articleSection\":[\"contenuti originali\",\"Europa\",\"Pace e Disarmo\"],\"inLanguage\":\"it-IT\"},{\"@type\":\"WebPage\",\"@id\":\"https:\/\/www.pressenza.com\/it\/2018\/06\/spagna-perche-un-paese-che-ha-vietato-le-armi-biologiche-e-chimiche-non-dovrebbe-vietare-le-armi-nucleari\/\",\"url\":\"https:\/\/www.pressenza.com\/it\/2018\/06\/spagna-perche-un-paese-che-ha-vietato-le-armi-biologiche-e-chimiche-non-dovrebbe-vietare-le-armi-nucleari\/\",\"name\":\"Spagna: perch\u00e9 un paese che ha vietato le armi biologiche e chimiche non dovrebbe vietare le armi nucleari?\",\"isPartOf\":{\"@id\":\"https:\/\/www.pressenza.com\/it\/#website\"},\"primaryImageOfPage\":{\"@id\":\"https:\/\/www.pressenza.com\/it\/2018\/06\/spagna-perche-un-paese-che-ha-vietato-le-armi-biologiche-e-chimiche-non-dovrebbe-vietare-le-armi-nucleari\/#primaryimage\"},\"image\":{\"@id\":\"https:\/\/www.pressenza.com\/it\/2018\/06\/spagna-perche-un-paese-che-ha-vietato-le-armi-biologiche-e-chimiche-non-dovrebbe-vietare-le-armi-nucleari\/#primaryimage\"},\"thumbnailUrl\":\"https:\/\/www.pressenza.com\/wp-content\/uploads\/2018\/06\/ICAN-Spanish-congress-3.jpg\",\"datePublished\":\"2018-06-29T16:45:04+00:00\",\"dateModified\":\"2018-06-29T21:22:29+00:00\",\"description\":\"La Spagna ha una capacit\u00e0 di influenza e di leadership che \u00e8 necessario mettere al servizio della democrazia, dei diritti umani e del diritto internazionale\",\"breadcrumb\":{\"@id\":\"https:\/\/www.pressenza.com\/it\/2018\/06\/spagna-perche-un-paese-che-ha-vietato-le-armi-biologiche-e-chimiche-non-dovrebbe-vietare-le-armi-nucleari\/#breadcrumb\"},\"inLanguage\":\"it-IT\",\"potentialAction\":[{\"@type\":\"ReadAction\",\"target\":[\"https:\/\/www.pressenza.com\/it\/2018\/06\/spagna-perche-un-paese-che-ha-vietato-le-armi-biologiche-e-chimiche-non-dovrebbe-vietare-le-armi-nucleari\/\"]}]},{\"@type\":\"ImageObject\",\"inLanguage\":\"it-IT\",\"@id\":\"https:\/\/www.pressenza.com\/it\/2018\/06\/spagna-perche-un-paese-che-ha-vietato-le-armi-biologiche-e-chimiche-non-dovrebbe-vietare-le-armi-nucleari\/#primaryimage\",\"url\":\"https:\/\/www.pressenza.com\/wp-content\/uploads\/2018\/06\/ICAN-Spanish-congress-3.jpg\",\"contentUrl\":\"https:\/\/www.pressenza.com\/wp-content\/uploads\/2018\/06\/ICAN-Spanish-congress-3.jpg\",\"width\":1600,\"height\":900,\"caption\":\"Beatrice Fihn, ICAN, outside the Spanish Congress with MPs and activists who support a ban on nuclear weapons\"},{\"@type\":\"BreadcrumbList\",\"@id\":\"https:\/\/www.pressenza.com\/it\/2018\/06\/spagna-perche-un-paese-che-ha-vietato-le-armi-biologiche-e-chimiche-non-dovrebbe-vietare-le-armi-nucleari\/#breadcrumb\",\"itemListElement\":[{\"@type\":\"ListItem\",\"position\":1,\"name\":\"Accueil\",\"item\":\"https:\/\/www.pressenza.com\/it\/\"},{\"@type\":\"ListItem\",\"position\":2,\"name\":\"Spagna: perch\u00e9 un paese che ha vietato le armi biologiche e chimiche non dovrebbe vietare le armi nucleari?\"}]},{\"@type\":\"WebSite\",\"@id\":\"https:\/\/www.pressenza.com\/it\/#website\",\"url\":\"https:\/\/www.pressenza.com\/it\/\",\"name\":\"Pressenza\",\"description\":\"Agenzia di Stampa Internazionale\",\"publisher\":{\"@id\":\"https:\/\/www.pressenza.com\/it\/#organization\"},\"potentialAction\":[{\"@type\":\"SearchAction\",\"target\":{\"@type\":\"EntryPoint\",\"urlTemplate\":\"https:\/\/www.pressenza.com\/it\/?s={search_term_string}\"},\"query-input\":{\"@type\":\"PropertyValueSpecification\",\"valueRequired\":true,\"valueName\":\"search_term_string\"}}],\"inLanguage\":\"it-IT\"},{\"@type\":\"Organization\",\"@id\":\"https:\/\/www.pressenza.com\/it\/#organization\",\"name\":\"Pressenza\",\"url\":\"https:\/\/www.pressenza.com\/it\/\",\"logo\":{\"@type\":\"ImageObject\",\"inLanguage\":\"it-IT\",\"@id\":\"https:\/\/www.pressenza.com\/it\/#\/schema\/logo\/image\/\",\"url\":\"https:\/\/www.pressenza.com\/wp-content\/uploads\/2022\/10\/pressenza_logo_200x200.jpg\",\"contentUrl\":\"https:\/\/www.pressenza.com\/wp-content\/uploads\/2022\/10\/pressenza_logo_200x200.jpg\",\"width\":200,\"height\":200,\"caption\":\"Pressenza\"},\"image\":{\"@id\":\"https:\/\/www.pressenza.com\/it\/#\/schema\/logo\/image\/\"},\"sameAs\":[\"https:\/\/www.facebook.com\/PressenzaItalia\",\"https:\/\/x.com\/PressenzaIPA\"]},{\"@type\":\"Person\",\"@id\":\"https:\/\/www.pressenza.com\/it\/#\/schema\/person\/a96a2ff6530dbb8bcf9ec001febc4af4\",\"name\":\"Tony Robinson\",\"description\":\"Humanist Movement Activist, ex-Director of the Middle East Treaty Organization and coordinating committee member of Abolition 2000 - Global Network to Eliminate Nuclear Weapons, author of the book \\\"Coffee with Silo and the quest for meaning in life\\\" and producer of the film \\\"The Beginning of the End of Nuclear Weapons\\\".\",\"sameAs\":[\"https:\/\/x.com\/TonyRobinson6\"],\"url\":\"https:\/\/www.pressenza.com\/it\/author\/tony-robinson\/\"}]}<\/script>\n<!-- \/ Yoast SEO plugin. -->","yoast_head_json":{"title":"Spagna: perch\u00e9 un paese che ha vietato le armi biologiche e chimiche non dovrebbe vietare le armi nucleari?","description":"La Spagna ha una capacit\u00e0 di influenza e di leadership che \u00e8 necessario mettere al servizio della democrazia, dei diritti umani e del diritto internazionale","robots":{"index":"index","follow":"follow","max-snippet":"max-snippet:-1","max-image-preview":"max-image-preview:large","max-video-preview":"max-video-preview:-1"},"canonical":"https:\/\/www.pressenza.com\/it\/2018\/06\/spagna-perche-un-paese-che-ha-vietato-le-armi-biologiche-e-chimiche-non-dovrebbe-vietare-le-armi-nucleari\/","og_locale":"it_IT","og_type":"article","og_title":"Spagna: perch\u00e9 un paese che ha vietato le armi biologiche e chimiche non dovrebbe vietare le armi nucleari?","og_description":"La Spagna ha una capacit\u00e0 di influenza e di leadership che \u00e8 necessario mettere al servizio della democrazia, dei diritti umani e del diritto internazionale","og_url":"https:\/\/www.pressenza.com\/it\/2018\/06\/spagna-perche-un-paese-che-ha-vietato-le-armi-biologiche-e-chimiche-non-dovrebbe-vietare-le-armi-nucleari\/","og_site_name":"Pressenza","article_publisher":"https:\/\/www.facebook.com\/PressenzaItalia","article_published_time":"2018-06-29T16:45:04+00:00","article_modified_time":"2018-06-29T21:22:29+00:00","og_image":[{"width":1600,"height":900,"url":"https:\/\/www.pressenza.com\/wp-content\/uploads\/2018\/06\/ICAN-Spanish-congress-3.jpg","type":"image\/jpeg"}],"author":"Tony Robinson","twitter_card":"summary_large_image","twitter_creator":"@TonyRobinson6","twitter_site":"@PressenzaIPA","twitter_misc":{"Scritto da":"Tony Robinson","Tempo di lettura stimato":"3 minuti"},"schema":{"@context":"https:\/\/schema.org","@graph":[{"@type":"Article","@id":"https:\/\/www.pressenza.com\/it\/2018\/06\/spagna-perche-un-paese-che-ha-vietato-le-armi-biologiche-e-chimiche-non-dovrebbe-vietare-le-armi-nucleari\/#article","isPartOf":{"@id":"https:\/\/www.pressenza.com\/it\/2018\/06\/spagna-perche-un-paese-che-ha-vietato-le-armi-biologiche-e-chimiche-non-dovrebbe-vietare-le-armi-nucleari\/"},"author":{"name":"Tony Robinson","@id":"https:\/\/www.pressenza.com\/it\/#\/schema\/person\/a96a2ff6530dbb8bcf9ec001febc4af4"},"headline":"Spagna: perch\u00e9 un paese che ha vietato le armi biologiche e chimiche non dovrebbe vietare le armi nucleari?","datePublished":"2018-06-29T16:45:04+00:00","dateModified":"2018-06-29T21:22:29+00:00","mainEntityOfPage":{"@id":"https:\/\/www.pressenza.com\/it\/2018\/06\/spagna-perche-un-paese-che-ha-vietato-le-armi-biologiche-e-chimiche-non-dovrebbe-vietare-le-armi-nucleari\/"},"wordCount":680,"publisher":{"@id":"https:\/\/www.pressenza.com\/it\/#organization"},"image":{"@id":"https:\/\/www.pressenza.com\/it\/2018\/06\/spagna-perche-un-paese-che-ha-vietato-le-armi-biologiche-e-chimiche-non-dovrebbe-vietare-le-armi-nucleari\/#primaryimage"},"thumbnailUrl":"https:\/\/www.pressenza.com\/wp-content\/uploads\/2018\/06\/ICAN-Spanish-congress-3.jpg","keywords":["armi nucleari","Beatrice Fihn","ICAN","Spagna"],"articleSection":["contenuti originali","Europa","Pace e Disarmo"],"inLanguage":"it-IT"},{"@type":"WebPage","@id":"https:\/\/www.pressenza.com\/it\/2018\/06\/spagna-perche-un-paese-che-ha-vietato-le-armi-biologiche-e-chimiche-non-dovrebbe-vietare-le-armi-nucleari\/","url":"https:\/\/www.pressenza.com\/it\/2018\/06\/spagna-perche-un-paese-che-ha-vietato-le-armi-biologiche-e-chimiche-non-dovrebbe-vietare-le-armi-nucleari\/","name":"Spagna: perch\u00e9 un paese che ha vietato le armi biologiche e chimiche non dovrebbe vietare le armi nucleari?","isPartOf":{"@id":"https:\/\/www.pressenza.com\/it\/#website"},"primaryImageOfPage":{"@id":"https:\/\/www.pressenza.com\/it\/2018\/06\/spagna-perche-un-paese-che-ha-vietato-le-armi-biologiche-e-chimiche-non-dovrebbe-vietare-le-armi-nucleari\/#primaryimage"},"image":{"@id":"https:\/\/www.pressenza.com\/it\/2018\/06\/spagna-perche-un-paese-che-ha-vietato-le-armi-biologiche-e-chimiche-non-dovrebbe-vietare-le-armi-nucleari\/#primaryimage"},"thumbnailUrl":"https:\/\/www.pressenza.com\/wp-content\/uploads\/2018\/06\/ICAN-Spanish-congress-3.jpg","datePublished":"2018-06-29T16:45:04+00:00","dateModified":"2018-06-29T21:22:29+00:00","description":"La Spagna ha una capacit\u00e0 di influenza e di leadership che \u00e8 necessario mettere al servizio della democrazia, dei diritti umani e del diritto internazionale","breadcrumb":{"@id":"https:\/\/www.pressenza.com\/it\/2018\/06\/spagna-perche-un-paese-che-ha-vietato-le-armi-biologiche-e-chimiche-non-dovrebbe-vietare-le-armi-nucleari\/#breadcrumb"},"inLanguage":"it-IT","potentialAction":[{"@type":"ReadAction","target":["https:\/\/www.pressenza.com\/it\/2018\/06\/spagna-perche-un-paese-che-ha-vietato-le-armi-biologiche-e-chimiche-non-dovrebbe-vietare-le-armi-nucleari\/"]}]},{"@type":"ImageObject","inLanguage":"it-IT","@id":"https:\/\/www.pressenza.com\/it\/2018\/06\/spagna-perche-un-paese-che-ha-vietato-le-armi-biologiche-e-chimiche-non-dovrebbe-vietare-le-armi-nucleari\/#primaryimage","url":"https:\/\/www.pressenza.com\/wp-content\/uploads\/2018\/06\/ICAN-Spanish-congress-3.jpg","contentUrl":"https:\/\/www.pressenza.com\/wp-content\/uploads\/2018\/06\/ICAN-Spanish-congress-3.jpg","width":1600,"height":900,"caption":"Beatrice Fihn, ICAN, outside the Spanish Congress with MPs and activists who support a ban on nuclear weapons"},{"@type":"BreadcrumbList","@id":"https:\/\/www.pressenza.com\/it\/2018\/06\/spagna-perche-un-paese-che-ha-vietato-le-armi-biologiche-e-chimiche-non-dovrebbe-vietare-le-armi-nucleari\/#breadcrumb","itemListElement":[{"@type":"ListItem","position":1,"name":"Accueil","item":"https:\/\/www.pressenza.com\/it\/"},{"@type":"ListItem","position":2,"name":"Spagna: perch\u00e9 un paese che ha vietato le armi biologiche e chimiche non dovrebbe vietare le armi nucleari?"}]},{"@type":"WebSite","@id":"https:\/\/www.pressenza.com\/it\/#website","url":"https:\/\/www.pressenza.com\/it\/","name":"Pressenza","description":"Agenzia di Stampa Internazionale","publisher":{"@id":"https:\/\/www.pressenza.com\/it\/#organization"},"potentialAction":[{"@type":"SearchAction","target":{"@type":"EntryPoint","urlTemplate":"https:\/\/www.pressenza.com\/it\/?s={search_term_string}"},"query-input":{"@type":"PropertyValueSpecification","valueRequired":true,"valueName":"search_term_string"}}],"inLanguage":"it-IT"},{"@type":"Organization","@id":"https:\/\/www.pressenza.com\/it\/#organization","name":"Pressenza","url":"https:\/\/www.pressenza.com\/it\/","logo":{"@type":"ImageObject","inLanguage":"it-IT","@id":"https:\/\/www.pressenza.com\/it\/#\/schema\/logo\/image\/","url":"https:\/\/www.pressenza.com\/wp-content\/uploads\/2022\/10\/pressenza_logo_200x200.jpg","contentUrl":"https:\/\/www.pressenza.com\/wp-content\/uploads\/2022\/10\/pressenza_logo_200x200.jpg","width":200,"height":200,"caption":"Pressenza"},"image":{"@id":"https:\/\/www.pressenza.com\/it\/#\/schema\/logo\/image\/"},"sameAs":["https:\/\/www.facebook.com\/PressenzaItalia","https:\/\/x.com\/PressenzaIPA"]},{"@type":"Person","@id":"https:\/\/www.pressenza.com\/it\/#\/schema\/person\/a96a2ff6530dbb8bcf9ec001febc4af4","name":"Tony Robinson","description":"Humanist Movement Activist, ex-Director of the Middle East Treaty Organization and coordinating committee member of Abolition 2000 - Global Network to Eliminate Nuclear Weapons, author of the book \"Coffee with Silo and the quest for meaning in life\" and producer of the film \"The Beginning of the End of Nuclear Weapons\".","sameAs":["https:\/\/x.com\/TonyRobinson6"],"url":"https:\/\/www.pressenza.com\/it\/author\/tony-robinson\/"}]}},"place":"Madrid, Spagna","original_article_url":"","_links":{"self":[{"href":"https:\/\/www.pressenza.com\/it\/wp-json\/wp\/v2\/posts\/666311","targetHints":{"allow":["GET"]}}],"collection":[{"href":"https:\/\/www.pressenza.com\/it\/wp-json\/wp\/v2\/posts"}],"about":[{"href":"https:\/\/www.pressenza.com\/it\/wp-json\/wp\/v2\/types\/post"}],"author":[{"embeddable":true,"href":"https:\/\/www.pressenza.com\/it\/wp-json\/wp\/v2\/users\/6"}],"replies":[{"embeddable":true,"href":"https:\/\/www.pressenza.com\/it\/wp-json\/wp\/v2\/comments?post=666311"}],"version-history":[{"count":0,"href":"https:\/\/www.pressenza.com\/it\/wp-json\/wp\/v2\/posts\/666311\/revisions"}],"wp:featuredmedia":[{"embeddable":true,"href":"https:\/\/www.pressenza.com\/it\/wp-json\/wp\/v2\/media\/666098"}],"wp:attachment":[{"href":"https:\/\/www.pressenza.com\/it\/wp-json\/wp\/v2\/media?parent=666311"}],"wp:term":[{"taxonomy":"category","embeddable":true,"href":"https:\/\/www.pressenza.com\/it\/wp-json\/wp\/v2\/categories?post=666311"},{"taxonomy":"post_tag","embeddable":true,"href":"https:\/\/www.pressenza.com\/it\/wp-json\/wp\/v2\/tags?post=666311"}],"curies":[{"name":"wp","href":"https:\/\/api.w.org\/{rel}","templated":true}]}}