{"id":664077,"date":"2018-06-26T09:17:16","date_gmt":"2018-06-26T08:17:16","guid":{"rendered":"https:\/\/www.pressenza.com\/?p=664077"},"modified":"2018-06-26T09:17:16","modified_gmt":"2018-06-26T08:17:16","slug":"testimonianze-e-condivisioni-di-integrazione-a-cremona-grazie-alla-living-library","status":"publish","type":"post","link":"https:\/\/www.pressenza.com\/it\/2018\/06\/testimonianze-e-condivisioni-di-integrazione-a-cremona-grazie-alla-living-library\/","title":{"rendered":"Testimonianze e condivisioni di integrazione a Cremona grazie alla Living Library"},"content":{"rendered":"<p><span style=\"font-size: medium;\">Sabato 23 giugno 2018 ha avuto luogo a Cremona una \u201cLiving Library\u201d come evento conclusivo parte della programmazione tenutosi durante la <\/span><span style=\"font-size: medium;\"><b>Settimana del Rifugiato 2018<\/b><\/span><span style=\"font-size: medium;\"> dal Comune di Cremona e dagli enti co-gestori del progetto SPRAR <\/span><span style=\"color: #000000;\"><span style=\"font-size: medium;\">(Sistema di Protezione per Richiedenti Asilo e Rifugiati) cittadino.<\/span><\/span><\/p>\n<p align=\"justify\"><span style=\"font-size: medium;\">Come ci racconta <\/span><span style=\"font-size: medium;\"><b>Anna Lodeserto<\/b><\/span><span style=\"font-size: medium;\">, una delle organizzatrici, le iniziative sul modello \u201cLiving Library\u201d (conosciute anche come \u201cHuman Library\u201d a livello internazionale o, in italiano, biblioteche viventi) si tengono in tutto il mondo da circa venti anni ovvero dalla prima esperienza promossa in Danimarca all\u2019inizio del millennio in corso (poi sostenuta dal Consiglio d\u2019Europa tre anni pi\u00f9 tardi <\/span><span style=\"color: #222222;\"><span style=\"font-size: medium;\">rendendo tale formato parte integrante fondamentale del proprio programma di educazione sui diritti umani e civili e motivandone l\u2019inclusione con una presa di coscienza collettiva rispetto al fatto che i diritti umani non possano essere conosciuti, difesi e promossi unicamente attraverso i testi giuridici<\/span><\/span><span style=\"font-size: medium;\">). Il pubblico coinvolto nelle diverse citt\u00e0 ha l\u2019opportunit\u00e0 di ascoltare direttamente dei racconti di vita unici e preziosi donati dai libri umani cos\u00ec come di prendere parte ai momenti di formazione e di costruzione dell\u2019evento stesso attraverso modalit\u00e0 partecipative fondate sull\u2019<\/span><span style=\"font-size: medium;\"><b>inclusione sociale <\/b><\/span><span style=\"font-size: medium;\">ad ampio raggio.<\/span><\/p>\n<p align=\"justify\"><span style=\"color: #222222;\"><span style=\"font-size: medium;\">La metodologia seguita per realizzare la \u201cLiving Library\u201d rimanda ai tempi lontani della <\/span><\/span><span style=\"color: #222222;\"><span style=\"font-size: medium;\"><b>tradizione orale<\/b><\/span><\/span><span style=\"color: #222222;\"><span style=\"font-size: medium;\">, in cui prima dell\u2019introduzione della scrittura l\u2019unico mezzo per tramandare una storia era la voce umana, spesso in un contesto familiare. Questo tipo di iniziativa si fonda proprio sul valore delle storie trasmesse in modalit\u00e0 orale grazie all\u2019opera e alla disponibilit\u00e0 dei libri umani e all\u2019apertura e curiosit\u00e0 dei lettori e delle lettrici che si incontrano in un contesto accogliente fondato sul rispetto e sulla condivisione.<\/span><\/span><\/p>\n<p align=\"justify\"><a name=\"_GoBack\"><\/a> <span style=\"font-size: medium;\">Testimonianze e storie a partire dall\u2019esperienza diretta di coloro che giungono in Europa da altri paesi hanno costituito la ricca bibliografia proposta nei giardini del centro della citt\u00e0 dove si \u00e8 tenuta l\u2019iniziativa. Tra i libri umani presenti, ho avuto l\u2019opportunit\u00e0 di parlare con <\/span><span style=\"font-size: medium;\"><b>Issa<\/b><\/span><span style=\"font-size: medium;\">, un partecipante originario del Togo arrivato in Italia il 1\u00b0 gennaio 2010 che ha condiviso con me le sue impressioni sulla manifestazione alla quale ha aderito immediatamente con la sua associazione \u201c<\/span><span style=\"font-size: medium;\"><b>Alternativa Africa<\/b><\/span><span style=\"font-size: medium;\">\u201d attiva proprio a Cremona: \u201c<\/span><span style=\"font-size: medium;\"><i>L\u2019iniziativa ci ha dato la capacit\u00e0 di far capire alle persone comuni chi siamo e perch\u00e9 siamo arrivati in Italia. La mia associazione si chiama Alternativa Africa e attraverso diversi canali e strumenti di comunicazione sociale promuove la condivisione di informazioni concrete per aiutare i giovani da altri paesi non appena arrivano, spiegandogli come comportarsi e favorendo la loro integrazione. Io sono andato via dal mio paese<\/i><\/span><span style=\"font-size: medium;\"> \u2013 prosegue Issa \u2013 <\/span><span style=\"font-size: medium;\"><i>per diversi problemi e quando sono arrivato in Italia ho iniziato immediatamente a cercare lavoro perch\u00e9 volevo essere attivo. Ho capito subito che c\u2019\u00e8 tanta strada da fare per integrarsi e occorre impegnarsi molto in tale direzione. Non mi sono lasciato scoraggiare dal freddo, che non avevo mai sperimentato con tale intensit\u00e0, n\u00e9 da tutte le altre difficolt\u00e0 tanto da riuscire a ottenere un primo lavoro come badante che ho potuto mantenere fino a quando la signora anziana che accudivo non \u00e8 venuta a mancare. Ho dovuto, dunque, cercare un altro lavoro e mi sono adoperato come lavapiatti in una cucina per due anni. Successivamente, dopo aver imparato a cucinare, sono diventato anche aiuto pizzaiolo. Ho, dunque, studiato per prendere la patente di guida tanto che ora lavoro come autista. Ho capito che nella vita bisogna darsi da fare per arrivare ad ottenere ci\u00f2 di cui si ha bisogno, quindi bisogna andare incontro ai giovani che arrivano altrimenti si rischia di perderli<\/i><\/span><span style=\"font-size: medium;\">.\u201d<\/span><\/p>\n<p align=\"justify\"><span style=\"font-size: medium;\">Ho poi parlato con un altro partecipante di nome <\/span><span style=\"font-size: medium;\"><b>Yacouba<\/b><\/span><span style=\"font-size: medium;\"> il quale mi ha spiegato come la partecipazione a tale evento abbia aiutato lui e molti suoi compagni del gruppo che ha animato e costruito la \u201cLiving Library\u201d del progetto SPRAR di Cremona a esprimersi meglio e ad acquisire una maggiore fiducia nelle proprie capacit\u00e0 e potenzialit\u00e0. Tramite gli incontri, ovvero le \u2018letture a cielo aperto\u2019, \u00e8 stato possibile trasmettere a un pubblico esterno quel senso di fiducia e sicurezza interpersonale spesso adombrato dalla narrativa sulle migrazioni diffusa attraverso i principali di mezzi di comunicazione e, riprendendo le parole dello stesso Yacouba, \u201c<\/span><span style=\"font-size: medium;\"><i>far capire alla gente che non siamo qui per fare casini o creare problemi di alcun tipo<\/i><\/span><span style=\"font-size: medium;\">\u201d. Per lui \u00e8 stata la prima volta che ha parlato a un evento del genere &#8211; pur essendo abituato ai contesti culturali e, in particolare, teatrali \u2013 e si \u00e8 emozionato di fronte alla possibilit\u00e0 di raccontare a perfetti sconosciuti i motivi che lo hanno spinto ad affrontare il viaggio e i dettagli della propria storia.<\/span><\/p>\n<p align=\"justify\"><span style=\"font-size: medium;\">L\u2019iniziativa della Living Library di Cremona, cos\u00ec come quelle che stanno svolgendo in tutta Italia secondo modelli organizzativi simili, ha cos\u00ec dato voce a ragazzi e ragazze da diversi paesi africani e asiatici che hanno affrontato percorsi migratori spesso estremamente impervi a partire da situazioni talvolta disumane, per sensibilizzare i cittadini verso le enormi difficolt\u00e0 che si trovano ad affrontare e renderli partecipi del <\/span><span style=\"font-size: medium;\"><b>percorso di integrazione <\/b><\/span><span style=\"font-size: medium;\">che affrontano con coraggio ogni giorno. Attraverso i loro sforzi tutti noi scopriamo di avere qualcosa in pi\u00f9 da ascoltare e da raccontare e soltanto insieme possiamo costruire la storia del mondo contemporaneo.<\/span><\/p>\n<p align=\"justify\">\n<p align=\"right\"><span style=\"font-size: medium;\">Leonardo Ceccarini<\/span><\/p>\n","protected":false},"excerpt":{"rendered":"<p>Sabato 23 giugno 2018 ha avuto luogo a Cremona una \u201cLiving Library\u201d come evento conclusivo parte della programmazione tenutosi durante la Settimana del Rifugiato 2018 dal Comune di Cremona e dagli enti co-gestori del progetto SPRAR (Sistema di Protezione per&hellip;<\/p>\n","protected":false},"author":1304,"featured_media":664078,"comment_status":"closed","ping_status":"closed","sticky":false,"template":"","format":"standard","meta":{"footnotes":""},"categories":[11388,1258,47,46975,38,1261],"tags":[47400,39716,1766,6906,47398,3198,47399],"class_list":["post-664077","post","type-post","status-publish","format-standard","has-post-thumbnail","hentry","category-contenuti-originali","category-educazione","category-europa","category-giovani","category-internazionale","category-diversita","tag-anna-lodeserto","tag-cremona","tag-giovani","tag-integrazione","tag-living-library","tag-stranieri","tag-tradizione-orale"],"yoast_head":"<!-- This site is optimized with the Yoast SEO plugin v27.1.1 - https:\/\/yoast.com\/product\/yoast-seo-wordpress\/ -->\n<title>Testimonianze e condivisioni di integrazione a Cremona grazie alla Living Library<\/title>\n<meta name=\"description\" content=\"Sabato 23 giugno 2018 ha avuto luogo a Cremona una \u201cLiving Library\u201d come evento conclusivo parte della programmazione tenutosi durante la Settimana del\" \/>\n<meta name=\"robots\" content=\"index, follow, max-snippet:-1, max-image-preview:large, max-video-preview:-1\" \/>\n<link rel=\"canonical\" href=\"https:\/\/www.pressenza.com\/it\/2018\/06\/testimonianze-e-condivisioni-di-integrazione-a-cremona-grazie-alla-living-library\/\" \/>\n<meta property=\"og:locale\" content=\"it_IT\" \/>\n<meta property=\"og:type\" content=\"article\" \/>\n<meta property=\"og:title\" content=\"Testimonianze e condivisioni di integrazione a Cremona grazie alla Living Library\" \/>\n<meta property=\"og:description\" content=\"Sabato 23 giugno 2018 ha avuto luogo a Cremona una \u201cLiving Library\u201d come evento conclusivo parte della programmazione tenutosi durante la Settimana del\" \/>\n<meta property=\"og:url\" content=\"https:\/\/www.pressenza.com\/it\/2018\/06\/testimonianze-e-condivisioni-di-integrazione-a-cremona-grazie-alla-living-library\/\" \/>\n<meta property=\"og:site_name\" content=\"Pressenza\" \/>\n<meta property=\"article:publisher\" content=\"https:\/\/www.facebook.com\/PressenzaItalia\" \/>\n<meta property=\"article:published_time\" content=\"2018-06-26T08:17:16+00:00\" \/>\n<meta property=\"og:image\" content=\"https:\/\/www.pressenza.com\/wp-content\/uploads\/2018\/06\/Foto-Art.LCeccarini_3.jpg\" \/>\n\t<meta property=\"og:image:width\" content=\"1000\" \/>\n\t<meta property=\"og:image:height\" content=\"737\" \/>\n\t<meta property=\"og:image:type\" content=\"image\/jpeg\" \/>\n<meta name=\"author\" content=\"Leonardo Ceccarini\" \/>\n<meta name=\"twitter:card\" content=\"summary_large_image\" \/>\n<meta name=\"twitter:creator\" content=\"@PressenzaIPA\" \/>\n<meta name=\"twitter:site\" content=\"@PressenzaIPA\" \/>\n<meta name=\"twitter:label1\" content=\"Scritto da\" \/>\n\t<meta name=\"twitter:data1\" content=\"Leonardo Ceccarini\" \/>\n\t<meta name=\"twitter:label2\" content=\"Tempo di lettura stimato\" \/>\n\t<meta name=\"twitter:data2\" content=\"4 minuti\" \/>\n<script type=\"application\/ld+json\" class=\"yoast-schema-graph\">{\"@context\":\"https:\/\/schema.org\",\"@graph\":[{\"@type\":\"Article\",\"@id\":\"https:\/\/www.pressenza.com\/it\/2018\/06\/testimonianze-e-condivisioni-di-integrazione-a-cremona-grazie-alla-living-library\/#article\",\"isPartOf\":{\"@id\":\"https:\/\/www.pressenza.com\/it\/2018\/06\/testimonianze-e-condivisioni-di-integrazione-a-cremona-grazie-alla-living-library\/\"},\"author\":{\"name\":\"Leonardo Ceccarini\",\"@id\":\"https:\/\/www.pressenza.com\/it\/#\/schema\/person\/f6229ac8fc1315fb54d625abcebf3fb9\"},\"headline\":\"Testimonianze e condivisioni di integrazione a Cremona grazie alla Living Library\",\"datePublished\":\"2018-06-26T08:17:16+00:00\",\"mainEntityOfPage\":{\"@id\":\"https:\/\/www.pressenza.com\/it\/2018\/06\/testimonianze-e-condivisioni-di-integrazione-a-cremona-grazie-alla-living-library\/\"},\"wordCount\":878,\"publisher\":{\"@id\":\"https:\/\/www.pressenza.com\/it\/#organization\"},\"image\":{\"@id\":\"https:\/\/www.pressenza.com\/it\/2018\/06\/testimonianze-e-condivisioni-di-integrazione-a-cremona-grazie-alla-living-library\/#primaryimage\"},\"thumbnailUrl\":\"https:\/\/www.pressenza.com\/wp-content\/uploads\/2018\/06\/Foto-Art.LCeccarini_3.jpg\",\"keywords\":[\"Anna Lodeserto\",\"Cremona\",\"giovani\",\"integrazione\",\"Living Library\",\"stranieri\",\"tradizione orale\"],\"articleSection\":[\"contenuti originali\",\"Educazione\",\"Europa\",\"Giovani\",\"Internazionale\",\"Non discriminazione\"],\"inLanguage\":\"it-IT\"},{\"@type\":\"WebPage\",\"@id\":\"https:\/\/www.pressenza.com\/it\/2018\/06\/testimonianze-e-condivisioni-di-integrazione-a-cremona-grazie-alla-living-library\/\",\"url\":\"https:\/\/www.pressenza.com\/it\/2018\/06\/testimonianze-e-condivisioni-di-integrazione-a-cremona-grazie-alla-living-library\/\",\"name\":\"Testimonianze e condivisioni di integrazione a Cremona grazie alla Living Library\",\"isPartOf\":{\"@id\":\"https:\/\/www.pressenza.com\/it\/#website\"},\"primaryImageOfPage\":{\"@id\":\"https:\/\/www.pressenza.com\/it\/2018\/06\/testimonianze-e-condivisioni-di-integrazione-a-cremona-grazie-alla-living-library\/#primaryimage\"},\"image\":{\"@id\":\"https:\/\/www.pressenza.com\/it\/2018\/06\/testimonianze-e-condivisioni-di-integrazione-a-cremona-grazie-alla-living-library\/#primaryimage\"},\"thumbnailUrl\":\"https:\/\/www.pressenza.com\/wp-content\/uploads\/2018\/06\/Foto-Art.LCeccarini_3.jpg\",\"datePublished\":\"2018-06-26T08:17:16+00:00\",\"description\":\"Sabato 23 giugno 2018 ha avuto luogo a Cremona una \u201cLiving Library\u201d come evento conclusivo parte della programmazione tenutosi durante la Settimana del\",\"breadcrumb\":{\"@id\":\"https:\/\/www.pressenza.com\/it\/2018\/06\/testimonianze-e-condivisioni-di-integrazione-a-cremona-grazie-alla-living-library\/#breadcrumb\"},\"inLanguage\":\"it-IT\",\"potentialAction\":[{\"@type\":\"ReadAction\",\"target\":[\"https:\/\/www.pressenza.com\/it\/2018\/06\/testimonianze-e-condivisioni-di-integrazione-a-cremona-grazie-alla-living-library\/\"]}]},{\"@type\":\"ImageObject\",\"inLanguage\":\"it-IT\",\"@id\":\"https:\/\/www.pressenza.com\/it\/2018\/06\/testimonianze-e-condivisioni-di-integrazione-a-cremona-grazie-alla-living-library\/#primaryimage\",\"url\":\"https:\/\/www.pressenza.com\/wp-content\/uploads\/2018\/06\/Foto-Art.LCeccarini_3.jpg\",\"contentUrl\":\"https:\/\/www.pressenza.com\/wp-content\/uploads\/2018\/06\/Foto-Art.LCeccarini_3.jpg\",\"width\":1000,\"height\":737},{\"@type\":\"BreadcrumbList\",\"@id\":\"https:\/\/www.pressenza.com\/it\/2018\/06\/testimonianze-e-condivisioni-di-integrazione-a-cremona-grazie-alla-living-library\/#breadcrumb\",\"itemListElement\":[{\"@type\":\"ListItem\",\"position\":1,\"name\":\"Accueil\",\"item\":\"https:\/\/www.pressenza.com\/it\/\"},{\"@type\":\"ListItem\",\"position\":2,\"name\":\"Testimonianze e condivisioni di integrazione a Cremona grazie alla Living Library\"}]},{\"@type\":\"WebSite\",\"@id\":\"https:\/\/www.pressenza.com\/it\/#website\",\"url\":\"https:\/\/www.pressenza.com\/it\/\",\"name\":\"Pressenza\",\"description\":\"Agenzia di Stampa Internazionale\",\"publisher\":{\"@id\":\"https:\/\/www.pressenza.com\/it\/#organization\"},\"potentialAction\":[{\"@type\":\"SearchAction\",\"target\":{\"@type\":\"EntryPoint\",\"urlTemplate\":\"https:\/\/www.pressenza.com\/it\/?s={search_term_string}\"},\"query-input\":{\"@type\":\"PropertyValueSpecification\",\"valueRequired\":true,\"valueName\":\"search_term_string\"}}],\"inLanguage\":\"it-IT\"},{\"@type\":\"Organization\",\"@id\":\"https:\/\/www.pressenza.com\/it\/#organization\",\"name\":\"Pressenza\",\"url\":\"https:\/\/www.pressenza.com\/it\/\",\"logo\":{\"@type\":\"ImageObject\",\"inLanguage\":\"it-IT\",\"@id\":\"https:\/\/www.pressenza.com\/it\/#\/schema\/logo\/image\/\",\"url\":\"https:\/\/www.pressenza.com\/wp-content\/uploads\/2022\/10\/pressenza_logo_200x200.jpg\",\"contentUrl\":\"https:\/\/www.pressenza.com\/wp-content\/uploads\/2022\/10\/pressenza_logo_200x200.jpg\",\"width\":200,\"height\":200,\"caption\":\"Pressenza\"},\"image\":{\"@id\":\"https:\/\/www.pressenza.com\/it\/#\/schema\/logo\/image\/\"},\"sameAs\":[\"https:\/\/www.facebook.com\/PressenzaItalia\",\"https:\/\/x.com\/PressenzaIPA\"]},{\"@type\":\"Person\",\"@id\":\"https:\/\/www.pressenza.com\/it\/#\/schema\/person\/f6229ac8fc1315fb54d625abcebf3fb9\",\"name\":\"Leonardo Ceccarini\",\"description\":\"Ginevra Ceccarini \u00e8 una giovane autrice transgender del viterbese, nata il 18 Settembre del 1995 ha scritto per vari quotidiani online e pubblicato vari libri. Dopo il servizio di volontariato europeo in Lettonia ha partecipato a svariati progetti europei, \u00e8 stata segretario della sezione di Viterbo della Giovent\u00f9 federalista europea ed amministratrice di un informal group of young people volto a scrivere progetti europei. \u00c8 nella lista degli europeers (ambasciatori della mobilit\u00e0 europea) sul sito ufficiale dell'Agenzia nazionale dei giovani. Attualmente si sta laureando in Psicologia e processi sociali presso la Sapienza ed \u00e8 scrittrice su varie piattaforme online.\",\"url\":\"https:\/\/www.pressenza.com\/it\/author\/leonardo-ceccarini\/\"}]}<\/script>\n<!-- \/ Yoast SEO plugin. -->","yoast_head_json":{"title":"Testimonianze e condivisioni di integrazione a Cremona grazie alla Living Library","description":"Sabato 23 giugno 2018 ha avuto luogo a Cremona una \u201cLiving Library\u201d come evento conclusivo parte della programmazione tenutosi durante la Settimana del","robots":{"index":"index","follow":"follow","max-snippet":"max-snippet:-1","max-image-preview":"max-image-preview:large","max-video-preview":"max-video-preview:-1"},"canonical":"https:\/\/www.pressenza.com\/it\/2018\/06\/testimonianze-e-condivisioni-di-integrazione-a-cremona-grazie-alla-living-library\/","og_locale":"it_IT","og_type":"article","og_title":"Testimonianze e condivisioni di integrazione a Cremona grazie alla Living Library","og_description":"Sabato 23 giugno 2018 ha avuto luogo a Cremona una \u201cLiving Library\u201d come evento conclusivo parte della programmazione tenutosi durante la Settimana del","og_url":"https:\/\/www.pressenza.com\/it\/2018\/06\/testimonianze-e-condivisioni-di-integrazione-a-cremona-grazie-alla-living-library\/","og_site_name":"Pressenza","article_publisher":"https:\/\/www.facebook.com\/PressenzaItalia","article_published_time":"2018-06-26T08:17:16+00:00","og_image":[{"width":1000,"height":737,"url":"https:\/\/www.pressenza.com\/wp-content\/uploads\/2018\/06\/Foto-Art.LCeccarini_3.jpg","type":"image\/jpeg"}],"author":"Leonardo Ceccarini","twitter_card":"summary_large_image","twitter_creator":"@PressenzaIPA","twitter_site":"@PressenzaIPA","twitter_misc":{"Scritto da":"Leonardo Ceccarini","Tempo di lettura stimato":"4 minuti"},"schema":{"@context":"https:\/\/schema.org","@graph":[{"@type":"Article","@id":"https:\/\/www.pressenza.com\/it\/2018\/06\/testimonianze-e-condivisioni-di-integrazione-a-cremona-grazie-alla-living-library\/#article","isPartOf":{"@id":"https:\/\/www.pressenza.com\/it\/2018\/06\/testimonianze-e-condivisioni-di-integrazione-a-cremona-grazie-alla-living-library\/"},"author":{"name":"Leonardo Ceccarini","@id":"https:\/\/www.pressenza.com\/it\/#\/schema\/person\/f6229ac8fc1315fb54d625abcebf3fb9"},"headline":"Testimonianze e condivisioni di integrazione a Cremona grazie alla Living Library","datePublished":"2018-06-26T08:17:16+00:00","mainEntityOfPage":{"@id":"https:\/\/www.pressenza.com\/it\/2018\/06\/testimonianze-e-condivisioni-di-integrazione-a-cremona-grazie-alla-living-library\/"},"wordCount":878,"publisher":{"@id":"https:\/\/www.pressenza.com\/it\/#organization"},"image":{"@id":"https:\/\/www.pressenza.com\/it\/2018\/06\/testimonianze-e-condivisioni-di-integrazione-a-cremona-grazie-alla-living-library\/#primaryimage"},"thumbnailUrl":"https:\/\/www.pressenza.com\/wp-content\/uploads\/2018\/06\/Foto-Art.LCeccarini_3.jpg","keywords":["Anna Lodeserto","Cremona","giovani","integrazione","Living Library","stranieri","tradizione orale"],"articleSection":["contenuti originali","Educazione","Europa","Giovani","Internazionale","Non discriminazione"],"inLanguage":"it-IT"},{"@type":"WebPage","@id":"https:\/\/www.pressenza.com\/it\/2018\/06\/testimonianze-e-condivisioni-di-integrazione-a-cremona-grazie-alla-living-library\/","url":"https:\/\/www.pressenza.com\/it\/2018\/06\/testimonianze-e-condivisioni-di-integrazione-a-cremona-grazie-alla-living-library\/","name":"Testimonianze e condivisioni di integrazione a Cremona grazie alla Living Library","isPartOf":{"@id":"https:\/\/www.pressenza.com\/it\/#website"},"primaryImageOfPage":{"@id":"https:\/\/www.pressenza.com\/it\/2018\/06\/testimonianze-e-condivisioni-di-integrazione-a-cremona-grazie-alla-living-library\/#primaryimage"},"image":{"@id":"https:\/\/www.pressenza.com\/it\/2018\/06\/testimonianze-e-condivisioni-di-integrazione-a-cremona-grazie-alla-living-library\/#primaryimage"},"thumbnailUrl":"https:\/\/www.pressenza.com\/wp-content\/uploads\/2018\/06\/Foto-Art.LCeccarini_3.jpg","datePublished":"2018-06-26T08:17:16+00:00","description":"Sabato 23 giugno 2018 ha avuto luogo a Cremona una \u201cLiving Library\u201d come evento conclusivo parte della programmazione tenutosi durante la Settimana del","breadcrumb":{"@id":"https:\/\/www.pressenza.com\/it\/2018\/06\/testimonianze-e-condivisioni-di-integrazione-a-cremona-grazie-alla-living-library\/#breadcrumb"},"inLanguage":"it-IT","potentialAction":[{"@type":"ReadAction","target":["https:\/\/www.pressenza.com\/it\/2018\/06\/testimonianze-e-condivisioni-di-integrazione-a-cremona-grazie-alla-living-library\/"]}]},{"@type":"ImageObject","inLanguage":"it-IT","@id":"https:\/\/www.pressenza.com\/it\/2018\/06\/testimonianze-e-condivisioni-di-integrazione-a-cremona-grazie-alla-living-library\/#primaryimage","url":"https:\/\/www.pressenza.com\/wp-content\/uploads\/2018\/06\/Foto-Art.LCeccarini_3.jpg","contentUrl":"https:\/\/www.pressenza.com\/wp-content\/uploads\/2018\/06\/Foto-Art.LCeccarini_3.jpg","width":1000,"height":737},{"@type":"BreadcrumbList","@id":"https:\/\/www.pressenza.com\/it\/2018\/06\/testimonianze-e-condivisioni-di-integrazione-a-cremona-grazie-alla-living-library\/#breadcrumb","itemListElement":[{"@type":"ListItem","position":1,"name":"Accueil","item":"https:\/\/www.pressenza.com\/it\/"},{"@type":"ListItem","position":2,"name":"Testimonianze e condivisioni di integrazione a Cremona grazie alla Living Library"}]},{"@type":"WebSite","@id":"https:\/\/www.pressenza.com\/it\/#website","url":"https:\/\/www.pressenza.com\/it\/","name":"Pressenza","description":"Agenzia di Stampa Internazionale","publisher":{"@id":"https:\/\/www.pressenza.com\/it\/#organization"},"potentialAction":[{"@type":"SearchAction","target":{"@type":"EntryPoint","urlTemplate":"https:\/\/www.pressenza.com\/it\/?s={search_term_string}"},"query-input":{"@type":"PropertyValueSpecification","valueRequired":true,"valueName":"search_term_string"}}],"inLanguage":"it-IT"},{"@type":"Organization","@id":"https:\/\/www.pressenza.com\/it\/#organization","name":"Pressenza","url":"https:\/\/www.pressenza.com\/it\/","logo":{"@type":"ImageObject","inLanguage":"it-IT","@id":"https:\/\/www.pressenza.com\/it\/#\/schema\/logo\/image\/","url":"https:\/\/www.pressenza.com\/wp-content\/uploads\/2022\/10\/pressenza_logo_200x200.jpg","contentUrl":"https:\/\/www.pressenza.com\/wp-content\/uploads\/2022\/10\/pressenza_logo_200x200.jpg","width":200,"height":200,"caption":"Pressenza"},"image":{"@id":"https:\/\/www.pressenza.com\/it\/#\/schema\/logo\/image\/"},"sameAs":["https:\/\/www.facebook.com\/PressenzaItalia","https:\/\/x.com\/PressenzaIPA"]},{"@type":"Person","@id":"https:\/\/www.pressenza.com\/it\/#\/schema\/person\/f6229ac8fc1315fb54d625abcebf3fb9","name":"Leonardo Ceccarini","description":"Ginevra Ceccarini \u00e8 una giovane autrice transgender del viterbese, nata il 18 Settembre del 1995 ha scritto per vari quotidiani online e pubblicato vari libri. Dopo il servizio di volontariato europeo in Lettonia ha partecipato a svariati progetti europei, \u00e8 stata segretario della sezione di Viterbo della Giovent\u00f9 federalista europea ed amministratrice di un informal group of young people volto a scrivere progetti europei. \u00c8 nella lista degli europeers (ambasciatori della mobilit\u00e0 europea) sul sito ufficiale dell'Agenzia nazionale dei giovani. Attualmente si sta laureando in Psicologia e processi sociali presso la Sapienza ed \u00e8 scrittrice su varie piattaforme online.","url":"https:\/\/www.pressenza.com\/it\/author\/leonardo-ceccarini\/"}]}},"place":"Cremona","original_article_url":"","_links":{"self":[{"href":"https:\/\/www.pressenza.com\/it\/wp-json\/wp\/v2\/posts\/664077","targetHints":{"allow":["GET"]}}],"collection":[{"href":"https:\/\/www.pressenza.com\/it\/wp-json\/wp\/v2\/posts"}],"about":[{"href":"https:\/\/www.pressenza.com\/it\/wp-json\/wp\/v2\/types\/post"}],"author":[{"embeddable":true,"href":"https:\/\/www.pressenza.com\/it\/wp-json\/wp\/v2\/users\/1304"}],"replies":[{"embeddable":true,"href":"https:\/\/www.pressenza.com\/it\/wp-json\/wp\/v2\/comments?post=664077"}],"version-history":[{"count":0,"href":"https:\/\/www.pressenza.com\/it\/wp-json\/wp\/v2\/posts\/664077\/revisions"}],"wp:featuredmedia":[{"embeddable":true,"href":"https:\/\/www.pressenza.com\/it\/wp-json\/wp\/v2\/media\/664078"}],"wp:attachment":[{"href":"https:\/\/www.pressenza.com\/it\/wp-json\/wp\/v2\/media?parent=664077"}],"wp:term":[{"taxonomy":"category","embeddable":true,"href":"https:\/\/www.pressenza.com\/it\/wp-json\/wp\/v2\/categories?post=664077"},{"taxonomy":"post_tag","embeddable":true,"href":"https:\/\/www.pressenza.com\/it\/wp-json\/wp\/v2\/tags?post=664077"}],"curies":[{"name":"wp","href":"https:\/\/api.w.org\/{rel}","templated":true}]}}