{"id":658171,"date":"2018-06-14T21:38:57","date_gmt":"2018-06-14T20:38:57","guid":{"rendered":"https:\/\/www.pressenza.com\/?p=658171"},"modified":"2018-06-14T21:38:57","modified_gmt":"2018-06-14T20:38:57","slug":"testimonianza-dalla-nave-aquarius","status":"publish","type":"post","link":"https:\/\/www.pressenza.com\/it\/2018\/06\/testimonianza-dalla-nave-aquarius\/","title":{"rendered":"Testimonianza dalla nave Aquarius"},"content":{"rendered":"<p><em><i>R<\/i><\/em><em><i>iportiamo qui di seguito il racconto <\/i><\/em><em><i>di <\/i><\/em><em><i>Alessandro Porro, <\/i><\/em><em><i>un volontario del SAR team (Search and rescue, Ricerca e soccorso) <\/i><\/em><em><i>che si trova <\/i><\/em><em><i>a bordo della nave <\/i><\/em><em><i>Aquariues <\/i><\/em><em><i>di<\/i><\/em><em><i>\u00a0<\/i><\/em><a href=\"https:\/\/www.facebook.com\/sosmeditalia\/?fref=mentions\"><em><i>SOS MEDITERRANEE Italia<\/i><\/em><\/a><em><i>.<\/i><\/em><em><i><br \/>\n<\/i><\/em><\/p>\n<p>&#8216;L&#8217;Aquarius si trova di fronte al golfo di Orosei. Il mare \u00e8 calmo e il vento si \u00e8 abbassato. Molte persone sono sul ponte a guardare la Sardegna. Sullo sfondo c&#8217;\u00e8 chi dorme, chi lava la biancheria e chi gioca a dama su una scacchiera autocostruita. La situazione sembra pi\u00f9 calma degli ultimi giorni, anche se le persono che abbiamo soccorso\u00a0sono esauste. Molti continuano a chiedere &#8220;quando arriveremo?&#8221;. Sono in mare gi\u00e0 da 6 giorni. Uno sui gommoni e 5 sull&#8217;Aquarius. E prima, per mesi nei centri di detenzione in Libia. I mediatori culturali cercano di capire cosa hanno passato. Queste persone raccontano di rapimenti, stupri e torture. Uno di loro, 18 anni, ci ha raccontato della notte in cui lo abbiamo soccorso, sabato scorso.<\/p>\n<p>&#8220;Eravamo 135 sul gommone. Quando siamo partiti era completamente buio. Nessuno di noi aveva un salvagente. Loro volevano molti soldi da noi, nessuno ne aveva abbastanza. Abbiamo passato almeno 24 ore in mare prima di essere soccorsi da voi. Prima che arrivaste, il gommone era quasi pieno di acqua, io ero spaventato. Quando sono finito in acqua era freddo e sono rimasto completamente nudo. La gente attorno si aggrappava a qualunque cosa. Ho dovuto combattere per prendere un giubbotto di salvataggio quando li avete lanciati in acqua. Dopo un po&#8217; sono riuscito a prenderne uno. Poi mi avete tirato fuori dall&#8217;acqua e portato dal medico. Sono grato a ognuno su questa barca.&#8221;&#8216;<\/p>\n<p>&nbsp;<\/p>\n","protected":false},"excerpt":{"rendered":"<p>Riportiamo qui di seguito il racconto di Alessandro Porro, un volontario del SAR team (Search and rescue, Ricerca e soccorso) che si trova a bordo della nave Aquariues di\u00a0SOS MEDITERRANEE Italia. &#8216;L&#8217;Aquarius si trova di fronte al golfo di Orosei.&hellip;<\/p>\n","protected":false},"author":594,"featured_media":658173,"comment_status":"closed","ping_status":"closed","sticky":false,"template":"","format":"standard","meta":{"footnotes":""},"categories":[45,60,47],"tags":[370,1087,2636,46883],"class_list":["post-658171","post","type-post","status-publish","format-standard","has-post-thumbnail","hentry","category-africa-it","category-diritti-umani","category-europa","tag-italia","tag-libia","tag-migranti","tag-nave-aquarius"],"yoast_head":"<!-- This site is optimized with the Yoast SEO plugin v27.1.1 - https:\/\/yoast.com\/product\/yoast-seo-wordpress\/ -->\n<title>Testimonianza dalla nave Aquarius<\/title>\n<meta name=\"description\" content=\"Riportiamo qui di seguito il racconto di Alessandro Porro, un volontario del SAR team (Search and rescue, Ricerca e soccorso) che si trova a bordo della\" \/>\n<meta name=\"robots\" content=\"index, follow, max-snippet:-1, max-image-preview:large, max-video-preview:-1\" \/>\n<link rel=\"canonical\" href=\"https:\/\/www.pressenza.com\/it\/2018\/06\/testimonianza-dalla-nave-aquarius\/\" \/>\n<meta property=\"og:locale\" content=\"it_IT\" \/>\n<meta property=\"og:type\" content=\"article\" \/>\n<meta property=\"og:title\" content=\"Testimonianza dalla nave Aquarius\" \/>\n<meta property=\"og:description\" content=\"Riportiamo qui di seguito il racconto di Alessandro Porro, un volontario del SAR team (Search and rescue, Ricerca e soccorso) che si trova a bordo della\" \/>\n<meta property=\"og:url\" content=\"https:\/\/www.pressenza.com\/it\/2018\/06\/testimonianza-dalla-nave-aquarius\/\" \/>\n<meta property=\"og:site_name\" content=\"Pressenza\" \/>\n<meta property=\"article:publisher\" content=\"https:\/\/www.facebook.com\/PressenzaItalia\" \/>\n<meta property=\"article:author\" content=\"https:\/\/www.facebook.com\/PressenzaItalia\" \/>\n<meta property=\"article:published_time\" content=\"2018-06-14T20:38:57+00:00\" \/>\n<meta property=\"og:image\" content=\"https:\/\/www.pressenza.com\/wp-content\/uploads\/2018\/06\/Aquarius-1.jpg\" \/>\n\t<meta property=\"og:image:width\" content=\"2048\" \/>\n\t<meta property=\"og:image:height\" content=\"1365\" \/>\n\t<meta property=\"og:image:type\" content=\"image\/jpeg\" \/>\n<meta name=\"author\" content=\"Redazione Italia\" \/>\n<meta name=\"twitter:card\" content=\"summary_large_image\" \/>\n<meta name=\"twitter:creator\" content=\"@pressenza_it\" \/>\n<meta name=\"twitter:site\" content=\"@PressenzaIPA\" \/>\n<meta name=\"twitter:label1\" content=\"Scritto da\" \/>\n\t<meta name=\"twitter:data1\" content=\"Redazione Italia\" \/>\n\t<meta name=\"twitter:label2\" content=\"Tempo di lettura stimato\" \/>\n\t<meta name=\"twitter:data2\" content=\"1 minuto\" \/>\n<script type=\"application\/ld+json\" class=\"yoast-schema-graph\">{\"@context\":\"https:\/\/schema.org\",\"@graph\":[{\"@type\":\"Article\",\"@id\":\"https:\/\/www.pressenza.com\/it\/2018\/06\/testimonianza-dalla-nave-aquarius\/#article\",\"isPartOf\":{\"@id\":\"https:\/\/www.pressenza.com\/it\/2018\/06\/testimonianza-dalla-nave-aquarius\/\"},\"author\":{\"name\":\"Redazione Italia\",\"@id\":\"https:\/\/www.pressenza.com\/it\/#\/schema\/person\/d983e81827ae24f2c7b1a2123d197f8d\"},\"headline\":\"Testimonianza dalla nave Aquarius\",\"datePublished\":\"2018-06-14T20:38:57+00:00\",\"mainEntityOfPage\":{\"@id\":\"https:\/\/www.pressenza.com\/it\/2018\/06\/testimonianza-dalla-nave-aquarius\/\"},\"wordCount\":272,\"publisher\":{\"@id\":\"https:\/\/www.pressenza.com\/it\/#organization\"},\"image\":{\"@id\":\"https:\/\/www.pressenza.com\/it\/2018\/06\/testimonianza-dalla-nave-aquarius\/#primaryimage\"},\"thumbnailUrl\":\"https:\/\/www.pressenza.com\/wp-content\/uploads\/2018\/06\/Aquarius-1.jpg\",\"keywords\":[\"Italia\",\"Libia\",\"migranti\",\"nave Aquarius\"],\"articleSection\":[\"Africa\",\"Diritti Umani\",\"Europa\"],\"inLanguage\":\"it-IT\"},{\"@type\":\"WebPage\",\"@id\":\"https:\/\/www.pressenza.com\/it\/2018\/06\/testimonianza-dalla-nave-aquarius\/\",\"url\":\"https:\/\/www.pressenza.com\/it\/2018\/06\/testimonianza-dalla-nave-aquarius\/\",\"name\":\"Testimonianza dalla nave Aquarius\",\"isPartOf\":{\"@id\":\"https:\/\/www.pressenza.com\/it\/#website\"},\"primaryImageOfPage\":{\"@id\":\"https:\/\/www.pressenza.com\/it\/2018\/06\/testimonianza-dalla-nave-aquarius\/#primaryimage\"},\"image\":{\"@id\":\"https:\/\/www.pressenza.com\/it\/2018\/06\/testimonianza-dalla-nave-aquarius\/#primaryimage\"},\"thumbnailUrl\":\"https:\/\/www.pressenza.com\/wp-content\/uploads\/2018\/06\/Aquarius-1.jpg\",\"datePublished\":\"2018-06-14T20:38:57+00:00\",\"description\":\"Riportiamo qui di seguito il racconto di Alessandro Porro, un volontario del SAR team (Search and rescue, Ricerca e soccorso) che si trova a bordo della\",\"breadcrumb\":{\"@id\":\"https:\/\/www.pressenza.com\/it\/2018\/06\/testimonianza-dalla-nave-aquarius\/#breadcrumb\"},\"inLanguage\":\"it-IT\",\"potentialAction\":[{\"@type\":\"ReadAction\",\"target\":[\"https:\/\/www.pressenza.com\/it\/2018\/06\/testimonianza-dalla-nave-aquarius\/\"]}]},{\"@type\":\"ImageObject\",\"inLanguage\":\"it-IT\",\"@id\":\"https:\/\/www.pressenza.com\/it\/2018\/06\/testimonianza-dalla-nave-aquarius\/#primaryimage\",\"url\":\"https:\/\/www.pressenza.com\/wp-content\/uploads\/2018\/06\/Aquarius-1.jpg\",\"contentUrl\":\"https:\/\/www.pressenza.com\/wp-content\/uploads\/2018\/06\/Aquarius-1.jpg\",\"width\":2048,\"height\":1365},{\"@type\":\"BreadcrumbList\",\"@id\":\"https:\/\/www.pressenza.com\/it\/2018\/06\/testimonianza-dalla-nave-aquarius\/#breadcrumb\",\"itemListElement\":[{\"@type\":\"ListItem\",\"position\":1,\"name\":\"Accueil\",\"item\":\"https:\/\/www.pressenza.com\/it\/\"},{\"@type\":\"ListItem\",\"position\":2,\"name\":\"Testimonianza dalla nave Aquarius\"}]},{\"@type\":\"WebSite\",\"@id\":\"https:\/\/www.pressenza.com\/it\/#website\",\"url\":\"https:\/\/www.pressenza.com\/it\/\",\"name\":\"Pressenza\",\"description\":\"Agenzia di Stampa Internazionale\",\"publisher\":{\"@id\":\"https:\/\/www.pressenza.com\/it\/#organization\"},\"potentialAction\":[{\"@type\":\"SearchAction\",\"target\":{\"@type\":\"EntryPoint\",\"urlTemplate\":\"https:\/\/www.pressenza.com\/it\/?s={search_term_string}\"},\"query-input\":{\"@type\":\"PropertyValueSpecification\",\"valueRequired\":true,\"valueName\":\"search_term_string\"}}],\"inLanguage\":\"it-IT\"},{\"@type\":\"Organization\",\"@id\":\"https:\/\/www.pressenza.com\/it\/#organization\",\"name\":\"Pressenza\",\"url\":\"https:\/\/www.pressenza.com\/it\/\",\"logo\":{\"@type\":\"ImageObject\",\"inLanguage\":\"it-IT\",\"@id\":\"https:\/\/www.pressenza.com\/it\/#\/schema\/logo\/image\/\",\"url\":\"https:\/\/www.pressenza.com\/wp-content\/uploads\/2022\/10\/pressenza_logo_200x200.jpg\",\"contentUrl\":\"https:\/\/www.pressenza.com\/wp-content\/uploads\/2022\/10\/pressenza_logo_200x200.jpg\",\"width\":200,\"height\":200,\"caption\":\"Pressenza\"},\"image\":{\"@id\":\"https:\/\/www.pressenza.com\/it\/#\/schema\/logo\/image\/\"},\"sameAs\":[\"https:\/\/www.facebook.com\/PressenzaItalia\",\"https:\/\/x.com\/PressenzaIPA\"]},{\"@type\":\"Person\",\"@id\":\"https:\/\/www.pressenza.com\/it\/#\/schema\/person\/d983e81827ae24f2c7b1a2123d197f8d\",\"name\":\"Redazione Italia\",\"description\":\"News from the Pressenza Bureau in Italy\",\"sameAs\":[\"https:\/\/www.pressenza.com\/it\/author\/redazione-italia\/\",\"https:\/\/www.facebook.com\/PressenzaItalia\",\"https:\/\/www.instagram.com\/pressenza_italia\/\",\"https:\/\/x.com\/pressenza_it\",\"https:\/\/www.youtube.com\/channel\/UCSalEIWjE1RSxkwjfftFuqg\"],\"url\":\"https:\/\/www.pressenza.com\/it\/author\/redazione-italia\/\"}]}<\/script>\n<!-- \/ Yoast SEO plugin. -->","yoast_head_json":{"title":"Testimonianza dalla nave Aquarius","description":"Riportiamo qui di seguito il racconto di Alessandro Porro, un volontario del SAR team (Search and rescue, Ricerca e soccorso) che si trova a bordo della","robots":{"index":"index","follow":"follow","max-snippet":"max-snippet:-1","max-image-preview":"max-image-preview:large","max-video-preview":"max-video-preview:-1"},"canonical":"https:\/\/www.pressenza.com\/it\/2018\/06\/testimonianza-dalla-nave-aquarius\/","og_locale":"it_IT","og_type":"article","og_title":"Testimonianza dalla nave Aquarius","og_description":"Riportiamo qui di seguito il racconto di Alessandro Porro, un volontario del SAR team (Search and rescue, Ricerca e soccorso) che si trova a bordo della","og_url":"https:\/\/www.pressenza.com\/it\/2018\/06\/testimonianza-dalla-nave-aquarius\/","og_site_name":"Pressenza","article_publisher":"https:\/\/www.facebook.com\/PressenzaItalia","article_author":"https:\/\/www.facebook.com\/PressenzaItalia","article_published_time":"2018-06-14T20:38:57+00:00","og_image":[{"width":2048,"height":1365,"url":"https:\/\/www.pressenza.com\/wp-content\/uploads\/2018\/06\/Aquarius-1.jpg","type":"image\/jpeg"}],"author":"Redazione Italia","twitter_card":"summary_large_image","twitter_creator":"@pressenza_it","twitter_site":"@PressenzaIPA","twitter_misc":{"Scritto da":"Redazione Italia","Tempo di lettura stimato":"1 minuto"},"schema":{"@context":"https:\/\/schema.org","@graph":[{"@type":"Article","@id":"https:\/\/www.pressenza.com\/it\/2018\/06\/testimonianza-dalla-nave-aquarius\/#article","isPartOf":{"@id":"https:\/\/www.pressenza.com\/it\/2018\/06\/testimonianza-dalla-nave-aquarius\/"},"author":{"name":"Redazione Italia","@id":"https:\/\/www.pressenza.com\/it\/#\/schema\/person\/d983e81827ae24f2c7b1a2123d197f8d"},"headline":"Testimonianza dalla nave Aquarius","datePublished":"2018-06-14T20:38:57+00:00","mainEntityOfPage":{"@id":"https:\/\/www.pressenza.com\/it\/2018\/06\/testimonianza-dalla-nave-aquarius\/"},"wordCount":272,"publisher":{"@id":"https:\/\/www.pressenza.com\/it\/#organization"},"image":{"@id":"https:\/\/www.pressenza.com\/it\/2018\/06\/testimonianza-dalla-nave-aquarius\/#primaryimage"},"thumbnailUrl":"https:\/\/www.pressenza.com\/wp-content\/uploads\/2018\/06\/Aquarius-1.jpg","keywords":["Italia","Libia","migranti","nave Aquarius"],"articleSection":["Africa","Diritti Umani","Europa"],"inLanguage":"it-IT"},{"@type":"WebPage","@id":"https:\/\/www.pressenza.com\/it\/2018\/06\/testimonianza-dalla-nave-aquarius\/","url":"https:\/\/www.pressenza.com\/it\/2018\/06\/testimonianza-dalla-nave-aquarius\/","name":"Testimonianza dalla nave Aquarius","isPartOf":{"@id":"https:\/\/www.pressenza.com\/it\/#website"},"primaryImageOfPage":{"@id":"https:\/\/www.pressenza.com\/it\/2018\/06\/testimonianza-dalla-nave-aquarius\/#primaryimage"},"image":{"@id":"https:\/\/www.pressenza.com\/it\/2018\/06\/testimonianza-dalla-nave-aquarius\/#primaryimage"},"thumbnailUrl":"https:\/\/www.pressenza.com\/wp-content\/uploads\/2018\/06\/Aquarius-1.jpg","datePublished":"2018-06-14T20:38:57+00:00","description":"Riportiamo qui di seguito il racconto di Alessandro Porro, un volontario del SAR team (Search and rescue, Ricerca e soccorso) che si trova a bordo della","breadcrumb":{"@id":"https:\/\/www.pressenza.com\/it\/2018\/06\/testimonianza-dalla-nave-aquarius\/#breadcrumb"},"inLanguage":"it-IT","potentialAction":[{"@type":"ReadAction","target":["https:\/\/www.pressenza.com\/it\/2018\/06\/testimonianza-dalla-nave-aquarius\/"]}]},{"@type":"ImageObject","inLanguage":"it-IT","@id":"https:\/\/www.pressenza.com\/it\/2018\/06\/testimonianza-dalla-nave-aquarius\/#primaryimage","url":"https:\/\/www.pressenza.com\/wp-content\/uploads\/2018\/06\/Aquarius-1.jpg","contentUrl":"https:\/\/www.pressenza.com\/wp-content\/uploads\/2018\/06\/Aquarius-1.jpg","width":2048,"height":1365},{"@type":"BreadcrumbList","@id":"https:\/\/www.pressenza.com\/it\/2018\/06\/testimonianza-dalla-nave-aquarius\/#breadcrumb","itemListElement":[{"@type":"ListItem","position":1,"name":"Accueil","item":"https:\/\/www.pressenza.com\/it\/"},{"@type":"ListItem","position":2,"name":"Testimonianza dalla nave Aquarius"}]},{"@type":"WebSite","@id":"https:\/\/www.pressenza.com\/it\/#website","url":"https:\/\/www.pressenza.com\/it\/","name":"Pressenza","description":"Agenzia di Stampa Internazionale","publisher":{"@id":"https:\/\/www.pressenza.com\/it\/#organization"},"potentialAction":[{"@type":"SearchAction","target":{"@type":"EntryPoint","urlTemplate":"https:\/\/www.pressenza.com\/it\/?s={search_term_string}"},"query-input":{"@type":"PropertyValueSpecification","valueRequired":true,"valueName":"search_term_string"}}],"inLanguage":"it-IT"},{"@type":"Organization","@id":"https:\/\/www.pressenza.com\/it\/#organization","name":"Pressenza","url":"https:\/\/www.pressenza.com\/it\/","logo":{"@type":"ImageObject","inLanguage":"it-IT","@id":"https:\/\/www.pressenza.com\/it\/#\/schema\/logo\/image\/","url":"https:\/\/www.pressenza.com\/wp-content\/uploads\/2022\/10\/pressenza_logo_200x200.jpg","contentUrl":"https:\/\/www.pressenza.com\/wp-content\/uploads\/2022\/10\/pressenza_logo_200x200.jpg","width":200,"height":200,"caption":"Pressenza"},"image":{"@id":"https:\/\/www.pressenza.com\/it\/#\/schema\/logo\/image\/"},"sameAs":["https:\/\/www.facebook.com\/PressenzaItalia","https:\/\/x.com\/PressenzaIPA"]},{"@type":"Person","@id":"https:\/\/www.pressenza.com\/it\/#\/schema\/person\/d983e81827ae24f2c7b1a2123d197f8d","name":"Redazione Italia","description":"News from the Pressenza Bureau in Italy","sameAs":["https:\/\/www.pressenza.com\/it\/author\/redazione-italia\/","https:\/\/www.facebook.com\/PressenzaItalia","https:\/\/www.instagram.com\/pressenza_italia\/","https:\/\/x.com\/pressenza_it","https:\/\/www.youtube.com\/channel\/UCSalEIWjE1RSxkwjfftFuqg"],"url":"https:\/\/www.pressenza.com\/it\/author\/redazione-italia\/"}]}},"place":"","original_article_url":"","_links":{"self":[{"href":"https:\/\/www.pressenza.com\/it\/wp-json\/wp\/v2\/posts\/658171","targetHints":{"allow":["GET"]}}],"collection":[{"href":"https:\/\/www.pressenza.com\/it\/wp-json\/wp\/v2\/posts"}],"about":[{"href":"https:\/\/www.pressenza.com\/it\/wp-json\/wp\/v2\/types\/post"}],"author":[{"embeddable":true,"href":"https:\/\/www.pressenza.com\/it\/wp-json\/wp\/v2\/users\/594"}],"replies":[{"embeddable":true,"href":"https:\/\/www.pressenza.com\/it\/wp-json\/wp\/v2\/comments?post=658171"}],"version-history":[{"count":0,"href":"https:\/\/www.pressenza.com\/it\/wp-json\/wp\/v2\/posts\/658171\/revisions"}],"wp:featuredmedia":[{"embeddable":true,"href":"https:\/\/www.pressenza.com\/it\/wp-json\/wp\/v2\/media\/658173"}],"wp:attachment":[{"href":"https:\/\/www.pressenza.com\/it\/wp-json\/wp\/v2\/media?parent=658171"}],"wp:term":[{"taxonomy":"category","embeddable":true,"href":"https:\/\/www.pressenza.com\/it\/wp-json\/wp\/v2\/categories?post=658171"},{"taxonomy":"post_tag","embeddable":true,"href":"https:\/\/www.pressenza.com\/it\/wp-json\/wp\/v2\/tags?post=658171"}],"curies":[{"name":"wp","href":"https:\/\/api.w.org\/{rel}","templated":true}]}}