{"id":656260,"date":"2018-06-11T21:20:05","date_gmt":"2018-06-11T20:20:05","guid":{"rendered":"https:\/\/www.pressenza.com\/?p=656260"},"modified":"2018-06-11T21:20:05","modified_gmt":"2018-06-11T20:20:05","slug":"asgi-comportamento-del-governo-italiano-nella-vicenda-aquarius-gravissimo","status":"publish","type":"post","link":"https:\/\/www.pressenza.com\/it\/2018\/06\/asgi-comportamento-del-governo-italiano-nella-vicenda-aquarius-gravissimo\/","title":{"rendered":"Asgi: il comportamento del governo italiano nella vicenda Aquarius \u00e8 stato gravissimo"},"content":{"rendered":"<p>La scelta di solidariet\u00e0\u00a0 fatta dal governo spagnolo di fornire assistenza materiale e giuridica ai naufraghi salvati dalla nave Aquarius con conseguente conclusione positiva di questa drammatica vicenda non deve oscurare la gravi responsabilit\u00e0 del governo italiano nella conduzione complessiva di tutte le operazioni.<\/p>\n<p>Va infatti ricordato che le operazioni di soccorso sono partite su impulso di un SOS diramato dall\u2019MRCC (Comando generale del Corpo della Capitanerie di Porto) di Roma e che pertanto, in base al diritto internazionale e in particolare:<\/p>\n<p>&#8211; la Convenzione sulla salvaguardia della vita umana in mare (Convenzione SOLAS, firmata a Londra nel 1974 e ratificata dall\u2019Italia con L. 313\/1980);<br \/>\n&#8211; la Convenzione internazionale sulla ricerca ed il soccorso in mare (Convenzione SAR, firmata ad Amburgo nel 1979 e ratificata dall\u2019Italia con L. 147\/1989, da cui il Regolamento di attuazione D.P.R. 662\/1994;<br \/>\n&#8211; la Convenzione delle Nazioni Unite sul diritto del mare (Convenzione CNUDM o UNCLOS, adottata a Montegobay nel 1982 e ratificata dall\u2019Italia con L. 689\/1994)<\/p>\n<p>L\u2019Italia risultava essere il Paese giuridicamente responsabile del coordinamento dei soccorsi ed \u00e8 dunque lo Stato che doveva esercitare, \u00abconformemente al diritto internazionale\u00bb, le funzioni esecutive che tale coordinamento comporta (v. mutatis mutandis, Al-Skeini c. Regno Unito e Jaloud c. Paesi Bassi).<\/p>\n<p>Fino al momento nel quale la Spagna non ha annunciato il suo intervento per ragioni umanitarie il centro di coordinamento dei soccorso italiano, competente e responsabile degli stessi, ha continuato a non indicare alcuna destinazione alla nave Aquarius, rendendosi completamente inadempiente verso precisi obblighi indicati dal diritto internazionale ed interno e ponendo a rischio la vita di centinaia di persone.<\/p>\n<p>La situazione di pericolo e di estrema difficolt\u00e0, in cui si trovavano i migranti oltre ai membri dell\u2019equipaggio integrava senza dubbio una situazione di pericolo che non legittimava alcuna limitazione all&#8217;approdo in un porto italiano. Nel caso di specie doveva infatti trovare applicazione l\u2019art. 18, par. 2 della Convenzione SOLAS, la quale prevede che lo Stato costiero non pu\u00f2 invocare una violazione del diritto di passaggio inoffensivo n\u00e9 obbligare la nave straniera a riprendere il largo. Conseguentemente, lo Stato costiero, nel cui mare territoriale, o nelle vicinanze del quale, si trovi una nave in una situazione di pericolo \u00e8, infatti, il titolare primario dell\u2019obbligo di portare soccorso ed \u00e8 responsabile della conclusione del salvataggio. La nave che si trova quindi in una situazione di pericolo implicante una minaccia per la vita delle persone a bordo, qualsiasi sia lo status di questi passeggeri, gode di un \u201cdiritto\u201d di accesso al porto.<\/p>\n<p>Il diniego di accesso ai porti italiani a imbarcazioni che abbiano effettuato il soccorso in mare comporta la violazione degli articoli 2 e 3 della Convenzione Europea dei Diritti dell\u2019Uomo. \u00a0Le persone soccorse vertevano infatti in evidente necessit\u00e0 di cure mediche urgenti, nonch\u00e9 di generi di prima necessit\u00e0 (acqua, cibo, medicinali), e tali bisogni non potevano esser soddisfatti in alto mare. \u00a0Le condizioni alle quali gli stessi sono stati sottoposti determinano l\u2019esposizione di uomini, donne e bambini ad un reale trattamento disumano e degradante ( in violazione dell\u2019art. 3 cedu) e ad un serio rischio per la loro vita ( in violazione dell\u2019 art. 2 cedu).<\/p>\n<p>Sulla nave Aquarius vi erano richiedenti asilo e rifugiati, pertanto la scelta del governo italiano di negare un porto sicuro a queste persone, poich\u00e9 le operazioni di soccorso erano state gestite dalle autorit\u00e0 italiane, avrebbe potuto comportare per lo Stato Italiano la violazione del principio di non refoulement, ai sensi dell\u2019art 33 della Convenzione di Ginevra sullo Status dei Rifugiati del 1951, se non si fosse trovato un porto sicuro. Il principio di non refoulement \u00e8 un principio di diritto internazionale generale, di natura consuetudinaria ed \u00e8 quindi applicabile a tutti gli Stati, \u00a0\u00a0esso stabilisce il divieto di respingimento verso qualsiasi luogo in cui una persona potrebbe trovarsi esposta al rischio di persecuzione e\/o di \u00a0condizione ascrivibile a trattamento disumano e degradante, trattamento nel quale, si sono trovati a vivere coloro che erano da giorni in alto mare in assenza di approdo in porto sicuro.<\/p>\n<p>Sotto il\u00a0 profilo del diritto penale, l\u2019obbligo di prestare soccorso configura una precisa prescrizione giuridica, la quale non pu\u00f2 essere disattesa. Si ritiene che la condotta tenuta dall\u2019MRCC di Roma sia stata suscettibile da integrare almeno la fattispecie dell\u2019omissione di soccorso ai sensi dell\u2019art. 593 c.p. A ci\u00f2 si aggiunga che se dal ritardo dell&#8217;ingresso fossero derivate morte o lesioni integrerebbero fattispecie penali autonome, quali omicidio o lesioni, che sarebbero imputabili a tutta la catena di comando in ragione dell&#8217;evidente dovere giuridico di salvaguardia della vita che incombe sul paese che coordina i soccorsi<\/p>\n<p>Il \u00a0&#8220;braccio di ferro&#8221; \u00a0diplomatico attuato parte del Governo italiano con le Autorit\u00e0 di Malta e con la UE ha messo a rischio la vita di centinaia di persone ed il rispetto di basilari diritti della persona e ci\u00f2 costituisce un precedente gravissimo nella storia europea.<\/p>\n<p>Il governo italiano aveva tutti gli strumenti legali e politici per far valere nella fase di discussione e votazione del Regolamento Dublino IV le argomentazioni che ha portato invece sul piano mediatico e dell\u2019uso della forza contro persone in stato di necessit\u00e0, dimostrando l\u2019esplicita volont\u00e0 di non proporre politiche costruttive con un ruolo centrale nel dibattito europeo, ma di imporre il solo uso della forza. Sarebbe stato possibile recandosi a Bruxelles per il Ministro degli Interni in carica per discutere sulla necessit\u00e0 di ripartizione equa dei rifugiati fra tutti gli Stati europei, facendo valere in modo democratico e legale, presso tale sede, gli interessi dello Stato italiano senza incorrere nelle violazioni dei diritti umani fondamentali e delle norme cogenti.<\/p>\n<p>ASGI ha il fondato timore che situazioni analoghe possano ripetersi gi\u00e0 dalle prossime ore fa appello a tutte le istituzioni e al Parlamento affinch\u00e9 il nostro paese non si renda pi\u00f9 responsabile degli indecorosi eventi che si sono consumati negli ultimi giorni e che il diritto internazionale e quello interno in materia di soccorsi in mare venga scrupolosamente rispettato.<\/p>\n<p>&nbsp;<\/p>\n","protected":false},"excerpt":{"rendered":"<p>La scelta di solidariet\u00e0\u00a0 fatta dal governo spagnolo di fornire assistenza materiale e giuridica ai naufraghi salvati dalla nave Aquarius con conseguente conclusione positiva di questa drammatica vicenda non deve oscurare la gravi responsabilit\u00e0 del governo italiano nella conduzione complessiva&hellip;<\/p>\n","protected":false},"author":1399,"featured_media":656262,"comment_status":"closed","ping_status":"closed","sticky":false,"template":"","format":"standard","meta":{"footnotes":""},"categories":[150,60,47],"tags":[42065,11134,2636],"class_list":["post-656260","post","type-post","status-publish","format-standard","has-post-thumbnail","hentry","category-comunicati-stampa","category-diritti-umani","category-europa","tag-aquarius","tag-governo-italiano","tag-migranti"],"yoast_head":"<!-- This site is optimized with the Yoast SEO plugin v27.1.1 - https:\/\/yoast.com\/product\/yoast-seo-wordpress\/ -->\n<title>Asgi: il comportamento del governo italiano nella vicenda Aquarius \u00e8 stato gravissimo<\/title>\n<meta name=\"description\" content=\"La scelta di solidariet\u00e0\u00a0 fatta dal governo spagnolo di fornire assistenza materiale e giuridica ai naufraghi salvati dalla nave Aquarius con conseguente\" \/>\n<meta name=\"robots\" content=\"index, follow, max-snippet:-1, max-image-preview:large, max-video-preview:-1\" \/>\n<link rel=\"canonical\" href=\"https:\/\/www.pressenza.com\/it\/2018\/06\/asgi-comportamento-del-governo-italiano-nella-vicenda-aquarius-gravissimo\/\" \/>\n<meta property=\"og:locale\" content=\"it_IT\" \/>\n<meta property=\"og:type\" content=\"article\" \/>\n<meta property=\"og:title\" content=\"Asgi: il comportamento del governo italiano nella vicenda Aquarius \u00e8 stato gravissimo\" \/>\n<meta property=\"og:description\" content=\"La scelta di solidariet\u00e0\u00a0 fatta dal governo spagnolo di fornire assistenza materiale e giuridica ai naufraghi salvati dalla nave Aquarius con conseguente\" \/>\n<meta property=\"og:url\" content=\"https:\/\/www.pressenza.com\/it\/2018\/06\/asgi-comportamento-del-governo-italiano-nella-vicenda-aquarius-gravissimo\/\" \/>\n<meta property=\"og:site_name\" content=\"Pressenza\" \/>\n<meta property=\"article:publisher\" content=\"https:\/\/www.facebook.com\/PressenzaItalia\" \/>\n<meta property=\"article:published_time\" content=\"2018-06-11T20:20:05+00:00\" \/>\n<meta property=\"og:image\" content=\"https:\/\/www.pressenza.com\/wp-content\/uploads\/2018\/06\/salvataggio-notturno-MSF.jpg\" \/>\n\t<meta property=\"og:image:width\" content=\"2048\" \/>\n\t<meta property=\"og:image:height\" content=\"1365\" \/>\n\t<meta property=\"og:image:type\" content=\"image\/jpeg\" \/>\n<meta name=\"author\" content=\"ASGI Associazione per gli studi giuridici sull\u2019immigrazione\" \/>\n<meta name=\"twitter:card\" content=\"summary_large_image\" \/>\n<meta name=\"twitter:creator\" content=\"@asgi_it\" \/>\n<meta name=\"twitter:site\" content=\"@PressenzaIPA\" \/>\n<meta name=\"twitter:label1\" content=\"Scritto da\" \/>\n\t<meta name=\"twitter:data1\" content=\"ASGI Associazione per gli studi giuridici sull\u2019immigrazione\" \/>\n\t<meta name=\"twitter:label2\" content=\"Tempo di lettura stimato\" \/>\n\t<meta name=\"twitter:data2\" content=\"5 minuti\" \/>\n<script type=\"application\/ld+json\" class=\"yoast-schema-graph\">{\"@context\":\"https:\/\/schema.org\",\"@graph\":[{\"@type\":\"Article\",\"@id\":\"https:\/\/www.pressenza.com\/it\/2018\/06\/asgi-comportamento-del-governo-italiano-nella-vicenda-aquarius-gravissimo\/#article\",\"isPartOf\":{\"@id\":\"https:\/\/www.pressenza.com\/it\/2018\/06\/asgi-comportamento-del-governo-italiano-nella-vicenda-aquarius-gravissimo\/\"},\"author\":{\"name\":\"ASGI Associazione per gli studi giuridici sull\u2019immigrazione\",\"@id\":\"https:\/\/www.pressenza.com\/it\/#\/schema\/person\/b7b0caf788af126e7c3da8fee8954a1c\"},\"headline\":\"Asgi: il comportamento del governo italiano nella vicenda Aquarius \u00e8 stato gravissimo\",\"datePublished\":\"2018-06-11T20:20:05+00:00\",\"mainEntityOfPage\":{\"@id\":\"https:\/\/www.pressenza.com\/it\/2018\/06\/asgi-comportamento-del-governo-italiano-nella-vicenda-aquarius-gravissimo\/\"},\"wordCount\":997,\"publisher\":{\"@id\":\"https:\/\/www.pressenza.com\/it\/#organization\"},\"image\":{\"@id\":\"https:\/\/www.pressenza.com\/it\/2018\/06\/asgi-comportamento-del-governo-italiano-nella-vicenda-aquarius-gravissimo\/#primaryimage\"},\"thumbnailUrl\":\"https:\/\/www.pressenza.com\/wp-content\/uploads\/2018\/06\/salvataggio-notturno-MSF.jpg\",\"keywords\":[\"Aquarius\",\"governo italiano\",\"migranti\"],\"articleSection\":[\"Comunicati Stampa\",\"Diritti Umani\",\"Europa\"],\"inLanguage\":\"it-IT\"},{\"@type\":\"WebPage\",\"@id\":\"https:\/\/www.pressenza.com\/it\/2018\/06\/asgi-comportamento-del-governo-italiano-nella-vicenda-aquarius-gravissimo\/\",\"url\":\"https:\/\/www.pressenza.com\/it\/2018\/06\/asgi-comportamento-del-governo-italiano-nella-vicenda-aquarius-gravissimo\/\",\"name\":\"Asgi: il comportamento del governo italiano nella vicenda Aquarius \u00e8 stato gravissimo\",\"isPartOf\":{\"@id\":\"https:\/\/www.pressenza.com\/it\/#website\"},\"primaryImageOfPage\":{\"@id\":\"https:\/\/www.pressenza.com\/it\/2018\/06\/asgi-comportamento-del-governo-italiano-nella-vicenda-aquarius-gravissimo\/#primaryimage\"},\"image\":{\"@id\":\"https:\/\/www.pressenza.com\/it\/2018\/06\/asgi-comportamento-del-governo-italiano-nella-vicenda-aquarius-gravissimo\/#primaryimage\"},\"thumbnailUrl\":\"https:\/\/www.pressenza.com\/wp-content\/uploads\/2018\/06\/salvataggio-notturno-MSF.jpg\",\"datePublished\":\"2018-06-11T20:20:05+00:00\",\"description\":\"La scelta di solidariet\u00e0\u00a0 fatta dal governo spagnolo di fornire assistenza materiale e giuridica ai naufraghi salvati dalla nave Aquarius con conseguente\",\"breadcrumb\":{\"@id\":\"https:\/\/www.pressenza.com\/it\/2018\/06\/asgi-comportamento-del-governo-italiano-nella-vicenda-aquarius-gravissimo\/#breadcrumb\"},\"inLanguage\":\"it-IT\",\"potentialAction\":[{\"@type\":\"ReadAction\",\"target\":[\"https:\/\/www.pressenza.com\/it\/2018\/06\/asgi-comportamento-del-governo-italiano-nella-vicenda-aquarius-gravissimo\/\"]}]},{\"@type\":\"ImageObject\",\"inLanguage\":\"it-IT\",\"@id\":\"https:\/\/www.pressenza.com\/it\/2018\/06\/asgi-comportamento-del-governo-italiano-nella-vicenda-aquarius-gravissimo\/#primaryimage\",\"url\":\"https:\/\/www.pressenza.com\/wp-content\/uploads\/2018\/06\/salvataggio-notturno-MSF.jpg\",\"contentUrl\":\"https:\/\/www.pressenza.com\/wp-content\/uploads\/2018\/06\/salvataggio-notturno-MSF.jpg\",\"width\":2048,\"height\":1365},{\"@type\":\"BreadcrumbList\",\"@id\":\"https:\/\/www.pressenza.com\/it\/2018\/06\/asgi-comportamento-del-governo-italiano-nella-vicenda-aquarius-gravissimo\/#breadcrumb\",\"itemListElement\":[{\"@type\":\"ListItem\",\"position\":1,\"name\":\"Accueil\",\"item\":\"https:\/\/www.pressenza.com\/it\/\"},{\"@type\":\"ListItem\",\"position\":2,\"name\":\"Asgi: il comportamento del governo italiano nella vicenda Aquarius \u00e8 stato gravissimo\"}]},{\"@type\":\"WebSite\",\"@id\":\"https:\/\/www.pressenza.com\/it\/#website\",\"url\":\"https:\/\/www.pressenza.com\/it\/\",\"name\":\"Pressenza\",\"description\":\"Agenzia di Stampa Internazionale\",\"publisher\":{\"@id\":\"https:\/\/www.pressenza.com\/it\/#organization\"},\"potentialAction\":[{\"@type\":\"SearchAction\",\"target\":{\"@type\":\"EntryPoint\",\"urlTemplate\":\"https:\/\/www.pressenza.com\/it\/?s={search_term_string}\"},\"query-input\":{\"@type\":\"PropertyValueSpecification\",\"valueRequired\":true,\"valueName\":\"search_term_string\"}}],\"inLanguage\":\"it-IT\"},{\"@type\":\"Organization\",\"@id\":\"https:\/\/www.pressenza.com\/it\/#organization\",\"name\":\"Pressenza\",\"url\":\"https:\/\/www.pressenza.com\/it\/\",\"logo\":{\"@type\":\"ImageObject\",\"inLanguage\":\"it-IT\",\"@id\":\"https:\/\/www.pressenza.com\/it\/#\/schema\/logo\/image\/\",\"url\":\"https:\/\/www.pressenza.com\/wp-content\/uploads\/2022\/10\/pressenza_logo_200x200.jpg\",\"contentUrl\":\"https:\/\/www.pressenza.com\/wp-content\/uploads\/2022\/10\/pressenza_logo_200x200.jpg\",\"width\":200,\"height\":200,\"caption\":\"Pressenza\"},\"image\":{\"@id\":\"https:\/\/www.pressenza.com\/it\/#\/schema\/logo\/image\/\"},\"sameAs\":[\"https:\/\/www.facebook.com\/PressenzaItalia\",\"https:\/\/x.com\/PressenzaIPA\"]},{\"@type\":\"Person\",\"@id\":\"https:\/\/www.pressenza.com\/it\/#\/schema\/person\/b7b0caf788af126e7c3da8fee8954a1c\",\"name\":\"ASGI Associazione per gli studi giuridici sull\u2019immigrazione\",\"description\":\"http:\/\/www.asgi.it\/\",\"sameAs\":[\"http:\/\/www.asgi.it\/\",\"https:\/\/x.com\/asgi_it\"],\"url\":\"https:\/\/www.pressenza.com\/it\/author\/asgi\/\"}]}<\/script>\n<!-- \/ Yoast SEO plugin. -->","yoast_head_json":{"title":"Asgi: il comportamento del governo italiano nella vicenda Aquarius \u00e8 stato gravissimo","description":"La scelta di solidariet\u00e0\u00a0 fatta dal governo spagnolo di fornire assistenza materiale e giuridica ai naufraghi salvati dalla nave Aquarius con conseguente","robots":{"index":"index","follow":"follow","max-snippet":"max-snippet:-1","max-image-preview":"max-image-preview:large","max-video-preview":"max-video-preview:-1"},"canonical":"https:\/\/www.pressenza.com\/it\/2018\/06\/asgi-comportamento-del-governo-italiano-nella-vicenda-aquarius-gravissimo\/","og_locale":"it_IT","og_type":"article","og_title":"Asgi: il comportamento del governo italiano nella vicenda Aquarius \u00e8 stato gravissimo","og_description":"La scelta di solidariet\u00e0\u00a0 fatta dal governo spagnolo di fornire assistenza materiale e giuridica ai naufraghi salvati dalla nave Aquarius con conseguente","og_url":"https:\/\/www.pressenza.com\/it\/2018\/06\/asgi-comportamento-del-governo-italiano-nella-vicenda-aquarius-gravissimo\/","og_site_name":"Pressenza","article_publisher":"https:\/\/www.facebook.com\/PressenzaItalia","article_published_time":"2018-06-11T20:20:05+00:00","og_image":[{"width":2048,"height":1365,"url":"https:\/\/www.pressenza.com\/wp-content\/uploads\/2018\/06\/salvataggio-notturno-MSF.jpg","type":"image\/jpeg"}],"author":"ASGI Associazione per gli studi giuridici sull\u2019immigrazione","twitter_card":"summary_large_image","twitter_creator":"@asgi_it","twitter_site":"@PressenzaIPA","twitter_misc":{"Scritto da":"ASGI Associazione per gli studi giuridici sull\u2019immigrazione","Tempo di lettura stimato":"5 minuti"},"schema":{"@context":"https:\/\/schema.org","@graph":[{"@type":"Article","@id":"https:\/\/www.pressenza.com\/it\/2018\/06\/asgi-comportamento-del-governo-italiano-nella-vicenda-aquarius-gravissimo\/#article","isPartOf":{"@id":"https:\/\/www.pressenza.com\/it\/2018\/06\/asgi-comportamento-del-governo-italiano-nella-vicenda-aquarius-gravissimo\/"},"author":{"name":"ASGI Associazione per gli studi giuridici sull\u2019immigrazione","@id":"https:\/\/www.pressenza.com\/it\/#\/schema\/person\/b7b0caf788af126e7c3da8fee8954a1c"},"headline":"Asgi: il comportamento del governo italiano nella vicenda Aquarius \u00e8 stato gravissimo","datePublished":"2018-06-11T20:20:05+00:00","mainEntityOfPage":{"@id":"https:\/\/www.pressenza.com\/it\/2018\/06\/asgi-comportamento-del-governo-italiano-nella-vicenda-aquarius-gravissimo\/"},"wordCount":997,"publisher":{"@id":"https:\/\/www.pressenza.com\/it\/#organization"},"image":{"@id":"https:\/\/www.pressenza.com\/it\/2018\/06\/asgi-comportamento-del-governo-italiano-nella-vicenda-aquarius-gravissimo\/#primaryimage"},"thumbnailUrl":"https:\/\/www.pressenza.com\/wp-content\/uploads\/2018\/06\/salvataggio-notturno-MSF.jpg","keywords":["Aquarius","governo italiano","migranti"],"articleSection":["Comunicati Stampa","Diritti Umani","Europa"],"inLanguage":"it-IT"},{"@type":"WebPage","@id":"https:\/\/www.pressenza.com\/it\/2018\/06\/asgi-comportamento-del-governo-italiano-nella-vicenda-aquarius-gravissimo\/","url":"https:\/\/www.pressenza.com\/it\/2018\/06\/asgi-comportamento-del-governo-italiano-nella-vicenda-aquarius-gravissimo\/","name":"Asgi: il comportamento del governo italiano nella vicenda Aquarius \u00e8 stato gravissimo","isPartOf":{"@id":"https:\/\/www.pressenza.com\/it\/#website"},"primaryImageOfPage":{"@id":"https:\/\/www.pressenza.com\/it\/2018\/06\/asgi-comportamento-del-governo-italiano-nella-vicenda-aquarius-gravissimo\/#primaryimage"},"image":{"@id":"https:\/\/www.pressenza.com\/it\/2018\/06\/asgi-comportamento-del-governo-italiano-nella-vicenda-aquarius-gravissimo\/#primaryimage"},"thumbnailUrl":"https:\/\/www.pressenza.com\/wp-content\/uploads\/2018\/06\/salvataggio-notturno-MSF.jpg","datePublished":"2018-06-11T20:20:05+00:00","description":"La scelta di solidariet\u00e0\u00a0 fatta dal governo spagnolo di fornire assistenza materiale e giuridica ai naufraghi salvati dalla nave Aquarius con conseguente","breadcrumb":{"@id":"https:\/\/www.pressenza.com\/it\/2018\/06\/asgi-comportamento-del-governo-italiano-nella-vicenda-aquarius-gravissimo\/#breadcrumb"},"inLanguage":"it-IT","potentialAction":[{"@type":"ReadAction","target":["https:\/\/www.pressenza.com\/it\/2018\/06\/asgi-comportamento-del-governo-italiano-nella-vicenda-aquarius-gravissimo\/"]}]},{"@type":"ImageObject","inLanguage":"it-IT","@id":"https:\/\/www.pressenza.com\/it\/2018\/06\/asgi-comportamento-del-governo-italiano-nella-vicenda-aquarius-gravissimo\/#primaryimage","url":"https:\/\/www.pressenza.com\/wp-content\/uploads\/2018\/06\/salvataggio-notturno-MSF.jpg","contentUrl":"https:\/\/www.pressenza.com\/wp-content\/uploads\/2018\/06\/salvataggio-notturno-MSF.jpg","width":2048,"height":1365},{"@type":"BreadcrumbList","@id":"https:\/\/www.pressenza.com\/it\/2018\/06\/asgi-comportamento-del-governo-italiano-nella-vicenda-aquarius-gravissimo\/#breadcrumb","itemListElement":[{"@type":"ListItem","position":1,"name":"Accueil","item":"https:\/\/www.pressenza.com\/it\/"},{"@type":"ListItem","position":2,"name":"Asgi: il comportamento del governo italiano nella vicenda Aquarius \u00e8 stato gravissimo"}]},{"@type":"WebSite","@id":"https:\/\/www.pressenza.com\/it\/#website","url":"https:\/\/www.pressenza.com\/it\/","name":"Pressenza","description":"Agenzia di Stampa Internazionale","publisher":{"@id":"https:\/\/www.pressenza.com\/it\/#organization"},"potentialAction":[{"@type":"SearchAction","target":{"@type":"EntryPoint","urlTemplate":"https:\/\/www.pressenza.com\/it\/?s={search_term_string}"},"query-input":{"@type":"PropertyValueSpecification","valueRequired":true,"valueName":"search_term_string"}}],"inLanguage":"it-IT"},{"@type":"Organization","@id":"https:\/\/www.pressenza.com\/it\/#organization","name":"Pressenza","url":"https:\/\/www.pressenza.com\/it\/","logo":{"@type":"ImageObject","inLanguage":"it-IT","@id":"https:\/\/www.pressenza.com\/it\/#\/schema\/logo\/image\/","url":"https:\/\/www.pressenza.com\/wp-content\/uploads\/2022\/10\/pressenza_logo_200x200.jpg","contentUrl":"https:\/\/www.pressenza.com\/wp-content\/uploads\/2022\/10\/pressenza_logo_200x200.jpg","width":200,"height":200,"caption":"Pressenza"},"image":{"@id":"https:\/\/www.pressenza.com\/it\/#\/schema\/logo\/image\/"},"sameAs":["https:\/\/www.facebook.com\/PressenzaItalia","https:\/\/x.com\/PressenzaIPA"]},{"@type":"Person","@id":"https:\/\/www.pressenza.com\/it\/#\/schema\/person\/b7b0caf788af126e7c3da8fee8954a1c","name":"ASGI Associazione per gli studi giuridici sull\u2019immigrazione","description":"http:\/\/www.asgi.it\/","sameAs":["http:\/\/www.asgi.it\/","https:\/\/x.com\/asgi_it"],"url":"https:\/\/www.pressenza.com\/it\/author\/asgi\/"}]}},"place":"","original_article_url":"","_links":{"self":[{"href":"https:\/\/www.pressenza.com\/it\/wp-json\/wp\/v2\/posts\/656260","targetHints":{"allow":["GET"]}}],"collection":[{"href":"https:\/\/www.pressenza.com\/it\/wp-json\/wp\/v2\/posts"}],"about":[{"href":"https:\/\/www.pressenza.com\/it\/wp-json\/wp\/v2\/types\/post"}],"author":[{"embeddable":true,"href":"https:\/\/www.pressenza.com\/it\/wp-json\/wp\/v2\/users\/1399"}],"replies":[{"embeddable":true,"href":"https:\/\/www.pressenza.com\/it\/wp-json\/wp\/v2\/comments?post=656260"}],"version-history":[{"count":0,"href":"https:\/\/www.pressenza.com\/it\/wp-json\/wp\/v2\/posts\/656260\/revisions"}],"wp:featuredmedia":[{"embeddable":true,"href":"https:\/\/www.pressenza.com\/it\/wp-json\/wp\/v2\/media\/656262"}],"wp:attachment":[{"href":"https:\/\/www.pressenza.com\/it\/wp-json\/wp\/v2\/media?parent=656260"}],"wp:term":[{"taxonomy":"category","embeddable":true,"href":"https:\/\/www.pressenza.com\/it\/wp-json\/wp\/v2\/categories?post=656260"},{"taxonomy":"post_tag","embeddable":true,"href":"https:\/\/www.pressenza.com\/it\/wp-json\/wp\/v2\/tags?post=656260"}],"curies":[{"name":"wp","href":"https:\/\/api.w.org\/{rel}","templated":true}]}}