{"id":655521,"date":"2018-06-11T13:52:31","date_gmt":"2018-06-11T12:52:31","guid":{"rendered":"https:\/\/www.pressenza.com\/?p=655521"},"modified":"2018-06-11T13:52:31","modified_gmt":"2018-06-11T12:52:31","slug":"voceaigiornalisti-un-coro-rivendica-liberta-stampa-12-giugno-napoli","status":"publish","type":"post","link":"https:\/\/www.pressenza.com\/it\/2018\/06\/voceaigiornalisti-un-coro-rivendica-liberta-stampa-12-giugno-napoli\/","title":{"rendered":"#VoceAiGiornalisti un coro che rivendica libert\u00e0 di stampa. Il 12 giugno a Napoli"},"content":{"rendered":"<p>\u00c8 dedicato a una ragazza vittima innocente della camorra lo spazio-biblioteca dove marted\u00ec prossimo si terr\u00e0 la manifestazione nazionale promossa, a Napoli, dalla FNSI in collaborazione con il Sindacato unitario dei giornalisti della Campania contro le minacce ai giornalisti, il precariato e qualsiasi forma di bavaglio.<\/p>\n<p>Annalisa Durante, \u00e8 stata uccisa a 14 anni da un proiettile esploso durante un agguato di camorra, a Forcella, nel centro della citt\u00e0. E quel rione \u00e8 divenuto un luogo simbolo, che ci ricorda anche che sono trascorsi sei anni dalla conferma, in Appello, delle condanne per le minacce di morte rivolte al giornalista Arnaldo Capezzuto. I particolari pubblicati nei suoi articoli, che parlavano delle indagini della polizia, di notizie acquisite da fonti affidabili sebbene non ufficiali e del processo su un omicidio che turb\u00f2 molto non solo Napoli, avevano infastidito i Giuliano.<\/p>\n<p>Al fianco di Arnaldo, l\u2019Ordine regionale dei giornalisti si costitu\u00ec parte civile. All\u2019epoca, nonostante ci fossero gi\u00e0 diversi giornalisti minacciati e anche sotto scorta, il clima ostile a chi fa informazione era relegato ai margini della cronaca. In pochi ne parlavano. Ora che il fenomeno ha assunto proporzioni pi\u00f9 ampie e articolate, la reazione a catena scatenata dalla scorta mediatica, nata da un\u2019idea del presidente della Fnsi, Giuseppe Giulietti, diventa il piccone battuto sul muro del silenzio e l\u2019innesco per la scorta civica.<\/p>\n<p>Alcuni risultati sono visibili ma c\u2019\u00e8 ancora da fare e tanto da dire sui giornalisti minacciati quasi sempre precari e senza tutele, sulle periferie da illuminare e i cronisti di frontiera che raccontano territori complessi. In Campania solo nel mese di maggio sono stati registrati altri sei casi di minacce o aggressioni. Gli ultimi due il 31 e il 25 maggio scorsi. Uno ha coinvolto un giornalista di una testata online, Campanianotizie.com,\u00a0Mario De Michele.<\/p>\n<p>L\u2019aggressione \u00e8 avvenuta in provincia di Caserta, a Orta di Atella mentre realizzava interviste a dei candidati alle elezioni comunali nel bel mezzo di una piazza, al centro del paese. L\u2019aggressore \u00e8 sceso all\u2019improvviso da un\u2019auto lo ha spintonato e insultato intimandogli di non scrivere pi\u00f9 di Orta di Atella; \u00e8 stato identificato anche grazie a un video postato su Facebook, poi rimosso, ed \u00e8 il fratello di una candidata, al quale non erano piaciuti gli articoli pubblicati sul sito d\u2019informazione, che tracciano il profilo e le appartenenze di chi compete per una poltrona istituzionale nel comune del l\u2019agro aversano, pi\u00f9 volte sciolto e commissariato. In questo caso, la gente \u00e8 intervenuta e ha fatto sentire la propria \u00a0solidariet\u00e0\u00a0 a De Michele.<\/p>\n<p>A Napoli, il 25 maggio, invece, in occasione del Guinness della sfogliatella, l\u2019aggressione \u00e8 stata opera di un fotografo infastidito dalla presenza, in uno spazio ristretto, di\u00a0troppi operatori dell\u2019informazione. Per risolvere e farsi spazio ha deciso di sbattere il flash della propria macchina fotografica professionale in testa al fotoreporter dell\u2019Ansa\u00a0Cesare Abbate, che ancora porta i segni della ferita chiusa con cinque punti di sutura. Gli organizzatori non si sono degnati neanche di sospendere le operazioni per verificare che non fosse accaduto nulla di grave. Pochi giorni prima un altro giornalista, Salvatore Sparavigna, che lavora nell\u2019area vesuviana e in particolare a Torre Annunziata, ha ricevuto un pizzino che diceva: farai la fine di Siani.<\/p>\n<p>\u00c8 evidente che non bisogna mai abbassare la guardia di fronte a un\u2019onda anomala di aggressioni e minacce ai giornalisti. Attacchi che arrivano dalla criminalit\u00e0, da alcuni ambienti politici, da cittadini abituati a reazioni violente. Certamente i diversi casi vanno considerati su piani diversi, ma sono pur sempre piani paralleli, legati da una insana volont\u00e0 di sopraffare e zittire chi fa il proprio lavoro e informa i cittadini. Si tratta di un problema che necessita un impegno costante delle istituzioni.<\/p>\n<p>Marted\u00ec, sar\u00e0 rivolto ancora a volta un invito al Parlamento e al Governo perch\u00e9 si affrontino definitivamente i temi del carcere per i giornalisti, delle querele temerarie, del lavoro precario e della sicurezza dei cronisti. \u00abQuestioni che ci auguriamo tornino presto nelle agende istituzionali \u2013 affermano gli organizzatori \u2013 temi che i precedenti governi hanno evitato di affrontare, nonostante le dichiarazioni di intenti. La politica ha dimostrato di non volere affrontare tutte quelle criticit\u00e0 che in Italia finiscono per limitare la libert\u00e0 di stampa, come dimostrano le classifiche internazionali sullo stato di salute del giornalismo nel mondo\u00bb.<\/p>\n<p>Con il sindacato, il segretario generale della FNSI, Raffaele Lorusso, Giulietti, I rappresentanti di sindacati regionali di categoria,\u00a0a Forcella ci saranno anche l\u2019Ordine dei Giornalisti nazionale e regionale con i presidenti Carlo Verna e Ottavio Lucarelli; Articolo 21, e associazioni territoriali come il Gridas di Scampia e I Teatrini di Forcella; il capo della Procura di Napoli, Giovanni Melillo e il questore, Antonio De Iesu; giornalisti minacciati.<\/p>\n<p>\u201c#VoceAiGiornalisti, stop minacce e precariato. Informazione al bivio\u201d diventer\u00e0 un coro che rivendica libert\u00e0 di stampa e rispetto della Costituzione; rispetto e dignit\u00e0 per troppi giornalisti che lavorano senza percepire un compenso dignitoso e senza un contratto che garantisca tutele o che dia la possibilit\u00e0 di difendersi da attacchi sempre pi\u00f9 frequenti.<\/p>\n<p class=\"entry-author style5\">di: <a href=\"https:\/\/www.articolo21.org\/author\/laura-viggiano\/\">Laura Viggiano<\/a><\/p>\n","protected":false},"excerpt":{"rendered":"<p>\u00c8 dedicato a una ragazza vittima innocente della camorra lo spazio-biblioteca dove marted\u00ec prossimo si terr\u00e0 la manifestazione nazionale promossa, a Napoli, dalla FNSI in collaborazione con il Sindacato unitario dei giornalisti della Campania contro le minacce ai giornalisti, il&hellip;<\/p>\n","protected":false},"author":1469,"featured_media":655522,"comment_status":"closed","ping_status":"closed","sticky":false,"template":"","format":"standard","meta":{"footnotes":""},"categories":[60,47,162],"tags":[9217,666,5149],"class_list":["post-655521","post","type-post","status-publish","format-standard","has-post-thumbnail","hentry","category-diritti-umani","category-europa","category-opinioni","tag-liberta-di-espressione","tag-liberta-di-stampa","tag-napoli"],"yoast_head":"<!-- This site is optimized with the Yoast SEO plugin v27.1.1 - https:\/\/yoast.com\/product\/yoast-seo-wordpress\/ -->\n<title>#VoceAiGiornalisti un coro che rivendica libert\u00e0 di stampa. Il 12 giugno a Napoli<\/title>\n<meta name=\"description\" content=\"\u00c8 dedicato a una ragazza vittima innocente della camorra lo spazio-biblioteca dove marted\u00ec prossimo si terr\u00e0 la manifestazione nazionale promossa, a\" \/>\n<meta name=\"robots\" content=\"index, follow, max-snippet:-1, max-image-preview:large, max-video-preview:-1\" \/>\n<link rel=\"canonical\" href=\"https:\/\/www.pressenza.com\/it\/2018\/06\/voceaigiornalisti-un-coro-rivendica-liberta-stampa-12-giugno-napoli\/\" \/>\n<meta property=\"og:locale\" content=\"it_IT\" \/>\n<meta property=\"og:type\" content=\"article\" \/>\n<meta property=\"og:title\" content=\"#VoceAiGiornalisti un coro che rivendica libert\u00e0 di stampa. Il 12 giugno a Napoli\" \/>\n<meta property=\"og:description\" content=\"\u00c8 dedicato a una ragazza vittima innocente della camorra lo spazio-biblioteca dove marted\u00ec prossimo si terr\u00e0 la manifestazione nazionale promossa, a\" \/>\n<meta property=\"og:url\" content=\"https:\/\/www.pressenza.com\/it\/2018\/06\/voceaigiornalisti-un-coro-rivendica-liberta-stampa-12-giugno-napoli\/\" \/>\n<meta property=\"og:site_name\" content=\"Pressenza\" \/>\n<meta property=\"article:publisher\" content=\"https:\/\/www.facebook.com\/PressenzaItalia\" \/>\n<meta property=\"article:published_time\" content=\"2018-06-11T12:52:31+00:00\" \/>\n<meta property=\"og:image\" content=\"https:\/\/www.pressenza.com\/wp-content\/uploads\/2018\/06\/voce-ai-giornalisti.jpg\" \/>\n\t<meta property=\"og:image:width\" content=\"750\" \/>\n\t<meta property=\"og:image:height\" content=\"455\" \/>\n\t<meta property=\"og:image:type\" content=\"image\/jpeg\" \/>\n<meta name=\"author\" content=\"Articolo 21\" \/>\n<meta name=\"twitter:card\" content=\"summary_large_image\" \/>\n<meta name=\"twitter:creator\" content=\"@PressenzaIPA\" \/>\n<meta name=\"twitter:site\" content=\"@PressenzaIPA\" \/>\n<meta name=\"twitter:label1\" content=\"Scritto da\" \/>\n\t<meta name=\"twitter:data1\" content=\"Articolo 21\" \/>\n\t<meta name=\"twitter:label2\" content=\"Tempo di lettura stimato\" \/>\n\t<meta name=\"twitter:data2\" content=\"4 minuti\" \/>\n<script type=\"application\/ld+json\" class=\"yoast-schema-graph\">{\"@context\":\"https:\/\/schema.org\",\"@graph\":[{\"@type\":\"Article\",\"@id\":\"https:\/\/www.pressenza.com\/it\/2018\/06\/voceaigiornalisti-un-coro-rivendica-liberta-stampa-12-giugno-napoli\/#article\",\"isPartOf\":{\"@id\":\"https:\/\/www.pressenza.com\/it\/2018\/06\/voceaigiornalisti-un-coro-rivendica-liberta-stampa-12-giugno-napoli\/\"},\"author\":{\"name\":\"Articolo 21\",\"@id\":\"https:\/\/www.pressenza.com\/it\/#\/schema\/person\/08ea736e2bdeb73186ff26f6bee319d8\"},\"headline\":\"#VoceAiGiornalisti un coro che rivendica libert\u00e0 di stampa. Il 12 giugno a Napoli\",\"datePublished\":\"2018-06-11T12:52:31+00:00\",\"mainEntityOfPage\":{\"@id\":\"https:\/\/www.pressenza.com\/it\/2018\/06\/voceaigiornalisti-un-coro-rivendica-liberta-stampa-12-giugno-napoli\/\"},\"wordCount\":846,\"publisher\":{\"@id\":\"https:\/\/www.pressenza.com\/it\/#organization\"},\"image\":{\"@id\":\"https:\/\/www.pressenza.com\/it\/2018\/06\/voceaigiornalisti-un-coro-rivendica-liberta-stampa-12-giugno-napoli\/#primaryimage\"},\"thumbnailUrl\":\"https:\/\/www.pressenza.com\/wp-content\/uploads\/2018\/06\/voce-ai-giornalisti.jpg\",\"keywords\":[\"libert\u00e0 di espressione\",\"libert\u00e0 di stampa\",\"Napoli\"],\"articleSection\":[\"Diritti Umani\",\"Europa\",\"Opinioni\"],\"inLanguage\":\"it-IT\"},{\"@type\":\"WebPage\",\"@id\":\"https:\/\/www.pressenza.com\/it\/2018\/06\/voceaigiornalisti-un-coro-rivendica-liberta-stampa-12-giugno-napoli\/\",\"url\":\"https:\/\/www.pressenza.com\/it\/2018\/06\/voceaigiornalisti-un-coro-rivendica-liberta-stampa-12-giugno-napoli\/\",\"name\":\"#VoceAiGiornalisti un coro che rivendica libert\u00e0 di stampa. Il 12 giugno a Napoli\",\"isPartOf\":{\"@id\":\"https:\/\/www.pressenza.com\/it\/#website\"},\"primaryImageOfPage\":{\"@id\":\"https:\/\/www.pressenza.com\/it\/2018\/06\/voceaigiornalisti-un-coro-rivendica-liberta-stampa-12-giugno-napoli\/#primaryimage\"},\"image\":{\"@id\":\"https:\/\/www.pressenza.com\/it\/2018\/06\/voceaigiornalisti-un-coro-rivendica-liberta-stampa-12-giugno-napoli\/#primaryimage\"},\"thumbnailUrl\":\"https:\/\/www.pressenza.com\/wp-content\/uploads\/2018\/06\/voce-ai-giornalisti.jpg\",\"datePublished\":\"2018-06-11T12:52:31+00:00\",\"description\":\"\u00c8 dedicato a una ragazza vittima innocente della camorra lo spazio-biblioteca dove marted\u00ec prossimo si terr\u00e0 la manifestazione nazionale promossa, a\",\"breadcrumb\":{\"@id\":\"https:\/\/www.pressenza.com\/it\/2018\/06\/voceaigiornalisti-un-coro-rivendica-liberta-stampa-12-giugno-napoli\/#breadcrumb\"},\"inLanguage\":\"it-IT\",\"potentialAction\":[{\"@type\":\"ReadAction\",\"target\":[\"https:\/\/www.pressenza.com\/it\/2018\/06\/voceaigiornalisti-un-coro-rivendica-liberta-stampa-12-giugno-napoli\/\"]}]},{\"@type\":\"ImageObject\",\"inLanguage\":\"it-IT\",\"@id\":\"https:\/\/www.pressenza.com\/it\/2018\/06\/voceaigiornalisti-un-coro-rivendica-liberta-stampa-12-giugno-napoli\/#primaryimage\",\"url\":\"https:\/\/www.pressenza.com\/wp-content\/uploads\/2018\/06\/voce-ai-giornalisti.jpg\",\"contentUrl\":\"https:\/\/www.pressenza.com\/wp-content\/uploads\/2018\/06\/voce-ai-giornalisti.jpg\",\"width\":750,\"height\":455},{\"@type\":\"BreadcrumbList\",\"@id\":\"https:\/\/www.pressenza.com\/it\/2018\/06\/voceaigiornalisti-un-coro-rivendica-liberta-stampa-12-giugno-napoli\/#breadcrumb\",\"itemListElement\":[{\"@type\":\"ListItem\",\"position\":1,\"name\":\"Accueil\",\"item\":\"https:\/\/www.pressenza.com\/it\/\"},{\"@type\":\"ListItem\",\"position\":2,\"name\":\"#VoceAiGiornalisti un coro che rivendica libert\u00e0 di stampa. Il 12 giugno a Napoli\"}]},{\"@type\":\"WebSite\",\"@id\":\"https:\/\/www.pressenza.com\/it\/#website\",\"url\":\"https:\/\/www.pressenza.com\/it\/\",\"name\":\"Pressenza\",\"description\":\"Agenzia di Stampa Internazionale\",\"publisher\":{\"@id\":\"https:\/\/www.pressenza.com\/it\/#organization\"},\"potentialAction\":[{\"@type\":\"SearchAction\",\"target\":{\"@type\":\"EntryPoint\",\"urlTemplate\":\"https:\/\/www.pressenza.com\/it\/?s={search_term_string}\"},\"query-input\":{\"@type\":\"PropertyValueSpecification\",\"valueRequired\":true,\"valueName\":\"search_term_string\"}}],\"inLanguage\":\"it-IT\"},{\"@type\":\"Organization\",\"@id\":\"https:\/\/www.pressenza.com\/it\/#organization\",\"name\":\"Pressenza\",\"url\":\"https:\/\/www.pressenza.com\/it\/\",\"logo\":{\"@type\":\"ImageObject\",\"inLanguage\":\"it-IT\",\"@id\":\"https:\/\/www.pressenza.com\/it\/#\/schema\/logo\/image\/\",\"url\":\"https:\/\/www.pressenza.com\/wp-content\/uploads\/2022\/10\/pressenza_logo_200x200.jpg\",\"contentUrl\":\"https:\/\/www.pressenza.com\/wp-content\/uploads\/2022\/10\/pressenza_logo_200x200.jpg\",\"width\":200,\"height\":200,\"caption\":\"Pressenza\"},\"image\":{\"@id\":\"https:\/\/www.pressenza.com\/it\/#\/schema\/logo\/image\/\"},\"sameAs\":[\"https:\/\/www.facebook.com\/PressenzaItalia\",\"https:\/\/x.com\/PressenzaIPA\"]},{\"@type\":\"Person\",\"@id\":\"https:\/\/www.pressenza.com\/it\/#\/schema\/person\/08ea736e2bdeb73186ff26f6bee319d8\",\"name\":\"Articolo 21\",\"description\":\"Articolo 21, liberi di\u2026 \u00e8 un\u2019associazione nata il 27 febbraio 2002 che riunisce esponenti del mondo della comunicazione, della cultura e dello spettacolo; giornalisti, giuristi, economisti che si propongono di promuovere il principio della libert\u00e0 di manifestazione del pensiero (oggetto dell\u2019Articolo 21 della Costituzione italiana da cui il nome).\",\"sameAs\":[\"https:\/\/www.articolo21.org\"],\"url\":\"https:\/\/www.pressenza.com\/it\/author\/articolo-21\/\"}]}<\/script>\n<!-- \/ Yoast SEO plugin. -->","yoast_head_json":{"title":"#VoceAiGiornalisti un coro che rivendica libert\u00e0 di stampa. Il 12 giugno a Napoli","description":"\u00c8 dedicato a una ragazza vittima innocente della camorra lo spazio-biblioteca dove marted\u00ec prossimo si terr\u00e0 la manifestazione nazionale promossa, a","robots":{"index":"index","follow":"follow","max-snippet":"max-snippet:-1","max-image-preview":"max-image-preview:large","max-video-preview":"max-video-preview:-1"},"canonical":"https:\/\/www.pressenza.com\/it\/2018\/06\/voceaigiornalisti-un-coro-rivendica-liberta-stampa-12-giugno-napoli\/","og_locale":"it_IT","og_type":"article","og_title":"#VoceAiGiornalisti un coro che rivendica libert\u00e0 di stampa. Il 12 giugno a Napoli","og_description":"\u00c8 dedicato a una ragazza vittima innocente della camorra lo spazio-biblioteca dove marted\u00ec prossimo si terr\u00e0 la manifestazione nazionale promossa, a","og_url":"https:\/\/www.pressenza.com\/it\/2018\/06\/voceaigiornalisti-un-coro-rivendica-liberta-stampa-12-giugno-napoli\/","og_site_name":"Pressenza","article_publisher":"https:\/\/www.facebook.com\/PressenzaItalia","article_published_time":"2018-06-11T12:52:31+00:00","og_image":[{"width":750,"height":455,"url":"https:\/\/www.pressenza.com\/wp-content\/uploads\/2018\/06\/voce-ai-giornalisti.jpg","type":"image\/jpeg"}],"author":"Articolo 21","twitter_card":"summary_large_image","twitter_creator":"@PressenzaIPA","twitter_site":"@PressenzaIPA","twitter_misc":{"Scritto da":"Articolo 21","Tempo di lettura stimato":"4 minuti"},"schema":{"@context":"https:\/\/schema.org","@graph":[{"@type":"Article","@id":"https:\/\/www.pressenza.com\/it\/2018\/06\/voceaigiornalisti-un-coro-rivendica-liberta-stampa-12-giugno-napoli\/#article","isPartOf":{"@id":"https:\/\/www.pressenza.com\/it\/2018\/06\/voceaigiornalisti-un-coro-rivendica-liberta-stampa-12-giugno-napoli\/"},"author":{"name":"Articolo 21","@id":"https:\/\/www.pressenza.com\/it\/#\/schema\/person\/08ea736e2bdeb73186ff26f6bee319d8"},"headline":"#VoceAiGiornalisti un coro che rivendica libert\u00e0 di stampa. Il 12 giugno a Napoli","datePublished":"2018-06-11T12:52:31+00:00","mainEntityOfPage":{"@id":"https:\/\/www.pressenza.com\/it\/2018\/06\/voceaigiornalisti-un-coro-rivendica-liberta-stampa-12-giugno-napoli\/"},"wordCount":846,"publisher":{"@id":"https:\/\/www.pressenza.com\/it\/#organization"},"image":{"@id":"https:\/\/www.pressenza.com\/it\/2018\/06\/voceaigiornalisti-un-coro-rivendica-liberta-stampa-12-giugno-napoli\/#primaryimage"},"thumbnailUrl":"https:\/\/www.pressenza.com\/wp-content\/uploads\/2018\/06\/voce-ai-giornalisti.jpg","keywords":["libert\u00e0 di espressione","libert\u00e0 di stampa","Napoli"],"articleSection":["Diritti Umani","Europa","Opinioni"],"inLanguage":"it-IT"},{"@type":"WebPage","@id":"https:\/\/www.pressenza.com\/it\/2018\/06\/voceaigiornalisti-un-coro-rivendica-liberta-stampa-12-giugno-napoli\/","url":"https:\/\/www.pressenza.com\/it\/2018\/06\/voceaigiornalisti-un-coro-rivendica-liberta-stampa-12-giugno-napoli\/","name":"#VoceAiGiornalisti un coro che rivendica libert\u00e0 di stampa. Il 12 giugno a Napoli","isPartOf":{"@id":"https:\/\/www.pressenza.com\/it\/#website"},"primaryImageOfPage":{"@id":"https:\/\/www.pressenza.com\/it\/2018\/06\/voceaigiornalisti-un-coro-rivendica-liberta-stampa-12-giugno-napoli\/#primaryimage"},"image":{"@id":"https:\/\/www.pressenza.com\/it\/2018\/06\/voceaigiornalisti-un-coro-rivendica-liberta-stampa-12-giugno-napoli\/#primaryimage"},"thumbnailUrl":"https:\/\/www.pressenza.com\/wp-content\/uploads\/2018\/06\/voce-ai-giornalisti.jpg","datePublished":"2018-06-11T12:52:31+00:00","description":"\u00c8 dedicato a una ragazza vittima innocente della camorra lo spazio-biblioteca dove marted\u00ec prossimo si terr\u00e0 la manifestazione nazionale promossa, a","breadcrumb":{"@id":"https:\/\/www.pressenza.com\/it\/2018\/06\/voceaigiornalisti-un-coro-rivendica-liberta-stampa-12-giugno-napoli\/#breadcrumb"},"inLanguage":"it-IT","potentialAction":[{"@type":"ReadAction","target":["https:\/\/www.pressenza.com\/it\/2018\/06\/voceaigiornalisti-un-coro-rivendica-liberta-stampa-12-giugno-napoli\/"]}]},{"@type":"ImageObject","inLanguage":"it-IT","@id":"https:\/\/www.pressenza.com\/it\/2018\/06\/voceaigiornalisti-un-coro-rivendica-liberta-stampa-12-giugno-napoli\/#primaryimage","url":"https:\/\/www.pressenza.com\/wp-content\/uploads\/2018\/06\/voce-ai-giornalisti.jpg","contentUrl":"https:\/\/www.pressenza.com\/wp-content\/uploads\/2018\/06\/voce-ai-giornalisti.jpg","width":750,"height":455},{"@type":"BreadcrumbList","@id":"https:\/\/www.pressenza.com\/it\/2018\/06\/voceaigiornalisti-un-coro-rivendica-liberta-stampa-12-giugno-napoli\/#breadcrumb","itemListElement":[{"@type":"ListItem","position":1,"name":"Accueil","item":"https:\/\/www.pressenza.com\/it\/"},{"@type":"ListItem","position":2,"name":"#VoceAiGiornalisti un coro che rivendica libert\u00e0 di stampa. Il 12 giugno a Napoli"}]},{"@type":"WebSite","@id":"https:\/\/www.pressenza.com\/it\/#website","url":"https:\/\/www.pressenza.com\/it\/","name":"Pressenza","description":"Agenzia di Stampa Internazionale","publisher":{"@id":"https:\/\/www.pressenza.com\/it\/#organization"},"potentialAction":[{"@type":"SearchAction","target":{"@type":"EntryPoint","urlTemplate":"https:\/\/www.pressenza.com\/it\/?s={search_term_string}"},"query-input":{"@type":"PropertyValueSpecification","valueRequired":true,"valueName":"search_term_string"}}],"inLanguage":"it-IT"},{"@type":"Organization","@id":"https:\/\/www.pressenza.com\/it\/#organization","name":"Pressenza","url":"https:\/\/www.pressenza.com\/it\/","logo":{"@type":"ImageObject","inLanguage":"it-IT","@id":"https:\/\/www.pressenza.com\/it\/#\/schema\/logo\/image\/","url":"https:\/\/www.pressenza.com\/wp-content\/uploads\/2022\/10\/pressenza_logo_200x200.jpg","contentUrl":"https:\/\/www.pressenza.com\/wp-content\/uploads\/2022\/10\/pressenza_logo_200x200.jpg","width":200,"height":200,"caption":"Pressenza"},"image":{"@id":"https:\/\/www.pressenza.com\/it\/#\/schema\/logo\/image\/"},"sameAs":["https:\/\/www.facebook.com\/PressenzaItalia","https:\/\/x.com\/PressenzaIPA"]},{"@type":"Person","@id":"https:\/\/www.pressenza.com\/it\/#\/schema\/person\/08ea736e2bdeb73186ff26f6bee319d8","name":"Articolo 21","description":"Articolo 21, liberi di\u2026 \u00e8 un\u2019associazione nata il 27 febbraio 2002 che riunisce esponenti del mondo della comunicazione, della cultura e dello spettacolo; giornalisti, giuristi, economisti che si propongono di promuovere il principio della libert\u00e0 di manifestazione del pensiero (oggetto dell\u2019Articolo 21 della Costituzione italiana da cui il nome).","sameAs":["https:\/\/www.articolo21.org"],"url":"https:\/\/www.pressenza.com\/it\/author\/articolo-21\/"}]}},"place":"","original_article_url":"https:\/\/www.articolo21.org\/2018\/06\/voceaigiornalisti-un-coro-che-rivendica-liberta-di-stampa-il-12-giugno-a-napoli\/","_links":{"self":[{"href":"https:\/\/www.pressenza.com\/it\/wp-json\/wp\/v2\/posts\/655521","targetHints":{"allow":["GET"]}}],"collection":[{"href":"https:\/\/www.pressenza.com\/it\/wp-json\/wp\/v2\/posts"}],"about":[{"href":"https:\/\/www.pressenza.com\/it\/wp-json\/wp\/v2\/types\/post"}],"author":[{"embeddable":true,"href":"https:\/\/www.pressenza.com\/it\/wp-json\/wp\/v2\/users\/1469"}],"replies":[{"embeddable":true,"href":"https:\/\/www.pressenza.com\/it\/wp-json\/wp\/v2\/comments?post=655521"}],"version-history":[{"count":0,"href":"https:\/\/www.pressenza.com\/it\/wp-json\/wp\/v2\/posts\/655521\/revisions"}],"wp:featuredmedia":[{"embeddable":true,"href":"https:\/\/www.pressenza.com\/it\/wp-json\/wp\/v2\/media\/655522"}],"wp:attachment":[{"href":"https:\/\/www.pressenza.com\/it\/wp-json\/wp\/v2\/media?parent=655521"}],"wp:term":[{"taxonomy":"category","embeddable":true,"href":"https:\/\/www.pressenza.com\/it\/wp-json\/wp\/v2\/categories?post=655521"},{"taxonomy":"post_tag","embeddable":true,"href":"https:\/\/www.pressenza.com\/it\/wp-json\/wp\/v2\/tags?post=655521"}],"curies":[{"name":"wp","href":"https:\/\/api.w.org\/{rel}","templated":true}]}}