{"id":654720,"date":"2018-06-08T18:42:36","date_gmt":"2018-06-08T17:42:36","guid":{"rendered":"https:\/\/www.pressenza.com\/?p=654720"},"modified":"2018-06-08T18:42:36","modified_gmt":"2018-06-08T17:42:36","slug":"docenti-diritti-umani-giornata-mondiale-lavoro-minorile","status":"publish","type":"post","link":"https:\/\/www.pressenza.com\/it\/2018\/06\/docenti-diritti-umani-giornata-mondiale-lavoro-minorile\/","title":{"rendered":"Docenti Diritti Umani e Giornata mondiale contro il lavoro minorile"},"content":{"rendered":"<p>Il prossimo 12 giugno si celebrer\u00e0 in tutto il mondo la giornata mondiale contro il lavoro minorile. Il Coordinamento Nazionale dei Docenti della disciplina dei Diritti Umani vuole porre l\u2019attenzione sulla tematica dei diritti dei minori portando al centro del dibattito internazionale la scuola come forma di divulgazione del sapere: sapere, saper essere e saper fare.<\/p>\n<p>La giornata mondiale \u00e8 stata istituita nel 2002 dall\u2019Organizzazione Internazionale del Lavoro, (ILO) acronimo di International Labour Organization, per sensibilizzare maggiormente l\u2019attenzione globale sullo sfruttamento del lavoro minorile e per intraprendere e monitorare le azioni da mettere in campo per sconfiggere questo fenomeno di particolare gravit\u00e0 che affligge varie parti del mondo.<\/p>\n<p>Secondo i dati elaborati dall\u2019ILO, agenzia delle Nazioni Unite che si occupa di promuovere i diritti umani internazionalmente riconosciuti, in particolare quelli relativi al lavoro, il numero di lavoratori minori a livello mondiale si aggira intorno ai 218 milioni. Bambini e bambine, ragazzi e ragazze dai 5 ai 17 sono impiegati in lavori sottopagati e anche spesso pericolosi per la salute che nel tempo li logorano nel fisico e li distruggono nella mente.<\/p>\n<p>Questo fatto \u00e8 concentrato nei paesi pi\u00f9 poveri del mondo come l\u2019Africa, Asia e il Sud America dove questo fenomeno, causa e conseguenza della povert\u00e0 dei territori, \u00a0compromette lo sviluppo di lungo periodo di questi Paesi.<\/p>\n<p>Come persone all\u2019interno delle istituzioni scolastiche ci sentiamo chiamati quindi a divulgare un messaggio di sensibilizzazione affinch\u00e9 tutti i ragazzi in et\u00e0 scolastica possano accedere all\u2019educazione come forma di conoscenza, di emancipazione e di riscatto sociale.<\/p>\n<p>Pertanto invitiamo i molteplici soggetti che a vario titolo partecipano a contrastare questo fenomeno ad investire nella costruzione di scuole sicure.<\/p>\n<p>Nello stesso tempo vogliamo sottolineare l\u2019impegno di alcune organizzazioni molto vicine alla tematica come ad esempio il progetto Understanding Children\u2019s Work (UCW)portato avanti dall\u2019UNICEF, ILO-IPEC \u00a0e la Banca Mondiale, quest\u2019ultimo nato con l\u2019obiettivo di registrare e monitorare la realt\u00e0 del lavoro minorile con lo scopo di restituire ai bambini il diritto all\u2019infanzia.<\/p>\n<p>Il coordinamento coglie l\u2019occasione per rilanciare l\u2019attenzione e l\u2019impegno a favore dei diritti dei minori, troppo spesso vittime di sfruttamento non solo all\u2019estero, ma anche nel nostro paese.<\/p>\n<p>Sollecita le politiche nazionali a garantire per tutti il diritto ad un\u2019istruzione di qualit\u00e0, gratuita e obbligatoria fino all\u2019et\u00e0 minima per il lavoro indicata nella Convenzione 138 dell\u2019ILO e ad assicurare che quest\u2019ultima sia rispettata dagli Stati che ancora non hanno aderito.<\/p>\n<p>Ci sentiamo di sostenere con forza il pensiero di papa Francesco: \u201c\u00c8 una vera schiavit\u00f9 questa! (&#8230;) Tutti i bambini devono poter giocare, studiare, pregare e crescere, nelle proprie famiglie, e questo in un contesto armonico, di amore e di serenit\u00e0. \u00c8 un loro diritto e un nostro dovere. Tanta gente invece di farli giocare li fa schiavi: \u00e8 una piaga questa. Una fanciullezza serena permette ai bambini di guardare con fiducia verso la vita e il domani. Guai a chi soffoca in loro lo slancio gioioso della speranza!&#8221;<\/p>\n<p>&nbsp;<\/p>\n<p style=\"text-align: right;\">Ronny Donzelli<\/p>\n<p style=\"text-align: right;\">Coordinamento Nazionale Docenti della disciplina dei Diritti Umani<\/p>\n","protected":false},"excerpt":{"rendered":"<p>Il prossimo 12 giugno si celebrer\u00e0 in tutto il mondo la giornata mondiale contro il lavoro minorile. Il Coordinamento Nazionale dei Docenti della disciplina dei Diritti Umani vuole porre l\u2019attenzione sulla tematica dei diritti dei minori portando al centro del&hellip;<\/p>\n","protected":false},"author":594,"featured_media":654721,"comment_status":"closed","ping_status":"closed","sticky":false,"template":"","format":"standard","meta":{"footnotes":""},"categories":[150,60,47],"tags":[46852,46851,12311,46853],"class_list":["post-654720","post","type-post","status-publish","format-standard","has-post-thumbnail","hentry","category-comunicati-stampa","category-diritti-umani","category-europa","tag-coordinamento-nazionale-dei-docenti-della-disciplina-dei-diritti-umani","tag-giornata-mondiale-contro-il-lavoro-minorile","tag-ilo","tag-organizzazione-internazionale-del-lavoro"],"yoast_head":"<!-- This site is optimized with the Yoast SEO plugin v27.1.1 - https:\/\/yoast.com\/product\/yoast-seo-wordpress\/ -->\n<title>Docenti Diritti Umani e Giornata mondiale contro il lavoro minorile<\/title>\n<meta name=\"description\" content=\"Il prossimo 12 giugno si celebrer\u00e0 in tutto il mondo la giornata mondiale contro il lavoro minorile. Il Coordinamento Nazionale dei Docenti della\" \/>\n<meta name=\"robots\" content=\"index, follow, max-snippet:-1, max-image-preview:large, max-video-preview:-1\" \/>\n<link rel=\"canonical\" href=\"https:\/\/www.pressenza.com\/it\/2018\/06\/docenti-diritti-umani-giornata-mondiale-lavoro-minorile\/\" \/>\n<meta property=\"og:locale\" content=\"it_IT\" \/>\n<meta property=\"og:type\" content=\"article\" \/>\n<meta property=\"og:title\" content=\"Docenti Diritti Umani e Giornata mondiale contro il lavoro minorile\" \/>\n<meta property=\"og:description\" content=\"Il prossimo 12 giugno si celebrer\u00e0 in tutto il mondo la giornata mondiale contro il lavoro minorile. Il Coordinamento Nazionale dei Docenti della\" \/>\n<meta property=\"og:url\" content=\"https:\/\/www.pressenza.com\/it\/2018\/06\/docenti-diritti-umani-giornata-mondiale-lavoro-minorile\/\" \/>\n<meta property=\"og:site_name\" content=\"Pressenza\" \/>\n<meta property=\"article:publisher\" content=\"https:\/\/www.facebook.com\/PressenzaItalia\" \/>\n<meta property=\"article:author\" content=\"https:\/\/www.facebook.com\/PressenzaItalia\" \/>\n<meta property=\"article:published_time\" content=\"2018-06-08T17:42:36+00:00\" \/>\n<meta property=\"og:image\" content=\"https:\/\/www.pressenza.com\/wp-content\/uploads\/2018\/06\/giornata-mondiale-contro-il-lavoro-minorile.jpg\" \/>\n\t<meta property=\"og:image:width\" content=\"740\" \/>\n\t<meta property=\"og:image:height\" content=\"395\" \/>\n\t<meta property=\"og:image:type\" content=\"image\/jpeg\" \/>\n<meta name=\"author\" content=\"Redazione Italia\" \/>\n<meta name=\"twitter:card\" content=\"summary_large_image\" \/>\n<meta name=\"twitter:creator\" content=\"@pressenza_it\" \/>\n<meta name=\"twitter:site\" content=\"@PressenzaIPA\" \/>\n<meta name=\"twitter:label1\" content=\"Scritto da\" \/>\n\t<meta name=\"twitter:data1\" content=\"Redazione Italia\" \/>\n\t<meta name=\"twitter:label2\" content=\"Tempo di lettura stimato\" \/>\n\t<meta name=\"twitter:data2\" content=\"3 minuti\" \/>\n<script type=\"application\/ld+json\" class=\"yoast-schema-graph\">{\"@context\":\"https:\/\/schema.org\",\"@graph\":[{\"@type\":\"Article\",\"@id\":\"https:\/\/www.pressenza.com\/it\/2018\/06\/docenti-diritti-umani-giornata-mondiale-lavoro-minorile\/#article\",\"isPartOf\":{\"@id\":\"https:\/\/www.pressenza.com\/it\/2018\/06\/docenti-diritti-umani-giornata-mondiale-lavoro-minorile\/\"},\"author\":{\"name\":\"Redazione Italia\",\"@id\":\"https:\/\/www.pressenza.com\/it\/#\/schema\/person\/d983e81827ae24f2c7b1a2123d197f8d\"},\"headline\":\"Docenti Diritti Umani e Giornata mondiale contro il lavoro minorile\",\"datePublished\":\"2018-06-08T17:42:36+00:00\",\"mainEntityOfPage\":{\"@id\":\"https:\/\/www.pressenza.com\/it\/2018\/06\/docenti-diritti-umani-giornata-mondiale-lavoro-minorile\/\"},\"wordCount\":516,\"publisher\":{\"@id\":\"https:\/\/www.pressenza.com\/it\/#organization\"},\"image\":{\"@id\":\"https:\/\/www.pressenza.com\/it\/2018\/06\/docenti-diritti-umani-giornata-mondiale-lavoro-minorile\/#primaryimage\"},\"thumbnailUrl\":\"https:\/\/www.pressenza.com\/wp-content\/uploads\/2018\/06\/giornata-mondiale-contro-il-lavoro-minorile.jpg\",\"keywords\":[\"Coordinamento Nazionale dei Docenti della disciplina dei Diritti Umani\",\"giornata mondiale contro il lavoro minorile\",\"International Labour Organisation\",\"Organizzazione Internazionale del Lavoro\"],\"articleSection\":[\"Comunicati Stampa\",\"Diritti Umani\",\"Europa\"],\"inLanguage\":\"it-IT\"},{\"@type\":\"WebPage\",\"@id\":\"https:\/\/www.pressenza.com\/it\/2018\/06\/docenti-diritti-umani-giornata-mondiale-lavoro-minorile\/\",\"url\":\"https:\/\/www.pressenza.com\/it\/2018\/06\/docenti-diritti-umani-giornata-mondiale-lavoro-minorile\/\",\"name\":\"Docenti Diritti Umani e Giornata mondiale contro il lavoro minorile\",\"isPartOf\":{\"@id\":\"https:\/\/www.pressenza.com\/it\/#website\"},\"primaryImageOfPage\":{\"@id\":\"https:\/\/www.pressenza.com\/it\/2018\/06\/docenti-diritti-umani-giornata-mondiale-lavoro-minorile\/#primaryimage\"},\"image\":{\"@id\":\"https:\/\/www.pressenza.com\/it\/2018\/06\/docenti-diritti-umani-giornata-mondiale-lavoro-minorile\/#primaryimage\"},\"thumbnailUrl\":\"https:\/\/www.pressenza.com\/wp-content\/uploads\/2018\/06\/giornata-mondiale-contro-il-lavoro-minorile.jpg\",\"datePublished\":\"2018-06-08T17:42:36+00:00\",\"description\":\"Il prossimo 12 giugno si celebrer\u00e0 in tutto il mondo la giornata mondiale contro il lavoro minorile. Il Coordinamento Nazionale dei Docenti della\",\"breadcrumb\":{\"@id\":\"https:\/\/www.pressenza.com\/it\/2018\/06\/docenti-diritti-umani-giornata-mondiale-lavoro-minorile\/#breadcrumb\"},\"inLanguage\":\"it-IT\",\"potentialAction\":[{\"@type\":\"ReadAction\",\"target\":[\"https:\/\/www.pressenza.com\/it\/2018\/06\/docenti-diritti-umani-giornata-mondiale-lavoro-minorile\/\"]}]},{\"@type\":\"ImageObject\",\"inLanguage\":\"it-IT\",\"@id\":\"https:\/\/www.pressenza.com\/it\/2018\/06\/docenti-diritti-umani-giornata-mondiale-lavoro-minorile\/#primaryimage\",\"url\":\"https:\/\/www.pressenza.com\/wp-content\/uploads\/2018\/06\/giornata-mondiale-contro-il-lavoro-minorile.jpg\",\"contentUrl\":\"https:\/\/www.pressenza.com\/wp-content\/uploads\/2018\/06\/giornata-mondiale-contro-il-lavoro-minorile.jpg\",\"width\":740,\"height\":395},{\"@type\":\"BreadcrumbList\",\"@id\":\"https:\/\/www.pressenza.com\/it\/2018\/06\/docenti-diritti-umani-giornata-mondiale-lavoro-minorile\/#breadcrumb\",\"itemListElement\":[{\"@type\":\"ListItem\",\"position\":1,\"name\":\"Accueil\",\"item\":\"https:\/\/www.pressenza.com\/it\/\"},{\"@type\":\"ListItem\",\"position\":2,\"name\":\"Docenti Diritti Umani e Giornata mondiale contro il lavoro minorile\"}]},{\"@type\":\"WebSite\",\"@id\":\"https:\/\/www.pressenza.com\/it\/#website\",\"url\":\"https:\/\/www.pressenza.com\/it\/\",\"name\":\"Pressenza\",\"description\":\"Agenzia di Stampa Internazionale\",\"publisher\":{\"@id\":\"https:\/\/www.pressenza.com\/it\/#organization\"},\"potentialAction\":[{\"@type\":\"SearchAction\",\"target\":{\"@type\":\"EntryPoint\",\"urlTemplate\":\"https:\/\/www.pressenza.com\/it\/?s={search_term_string}\"},\"query-input\":{\"@type\":\"PropertyValueSpecification\",\"valueRequired\":true,\"valueName\":\"search_term_string\"}}],\"inLanguage\":\"it-IT\"},{\"@type\":\"Organization\",\"@id\":\"https:\/\/www.pressenza.com\/it\/#organization\",\"name\":\"Pressenza\",\"url\":\"https:\/\/www.pressenza.com\/it\/\",\"logo\":{\"@type\":\"ImageObject\",\"inLanguage\":\"it-IT\",\"@id\":\"https:\/\/www.pressenza.com\/it\/#\/schema\/logo\/image\/\",\"url\":\"https:\/\/www.pressenza.com\/wp-content\/uploads\/2022\/10\/pressenza_logo_200x200.jpg\",\"contentUrl\":\"https:\/\/www.pressenza.com\/wp-content\/uploads\/2022\/10\/pressenza_logo_200x200.jpg\",\"width\":200,\"height\":200,\"caption\":\"Pressenza\"},\"image\":{\"@id\":\"https:\/\/www.pressenza.com\/it\/#\/schema\/logo\/image\/\"},\"sameAs\":[\"https:\/\/www.facebook.com\/PressenzaItalia\",\"https:\/\/x.com\/PressenzaIPA\"]},{\"@type\":\"Person\",\"@id\":\"https:\/\/www.pressenza.com\/it\/#\/schema\/person\/d983e81827ae24f2c7b1a2123d197f8d\",\"name\":\"Redazione Italia\",\"description\":\"News from the Pressenza Bureau in Italy\",\"sameAs\":[\"https:\/\/www.pressenza.com\/it\/author\/redazione-italia\/\",\"https:\/\/www.facebook.com\/PressenzaItalia\",\"https:\/\/www.instagram.com\/pressenza_italia\/\",\"https:\/\/x.com\/pressenza_it\",\"https:\/\/www.youtube.com\/channel\/UCSalEIWjE1RSxkwjfftFuqg\"],\"url\":\"https:\/\/www.pressenza.com\/it\/author\/redazione-italia\/\"}]}<\/script>\n<!-- \/ Yoast SEO plugin. -->","yoast_head_json":{"title":"Docenti Diritti Umani e Giornata mondiale contro il lavoro minorile","description":"Il prossimo 12 giugno si celebrer\u00e0 in tutto il mondo la giornata mondiale contro il lavoro minorile. Il Coordinamento Nazionale dei Docenti della","robots":{"index":"index","follow":"follow","max-snippet":"max-snippet:-1","max-image-preview":"max-image-preview:large","max-video-preview":"max-video-preview:-1"},"canonical":"https:\/\/www.pressenza.com\/it\/2018\/06\/docenti-diritti-umani-giornata-mondiale-lavoro-minorile\/","og_locale":"it_IT","og_type":"article","og_title":"Docenti Diritti Umani e Giornata mondiale contro il lavoro minorile","og_description":"Il prossimo 12 giugno si celebrer\u00e0 in tutto il mondo la giornata mondiale contro il lavoro minorile. Il Coordinamento Nazionale dei Docenti della","og_url":"https:\/\/www.pressenza.com\/it\/2018\/06\/docenti-diritti-umani-giornata-mondiale-lavoro-minorile\/","og_site_name":"Pressenza","article_publisher":"https:\/\/www.facebook.com\/PressenzaItalia","article_author":"https:\/\/www.facebook.com\/PressenzaItalia","article_published_time":"2018-06-08T17:42:36+00:00","og_image":[{"width":740,"height":395,"url":"https:\/\/www.pressenza.com\/wp-content\/uploads\/2018\/06\/giornata-mondiale-contro-il-lavoro-minorile.jpg","type":"image\/jpeg"}],"author":"Redazione Italia","twitter_card":"summary_large_image","twitter_creator":"@pressenza_it","twitter_site":"@PressenzaIPA","twitter_misc":{"Scritto da":"Redazione Italia","Tempo di lettura stimato":"3 minuti"},"schema":{"@context":"https:\/\/schema.org","@graph":[{"@type":"Article","@id":"https:\/\/www.pressenza.com\/it\/2018\/06\/docenti-diritti-umani-giornata-mondiale-lavoro-minorile\/#article","isPartOf":{"@id":"https:\/\/www.pressenza.com\/it\/2018\/06\/docenti-diritti-umani-giornata-mondiale-lavoro-minorile\/"},"author":{"name":"Redazione Italia","@id":"https:\/\/www.pressenza.com\/it\/#\/schema\/person\/d983e81827ae24f2c7b1a2123d197f8d"},"headline":"Docenti Diritti Umani e Giornata mondiale contro il lavoro minorile","datePublished":"2018-06-08T17:42:36+00:00","mainEntityOfPage":{"@id":"https:\/\/www.pressenza.com\/it\/2018\/06\/docenti-diritti-umani-giornata-mondiale-lavoro-minorile\/"},"wordCount":516,"publisher":{"@id":"https:\/\/www.pressenza.com\/it\/#organization"},"image":{"@id":"https:\/\/www.pressenza.com\/it\/2018\/06\/docenti-diritti-umani-giornata-mondiale-lavoro-minorile\/#primaryimage"},"thumbnailUrl":"https:\/\/www.pressenza.com\/wp-content\/uploads\/2018\/06\/giornata-mondiale-contro-il-lavoro-minorile.jpg","keywords":["Coordinamento Nazionale dei Docenti della disciplina dei Diritti Umani","giornata mondiale contro il lavoro minorile","International Labour Organisation","Organizzazione Internazionale del Lavoro"],"articleSection":["Comunicati Stampa","Diritti Umani","Europa"],"inLanguage":"it-IT"},{"@type":"WebPage","@id":"https:\/\/www.pressenza.com\/it\/2018\/06\/docenti-diritti-umani-giornata-mondiale-lavoro-minorile\/","url":"https:\/\/www.pressenza.com\/it\/2018\/06\/docenti-diritti-umani-giornata-mondiale-lavoro-minorile\/","name":"Docenti Diritti Umani e Giornata mondiale contro il lavoro minorile","isPartOf":{"@id":"https:\/\/www.pressenza.com\/it\/#website"},"primaryImageOfPage":{"@id":"https:\/\/www.pressenza.com\/it\/2018\/06\/docenti-diritti-umani-giornata-mondiale-lavoro-minorile\/#primaryimage"},"image":{"@id":"https:\/\/www.pressenza.com\/it\/2018\/06\/docenti-diritti-umani-giornata-mondiale-lavoro-minorile\/#primaryimage"},"thumbnailUrl":"https:\/\/www.pressenza.com\/wp-content\/uploads\/2018\/06\/giornata-mondiale-contro-il-lavoro-minorile.jpg","datePublished":"2018-06-08T17:42:36+00:00","description":"Il prossimo 12 giugno si celebrer\u00e0 in tutto il mondo la giornata mondiale contro il lavoro minorile. Il Coordinamento Nazionale dei Docenti della","breadcrumb":{"@id":"https:\/\/www.pressenza.com\/it\/2018\/06\/docenti-diritti-umani-giornata-mondiale-lavoro-minorile\/#breadcrumb"},"inLanguage":"it-IT","potentialAction":[{"@type":"ReadAction","target":["https:\/\/www.pressenza.com\/it\/2018\/06\/docenti-diritti-umani-giornata-mondiale-lavoro-minorile\/"]}]},{"@type":"ImageObject","inLanguage":"it-IT","@id":"https:\/\/www.pressenza.com\/it\/2018\/06\/docenti-diritti-umani-giornata-mondiale-lavoro-minorile\/#primaryimage","url":"https:\/\/www.pressenza.com\/wp-content\/uploads\/2018\/06\/giornata-mondiale-contro-il-lavoro-minorile.jpg","contentUrl":"https:\/\/www.pressenza.com\/wp-content\/uploads\/2018\/06\/giornata-mondiale-contro-il-lavoro-minorile.jpg","width":740,"height":395},{"@type":"BreadcrumbList","@id":"https:\/\/www.pressenza.com\/it\/2018\/06\/docenti-diritti-umani-giornata-mondiale-lavoro-minorile\/#breadcrumb","itemListElement":[{"@type":"ListItem","position":1,"name":"Accueil","item":"https:\/\/www.pressenza.com\/it\/"},{"@type":"ListItem","position":2,"name":"Docenti Diritti Umani e Giornata mondiale contro il lavoro minorile"}]},{"@type":"WebSite","@id":"https:\/\/www.pressenza.com\/it\/#website","url":"https:\/\/www.pressenza.com\/it\/","name":"Pressenza","description":"Agenzia di Stampa Internazionale","publisher":{"@id":"https:\/\/www.pressenza.com\/it\/#organization"},"potentialAction":[{"@type":"SearchAction","target":{"@type":"EntryPoint","urlTemplate":"https:\/\/www.pressenza.com\/it\/?s={search_term_string}"},"query-input":{"@type":"PropertyValueSpecification","valueRequired":true,"valueName":"search_term_string"}}],"inLanguage":"it-IT"},{"@type":"Organization","@id":"https:\/\/www.pressenza.com\/it\/#organization","name":"Pressenza","url":"https:\/\/www.pressenza.com\/it\/","logo":{"@type":"ImageObject","inLanguage":"it-IT","@id":"https:\/\/www.pressenza.com\/it\/#\/schema\/logo\/image\/","url":"https:\/\/www.pressenza.com\/wp-content\/uploads\/2022\/10\/pressenza_logo_200x200.jpg","contentUrl":"https:\/\/www.pressenza.com\/wp-content\/uploads\/2022\/10\/pressenza_logo_200x200.jpg","width":200,"height":200,"caption":"Pressenza"},"image":{"@id":"https:\/\/www.pressenza.com\/it\/#\/schema\/logo\/image\/"},"sameAs":["https:\/\/www.facebook.com\/PressenzaItalia","https:\/\/x.com\/PressenzaIPA"]},{"@type":"Person","@id":"https:\/\/www.pressenza.com\/it\/#\/schema\/person\/d983e81827ae24f2c7b1a2123d197f8d","name":"Redazione Italia","description":"News from the Pressenza Bureau in Italy","sameAs":["https:\/\/www.pressenza.com\/it\/author\/redazione-italia\/","https:\/\/www.facebook.com\/PressenzaItalia","https:\/\/www.instagram.com\/pressenza_italia\/","https:\/\/x.com\/pressenza_it","https:\/\/www.youtube.com\/channel\/UCSalEIWjE1RSxkwjfftFuqg"],"url":"https:\/\/www.pressenza.com\/it\/author\/redazione-italia\/"}]}},"place":"","original_article_url":"","_links":{"self":[{"href":"https:\/\/www.pressenza.com\/it\/wp-json\/wp\/v2\/posts\/654720","targetHints":{"allow":["GET"]}}],"collection":[{"href":"https:\/\/www.pressenza.com\/it\/wp-json\/wp\/v2\/posts"}],"about":[{"href":"https:\/\/www.pressenza.com\/it\/wp-json\/wp\/v2\/types\/post"}],"author":[{"embeddable":true,"href":"https:\/\/www.pressenza.com\/it\/wp-json\/wp\/v2\/users\/594"}],"replies":[{"embeddable":true,"href":"https:\/\/www.pressenza.com\/it\/wp-json\/wp\/v2\/comments?post=654720"}],"version-history":[{"count":0,"href":"https:\/\/www.pressenza.com\/it\/wp-json\/wp\/v2\/posts\/654720\/revisions"}],"wp:featuredmedia":[{"embeddable":true,"href":"https:\/\/www.pressenza.com\/it\/wp-json\/wp\/v2\/media\/654721"}],"wp:attachment":[{"href":"https:\/\/www.pressenza.com\/it\/wp-json\/wp\/v2\/media?parent=654720"}],"wp:term":[{"taxonomy":"category","embeddable":true,"href":"https:\/\/www.pressenza.com\/it\/wp-json\/wp\/v2\/categories?post=654720"},{"taxonomy":"post_tag","embeddable":true,"href":"https:\/\/www.pressenza.com\/it\/wp-json\/wp\/v2\/tags?post=654720"}],"curies":[{"name":"wp","href":"https:\/\/api.w.org\/{rel}","templated":true}]}}