{"id":653133,"date":"2018-06-06T14:43:03","date_gmt":"2018-06-06T13:43:03","guid":{"rendered":"https:\/\/www.pressenza.com\/?p=653133"},"modified":"2018-06-06T18:01:14","modified_gmt":"2018-06-06T17:01:14","slug":"ramallah-ancora-sangue-odio-sparati-un-ragazzino","status":"publish","type":"post","link":"https:\/\/www.pressenza.com\/it\/2018\/06\/ramallah-ancora-sangue-odio-sparati-un-ragazzino\/","title":{"rendered":"Da Ramallah. Ancora sangue e odio sparati su un ragazzino"},"content":{"rendered":"<p>Nel villaggio di Nabi Saleh, assurto alcuni mesi fa agli onori della cronaca per l&#8217;arresto della giovane Ahed Tamimi, della mamma, colpevole di andare a chiedere sue notizie, della cugina, colpevole a sua volta di aver gridato contro i soldati occupanti e del cugino, colpito e devastato da un proiettile in pieno volto e poi arrestato, i soldati hanno fatto una nuova vittima in modo al tempo stesso assurdo e crudele.<\/p>\n<p>Izz Abdelafez Tamimi, un ragazzino di 15 anni della stessa grande e sfortunata famiglia,\u00a0 \u00e8 stato colpito alla gola da un soldato israeliano.<\/p>\n<p>E&#8217; una morte di &#8220;routine&#8221;, non farebbe neanche notizia se il caso non ci avesse portato ad assistere all&#8217;incredibile dinamica che ha reso ancora una volta evidente la crudelt\u00e0 dei soldati dell&#8217;esercito che, a nessun titolo, viene definito il pi\u00f9 morale del mondo.<\/p>\n<p>Incredibile non in s\u00e9, purtroppo la morte da queste parti \u00e8 sempre in agguato, ma soltanto perch\u00e9 si tratta dell&#8217;azione di soldati di uno Stato che ambisce ad essere definito democratico. E&#8217; vero che anche nei &#8220;democratici&#8221; States, di queste esecuzioni, generalmente contro uomini di origine africana ce ne sono a volont\u00e0 e a nessuno viene in mente di privare gli USA della qualifica di nazione democratica, ma questo non impedisce, a chi al termine attribuisce un significato autentico, di notarne l&#8217;orrore e le contraddizioni.<\/p>\n<p>Una cosa unisce gli USA ad Israele, anche mettendo da parte la protezione (ormai fattasi\u00a0<b>pubblicamente<\/b>\u00a0vera e propria connivenza) dei primi sul secondo. Ci\u00f2 che li unisce \u00e8 un sottile e sempre riaffiorante razzismo. Per gli Usa lo \u00e8 verso i neri, come attestano i numerosi casi che riescono ad emergere grazie a chi questo razzismo lo detesta e lo denuncia filmandolo, per Israele lo \u00e8 nei confronti dei palestinesi come mostrano i casi quotidiani, sia quando si tratta di immotivati assassinii, sia quando si tratta di arresti, sia quando si tratta di mortificazioni quotidiane come quelle cui abbiamo il &#8220;privilegio&#8221; di assistere stando qui, ad esempio tra la gente che prende i bus pubblici e che, se palestinese, \u00e8 costretta a scendere a comando dei soldati per essere controllata fuori del bus, allineata come gregge alla merc\u00e9 dei controllori e dei loro capricci.<\/p>\n<p>Stamattina i soldati dell&#8217;IDF hanno dato ulteriore prova di questo loro sentire, non solo sparando al collo di un ragazzo colpevole di aver lanciato dei sassi contro le camionette che andavano a devastare il suo villaggio cercando la preda quotidiana, ma impedendo ai suoi familiari di soccorrerlo e portarlo in ospedale.<\/p>\n<p>Video girati clandestinamente col cellulare, certo non di buona qualit\u00e0, ma inattaccabili come testimonianza, mostrano la crudelt\u00e0 inutile dei soldati in risposta al dolore e alla rabbia degli abitanti che gridano mustashf\u00e0, cio\u00e8 ospedale, e che provano a ripetere in inglese, come fosse un problema di lingua, la richiesta di portare subito il ragazzo in ospedale. No, semmai verr\u00e0 arrestato, perch\u00e9 non \u00e8 la prima volta che i soldati israeliani arrestano ragazzi moribondi, ma tanto una ferita al collo \u00e8 un colpo destinato ad uccidere e ci sarebbe stato poco da fare.<\/p>\n<p>Quello che colpisce noi, osservatori casuali dell&#8217;omicidio, ma conoscitori da tanti anni della realt\u00e0 palestinese, \u00e8 la totale mancanza di pietas. Quel sovrappi\u00f9 che si aggiunge alla gi\u00e0 illegale e crudele occupazione e allo stesso omicidio, commesso come fosse la pratica burocratica di un annoiato impiegato del catasto.<\/p>\n<p>Questa disumanizzazione dell&#8217;altro, tipica dei regimi di apartheid, occulta o manifesta che sia, non solo \u00e8 un&#8217;officina di odio, ma ha un effetto specchio: disumanizzando la vittima, disumanizza il carnefice. Questo \u00e8 ci\u00f2 che si percepisce sempre di pi\u00f9 vivendo nei Territori palestinesi occupati e quindi, per necessit\u00e0, a continuo contatto con Israele.<\/p>\n<p>L&#8217;omicidio del giovane Izz Abdel Tamimi, che forse verr\u00e0 ignorato dai media mainstream, o forse verr\u00e0 infilato nella categoria &#8220;scontri&#8221; sempre adatta a giustificare i killer, \u00e8 un&#8217;ulteriore conferma di questa perdita costante di decenza\u00a0 umana dalla quale Israele sembra ormai affetto senza possibilit\u00e0 di cura. Gli stessi, pochi israeliani, che manifestano contro questi avvenimenti vengono dileggiati o ignorati, e questo \u00e8 un altro sintomo del male.<\/p>\n<div>\n<p>Per oggi da Ramallah \u00e8 tutto, ma la giornata \u00e8 ancora lunga e il nuovo martire non aiuta certo a sperare che la pace sia dietro l&#8217;angolo.<\/p>\n<\/div>\n","protected":false},"excerpt":{"rendered":"<p>Nel villaggio di Nabi Saleh, assurto alcuni mesi fa agli onori della cronaca per l&#8217;arresto della giovane Ahed Tamimi, della mamma, colpevole di andare a chiedere sue notizie, della cugina, colpevole a sua volta di aver gridato contro i soldati&hellip;<\/p>\n","protected":false},"author":1522,"featured_media":653136,"comment_status":"closed","ping_status":"closed","sticky":false,"template":"","format":"standard","meta":{"footnotes":""},"categories":[11388,60,52],"tags":[778,46782,1227,26639],"class_list":["post-653133","post","type-post","status-publish","format-standard","has-post-thumbnail","hentry","category-contenuti-originali","category-diritti-umani","category-medio-oriente","tag-israele","tag-izz-abdelafez-tamimi","tag-palestina-it","tag-ramallah"],"yoast_head":"<!-- This site is optimized with the Yoast SEO plugin v27.1.1 - https:\/\/yoast.com\/product\/yoast-seo-wordpress\/ -->\n<title>Da Ramallah. Ancora sangue e odio sparati su un ragazzino<\/title>\n<meta name=\"description\" content=\"Nel villaggio di Nabi Saleh, assurto alcuni mesi fa agli onori della cronaca per l&#039;arresto della giovane Ahed Tamimi, della mamma, colpevole di andare a\" \/>\n<meta name=\"robots\" content=\"index, follow, max-snippet:-1, max-image-preview:large, max-video-preview:-1\" \/>\n<link rel=\"canonical\" href=\"https:\/\/www.pressenza.com\/it\/2018\/06\/ramallah-ancora-sangue-odio-sparati-un-ragazzino\/\" \/>\n<meta property=\"og:locale\" content=\"it_IT\" \/>\n<meta property=\"og:type\" content=\"article\" \/>\n<meta property=\"og:title\" content=\"Da Ramallah. Ancora sangue e odio sparati su un ragazzino\" \/>\n<meta property=\"og:description\" content=\"Nel villaggio di Nabi Saleh, assurto alcuni mesi fa agli onori della cronaca per l&#039;arresto della giovane Ahed Tamimi, della mamma, colpevole di andare a\" \/>\n<meta property=\"og:url\" content=\"https:\/\/www.pressenza.com\/it\/2018\/06\/ramallah-ancora-sangue-odio-sparati-un-ragazzino\/\" \/>\n<meta property=\"og:site_name\" content=\"Pressenza\" \/>\n<meta property=\"article:publisher\" content=\"https:\/\/www.facebook.com\/PressenzaItalia\" \/>\n<meta property=\"article:published_time\" content=\"2018-06-06T13:43:03+00:00\" \/>\n<meta property=\"article:modified_time\" content=\"2018-06-06T17:01:14+00:00\" \/>\n<meta property=\"og:image\" content=\"https:\/\/www.pressenza.com\/wp-content\/uploads\/2018\/06\/Izz-Abdel-Tamimi.jpg\" \/>\n\t<meta property=\"og:image:width\" content=\"750\" \/>\n\t<meta property=\"og:image:height\" content=\"442\" \/>\n\t<meta property=\"og:image:type\" content=\"image\/jpeg\" \/>\n<meta name=\"author\" content=\"Paolo Loreto\" \/>\n<meta name=\"twitter:card\" content=\"summary_large_image\" \/>\n<meta name=\"twitter:creator\" content=\"@PressenzaIPA\" \/>\n<meta name=\"twitter:site\" content=\"@PressenzaIPA\" \/>\n<meta name=\"twitter:label1\" content=\"Scritto da\" \/>\n\t<meta name=\"twitter:data1\" content=\"Paolo Loreto\" \/>\n\t<meta name=\"twitter:label2\" content=\"Tempo di lettura stimato\" \/>\n\t<meta name=\"twitter:data2\" content=\"3 minuti\" \/>\n<script type=\"application\/ld+json\" class=\"yoast-schema-graph\">{\"@context\":\"https:\/\/schema.org\",\"@graph\":[{\"@type\":\"Article\",\"@id\":\"https:\/\/www.pressenza.com\/it\/2018\/06\/ramallah-ancora-sangue-odio-sparati-un-ragazzino\/#article\",\"isPartOf\":{\"@id\":\"https:\/\/www.pressenza.com\/it\/2018\/06\/ramallah-ancora-sangue-odio-sparati-un-ragazzino\/\"},\"author\":{\"name\":\"Paolo Loreto\",\"@id\":\"https:\/\/www.pressenza.com\/it\/#\/schema\/person\/597768a6d5e7641518f1fe4cf9817938\"},\"headline\":\"Da Ramallah. Ancora sangue e odio sparati su un ragazzino\",\"datePublished\":\"2018-06-06T13:43:03+00:00\",\"dateModified\":\"2018-06-06T17:01:14+00:00\",\"mainEntityOfPage\":{\"@id\":\"https:\/\/www.pressenza.com\/it\/2018\/06\/ramallah-ancora-sangue-odio-sparati-un-ragazzino\/\"},\"wordCount\":711,\"publisher\":{\"@id\":\"https:\/\/www.pressenza.com\/it\/#organization\"},\"image\":{\"@id\":\"https:\/\/www.pressenza.com\/it\/2018\/06\/ramallah-ancora-sangue-odio-sparati-un-ragazzino\/#primaryimage\"},\"thumbnailUrl\":\"https:\/\/www.pressenza.com\/wp-content\/uploads\/2018\/06\/Izz-Abdel-Tamimi.jpg\",\"keywords\":[\"Israele\",\"Izz Abdelafez Tamimi\",\"Palestina\",\"Ramallah\"],\"articleSection\":[\"contenuti originali\",\"Diritti Umani\",\"Medio Oriente\"],\"inLanguage\":\"it-IT\"},{\"@type\":\"WebPage\",\"@id\":\"https:\/\/www.pressenza.com\/it\/2018\/06\/ramallah-ancora-sangue-odio-sparati-un-ragazzino\/\",\"url\":\"https:\/\/www.pressenza.com\/it\/2018\/06\/ramallah-ancora-sangue-odio-sparati-un-ragazzino\/\",\"name\":\"Da Ramallah. Ancora sangue e odio sparati su un ragazzino\",\"isPartOf\":{\"@id\":\"https:\/\/www.pressenza.com\/it\/#website\"},\"primaryImageOfPage\":{\"@id\":\"https:\/\/www.pressenza.com\/it\/2018\/06\/ramallah-ancora-sangue-odio-sparati-un-ragazzino\/#primaryimage\"},\"image\":{\"@id\":\"https:\/\/www.pressenza.com\/it\/2018\/06\/ramallah-ancora-sangue-odio-sparati-un-ragazzino\/#primaryimage\"},\"thumbnailUrl\":\"https:\/\/www.pressenza.com\/wp-content\/uploads\/2018\/06\/Izz-Abdel-Tamimi.jpg\",\"datePublished\":\"2018-06-06T13:43:03+00:00\",\"dateModified\":\"2018-06-06T17:01:14+00:00\",\"description\":\"Nel villaggio di Nabi Saleh, assurto alcuni mesi fa agli onori della cronaca per l'arresto della giovane Ahed Tamimi, della mamma, colpevole di andare a\",\"breadcrumb\":{\"@id\":\"https:\/\/www.pressenza.com\/it\/2018\/06\/ramallah-ancora-sangue-odio-sparati-un-ragazzino\/#breadcrumb\"},\"inLanguage\":\"it-IT\",\"potentialAction\":[{\"@type\":\"ReadAction\",\"target\":[\"https:\/\/www.pressenza.com\/it\/2018\/06\/ramallah-ancora-sangue-odio-sparati-un-ragazzino\/\"]}]},{\"@type\":\"ImageObject\",\"inLanguage\":\"it-IT\",\"@id\":\"https:\/\/www.pressenza.com\/it\/2018\/06\/ramallah-ancora-sangue-odio-sparati-un-ragazzino\/#primaryimage\",\"url\":\"https:\/\/www.pressenza.com\/wp-content\/uploads\/2018\/06\/Izz-Abdel-Tamimi.jpg\",\"contentUrl\":\"https:\/\/www.pressenza.com\/wp-content\/uploads\/2018\/06\/Izz-Abdel-Tamimi.jpg\",\"width\":750,\"height\":442},{\"@type\":\"BreadcrumbList\",\"@id\":\"https:\/\/www.pressenza.com\/it\/2018\/06\/ramallah-ancora-sangue-odio-sparati-un-ragazzino\/#breadcrumb\",\"itemListElement\":[{\"@type\":\"ListItem\",\"position\":1,\"name\":\"Accueil\",\"item\":\"https:\/\/www.pressenza.com\/it\/\"},{\"@type\":\"ListItem\",\"position\":2,\"name\":\"Da Ramallah. Ancora sangue e odio sparati su un ragazzino\"}]},{\"@type\":\"WebSite\",\"@id\":\"https:\/\/www.pressenza.com\/it\/#website\",\"url\":\"https:\/\/www.pressenza.com\/it\/\",\"name\":\"Pressenza\",\"description\":\"Agenzia di Stampa Internazionale\",\"publisher\":{\"@id\":\"https:\/\/www.pressenza.com\/it\/#organization\"},\"potentialAction\":[{\"@type\":\"SearchAction\",\"target\":{\"@type\":\"EntryPoint\",\"urlTemplate\":\"https:\/\/www.pressenza.com\/it\/?s={search_term_string}\"},\"query-input\":{\"@type\":\"PropertyValueSpecification\",\"valueRequired\":true,\"valueName\":\"search_term_string\"}}],\"inLanguage\":\"it-IT\"},{\"@type\":\"Organization\",\"@id\":\"https:\/\/www.pressenza.com\/it\/#organization\",\"name\":\"Pressenza\",\"url\":\"https:\/\/www.pressenza.com\/it\/\",\"logo\":{\"@type\":\"ImageObject\",\"inLanguage\":\"it-IT\",\"@id\":\"https:\/\/www.pressenza.com\/it\/#\/schema\/logo\/image\/\",\"url\":\"https:\/\/www.pressenza.com\/wp-content\/uploads\/2022\/10\/pressenza_logo_200x200.jpg\",\"contentUrl\":\"https:\/\/www.pressenza.com\/wp-content\/uploads\/2022\/10\/pressenza_logo_200x200.jpg\",\"width\":200,\"height\":200,\"caption\":\"Pressenza\"},\"image\":{\"@id\":\"https:\/\/www.pressenza.com\/it\/#\/schema\/logo\/image\/\"},\"sameAs\":[\"https:\/\/www.facebook.com\/PressenzaItalia\",\"https:\/\/x.com\/PressenzaIPA\"]},{\"@type\":\"Person\",\"@id\":\"https:\/\/www.pressenza.com\/it\/#\/schema\/person\/597768a6d5e7641518f1fe4cf9817938\",\"name\":\"Paolo Loreto\",\"description\":\"Classe '77, laureato in Scienze politiche. Esperienze di volontariato in Nepal, Palestina, Guatemala. Attivista per i diritti umani e free lance per passione da oltre 15 anni. Racconta le sue esperienze nei paesi in cui svolge volontariato, attraverso articoli di stampa come testimone diretto.\",\"url\":\"https:\/\/www.pressenza.com\/it\/author\/paolo-loreto\/\"}]}<\/script>\n<!-- \/ Yoast SEO plugin. -->","yoast_head_json":{"title":"Da Ramallah. Ancora sangue e odio sparati su un ragazzino","description":"Nel villaggio di Nabi Saleh, assurto alcuni mesi fa agli onori della cronaca per l'arresto della giovane Ahed Tamimi, della mamma, colpevole di andare a","robots":{"index":"index","follow":"follow","max-snippet":"max-snippet:-1","max-image-preview":"max-image-preview:large","max-video-preview":"max-video-preview:-1"},"canonical":"https:\/\/www.pressenza.com\/it\/2018\/06\/ramallah-ancora-sangue-odio-sparati-un-ragazzino\/","og_locale":"it_IT","og_type":"article","og_title":"Da Ramallah. Ancora sangue e odio sparati su un ragazzino","og_description":"Nel villaggio di Nabi Saleh, assurto alcuni mesi fa agli onori della cronaca per l'arresto della giovane Ahed Tamimi, della mamma, colpevole di andare a","og_url":"https:\/\/www.pressenza.com\/it\/2018\/06\/ramallah-ancora-sangue-odio-sparati-un-ragazzino\/","og_site_name":"Pressenza","article_publisher":"https:\/\/www.facebook.com\/PressenzaItalia","article_published_time":"2018-06-06T13:43:03+00:00","article_modified_time":"2018-06-06T17:01:14+00:00","og_image":[{"width":750,"height":442,"url":"https:\/\/www.pressenza.com\/wp-content\/uploads\/2018\/06\/Izz-Abdel-Tamimi.jpg","type":"image\/jpeg"}],"author":"Paolo Loreto","twitter_card":"summary_large_image","twitter_creator":"@PressenzaIPA","twitter_site":"@PressenzaIPA","twitter_misc":{"Scritto da":"Paolo Loreto","Tempo di lettura stimato":"3 minuti"},"schema":{"@context":"https:\/\/schema.org","@graph":[{"@type":"Article","@id":"https:\/\/www.pressenza.com\/it\/2018\/06\/ramallah-ancora-sangue-odio-sparati-un-ragazzino\/#article","isPartOf":{"@id":"https:\/\/www.pressenza.com\/it\/2018\/06\/ramallah-ancora-sangue-odio-sparati-un-ragazzino\/"},"author":{"name":"Paolo Loreto","@id":"https:\/\/www.pressenza.com\/it\/#\/schema\/person\/597768a6d5e7641518f1fe4cf9817938"},"headline":"Da Ramallah. Ancora sangue e odio sparati su un ragazzino","datePublished":"2018-06-06T13:43:03+00:00","dateModified":"2018-06-06T17:01:14+00:00","mainEntityOfPage":{"@id":"https:\/\/www.pressenza.com\/it\/2018\/06\/ramallah-ancora-sangue-odio-sparati-un-ragazzino\/"},"wordCount":711,"publisher":{"@id":"https:\/\/www.pressenza.com\/it\/#organization"},"image":{"@id":"https:\/\/www.pressenza.com\/it\/2018\/06\/ramallah-ancora-sangue-odio-sparati-un-ragazzino\/#primaryimage"},"thumbnailUrl":"https:\/\/www.pressenza.com\/wp-content\/uploads\/2018\/06\/Izz-Abdel-Tamimi.jpg","keywords":["Israele","Izz Abdelafez Tamimi","Palestina","Ramallah"],"articleSection":["contenuti originali","Diritti Umani","Medio Oriente"],"inLanguage":"it-IT"},{"@type":"WebPage","@id":"https:\/\/www.pressenza.com\/it\/2018\/06\/ramallah-ancora-sangue-odio-sparati-un-ragazzino\/","url":"https:\/\/www.pressenza.com\/it\/2018\/06\/ramallah-ancora-sangue-odio-sparati-un-ragazzino\/","name":"Da Ramallah. Ancora sangue e odio sparati su un ragazzino","isPartOf":{"@id":"https:\/\/www.pressenza.com\/it\/#website"},"primaryImageOfPage":{"@id":"https:\/\/www.pressenza.com\/it\/2018\/06\/ramallah-ancora-sangue-odio-sparati-un-ragazzino\/#primaryimage"},"image":{"@id":"https:\/\/www.pressenza.com\/it\/2018\/06\/ramallah-ancora-sangue-odio-sparati-un-ragazzino\/#primaryimage"},"thumbnailUrl":"https:\/\/www.pressenza.com\/wp-content\/uploads\/2018\/06\/Izz-Abdel-Tamimi.jpg","datePublished":"2018-06-06T13:43:03+00:00","dateModified":"2018-06-06T17:01:14+00:00","description":"Nel villaggio di Nabi Saleh, assurto alcuni mesi fa agli onori della cronaca per l'arresto della giovane Ahed Tamimi, della mamma, colpevole di andare a","breadcrumb":{"@id":"https:\/\/www.pressenza.com\/it\/2018\/06\/ramallah-ancora-sangue-odio-sparati-un-ragazzino\/#breadcrumb"},"inLanguage":"it-IT","potentialAction":[{"@type":"ReadAction","target":["https:\/\/www.pressenza.com\/it\/2018\/06\/ramallah-ancora-sangue-odio-sparati-un-ragazzino\/"]}]},{"@type":"ImageObject","inLanguage":"it-IT","@id":"https:\/\/www.pressenza.com\/it\/2018\/06\/ramallah-ancora-sangue-odio-sparati-un-ragazzino\/#primaryimage","url":"https:\/\/www.pressenza.com\/wp-content\/uploads\/2018\/06\/Izz-Abdel-Tamimi.jpg","contentUrl":"https:\/\/www.pressenza.com\/wp-content\/uploads\/2018\/06\/Izz-Abdel-Tamimi.jpg","width":750,"height":442},{"@type":"BreadcrumbList","@id":"https:\/\/www.pressenza.com\/it\/2018\/06\/ramallah-ancora-sangue-odio-sparati-un-ragazzino\/#breadcrumb","itemListElement":[{"@type":"ListItem","position":1,"name":"Accueil","item":"https:\/\/www.pressenza.com\/it\/"},{"@type":"ListItem","position":2,"name":"Da Ramallah. Ancora sangue e odio sparati su un ragazzino"}]},{"@type":"WebSite","@id":"https:\/\/www.pressenza.com\/it\/#website","url":"https:\/\/www.pressenza.com\/it\/","name":"Pressenza","description":"Agenzia di Stampa Internazionale","publisher":{"@id":"https:\/\/www.pressenza.com\/it\/#organization"},"potentialAction":[{"@type":"SearchAction","target":{"@type":"EntryPoint","urlTemplate":"https:\/\/www.pressenza.com\/it\/?s={search_term_string}"},"query-input":{"@type":"PropertyValueSpecification","valueRequired":true,"valueName":"search_term_string"}}],"inLanguage":"it-IT"},{"@type":"Organization","@id":"https:\/\/www.pressenza.com\/it\/#organization","name":"Pressenza","url":"https:\/\/www.pressenza.com\/it\/","logo":{"@type":"ImageObject","inLanguage":"it-IT","@id":"https:\/\/www.pressenza.com\/it\/#\/schema\/logo\/image\/","url":"https:\/\/www.pressenza.com\/wp-content\/uploads\/2022\/10\/pressenza_logo_200x200.jpg","contentUrl":"https:\/\/www.pressenza.com\/wp-content\/uploads\/2022\/10\/pressenza_logo_200x200.jpg","width":200,"height":200,"caption":"Pressenza"},"image":{"@id":"https:\/\/www.pressenza.com\/it\/#\/schema\/logo\/image\/"},"sameAs":["https:\/\/www.facebook.com\/PressenzaItalia","https:\/\/x.com\/PressenzaIPA"]},{"@type":"Person","@id":"https:\/\/www.pressenza.com\/it\/#\/schema\/person\/597768a6d5e7641518f1fe4cf9817938","name":"Paolo Loreto","description":"Classe '77, laureato in Scienze politiche. Esperienze di volontariato in Nepal, Palestina, Guatemala. Attivista per i diritti umani e free lance per passione da oltre 15 anni. Racconta le sue esperienze nei paesi in cui svolge volontariato, attraverso articoli di stampa come testimone diretto.","url":"https:\/\/www.pressenza.com\/it\/author\/paolo-loreto\/"}]}},"place":"Ramallah","original_article_url":"","_links":{"self":[{"href":"https:\/\/www.pressenza.com\/it\/wp-json\/wp\/v2\/posts\/653133","targetHints":{"allow":["GET"]}}],"collection":[{"href":"https:\/\/www.pressenza.com\/it\/wp-json\/wp\/v2\/posts"}],"about":[{"href":"https:\/\/www.pressenza.com\/it\/wp-json\/wp\/v2\/types\/post"}],"author":[{"embeddable":true,"href":"https:\/\/www.pressenza.com\/it\/wp-json\/wp\/v2\/users\/1522"}],"replies":[{"embeddable":true,"href":"https:\/\/www.pressenza.com\/it\/wp-json\/wp\/v2\/comments?post=653133"}],"version-history":[{"count":0,"href":"https:\/\/www.pressenza.com\/it\/wp-json\/wp\/v2\/posts\/653133\/revisions"}],"wp:featuredmedia":[{"embeddable":true,"href":"https:\/\/www.pressenza.com\/it\/wp-json\/wp\/v2\/media\/653136"}],"wp:attachment":[{"href":"https:\/\/www.pressenza.com\/it\/wp-json\/wp\/v2\/media?parent=653133"}],"wp:term":[{"taxonomy":"category","embeddable":true,"href":"https:\/\/www.pressenza.com\/it\/wp-json\/wp\/v2\/categories?post=653133"},{"taxonomy":"post_tag","embeddable":true,"href":"https:\/\/www.pressenza.com\/it\/wp-json\/wp\/v2\/tags?post=653133"}],"curies":[{"name":"wp","href":"https:\/\/api.w.org\/{rel}","templated":true}]}}