{"id":652320,"date":"2018-06-05T11:43:56","date_gmt":"2018-06-05T10:43:56","guid":{"rendered":"https:\/\/www.pressenza.com\/?p=652320"},"modified":"2018-06-05T11:43:56","modified_gmt":"2018-06-05T10:43:56","slug":"varato-governo-rete-disarmo-chiede-un-confronto","status":"publish","type":"post","link":"https:\/\/www.pressenza.com\/it\/2018\/06\/varato-governo-rete-disarmo-chiede-un-confronto\/","title":{"rendered":"Varato il nuovo Governo: Rete Disarmo chiede un confronto"},"content":{"rendered":"<p>Nei giorni scorsi si \u00e8 concretizzata la formazione del nuovo Governo, dopo diverse settimane di stallo politico. Come gi\u00e0 fatto nelle precedenti Legislature\u00a0<b>la Rete\u00a0 italiana per il Disarmo, oltre ad augurare un buon lavoro al nuovo Esecutivo, si mette a disposizione per un confronto costruttivo<\/b>\u00a0sui temi e sulle proposte che ne contraddistinguono l&#8217;azione e le campagne, chiedendo quindi di poter concretizzare un incontro appena possibile.<\/p>\n<p>Lo stesso invito viene\u00a0<b>avanzato alle forze politiche presenti in Parlamento, che finalmente potranno iniziare a lavorare nel merito delle questioni grazie alla prossima costituzione e formazione delle Commissioni<\/b>\u00a0permanenti di Camera e Senato.<\/p>\n<p>La nostra Rete in particolare cercher\u00e0 di\u00a0<b>organizzare a breve un primo confronto con le Commissioni Esteri e Difesa, a partire dai punti tematici fondamentali della nostra azione<\/b>\u00a0gi\u00e0 individuati e proposti ai candidati nel corso della campagna elettorale. Tali punti, che saranno oggetto della nostra attivit\u00e0 nei mesi a venire, riguardano in particolare: il\u00a0<b>controllo dell\u2019export militare<\/b>\u00a0italiano, la\u00a0<b>riduzione della spesa militare<\/b>, la ridefinizione di\u00a0<b>obiettivi e strumenti delle missioni militari<\/b>\u00a0all\u2019estero, la partecipazione dell\u2019Italia a\u00a0<b>processi concreti di disarmo nucleare<\/b>, il\u00a0<b>definanziamento della produzione di mine anti-persona<\/b>\u00a0e cluster bombs, la\u00a0<b>messa al bando preventiva delle armi completamente autonome<\/b>, la\u00a0<b>difesa civile non armata e nonviolenta<\/b>, le azioni di\u00a0<b>controllo sull\u2019utilizzo dei droni\u00a0<\/b>armati.<\/p>\n<p>****************************<\/p>\n<p>Punti dettagliati della piattaforma tematica che Rete Disarmo intende porre all\u2019attenzione di Governo e Parlamento<\/p>\n<div><\/div>\n<div><\/div>\n<div><b>Controllo dell\u2019export militare italiano, giunto ai massimi degli ultimi decenni e sempre pi\u00f9 diretto in aree problematiche o di conflitto<\/b><\/div>\n<div><\/div>\n<div><b>Promuovere il blocco delle vendite di armi italiane alle parti coinvolte nel sanguinoso conflitto in Yemen<\/b>, come richiesto da diverse risoluzioni del Parlamento Europeo e come deciso recentemente anche nell\u2019accodo di &#8220;Grosse Koalition\u201d in Germania, e v<b>erso Israele vista l\u2019escalation pericolosa e problematica del conflitto a Gaza<\/b>. Queste decisioni sanerebbero la palese violazione della legge 185\/90 (che impedisce l\u2019export militare verso Paesi in conflitto armato) e in particolare fermerebbe, nel caso dello Yemen, la complicit\u00e0 italiana in una delle pi\u00f9 devastanti guerre in corso, che ha prodotto una crisi umanitaria tra le pi\u00f9 gravi degli ultimi decenni. In generale sul tema dell\u2019export di armamenti sarebbero necessari miglioramenti in termini di trasparenza e responsabilit\u00e0 nelle autorizzazioni governative.<\/div>\n<div><\/div>\n<div><\/div>\n<div><b>Riduzione della spesa militare, sempre in aumento negli ultimi anni e sempre pi\u00f9 destinata all\u2019acquisto di nuovi armamenti (con fondi extra Bilancio della Difesa)<\/b><\/div>\n<div><\/div>\n<div><b>Promuovere atti normativi e di indirizzo che puntino a diminuire del 10% la spesa militare italiana destinando i fondi cos\u00ec recuperati al welfare, alla scuola, alla sanit\u00e0, alla cooperazione internazionale<\/b>\u00a0(come richiesto in particolare dalla Global Campaign on Military Spending). Una tale riconversione della spesa pubblica garantirebbe il sostegno a politiche pubbliche pi\u00f9 utili e convenienti per i cittadini, oltre che un sostegno fattivo al raggiungimento degli Obiettivi di Sviluppo Sostenibile promossi dalle Nazioni Unite.<\/div>\n<div><\/div>\n<p>&nbsp;<\/p>\n<div><b>Ridefinizione di obiettivi e strumenti delle missioni su suolo estero del nostro Paese<\/b><\/div>\n<div><\/div>\n<div><b>Promuovere atti normativi e di indirizzo che ridefiniscano scopi, strumenti, approcci delle missioni militari (e non solo) all\u2019estero cui l\u2019Italia partecipa, aprendo un dibattito pubblico e trasparente<\/b>\u00a0sulla questione. Le nostre truppe sono in Iraq da oltre 15 anni (costo totale che supera i 3 miliardi di euro) e in Afghanistan da oltre 16 anni (costo 8 miliardi \u20ac) e il costo annuale delle missioni \u00e8 di 1,3 miliardi. Questi fondi si sarebbero potuti utilizzare pi\u00f9 efficacemente per risolvere i problemi di tali aree geopolitiche investendo in cooperazione e sviluppo economico, ma soprattutto potenziando le missioni civili per il rafforzamento di istituzioni democratiche e inviando Corpi Civili di Pace a sostegno della societ\u00e0 civile locale, per percorsi di pace e riconciliazione.<\/div>\n<p>&nbsp;<\/p>\n<div><\/div>\n<div><b>Partecipazione dell\u2019Italia a processi concreti di disarmo nucleare globale<\/b><\/div>\n<div><\/div>\n<div><b>Promuovere atti normativi e di indirizzo che spingano il Governo a firmare e il Parlamento a ratificare il Trattato sulla Proibizione delle Armi Nucleari, approvato il 7 luglio 2017 dalle Nazioni Unite<\/b>\u00a0e gi\u00e0 ratificato da alcuni Paesi tra cui lo Stato della Citt\u00e0 del Vaticano. Con l\u2019adesione al Trattato, che entrer\u00e0 in vigore dopo la ratifica da parte di 50 stati, si contribuir\u00e0 a promuovere il dialogo e la diplomazia, rafforzando un sistema di relazioni internazionali fondato sulla multilateralit\u00e0, sul disarmo, sulla sicurezza umana. Per far questo, l&#8217;Italia dovr\u00e0 prima negoziare con gli Stati parte del Trattato stesso la rimozione delle armi nucleari oggi dislocate in Italia, stringendo un accordo con scadenze precise e vincolanti.<\/div>\n<div><\/div>\n<p>&nbsp;<\/p>\n<div><b>Azioni di definanziamento della produzione di ordigni problematici ed inumani come le mine anti-persona e le cluster bombs<\/b><\/div>\n<div><\/div>\n<div><b>Sostenere l\u2019immediata approvazione (con le opportune correzioni dopo il re-invio alle Camere del precedente testo con vizi di costituzionalit\u00e0 da parte del Presidente della Repubblica) del ddl &#8220;Divieto di finanziamento delle imprese che svolgono attivit\u00e0 di produzione, commercio, trasporto e deposito di mine-antipersona ovvero di munizioni o sub-munizioni a grappolo\u201d.<\/b>\u00a0Si tratta della legge pi\u00f9 avanzata in materia, nata dalla volont\u00e0 di migliorare quella che a livello internazionale veniva gi\u00e0 riconosciuta come una buona pratica, ossia la legge italiana di ratifica della Convenzione sulle Munizioni Cluster (legge 95\/2011 art 7) in cui l\u2019assistenza finanziaria ai produttori di bombe cluster viene indicata come reato penale.<\/div>\n<p>&nbsp;<\/p>\n<div><\/div>\n<div><b>Messa al bando preventiva delle armi completamente autonome<\/b><\/div>\n<div><\/div>\n<div><b>Promuovere atti normativi e di indirizzo che spingano il Governo a farsi promotore a livello internazionale di norme che mettano al bando preventivamente sistemi d\u2019arma completamente autonomi<\/b>\u00a0che non richiedono l\u2019intervento umano (i cosiddetti \u201cKiller robots\u201d).<\/div>\n<div><\/div>\n<p>&nbsp;<\/p>\n<div><b>Difesa civile non armata e nonviolenta<\/b><\/div>\n<div><\/div>\n<div><b>Sostenere l\u2019istituzione di un Dipartimento della Difesa Civile Non Armata e Nonviolenta (nella precedente legislatura presentata con iniziativa popolare e poi di iniziativa parlamentare fino ad essere incardinata nelle competenti Commissioni prima e quarta della Camera dei Deputati).<\/b>\u00a0Si tratterebbe di una inedita innovazione istituzionale che finalmente darebbe valore all&#8217;opzione della difesa civile della Patria (a cui la Corte Costituzionale ha attribuito pari dignit\u00e0 rispetto alla difesa militare e a cui la legge istitutiva del Servizio Civile Universale chiama il Governo a dare attuazione) realizzando l\u2019obiettivo di 100.000 giovani all\u2019anno in Servizio Civile Universale volontario, costituendo un Istituto di Ricerca su Pace e Disarmo e consolidando la sperimentazione in corso di Corpi Civili di Pace.<\/div>\n<div><\/div>\n<div><\/div>\n<div><b>Azioni di controllo sull\u2019utilizzo dei droni armati<\/b><\/div>\n<div><\/div>\n<div><b>Promuovere atti normativi e di indirizzo che vadano a definire regole di ingaggio e catena di comando relativamente all\u2019utilizzo di droni armati, promuovendo nel contempo un divieto assoluto di cosiddette \u201cuccisioni extra-giudiziali\u201d<\/b>\u00a0in aree di conflitto e non. L\u2019Italia sar\u00e0 il terzo Paese occidentale della NATO (dopo USA e Regno Unito) a dotarsi di droni armati (la conclusione delle procedure di armamento \u00e8 prevista in queste settimane) ma non dispone ancora di norme chiare e trasparenti sull\u2019utilizzo di questi mezzi, sempre pi\u00f9 importanti nei conflitti contemporanei e di cui il nostro Paese costituisce un \u201chub\u201d internazionale nevralgico con la base di Sigonella.<\/div>\n","protected":false},"excerpt":{"rendered":"<p>Nei giorni scorsi si \u00e8 concretizzata la formazione del nuovo Governo, dopo diverse settimane di stallo politico. Come gi\u00e0 fatto nelle precedenti Legislature\u00a0la Rete\u00a0 italiana per il Disarmo, oltre ad augurare un buon lavoro al nuovo Esecutivo, si mette a&hellip;<\/p>\n","protected":false},"author":235,"featured_media":652343,"comment_status":"closed","ping_status":"closed","sticky":false,"template":"","format":"standard","meta":{"footnotes":""},"categories":[150,47,1263],"tags":[6560,3854,2784,6570,46727,1419,40054],"class_list":["post-652320","post","type-post","status-publish","format-standard","has-post-thumbnail","hentry","category-comunicati-stampa","category-europa","category-pace-disarmo","tag-cluster-bombs","tag-disarmo-nucleare","tag-droni","tag-mine-anti-persona","tag-riduzione-delle-spese-militari","tag-spese-militari","tag-trattato-di-proibizione-delle-armi-nucleari"],"yoast_head":"<!-- This site is optimized with the Yoast SEO plugin v27.1.1 - https:\/\/yoast.com\/product\/yoast-seo-wordpress\/ -->\n<title>Varato il nuovo Governo: Rete Disarmo chiede un confronto<\/title>\n<meta name=\"description\" content=\"Nei giorni scorsi si \u00e8 concretizzata la formazione del nuovo Governo, dopo diverse settimane di stallo politico. Come gi\u00e0 fatto nelle precedenti\" \/>\n<meta name=\"robots\" content=\"index, follow, max-snippet:-1, max-image-preview:large, max-video-preview:-1\" \/>\n<link rel=\"canonical\" href=\"https:\/\/www.pressenza.com\/it\/2018\/06\/varato-governo-rete-disarmo-chiede-un-confronto\/\" \/>\n<meta property=\"og:locale\" content=\"it_IT\" \/>\n<meta property=\"og:type\" content=\"article\" \/>\n<meta property=\"og:title\" content=\"Varato il nuovo Governo: Rete Disarmo chiede un confronto\" \/>\n<meta property=\"og:description\" content=\"Nei giorni scorsi si \u00e8 concretizzata la formazione del nuovo Governo, dopo diverse settimane di stallo politico. Come gi\u00e0 fatto nelle precedenti\" \/>\n<meta property=\"og:url\" content=\"https:\/\/www.pressenza.com\/it\/2018\/06\/varato-governo-rete-disarmo-chiede-un-confronto\/\" \/>\n<meta property=\"og:site_name\" content=\"Pressenza\" \/>\n<meta property=\"article:publisher\" content=\"https:\/\/www.facebook.com\/PressenzaItalia\" \/>\n<meta property=\"article:author\" content=\"https:\/\/www.facebook.com\/retedisarmo\/\" \/>\n<meta property=\"article:published_time\" content=\"2018-06-05T10:43:56+00:00\" \/>\n<meta property=\"og:image\" content=\"https:\/\/www.pressenza.com\/wp-content\/uploads\/2018\/06\/download.jpg\" \/>\n\t<meta property=\"og:image:width\" content=\"383\" \/>\n\t<meta property=\"og:image:height\" content=\"132\" \/>\n\t<meta property=\"og:image:type\" content=\"image\/jpeg\" \/>\n<meta name=\"author\" content=\"Rete Italiana per il Disarmo\" \/>\n<meta name=\"twitter:card\" content=\"summary_large_image\" \/>\n<meta name=\"twitter:creator\" content=\"@PressenzaIPA\" \/>\n<meta name=\"twitter:site\" content=\"@PressenzaIPA\" \/>\n<meta name=\"twitter:label1\" content=\"Scritto da\" \/>\n\t<meta name=\"twitter:data1\" content=\"Rete Italiana per il Disarmo\" \/>\n\t<meta name=\"twitter:label2\" content=\"Tempo di lettura stimato\" \/>\n\t<meta name=\"twitter:data2\" content=\"6 minuti\" \/>\n<script type=\"application\/ld+json\" class=\"yoast-schema-graph\">{\"@context\":\"https:\/\/schema.org\",\"@graph\":[{\"@type\":\"Article\",\"@id\":\"https:\/\/www.pressenza.com\/it\/2018\/06\/varato-governo-rete-disarmo-chiede-un-confronto\/#article\",\"isPartOf\":{\"@id\":\"https:\/\/www.pressenza.com\/it\/2018\/06\/varato-governo-rete-disarmo-chiede-un-confronto\/\"},\"author\":{\"name\":\"Rete Italiana per il Disarmo\",\"@id\":\"https:\/\/www.pressenza.com\/it\/#\/schema\/person\/68db3ba40086f89be9c210065b21fb6e\"},\"headline\":\"Varato il nuovo Governo: Rete Disarmo chiede un confronto\",\"datePublished\":\"2018-06-05T10:43:56+00:00\",\"mainEntityOfPage\":{\"@id\":\"https:\/\/www.pressenza.com\/it\/2018\/06\/varato-governo-rete-disarmo-chiede-un-confronto\/\"},\"wordCount\":1149,\"publisher\":{\"@id\":\"https:\/\/www.pressenza.com\/it\/#organization\"},\"image\":{\"@id\":\"https:\/\/www.pressenza.com\/it\/2018\/06\/varato-governo-rete-disarmo-chiede-un-confronto\/#primaryimage\"},\"thumbnailUrl\":\"https:\/\/www.pressenza.com\/wp-content\/uploads\/2018\/06\/download.jpg\",\"keywords\":[\"cluster bombs\",\"disarmo nucleare\",\"droni\",\"mine anti-persona\",\"riduzione delle spese militari\",\"spese militari\",\"Trattato di proibizione delle armi nucleari\"],\"articleSection\":[\"Comunicati Stampa\",\"Europa\",\"Pace e Disarmo\"],\"inLanguage\":\"it-IT\"},{\"@type\":\"WebPage\",\"@id\":\"https:\/\/www.pressenza.com\/it\/2018\/06\/varato-governo-rete-disarmo-chiede-un-confronto\/\",\"url\":\"https:\/\/www.pressenza.com\/it\/2018\/06\/varato-governo-rete-disarmo-chiede-un-confronto\/\",\"name\":\"Varato il nuovo Governo: Rete Disarmo chiede un confronto\",\"isPartOf\":{\"@id\":\"https:\/\/www.pressenza.com\/it\/#website\"},\"primaryImageOfPage\":{\"@id\":\"https:\/\/www.pressenza.com\/it\/2018\/06\/varato-governo-rete-disarmo-chiede-un-confronto\/#primaryimage\"},\"image\":{\"@id\":\"https:\/\/www.pressenza.com\/it\/2018\/06\/varato-governo-rete-disarmo-chiede-un-confronto\/#primaryimage\"},\"thumbnailUrl\":\"https:\/\/www.pressenza.com\/wp-content\/uploads\/2018\/06\/download.jpg\",\"datePublished\":\"2018-06-05T10:43:56+00:00\",\"description\":\"Nei giorni scorsi si \u00e8 concretizzata la formazione del nuovo Governo, dopo diverse settimane di stallo politico. Come gi\u00e0 fatto nelle precedenti\",\"breadcrumb\":{\"@id\":\"https:\/\/www.pressenza.com\/it\/2018\/06\/varato-governo-rete-disarmo-chiede-un-confronto\/#breadcrumb\"},\"inLanguage\":\"it-IT\",\"potentialAction\":[{\"@type\":\"ReadAction\",\"target\":[\"https:\/\/www.pressenza.com\/it\/2018\/06\/varato-governo-rete-disarmo-chiede-un-confronto\/\"]}]},{\"@type\":\"ImageObject\",\"inLanguage\":\"it-IT\",\"@id\":\"https:\/\/www.pressenza.com\/it\/2018\/06\/varato-governo-rete-disarmo-chiede-un-confronto\/#primaryimage\",\"url\":\"https:\/\/www.pressenza.com\/wp-content\/uploads\/2018\/06\/download.jpg\",\"contentUrl\":\"https:\/\/www.pressenza.com\/wp-content\/uploads\/2018\/06\/download.jpg\",\"width\":383,\"height\":132},{\"@type\":\"BreadcrumbList\",\"@id\":\"https:\/\/www.pressenza.com\/it\/2018\/06\/varato-governo-rete-disarmo-chiede-un-confronto\/#breadcrumb\",\"itemListElement\":[{\"@type\":\"ListItem\",\"position\":1,\"name\":\"Accueil\",\"item\":\"https:\/\/www.pressenza.com\/it\/\"},{\"@type\":\"ListItem\",\"position\":2,\"name\":\"Varato il nuovo Governo: Rete Disarmo chiede un confronto\"}]},{\"@type\":\"WebSite\",\"@id\":\"https:\/\/www.pressenza.com\/it\/#website\",\"url\":\"https:\/\/www.pressenza.com\/it\/\",\"name\":\"Pressenza\",\"description\":\"Agenzia di Stampa Internazionale\",\"publisher\":{\"@id\":\"https:\/\/www.pressenza.com\/it\/#organization\"},\"potentialAction\":[{\"@type\":\"SearchAction\",\"target\":{\"@type\":\"EntryPoint\",\"urlTemplate\":\"https:\/\/www.pressenza.com\/it\/?s={search_term_string}\"},\"query-input\":{\"@type\":\"PropertyValueSpecification\",\"valueRequired\":true,\"valueName\":\"search_term_string\"}}],\"inLanguage\":\"it-IT\"},{\"@type\":\"Organization\",\"@id\":\"https:\/\/www.pressenza.com\/it\/#organization\",\"name\":\"Pressenza\",\"url\":\"https:\/\/www.pressenza.com\/it\/\",\"logo\":{\"@type\":\"ImageObject\",\"inLanguage\":\"it-IT\",\"@id\":\"https:\/\/www.pressenza.com\/it\/#\/schema\/logo\/image\/\",\"url\":\"https:\/\/www.pressenza.com\/wp-content\/uploads\/2022\/10\/pressenza_logo_200x200.jpg\",\"contentUrl\":\"https:\/\/www.pressenza.com\/wp-content\/uploads\/2022\/10\/pressenza_logo_200x200.jpg\",\"width\":200,\"height\":200,\"caption\":\"Pressenza\"},\"image\":{\"@id\":\"https:\/\/www.pressenza.com\/it\/#\/schema\/logo\/image\/\"},\"sameAs\":[\"https:\/\/www.facebook.com\/PressenzaItalia\",\"https:\/\/x.com\/PressenzaIPA\"]},{\"@type\":\"Person\",\"@id\":\"https:\/\/www.pressenza.com\/it\/#\/schema\/person\/68db3ba40086f89be9c210065b21fb6e\",\"name\":\"Rete Italiana per il Disarmo\",\"description\":\"www.disarmo.org\",\"sameAs\":[\"http:\/\/www.disarmo.org\/\",\"https:\/\/www.facebook.com\/retedisarmo\/\"],\"url\":\"https:\/\/www.pressenza.com\/it\/author\/rete-disarmo\/\"}]}<\/script>\n<!-- \/ Yoast SEO plugin. -->","yoast_head_json":{"title":"Varato il nuovo Governo: Rete Disarmo chiede un confronto","description":"Nei giorni scorsi si \u00e8 concretizzata la formazione del nuovo Governo, dopo diverse settimane di stallo politico. Come gi\u00e0 fatto nelle precedenti","robots":{"index":"index","follow":"follow","max-snippet":"max-snippet:-1","max-image-preview":"max-image-preview:large","max-video-preview":"max-video-preview:-1"},"canonical":"https:\/\/www.pressenza.com\/it\/2018\/06\/varato-governo-rete-disarmo-chiede-un-confronto\/","og_locale":"it_IT","og_type":"article","og_title":"Varato il nuovo Governo: Rete Disarmo chiede un confronto","og_description":"Nei giorni scorsi si \u00e8 concretizzata la formazione del nuovo Governo, dopo diverse settimane di stallo politico. Come gi\u00e0 fatto nelle precedenti","og_url":"https:\/\/www.pressenza.com\/it\/2018\/06\/varato-governo-rete-disarmo-chiede-un-confronto\/","og_site_name":"Pressenza","article_publisher":"https:\/\/www.facebook.com\/PressenzaItalia","article_author":"https:\/\/www.facebook.com\/retedisarmo\/","article_published_time":"2018-06-05T10:43:56+00:00","og_image":[{"width":383,"height":132,"url":"https:\/\/www.pressenza.com\/wp-content\/uploads\/2018\/06\/download.jpg","type":"image\/jpeg"}],"author":"Rete Italiana per il Disarmo","twitter_card":"summary_large_image","twitter_creator":"@PressenzaIPA","twitter_site":"@PressenzaIPA","twitter_misc":{"Scritto da":"Rete Italiana per il Disarmo","Tempo di lettura stimato":"6 minuti"},"schema":{"@context":"https:\/\/schema.org","@graph":[{"@type":"Article","@id":"https:\/\/www.pressenza.com\/it\/2018\/06\/varato-governo-rete-disarmo-chiede-un-confronto\/#article","isPartOf":{"@id":"https:\/\/www.pressenza.com\/it\/2018\/06\/varato-governo-rete-disarmo-chiede-un-confronto\/"},"author":{"name":"Rete Italiana per il Disarmo","@id":"https:\/\/www.pressenza.com\/it\/#\/schema\/person\/68db3ba40086f89be9c210065b21fb6e"},"headline":"Varato il nuovo Governo: Rete Disarmo chiede un confronto","datePublished":"2018-06-05T10:43:56+00:00","mainEntityOfPage":{"@id":"https:\/\/www.pressenza.com\/it\/2018\/06\/varato-governo-rete-disarmo-chiede-un-confronto\/"},"wordCount":1149,"publisher":{"@id":"https:\/\/www.pressenza.com\/it\/#organization"},"image":{"@id":"https:\/\/www.pressenza.com\/it\/2018\/06\/varato-governo-rete-disarmo-chiede-un-confronto\/#primaryimage"},"thumbnailUrl":"https:\/\/www.pressenza.com\/wp-content\/uploads\/2018\/06\/download.jpg","keywords":["cluster bombs","disarmo nucleare","droni","mine anti-persona","riduzione delle spese militari","spese militari","Trattato di proibizione delle armi nucleari"],"articleSection":["Comunicati Stampa","Europa","Pace e Disarmo"],"inLanguage":"it-IT"},{"@type":"WebPage","@id":"https:\/\/www.pressenza.com\/it\/2018\/06\/varato-governo-rete-disarmo-chiede-un-confronto\/","url":"https:\/\/www.pressenza.com\/it\/2018\/06\/varato-governo-rete-disarmo-chiede-un-confronto\/","name":"Varato il nuovo Governo: Rete Disarmo chiede un confronto","isPartOf":{"@id":"https:\/\/www.pressenza.com\/it\/#website"},"primaryImageOfPage":{"@id":"https:\/\/www.pressenza.com\/it\/2018\/06\/varato-governo-rete-disarmo-chiede-un-confronto\/#primaryimage"},"image":{"@id":"https:\/\/www.pressenza.com\/it\/2018\/06\/varato-governo-rete-disarmo-chiede-un-confronto\/#primaryimage"},"thumbnailUrl":"https:\/\/www.pressenza.com\/wp-content\/uploads\/2018\/06\/download.jpg","datePublished":"2018-06-05T10:43:56+00:00","description":"Nei giorni scorsi si \u00e8 concretizzata la formazione del nuovo Governo, dopo diverse settimane di stallo politico. Come gi\u00e0 fatto nelle precedenti","breadcrumb":{"@id":"https:\/\/www.pressenza.com\/it\/2018\/06\/varato-governo-rete-disarmo-chiede-un-confronto\/#breadcrumb"},"inLanguage":"it-IT","potentialAction":[{"@type":"ReadAction","target":["https:\/\/www.pressenza.com\/it\/2018\/06\/varato-governo-rete-disarmo-chiede-un-confronto\/"]}]},{"@type":"ImageObject","inLanguage":"it-IT","@id":"https:\/\/www.pressenza.com\/it\/2018\/06\/varato-governo-rete-disarmo-chiede-un-confronto\/#primaryimage","url":"https:\/\/www.pressenza.com\/wp-content\/uploads\/2018\/06\/download.jpg","contentUrl":"https:\/\/www.pressenza.com\/wp-content\/uploads\/2018\/06\/download.jpg","width":383,"height":132},{"@type":"BreadcrumbList","@id":"https:\/\/www.pressenza.com\/it\/2018\/06\/varato-governo-rete-disarmo-chiede-un-confronto\/#breadcrumb","itemListElement":[{"@type":"ListItem","position":1,"name":"Accueil","item":"https:\/\/www.pressenza.com\/it\/"},{"@type":"ListItem","position":2,"name":"Varato il nuovo Governo: Rete Disarmo chiede un confronto"}]},{"@type":"WebSite","@id":"https:\/\/www.pressenza.com\/it\/#website","url":"https:\/\/www.pressenza.com\/it\/","name":"Pressenza","description":"Agenzia di Stampa Internazionale","publisher":{"@id":"https:\/\/www.pressenza.com\/it\/#organization"},"potentialAction":[{"@type":"SearchAction","target":{"@type":"EntryPoint","urlTemplate":"https:\/\/www.pressenza.com\/it\/?s={search_term_string}"},"query-input":{"@type":"PropertyValueSpecification","valueRequired":true,"valueName":"search_term_string"}}],"inLanguage":"it-IT"},{"@type":"Organization","@id":"https:\/\/www.pressenza.com\/it\/#organization","name":"Pressenza","url":"https:\/\/www.pressenza.com\/it\/","logo":{"@type":"ImageObject","inLanguage":"it-IT","@id":"https:\/\/www.pressenza.com\/it\/#\/schema\/logo\/image\/","url":"https:\/\/www.pressenza.com\/wp-content\/uploads\/2022\/10\/pressenza_logo_200x200.jpg","contentUrl":"https:\/\/www.pressenza.com\/wp-content\/uploads\/2022\/10\/pressenza_logo_200x200.jpg","width":200,"height":200,"caption":"Pressenza"},"image":{"@id":"https:\/\/www.pressenza.com\/it\/#\/schema\/logo\/image\/"},"sameAs":["https:\/\/www.facebook.com\/PressenzaItalia","https:\/\/x.com\/PressenzaIPA"]},{"@type":"Person","@id":"https:\/\/www.pressenza.com\/it\/#\/schema\/person\/68db3ba40086f89be9c210065b21fb6e","name":"Rete Italiana per il Disarmo","description":"www.disarmo.org","sameAs":["http:\/\/www.disarmo.org\/","https:\/\/www.facebook.com\/retedisarmo\/"],"url":"https:\/\/www.pressenza.com\/it\/author\/rete-disarmo\/"}]}},"place":"","original_article_url":"","_links":{"self":[{"href":"https:\/\/www.pressenza.com\/it\/wp-json\/wp\/v2\/posts\/652320","targetHints":{"allow":["GET"]}}],"collection":[{"href":"https:\/\/www.pressenza.com\/it\/wp-json\/wp\/v2\/posts"}],"about":[{"href":"https:\/\/www.pressenza.com\/it\/wp-json\/wp\/v2\/types\/post"}],"author":[{"embeddable":true,"href":"https:\/\/www.pressenza.com\/it\/wp-json\/wp\/v2\/users\/235"}],"replies":[{"embeddable":true,"href":"https:\/\/www.pressenza.com\/it\/wp-json\/wp\/v2\/comments?post=652320"}],"version-history":[{"count":0,"href":"https:\/\/www.pressenza.com\/it\/wp-json\/wp\/v2\/posts\/652320\/revisions"}],"wp:featuredmedia":[{"embeddable":true,"href":"https:\/\/www.pressenza.com\/it\/wp-json\/wp\/v2\/media\/652343"}],"wp:attachment":[{"href":"https:\/\/www.pressenza.com\/it\/wp-json\/wp\/v2\/media?parent=652320"}],"wp:term":[{"taxonomy":"category","embeddable":true,"href":"https:\/\/www.pressenza.com\/it\/wp-json\/wp\/v2\/categories?post=652320"},{"taxonomy":"post_tag","embeddable":true,"href":"https:\/\/www.pressenza.com\/it\/wp-json\/wp\/v2\/tags?post=652320"}],"curies":[{"name":"wp","href":"https:\/\/api.w.org\/{rel}","templated":true}]}}