{"id":648469,"date":"2018-05-30T17:14:39","date_gmt":"2018-05-30T16:14:39","guid":{"rendered":"https:\/\/www.pressenza.com\/?p=648469"},"modified":"2018-05-30T17:17:17","modified_gmt":"2018-05-30T16:17:17","slug":"ragionare-lucidita-un-momento-confusione","status":"publish","type":"post","link":"https:\/\/www.pressenza.com\/it\/2018\/05\/ragionare-lucidita-un-momento-confusione\/","title":{"rendered":"Ragionare con lucidit\u00e0 in un momento di confusione"},"content":{"rendered":"<p>Vi diciamo una cosa con il cuore. Di fronte a questa grande confusione, bisogna provare a restare lucidi. A ragionare, a leggere con attenzione. Noi stiamo provando a fare questo.<\/p>\n<p>Molti per questo ci apprezzano. Altri ci criticano: forse ci vorrebbero vedere schierati con una delle due squadre in campo&#8230; Quella del fronte &#8220;sovranista&#8221; di destra, 5 Stelle e Lega, l&#8217;espressione del piccolo padronato italiano, razzista, liberista e violento. O quello del fronte &#8220;europeista&#8221;, delle banche e degli istituti finanziari, dell&#8217;alleanza che va da LEU fin quasi a Berlusconi: razzista, liberista e violento.<\/p>\n<p>No, noi non ci facciamo arruolare da queste due squadre che ci sono entrambe nemiche: noi stiamo con le classi popolari di questo paese, con i tanti che oggi sentono di non avere rappresentanza, con quelli che sono disgustati da questa politica.<\/p>\n<p>Se molti di questi hanno votato come &#8220;meno peggio&#8221; i 5 Stelle, be&#8217;, sar\u00e0 nostro compito fargli capire che sono stati ingannati. Se molti pensano che il problema sia astrattamente &#8220;la casta&#8221;, &#8220;la Germania&#8221; o gli &#8220;immigrati&#8221;, il nostro compito sta nel fargli capire che il problema di questo paese sono i ricchi, le mafie, i privilegiati, le istituzioni finanziarie, la mancanza di un piano industriale e per il lavoro, e che il modo per uscire da tutto questo \u00e8 redistribuire la ricchezza e aumentare i diritti sociali.<\/p>\n<p>Perch\u00e9 i soldi ci sono e stanno nelle tasche di chi si \u00e8 arricchito con il tuo lavoro anche in questi anni. Ma nessuna delle due squadre ti dice questo, e scaricano la tua rabbia su altro. Capisci che ti stanno fregando?<\/p>\n<p>Ricordate il 2011? Anche Berlusconi fu mandato a casa perch\u00e9 con la sua gestione dell&#8217;economia, simile al progetto Lega e 5 Stelle, il debito pubblico era al 120%. Al suo posto Napolitano, con una manovra di palazzo, mise Monti.<\/p>\n<p>All&#8217;epoca noi non esultavamo per la cacciata di Berlusconi e non auspicavamo l&#8217;arrivo di Monti. Eravamo per le strade e mettevamo in discussione Napolitano, il debito, dicendo e motivavamo con analisi perch\u00e9 non bisognava pagarlo, perch\u00e9 bisognava rifiutare la tecnocrazia europea.<\/p>\n<p>Nessuno all&#8217;epoca ci dava dei fascisti perch\u00e9 criticavamo Napolitano, n\u00e9 ci dava degli amici del PD perch\u00e9 non difendevamo Berlusconi.<\/p>\n<p>Ora l&#8217;esasperazione \u00e8 maggiore, e pochi sono disposti a immaginare di costruire un&#8217;alternativa vera.<\/p>\n<p>Per questo sappiamo che per un po&#8217; di tempo questa polarizzazione impedir\u00e0 a posizioni diverse come la nostra di avere visibilit\u00e0. Ogni cosa che diremo sar\u00e0 schiacciata volta per volta a favore di questo o quell&#8217;altro partito.<\/p>\n<p>Se criticheremo &#8211; \u00e8 ancora lecito nel nostro paese esprimere una critica? &#8211; Mattarella, diventeremo dei parafascisti, proprio noi che il fascismo lo combattiamo ogni giorno, subendone le conseguenze.<\/p>\n<p>Se criticheremo i 5 Stelle o la Lega, come abbiamo fatto verificando nei fatti la loro incoerenza e il loro contratto farlocco, diventeremo amici del PD, noi che con questa gente mai ci abbiamo avuto a che fare e che abbiamo sempre combattuto nelle piazze.<\/p>\n<p>D&#8217;altronde ai media fa comodo mostrare che esistano solo due punti di vista. E il nostro \u00e8 scomodo, perch\u00e9 parla di un diverso modello sociale, di cooperazione, di benessere collettivo. Scomodo per davvero, non come quelli che fanno finta di essere estranei ai poteri forti e poi hanno milioni di euro, agenzie stampa e comunicazione a disposizione&#8230;<\/p>\n<p>Lo sappiamo e proprio per questo pensiamo che si debba fare un lavoro paziente, che parta dai territori, dalle nostre comunit\u00e0, dal parlare al bar con tutti senza rassegnarsi, dal fare iniziative pratiche di difesa dei diritti che ci facciano guadagnare la stima delle persone&#8230;<\/p>\n<p>Vedrete che se non ci scoraggiamo, se sapremo comunicare una visione diversa, se sapremo farla valere nei fatti, se sapremo mostrare le contraddizioni di chi ci governa o vorrebbe governarci, se sapremo collaborare con i tantissimi che in questa guerra fra due finti contendenti non si vogliono far arruolare, le cose cambieranno.<\/p>\n<p>Potere al Popolo!<\/p>\n<p>&nbsp;<\/p>\n","protected":false},"excerpt":{"rendered":"<p>Vi diciamo una cosa con il cuore. Di fronte a questa grande confusione, bisogna provare a restare lucidi. A ragionare, a leggere con attenzione. Noi stiamo provando a fare questo. Molti per questo ci apprezzano. Altri ci criticano: forse ci&hellip;<\/p>\n","protected":false},"author":1515,"featured_media":648472,"comment_status":"closed","ping_status":"closed","sticky":false,"template":"","format":"standard","meta":{"footnotes":""},"categories":[47,162,55],"tags":[33280,6998,3812,42365,1173],"class_list":["post-648469","post","type-post","status-publish","format-standard","has-post-thumbnail","hentry","category-europa","category-opinioni","category-politica","tag-5-stelle","tag-lega","tag-liberismo","tag-potere-al-popolo","tag-razzismo"],"yoast_head":"<!-- This site is optimized with the Yoast SEO plugin v27.1.1 - https:\/\/yoast.com\/product\/yoast-seo-wordpress\/ -->\n<title>Ragionare con lucidit\u00e0 in un momento di confusione<\/title>\n<meta name=\"description\" content=\"Vi diciamo una cosa con il cuore. Di fronte a questa grande confusione, bisogna provare a restare lucidi. A ragionare, a leggere con attenzione. Noi\" \/>\n<meta name=\"robots\" content=\"index, follow, max-snippet:-1, max-image-preview:large, max-video-preview:-1\" \/>\n<link rel=\"canonical\" href=\"https:\/\/www.pressenza.com\/it\/2018\/05\/ragionare-lucidita-un-momento-confusione\/\" \/>\n<meta property=\"og:locale\" content=\"it_IT\" \/>\n<meta property=\"og:type\" content=\"article\" \/>\n<meta property=\"og:title\" content=\"Ragionare con lucidit\u00e0 in un momento di confusione\" \/>\n<meta property=\"og:description\" content=\"Vi diciamo una cosa con il cuore. Di fronte a questa grande confusione, bisogna provare a restare lucidi. A ragionare, a leggere con attenzione. Noi\" \/>\n<meta property=\"og:url\" content=\"https:\/\/www.pressenza.com\/it\/2018\/05\/ragionare-lucidita-un-momento-confusione\/\" \/>\n<meta property=\"og:site_name\" content=\"Pressenza\" \/>\n<meta property=\"article:publisher\" content=\"https:\/\/www.facebook.com\/PressenzaItalia\" \/>\n<meta property=\"article:published_time\" content=\"2018-05-30T16:14:39+00:00\" \/>\n<meta property=\"article:modified_time\" content=\"2018-05-30T16:17:17+00:00\" \/>\n<meta property=\"og:image\" content=\"https:\/\/www.pressenza.com\/wp-content\/uploads\/2018\/05\/testata-Pap.jpg\" \/>\n\t<meta property=\"og:image:width\" content=\"1556\" \/>\n\t<meta property=\"og:image:height\" content=\"592\" \/>\n\t<meta property=\"og:image:type\" content=\"image\/jpeg\" \/>\n<meta name=\"author\" content=\"Potere Al Popolo\" \/>\n<meta name=\"twitter:card\" content=\"summary_large_image\" \/>\n<meta name=\"twitter:creator\" content=\"@PressenzaIPA\" \/>\n<meta name=\"twitter:site\" content=\"@PressenzaIPA\" \/>\n<meta name=\"twitter:label1\" content=\"Scritto da\" \/>\n\t<meta name=\"twitter:data1\" content=\"Potere Al Popolo\" \/>\n\t<meta name=\"twitter:label2\" content=\"Tempo di lettura stimato\" \/>\n\t<meta name=\"twitter:data2\" content=\"3 minuti\" \/>\n<script type=\"application\/ld+json\" class=\"yoast-schema-graph\">{\"@context\":\"https:\/\/schema.org\",\"@graph\":[{\"@type\":\"Article\",\"@id\":\"https:\/\/www.pressenza.com\/it\/2018\/05\/ragionare-lucidita-un-momento-confusione\/#article\",\"isPartOf\":{\"@id\":\"https:\/\/www.pressenza.com\/it\/2018\/05\/ragionare-lucidita-un-momento-confusione\/\"},\"author\":{\"name\":\"Potere Al Popolo\",\"@id\":\"https:\/\/www.pressenza.com\/it\/#\/schema\/person\/d82b464065b17ccca8a55d1e444cceeb\"},\"headline\":\"Ragionare con lucidit\u00e0 in un momento di confusione\",\"datePublished\":\"2018-05-30T16:14:39+00:00\",\"dateModified\":\"2018-05-30T16:17:17+00:00\",\"mainEntityOfPage\":{\"@id\":\"https:\/\/www.pressenza.com\/it\/2018\/05\/ragionare-lucidita-un-momento-confusione\/\"},\"wordCount\":655,\"publisher\":{\"@id\":\"https:\/\/www.pressenza.com\/it\/#organization\"},\"image\":{\"@id\":\"https:\/\/www.pressenza.com\/it\/2018\/05\/ragionare-lucidita-un-momento-confusione\/#primaryimage\"},\"thumbnailUrl\":\"https:\/\/www.pressenza.com\/wp-content\/uploads\/2018\/05\/testata-Pap.jpg\",\"keywords\":[\"5 Stelle\",\"Lega\",\"liberismo\",\"Potere al popolo\",\"razzismo\"],\"articleSection\":[\"Europa\",\"Opinioni\",\"Politica\"],\"inLanguage\":\"it-IT\"},{\"@type\":\"WebPage\",\"@id\":\"https:\/\/www.pressenza.com\/it\/2018\/05\/ragionare-lucidita-un-momento-confusione\/\",\"url\":\"https:\/\/www.pressenza.com\/it\/2018\/05\/ragionare-lucidita-un-momento-confusione\/\",\"name\":\"Ragionare con lucidit\u00e0 in un momento di confusione\",\"isPartOf\":{\"@id\":\"https:\/\/www.pressenza.com\/it\/#website\"},\"primaryImageOfPage\":{\"@id\":\"https:\/\/www.pressenza.com\/it\/2018\/05\/ragionare-lucidita-un-momento-confusione\/#primaryimage\"},\"image\":{\"@id\":\"https:\/\/www.pressenza.com\/it\/2018\/05\/ragionare-lucidita-un-momento-confusione\/#primaryimage\"},\"thumbnailUrl\":\"https:\/\/www.pressenza.com\/wp-content\/uploads\/2018\/05\/testata-Pap.jpg\",\"datePublished\":\"2018-05-30T16:14:39+00:00\",\"dateModified\":\"2018-05-30T16:17:17+00:00\",\"description\":\"Vi diciamo una cosa con il cuore. Di fronte a questa grande confusione, bisogna provare a restare lucidi. A ragionare, a leggere con attenzione. Noi\",\"breadcrumb\":{\"@id\":\"https:\/\/www.pressenza.com\/it\/2018\/05\/ragionare-lucidita-un-momento-confusione\/#breadcrumb\"},\"inLanguage\":\"it-IT\",\"potentialAction\":[{\"@type\":\"ReadAction\",\"target\":[\"https:\/\/www.pressenza.com\/it\/2018\/05\/ragionare-lucidita-un-momento-confusione\/\"]}]},{\"@type\":\"ImageObject\",\"inLanguage\":\"it-IT\",\"@id\":\"https:\/\/www.pressenza.com\/it\/2018\/05\/ragionare-lucidita-un-momento-confusione\/#primaryimage\",\"url\":\"https:\/\/www.pressenza.com\/wp-content\/uploads\/2018\/05\/testata-Pap.jpg\",\"contentUrl\":\"https:\/\/www.pressenza.com\/wp-content\/uploads\/2018\/05\/testata-Pap.jpg\",\"width\":1556,\"height\":592},{\"@type\":\"BreadcrumbList\",\"@id\":\"https:\/\/www.pressenza.com\/it\/2018\/05\/ragionare-lucidita-un-momento-confusione\/#breadcrumb\",\"itemListElement\":[{\"@type\":\"ListItem\",\"position\":1,\"name\":\"Accueil\",\"item\":\"https:\/\/www.pressenza.com\/it\/\"},{\"@type\":\"ListItem\",\"position\":2,\"name\":\"Ragionare con lucidit\u00e0 in un momento di confusione\"}]},{\"@type\":\"WebSite\",\"@id\":\"https:\/\/www.pressenza.com\/it\/#website\",\"url\":\"https:\/\/www.pressenza.com\/it\/\",\"name\":\"Pressenza\",\"description\":\"Agenzia di Stampa Internazionale\",\"publisher\":{\"@id\":\"https:\/\/www.pressenza.com\/it\/#organization\"},\"potentialAction\":[{\"@type\":\"SearchAction\",\"target\":{\"@type\":\"EntryPoint\",\"urlTemplate\":\"https:\/\/www.pressenza.com\/it\/?s={search_term_string}\"},\"query-input\":{\"@type\":\"PropertyValueSpecification\",\"valueRequired\":true,\"valueName\":\"search_term_string\"}}],\"inLanguage\":\"it-IT\"},{\"@type\":\"Organization\",\"@id\":\"https:\/\/www.pressenza.com\/it\/#organization\",\"name\":\"Pressenza\",\"url\":\"https:\/\/www.pressenza.com\/it\/\",\"logo\":{\"@type\":\"ImageObject\",\"inLanguage\":\"it-IT\",\"@id\":\"https:\/\/www.pressenza.com\/it\/#\/schema\/logo\/image\/\",\"url\":\"https:\/\/www.pressenza.com\/wp-content\/uploads\/2022\/10\/pressenza_logo_200x200.jpg\",\"contentUrl\":\"https:\/\/www.pressenza.com\/wp-content\/uploads\/2022\/10\/pressenza_logo_200x200.jpg\",\"width\":200,\"height\":200,\"caption\":\"Pressenza\"},\"image\":{\"@id\":\"https:\/\/www.pressenza.com\/it\/#\/schema\/logo\/image\/\"},\"sameAs\":[\"https:\/\/www.facebook.com\/PressenzaItalia\",\"https:\/\/x.com\/PressenzaIPA\"]},{\"@type\":\"Person\",\"@id\":\"https:\/\/www.pressenza.com\/it\/#\/schema\/person\/d82b464065b17ccca8a55d1e444cceeb\",\"name\":\"Potere Al Popolo\",\"url\":\"https:\/\/www.pressenza.com\/it\/author\/potere-al-popolo\/\"}]}<\/script>\n<!-- \/ Yoast SEO plugin. -->","yoast_head_json":{"title":"Ragionare con lucidit\u00e0 in un momento di confusione","description":"Vi diciamo una cosa con il cuore. Di fronte a questa grande confusione, bisogna provare a restare lucidi. A ragionare, a leggere con attenzione. Noi","robots":{"index":"index","follow":"follow","max-snippet":"max-snippet:-1","max-image-preview":"max-image-preview:large","max-video-preview":"max-video-preview:-1"},"canonical":"https:\/\/www.pressenza.com\/it\/2018\/05\/ragionare-lucidita-un-momento-confusione\/","og_locale":"it_IT","og_type":"article","og_title":"Ragionare con lucidit\u00e0 in un momento di confusione","og_description":"Vi diciamo una cosa con il cuore. Di fronte a questa grande confusione, bisogna provare a restare lucidi. A ragionare, a leggere con attenzione. Noi","og_url":"https:\/\/www.pressenza.com\/it\/2018\/05\/ragionare-lucidita-un-momento-confusione\/","og_site_name":"Pressenza","article_publisher":"https:\/\/www.facebook.com\/PressenzaItalia","article_published_time":"2018-05-30T16:14:39+00:00","article_modified_time":"2018-05-30T16:17:17+00:00","og_image":[{"width":1556,"height":592,"url":"https:\/\/www.pressenza.com\/wp-content\/uploads\/2018\/05\/testata-Pap.jpg","type":"image\/jpeg"}],"author":"Potere Al Popolo","twitter_card":"summary_large_image","twitter_creator":"@PressenzaIPA","twitter_site":"@PressenzaIPA","twitter_misc":{"Scritto da":"Potere Al Popolo","Tempo di lettura stimato":"3 minuti"},"schema":{"@context":"https:\/\/schema.org","@graph":[{"@type":"Article","@id":"https:\/\/www.pressenza.com\/it\/2018\/05\/ragionare-lucidita-un-momento-confusione\/#article","isPartOf":{"@id":"https:\/\/www.pressenza.com\/it\/2018\/05\/ragionare-lucidita-un-momento-confusione\/"},"author":{"name":"Potere Al Popolo","@id":"https:\/\/www.pressenza.com\/it\/#\/schema\/person\/d82b464065b17ccca8a55d1e444cceeb"},"headline":"Ragionare con lucidit\u00e0 in un momento di confusione","datePublished":"2018-05-30T16:14:39+00:00","dateModified":"2018-05-30T16:17:17+00:00","mainEntityOfPage":{"@id":"https:\/\/www.pressenza.com\/it\/2018\/05\/ragionare-lucidita-un-momento-confusione\/"},"wordCount":655,"publisher":{"@id":"https:\/\/www.pressenza.com\/it\/#organization"},"image":{"@id":"https:\/\/www.pressenza.com\/it\/2018\/05\/ragionare-lucidita-un-momento-confusione\/#primaryimage"},"thumbnailUrl":"https:\/\/www.pressenza.com\/wp-content\/uploads\/2018\/05\/testata-Pap.jpg","keywords":["5 Stelle","Lega","liberismo","Potere al popolo","razzismo"],"articleSection":["Europa","Opinioni","Politica"],"inLanguage":"it-IT"},{"@type":"WebPage","@id":"https:\/\/www.pressenza.com\/it\/2018\/05\/ragionare-lucidita-un-momento-confusione\/","url":"https:\/\/www.pressenza.com\/it\/2018\/05\/ragionare-lucidita-un-momento-confusione\/","name":"Ragionare con lucidit\u00e0 in un momento di confusione","isPartOf":{"@id":"https:\/\/www.pressenza.com\/it\/#website"},"primaryImageOfPage":{"@id":"https:\/\/www.pressenza.com\/it\/2018\/05\/ragionare-lucidita-un-momento-confusione\/#primaryimage"},"image":{"@id":"https:\/\/www.pressenza.com\/it\/2018\/05\/ragionare-lucidita-un-momento-confusione\/#primaryimage"},"thumbnailUrl":"https:\/\/www.pressenza.com\/wp-content\/uploads\/2018\/05\/testata-Pap.jpg","datePublished":"2018-05-30T16:14:39+00:00","dateModified":"2018-05-30T16:17:17+00:00","description":"Vi diciamo una cosa con il cuore. Di fronte a questa grande confusione, bisogna provare a restare lucidi. A ragionare, a leggere con attenzione. Noi","breadcrumb":{"@id":"https:\/\/www.pressenza.com\/it\/2018\/05\/ragionare-lucidita-un-momento-confusione\/#breadcrumb"},"inLanguage":"it-IT","potentialAction":[{"@type":"ReadAction","target":["https:\/\/www.pressenza.com\/it\/2018\/05\/ragionare-lucidita-un-momento-confusione\/"]}]},{"@type":"ImageObject","inLanguage":"it-IT","@id":"https:\/\/www.pressenza.com\/it\/2018\/05\/ragionare-lucidita-un-momento-confusione\/#primaryimage","url":"https:\/\/www.pressenza.com\/wp-content\/uploads\/2018\/05\/testata-Pap.jpg","contentUrl":"https:\/\/www.pressenza.com\/wp-content\/uploads\/2018\/05\/testata-Pap.jpg","width":1556,"height":592},{"@type":"BreadcrumbList","@id":"https:\/\/www.pressenza.com\/it\/2018\/05\/ragionare-lucidita-un-momento-confusione\/#breadcrumb","itemListElement":[{"@type":"ListItem","position":1,"name":"Accueil","item":"https:\/\/www.pressenza.com\/it\/"},{"@type":"ListItem","position":2,"name":"Ragionare con lucidit\u00e0 in un momento di confusione"}]},{"@type":"WebSite","@id":"https:\/\/www.pressenza.com\/it\/#website","url":"https:\/\/www.pressenza.com\/it\/","name":"Pressenza","description":"Agenzia di Stampa Internazionale","publisher":{"@id":"https:\/\/www.pressenza.com\/it\/#organization"},"potentialAction":[{"@type":"SearchAction","target":{"@type":"EntryPoint","urlTemplate":"https:\/\/www.pressenza.com\/it\/?s={search_term_string}"},"query-input":{"@type":"PropertyValueSpecification","valueRequired":true,"valueName":"search_term_string"}}],"inLanguage":"it-IT"},{"@type":"Organization","@id":"https:\/\/www.pressenza.com\/it\/#organization","name":"Pressenza","url":"https:\/\/www.pressenza.com\/it\/","logo":{"@type":"ImageObject","inLanguage":"it-IT","@id":"https:\/\/www.pressenza.com\/it\/#\/schema\/logo\/image\/","url":"https:\/\/www.pressenza.com\/wp-content\/uploads\/2022\/10\/pressenza_logo_200x200.jpg","contentUrl":"https:\/\/www.pressenza.com\/wp-content\/uploads\/2022\/10\/pressenza_logo_200x200.jpg","width":200,"height":200,"caption":"Pressenza"},"image":{"@id":"https:\/\/www.pressenza.com\/it\/#\/schema\/logo\/image\/"},"sameAs":["https:\/\/www.facebook.com\/PressenzaItalia","https:\/\/x.com\/PressenzaIPA"]},{"@type":"Person","@id":"https:\/\/www.pressenza.com\/it\/#\/schema\/person\/d82b464065b17ccca8a55d1e444cceeb","name":"Potere Al Popolo","url":"https:\/\/www.pressenza.com\/it\/author\/potere-al-popolo\/"}]}},"place":"","original_article_url":"","_links":{"self":[{"href":"https:\/\/www.pressenza.com\/it\/wp-json\/wp\/v2\/posts\/648469","targetHints":{"allow":["GET"]}}],"collection":[{"href":"https:\/\/www.pressenza.com\/it\/wp-json\/wp\/v2\/posts"}],"about":[{"href":"https:\/\/www.pressenza.com\/it\/wp-json\/wp\/v2\/types\/post"}],"author":[{"embeddable":true,"href":"https:\/\/www.pressenza.com\/it\/wp-json\/wp\/v2\/users\/1515"}],"replies":[{"embeddable":true,"href":"https:\/\/www.pressenza.com\/it\/wp-json\/wp\/v2\/comments?post=648469"}],"version-history":[{"count":0,"href":"https:\/\/www.pressenza.com\/it\/wp-json\/wp\/v2\/posts\/648469\/revisions"}],"wp:featuredmedia":[{"embeddable":true,"href":"https:\/\/www.pressenza.com\/it\/wp-json\/wp\/v2\/media\/648472"}],"wp:attachment":[{"href":"https:\/\/www.pressenza.com\/it\/wp-json\/wp\/v2\/media?parent=648469"}],"wp:term":[{"taxonomy":"category","embeddable":true,"href":"https:\/\/www.pressenza.com\/it\/wp-json\/wp\/v2\/categories?post=648469"},{"taxonomy":"post_tag","embeddable":true,"href":"https:\/\/www.pressenza.com\/it\/wp-json\/wp\/v2\/tags?post=648469"}],"curies":[{"name":"wp","href":"https:\/\/api.w.org\/{rel}","templated":true}]}}