{"id":647800,"date":"2018-05-29T12:00:05","date_gmt":"2018-05-29T11:00:05","guid":{"rendered":"https:\/\/www.pressenza.com\/?p=647800"},"modified":"2018-05-29T14:49:00","modified_gmt":"2018-05-29T13:49:00","slug":"italia-cosa-succede-governo","status":"publish","type":"post","link":"https:\/\/www.pressenza.com\/it\/2018\/05\/italia-cosa-succede-governo\/","title":{"rendered":"Italia: cosa succede con il governo?"},"content":{"rendered":"<p>Da domenica sera mi sto chiedendo cosa capiranno fuori dall&#8217;Italia dell&#8217;ultimo atto di quella che a volte sembra diventata una telenovela pi\u00f9 che un dibattito politico.<\/p>\n<p>Come coordinatore della sezione italiana di Pressenza credo di avere il compito di spiegare questa faccenda in modo comprensibile al resto del mondo e di farlo dal punto di vista della pace, della nonviolenza, dell&#8217;umanesimo e di tutti i temi che quest&#8217;agenzia tratta.<\/p>\n<p>Cominciamo col dire che i temi che ci sono cari sono stati ben poco presenti fin dalla campagna elettorale nella maggior parte delle formazioni politiche: la tendenza, con rare eccezioni, \u00e8 stata quella di parlare dei temi alla moda (sicurezza, immigrati, tasse), di lanciare promesse mirabolanti, di insultare gli avversari; in sintesi: un degrado notevole della politica, con toni da stadio (sugli insulti un interessante <a href=\"https:\/\/www.pressenza.com\/it\/2018\/04\/discorso-dodio-la-campagna-elettorale-amnesty-787-segnalazioni-raccolte-23-giorni-piu-1-messaggio-allora\/\">osservatorio di Amnesty<\/a>).<\/p>\n<p>Grazie a un&#8217;applicazione disinvolta della par condicio le forze che &#8220;dovevano vincere&#8221; hanno vinto e, come vecchio costume di politici, hanno preteso di governare. Tutti si sono dimenticati che l&#8217;Italia \u00e8 una Repubblica Parlamentare e che il potere appartiene al popolo (articolo 1 della Costituzione) e che quindi un governo deve ottenere la maggioranza in Parlamento. Ora nessuna forza politica coalizzatasi <strong>prima\u00a0<\/strong>delle elezioni ha ottenuto la maggioranza assoluta e quindi qualcuno si doveva coalizzare con qualcun altro, avversario alle elezioni. Dalla fine delle elezioni (primi di marzo) fino a domenica scorsa (fine maggio) si sono alternati incarichi a personalit\u00e0 politiche con lo scopo di verificare alleanze. L&#8217;ultima di esse \u00e8 stata tra la Lega (ex Lega Nord che ha preso pi\u00f9 voti di tutti nella coalizione di centro destra) e il Movimento 5 Stelle (che non si coalizzava con nessuno e da solo \u00e8 risultato il partito pi\u00f9 votato). Queste due formazioni, in genere definite dai commentatori &#8220;populiste&#8221;, hanno dato vita a un &#8220;contratto di governo&#8221; di un &#8220;governo del cambiamento&#8221; come l&#8217;hanno definito loro.<\/p>\n<p>Questo governo, in linea con la campagna elettorale, continuava a occuparsi di immigrati, di tasse, di sicurezza e ad occuparsi abbastanza poco dei temi che ci interessano; quando lo ha fatto era per ribadire fedelt\u00e0 alla NATO, adottare misure poliziesche contro immigrati, rom e islamici, tagliare i fondi per l&#8217;accoglienza dei profughi, manifestare apprezzamento per l&#8217;industria bellica, aumentare le forze di polizia e proporre una legge sulla legittima difesa; su altri temi di interesse per noi(ecologia, scuola, beni comuni, grandi opere), cari al 5 stelle, il &#8220;contratto di governo&#8221; diceva cose abbastanza generiche o dichiarava vaghe promesse che, al limite, sarebbe stato bene giudicare alla luce dei fatti.<\/p>\n<p>Nel convulso pomeriggio di domenica scorsa la diatriba finale tra il governo di Giuseppe Conte (sconosciuto avvocato messo a fare il Presidente del Consiglio) e il Presidente della Repubblica Mattarella \u00e8 stata sul nome del Ministro dell&#8217;Economia Savona che, a detta di Mattarella non avrebbe garantito la nostra fedelt\u00e0 all&#8217;Unione Europea:\u00a0\u201cL\u2019Incertezza della nostra posizione nell\u2019Euro ha posto in allarme investitori italiani e stranieri che hanno investito in titoli e aziende. L\u2019aumento dello spread aumenta debito e riduce la possibilit\u00e0 di spese in campo sociale. Questo brucia risorse e risparmi delle aziende e prefigura rischi per le famiglie e cittadini italiani\u201d.<\/p>\n<p>Questo rifiuto del Presidente e il non accettare di cambiare il nome del Ministro dell&#8217;Economia da parte dei sostenitori del governo ha prodotto le dimissioni di Conte e un incarico &#8220;tecnico&#8221; a Carlo Cottarelli, una lunga carriera nel Fondo Monetario Internazionale, \u00a0famoso per un incarico precedente come Commissario alla Spending Review,\u00a0con la prospettiva di guidare il paese a prossime elezioni.<\/p>\n<p>Ovviamente questi fatti hanno portato a numerose interpretazioni: la pi\u00f9 diffusa quella di un paese a sovranit\u00e0 condizionata da parte dei mercati (si veda su questo l&#8217;articolo di <a href=\"https:\/\/www.pressenza.com\/it\/2018\/05\/il-gran-rifiuto-di-mattarella-e-la-crisi-delle-democrazie\/\">Francesco Gesualdi<\/a> e i comunicati del <a href=\"https:\/\/www.pressenza.com\/it\/2018\/05\/partito-umanista-un-attentato-alla-democrazia\/\">Partito Umanista<\/a> e di <a href=\"https:\/\/www.pressenza.com\/it\/2018\/05\/crisi-istituzionale-parla-potere-al-popolo\/\">Potere al Popolo<\/a>); dall&#8217;altra parte si sono messe in moto campagne di solidariet\u00e0 col Presidente, attaccato in vari modi dai due ex partiti di maggioranza, che avrebbe fatto bene a opporsi (e sui temi della costituzionalit\u00e0 vedere l&#8217;articolo di <a href=\"https:\/\/www.pressenza.com\/it\/2018\/05\/mattarella-fischia-fuorigioco\/\">Rocco Artifoni<\/a>). In tutto ci\u00f2 si sono anche sviluppati numerosi ragionamenti \u00a0del tipo &#8220;la Lega lo ha fatto apposta per andare alle elezioni&#8221; che, francamente, appartengono pi\u00f9 alle discussioni da bar che a quelle politiche. Di fatto da quel momento in poi \u00e8 iniziata la campagna elettorale.<\/p>\n<p>Possiamo capire meglio da questa vicenda alcune cose:<\/p>\n<ul>\n<li>come si toccano alcuni dogmi del neoliberismo si manifestano pressioni extrapolitiche: economiche e mediatiche;<\/li>\n<li>la Costituzione conta sempre di meno: la misura francamente incostituzionale era la proposta della &#8220;flat tax&#8221; (una o due sole aliquote) \u00a0decisamente contraria al \u00a0al\u00a0criterio di progressivit\u00e0\u00a0della tassazione sancito dall&#8217;articolo 53; ma su quella nessuno, nemmeno il Presidente, ha fatto obiezione;<\/li>\n<li>l&#8217;attenersi alle cose concrete, famoso mantra del neoliberismo, continua a dominare la scena politica;<\/li>\n<li>L&#8217;opinione degli italiani conta sempre meno: una buona maggioranza degli elettori di Lega e 5Stelle mai avrebbero immaginato n\u00e9 desiderato una successiva alleanza tra questi due partiti;<\/li>\n<li>sarebbe urgente che la sinistra antirazzista, umanista, nonviolenta, solidale, pacifista, ecologista e di base si coalizzasse in un Fronte Ampio per fornire un&#8217;alternativa reale al pragmatismo che avanza.<\/li>\n<\/ul>\n<p>Quest&#8217;ultima affermazione \u00e8 un vecchio sogno del sottoscritto che si rende contro che la destrutturazione continua ad avanzare nel mondo e che le forze che generosamente stanno operando per un cambiamento di paradigma sono ancora pochine. Certamente il recente <a href=\"http:\/\/www.humanistforum.org\/it\">Forum Umanista di Madrid\u00a0<\/a>ha riunito qualcuna di quelle persone e dato un concreto segnale di speranza.<\/p>\n","protected":false},"excerpt":{"rendered":"<p>Da domenica sera mi sto chiedendo cosa capiranno fuori dall&#8217;Italia dell&#8217;ultimo atto di quella che a volte sembra diventata una telenovela pi\u00f9 che un dibattito politico. Come coordinatore della sezione italiana di Pressenza credo di avere il compito di spiegare&hellip;<\/p>\n","protected":false},"author":10,"featured_media":647834,"comment_status":"closed","ping_status":"closed","sticky":false,"template":"","format":"standard","meta":{"footnotes":""},"categories":[11388,47,1262,162,55,1260],"tags":[46538,46537,46179,6998,4550,942,42365,33955],"class_list":["post-647800","post","type-post","status-publish","format-standard","has-post-thumbnail","hentry","category-contenuti-originali","category-europa","category-nonviolenza-argomento","category-opinioni","category-politica","category-umanesimo-spiritualita","tag-carlo-cottarelli","tag-crisi-di-governo","tag-governo-lega-m5s","tag-lega","tag-m5s","tag-partito-umanista","tag-potere-al-popolo","tag-presidente-mattarella"],"yoast_head":"<!-- This site is optimized with the Yoast SEO plugin v27.1.1 - https:\/\/yoast.com\/product\/yoast-seo-wordpress\/ -->\n<title>Italia: cosa succede con il governo?<\/title>\n<meta name=\"description\" content=\"Da domenica sera mi sto chiedendo cosa capiranno fuori dall&#039;Italia dell&#039;ultimo atto di quella che a volte sembra diventata una telenovela pi\u00f9 che un\" \/>\n<meta name=\"robots\" content=\"index, follow, max-snippet:-1, max-image-preview:large, max-video-preview:-1\" \/>\n<link rel=\"canonical\" href=\"https:\/\/www.pressenza.com\/it\/2018\/05\/italia-cosa-succede-governo\/\" \/>\n<meta property=\"og:locale\" content=\"it_IT\" \/>\n<meta property=\"og:type\" content=\"article\" \/>\n<meta property=\"og:title\" content=\"Italia: cosa succede con il governo?\" \/>\n<meta property=\"og:description\" content=\"Da domenica sera mi sto chiedendo cosa capiranno fuori dall&#039;Italia dell&#039;ultimo atto di quella che a volte sembra diventata una telenovela pi\u00f9 che un\" \/>\n<meta property=\"og:url\" content=\"https:\/\/www.pressenza.com\/it\/2018\/05\/italia-cosa-succede-governo\/\" \/>\n<meta property=\"og:site_name\" content=\"Pressenza\" \/>\n<meta property=\"article:publisher\" content=\"https:\/\/www.facebook.com\/PressenzaItalia\" \/>\n<meta property=\"article:published_time\" content=\"2018-05-29T11:00:05+00:00\" \/>\n<meta property=\"article:modified_time\" content=\"2018-05-29T13:49:00+00:00\" \/>\n<meta property=\"og:image\" content=\"https:\/\/www.pressenza.com\/wp-content\/uploads\/2018\/05\/Foto.jpg\" \/>\n\t<meta property=\"og:image:width\" content=\"1024\" \/>\n\t<meta property=\"og:image:height\" content=\"682\" \/>\n\t<meta property=\"og:image:type\" content=\"image\/jpeg\" \/>\n<meta name=\"author\" content=\"Olivier Turquet\" \/>\n<meta name=\"twitter:card\" content=\"summary_large_image\" \/>\n<meta name=\"twitter:creator\" content=\"@PressenzaIPA\" \/>\n<meta name=\"twitter:site\" content=\"@PressenzaIPA\" \/>\n<meta name=\"twitter:label1\" content=\"Scritto da\" \/>\n\t<meta name=\"twitter:data1\" content=\"Olivier Turquet\" \/>\n\t<meta name=\"twitter:label2\" content=\"Tempo di lettura stimato\" \/>\n\t<meta name=\"twitter:data2\" content=\"4 minuti\" \/>\n<script type=\"application\/ld+json\" class=\"yoast-schema-graph\">{\"@context\":\"https:\/\/schema.org\",\"@graph\":[{\"@type\":\"Article\",\"@id\":\"https:\/\/www.pressenza.com\/it\/2018\/05\/italia-cosa-succede-governo\/#article\",\"isPartOf\":{\"@id\":\"https:\/\/www.pressenza.com\/it\/2018\/05\/italia-cosa-succede-governo\/\"},\"author\":{\"name\":\"Olivier Turquet\",\"@id\":\"https:\/\/www.pressenza.com\/it\/#\/schema\/person\/636f8feb51f63f34e7378d5fcdd1de53\"},\"headline\":\"Italia: cosa succede con il governo?\",\"datePublished\":\"2018-05-29T11:00:05+00:00\",\"dateModified\":\"2018-05-29T13:49:00+00:00\",\"mainEntityOfPage\":{\"@id\":\"https:\/\/www.pressenza.com\/it\/2018\/05\/italia-cosa-succede-governo\/\"},\"wordCount\":917,\"publisher\":{\"@id\":\"https:\/\/www.pressenza.com\/it\/#organization\"},\"image\":{\"@id\":\"https:\/\/www.pressenza.com\/it\/2018\/05\/italia-cosa-succede-governo\/#primaryimage\"},\"thumbnailUrl\":\"https:\/\/www.pressenza.com\/wp-content\/uploads\/2018\/05\/Foto.jpg\",\"keywords\":[\"Carlo Cottarelli\",\"crisi di governo\",\"governo Lega M5S\",\"Lega\",\"M5S\",\"Partito Umanista\",\"Potere al popolo\",\"presidente Mattarella\"],\"articleSection\":[\"contenuti originali\",\"Europa\",\"Nonviolenza\",\"Opinioni\",\"Politica\",\"Umanesimo e Spiritualit\u00e0\"],\"inLanguage\":\"it-IT\"},{\"@type\":\"WebPage\",\"@id\":\"https:\/\/www.pressenza.com\/it\/2018\/05\/italia-cosa-succede-governo\/\",\"url\":\"https:\/\/www.pressenza.com\/it\/2018\/05\/italia-cosa-succede-governo\/\",\"name\":\"Italia: cosa succede con il governo?\",\"isPartOf\":{\"@id\":\"https:\/\/www.pressenza.com\/it\/#website\"},\"primaryImageOfPage\":{\"@id\":\"https:\/\/www.pressenza.com\/it\/2018\/05\/italia-cosa-succede-governo\/#primaryimage\"},\"image\":{\"@id\":\"https:\/\/www.pressenza.com\/it\/2018\/05\/italia-cosa-succede-governo\/#primaryimage\"},\"thumbnailUrl\":\"https:\/\/www.pressenza.com\/wp-content\/uploads\/2018\/05\/Foto.jpg\",\"datePublished\":\"2018-05-29T11:00:05+00:00\",\"dateModified\":\"2018-05-29T13:49:00+00:00\",\"description\":\"Da domenica sera mi sto chiedendo cosa capiranno fuori dall'Italia dell'ultimo atto di quella che a volte sembra diventata una telenovela pi\u00f9 che un\",\"breadcrumb\":{\"@id\":\"https:\/\/www.pressenza.com\/it\/2018\/05\/italia-cosa-succede-governo\/#breadcrumb\"},\"inLanguage\":\"it-IT\",\"potentialAction\":[{\"@type\":\"ReadAction\",\"target\":[\"https:\/\/www.pressenza.com\/it\/2018\/05\/italia-cosa-succede-governo\/\"]}]},{\"@type\":\"ImageObject\",\"inLanguage\":\"it-IT\",\"@id\":\"https:\/\/www.pressenza.com\/it\/2018\/05\/italia-cosa-succede-governo\/#primaryimage\",\"url\":\"https:\/\/www.pressenza.com\/wp-content\/uploads\/2018\/05\/Foto.jpg\",\"contentUrl\":\"https:\/\/www.pressenza.com\/wp-content\/uploads\/2018\/05\/Foto.jpg\",\"width\":1024,\"height\":682},{\"@type\":\"BreadcrumbList\",\"@id\":\"https:\/\/www.pressenza.com\/it\/2018\/05\/italia-cosa-succede-governo\/#breadcrumb\",\"itemListElement\":[{\"@type\":\"ListItem\",\"position\":1,\"name\":\"Accueil\",\"item\":\"https:\/\/www.pressenza.com\/it\/\"},{\"@type\":\"ListItem\",\"position\":2,\"name\":\"Italia: cosa succede con il governo?\"}]},{\"@type\":\"WebSite\",\"@id\":\"https:\/\/www.pressenza.com\/it\/#website\",\"url\":\"https:\/\/www.pressenza.com\/it\/\",\"name\":\"Pressenza\",\"description\":\"Agenzia di Stampa Internazionale\",\"publisher\":{\"@id\":\"https:\/\/www.pressenza.com\/it\/#organization\"},\"potentialAction\":[{\"@type\":\"SearchAction\",\"target\":{\"@type\":\"EntryPoint\",\"urlTemplate\":\"https:\/\/www.pressenza.com\/it\/?s={search_term_string}\"},\"query-input\":{\"@type\":\"PropertyValueSpecification\",\"valueRequired\":true,\"valueName\":\"search_term_string\"}}],\"inLanguage\":\"it-IT\"},{\"@type\":\"Organization\",\"@id\":\"https:\/\/www.pressenza.com\/it\/#organization\",\"name\":\"Pressenza\",\"url\":\"https:\/\/www.pressenza.com\/it\/\",\"logo\":{\"@type\":\"ImageObject\",\"inLanguage\":\"it-IT\",\"@id\":\"https:\/\/www.pressenza.com\/it\/#\/schema\/logo\/image\/\",\"url\":\"https:\/\/www.pressenza.com\/wp-content\/uploads\/2022\/10\/pressenza_logo_200x200.jpg\",\"contentUrl\":\"https:\/\/www.pressenza.com\/wp-content\/uploads\/2022\/10\/pressenza_logo_200x200.jpg\",\"width\":200,\"height\":200,\"caption\":\"Pressenza\"},\"image\":{\"@id\":\"https:\/\/www.pressenza.com\/it\/#\/schema\/logo\/image\/\"},\"sameAs\":[\"https:\/\/www.facebook.com\/PressenzaItalia\",\"https:\/\/x.com\/PressenzaIPA\"]},{\"@type\":\"Person\",\"@id\":\"https:\/\/www.pressenza.com\/it\/#\/schema\/person\/636f8feb51f63f34e7378d5fcdd1de53\",\"name\":\"Olivier Turquet\",\"description\":\"Takes care of writing to tell the reality for about 40 years. He has worked with paper publications, radio and electronic He founded the electronic news agency humanist Good News. He was press secretary to various events such as: the International Humanist, Florence Play, the World March for Peace and Nonviolence. Currently coordinates the Italian team of Pressenza. olivierturquet.wordpress.com\",\"sameAs\":[\"http:\/\/olivierturquet.wordpress.com\"],\"url\":\"https:\/\/www.pressenza.com\/it\/author\/olivier-turquet\/\"}]}<\/script>\n<!-- \/ Yoast SEO plugin. -->","yoast_head_json":{"title":"Italia: cosa succede con il governo?","description":"Da domenica sera mi sto chiedendo cosa capiranno fuori dall'Italia dell'ultimo atto di quella che a volte sembra diventata una telenovela pi\u00f9 che un","robots":{"index":"index","follow":"follow","max-snippet":"max-snippet:-1","max-image-preview":"max-image-preview:large","max-video-preview":"max-video-preview:-1"},"canonical":"https:\/\/www.pressenza.com\/it\/2018\/05\/italia-cosa-succede-governo\/","og_locale":"it_IT","og_type":"article","og_title":"Italia: cosa succede con il governo?","og_description":"Da domenica sera mi sto chiedendo cosa capiranno fuori dall'Italia dell'ultimo atto di quella che a volte sembra diventata una telenovela pi\u00f9 che un","og_url":"https:\/\/www.pressenza.com\/it\/2018\/05\/italia-cosa-succede-governo\/","og_site_name":"Pressenza","article_publisher":"https:\/\/www.facebook.com\/PressenzaItalia","article_published_time":"2018-05-29T11:00:05+00:00","article_modified_time":"2018-05-29T13:49:00+00:00","og_image":[{"width":1024,"height":682,"url":"https:\/\/www.pressenza.com\/wp-content\/uploads\/2018\/05\/Foto.jpg","type":"image\/jpeg"}],"author":"Olivier Turquet","twitter_card":"summary_large_image","twitter_creator":"@PressenzaIPA","twitter_site":"@PressenzaIPA","twitter_misc":{"Scritto da":"Olivier Turquet","Tempo di lettura stimato":"4 minuti"},"schema":{"@context":"https:\/\/schema.org","@graph":[{"@type":"Article","@id":"https:\/\/www.pressenza.com\/it\/2018\/05\/italia-cosa-succede-governo\/#article","isPartOf":{"@id":"https:\/\/www.pressenza.com\/it\/2018\/05\/italia-cosa-succede-governo\/"},"author":{"name":"Olivier Turquet","@id":"https:\/\/www.pressenza.com\/it\/#\/schema\/person\/636f8feb51f63f34e7378d5fcdd1de53"},"headline":"Italia: cosa succede con il governo?","datePublished":"2018-05-29T11:00:05+00:00","dateModified":"2018-05-29T13:49:00+00:00","mainEntityOfPage":{"@id":"https:\/\/www.pressenza.com\/it\/2018\/05\/italia-cosa-succede-governo\/"},"wordCount":917,"publisher":{"@id":"https:\/\/www.pressenza.com\/it\/#organization"},"image":{"@id":"https:\/\/www.pressenza.com\/it\/2018\/05\/italia-cosa-succede-governo\/#primaryimage"},"thumbnailUrl":"https:\/\/www.pressenza.com\/wp-content\/uploads\/2018\/05\/Foto.jpg","keywords":["Carlo Cottarelli","crisi di governo","governo Lega M5S","Lega","M5S","Partito Umanista","Potere al popolo","presidente Mattarella"],"articleSection":["contenuti originali","Europa","Nonviolenza","Opinioni","Politica","Umanesimo e Spiritualit\u00e0"],"inLanguage":"it-IT"},{"@type":"WebPage","@id":"https:\/\/www.pressenza.com\/it\/2018\/05\/italia-cosa-succede-governo\/","url":"https:\/\/www.pressenza.com\/it\/2018\/05\/italia-cosa-succede-governo\/","name":"Italia: cosa succede con il governo?","isPartOf":{"@id":"https:\/\/www.pressenza.com\/it\/#website"},"primaryImageOfPage":{"@id":"https:\/\/www.pressenza.com\/it\/2018\/05\/italia-cosa-succede-governo\/#primaryimage"},"image":{"@id":"https:\/\/www.pressenza.com\/it\/2018\/05\/italia-cosa-succede-governo\/#primaryimage"},"thumbnailUrl":"https:\/\/www.pressenza.com\/wp-content\/uploads\/2018\/05\/Foto.jpg","datePublished":"2018-05-29T11:00:05+00:00","dateModified":"2018-05-29T13:49:00+00:00","description":"Da domenica sera mi sto chiedendo cosa capiranno fuori dall'Italia dell'ultimo atto di quella che a volte sembra diventata una telenovela pi\u00f9 che un","breadcrumb":{"@id":"https:\/\/www.pressenza.com\/it\/2018\/05\/italia-cosa-succede-governo\/#breadcrumb"},"inLanguage":"it-IT","potentialAction":[{"@type":"ReadAction","target":["https:\/\/www.pressenza.com\/it\/2018\/05\/italia-cosa-succede-governo\/"]}]},{"@type":"ImageObject","inLanguage":"it-IT","@id":"https:\/\/www.pressenza.com\/it\/2018\/05\/italia-cosa-succede-governo\/#primaryimage","url":"https:\/\/www.pressenza.com\/wp-content\/uploads\/2018\/05\/Foto.jpg","contentUrl":"https:\/\/www.pressenza.com\/wp-content\/uploads\/2018\/05\/Foto.jpg","width":1024,"height":682},{"@type":"BreadcrumbList","@id":"https:\/\/www.pressenza.com\/it\/2018\/05\/italia-cosa-succede-governo\/#breadcrumb","itemListElement":[{"@type":"ListItem","position":1,"name":"Accueil","item":"https:\/\/www.pressenza.com\/it\/"},{"@type":"ListItem","position":2,"name":"Italia: cosa succede con il governo?"}]},{"@type":"WebSite","@id":"https:\/\/www.pressenza.com\/it\/#website","url":"https:\/\/www.pressenza.com\/it\/","name":"Pressenza","description":"Agenzia di Stampa Internazionale","publisher":{"@id":"https:\/\/www.pressenza.com\/it\/#organization"},"potentialAction":[{"@type":"SearchAction","target":{"@type":"EntryPoint","urlTemplate":"https:\/\/www.pressenza.com\/it\/?s={search_term_string}"},"query-input":{"@type":"PropertyValueSpecification","valueRequired":true,"valueName":"search_term_string"}}],"inLanguage":"it-IT"},{"@type":"Organization","@id":"https:\/\/www.pressenza.com\/it\/#organization","name":"Pressenza","url":"https:\/\/www.pressenza.com\/it\/","logo":{"@type":"ImageObject","inLanguage":"it-IT","@id":"https:\/\/www.pressenza.com\/it\/#\/schema\/logo\/image\/","url":"https:\/\/www.pressenza.com\/wp-content\/uploads\/2022\/10\/pressenza_logo_200x200.jpg","contentUrl":"https:\/\/www.pressenza.com\/wp-content\/uploads\/2022\/10\/pressenza_logo_200x200.jpg","width":200,"height":200,"caption":"Pressenza"},"image":{"@id":"https:\/\/www.pressenza.com\/it\/#\/schema\/logo\/image\/"},"sameAs":["https:\/\/www.facebook.com\/PressenzaItalia","https:\/\/x.com\/PressenzaIPA"]},{"@type":"Person","@id":"https:\/\/www.pressenza.com\/it\/#\/schema\/person\/636f8feb51f63f34e7378d5fcdd1de53","name":"Olivier Turquet","description":"Takes care of writing to tell the reality for about 40 years. He has worked with paper publications, radio and electronic He founded the electronic news agency humanist Good News. He was press secretary to various events such as: the International Humanist, Florence Play, the World March for Peace and Nonviolence. Currently coordinates the Italian team of Pressenza. olivierturquet.wordpress.com","sameAs":["http:\/\/olivierturquet.wordpress.com"],"url":"https:\/\/www.pressenza.com\/it\/author\/olivier-turquet\/"}]}},"place":"","original_article_url":"","_links":{"self":[{"href":"https:\/\/www.pressenza.com\/it\/wp-json\/wp\/v2\/posts\/647800","targetHints":{"allow":["GET"]}}],"collection":[{"href":"https:\/\/www.pressenza.com\/it\/wp-json\/wp\/v2\/posts"}],"about":[{"href":"https:\/\/www.pressenza.com\/it\/wp-json\/wp\/v2\/types\/post"}],"author":[{"embeddable":true,"href":"https:\/\/www.pressenza.com\/it\/wp-json\/wp\/v2\/users\/10"}],"replies":[{"embeddable":true,"href":"https:\/\/www.pressenza.com\/it\/wp-json\/wp\/v2\/comments?post=647800"}],"version-history":[{"count":0,"href":"https:\/\/www.pressenza.com\/it\/wp-json\/wp\/v2\/posts\/647800\/revisions"}],"wp:featuredmedia":[{"embeddable":true,"href":"https:\/\/www.pressenza.com\/it\/wp-json\/wp\/v2\/media\/647834"}],"wp:attachment":[{"href":"https:\/\/www.pressenza.com\/it\/wp-json\/wp\/v2\/media?parent=647800"}],"wp:term":[{"taxonomy":"category","embeddable":true,"href":"https:\/\/www.pressenza.com\/it\/wp-json\/wp\/v2\/categories?post=647800"},{"taxonomy":"post_tag","embeddable":true,"href":"https:\/\/www.pressenza.com\/it\/wp-json\/wp\/v2\/tags?post=647800"}],"curies":[{"name":"wp","href":"https:\/\/api.w.org\/{rel}","templated":true}]}}