{"id":647529,"date":"2018-05-28T20:24:28","date_gmt":"2018-05-28T19:24:28","guid":{"rendered":"https:\/\/www.pressenza.com\/?p=647529"},"modified":"2018-05-28T20:24:28","modified_gmt":"2018-05-28T19:24:28","slug":"crisi-istituzionale-parla-potere-al-popolo","status":"publish","type":"post","link":"https:\/\/www.pressenza.com\/it\/2018\/05\/crisi-istituzionale-parla-potere-al-popolo\/","title":{"rendered":"Crisi istituzionale. Parla Potere al Popolo"},"content":{"rendered":"<p>Il presidente Mattarella si \u00e8 reso responsabile di una grave crisi istituzionale, pur di non accettare come Ministro dell\u2019economia Paolo Savona, considerato \u201ceuroscettico\u201d e dunque non compatibile con i diktat dell\u2019Unione Europea.<\/p>\n<p>Mattarella ha ammesso di non aver accettato Savona perch\u00e9 sgradito \u201cai mercati\u201d, temendo \u201cun segnale di allarme o di fiducia per i mercati\u201d. La volont\u00e0 dei mercati ha prevalso su quella dei cittadini.<\/p>\n<p>Piegandosi ai diktat della Bce e del Fmi, Mattarella d\u00e0 l\u2019incarico a Cottarelli, diretto rappresentante dei poteri forti della finanza e noto \u201ctagliatore di teste\u201d del FMI, ex strapagato plenipotenziario per la spending review.<\/p>\n<p>Un governo \u201ctecnico\u201d che si d\u00e0 la priorit\u00e0, dichiara Cottarelli, \u201cDi far quadrare i conti\u201d. Una replica del Governo Monti, che per far quadrare i conti ha aumentato l\u2019et\u00e0 pensionabile, precarizzato il lavoro, tagliato i servizi pubblici.<\/p>\n<p>Non ci interessa sapere se Salvini volesse davvero fare questo governo o no, nemmeno il dibattito su un eventuale impeachment di Mattarella: quello che \u00e8 inaccettabile \u00e8 la motivazione della sua scelta. Dire che si rifiuta la nomina di un ministro perch\u00e9 ha una visione della politica monetaria diverse da quelle della UE \u00e8 inaccettabile. Cos\u00ec come \u00e8 inaccettabile il ricatto dello spread, che la sovranit\u00e0 sia dei \u201cmercati\u201d e non del popolo che vota.<\/p>\n<p>In questo modo il presidente Mattarella ha portato un attacco diretto alla democrazia ed alla\u00a0Costituzione del nostro paese, facendo una scelta politica in continuit\u00e0 con lo sciagurato interventismo dell\u2019ex presidente Giorgio Napolitano.<\/p>\n<p>Grave ci sembra anche l\u2019accodarsi di CGIL e ANPI a questa scelta. In questo modo la rabbia popolare, che ha radici giustissime, si rivolger\u00e0 non solo contro una parte politica, la sedicente \u201csinistra\u201d, ma contro le stesse istituzioni nate dalla Resistenza.<\/p>\n<p>Si regaler\u00e0 a Di Maio e Salvini il ruolo di \u201cvittime dei poteri forti\u201d, di \u201cantisistema\u201d, di difensori degli interessi popolari, lasciando che la nostra gente sia sempre pi\u00f9 fomentata dal razzismo e dalla xenofobia della Lega per nascondere la\u00a0<em>guerra ai poveri<\/em>\u00a0dichiarata anche da Salvini (voucher, flat tax,\u00a0ecc)\u00a0e\u00a0farla diventare\u00a0<em>guerra tra poveri<\/em>. Il nostro paese avrebbe invece bisogno di giustizia sociale, redistribuzione della ricchezza, diritti per tutte e tutti, di cooperazione e non di odio.<\/p>\n<p>La mossa di Mattarella nasconder\u00e0 agli occhi degli elettori le responsabilit\u00e0 e le colpe della Lega che ovunque governa, alleata di Berlusconi, persegue le stesse politiche neoliberiste di Monti e Renzi, volute dai mercati e da\u00a0Confindustria,\u00a0di cui\u00a0Savona \u00e8 stato\u00a0un tempodirettore generale.<\/p>\n<p>Ieri, 27 maggio, si \u00e8 conclusa a Napoli l\u2019entusiasmante assemblea nazionale di Potere al Popolo, con la partecipazione di pi\u00f9 di un migliaio di persone: giovani, donne, lavoratori. L\u2019impegno preso \u00e8 stato quello di intraprendere tutte le mobilitazioni necessarie a contrastare l\u2019ipotizzato governo M5S e Lega,\u00a0che\u00a0ritenevamo lontano dagli interessi popolari,\u00a0a cominciare dalla proposta di flat tax a favore dei ricchi.<\/p>\n<p><em>Potere al Popolo!<\/em>, cos\u00ec come era pronto ad opporsi al governo Salvini\/Di Maio per il suo programma e la linea politica anti-popolare, ora afferma con altrettanta determinazione che \u00e8 contro il grave atto di Mattarella e contro il futuro governo Cottarelli.<\/p>\n<p>Contro questo ora intende lottare per una democrazia senza sovranit\u00e0 limitata e senza presidenti della Repubblica che, invece essere garanti di una repubblica parlamentare, si ergano a difensori di banche e finanza.<\/p>\n<p>Le mobilitazioni che avevamo in programma contro\u00a0il governo Salvini-Di Maio ora saranno rivolte contro il governo Cottarelli, pura espressione dell\u2019austerit\u00e0 autoritaria del mercato, della finanza multinazionale e dei diktat dell\u2019UE.<\/p>\n<p>Saremo l\u2019unica forza politica impegnata fino a\u00a0luglio a raccogliere le firme per la legge di iniziativa popolare he chiede di cancellare il pareggio di bilancio inserito in Costituzione da Monti, Berlusconi, Pd.<\/p>\n<p>Sfideremo Lega e 5 Stelle a cancellare\u00a0comunque\u00a0la Legge Fornero proponendone\u00a0la riforma in Parlamento, dove avrebbero da subito i numeri per approvarla.<\/p>\n<p>Basta rivoluzionari a parole. Non faremo ancora una volta i sacrifici per garantire i vostri profitti!<\/p>\n<p style=\"text-align: right;\"><span style=\"color: #800000;\">Comunicato Stampa di Potere al Popolo<\/span><\/p>\n","protected":false},"excerpt":{"rendered":"<p>Il presidente Mattarella si \u00e8 reso responsabile di una grave crisi istituzionale, pur di non accettare come Ministro dell\u2019economia Paolo Savona, considerato \u201ceuroscettico\u201d e dunque non compatibile con i diktat dell\u2019Unione Europea. Mattarella ha ammesso di non aver accettato Savona&hellip;<\/p>\n","protected":false},"author":594,"featured_media":647530,"comment_status":"closed","ping_status":"closed","sticky":false,"template":"","format":"standard","meta":{"footnotes":""},"categories":[150,47,55],"tags":[46522,42365,46523],"class_list":["post-647529","post","type-post","status-publish","format-standard","has-post-thumbnail","hentry","category-comunicati-stampa","category-europa","category-politica","tag-crisi-istituzionale","tag-potere-al-popolo","tag-sergio-matterella"],"yoast_head":"<!-- This site is optimized with the Yoast SEO plugin v27.1.1 - https:\/\/yoast.com\/product\/yoast-seo-wordpress\/ -->\n<title>Crisi istituzionale. Parla Potere al Popolo<\/title>\n<meta name=\"description\" content=\"Il presidente Mattarella si \u00e8 reso responsabile di una grave crisi istituzionale, pur di non accettare come Ministro dell\u2019economia Paolo Savona,\" \/>\n<meta name=\"robots\" content=\"index, follow, max-snippet:-1, max-image-preview:large, max-video-preview:-1\" \/>\n<link rel=\"canonical\" href=\"https:\/\/www.pressenza.com\/it\/2018\/05\/crisi-istituzionale-parla-potere-al-popolo\/\" \/>\n<meta property=\"og:locale\" content=\"it_IT\" \/>\n<meta property=\"og:type\" content=\"article\" \/>\n<meta property=\"og:title\" content=\"Crisi istituzionale. Parla Potere al Popolo\" \/>\n<meta property=\"og:description\" content=\"Il presidente Mattarella si \u00e8 reso responsabile di una grave crisi istituzionale, pur di non accettare come Ministro dell\u2019economia Paolo Savona,\" \/>\n<meta property=\"og:url\" content=\"https:\/\/www.pressenza.com\/it\/2018\/05\/crisi-istituzionale-parla-potere-al-popolo\/\" \/>\n<meta property=\"og:site_name\" content=\"Pressenza\" \/>\n<meta property=\"article:publisher\" content=\"https:\/\/www.facebook.com\/PressenzaItalia\" \/>\n<meta property=\"article:author\" content=\"https:\/\/www.facebook.com\/PressenzaItalia\" \/>\n<meta property=\"article:published_time\" content=\"2018-05-28T19:24:28+00:00\" \/>\n<meta property=\"og:image\" content=\"https:\/\/www.pressenza.com\/wp-content\/uploads\/2018\/05\/crisi-istituzionale-potere-al-popolo.jpg\" \/>\n\t<meta property=\"og:image:width\" content=\"1300\" \/>\n\t<meta property=\"og:image:height\" content=\"800\" \/>\n\t<meta property=\"og:image:type\" content=\"image\/jpeg\" \/>\n<meta name=\"author\" content=\"Redazione Italia\" \/>\n<meta name=\"twitter:card\" content=\"summary_large_image\" \/>\n<meta name=\"twitter:creator\" content=\"@pressenza_it\" \/>\n<meta name=\"twitter:site\" content=\"@PressenzaIPA\" \/>\n<meta name=\"twitter:label1\" content=\"Scritto da\" \/>\n\t<meta name=\"twitter:data1\" content=\"Redazione Italia\" \/>\n\t<meta name=\"twitter:label2\" content=\"Tempo di lettura stimato\" \/>\n\t<meta name=\"twitter:data2\" content=\"3 minuti\" \/>\n<script type=\"application\/ld+json\" class=\"yoast-schema-graph\">{\"@context\":\"https:\/\/schema.org\",\"@graph\":[{\"@type\":\"Article\",\"@id\":\"https:\/\/www.pressenza.com\/it\/2018\/05\/crisi-istituzionale-parla-potere-al-popolo\/#article\",\"isPartOf\":{\"@id\":\"https:\/\/www.pressenza.com\/it\/2018\/05\/crisi-istituzionale-parla-potere-al-popolo\/\"},\"author\":{\"name\":\"Redazione Italia\",\"@id\":\"https:\/\/www.pressenza.com\/it\/#\/schema\/person\/d983e81827ae24f2c7b1a2123d197f8d\"},\"headline\":\"Crisi istituzionale. Parla Potere al Popolo\",\"datePublished\":\"2018-05-28T19:24:28+00:00\",\"mainEntityOfPage\":{\"@id\":\"https:\/\/www.pressenza.com\/it\/2018\/05\/crisi-istituzionale-parla-potere-al-popolo\/\"},\"wordCount\":665,\"publisher\":{\"@id\":\"https:\/\/www.pressenza.com\/it\/#organization\"},\"image\":{\"@id\":\"https:\/\/www.pressenza.com\/it\/2018\/05\/crisi-istituzionale-parla-potere-al-popolo\/#primaryimage\"},\"thumbnailUrl\":\"https:\/\/www.pressenza.com\/wp-content\/uploads\/2018\/05\/crisi-istituzionale-potere-al-popolo.jpg\",\"keywords\":[\"Crisi istituzionale\",\"Potere al popolo\",\"Sergio Matterella\"],\"articleSection\":[\"Comunicati Stampa\",\"Europa\",\"Politica\"],\"inLanguage\":\"it-IT\"},{\"@type\":\"WebPage\",\"@id\":\"https:\/\/www.pressenza.com\/it\/2018\/05\/crisi-istituzionale-parla-potere-al-popolo\/\",\"url\":\"https:\/\/www.pressenza.com\/it\/2018\/05\/crisi-istituzionale-parla-potere-al-popolo\/\",\"name\":\"Crisi istituzionale. Parla Potere al Popolo\",\"isPartOf\":{\"@id\":\"https:\/\/www.pressenza.com\/it\/#website\"},\"primaryImageOfPage\":{\"@id\":\"https:\/\/www.pressenza.com\/it\/2018\/05\/crisi-istituzionale-parla-potere-al-popolo\/#primaryimage\"},\"image\":{\"@id\":\"https:\/\/www.pressenza.com\/it\/2018\/05\/crisi-istituzionale-parla-potere-al-popolo\/#primaryimage\"},\"thumbnailUrl\":\"https:\/\/www.pressenza.com\/wp-content\/uploads\/2018\/05\/crisi-istituzionale-potere-al-popolo.jpg\",\"datePublished\":\"2018-05-28T19:24:28+00:00\",\"description\":\"Il presidente Mattarella si \u00e8 reso responsabile di una grave crisi istituzionale, pur di non accettare come Ministro dell\u2019economia Paolo Savona,\",\"breadcrumb\":{\"@id\":\"https:\/\/www.pressenza.com\/it\/2018\/05\/crisi-istituzionale-parla-potere-al-popolo\/#breadcrumb\"},\"inLanguage\":\"it-IT\",\"potentialAction\":[{\"@type\":\"ReadAction\",\"target\":[\"https:\/\/www.pressenza.com\/it\/2018\/05\/crisi-istituzionale-parla-potere-al-popolo\/\"]}]},{\"@type\":\"ImageObject\",\"inLanguage\":\"it-IT\",\"@id\":\"https:\/\/www.pressenza.com\/it\/2018\/05\/crisi-istituzionale-parla-potere-al-popolo\/#primaryimage\",\"url\":\"https:\/\/www.pressenza.com\/wp-content\/uploads\/2018\/05\/crisi-istituzionale-potere-al-popolo.jpg\",\"contentUrl\":\"https:\/\/www.pressenza.com\/wp-content\/uploads\/2018\/05\/crisi-istituzionale-potere-al-popolo.jpg\",\"width\":1300,\"height\":800},{\"@type\":\"BreadcrumbList\",\"@id\":\"https:\/\/www.pressenza.com\/it\/2018\/05\/crisi-istituzionale-parla-potere-al-popolo\/#breadcrumb\",\"itemListElement\":[{\"@type\":\"ListItem\",\"position\":1,\"name\":\"Accueil\",\"item\":\"https:\/\/www.pressenza.com\/it\/\"},{\"@type\":\"ListItem\",\"position\":2,\"name\":\"Crisi istituzionale. Parla Potere al Popolo\"}]},{\"@type\":\"WebSite\",\"@id\":\"https:\/\/www.pressenza.com\/it\/#website\",\"url\":\"https:\/\/www.pressenza.com\/it\/\",\"name\":\"Pressenza\",\"description\":\"Agenzia di Stampa Internazionale\",\"publisher\":{\"@id\":\"https:\/\/www.pressenza.com\/it\/#organization\"},\"potentialAction\":[{\"@type\":\"SearchAction\",\"target\":{\"@type\":\"EntryPoint\",\"urlTemplate\":\"https:\/\/www.pressenza.com\/it\/?s={search_term_string}\"},\"query-input\":{\"@type\":\"PropertyValueSpecification\",\"valueRequired\":true,\"valueName\":\"search_term_string\"}}],\"inLanguage\":\"it-IT\"},{\"@type\":\"Organization\",\"@id\":\"https:\/\/www.pressenza.com\/it\/#organization\",\"name\":\"Pressenza\",\"url\":\"https:\/\/www.pressenza.com\/it\/\",\"logo\":{\"@type\":\"ImageObject\",\"inLanguage\":\"it-IT\",\"@id\":\"https:\/\/www.pressenza.com\/it\/#\/schema\/logo\/image\/\",\"url\":\"https:\/\/www.pressenza.com\/wp-content\/uploads\/2022\/10\/pressenza_logo_200x200.jpg\",\"contentUrl\":\"https:\/\/www.pressenza.com\/wp-content\/uploads\/2022\/10\/pressenza_logo_200x200.jpg\",\"width\":200,\"height\":200,\"caption\":\"Pressenza\"},\"image\":{\"@id\":\"https:\/\/www.pressenza.com\/it\/#\/schema\/logo\/image\/\"},\"sameAs\":[\"https:\/\/www.facebook.com\/PressenzaItalia\",\"https:\/\/x.com\/PressenzaIPA\"]},{\"@type\":\"Person\",\"@id\":\"https:\/\/www.pressenza.com\/it\/#\/schema\/person\/d983e81827ae24f2c7b1a2123d197f8d\",\"name\":\"Redazione Italia\",\"description\":\"News from the Pressenza Bureau in Italy\",\"sameAs\":[\"https:\/\/www.pressenza.com\/it\/author\/redazione-italia\/\",\"https:\/\/www.facebook.com\/PressenzaItalia\",\"https:\/\/www.instagram.com\/pressenza_italia\/\",\"https:\/\/x.com\/pressenza_it\",\"https:\/\/www.youtube.com\/channel\/UCSalEIWjE1RSxkwjfftFuqg\"],\"url\":\"https:\/\/www.pressenza.com\/it\/author\/redazione-italia\/\"}]}<\/script>\n<!-- \/ Yoast SEO plugin. -->","yoast_head_json":{"title":"Crisi istituzionale. Parla Potere al Popolo","description":"Il presidente Mattarella si \u00e8 reso responsabile di una grave crisi istituzionale, pur di non accettare come Ministro dell\u2019economia Paolo Savona,","robots":{"index":"index","follow":"follow","max-snippet":"max-snippet:-1","max-image-preview":"max-image-preview:large","max-video-preview":"max-video-preview:-1"},"canonical":"https:\/\/www.pressenza.com\/it\/2018\/05\/crisi-istituzionale-parla-potere-al-popolo\/","og_locale":"it_IT","og_type":"article","og_title":"Crisi istituzionale. Parla Potere al Popolo","og_description":"Il presidente Mattarella si \u00e8 reso responsabile di una grave crisi istituzionale, pur di non accettare come Ministro dell\u2019economia Paolo Savona,","og_url":"https:\/\/www.pressenza.com\/it\/2018\/05\/crisi-istituzionale-parla-potere-al-popolo\/","og_site_name":"Pressenza","article_publisher":"https:\/\/www.facebook.com\/PressenzaItalia","article_author":"https:\/\/www.facebook.com\/PressenzaItalia","article_published_time":"2018-05-28T19:24:28+00:00","og_image":[{"width":1300,"height":800,"url":"https:\/\/www.pressenza.com\/wp-content\/uploads\/2018\/05\/crisi-istituzionale-potere-al-popolo.jpg","type":"image\/jpeg"}],"author":"Redazione Italia","twitter_card":"summary_large_image","twitter_creator":"@pressenza_it","twitter_site":"@PressenzaIPA","twitter_misc":{"Scritto da":"Redazione Italia","Tempo di lettura stimato":"3 minuti"},"schema":{"@context":"https:\/\/schema.org","@graph":[{"@type":"Article","@id":"https:\/\/www.pressenza.com\/it\/2018\/05\/crisi-istituzionale-parla-potere-al-popolo\/#article","isPartOf":{"@id":"https:\/\/www.pressenza.com\/it\/2018\/05\/crisi-istituzionale-parla-potere-al-popolo\/"},"author":{"name":"Redazione Italia","@id":"https:\/\/www.pressenza.com\/it\/#\/schema\/person\/d983e81827ae24f2c7b1a2123d197f8d"},"headline":"Crisi istituzionale. Parla Potere al Popolo","datePublished":"2018-05-28T19:24:28+00:00","mainEntityOfPage":{"@id":"https:\/\/www.pressenza.com\/it\/2018\/05\/crisi-istituzionale-parla-potere-al-popolo\/"},"wordCount":665,"publisher":{"@id":"https:\/\/www.pressenza.com\/it\/#organization"},"image":{"@id":"https:\/\/www.pressenza.com\/it\/2018\/05\/crisi-istituzionale-parla-potere-al-popolo\/#primaryimage"},"thumbnailUrl":"https:\/\/www.pressenza.com\/wp-content\/uploads\/2018\/05\/crisi-istituzionale-potere-al-popolo.jpg","keywords":["Crisi istituzionale","Potere al popolo","Sergio Matterella"],"articleSection":["Comunicati Stampa","Europa","Politica"],"inLanguage":"it-IT"},{"@type":"WebPage","@id":"https:\/\/www.pressenza.com\/it\/2018\/05\/crisi-istituzionale-parla-potere-al-popolo\/","url":"https:\/\/www.pressenza.com\/it\/2018\/05\/crisi-istituzionale-parla-potere-al-popolo\/","name":"Crisi istituzionale. Parla Potere al Popolo","isPartOf":{"@id":"https:\/\/www.pressenza.com\/it\/#website"},"primaryImageOfPage":{"@id":"https:\/\/www.pressenza.com\/it\/2018\/05\/crisi-istituzionale-parla-potere-al-popolo\/#primaryimage"},"image":{"@id":"https:\/\/www.pressenza.com\/it\/2018\/05\/crisi-istituzionale-parla-potere-al-popolo\/#primaryimage"},"thumbnailUrl":"https:\/\/www.pressenza.com\/wp-content\/uploads\/2018\/05\/crisi-istituzionale-potere-al-popolo.jpg","datePublished":"2018-05-28T19:24:28+00:00","description":"Il presidente Mattarella si \u00e8 reso responsabile di una grave crisi istituzionale, pur di non accettare come Ministro dell\u2019economia Paolo Savona,","breadcrumb":{"@id":"https:\/\/www.pressenza.com\/it\/2018\/05\/crisi-istituzionale-parla-potere-al-popolo\/#breadcrumb"},"inLanguage":"it-IT","potentialAction":[{"@type":"ReadAction","target":["https:\/\/www.pressenza.com\/it\/2018\/05\/crisi-istituzionale-parla-potere-al-popolo\/"]}]},{"@type":"ImageObject","inLanguage":"it-IT","@id":"https:\/\/www.pressenza.com\/it\/2018\/05\/crisi-istituzionale-parla-potere-al-popolo\/#primaryimage","url":"https:\/\/www.pressenza.com\/wp-content\/uploads\/2018\/05\/crisi-istituzionale-potere-al-popolo.jpg","contentUrl":"https:\/\/www.pressenza.com\/wp-content\/uploads\/2018\/05\/crisi-istituzionale-potere-al-popolo.jpg","width":1300,"height":800},{"@type":"BreadcrumbList","@id":"https:\/\/www.pressenza.com\/it\/2018\/05\/crisi-istituzionale-parla-potere-al-popolo\/#breadcrumb","itemListElement":[{"@type":"ListItem","position":1,"name":"Accueil","item":"https:\/\/www.pressenza.com\/it\/"},{"@type":"ListItem","position":2,"name":"Crisi istituzionale. Parla Potere al Popolo"}]},{"@type":"WebSite","@id":"https:\/\/www.pressenza.com\/it\/#website","url":"https:\/\/www.pressenza.com\/it\/","name":"Pressenza","description":"Agenzia di Stampa Internazionale","publisher":{"@id":"https:\/\/www.pressenza.com\/it\/#organization"},"potentialAction":[{"@type":"SearchAction","target":{"@type":"EntryPoint","urlTemplate":"https:\/\/www.pressenza.com\/it\/?s={search_term_string}"},"query-input":{"@type":"PropertyValueSpecification","valueRequired":true,"valueName":"search_term_string"}}],"inLanguage":"it-IT"},{"@type":"Organization","@id":"https:\/\/www.pressenza.com\/it\/#organization","name":"Pressenza","url":"https:\/\/www.pressenza.com\/it\/","logo":{"@type":"ImageObject","inLanguage":"it-IT","@id":"https:\/\/www.pressenza.com\/it\/#\/schema\/logo\/image\/","url":"https:\/\/www.pressenza.com\/wp-content\/uploads\/2022\/10\/pressenza_logo_200x200.jpg","contentUrl":"https:\/\/www.pressenza.com\/wp-content\/uploads\/2022\/10\/pressenza_logo_200x200.jpg","width":200,"height":200,"caption":"Pressenza"},"image":{"@id":"https:\/\/www.pressenza.com\/it\/#\/schema\/logo\/image\/"},"sameAs":["https:\/\/www.facebook.com\/PressenzaItalia","https:\/\/x.com\/PressenzaIPA"]},{"@type":"Person","@id":"https:\/\/www.pressenza.com\/it\/#\/schema\/person\/d983e81827ae24f2c7b1a2123d197f8d","name":"Redazione Italia","description":"News from the Pressenza Bureau in Italy","sameAs":["https:\/\/www.pressenza.com\/it\/author\/redazione-italia\/","https:\/\/www.facebook.com\/PressenzaItalia","https:\/\/www.instagram.com\/pressenza_italia\/","https:\/\/x.com\/pressenza_it","https:\/\/www.youtube.com\/channel\/UCSalEIWjE1RSxkwjfftFuqg"],"url":"https:\/\/www.pressenza.com\/it\/author\/redazione-italia\/"}]}},"place":"","original_article_url":"","_links":{"self":[{"href":"https:\/\/www.pressenza.com\/it\/wp-json\/wp\/v2\/posts\/647529","targetHints":{"allow":["GET"]}}],"collection":[{"href":"https:\/\/www.pressenza.com\/it\/wp-json\/wp\/v2\/posts"}],"about":[{"href":"https:\/\/www.pressenza.com\/it\/wp-json\/wp\/v2\/types\/post"}],"author":[{"embeddable":true,"href":"https:\/\/www.pressenza.com\/it\/wp-json\/wp\/v2\/users\/594"}],"replies":[{"embeddable":true,"href":"https:\/\/www.pressenza.com\/it\/wp-json\/wp\/v2\/comments?post=647529"}],"version-history":[{"count":0,"href":"https:\/\/www.pressenza.com\/it\/wp-json\/wp\/v2\/posts\/647529\/revisions"}],"wp:featuredmedia":[{"embeddable":true,"href":"https:\/\/www.pressenza.com\/it\/wp-json\/wp\/v2\/media\/647530"}],"wp:attachment":[{"href":"https:\/\/www.pressenza.com\/it\/wp-json\/wp\/v2\/media?parent=647529"}],"wp:term":[{"taxonomy":"category","embeddable":true,"href":"https:\/\/www.pressenza.com\/it\/wp-json\/wp\/v2\/categories?post=647529"},{"taxonomy":"post_tag","embeddable":true,"href":"https:\/\/www.pressenza.com\/it\/wp-json\/wp\/v2\/tags?post=647529"}],"curies":[{"name":"wp","href":"https:\/\/api.w.org\/{rel}","templated":true}]}}