{"id":647448,"date":"2018-05-28T17:13:17","date_gmt":"2018-05-28T16:13:17","guid":{"rendered":"https:\/\/www.pressenza.com\/?p=647448"},"modified":"2018-05-28T17:13:17","modified_gmt":"2018-05-28T16:13:17","slug":"mattarella-fischia-fuorigioco","status":"publish","type":"post","link":"https:\/\/www.pressenza.com\/it\/2018\/05\/mattarella-fischia-fuorigioco\/","title":{"rendered":"Se Mattarella fischia il fuorigioco"},"content":{"rendered":"<p>Nel discorso di insediamento il neo eletto Presidente della Repubblica Sergio Mattarella presentandosi al Parlamento disse: \u00abNel linguaggio corrente si \u00e8 soliti tradurre il compito del capo dello Stato nel ruolo di un arbitro.. \u00c8 una immagine efficace. All&#8217;arbitro compete la puntuale applicazione delle regole. L&#8217;arbitro deve essere &#8211; e sar\u00e0 &#8211; imparziale. I giocatori lo aiutino con la loro correttezza. Il Presidente della Repubblica \u00e8 garante della Costituzione. La garanzia pi\u00f9 forte della nostra Costituzione consiste, peraltro, nella sua applicazione\u00bb.<\/p>\n<p>Nella vicenda che ha portato alla rinuncia di Giuseppe Conte di formare un Governo, a causa del parere negativo del Presidente della Repubblica alla nomina di un Ministro, occorre chiedersi se Sergio Mattarella abbia rispettato e applicato la Costituzione oppure no.<\/p>\n<p>L\u2019articolo 92 della Costituzione recita: \u00abIl Presidente della Repubblica nomina il Presidente del Consiglio dei Ministri e, su proposta di questo, i Ministri\u00bb. La nomina dei ministri, secondo la giurisprudenza costituzionale, non \u00e8 una mera formalit\u00e0: il Capo dello Stato pu\u00f2 anche opporsi alla designazione di un Ministro da parte del Presidente del Consiglio, chiedendo che venga indicato un altro nome. Infatti, ci sono almeno tre precedenti storici a dimostrare che la nomina dei Ministri non debba essere intesa come un atto di ratifica formale di decisioni prese altrove.<\/p>\n<p>Per il primo precedente bisogna risalire al 1994, quando Silvio Berlusconi, con i suoi alleati, disponeva della maggioranza parlamentare. Di conseguenza fu incaricato dal Presidente della Repubblica Oscar Luigi Scalfaro di formare il Governo. Quando Berlusconi propose il nome di Cesare Previti, suo avvocato, come Ministro di Grazia e Giustizia, Scalfaro si oppose a questa indicazione per quel ministero. In quel caso Berlusconi prese atto della contrariet\u00e0 di Scalfaro e indic\u00f2 come guardasigilli Alfredo Biondi (Previti divent\u00f2 ministro della Difesa).<\/p>\n<p>Il secondo precedente risale al 2001: il Capo dello Stato Carlo Azeglio Ciampi rifiut\u00f2 il nome di Roberto Maroni come Ministro della Giustizia del secondo governo Berlusconi. Maroni venne dirottato al ministero del Lavoro, mentre alla Giustizia and\u00f2 un altro esponente della Lega, Roberto Castelli.<\/p>\n<p>L\u2019ultimo precedente \u00e8 del 2014: il presidente della Repubblica Giorgio Napolitano sconsigli\u00f2 a Matteo Renzi di nominare il procuratore di Reggio Calabria Nicola Gratteri come Ministro della Giustizia. Renzi accett\u00f2 l\u2019obiezione di Napolitano e nomin\u00f2 alla Giustizia Andrea Orlando.<\/p>\n<p>Come si pu\u00f2 notare gli ultimi tre predecessori di Mattarella utilizzarono la prerogativa costituzionale di nomina dei Ministri per evitare alcune collocazioni sgradite. Non risulta alle cronache che vennero sollevate significative obiezioni. In tutti e tre i casi, il Presidente del Consiglio incaricato prese atto e si adegu\u00f2 alle decisioni del Capo dello Stato.<\/p>\n<p>Invece, con il diniego di Sergio Mattarella alla nomina di Paolo Savona Ministro dell\u2019economia nel Governo presieduto da Giuseppe Conte, si \u00e8 realizzato il primo caso in cui un Presidente del Consiglio incaricato abbia deciso di rimettere l\u2019incarico nelle mani del Presidente della Repubblica.<\/p>\n<p>Evidentemente per Giuseppe Conte (e per i partiti che lo sostengono) la collocazione di una persona in un determinato posto di Ministro \u00e8 da ritenersi pi\u00f9 importante della realizzazione di un programma di Governo. Di questa scelta, assai poco responsabile, Sergio Mattarella non ha potuto far altro che prendere atto e dare l\u2019incarico di formare un Governo ad altri.<\/p>\n<p>Occorre ricordare che le Costituzioni servono anzitutto a garantire a tutti i cittadini i diritti, evitando gli abusi di potere. Pertanto, ogni Costituzione contiene un sistema di regole che dividono e limitano tutti i poteri, compreso quello della maggioranza.<\/p>\n<p>Gi\u00e0 l\u2019art. 16 della Dichiarazione dei diritti dell\u2019uomo e del cittadino francese del 1789 affermava che \u00abogni societ\u00e0 nella quale la garanzia dei diritti non \u00e8 assicurata e la separazione dei poteri non \u00e8 determinata, non ha una Costituzione\u00bb. Il che spiega perch\u00e9 nella Costituzione italiana si affermi che la sovranit\u00e0 appartiene al popolo, ma il suo esercizio deve avvenire nelle forme e nei limiti della Costituzione (art. 1). Montesquieu addirittura sosteneva che \u00abse il potere esecutivo fosse affidato a un certo numero di persone tratte dal corpo legislativo, non vi sarebbe pi\u00f9 libert\u00e0\u00bb, essendo i due poteri uniti.<\/p>\n<p>Pu\u00f2 capitare che l\u2019arbitro di una partita di calcio fischi un fuorigioco. L\u2019arbitro pu\u00f2 avvalersi della segnalazione del guardialinee o visualizzare le riprese dell\u2019azione alla moviola. Alla fine decide se si tratta di fuorigioco oppure no. Ovviamente l\u2019arbitro pu\u00f2 sbagliare. La sua decisione si pu\u00f2 criticare. Ma nessuno ha mai pensato che l\u2019arbitro non abbia il diritto, anzi il dovere di fischiare un fuorigioco se in questo modo viene valutato.<\/p>\n<p>La metafora calcistica ben si addice a quanto accaduto ieri tra Mattarella e la squadra mista Lega-M5S, che si \u00e8 presentata in campo\u00a0 con Giuseppe Conte con la fascia di capitano (che \u00e8 quello che va a parlare all\u2019arbitro a nome di tutta la squadra).<\/p>\n<p>Chi oggi propone di mettere sotto accusa e processare il Presidente della Repubblica per le scelte compiute \u00abnell\u2019esercizio delle sue funzioni\u00bb (art. 90) dimostra di non conoscere la Carta costituzionale. Che andrebbe osservata da tutti (art. 54), non soltanto dal Presidente Mattarella.<\/p>\n","protected":false},"excerpt":{"rendered":"<p>Nel discorso di insediamento il neo eletto Presidente della Repubblica Sergio Mattarella presentandosi al Parlamento disse: \u00abNel linguaggio corrente si \u00e8 soliti tradurre il compito del capo dello Stato nel ruolo di un arbitro.. \u00c8 una immagine efficace. All&#8217;arbitro compete&hellip;<\/p>\n","protected":false},"author":1280,"featured_media":647470,"comment_status":"closed","ping_status":"closed","sticky":false,"template":"","format":"standard","meta":{"footnotes":""},"categories":[11388,47,55],"tags":[46513,801,6998,40454,4550,17490,46497,15742],"class_list":["post-647448","post","type-post","status-publish","format-standard","has-post-thumbnail","hentry","category-contenuti-originali","category-europa","category-politica","tag-capo-dello-stato","tag-costituzione","tag-lega","tag-luigi-di-maio","tag-m5s","tag-matteo-salvini","tag-paolo-savona","tag-sergio-mattarella"],"yoast_head":"<!-- This site is optimized with the Yoast SEO plugin v27.1.1 - https:\/\/yoast.com\/product\/yoast-seo-wordpress\/ -->\n<title>Se Mattarella fischia il fuorigioco<\/title>\n<meta name=\"description\" content=\"Nel discorso di insediamento il neo eletto Presidente della Repubblica Sergio Mattarella presentandosi al Parlamento disse: \u00abNel linguaggio corrente si \u00e8\" \/>\n<meta name=\"robots\" content=\"index, follow, max-snippet:-1, max-image-preview:large, max-video-preview:-1\" \/>\n<link rel=\"canonical\" href=\"https:\/\/www.pressenza.com\/it\/2018\/05\/mattarella-fischia-fuorigioco\/\" \/>\n<meta property=\"og:locale\" content=\"it_IT\" \/>\n<meta property=\"og:type\" content=\"article\" \/>\n<meta property=\"og:title\" content=\"Se Mattarella fischia il fuorigioco\" \/>\n<meta property=\"og:description\" content=\"Nel discorso di insediamento il neo eletto Presidente della Repubblica Sergio Mattarella presentandosi al Parlamento disse: \u00abNel linguaggio corrente si \u00e8\" \/>\n<meta property=\"og:url\" content=\"https:\/\/www.pressenza.com\/it\/2018\/05\/mattarella-fischia-fuorigioco\/\" \/>\n<meta property=\"og:site_name\" content=\"Pressenza\" \/>\n<meta property=\"article:publisher\" content=\"https:\/\/www.facebook.com\/PressenzaItalia\" \/>\n<meta property=\"article:published_time\" content=\"2018-05-28T16:13:17+00:00\" \/>\n<meta property=\"og:image\" content=\"https:\/\/www.pressenza.com\/wp-content\/uploads\/2018\/05\/Schermata-2018-05-28-alle-18.11.11.png\" \/>\n\t<meta property=\"og:image:width\" content=\"1416\" \/>\n\t<meta property=\"og:image:height\" content=\"788\" \/>\n\t<meta property=\"og:image:type\" content=\"image\/png\" \/>\n<meta name=\"author\" content=\"Rocco Artifoni\" \/>\n<meta name=\"twitter:card\" content=\"summary_large_image\" \/>\n<meta name=\"twitter:creator\" content=\"@PressenzaIPA\" \/>\n<meta name=\"twitter:site\" content=\"@PressenzaIPA\" \/>\n<meta name=\"twitter:label1\" content=\"Scritto da\" \/>\n\t<meta name=\"twitter:data1\" content=\"Rocco Artifoni\" \/>\n\t<meta name=\"twitter:label2\" content=\"Tempo di lettura stimato\" \/>\n\t<meta name=\"twitter:data2\" content=\"4 minuti\" \/>\n<script type=\"application\/ld+json\" class=\"yoast-schema-graph\">{\"@context\":\"https:\/\/schema.org\",\"@graph\":[{\"@type\":\"Article\",\"@id\":\"https:\/\/www.pressenza.com\/it\/2018\/05\/mattarella-fischia-fuorigioco\/#article\",\"isPartOf\":{\"@id\":\"https:\/\/www.pressenza.com\/it\/2018\/05\/mattarella-fischia-fuorigioco\/\"},\"author\":{\"name\":\"Rocco Artifoni\",\"@id\":\"https:\/\/www.pressenza.com\/it\/#\/schema\/person\/47253bd773bfdc8f669fc1a490a0d099\"},\"headline\":\"Se Mattarella fischia il fuorigioco\",\"datePublished\":\"2018-05-28T16:13:17+00:00\",\"mainEntityOfPage\":{\"@id\":\"https:\/\/www.pressenza.com\/it\/2018\/05\/mattarella-fischia-fuorigioco\/\"},\"wordCount\":830,\"publisher\":{\"@id\":\"https:\/\/www.pressenza.com\/it\/#organization\"},\"image\":{\"@id\":\"https:\/\/www.pressenza.com\/it\/2018\/05\/mattarella-fischia-fuorigioco\/#primaryimage\"},\"thumbnailUrl\":\"https:\/\/www.pressenza.com\/wp-content\/uploads\/2018\/05\/Schermata-2018-05-28-alle-18.11.11.png\",\"keywords\":[\"Capo dello Stato\",\"Costituzione\",\"Lega\",\"Luigi di Maio\",\"M5S\",\"Matteo Salvini\",\"Paolo Savona\",\"Sergio Mattarella\"],\"articleSection\":[\"contenuti originali\",\"Europa\",\"Politica\"],\"inLanguage\":\"it-IT\"},{\"@type\":\"WebPage\",\"@id\":\"https:\/\/www.pressenza.com\/it\/2018\/05\/mattarella-fischia-fuorigioco\/\",\"url\":\"https:\/\/www.pressenza.com\/it\/2018\/05\/mattarella-fischia-fuorigioco\/\",\"name\":\"Se Mattarella fischia il fuorigioco\",\"isPartOf\":{\"@id\":\"https:\/\/www.pressenza.com\/it\/#website\"},\"primaryImageOfPage\":{\"@id\":\"https:\/\/www.pressenza.com\/it\/2018\/05\/mattarella-fischia-fuorigioco\/#primaryimage\"},\"image\":{\"@id\":\"https:\/\/www.pressenza.com\/it\/2018\/05\/mattarella-fischia-fuorigioco\/#primaryimage\"},\"thumbnailUrl\":\"https:\/\/www.pressenza.com\/wp-content\/uploads\/2018\/05\/Schermata-2018-05-28-alle-18.11.11.png\",\"datePublished\":\"2018-05-28T16:13:17+00:00\",\"description\":\"Nel discorso di insediamento il neo eletto Presidente della Repubblica Sergio Mattarella presentandosi al Parlamento disse: \u00abNel linguaggio corrente si \u00e8\",\"breadcrumb\":{\"@id\":\"https:\/\/www.pressenza.com\/it\/2018\/05\/mattarella-fischia-fuorigioco\/#breadcrumb\"},\"inLanguage\":\"it-IT\",\"potentialAction\":[{\"@type\":\"ReadAction\",\"target\":[\"https:\/\/www.pressenza.com\/it\/2018\/05\/mattarella-fischia-fuorigioco\/\"]}]},{\"@type\":\"ImageObject\",\"inLanguage\":\"it-IT\",\"@id\":\"https:\/\/www.pressenza.com\/it\/2018\/05\/mattarella-fischia-fuorigioco\/#primaryimage\",\"url\":\"https:\/\/www.pressenza.com\/wp-content\/uploads\/2018\/05\/Schermata-2018-05-28-alle-18.11.11.png\",\"contentUrl\":\"https:\/\/www.pressenza.com\/wp-content\/uploads\/2018\/05\/Schermata-2018-05-28-alle-18.11.11.png\",\"width\":1416,\"height\":788},{\"@type\":\"BreadcrumbList\",\"@id\":\"https:\/\/www.pressenza.com\/it\/2018\/05\/mattarella-fischia-fuorigioco\/#breadcrumb\",\"itemListElement\":[{\"@type\":\"ListItem\",\"position\":1,\"name\":\"Accueil\",\"item\":\"https:\/\/www.pressenza.com\/it\/\"},{\"@type\":\"ListItem\",\"position\":2,\"name\":\"Se Mattarella fischia il fuorigioco\"}]},{\"@type\":\"WebSite\",\"@id\":\"https:\/\/www.pressenza.com\/it\/#website\",\"url\":\"https:\/\/www.pressenza.com\/it\/\",\"name\":\"Pressenza\",\"description\":\"Agenzia di Stampa Internazionale\",\"publisher\":{\"@id\":\"https:\/\/www.pressenza.com\/it\/#organization\"},\"potentialAction\":[{\"@type\":\"SearchAction\",\"target\":{\"@type\":\"EntryPoint\",\"urlTemplate\":\"https:\/\/www.pressenza.com\/it\/?s={search_term_string}\"},\"query-input\":{\"@type\":\"PropertyValueSpecification\",\"valueRequired\":true,\"valueName\":\"search_term_string\"}}],\"inLanguage\":\"it-IT\"},{\"@type\":\"Organization\",\"@id\":\"https:\/\/www.pressenza.com\/it\/#organization\",\"name\":\"Pressenza\",\"url\":\"https:\/\/www.pressenza.com\/it\/\",\"logo\":{\"@type\":\"ImageObject\",\"inLanguage\":\"it-IT\",\"@id\":\"https:\/\/www.pressenza.com\/it\/#\/schema\/logo\/image\/\",\"url\":\"https:\/\/www.pressenza.com\/wp-content\/uploads\/2022\/10\/pressenza_logo_200x200.jpg\",\"contentUrl\":\"https:\/\/www.pressenza.com\/wp-content\/uploads\/2022\/10\/pressenza_logo_200x200.jpg\",\"width\":200,\"height\":200,\"caption\":\"Pressenza\"},\"image\":{\"@id\":\"https:\/\/www.pressenza.com\/it\/#\/schema\/logo\/image\/\"},\"sameAs\":[\"https:\/\/www.facebook.com\/PressenzaItalia\",\"https:\/\/x.com\/PressenzaIPA\"]},{\"@type\":\"Person\",\"@id\":\"https:\/\/www.pressenza.com\/it\/#\/schema\/person\/47253bd773bfdc8f669fc1a490a0d099\",\"name\":\"Rocco Artifoni\",\"description\":\"Rocco Artifoni \u00e8 nato a Bergamo nel 1960. \u00c8 presidente nazionale dell\u2019Associazione per la Riduzione del Debito Pubblico (www.ardep.it) e referente per la Lombardia dell\u2019Associazione Art. 53 (www.articolo53.it). Principali appartenenze e impegni locali (provincia di Bergamo): Consiglio Direttivo della Fondazione Serughetti La Porta (www.laportabergamo.it), Comitato provinciale per l\u2019abolizione delle barriere architettoniche (www.diversabile.it), Coordinamento provinciale di Libera (www.liberabg.it), Comitato bergamasco per la difesa della Costituzione (www.salviamolacostituzione.bg.it), Scuola di educazione e formazione alla politica We Care (www.scuolawecare.it), Redazione della rivista L\u2019Incontro e delle Edizioni Gruppo Aeper (www.aeper.it). Nel 2014 ha pubblicato insieme a Filippo Pizzolato \u201cL\u2019ABC della Costituzione\u201d per le Edizioni Gruppo Aeper con prefazione di don Luigi Ciotti. Nel 2018, insieme a Francesco Gesualdi e Antonio De Lellis, per CADTM Italia ha pubblicato il dossier \u201cFisco &amp; Debito. Gli effetti delle controriforme fiscali sul nostro debito pubblico\u201d.\",\"url\":\"https:\/\/www.pressenza.com\/it\/author\/rocco-artifoni\/\"}]}<\/script>\n<!-- \/ Yoast SEO plugin. -->","yoast_head_json":{"title":"Se Mattarella fischia il fuorigioco","description":"Nel discorso di insediamento il neo eletto Presidente della Repubblica Sergio Mattarella presentandosi al Parlamento disse: \u00abNel linguaggio corrente si \u00e8","robots":{"index":"index","follow":"follow","max-snippet":"max-snippet:-1","max-image-preview":"max-image-preview:large","max-video-preview":"max-video-preview:-1"},"canonical":"https:\/\/www.pressenza.com\/it\/2018\/05\/mattarella-fischia-fuorigioco\/","og_locale":"it_IT","og_type":"article","og_title":"Se Mattarella fischia il fuorigioco","og_description":"Nel discorso di insediamento il neo eletto Presidente della Repubblica Sergio Mattarella presentandosi al Parlamento disse: \u00abNel linguaggio corrente si \u00e8","og_url":"https:\/\/www.pressenza.com\/it\/2018\/05\/mattarella-fischia-fuorigioco\/","og_site_name":"Pressenza","article_publisher":"https:\/\/www.facebook.com\/PressenzaItalia","article_published_time":"2018-05-28T16:13:17+00:00","og_image":[{"width":1416,"height":788,"url":"https:\/\/www.pressenza.com\/wp-content\/uploads\/2018\/05\/Schermata-2018-05-28-alle-18.11.11.png","type":"image\/png"}],"author":"Rocco Artifoni","twitter_card":"summary_large_image","twitter_creator":"@PressenzaIPA","twitter_site":"@PressenzaIPA","twitter_misc":{"Scritto da":"Rocco Artifoni","Tempo di lettura stimato":"4 minuti"},"schema":{"@context":"https:\/\/schema.org","@graph":[{"@type":"Article","@id":"https:\/\/www.pressenza.com\/it\/2018\/05\/mattarella-fischia-fuorigioco\/#article","isPartOf":{"@id":"https:\/\/www.pressenza.com\/it\/2018\/05\/mattarella-fischia-fuorigioco\/"},"author":{"name":"Rocco Artifoni","@id":"https:\/\/www.pressenza.com\/it\/#\/schema\/person\/47253bd773bfdc8f669fc1a490a0d099"},"headline":"Se Mattarella fischia il fuorigioco","datePublished":"2018-05-28T16:13:17+00:00","mainEntityOfPage":{"@id":"https:\/\/www.pressenza.com\/it\/2018\/05\/mattarella-fischia-fuorigioco\/"},"wordCount":830,"publisher":{"@id":"https:\/\/www.pressenza.com\/it\/#organization"},"image":{"@id":"https:\/\/www.pressenza.com\/it\/2018\/05\/mattarella-fischia-fuorigioco\/#primaryimage"},"thumbnailUrl":"https:\/\/www.pressenza.com\/wp-content\/uploads\/2018\/05\/Schermata-2018-05-28-alle-18.11.11.png","keywords":["Capo dello Stato","Costituzione","Lega","Luigi di Maio","M5S","Matteo Salvini","Paolo Savona","Sergio Mattarella"],"articleSection":["contenuti originali","Europa","Politica"],"inLanguage":"it-IT"},{"@type":"WebPage","@id":"https:\/\/www.pressenza.com\/it\/2018\/05\/mattarella-fischia-fuorigioco\/","url":"https:\/\/www.pressenza.com\/it\/2018\/05\/mattarella-fischia-fuorigioco\/","name":"Se Mattarella fischia il fuorigioco","isPartOf":{"@id":"https:\/\/www.pressenza.com\/it\/#website"},"primaryImageOfPage":{"@id":"https:\/\/www.pressenza.com\/it\/2018\/05\/mattarella-fischia-fuorigioco\/#primaryimage"},"image":{"@id":"https:\/\/www.pressenza.com\/it\/2018\/05\/mattarella-fischia-fuorigioco\/#primaryimage"},"thumbnailUrl":"https:\/\/www.pressenza.com\/wp-content\/uploads\/2018\/05\/Schermata-2018-05-28-alle-18.11.11.png","datePublished":"2018-05-28T16:13:17+00:00","description":"Nel discorso di insediamento il neo eletto Presidente della Repubblica Sergio Mattarella presentandosi al Parlamento disse: \u00abNel linguaggio corrente si \u00e8","breadcrumb":{"@id":"https:\/\/www.pressenza.com\/it\/2018\/05\/mattarella-fischia-fuorigioco\/#breadcrumb"},"inLanguage":"it-IT","potentialAction":[{"@type":"ReadAction","target":["https:\/\/www.pressenza.com\/it\/2018\/05\/mattarella-fischia-fuorigioco\/"]}]},{"@type":"ImageObject","inLanguage":"it-IT","@id":"https:\/\/www.pressenza.com\/it\/2018\/05\/mattarella-fischia-fuorigioco\/#primaryimage","url":"https:\/\/www.pressenza.com\/wp-content\/uploads\/2018\/05\/Schermata-2018-05-28-alle-18.11.11.png","contentUrl":"https:\/\/www.pressenza.com\/wp-content\/uploads\/2018\/05\/Schermata-2018-05-28-alle-18.11.11.png","width":1416,"height":788},{"@type":"BreadcrumbList","@id":"https:\/\/www.pressenza.com\/it\/2018\/05\/mattarella-fischia-fuorigioco\/#breadcrumb","itemListElement":[{"@type":"ListItem","position":1,"name":"Accueil","item":"https:\/\/www.pressenza.com\/it\/"},{"@type":"ListItem","position":2,"name":"Se Mattarella fischia il fuorigioco"}]},{"@type":"WebSite","@id":"https:\/\/www.pressenza.com\/it\/#website","url":"https:\/\/www.pressenza.com\/it\/","name":"Pressenza","description":"Agenzia di Stampa Internazionale","publisher":{"@id":"https:\/\/www.pressenza.com\/it\/#organization"},"potentialAction":[{"@type":"SearchAction","target":{"@type":"EntryPoint","urlTemplate":"https:\/\/www.pressenza.com\/it\/?s={search_term_string}"},"query-input":{"@type":"PropertyValueSpecification","valueRequired":true,"valueName":"search_term_string"}}],"inLanguage":"it-IT"},{"@type":"Organization","@id":"https:\/\/www.pressenza.com\/it\/#organization","name":"Pressenza","url":"https:\/\/www.pressenza.com\/it\/","logo":{"@type":"ImageObject","inLanguage":"it-IT","@id":"https:\/\/www.pressenza.com\/it\/#\/schema\/logo\/image\/","url":"https:\/\/www.pressenza.com\/wp-content\/uploads\/2022\/10\/pressenza_logo_200x200.jpg","contentUrl":"https:\/\/www.pressenza.com\/wp-content\/uploads\/2022\/10\/pressenza_logo_200x200.jpg","width":200,"height":200,"caption":"Pressenza"},"image":{"@id":"https:\/\/www.pressenza.com\/it\/#\/schema\/logo\/image\/"},"sameAs":["https:\/\/www.facebook.com\/PressenzaItalia","https:\/\/x.com\/PressenzaIPA"]},{"@type":"Person","@id":"https:\/\/www.pressenza.com\/it\/#\/schema\/person\/47253bd773bfdc8f669fc1a490a0d099","name":"Rocco Artifoni","description":"Rocco Artifoni \u00e8 nato a Bergamo nel 1960. \u00c8 presidente nazionale dell\u2019Associazione per la Riduzione del Debito Pubblico (www.ardep.it) e referente per la Lombardia dell\u2019Associazione Art. 53 (www.articolo53.it). Principali appartenenze e impegni locali (provincia di Bergamo): Consiglio Direttivo della Fondazione Serughetti La Porta (www.laportabergamo.it), Comitato provinciale per l\u2019abolizione delle barriere architettoniche (www.diversabile.it), Coordinamento provinciale di Libera (www.liberabg.it), Comitato bergamasco per la difesa della Costituzione (www.salviamolacostituzione.bg.it), Scuola di educazione e formazione alla politica We Care (www.scuolawecare.it), Redazione della rivista L\u2019Incontro e delle Edizioni Gruppo Aeper (www.aeper.it). Nel 2014 ha pubblicato insieme a Filippo Pizzolato \u201cL\u2019ABC della Costituzione\u201d per le Edizioni Gruppo Aeper con prefazione di don Luigi Ciotti. Nel 2018, insieme a Francesco Gesualdi e Antonio De Lellis, per CADTM Italia ha pubblicato il dossier \u201cFisco &amp; Debito. Gli effetti delle controriforme fiscali sul nostro debito pubblico\u201d.","url":"https:\/\/www.pressenza.com\/it\/author\/rocco-artifoni\/"}]}},"place":"","original_article_url":"","_links":{"self":[{"href":"https:\/\/www.pressenza.com\/it\/wp-json\/wp\/v2\/posts\/647448","targetHints":{"allow":["GET"]}}],"collection":[{"href":"https:\/\/www.pressenza.com\/it\/wp-json\/wp\/v2\/posts"}],"about":[{"href":"https:\/\/www.pressenza.com\/it\/wp-json\/wp\/v2\/types\/post"}],"author":[{"embeddable":true,"href":"https:\/\/www.pressenza.com\/it\/wp-json\/wp\/v2\/users\/1280"}],"replies":[{"embeddable":true,"href":"https:\/\/www.pressenza.com\/it\/wp-json\/wp\/v2\/comments?post=647448"}],"version-history":[{"count":0,"href":"https:\/\/www.pressenza.com\/it\/wp-json\/wp\/v2\/posts\/647448\/revisions"}],"wp:featuredmedia":[{"embeddable":true,"href":"https:\/\/www.pressenza.com\/it\/wp-json\/wp\/v2\/media\/647470"}],"wp:attachment":[{"href":"https:\/\/www.pressenza.com\/it\/wp-json\/wp\/v2\/media?parent=647448"}],"wp:term":[{"taxonomy":"category","embeddable":true,"href":"https:\/\/www.pressenza.com\/it\/wp-json\/wp\/v2\/categories?post=647448"},{"taxonomy":"post_tag","embeddable":true,"href":"https:\/\/www.pressenza.com\/it\/wp-json\/wp\/v2\/tags?post=647448"}],"curies":[{"name":"wp","href":"https:\/\/api.w.org\/{rel}","templated":true}]}}