{"id":647074,"date":"2018-05-28T07:04:02","date_gmt":"2018-05-28T06:04:02","guid":{"rendered":"https:\/\/www.pressenza.com\/?p=647074"},"modified":"2018-05-28T08:03:03","modified_gmt":"2018-05-28T07:03:03","slug":"partito-umanista-un-attentato-alla-democrazia","status":"publish","type":"post","link":"https:\/\/www.pressenza.com\/it\/2018\/05\/partito-umanista-un-attentato-alla-democrazia\/","title":{"rendered":"Partito Umanista: un attentato alla democrazia"},"content":{"rendered":"<h4>Se Spread e Mercati sono al di sopra del Parlamento Sovrano, in gioco non c\u2019\u00e8 l\u2019Europa ma l\u2019assetto Democratico Costituzionale. L\u2019ingerenza del Presidente della Repubblica nelle scelte di un governo legittimato dal voto popolare \u00e8 un fatto di inaudita gravit\u00e0, \u00e8 un attentato alla democrazia.<\/h4>\n<p>\u00c8 da tanto tempo che noi del Partito Umanista Italiano lo diciamo: la questione dell\u2019euro, per come di fatto si \u00e8 configurata, \u00e8 simile a una guerra economica all\u2019interno dell\u2019Europa stessa<a title=\"\" href=\"file:\/\/\/C:\/Users\/User\/Downloads\/posizione%20su%20crisi%20democratica%20-%202.doc#_ftn1\" name=\"_ftnref1\">[1]<\/a>. Altro che difesa dei popoli che altrimenti sarebbero in balia dei mercati finanziari: l\u2019euro con i suoi meccanismi espone il sud dell\u2019Europa contemporaneamente al neocolonialismo mercantilista del blocco teutonico e alla dittatura dello spread da parte degli speculatori finanziari internazionali.<\/p>\n<p>Ricordato questo aspetto, occorre ricordare anche il fatto che da anni abbiamo proposto, insieme a pochi altri amici e compagni, la proposta di un blocco che proponesse un\u2019uscita \u201cda sinistra\u201d dall\u2019euro con la costituzione del gruppo \u201cSinistra Contro l\u2019Euro\u201d di cui fa parte anche il gruppo di P101 tra gli altri. Sostanzialmente, insieme ai nostri amici sono anni che sosteniamo la tesi che, nonostante l\u2019uscita dalla gabbia eurista sia fondamentale per il bene del nostro paese e di tutti i paesi della fascia mediterranea (come minimo), si sarebbe dovuta fare a partire da un piano \u201cdi sinistra\u201d che puntasse a minimizzarne il contraccolpo, soprattutto per le fasce pi\u00f9 deboli:\u00a0<em><strong>\u201cProponiamo quindi un\u2019uscita con \u201cpi\u00f9 Stato\u201d e non con meno Stato, come dicono Salvini, la Lega e i loro alleati internazionali, sostenitori di un\u2019uscita dall\u2019euro fatta con una prospettiva politica di destra, con misure radicalmente opposte alle nostre. Vogliamo un\u2019uscita accompagnata da forti politiche di redistribuzione della ricchezza e di sostegno all\u2019apparato produttivo del paese. Cos\u00ec si farebbe un grande regalo anche alla Grecia perch\u00e9 si porrebbero le condizioni per ricostruire subito un\u2019Europa Mediterranea dei popoli, basata su trattati scritti in tutt\u2019un altro modo e aperta alla partecipazione anche degli altri stati europei.\u201d<\/strong><a title=\"\" href=\"file:\/\/\/C:\/Users\/User\/Downloads\/posizione%20su%20crisi%20democratica%20-%202.doc#_ftn2\" name=\"_ftnref2\"><strong>[2]<\/strong><\/a><\/em><\/p>\n<p>Purtroppo non siamo riusciti nel nostro intento di formare un blocco di sinistra che potesse controbilanciare il peso degli euroscettici di destra, e questo ha fatto s\u00ec che il tema sia stato monopolizzato, di fronte all\u2019opinione pubblica, appunto da forze non di sinistra.<\/p>\n<p>Di fatto per\u00f2 queste forze hanno vinto le elezioni, ed \u00e8 per noi certo che questa vittoria sia dovuta in gran parte proprio all\u2019euroscetticismo che hanno avuto il coraggio di manifestare.<br \/>\nIl loro programma ci piace? No di certo: la nostra impostazione sarebbe stata decisamente diversa su moltissimi temi.<\/p>\n<p>Pensiamo che avrebbero dovuto governare? Sicuramente s\u00ec, perch\u00e9 il voto popolare ha espresso a larga maggioranza un consenso nei loro confronti.<\/p>\n<p>Il fatto che i \u201ccontrappesi costituzionali\u201d del Presidente della Repubblica siano stati applicati proprio a difesa di trattati che sono palesemente incompatibili con il dettato della prima parte della Costituzione del \u201948 \u00e8 di inaudita gravit\u00e0.<\/p>\n<p><strong>L\u2019ingerenza del Presidente della Repubblica sui contenuti politici del governo implica che qualsiasi forza di cambiamento (inclusi gli umanisti) dovesse arrivare alla maggioranza del Parlamento Sovrano non potrebbe di fatto operare nel rispetto del mandato ricevuto dai propri elettori.<\/strong><br \/>\nPer questo, pur non condividendo nel merito il contratto di governo giallo verde, pensiamo che impedirne l\u2019applicazione con un veto presidenziale sia stato un attentato alla democrazia, ben pi\u00f9 grave di qualsiasi danno che queste forze potrebbero arrecare al paese implementandolo.<\/p>\n<p><strong>Gravissimo anche il fatto che il Presidente della Repubblica abbia addotto come motivazione lo spread e i mercati e non la Costituzione. Un\u2019ingerenza politica cos\u00ec estrema non si \u00e8 mai vista nella storia Repubblicana.\u00a0<\/strong><\/p>\n","protected":false},"excerpt":{"rendered":"<p>Se Spread e Mercati sono al di sopra del Parlamento Sovrano, in gioco non c\u2019\u00e8 l\u2019Europa ma l\u2019assetto Democratico Costituzionale. L\u2019ingerenza del Presidente della Repubblica nelle scelte di un governo legittimato dal voto popolare \u00e8 un fatto di inaudita gravit\u00e0,&hellip;<\/p>\n","protected":false},"author":481,"featured_media":647075,"comment_status":"closed","ping_status":"closed","sticky":false,"template":"","format":"standard","meta":{"footnotes":""},"categories":[150,47,55],"tags":[801,173,942,15742],"class_list":["post-647074","post","type-post","status-publish","format-standard","has-post-thumbnail","hentry","category-comunicati-stampa","category-europa","category-politica","tag-costituzione","tag-democrazia","tag-partito-umanista","tag-sergio-mattarella"],"yoast_head":"<!-- This site is optimized with the Yoast SEO plugin v27.1.1 - https:\/\/yoast.com\/product\/yoast-seo-wordpress\/ -->\n<title>Partito Umanista: un attentato alla democrazia<\/title>\n<meta name=\"description\" content=\"Se Spread e Mercati sono al di sopra del Parlamento Sovrano, in gioco non c\u2019\u00e8 l\u2019Europa ma l\u2019assetto Democratico Costituzionale. L\u2019ingerenza del Presidente\" \/>\n<meta name=\"robots\" content=\"index, follow, max-snippet:-1, max-image-preview:large, max-video-preview:-1\" \/>\n<link rel=\"canonical\" href=\"https:\/\/www.pressenza.com\/it\/2018\/05\/partito-umanista-un-attentato-alla-democrazia\/\" \/>\n<meta property=\"og:locale\" content=\"it_IT\" \/>\n<meta property=\"og:type\" content=\"article\" \/>\n<meta property=\"og:title\" content=\"Partito Umanista: un attentato alla democrazia\" \/>\n<meta property=\"og:description\" content=\"Se Spread e Mercati sono al di sopra del Parlamento Sovrano, in gioco non c\u2019\u00e8 l\u2019Europa ma l\u2019assetto Democratico Costituzionale. L\u2019ingerenza del Presidente\" \/>\n<meta property=\"og:url\" content=\"https:\/\/www.pressenza.com\/it\/2018\/05\/partito-umanista-un-attentato-alla-democrazia\/\" \/>\n<meta property=\"og:site_name\" content=\"Pressenza\" \/>\n<meta property=\"article:publisher\" content=\"https:\/\/www.facebook.com\/PressenzaItalia\" \/>\n<meta property=\"article:author\" content=\"https:\/\/www.facebook.com\/pages\/Partito-Umanista\/\" \/>\n<meta property=\"article:published_time\" content=\"2018-05-28T06:04:02+00:00\" \/>\n<meta property=\"article:modified_time\" content=\"2018-05-28T07:03:03+00:00\" \/>\n<meta property=\"og:image\" content=\"https:\/\/www.pressenza.com\/wp-content\/uploads\/2018\/05\/61b0bee0456e1970dd96bcac7ba5a2f5_w400.jpg\" \/>\n\t<meta property=\"og:image:width\" content=\"400\" \/>\n\t<meta property=\"og:image:height\" content=\"200\" \/>\n\t<meta property=\"og:image:type\" content=\"image\/jpeg\" \/>\n<meta name=\"author\" content=\"Partito Umanista\" \/>\n<meta name=\"twitter:card\" content=\"summary_large_image\" \/>\n<meta name=\"twitter:creator\" content=\"@partitoumanista\" \/>\n<meta name=\"twitter:site\" content=\"@PressenzaIPA\" \/>\n<meta name=\"twitter:label1\" content=\"Scritto da\" \/>\n\t<meta name=\"twitter:data1\" content=\"Partito Umanista\" \/>\n\t<meta name=\"twitter:label2\" content=\"Tempo di lettura stimato\" \/>\n\t<meta name=\"twitter:data2\" content=\"3 minuti\" \/>\n<script type=\"application\/ld+json\" class=\"yoast-schema-graph\">{\"@context\":\"https:\/\/schema.org\",\"@graph\":[{\"@type\":\"Article\",\"@id\":\"https:\/\/www.pressenza.com\/it\/2018\/05\/partito-umanista-un-attentato-alla-democrazia\/#article\",\"isPartOf\":{\"@id\":\"https:\/\/www.pressenza.com\/it\/2018\/05\/partito-umanista-un-attentato-alla-democrazia\/\"},\"author\":{\"name\":\"Partito Umanista\",\"@id\":\"https:\/\/www.pressenza.com\/it\/#\/schema\/person\/444a68b8b263dbd36ac1531293ea9cae\"},\"headline\":\"Partito Umanista: un attentato alla democrazia\",\"datePublished\":\"2018-05-28T06:04:02+00:00\",\"dateModified\":\"2018-05-28T07:03:03+00:00\",\"mainEntityOfPage\":{\"@id\":\"https:\/\/www.pressenza.com\/it\/2018\/05\/partito-umanista-un-attentato-alla-democrazia\/\"},\"wordCount\":602,\"publisher\":{\"@id\":\"https:\/\/www.pressenza.com\/it\/#organization\"},\"image\":{\"@id\":\"https:\/\/www.pressenza.com\/it\/2018\/05\/partito-umanista-un-attentato-alla-democrazia\/#primaryimage\"},\"thumbnailUrl\":\"https:\/\/www.pressenza.com\/wp-content\/uploads\/2018\/05\/61b0bee0456e1970dd96bcac7ba5a2f5_w400.jpg\",\"keywords\":[\"Costituzione\",\"Democrazia\",\"Partito Umanista\",\"Sergio Mattarella\"],\"articleSection\":[\"Comunicati Stampa\",\"Europa\",\"Politica\"],\"inLanguage\":\"it-IT\"},{\"@type\":\"WebPage\",\"@id\":\"https:\/\/www.pressenza.com\/it\/2018\/05\/partito-umanista-un-attentato-alla-democrazia\/\",\"url\":\"https:\/\/www.pressenza.com\/it\/2018\/05\/partito-umanista-un-attentato-alla-democrazia\/\",\"name\":\"Partito Umanista: un attentato alla democrazia\",\"isPartOf\":{\"@id\":\"https:\/\/www.pressenza.com\/it\/#website\"},\"primaryImageOfPage\":{\"@id\":\"https:\/\/www.pressenza.com\/it\/2018\/05\/partito-umanista-un-attentato-alla-democrazia\/#primaryimage\"},\"image\":{\"@id\":\"https:\/\/www.pressenza.com\/it\/2018\/05\/partito-umanista-un-attentato-alla-democrazia\/#primaryimage\"},\"thumbnailUrl\":\"https:\/\/www.pressenza.com\/wp-content\/uploads\/2018\/05\/61b0bee0456e1970dd96bcac7ba5a2f5_w400.jpg\",\"datePublished\":\"2018-05-28T06:04:02+00:00\",\"dateModified\":\"2018-05-28T07:03:03+00:00\",\"description\":\"Se Spread e Mercati sono al di sopra del Parlamento Sovrano, in gioco non c\u2019\u00e8 l\u2019Europa ma l\u2019assetto Democratico Costituzionale. L\u2019ingerenza del Presidente\",\"breadcrumb\":{\"@id\":\"https:\/\/www.pressenza.com\/it\/2018\/05\/partito-umanista-un-attentato-alla-democrazia\/#breadcrumb\"},\"inLanguage\":\"it-IT\",\"potentialAction\":[{\"@type\":\"ReadAction\",\"target\":[\"https:\/\/www.pressenza.com\/it\/2018\/05\/partito-umanista-un-attentato-alla-democrazia\/\"]}]},{\"@type\":\"ImageObject\",\"inLanguage\":\"it-IT\",\"@id\":\"https:\/\/www.pressenza.com\/it\/2018\/05\/partito-umanista-un-attentato-alla-democrazia\/#primaryimage\",\"url\":\"https:\/\/www.pressenza.com\/wp-content\/uploads\/2018\/05\/61b0bee0456e1970dd96bcac7ba5a2f5_w400.jpg\",\"contentUrl\":\"https:\/\/www.pressenza.com\/wp-content\/uploads\/2018\/05\/61b0bee0456e1970dd96bcac7ba5a2f5_w400.jpg\",\"width\":400,\"height\":200},{\"@type\":\"BreadcrumbList\",\"@id\":\"https:\/\/www.pressenza.com\/it\/2018\/05\/partito-umanista-un-attentato-alla-democrazia\/#breadcrumb\",\"itemListElement\":[{\"@type\":\"ListItem\",\"position\":1,\"name\":\"Accueil\",\"item\":\"https:\/\/www.pressenza.com\/it\/\"},{\"@type\":\"ListItem\",\"position\":2,\"name\":\"Partito Umanista: un attentato alla democrazia\"}]},{\"@type\":\"WebSite\",\"@id\":\"https:\/\/www.pressenza.com\/it\/#website\",\"url\":\"https:\/\/www.pressenza.com\/it\/\",\"name\":\"Pressenza\",\"description\":\"Agenzia di Stampa Internazionale\",\"publisher\":{\"@id\":\"https:\/\/www.pressenza.com\/it\/#organization\"},\"potentialAction\":[{\"@type\":\"SearchAction\",\"target\":{\"@type\":\"EntryPoint\",\"urlTemplate\":\"https:\/\/www.pressenza.com\/it\/?s={search_term_string}\"},\"query-input\":{\"@type\":\"PropertyValueSpecification\",\"valueRequired\":true,\"valueName\":\"search_term_string\"}}],\"inLanguage\":\"it-IT\"},{\"@type\":\"Organization\",\"@id\":\"https:\/\/www.pressenza.com\/it\/#organization\",\"name\":\"Pressenza\",\"url\":\"https:\/\/www.pressenza.com\/it\/\",\"logo\":{\"@type\":\"ImageObject\",\"inLanguage\":\"it-IT\",\"@id\":\"https:\/\/www.pressenza.com\/it\/#\/schema\/logo\/image\/\",\"url\":\"https:\/\/www.pressenza.com\/wp-content\/uploads\/2022\/10\/pressenza_logo_200x200.jpg\",\"contentUrl\":\"https:\/\/www.pressenza.com\/wp-content\/uploads\/2022\/10\/pressenza_logo_200x200.jpg\",\"width\":200,\"height\":200,\"caption\":\"Pressenza\"},\"image\":{\"@id\":\"https:\/\/www.pressenza.com\/it\/#\/schema\/logo\/image\/\"},\"sameAs\":[\"https:\/\/www.facebook.com\/PressenzaItalia\",\"https:\/\/x.com\/PressenzaIPA\"]},{\"@type\":\"Person\",\"@id\":\"https:\/\/www.pressenza.com\/it\/#\/schema\/person\/444a68b8b263dbd36ac1531293ea9cae\",\"name\":\"Partito Umanista\",\"description\":\"www.partitoumanista.it\",\"sameAs\":[\"http:\/\/www.partitoumanista.it\",\"https:\/\/www.facebook.com\/pages\/Partito-Umanista\/\",\"https:\/\/x.com\/partitoumanista\"],\"url\":\"https:\/\/www.pressenza.com\/it\/author\/partito-umanista\/\"}]}<\/script>\n<!-- \/ Yoast SEO plugin. -->","yoast_head_json":{"title":"Partito Umanista: un attentato alla democrazia","description":"Se Spread e Mercati sono al di sopra del Parlamento Sovrano, in gioco non c\u2019\u00e8 l\u2019Europa ma l\u2019assetto Democratico Costituzionale. L\u2019ingerenza del Presidente","robots":{"index":"index","follow":"follow","max-snippet":"max-snippet:-1","max-image-preview":"max-image-preview:large","max-video-preview":"max-video-preview:-1"},"canonical":"https:\/\/www.pressenza.com\/it\/2018\/05\/partito-umanista-un-attentato-alla-democrazia\/","og_locale":"it_IT","og_type":"article","og_title":"Partito Umanista: un attentato alla democrazia","og_description":"Se Spread e Mercati sono al di sopra del Parlamento Sovrano, in gioco non c\u2019\u00e8 l\u2019Europa ma l\u2019assetto Democratico Costituzionale. L\u2019ingerenza del Presidente","og_url":"https:\/\/www.pressenza.com\/it\/2018\/05\/partito-umanista-un-attentato-alla-democrazia\/","og_site_name":"Pressenza","article_publisher":"https:\/\/www.facebook.com\/PressenzaItalia","article_author":"https:\/\/www.facebook.com\/pages\/Partito-Umanista\/","article_published_time":"2018-05-28T06:04:02+00:00","article_modified_time":"2018-05-28T07:03:03+00:00","og_image":[{"width":400,"height":200,"url":"https:\/\/www.pressenza.com\/wp-content\/uploads\/2018\/05\/61b0bee0456e1970dd96bcac7ba5a2f5_w400.jpg","type":"image\/jpeg"}],"author":"Partito Umanista","twitter_card":"summary_large_image","twitter_creator":"@partitoumanista","twitter_site":"@PressenzaIPA","twitter_misc":{"Scritto da":"Partito Umanista","Tempo di lettura stimato":"3 minuti"},"schema":{"@context":"https:\/\/schema.org","@graph":[{"@type":"Article","@id":"https:\/\/www.pressenza.com\/it\/2018\/05\/partito-umanista-un-attentato-alla-democrazia\/#article","isPartOf":{"@id":"https:\/\/www.pressenza.com\/it\/2018\/05\/partito-umanista-un-attentato-alla-democrazia\/"},"author":{"name":"Partito Umanista","@id":"https:\/\/www.pressenza.com\/it\/#\/schema\/person\/444a68b8b263dbd36ac1531293ea9cae"},"headline":"Partito Umanista: un attentato alla democrazia","datePublished":"2018-05-28T06:04:02+00:00","dateModified":"2018-05-28T07:03:03+00:00","mainEntityOfPage":{"@id":"https:\/\/www.pressenza.com\/it\/2018\/05\/partito-umanista-un-attentato-alla-democrazia\/"},"wordCount":602,"publisher":{"@id":"https:\/\/www.pressenza.com\/it\/#organization"},"image":{"@id":"https:\/\/www.pressenza.com\/it\/2018\/05\/partito-umanista-un-attentato-alla-democrazia\/#primaryimage"},"thumbnailUrl":"https:\/\/www.pressenza.com\/wp-content\/uploads\/2018\/05\/61b0bee0456e1970dd96bcac7ba5a2f5_w400.jpg","keywords":["Costituzione","Democrazia","Partito Umanista","Sergio Mattarella"],"articleSection":["Comunicati Stampa","Europa","Politica"],"inLanguage":"it-IT"},{"@type":"WebPage","@id":"https:\/\/www.pressenza.com\/it\/2018\/05\/partito-umanista-un-attentato-alla-democrazia\/","url":"https:\/\/www.pressenza.com\/it\/2018\/05\/partito-umanista-un-attentato-alla-democrazia\/","name":"Partito Umanista: un attentato alla democrazia","isPartOf":{"@id":"https:\/\/www.pressenza.com\/it\/#website"},"primaryImageOfPage":{"@id":"https:\/\/www.pressenza.com\/it\/2018\/05\/partito-umanista-un-attentato-alla-democrazia\/#primaryimage"},"image":{"@id":"https:\/\/www.pressenza.com\/it\/2018\/05\/partito-umanista-un-attentato-alla-democrazia\/#primaryimage"},"thumbnailUrl":"https:\/\/www.pressenza.com\/wp-content\/uploads\/2018\/05\/61b0bee0456e1970dd96bcac7ba5a2f5_w400.jpg","datePublished":"2018-05-28T06:04:02+00:00","dateModified":"2018-05-28T07:03:03+00:00","description":"Se Spread e Mercati sono al di sopra del Parlamento Sovrano, in gioco non c\u2019\u00e8 l\u2019Europa ma l\u2019assetto Democratico Costituzionale. L\u2019ingerenza del Presidente","breadcrumb":{"@id":"https:\/\/www.pressenza.com\/it\/2018\/05\/partito-umanista-un-attentato-alla-democrazia\/#breadcrumb"},"inLanguage":"it-IT","potentialAction":[{"@type":"ReadAction","target":["https:\/\/www.pressenza.com\/it\/2018\/05\/partito-umanista-un-attentato-alla-democrazia\/"]}]},{"@type":"ImageObject","inLanguage":"it-IT","@id":"https:\/\/www.pressenza.com\/it\/2018\/05\/partito-umanista-un-attentato-alla-democrazia\/#primaryimage","url":"https:\/\/www.pressenza.com\/wp-content\/uploads\/2018\/05\/61b0bee0456e1970dd96bcac7ba5a2f5_w400.jpg","contentUrl":"https:\/\/www.pressenza.com\/wp-content\/uploads\/2018\/05\/61b0bee0456e1970dd96bcac7ba5a2f5_w400.jpg","width":400,"height":200},{"@type":"BreadcrumbList","@id":"https:\/\/www.pressenza.com\/it\/2018\/05\/partito-umanista-un-attentato-alla-democrazia\/#breadcrumb","itemListElement":[{"@type":"ListItem","position":1,"name":"Accueil","item":"https:\/\/www.pressenza.com\/it\/"},{"@type":"ListItem","position":2,"name":"Partito Umanista: un attentato alla democrazia"}]},{"@type":"WebSite","@id":"https:\/\/www.pressenza.com\/it\/#website","url":"https:\/\/www.pressenza.com\/it\/","name":"Pressenza","description":"Agenzia di Stampa Internazionale","publisher":{"@id":"https:\/\/www.pressenza.com\/it\/#organization"},"potentialAction":[{"@type":"SearchAction","target":{"@type":"EntryPoint","urlTemplate":"https:\/\/www.pressenza.com\/it\/?s={search_term_string}"},"query-input":{"@type":"PropertyValueSpecification","valueRequired":true,"valueName":"search_term_string"}}],"inLanguage":"it-IT"},{"@type":"Organization","@id":"https:\/\/www.pressenza.com\/it\/#organization","name":"Pressenza","url":"https:\/\/www.pressenza.com\/it\/","logo":{"@type":"ImageObject","inLanguage":"it-IT","@id":"https:\/\/www.pressenza.com\/it\/#\/schema\/logo\/image\/","url":"https:\/\/www.pressenza.com\/wp-content\/uploads\/2022\/10\/pressenza_logo_200x200.jpg","contentUrl":"https:\/\/www.pressenza.com\/wp-content\/uploads\/2022\/10\/pressenza_logo_200x200.jpg","width":200,"height":200,"caption":"Pressenza"},"image":{"@id":"https:\/\/www.pressenza.com\/it\/#\/schema\/logo\/image\/"},"sameAs":["https:\/\/www.facebook.com\/PressenzaItalia","https:\/\/x.com\/PressenzaIPA"]},{"@type":"Person","@id":"https:\/\/www.pressenza.com\/it\/#\/schema\/person\/444a68b8b263dbd36ac1531293ea9cae","name":"Partito Umanista","description":"www.partitoumanista.it","sameAs":["http:\/\/www.partitoumanista.it","https:\/\/www.facebook.com\/pages\/Partito-Umanista\/","https:\/\/x.com\/partitoumanista"],"url":"https:\/\/www.pressenza.com\/it\/author\/partito-umanista\/"}]}},"place":"","original_article_url":"","_links":{"self":[{"href":"https:\/\/www.pressenza.com\/it\/wp-json\/wp\/v2\/posts\/647074","targetHints":{"allow":["GET"]}}],"collection":[{"href":"https:\/\/www.pressenza.com\/it\/wp-json\/wp\/v2\/posts"}],"about":[{"href":"https:\/\/www.pressenza.com\/it\/wp-json\/wp\/v2\/types\/post"}],"author":[{"embeddable":true,"href":"https:\/\/www.pressenza.com\/it\/wp-json\/wp\/v2\/users\/481"}],"replies":[{"embeddable":true,"href":"https:\/\/www.pressenza.com\/it\/wp-json\/wp\/v2\/comments?post=647074"}],"version-history":[{"count":0,"href":"https:\/\/www.pressenza.com\/it\/wp-json\/wp\/v2\/posts\/647074\/revisions"}],"wp:featuredmedia":[{"embeddable":true,"href":"https:\/\/www.pressenza.com\/it\/wp-json\/wp\/v2\/media\/647075"}],"wp:attachment":[{"href":"https:\/\/www.pressenza.com\/it\/wp-json\/wp\/v2\/media?parent=647074"}],"wp:term":[{"taxonomy":"category","embeddable":true,"href":"https:\/\/www.pressenza.com\/it\/wp-json\/wp\/v2\/categories?post=647074"},{"taxonomy":"post_tag","embeddable":true,"href":"https:\/\/www.pressenza.com\/it\/wp-json\/wp\/v2\/tags?post=647074"}],"curies":[{"name":"wp","href":"https:\/\/api.w.org\/{rel}","templated":true}]}}