{"id":645865,"date":"2018-05-25T11:11:25","date_gmt":"2018-05-25T10:11:25","guid":{"rendered":"https:\/\/www.pressenza.com\/?p=645865"},"modified":"2018-05-25T21:28:21","modified_gmt":"2018-05-25T20:28:21","slug":"la-nuova-identita-italiana","status":"publish","type":"post","link":"https:\/\/www.pressenza.com\/it\/2018\/05\/la-nuova-identita-italiana\/","title":{"rendered":"La nuova identit\u00e0 italiana"},"content":{"rendered":"<p><em>&#8211; Quando l&#8217;ascia entr\u00f2 nel bosco, molti alberi dissero &#8220;Almeno il manico \u00e8 dei nostri&#8221;<\/em> &#8211; Proverbio Turco<\/p>\n<p>Riuscire a decifrare l&#8217;attualit\u00e0 politica italiana sembra impresa ardua. L&#8217;impressione \u00e8 quella che gli italiani siano degli alberi in crisi d&#8217;identit\u00e0, e che non stiano valutando bene quello che sta accadendo. I comportamenti politici oltre ad essere inediti, appaiono contraddittori. Il rischio che si corre \u00e8 quello di considerare le contraddizioni del comportamento della neonata entit\u00e0 politica come debolezze.<\/p>\n<p>La prima di queste contraddizioni, \u00e8 l&#8217;idea che coloro che si sono lagnati del fatto che il Premier debba essere eletto dal popolo e invece \u00e8 soltanto un &#8220;avvocato del popolo&#8221;.<br \/>\nDire che Conte sia un tecnico e non un premier eletto dal popolo pu\u00f2 sembrare fuorviante poich\u00e9 coniuga i pregi del tecnico e del politico: al carattere &#8220;politico&#8221; in quanto pupazzo dei suoi due ventriloqui, si aggiunge l&#8217;irresponsabilit\u00e0 della sua carica data la terziet\u00e0 rispetto ai firmatari del contratto.<br \/>\nConte \u00e8 un Giano Bifronte la cui scelta \u00e8 consapevole, poich\u00e9 d\u00e0 la possibilit\u00e0 ai due genitori Di Maio e Salvini di potere disconoscere il figlio e comporre una nuova famiglia, un nuovo governo, in caso di fallimento. Magari, chi lo sa, con il ritorno di un Di Battista. Inoltre la costituzione di un terzo elemento diverso dai due leader permette ad entrambi di evitare di esporsi come premier e di bruciarsi in caso di abbandono dell&#8217;altro componente.<\/p>\n<p>La contraddizione pi\u00f9 utile \u00e8 invece la posizione assunta nei confronti dell&#8217;Europa: la chiave di volta del patto di sangue tra i due nemici-amici che in maniera schizofrenica e bipolare alternano un atteggiamento ora anti-europeista, ora rassicurante.<br \/>\nQuesto governo rilancer\u00e0 continuamente nei confronti dell&#8217;Europa la sua posizione sovranista: questo aumenter\u00e0 le tensioni con i mercati, forse solo in un primo momento, e qualsiasi pressione esterna sar\u00e0 vista come un attentato alla volont\u00e0 popolare. L&#8217;Europa \u00e8 quindi lo scudo con cui Salvini e Di Maio possono attirare il consenso necessario per imporsi in una prossima elezione, essendo perennemente in campagna elettorale. Il loro programma infatti non \u00e8 un programma di governo ma di campagna elettorale. Il suo mix sansepolcrista vorrebbe accontentare tutti, tranne gli ultimi, soprattutto se non italiani. Ripetere ed amplificare la mancanza di copertura economica significa porre un velo al razzismo di cui \u00e8 imbevuta la maggior parte del programma. Ed in fondo anche gli italiani se ne stanno un po\u2019 fregando di quanto potrebbe accadere ad altri esseri umani se in ballo c&#8217;\u00e8 la lotta per la sopravvivenza contro l&#8217;ingrata Europa.<\/p>\n<p>Da un punto di vista economico la componente rivoluzionaria e giustizialista dei Cinquestelle si svuota dinanzi alla prospettiva liberista della Lega che eredita da Forza Italia le attenzioni nei confronti dell&#8217;imprenditoria e dell&#8217;evasore condonabile di berlusconiana memoria. Se in punto di principio proclamano di opporsi alle logiche &#8220;turbocapitaliste&#8221;, per dirla con i termini dello vate Fusaro, queste forze sul piano concreto affermano poi quanto di pi\u00f9 liberista ed ingiusto possa esserci da un punto di vista fiscale.<br \/>\nIl mondo imprenditoriale e le classi agiate con la &#8220;flat tax&#8221; sono pronte a difendere questo progetto contradittorio, mentre il reddito di cittadinanza \u00e8 la trovata geniale per assicurarsi il consenso attraverso un assistenzialismo cui gli Italiani gi\u00e0 sono abituati sotto forme solitamente pi\u00f9 illecite e &#8220;scambiste&#8221;. L&#8217;importante intanto \u00e8 agitare l&#8217;eliminazione della legge Fornero.<br \/>\nL&#8217;obiettivo del programma infatti non \u00e8 attuare quanto detto in campagna elettorale ma entrare in uno stato d&#8217;animo di campagna elettorale permanente, che permette di fondare un consenso perpetuo finalizzato a spogliare la casta delle sue poltrone. La mancanza di copertura, che molti vedono come una debolezza potrebbe essere lo specchietto per le allodole verso cui tutti puntano il dito, ma che moltiplica la forza politica di questo gioco d&#8217;azzardo indirizzato a scardinare l&#8217;ormai fragile Europa. L&#8217;obiettivo \u00e8 quindi creare consenso, facendo apparire, e quindi radicalizzare, lo scontro tra la volont\u00e0 degli italiani contro la tecnocrazia europea.<br \/>\nUn saggio di questa radicalizzazione che fa appello all&#8217;uso demagogico della volont\u00e0 elettorale \u00e8 stato dato da Di Battista, impaziente e insolente nell&#8217;affermare che il Presidente della Repubblica, dati i dubbi sulla figura di un premier terzo, volesse tradire la volont\u00e0 popolare.<\/p>\n<p>Quello che appare pi\u00f9 inquietante \u00e8 l&#8217;uso della volont\u00e0 popolare, sperimentando una fenomeno che si spera di non vedere nel resto dei regimi politici: chiedere alla rete di votare il contratto con Salvini \u00e8 stato per i Cinquestelle l&#8217;ennesima offesa all&#8217;idea di democrazia che svela ancora una volta quanto sia &#8220;elitista&#8221; il suo rapporto con il &#8220;popolo&#8221;. Rivolto soltanto agli iscritti, nei confronti dei quali si ha l&#8217;illusione di essere responsabili attraverso una sorta di vincolo di mandato plebiscitario, il sondaggio legittima il contratto e il voto degli iscritti allo stesso tempo. Non sono gli elettori Cinquestelle ad essere stati sentiti, bens\u00ec i cittadini &#8220;premium&#8221; iscritti nella piattaforma. Autoproclamatosi detentori della &#8220;voce del popolo&#8221;, vengono legittimati da un suo ridotto avatar.<\/p>\n<blockquote><p>Citando Eco: <em>&#8220;Per l\u2019Ur-Fascismo gli individui in quanto individui non hanno diritti, e il \u201cpopolo\u201d \u00e8 concepito come una qualit\u00e0, un\u2019entit\u00e0 monolitica che esprime la \u201cvolont\u00e0 comune\u201d. Dal momento che nessuna quantit\u00e0 di esseri umani pu\u00f2 possedere una volont\u00e0 comune, il leader pretende di essere il loro interprete. Avendo perduto il loro potere di delega, i cittadini non agiscono, sono solo chiamati <\/em>pars pro toto<em>, a giocare il ruolo del popolo. Il popolo \u00e8 cos\u00ec solo una finzione teatrale. Per avere un buon esempio di populismo qualitativo, non abbiamo pi\u00f9 bisogno di Piazza Venezia o dello stadio di Norimberga. Nel nostro futuro si profila un populismo qualitativo Tv o Internet, in cui la risposta emotiva di un gruppo selezionato di cittadini pu\u00f2 venire presentata e accettata come la \u201cvoce del popolo\u201d.<\/em><\/p><\/blockquote>\n<p>Un popolo che ha bisogno di un avvocato \u00e8 un popolo sotto processo che vuole scaricare le proprie responsabilit\u00e0 sull&#8217;Europa, sulla casta e sui migranti. Tre nemici che permettono di fondare una nuova identit\u00e0 nello smarrimento imposto dalla mondializzazione.<\/p>\n","protected":false},"excerpt":{"rendered":"<p>&#8211; Quando l&#8217;ascia entr\u00f2 nel bosco, molti alberi dissero &#8220;Almeno il manico \u00e8 dei nostri&#8221; &#8211; Proverbio Turco Riuscire a decifrare l&#8217;attualit\u00e0 politica italiana sembra impresa ardua. L&#8217;impressione \u00e8 quella che gli italiani siano degli alberi in crisi d&#8217;identit\u00e0, e&hellip;<\/p>\n","protected":false},"author":1496,"featured_media":645866,"comment_status":"closed","ping_status":"closed","sticky":false,"template":"","format":"standard","meta":{"footnotes":""},"categories":[11388,47,162,55],"tags":[23862,45630,46415,185,45619,370,6011,40454,17490,46416,3343,4204,11247,44853,3788],"class_list":["post-645865","post","type-post","status-publish","format-standard","has-post-thumbnail","hentry","category-contenuti-originali","category-europa","category-opinioni","category-politica","tag-europa-es-2-it","tag-formazione-governo","tag-giuseppe-conte","tag-governo","tag-identita","tag-italia","tag-lega-nord","tag-luigi-di-maio","tag-matteo-salvini","tag-mondializzazione","tag-movimento-5-stelle","tag-movimento-cinque-stelle","tag-populismo","tag-premier","tag-unione-europea"],"yoast_head":"<!-- This site is optimized with the Yoast SEO plugin v27.1.1 - https:\/\/yoast.com\/product\/yoast-seo-wordpress\/ -->\n<title>La nuova identit\u00e0 italiana<\/title>\n<meta name=\"description\" content=\"- Quando l&#039;ascia entr\u00f2 nel bosco, molti alberi dissero &quot;Almeno il manico \u00e8 dei nostri&quot; - Proverbio Turco. Riuscire a decifrare l&#039;attualit\u00e0 politica italiana sembra impresa ardua. L&#039;impressione \u00e8 quella che gli italiani siano degli alberi in crisi d&#039;identit\u00e0, e che non stiano valutando bene quello che sta accadendo.\" \/>\n<meta name=\"robots\" content=\"index, follow, max-snippet:-1, max-image-preview:large, max-video-preview:-1\" \/>\n<link rel=\"canonical\" href=\"https:\/\/www.pressenza.com\/it\/2018\/05\/la-nuova-identita-italiana\/\" \/>\n<meta property=\"og:locale\" content=\"it_IT\" \/>\n<meta property=\"og:type\" content=\"article\" \/>\n<meta property=\"og:title\" content=\"La nuova identit\u00e0 italiana\" \/>\n<meta property=\"og:description\" content=\"- Quando l&#039;ascia entr\u00f2 nel bosco, molti alberi dissero &quot;Almeno il manico \u00e8 dei nostri&quot; - Proverbio Turco. Riuscire a decifrare l&#039;attualit\u00e0 politica italiana sembra impresa ardua. L&#039;impressione \u00e8 quella che gli italiani siano degli alberi in crisi d&#039;identit\u00e0, e che non stiano valutando bene quello che sta accadendo.\" \/>\n<meta property=\"og:url\" content=\"https:\/\/www.pressenza.com\/it\/2018\/05\/la-nuova-identita-italiana\/\" \/>\n<meta property=\"og:site_name\" content=\"Pressenza\" \/>\n<meta property=\"article:publisher\" content=\"https:\/\/www.facebook.com\/PressenzaItalia\" \/>\n<meta property=\"article:author\" content=\"https:\/\/www.facebook.com\/tobiasavoca\" \/>\n<meta property=\"article:published_time\" content=\"2018-05-25T10:11:25+00:00\" \/>\n<meta property=\"article:modified_time\" content=\"2018-05-25T20:28:21+00:00\" \/>\n<meta property=\"og:image\" content=\"https:\/\/www.pressenza.com\/wp-content\/uploads\/2018\/05\/giuseppe-conte.png\" \/>\n\t<meta property=\"og:image:width\" content=\"800\" \/>\n\t<meta property=\"og:image:height\" content=\"450\" \/>\n\t<meta property=\"og:image:type\" content=\"image\/png\" \/>\n<meta name=\"author\" content=\"Tobia Savoca\" \/>\n<meta name=\"twitter:card\" content=\"summary_large_image\" \/>\n<meta name=\"twitter:creator\" content=\"@PressenzaIPA\" \/>\n<meta name=\"twitter:site\" content=\"@PressenzaIPA\" \/>\n<meta name=\"twitter:label1\" content=\"Scritto da\" \/>\n\t<meta name=\"twitter:data1\" content=\"Tobia Savoca\" \/>\n\t<meta name=\"twitter:label2\" content=\"Tempo di lettura stimato\" \/>\n\t<meta name=\"twitter:data2\" content=\"5 minuti\" \/>\n<script type=\"application\/ld+json\" class=\"yoast-schema-graph\">{\"@context\":\"https:\/\/schema.org\",\"@graph\":[{\"@type\":\"Article\",\"@id\":\"https:\/\/www.pressenza.com\/it\/2018\/05\/la-nuova-identita-italiana\/#article\",\"isPartOf\":{\"@id\":\"https:\/\/www.pressenza.com\/it\/2018\/05\/la-nuova-identita-italiana\/\"},\"author\":{\"name\":\"Tobia Savoca\",\"@id\":\"https:\/\/www.pressenza.com\/it\/#\/schema\/person\/db5d60896b03571ff2fbf2fdf7a48c84\"},\"headline\":\"La nuova identit\u00e0 italiana\",\"datePublished\":\"2018-05-25T10:11:25+00:00\",\"dateModified\":\"2018-05-25T20:28:21+00:00\",\"mainEntityOfPage\":{\"@id\":\"https:\/\/www.pressenza.com\/it\/2018\/05\/la-nuova-identita-italiana\/\"},\"wordCount\":992,\"publisher\":{\"@id\":\"https:\/\/www.pressenza.com\/it\/#organization\"},\"image\":{\"@id\":\"https:\/\/www.pressenza.com\/it\/2018\/05\/la-nuova-identita-italiana\/#primaryimage\"},\"thumbnailUrl\":\"https:\/\/www.pressenza.com\/wp-content\/uploads\/2018\/05\/giuseppe-conte.png\",\"keywords\":[\"Europa\",\"Formazione Governo\",\"Giuseppe Conte\",\"governo\",\"identit\u00e0\",\"Italia\",\"Lega Nord\",\"Luigi di Maio\",\"Matteo Salvini\",\"mondializzazione\",\"Movimento 5 Stelle\",\"Movimento Cinque Stelle\",\"Populismo\",\"premier\",\"Unione Europea\"],\"articleSection\":[\"contenuti originali\",\"Europa\",\"Opinioni\",\"Politica\"],\"inLanguage\":\"it-IT\"},{\"@type\":\"WebPage\",\"@id\":\"https:\/\/www.pressenza.com\/it\/2018\/05\/la-nuova-identita-italiana\/\",\"url\":\"https:\/\/www.pressenza.com\/it\/2018\/05\/la-nuova-identita-italiana\/\",\"name\":\"La nuova identit\u00e0 italiana\",\"isPartOf\":{\"@id\":\"https:\/\/www.pressenza.com\/it\/#website\"},\"primaryImageOfPage\":{\"@id\":\"https:\/\/www.pressenza.com\/it\/2018\/05\/la-nuova-identita-italiana\/#primaryimage\"},\"image\":{\"@id\":\"https:\/\/www.pressenza.com\/it\/2018\/05\/la-nuova-identita-italiana\/#primaryimage\"},\"thumbnailUrl\":\"https:\/\/www.pressenza.com\/wp-content\/uploads\/2018\/05\/giuseppe-conte.png\",\"datePublished\":\"2018-05-25T10:11:25+00:00\",\"dateModified\":\"2018-05-25T20:28:21+00:00\",\"description\":\"- Quando l'ascia entr\u00f2 nel bosco, molti alberi dissero \\\"Almeno il manico \u00e8 dei nostri\\\" - Proverbio Turco. Riuscire a decifrare l'attualit\u00e0 politica italiana sembra impresa ardua. L'impressione \u00e8 quella che gli italiani siano degli alberi in crisi d'identit\u00e0, e che non stiano valutando bene quello che sta accadendo.\",\"breadcrumb\":{\"@id\":\"https:\/\/www.pressenza.com\/it\/2018\/05\/la-nuova-identita-italiana\/#breadcrumb\"},\"inLanguage\":\"it-IT\",\"potentialAction\":[{\"@type\":\"ReadAction\",\"target\":[\"https:\/\/www.pressenza.com\/it\/2018\/05\/la-nuova-identita-italiana\/\"]}]},{\"@type\":\"ImageObject\",\"inLanguage\":\"it-IT\",\"@id\":\"https:\/\/www.pressenza.com\/it\/2018\/05\/la-nuova-identita-italiana\/#primaryimage\",\"url\":\"https:\/\/www.pressenza.com\/wp-content\/uploads\/2018\/05\/giuseppe-conte.png\",\"contentUrl\":\"https:\/\/www.pressenza.com\/wp-content\/uploads\/2018\/05\/giuseppe-conte.png\",\"width\":800,\"height\":450,\"caption\":\"giuseppe conte identit\u00e0 italiana\"},{\"@type\":\"BreadcrumbList\",\"@id\":\"https:\/\/www.pressenza.com\/it\/2018\/05\/la-nuova-identita-italiana\/#breadcrumb\",\"itemListElement\":[{\"@type\":\"ListItem\",\"position\":1,\"name\":\"Accueil\",\"item\":\"https:\/\/www.pressenza.com\/it\/\"},{\"@type\":\"ListItem\",\"position\":2,\"name\":\"La nuova identit\u00e0 italiana\"}]},{\"@type\":\"WebSite\",\"@id\":\"https:\/\/www.pressenza.com\/it\/#website\",\"url\":\"https:\/\/www.pressenza.com\/it\/\",\"name\":\"Pressenza\",\"description\":\"Agenzia di Stampa Internazionale\",\"publisher\":{\"@id\":\"https:\/\/www.pressenza.com\/it\/#organization\"},\"potentialAction\":[{\"@type\":\"SearchAction\",\"target\":{\"@type\":\"EntryPoint\",\"urlTemplate\":\"https:\/\/www.pressenza.com\/it\/?s={search_term_string}\"},\"query-input\":{\"@type\":\"PropertyValueSpecification\",\"valueRequired\":true,\"valueName\":\"search_term_string\"}}],\"inLanguage\":\"it-IT\"},{\"@type\":\"Organization\",\"@id\":\"https:\/\/www.pressenza.com\/it\/#organization\",\"name\":\"Pressenza\",\"url\":\"https:\/\/www.pressenza.com\/it\/\",\"logo\":{\"@type\":\"ImageObject\",\"inLanguage\":\"it-IT\",\"@id\":\"https:\/\/www.pressenza.com\/it\/#\/schema\/logo\/image\/\",\"url\":\"https:\/\/www.pressenza.com\/wp-content\/uploads\/2022\/10\/pressenza_logo_200x200.jpg\",\"contentUrl\":\"https:\/\/www.pressenza.com\/wp-content\/uploads\/2022\/10\/pressenza_logo_200x200.jpg\",\"width\":200,\"height\":200,\"caption\":\"Pressenza\"},\"image\":{\"@id\":\"https:\/\/www.pressenza.com\/it\/#\/schema\/logo\/image\/\"},\"sameAs\":[\"https:\/\/www.facebook.com\/PressenzaItalia\",\"https:\/\/x.com\/PressenzaIPA\"]},{\"@type\":\"Person\",\"@id\":\"https:\/\/www.pressenza.com\/it\/#\/schema\/person\/db5d60896b03571ff2fbf2fdf7a48c84\",\"name\":\"Tobia Savoca\",\"description\":\"Palermitano. Laureato in Giurisprudenza in Italia dove si \u00e8 abilitato alla pratica forense, e laureato in Storia in Francia, dove attualmente insegna. Scrive di storia, politica, societ\u00e0 ed educazione.\",\"sameAs\":[\"https:\/\/www.facebook.com\/tobiasavoca\"],\"url\":\"https:\/\/www.pressenza.com\/it\/author\/tobia-savoca\/\"}]}<\/script>\n<!-- \/ Yoast SEO plugin. -->","yoast_head_json":{"title":"La nuova identit\u00e0 italiana","description":"- Quando l'ascia entr\u00f2 nel bosco, molti alberi dissero \"Almeno il manico \u00e8 dei nostri\" - Proverbio Turco. Riuscire a decifrare l'attualit\u00e0 politica italiana sembra impresa ardua. L'impressione \u00e8 quella che gli italiani siano degli alberi in crisi d'identit\u00e0, e che non stiano valutando bene quello che sta accadendo.","robots":{"index":"index","follow":"follow","max-snippet":"max-snippet:-1","max-image-preview":"max-image-preview:large","max-video-preview":"max-video-preview:-1"},"canonical":"https:\/\/www.pressenza.com\/it\/2018\/05\/la-nuova-identita-italiana\/","og_locale":"it_IT","og_type":"article","og_title":"La nuova identit\u00e0 italiana","og_description":"- Quando l'ascia entr\u00f2 nel bosco, molti alberi dissero \"Almeno il manico \u00e8 dei nostri\" - Proverbio Turco. Riuscire a decifrare l'attualit\u00e0 politica italiana sembra impresa ardua. L'impressione \u00e8 quella che gli italiani siano degli alberi in crisi d'identit\u00e0, e che non stiano valutando bene quello che sta accadendo.","og_url":"https:\/\/www.pressenza.com\/it\/2018\/05\/la-nuova-identita-italiana\/","og_site_name":"Pressenza","article_publisher":"https:\/\/www.facebook.com\/PressenzaItalia","article_author":"https:\/\/www.facebook.com\/tobiasavoca","article_published_time":"2018-05-25T10:11:25+00:00","article_modified_time":"2018-05-25T20:28:21+00:00","og_image":[{"width":800,"height":450,"url":"https:\/\/www.pressenza.com\/wp-content\/uploads\/2018\/05\/giuseppe-conte.png","type":"image\/png"}],"author":"Tobia Savoca","twitter_card":"summary_large_image","twitter_creator":"@PressenzaIPA","twitter_site":"@PressenzaIPA","twitter_misc":{"Scritto da":"Tobia Savoca","Tempo di lettura stimato":"5 minuti"},"schema":{"@context":"https:\/\/schema.org","@graph":[{"@type":"Article","@id":"https:\/\/www.pressenza.com\/it\/2018\/05\/la-nuova-identita-italiana\/#article","isPartOf":{"@id":"https:\/\/www.pressenza.com\/it\/2018\/05\/la-nuova-identita-italiana\/"},"author":{"name":"Tobia Savoca","@id":"https:\/\/www.pressenza.com\/it\/#\/schema\/person\/db5d60896b03571ff2fbf2fdf7a48c84"},"headline":"La nuova identit\u00e0 italiana","datePublished":"2018-05-25T10:11:25+00:00","dateModified":"2018-05-25T20:28:21+00:00","mainEntityOfPage":{"@id":"https:\/\/www.pressenza.com\/it\/2018\/05\/la-nuova-identita-italiana\/"},"wordCount":992,"publisher":{"@id":"https:\/\/www.pressenza.com\/it\/#organization"},"image":{"@id":"https:\/\/www.pressenza.com\/it\/2018\/05\/la-nuova-identita-italiana\/#primaryimage"},"thumbnailUrl":"https:\/\/www.pressenza.com\/wp-content\/uploads\/2018\/05\/giuseppe-conte.png","keywords":["Europa","Formazione Governo","Giuseppe Conte","governo","identit\u00e0","Italia","Lega Nord","Luigi di Maio","Matteo Salvini","mondializzazione","Movimento 5 Stelle","Movimento Cinque Stelle","Populismo","premier","Unione Europea"],"articleSection":["contenuti originali","Europa","Opinioni","Politica"],"inLanguage":"it-IT"},{"@type":"WebPage","@id":"https:\/\/www.pressenza.com\/it\/2018\/05\/la-nuova-identita-italiana\/","url":"https:\/\/www.pressenza.com\/it\/2018\/05\/la-nuova-identita-italiana\/","name":"La nuova identit\u00e0 italiana","isPartOf":{"@id":"https:\/\/www.pressenza.com\/it\/#website"},"primaryImageOfPage":{"@id":"https:\/\/www.pressenza.com\/it\/2018\/05\/la-nuova-identita-italiana\/#primaryimage"},"image":{"@id":"https:\/\/www.pressenza.com\/it\/2018\/05\/la-nuova-identita-italiana\/#primaryimage"},"thumbnailUrl":"https:\/\/www.pressenza.com\/wp-content\/uploads\/2018\/05\/giuseppe-conte.png","datePublished":"2018-05-25T10:11:25+00:00","dateModified":"2018-05-25T20:28:21+00:00","description":"- Quando l'ascia entr\u00f2 nel bosco, molti alberi dissero \"Almeno il manico \u00e8 dei nostri\" - Proverbio Turco. Riuscire a decifrare l'attualit\u00e0 politica italiana sembra impresa ardua. L'impressione \u00e8 quella che gli italiani siano degli alberi in crisi d'identit\u00e0, e che non stiano valutando bene quello che sta accadendo.","breadcrumb":{"@id":"https:\/\/www.pressenza.com\/it\/2018\/05\/la-nuova-identita-italiana\/#breadcrumb"},"inLanguage":"it-IT","potentialAction":[{"@type":"ReadAction","target":["https:\/\/www.pressenza.com\/it\/2018\/05\/la-nuova-identita-italiana\/"]}]},{"@type":"ImageObject","inLanguage":"it-IT","@id":"https:\/\/www.pressenza.com\/it\/2018\/05\/la-nuova-identita-italiana\/#primaryimage","url":"https:\/\/www.pressenza.com\/wp-content\/uploads\/2018\/05\/giuseppe-conte.png","contentUrl":"https:\/\/www.pressenza.com\/wp-content\/uploads\/2018\/05\/giuseppe-conte.png","width":800,"height":450,"caption":"giuseppe conte identit\u00e0 italiana"},{"@type":"BreadcrumbList","@id":"https:\/\/www.pressenza.com\/it\/2018\/05\/la-nuova-identita-italiana\/#breadcrumb","itemListElement":[{"@type":"ListItem","position":1,"name":"Accueil","item":"https:\/\/www.pressenza.com\/it\/"},{"@type":"ListItem","position":2,"name":"La nuova identit\u00e0 italiana"}]},{"@type":"WebSite","@id":"https:\/\/www.pressenza.com\/it\/#website","url":"https:\/\/www.pressenza.com\/it\/","name":"Pressenza","description":"Agenzia di Stampa Internazionale","publisher":{"@id":"https:\/\/www.pressenza.com\/it\/#organization"},"potentialAction":[{"@type":"SearchAction","target":{"@type":"EntryPoint","urlTemplate":"https:\/\/www.pressenza.com\/it\/?s={search_term_string}"},"query-input":{"@type":"PropertyValueSpecification","valueRequired":true,"valueName":"search_term_string"}}],"inLanguage":"it-IT"},{"@type":"Organization","@id":"https:\/\/www.pressenza.com\/it\/#organization","name":"Pressenza","url":"https:\/\/www.pressenza.com\/it\/","logo":{"@type":"ImageObject","inLanguage":"it-IT","@id":"https:\/\/www.pressenza.com\/it\/#\/schema\/logo\/image\/","url":"https:\/\/www.pressenza.com\/wp-content\/uploads\/2022\/10\/pressenza_logo_200x200.jpg","contentUrl":"https:\/\/www.pressenza.com\/wp-content\/uploads\/2022\/10\/pressenza_logo_200x200.jpg","width":200,"height":200,"caption":"Pressenza"},"image":{"@id":"https:\/\/www.pressenza.com\/it\/#\/schema\/logo\/image\/"},"sameAs":["https:\/\/www.facebook.com\/PressenzaItalia","https:\/\/x.com\/PressenzaIPA"]},{"@type":"Person","@id":"https:\/\/www.pressenza.com\/it\/#\/schema\/person\/db5d60896b03571ff2fbf2fdf7a48c84","name":"Tobia Savoca","description":"Palermitano. Laureato in Giurisprudenza in Italia dove si \u00e8 abilitato alla pratica forense, e laureato in Storia in Francia, dove attualmente insegna. Scrive di storia, politica, societ\u00e0 ed educazione.","sameAs":["https:\/\/www.facebook.com\/tobiasavoca"],"url":"https:\/\/www.pressenza.com\/it\/author\/tobia-savoca\/"}]}},"place":"","original_article_url":"","_links":{"self":[{"href":"https:\/\/www.pressenza.com\/it\/wp-json\/wp\/v2\/posts\/645865","targetHints":{"allow":["GET"]}}],"collection":[{"href":"https:\/\/www.pressenza.com\/it\/wp-json\/wp\/v2\/posts"}],"about":[{"href":"https:\/\/www.pressenza.com\/it\/wp-json\/wp\/v2\/types\/post"}],"author":[{"embeddable":true,"href":"https:\/\/www.pressenza.com\/it\/wp-json\/wp\/v2\/users\/1496"}],"replies":[{"embeddable":true,"href":"https:\/\/www.pressenza.com\/it\/wp-json\/wp\/v2\/comments?post=645865"}],"version-history":[{"count":0,"href":"https:\/\/www.pressenza.com\/it\/wp-json\/wp\/v2\/posts\/645865\/revisions"}],"wp:featuredmedia":[{"embeddable":true,"href":"https:\/\/www.pressenza.com\/it\/wp-json\/wp\/v2\/media\/645866"}],"wp:attachment":[{"href":"https:\/\/www.pressenza.com\/it\/wp-json\/wp\/v2\/media?parent=645865"}],"wp:term":[{"taxonomy":"category","embeddable":true,"href":"https:\/\/www.pressenza.com\/it\/wp-json\/wp\/v2\/categories?post=645865"},{"taxonomy":"post_tag","embeddable":true,"href":"https:\/\/www.pressenza.com\/it\/wp-json\/wp\/v2\/tags?post=645865"}],"curies":[{"name":"wp","href":"https:\/\/api.w.org\/{rel}","templated":true}]}}