{"id":644681,"date":"2018-05-23T20:03:27","date_gmt":"2018-05-23T19:03:27","guid":{"rendered":"https:\/\/www.pressenza.com\/?p=644681"},"modified":"2018-05-23T20:04:36","modified_gmt":"2018-05-23T19:04:36","slug":"la-democrazia-rivoluzionaria-cuba","status":"publish","type":"post","link":"https:\/\/www.pressenza.com\/it\/2018\/05\/la-democrazia-rivoluzionaria-cuba\/","title":{"rendered":"La democrazia rivoluzionaria di Cuba"},"content":{"rendered":"<p><strong><span style=\"font-family: Times New Roman, serif;\"><span style=\"font-size: medium;\"><span style=\"color: #333333;\">I lunghissimi tempi di attesa lasceranno il segno su Cuba fino a quando non sar\u00e0 raggiunta l&#8217;autodeterminazione sovrana del popolo.<\/span><\/span><\/span><\/strong><\/p>\n<p><span style=\"color: #333333;\"><span style=\"font-family: Times New Roman, serif;\"><span style=\"font-size: medium;\">Dopo 400 anni di oppressione coloniale, unita a diminuzione delle risorse materiali e finanziarie, Cuba ottenne per la prima volta la sua indipendenza politica formale dalla Spagna nel 1898. Successivamente, dopo un periodo di intervento da parte degli Stati Uniti, il paese ottenne una limitata sovranit\u00e0 politica nel 1902. Fino al 1934, gli Stati Uniti si riservarono il diritto di intervento con l'&#8221;<\/span><\/span><\/span><a href=\"https:\/\/it.wikipedia.org\/wiki\/Emendamento_Platt\"><span style=\"font-family: Times New Roman, serif;\"><span style=\"font-size: medium;\">Emendamento Platt<\/span><\/span><\/a><span style=\"color: #333333;\"><span style=\"font-family: Times New Roman, serif;\"><span style=\"font-size: medium;\">&#8220;. Qualcosa di questo periodo ancora esiste, nella forma della base militare di Guantanamo. Fino all&#8217;inizio del periodo rivoluzionario, nel 1959, una parte considerevole del processo di creazione di valore aggiunto cubano \u00e8 confluita nei caveau di New York. Tutto ci\u00f2 corrispondeva ad un&#8217;aspettativa redditizia che Colombo aveva gi\u00e0 coltivato. Nel breve diario di bordo del suo primo viaggio di scoperta, egli scrisse 141 volte la parola oro (diario di bordo di Columbus, Reclamverlag Jun. Leipzig).<\/span><\/span><\/span><\/p>\n<p><span style=\"font-family: Times New Roman, serif;\"><span style=\"font-size: medium;\"><span style=\"color: #333333;\">Nel 1959 Cuba inizi\u00f2 a sviluppare il suo progetto storico, la societ\u00e0 e l&#8217;economia, proponendo alternative autonome. Il popolo cubano avrebbe dovuto avere una sovranit\u00e0 totale.<\/span><\/span><\/span><\/p>\n<p><span style=\"font-family: Times New Roman, serif;\"><span style=\"font-size: medium;\"><span style=\"color: #333333;\">All&#8217;inizio della rivoluzione, Fidel Castro e i suoi sostenitori sospettavano che la strada sarebbe stata difficile. Una riflessiva dichiarazione del CHE che \u00e8 stata conservata dice: &#8220;Siamo realistici, chiediamo l&#8217;impossibile&#8221;. La realt\u00e0 da cui partire era quella economica, ma soprattutto vi era il fatto che il vicino di casa e i suoi amici dell&#8217;UE esercitavano una pressione politica, economica e mediatica costante durata oltre 50 anni. Il boicottaggio e le sanzioni erano grandi ostacoli lungo la strada che avrebbe dovuto portare ad alternative sociali e senza crisi per il popolo cubano.<\/span><\/span><\/span><\/p>\n<p><span style=\"font-family: Times New Roman, serif;\"><span style=\"font-size: medium;\"><span style=\"color: #333333;\">Nonostante tutti i disordini nelle relazioni economiche, finanziarie e commerciali, i leader del Partito comunista, i movimenti di massa, il parlamento e il governo hanno ottenuto risultati in materia di istruzione, salute, scienza, solidariet\u00e0, sport, cultura e altri campi, che hanno attirato l&#8217;attenzione di tutto il mondo. La fame e la disoccupazione sono proibite a Cuba. L&#8217;uguaglianza \u00e8 progredita molto.<\/span><\/span><\/span><\/p>\n<p><span style=\"font-family: Times New Roman, serif;\"><span style=\"font-size: medium;\"><span style=\"color: #333333;\">A Cuba gli elementi della democrazia si sono gradualmente e considerevolmente rafforzati negli anni dall&#8217;inizio della rivoluzione, nonostante l&#8217;incessante pressione dell&#8217;inerzia sia esterna che interna.<\/span><\/span><\/span><\/p>\n<p><span style=\"font-family: Times New Roman, serif;\"><span style=\"font-size: medium;\"><span style=\"color: #333333;\"><b>Una gara di modelli democratici<\/b><\/span><\/span><\/span><\/p>\n<p><span style=\"font-family: Times New Roman, serif;\"><span style=\"font-size: medium;\"><span style=\"color: #333333;\">Nella storia del mondo ci sono stati e continuano ad esserci diversi modi di dirigere e amministrare uno Stato. Queste includono monarchie assolute, dittature di varie forme, democrazie borghesi con qualche variante o forme presidenziali. Queste ultime erano le preferite dagli Stati Uniti. La democrazia partecipativa prese forma nel 20\u00b0 secolo.<\/span><\/span><\/span><\/p>\n<p><span style=\"font-family: Times New Roman, serif;\"><span style=\"font-size: medium;\"><span style=\"color: #333333;\">La dirigenza del partito di Castro e gli scienziati sociali cubani hanno analizzato le democrazie borghesi e le preoccupazioni originali della democrazia in Grecia. La &#8220;Politeia&#8221; di Platone contiene ancora elementi adatti ai tempi moderni. Citazioni: &#8220;Si tratta della questione della vita buona o cattiva&#8221; e &#8220;la giustizia \u00e8 il principio che lo Stato \u00e8 responsabile di portare a compimento. &#8220;La voce delle persone (<\/span><span style=\"color: #333333;\"><i>demos<\/i><\/span><span style=\"color: #333333;\">) non deve mancare nella discussione dei prossimi passi&#8221;.<\/span><\/span><\/span><\/p>\n<p><span style=\"font-family: Times New Roman, serif;\"><span style=\"font-size: medium;\"><span style=\"color: #333333;\">Bisogna comprendere che la popolazione cubana viene consultata periodicamente dai poteri popolari di tutto il paese in una maratona di assemblee: come bisogna continuare nelle fasi successive, quali passi bisogna fare , quali sono le priorit\u00e0. Il referendum include il dibattito sulla situazione nel paese, le risorse finanziarie necessarie per il cambiamento e le conseguenze che ne deriveranno. Il programma sociale finale sar\u00e0 deciso nelle elezioni politiche. La sovranit\u00e0 cubana decider\u00e0 se accettare o respingere le elezioni. Gli incontri sono anche il luogo in cui viene verificata la competenza di ciascun delegato. L&#8217;elevato numero di partecipanti alle assemblee e alle elezioni popolari dimostra <\/span><span style=\"color: #333333;\"><b>che la voce di Cuba sovrana ha un peso forte e duraturo.<\/b><\/span><\/span><\/span><\/p>\n<p><span style=\"font-family: Times New Roman, serif;\"><span style=\"font-size: medium;\"><span style=\"color: #333333;\">Un confronto: nei paesi della cosiddetta comunit\u00e0 occidentale, le persone danno il loro voto dopo la tornata elettorale ai deputati. Pi\u00f9 precisamente contano solo i voti ricevuti dal partito di maggioranza o dai partiti della coalizione. Ad esempio, fino alle prossime elezioni del 2021 il partito del vincitore, CDU, governer\u00e0 la Germania con solo il 14% circa dei voti di coloro che hanno diritto al voto. Il calcolo del basso numero di rappresentanza tiene conto dei voti dei gruppi al di sotto del 5%, cos\u00ec come dei voti dei non votanti e di quelli delle parti che non partecipano alla coalizione. Un altro punto interrogativo: le questioni sono discusse nelle commissioni parlamentari sotto l&#8217;influenza di gruppi di pressione. Le decisioni sono sempre soggette alle maggioranze del Parlamento o all&#8217;obbligo del gruppo parlamentare. I fondi che i partiti ricevono da gruppi economici, banche e compagnie di assicurazione a fini elettorali non dovrebbero essere discussi qui.<\/span><\/span><\/span><\/p>\n<p><span style=\"font-family: Times New Roman, serif;\"><span style=\"font-size: medium;\"><span style=\"color: #333333;\">Nel modello democratico cubano, <\/span><span style=\"color: #333333;\"><b>il ruolo principale del deputato \u00e8 quello di servire la Comunit\u00e0<\/b><\/span><span style=\"color: #333333;\">. Ha un dovere nei confronti dell&#8217;elettore, non solo della sua coscienza. In determinate condizioni legali pu\u00f2 essere licenziato. A Cuba c&#8217;\u00e8 una legge contro le lobby. Il parlamentare \u00e8 pienamente al servizio della procedura legislativa. Non riceve alcuna diaria per il suo lavoro. Vengono rimborsate le spese materiali. Il lavoro parlamentare, a Cuba, non \u00e8 un&#8217;istituzione che copre il costo della vita. Questo \u00e8 coperto dal lavoro professionale.<\/span><\/span><\/span><\/p>\n<p><span style=\"font-family: Times New Roman, serif;\"><span style=\"font-size: medium;\"><span style=\"color: #333333;\">Oltre all&#8217;attivit\u00e0 legislativa, i deputati sono responsabili della conferma degli organi del Parlamento. Tra questi, il Consiglio di Stato \u00e8 il principale organo di lavoro. Questo dirige i lavori parlamentari durante la legislatura e riferisce all\u2019assemblea plenaria. Tra i suoi membri ci sono i leader del Partito Comunista (PCC), l&#8217;Organizzazione delle donne (FMC), il sindacato (CTC), gli studenti e altri giovani (UJC e Jos\u00e9 Mart\u00ed) e i Comitati Rivoluzionari (CDR). La legittimit\u00e0 degli organi del parlamento e del governo a Cuba \u00e8 ampiamente proporzionata.<\/span><\/span><\/span><\/p>\n<p><span style=\"font-family: Times New Roman, serif;\"><span style=\"font-size: medium;\"><span style=\"color: #333333;\"><b>Cosa ci si pu\u00f2 aspettare nei prossimi mesi?<\/b><\/span><\/span><\/span><\/p>\n<p><span style=\"font-family: Times New Roman, serif;\"><span style=\"font-size: medium;\"><span style=\"color: #333333;\">Dopo la sua elezione, il nuovo presidente Miguel D\u00edaz-Canel ha assunto una posizione complicata, sia in politica interna che estera.<\/span><\/span><\/span><\/p>\n<p>&nbsp;<\/p>\n<p><img loading=\"lazy\" decoding=\"async\" class=\"alignnone size-large wp-image-644168\" src=\"https:\/\/www.pressenza.com\/wp-content\/uploads\/2018\/05\/xxfoto-3-720x480-1_jpgMic__GNpx_mangv-1-720x480_jpg_pagespeed_ic_2Y5ncru4ck-720x480.jpg\" alt=\"\" width=\"720\" height=\"480\" srcset=\"https:\/\/www.pressenza.com\/wp-content\/uploads\/2018\/05\/xxfoto-3-720x480-1_jpgMic__GNpx_mangv-1-720x480_jpg_pagespeed_ic_2Y5ncru4ck.jpg 720w, https:\/\/www.pressenza.com\/wp-content\/uploads\/2018\/05\/xxfoto-3-720x480-1_jpgMic__GNpx_mangv-1-720x480_jpg_pagespeed_ic_2Y5ncru4ck-300x200.jpg 300w\" sizes=\"auto, (max-width: 720px) 100vw, 720px\" \/><\/p>\n<p><span style=\"font-family: Times New Roman, serif;\"><span style=\"font-size: medium;\"><span style=\"color: #333333;\">Donald Trump rafforzer\u00e0 piuttosto quella che \u00e8 la posizione storica degli Stati Uniti. Ci\u00f2 \u00e8 evidenziato nei suoi precedenti decreti e negli annunci bellicosi del ministro degli Esteri Tillerson, prima e durante il suo viaggio in America Latina nel primo trimestre del 2018, che derivano da dottrine gi\u00e0 esistenti (Monroe, Truman e diverse dottrine sulla sicurezza). L&#8217;obiettivo \u00e8 di mantenere la forza degli Stati Uniti, per questo le loro richieste di &#8220;cambio di regime&#8221; a Cuba e in Venezuela. Trump pu\u00f2 contare sul supporto fondamentale delle forze politiche dell&#8217;UE e della NATO. Si pu\u00f2 presumere che i tentativi di destabilizzare l&#8217;uso dei mass media e di Internet continueranno. Gli Stati Uniti e i suoi amici hanno l&#8217;esperienza necessaria in questo.<\/span><\/span><\/span><\/p>\n<p><span style=\"font-family: Times New Roman, serif;\"><span style=\"font-size: medium;\"><span style=\"color: #333333;\">Cuba continuer\u00e0 la sua politica di autodeterminazione e di sviluppo rivoluzionario alternativo. Continuer\u00e0 a cercare il dialogo. La democrazia partecipativa si modificher\u00e0 a seconda della pressione esterna. Lo stato di diritto sar\u00e0 rafforzato. \u00c8 auspicabile che l&#8217;annunciato progetto di revisione della Costituzione continui a promuovere la trasformazione dell&#8217;egoismo verso un senso di comunit\u00e0 e che dia spazio sufficiente alla logica sociale e naturalista della societ\u00e0.<\/span><\/span><\/span><\/p>\n<p><span style=\"font-family: Times New Roman, serif;\"><span style=\"font-size: medium;\"><span style=\"color: #333333;\">L&#8217;annuncio di Diaz-Canel di adattare la Costituzione di Cuba alle condizioni di crescita mostra la direzione intrapresa. I cambiamenti in ampi settori della societ\u00e0 affermano il potere politico del nuovo gruppo dirigente cubano. L&#8217;attuale Costituzione del 24.2.1976 offre ai cittadini una buona sicurezza legale. Ad esempio, l&#8217;Art. 42 contiene norme molto estese in materia di diritti e doveri in nove importanti settori della vita. I valori sociali della piena uguaglianza (articolo 41) e della libert\u00e0 di coscienza (articolo 54) sono gi\u00e0 sanciti dettagliatamente nell&#8217;attuale Costituzione.<\/span><\/span><\/span><\/p>\n<p><span style=\"font-family: Times New Roman, serif;\"><span style=\"font-size: medium;\"><span style=\"color: #333333;\">La democrazia \u00e8 una costruzione complicata e rischiosa della societ\u00e0. Una democrazia che di tanto in tanto si adatta alle nuove condizioni ha buone possibilit\u00e0 di ottenere il sostegno e l&#8217;accettazione popolare. D&#8217;altra parte, la democrazia vive della volont\u00e0 partecipativa della popolazione. Questa interazione rafforza la democrazia. Impedisce alla popolazione di rientrare nella categoria di puro strumento dell\u2019establishment, come si vede dalla stanchezza elettorale delle democrazie occidentali.<\/span><\/span><\/span><\/p>\n<p><span style=\"font-family: Times New Roman, serif;\"><span style=\"font-size: medium;\"><span style=\"color: #333333;\">La democrazia fa parte del patrimonio culturale mondiale di tutti i paesi. In nessun modo fa parte dell&#8217;ideologia borghese.<\/span><\/span><\/span><\/p>\n<p>&nbsp;<\/p>\n<p><span style=\"font-family: Times New Roman, serif;\"><span style=\"font-size: medium;\"><span style=\"color: #333333;\"><i>Traduzione dallo spagnolo di Mariapaola Boselli<\/i><\/span><\/span><\/span><\/p>\n<p>&nbsp;<\/p>\n","protected":false},"excerpt":{"rendered":"<p>I lunghissimi tempi di attesa lasceranno il segno su Cuba fino a quando non sar\u00e0 raggiunta l&#8217;autodeterminazione sovrana del popolo. Dopo 400 anni di oppressione coloniale, unita a diminuzione delle risorse materiali e finanziarie, Cuba ottenne per la prima volta&hellip;<\/p>\n","protected":false},"author":1463,"featured_media":644064,"comment_status":"closed","ping_status":"closed","sticky":false,"template":"","format":"standard","meta":{"footnotes":""},"categories":[50,11388,55],"tags":[4377,173,1453],"class_list":["post-644681","post","type-post","status-publish","format-standard","has-post-thumbnail","hentry","category-centro-america","category-contenuti-originali","category-politica","tag-cuba-it","tag-democrazia","tag-usa-it"],"yoast_head":"<!-- This site is optimized with the Yoast SEO plugin v27.1.1 - https:\/\/yoast.com\/product\/yoast-seo-wordpress\/ -->\n<title>La democrazia rivoluzionaria di Cuba<\/title>\n<meta name=\"description\" content=\"Nonostante tutto, Cuba ha ottenuto risultati in materia di istruzione, salute, scienza, solidariet\u00e0, sport, cultura e altri campi, che hanno attirato l&#039;attenzione di tutto il mondo. La fame e la disoccupazione sono proibite, l&#039;uguaglianza \u00e8 progredita molto.\" \/>\n<meta name=\"robots\" content=\"index, follow, max-snippet:-1, max-image-preview:large, max-video-preview:-1\" \/>\n<link rel=\"canonical\" href=\"https:\/\/www.pressenza.com\/it\/2018\/05\/la-democrazia-rivoluzionaria-cuba\/\" \/>\n<meta property=\"og:locale\" content=\"it_IT\" \/>\n<meta property=\"og:type\" content=\"article\" \/>\n<meta property=\"og:title\" content=\"La democrazia rivoluzionaria di Cuba\" \/>\n<meta property=\"og:description\" content=\"Nonostante tutto, Cuba ha ottenuto risultati in materia di istruzione, salute, scienza, solidariet\u00e0, sport, cultura e altri campi, che hanno attirato l&#039;attenzione di tutto il mondo. La fame e la disoccupazione sono proibite, l&#039;uguaglianza \u00e8 progredita molto.\" \/>\n<meta property=\"og:url\" content=\"https:\/\/www.pressenza.com\/it\/2018\/05\/la-democrazia-rivoluzionaria-cuba\/\" \/>\n<meta property=\"og:site_name\" content=\"Pressenza\" \/>\n<meta property=\"article:publisher\" content=\"https:\/\/www.facebook.com\/PressenzaItalia\" \/>\n<meta property=\"article:published_time\" content=\"2018-05-23T19:03:27+00:00\" \/>\n<meta property=\"article:modified_time\" content=\"2018-05-23T19:04:36+00:00\" \/>\n<meta property=\"og:image\" content=\"https:\/\/www.pressenza.com\/wp-content\/uploads\/2018\/05\/cuba-ppal.jpg\" \/>\n\t<meta property=\"og:image:width\" content=\"840\" \/>\n\t<meta property=\"og:image:height\" content=\"558\" \/>\n\t<meta property=\"og:image:type\" content=\"image\/jpeg\" \/>\n<meta name=\"author\" content=\"G\u00fcnter Buhlke\" \/>\n<meta name=\"twitter:card\" content=\"summary_large_image\" \/>\n<meta name=\"twitter:creator\" content=\"@PressenzaIPA\" \/>\n<meta name=\"twitter:site\" content=\"@PressenzaIPA\" \/>\n<meta name=\"twitter:label1\" content=\"Scritto da\" \/>\n\t<meta name=\"twitter:data1\" content=\"G\u00fcnter Buhlke\" \/>\n\t<meta name=\"twitter:label2\" content=\"Tempo di lettura stimato\" \/>\n\t<meta name=\"twitter:data2\" content=\"6 minuti\" \/>\n<script type=\"application\/ld+json\" class=\"yoast-schema-graph\">{\"@context\":\"https:\/\/schema.org\",\"@graph\":[{\"@type\":\"Article\",\"@id\":\"https:\/\/www.pressenza.com\/it\/2018\/05\/la-democrazia-rivoluzionaria-cuba\/#article\",\"isPartOf\":{\"@id\":\"https:\/\/www.pressenza.com\/it\/2018\/05\/la-democrazia-rivoluzionaria-cuba\/\"},\"author\":{\"name\":\"G\u00fcnter Buhlke\",\"@id\":\"https:\/\/www.pressenza.com\/it\/#\/schema\/person\/e48301baaf10fa4f78dc7566caf225b4\"},\"headline\":\"La democrazia rivoluzionaria di Cuba\",\"datePublished\":\"2018-05-23T19:03:27+00:00\",\"dateModified\":\"2018-05-23T19:04:36+00:00\",\"mainEntityOfPage\":{\"@id\":\"https:\/\/www.pressenza.com\/it\/2018\/05\/la-democrazia-rivoluzionaria-cuba\/\"},\"wordCount\":1326,\"publisher\":{\"@id\":\"https:\/\/www.pressenza.com\/it\/#organization\"},\"image\":{\"@id\":\"https:\/\/www.pressenza.com\/it\/2018\/05\/la-democrazia-rivoluzionaria-cuba\/#primaryimage\"},\"thumbnailUrl\":\"https:\/\/www.pressenza.com\/wp-content\/uploads\/2018\/05\/cuba-ppal.jpg\",\"keywords\":[\"Cuba\",\"Democrazia\",\"USA\"],\"articleSection\":[\"America Centrale\",\"contenuti originali\",\"Politica\"],\"inLanguage\":\"it-IT\"},{\"@type\":\"WebPage\",\"@id\":\"https:\/\/www.pressenza.com\/it\/2018\/05\/la-democrazia-rivoluzionaria-cuba\/\",\"url\":\"https:\/\/www.pressenza.com\/it\/2018\/05\/la-democrazia-rivoluzionaria-cuba\/\",\"name\":\"La democrazia rivoluzionaria di Cuba\",\"isPartOf\":{\"@id\":\"https:\/\/www.pressenza.com\/it\/#website\"},\"primaryImageOfPage\":{\"@id\":\"https:\/\/www.pressenza.com\/it\/2018\/05\/la-democrazia-rivoluzionaria-cuba\/#primaryimage\"},\"image\":{\"@id\":\"https:\/\/www.pressenza.com\/it\/2018\/05\/la-democrazia-rivoluzionaria-cuba\/#primaryimage\"},\"thumbnailUrl\":\"https:\/\/www.pressenza.com\/wp-content\/uploads\/2018\/05\/cuba-ppal.jpg\",\"datePublished\":\"2018-05-23T19:03:27+00:00\",\"dateModified\":\"2018-05-23T19:04:36+00:00\",\"description\":\"Nonostante tutto, Cuba ha ottenuto risultati in materia di istruzione, salute, scienza, solidariet\u00e0, sport, cultura e altri campi, che hanno attirato l'attenzione di tutto il mondo. La fame e la disoccupazione sono proibite, l'uguaglianza \u00e8 progredita molto.\",\"breadcrumb\":{\"@id\":\"https:\/\/www.pressenza.com\/it\/2018\/05\/la-democrazia-rivoluzionaria-cuba\/#breadcrumb\"},\"inLanguage\":\"it-IT\",\"potentialAction\":[{\"@type\":\"ReadAction\",\"target\":[\"https:\/\/www.pressenza.com\/it\/2018\/05\/la-democrazia-rivoluzionaria-cuba\/\"]}]},{\"@type\":\"ImageObject\",\"inLanguage\":\"it-IT\",\"@id\":\"https:\/\/www.pressenza.com\/it\/2018\/05\/la-democrazia-rivoluzionaria-cuba\/#primaryimage\",\"url\":\"https:\/\/www.pressenza.com\/wp-content\/uploads\/2018\/05\/cuba-ppal.jpg\",\"contentUrl\":\"https:\/\/www.pressenza.com\/wp-content\/uploads\/2018\/05\/cuba-ppal.jpg\",\"width\":840,\"height\":558},{\"@type\":\"BreadcrumbList\",\"@id\":\"https:\/\/www.pressenza.com\/it\/2018\/05\/la-democrazia-rivoluzionaria-cuba\/#breadcrumb\",\"itemListElement\":[{\"@type\":\"ListItem\",\"position\":1,\"name\":\"Accueil\",\"item\":\"https:\/\/www.pressenza.com\/it\/\"},{\"@type\":\"ListItem\",\"position\":2,\"name\":\"La democrazia rivoluzionaria di Cuba\"}]},{\"@type\":\"WebSite\",\"@id\":\"https:\/\/www.pressenza.com\/it\/#website\",\"url\":\"https:\/\/www.pressenza.com\/it\/\",\"name\":\"Pressenza\",\"description\":\"Agenzia di Stampa Internazionale\",\"publisher\":{\"@id\":\"https:\/\/www.pressenza.com\/it\/#organization\"},\"potentialAction\":[{\"@type\":\"SearchAction\",\"target\":{\"@type\":\"EntryPoint\",\"urlTemplate\":\"https:\/\/www.pressenza.com\/it\/?s={search_term_string}\"},\"query-input\":{\"@type\":\"PropertyValueSpecification\",\"valueRequired\":true,\"valueName\":\"search_term_string\"}}],\"inLanguage\":\"it-IT\"},{\"@type\":\"Organization\",\"@id\":\"https:\/\/www.pressenza.com\/it\/#organization\",\"name\":\"Pressenza\",\"url\":\"https:\/\/www.pressenza.com\/it\/\",\"logo\":{\"@type\":\"ImageObject\",\"inLanguage\":\"it-IT\",\"@id\":\"https:\/\/www.pressenza.com\/it\/#\/schema\/logo\/image\/\",\"url\":\"https:\/\/www.pressenza.com\/wp-content\/uploads\/2022\/10\/pressenza_logo_200x200.jpg\",\"contentUrl\":\"https:\/\/www.pressenza.com\/wp-content\/uploads\/2022\/10\/pressenza_logo_200x200.jpg\",\"width\":200,\"height\":200,\"caption\":\"Pressenza\"},\"image\":{\"@id\":\"https:\/\/www.pressenza.com\/it\/#\/schema\/logo\/image\/\"},\"sameAs\":[\"https:\/\/www.facebook.com\/PressenzaItalia\",\"https:\/\/x.com\/PressenzaIPA\"]},{\"@type\":\"Person\",\"@id\":\"https:\/\/www.pressenza.com\/it\/#\/schema\/person\/e48301baaf10fa4f78dc7566caf225b4\",\"name\":\"G\u00fcnter Buhlke\",\"description\":\"Geboren 1934, Studium an der Humboldtuniversit\u00e4t und der Hochschule f\u00fcr \u00d6konomie Berlin, dipl. Volkswirtschaftler. Internationale Arbeit als Handelsrat in Mexiko und Venezuela. Koordinator f\u00fcr die Wirtschaftsbeziehungen der DDR zu Lateinamerika. Wirtschaftserfahrungen als\u00a0langj\u00e4hriger Leiter des Schweizerischen Instituts f\u00fcr Betriebswirtschaft in Berlin, Vorstand einer Wohnungsgenossenschaft und Referent im Haushaltsausschuss der Volkskammer und des Bundestages. Gegenw\u00e4rtig ehrenamtliche T\u00e4tigkeiten.\",\"url\":\"https:\/\/www.pressenza.com\/it\/author\/guenter-buhlke\/\"}]}<\/script>\n<!-- \/ Yoast SEO plugin. -->","yoast_head_json":{"title":"La democrazia rivoluzionaria di Cuba","description":"Nonostante tutto, Cuba ha ottenuto risultati in materia di istruzione, salute, scienza, solidariet\u00e0, sport, cultura e altri campi, che hanno attirato l'attenzione di tutto il mondo. La fame e la disoccupazione sono proibite, l'uguaglianza \u00e8 progredita molto.","robots":{"index":"index","follow":"follow","max-snippet":"max-snippet:-1","max-image-preview":"max-image-preview:large","max-video-preview":"max-video-preview:-1"},"canonical":"https:\/\/www.pressenza.com\/it\/2018\/05\/la-democrazia-rivoluzionaria-cuba\/","og_locale":"it_IT","og_type":"article","og_title":"La democrazia rivoluzionaria di Cuba","og_description":"Nonostante tutto, Cuba ha ottenuto risultati in materia di istruzione, salute, scienza, solidariet\u00e0, sport, cultura e altri campi, che hanno attirato l'attenzione di tutto il mondo. La fame e la disoccupazione sono proibite, l'uguaglianza \u00e8 progredita molto.","og_url":"https:\/\/www.pressenza.com\/it\/2018\/05\/la-democrazia-rivoluzionaria-cuba\/","og_site_name":"Pressenza","article_publisher":"https:\/\/www.facebook.com\/PressenzaItalia","article_published_time":"2018-05-23T19:03:27+00:00","article_modified_time":"2018-05-23T19:04:36+00:00","og_image":[{"width":840,"height":558,"url":"https:\/\/www.pressenza.com\/wp-content\/uploads\/2018\/05\/cuba-ppal.jpg","type":"image\/jpeg"}],"author":"G\u00fcnter Buhlke","twitter_card":"summary_large_image","twitter_creator":"@PressenzaIPA","twitter_site":"@PressenzaIPA","twitter_misc":{"Scritto da":"G\u00fcnter Buhlke","Tempo di lettura stimato":"6 minuti"},"schema":{"@context":"https:\/\/schema.org","@graph":[{"@type":"Article","@id":"https:\/\/www.pressenza.com\/it\/2018\/05\/la-democrazia-rivoluzionaria-cuba\/#article","isPartOf":{"@id":"https:\/\/www.pressenza.com\/it\/2018\/05\/la-democrazia-rivoluzionaria-cuba\/"},"author":{"name":"G\u00fcnter Buhlke","@id":"https:\/\/www.pressenza.com\/it\/#\/schema\/person\/e48301baaf10fa4f78dc7566caf225b4"},"headline":"La democrazia rivoluzionaria di Cuba","datePublished":"2018-05-23T19:03:27+00:00","dateModified":"2018-05-23T19:04:36+00:00","mainEntityOfPage":{"@id":"https:\/\/www.pressenza.com\/it\/2018\/05\/la-democrazia-rivoluzionaria-cuba\/"},"wordCount":1326,"publisher":{"@id":"https:\/\/www.pressenza.com\/it\/#organization"},"image":{"@id":"https:\/\/www.pressenza.com\/it\/2018\/05\/la-democrazia-rivoluzionaria-cuba\/#primaryimage"},"thumbnailUrl":"https:\/\/www.pressenza.com\/wp-content\/uploads\/2018\/05\/cuba-ppal.jpg","keywords":["Cuba","Democrazia","USA"],"articleSection":["America Centrale","contenuti originali","Politica"],"inLanguage":"it-IT"},{"@type":"WebPage","@id":"https:\/\/www.pressenza.com\/it\/2018\/05\/la-democrazia-rivoluzionaria-cuba\/","url":"https:\/\/www.pressenza.com\/it\/2018\/05\/la-democrazia-rivoluzionaria-cuba\/","name":"La democrazia rivoluzionaria di Cuba","isPartOf":{"@id":"https:\/\/www.pressenza.com\/it\/#website"},"primaryImageOfPage":{"@id":"https:\/\/www.pressenza.com\/it\/2018\/05\/la-democrazia-rivoluzionaria-cuba\/#primaryimage"},"image":{"@id":"https:\/\/www.pressenza.com\/it\/2018\/05\/la-democrazia-rivoluzionaria-cuba\/#primaryimage"},"thumbnailUrl":"https:\/\/www.pressenza.com\/wp-content\/uploads\/2018\/05\/cuba-ppal.jpg","datePublished":"2018-05-23T19:03:27+00:00","dateModified":"2018-05-23T19:04:36+00:00","description":"Nonostante tutto, Cuba ha ottenuto risultati in materia di istruzione, salute, scienza, solidariet\u00e0, sport, cultura e altri campi, che hanno attirato l'attenzione di tutto il mondo. La fame e la disoccupazione sono proibite, l'uguaglianza \u00e8 progredita molto.","breadcrumb":{"@id":"https:\/\/www.pressenza.com\/it\/2018\/05\/la-democrazia-rivoluzionaria-cuba\/#breadcrumb"},"inLanguage":"it-IT","potentialAction":[{"@type":"ReadAction","target":["https:\/\/www.pressenza.com\/it\/2018\/05\/la-democrazia-rivoluzionaria-cuba\/"]}]},{"@type":"ImageObject","inLanguage":"it-IT","@id":"https:\/\/www.pressenza.com\/it\/2018\/05\/la-democrazia-rivoluzionaria-cuba\/#primaryimage","url":"https:\/\/www.pressenza.com\/wp-content\/uploads\/2018\/05\/cuba-ppal.jpg","contentUrl":"https:\/\/www.pressenza.com\/wp-content\/uploads\/2018\/05\/cuba-ppal.jpg","width":840,"height":558},{"@type":"BreadcrumbList","@id":"https:\/\/www.pressenza.com\/it\/2018\/05\/la-democrazia-rivoluzionaria-cuba\/#breadcrumb","itemListElement":[{"@type":"ListItem","position":1,"name":"Accueil","item":"https:\/\/www.pressenza.com\/it\/"},{"@type":"ListItem","position":2,"name":"La democrazia rivoluzionaria di Cuba"}]},{"@type":"WebSite","@id":"https:\/\/www.pressenza.com\/it\/#website","url":"https:\/\/www.pressenza.com\/it\/","name":"Pressenza","description":"Agenzia di Stampa Internazionale","publisher":{"@id":"https:\/\/www.pressenza.com\/it\/#organization"},"potentialAction":[{"@type":"SearchAction","target":{"@type":"EntryPoint","urlTemplate":"https:\/\/www.pressenza.com\/it\/?s={search_term_string}"},"query-input":{"@type":"PropertyValueSpecification","valueRequired":true,"valueName":"search_term_string"}}],"inLanguage":"it-IT"},{"@type":"Organization","@id":"https:\/\/www.pressenza.com\/it\/#organization","name":"Pressenza","url":"https:\/\/www.pressenza.com\/it\/","logo":{"@type":"ImageObject","inLanguage":"it-IT","@id":"https:\/\/www.pressenza.com\/it\/#\/schema\/logo\/image\/","url":"https:\/\/www.pressenza.com\/wp-content\/uploads\/2022\/10\/pressenza_logo_200x200.jpg","contentUrl":"https:\/\/www.pressenza.com\/wp-content\/uploads\/2022\/10\/pressenza_logo_200x200.jpg","width":200,"height":200,"caption":"Pressenza"},"image":{"@id":"https:\/\/www.pressenza.com\/it\/#\/schema\/logo\/image\/"},"sameAs":["https:\/\/www.facebook.com\/PressenzaItalia","https:\/\/x.com\/PressenzaIPA"]},{"@type":"Person","@id":"https:\/\/www.pressenza.com\/it\/#\/schema\/person\/e48301baaf10fa4f78dc7566caf225b4","name":"G\u00fcnter Buhlke","description":"Geboren 1934, Studium an der Humboldtuniversit\u00e4t und der Hochschule f\u00fcr \u00d6konomie Berlin, dipl. Volkswirtschaftler. Internationale Arbeit als Handelsrat in Mexiko und Venezuela. Koordinator f\u00fcr die Wirtschaftsbeziehungen der DDR zu Lateinamerika. Wirtschaftserfahrungen als\u00a0langj\u00e4hriger Leiter des Schweizerischen Instituts f\u00fcr Betriebswirtschaft in Berlin, Vorstand einer Wohnungsgenossenschaft und Referent im Haushaltsausschuss der Volkskammer und des Bundestages. Gegenw\u00e4rtig ehrenamtliche T\u00e4tigkeiten.","url":"https:\/\/www.pressenza.com\/it\/author\/guenter-buhlke\/"}]}},"place":"Berlino","original_article_url":"","_links":{"self":[{"href":"https:\/\/www.pressenza.com\/it\/wp-json\/wp\/v2\/posts\/644681","targetHints":{"allow":["GET"]}}],"collection":[{"href":"https:\/\/www.pressenza.com\/it\/wp-json\/wp\/v2\/posts"}],"about":[{"href":"https:\/\/www.pressenza.com\/it\/wp-json\/wp\/v2\/types\/post"}],"author":[{"embeddable":true,"href":"https:\/\/www.pressenza.com\/it\/wp-json\/wp\/v2\/users\/1463"}],"replies":[{"embeddable":true,"href":"https:\/\/www.pressenza.com\/it\/wp-json\/wp\/v2\/comments?post=644681"}],"version-history":[{"count":0,"href":"https:\/\/www.pressenza.com\/it\/wp-json\/wp\/v2\/posts\/644681\/revisions"}],"wp:featuredmedia":[{"embeddable":true,"href":"https:\/\/www.pressenza.com\/it\/wp-json\/wp\/v2\/media\/644064"}],"wp:attachment":[{"href":"https:\/\/www.pressenza.com\/it\/wp-json\/wp\/v2\/media?parent=644681"}],"wp:term":[{"taxonomy":"category","embeddable":true,"href":"https:\/\/www.pressenza.com\/it\/wp-json\/wp\/v2\/categories?post=644681"},{"taxonomy":"post_tag","embeddable":true,"href":"https:\/\/www.pressenza.com\/it\/wp-json\/wp\/v2\/tags?post=644681"}],"curies":[{"name":"wp","href":"https:\/\/api.w.org\/{rel}","templated":true}]}}