{"id":643109,"date":"2018-05-20T10:54:19","date_gmt":"2018-05-20T09:54:19","guid":{"rendered":"https:\/\/www.pressenza.com\/?p=643109"},"modified":"2018-05-20T10:54:19","modified_gmt":"2018-05-20T09:54:19","slug":"dal-mediterraneo-ai-balcani-memorie-culture-la-pace-la-convivenza","status":"publish","type":"post","link":"https:\/\/www.pressenza.com\/it\/2018\/05\/dal-mediterraneo-ai-balcani-memorie-culture-la-pace-la-convivenza\/","title":{"rendered":"Dal Mediterraneo ai Balcani. Memorie e Culture per la Pace e la Convivenza"},"content":{"rendered":"<p>Nel \u201clavoro di pace\u201d e, nello specifico, nei processi di trasformazione del conflitto e di ri-composizione post-conflitto, il complesso delle forme e delle dinamiche che appartengono all\u2019universo culturale assume un\u2019importanza, sebbene spesso sottovalutata o non colta appieno, rilevante e significativa. Spesso distorta per alimentare ostilit\u00e0 e conflitto, la sfera culturale pu\u00f2 costituire, infatti, un potente fattore di soggettivazione e di legame, tanto negli aspetti materiali, espressi intorno a luoghi ed oggetti fisici del patrimonio culturale, quanto intorno ai patrimoni immateriali, intangibili, \u201cfatti\u201d di narrazioni e simboli, figure ed eventi, celebrazioni e pratiche rituali.<\/p>\n<p>&nbsp;<\/p>\n<p>Il riconoscimento dei giacimenti culturali e la valorizzazione dei luoghi della memoria, che, a propria volta, costituiscono punti di sedimentazione delle memorie collettive, assurgono a occasioni preziose, contro l\u2019oblio e lo spaesamento, per costruire pace e condivisione. Sul terreno culturale si gioca, infatti, il confronto delle identit\u00e0, multiple e cangianti, e si dipana la sfida del superamento dei conflitti etno-politici. Nello scenario europeo e mediterraneo, spazio continuo di conflitti e di attraversamenti, i Balcani, nucleo e limes d\u2019Europa, esprimono polifonie di voci e di culture, ricche di potenziali di pace, e riverberano possibilit\u00e0 di inclusione e di convivenza. Riprendendo Johan Galtung, infatti: \u00abCondividere insieme l\u2019arte di una cultura dopo l\u2019altra pu\u00f2 gi\u00e0 costituire una costruzione della pace; e ancor di pi\u00f9 esporsi all\u2019arte che crea essa stessa ponti tra le culture. Essi riconosceranno i propri temi, e la loro armonia con le altre culture pu\u00f2 diventare quella tra le culture\u00bb.<\/p>\n<p>&nbsp;<\/p>\n<p>I luoghi del patrimonio culturale, materiale e immateriale, i beni di rilevante interesse storico e culturale, paesaggistico e archeologico, i luoghi della memoria, nell\u2019orizzonte delineato dalla Carta UNESCO e nella prospettiva del \u00abculture-oriented peace-building\u00bb, vale a dire della trasformazione dei conflitti e della costruzione della pace lungo i percorsi individuati dalla \u00abconvergenza tra le culture\u00bb, attraverso il Mediterraneo, irradiano per il futuro, nei Balcani, nel Kosovo post-conflitto, messaggi di trasformazione, di convivenza e di giustizia. Come indica Lisa Schirch, tra gli altri, la sfera culturale pu\u00f2, infatti, consentire \u00aball\u2019\u201cimpossibile\u201d di divenire \u201creale\u201d in quanto le persone possono generare un contesto unico in cui, anche se solo temporaneamente, simboli, messaggi sensibili ed emozioni espresse riescono a comunicare ci\u00f2 che le parole, da sole, non possono\u00bb.<\/p>\n<p>&nbsp;<\/p>\n<p>Nei termini in cui si esprime la Carta UNESCO, in effetti, \u00abuna pace basata esclusivamente sugli accordi politici ed economici tra governi non \u00e8 una pace che possa godere del sincero, unanime e duraturo supporto dei popoli del mondo, laddove, al contrario, la pace deve essere fondata, se non intende fallire, sulla piena solidariet\u00e0, morale e intellettuale, dell\u2019umanit\u00e0\u00bb. Sicch\u00e9, come recita l\u2019art. 1, \u00abscopo dell\u2019UNESCO \u00e8 contribuire alla pace e alla sicurezza promuovendo la cooperazione tra i popoli, attraverso l\u2019educazione, la scienza e la cultura, al fine di promuovere il rispetto universale per la giustizia e lo stato di diritto, i diritti umani e le libert\u00e0 fondamentali\u00bb.<\/p>\n<p>&nbsp;<\/p>\n<p>Occasione di confronto su queste tematiche, la presentazione del volume \u201cOrdalie. Memorie e Memoriali per la Pace e la Convivenza\u201d (Napoli, 2017), Mercoled\u00ec 23 Maggio 2018, ore 17.00, Complesso Monumentale di S. Maria la Nova, Napoli, con gli interventi di Elena Coccia, Consigliera Delegata al Patrimonio Culturale, Citt\u00e0 Metropolitana di Napoli; Amarilis Gutierrez Graffe, Console Generale a Napoli della Repubblica Bolivariana del Venezuela; Immacolata Caruso, Istituto di Studi sulle Societ\u00e0 del Mediterraneo, ISSM &#8211; CNR; Dorotea Giorgi, femminista, Casa Internazionale delle Donne, Trieste; Maria Teresa Iervolino, anglista e boemista, mediatrice culturale; Manuela Marani, esperta di sviluppo territoriale e di cooperazione decentrata; Rosanna Morabito, docente di lingua e letteratura serba e croata, Universit\u00e0 \u201cL\u2019Orientale\u201d, Napoli. L\u2019iniziativa ha il patrocinio della Citt\u00e0 Metropolitana di Napoli e dell\u2019Osservatorio Permanente per il Centro Storico di Napoli Sito UNESCO.<\/p>\n","protected":false},"excerpt":{"rendered":"<p>Nel \u201clavoro di pace\u201d e, nello specifico, nei processi di trasformazione del conflitto e di ri-composizione post-conflitto, il complesso delle forme e delle dinamiche che appartengono all\u2019universo culturale assume un\u2019importanza, sebbene spesso sottovalutata o non colta appieno, rilevante e significativa.&hellip;<\/p>\n","protected":false},"author":986,"featured_media":643110,"comment_status":"closed","ping_status":"closed","sticky":false,"template":"","format":"standard","meta":{"footnotes":""},"categories":[11388,56,47],"tags":[5992,6687,13866,4468,4441,5149,294,8531],"class_list":["post-643109","post","type-post","status-publish","format-standard","has-post-thumbnail","hentry","category-contenuti-originali","category-cultura","category-europa","tag-balcani","tag-convivenza","tag-cultura-16","tag-kosovo","tag-mediterraneo","tag-napoli","tag-pace","tag-unesco-it"],"yoast_head":"<!-- This site is optimized with the Yoast SEO plugin v27.1.1 - https:\/\/yoast.com\/product\/yoast-seo-wordpress\/ -->\n<title>Dal Mediterraneo ai Balcani. Memorie e Culture per la Pace e la Convivenza<\/title>\n<meta name=\"description\" content=\"Nel \u201clavoro di pace\u201d e, nello specifico, nei processi di trasformazione del conflitto e di ri-composizione post-conflitto, il complesso delle forme e\" \/>\n<meta name=\"robots\" content=\"index, follow, max-snippet:-1, max-image-preview:large, max-video-preview:-1\" \/>\n<link rel=\"canonical\" href=\"https:\/\/www.pressenza.com\/it\/2018\/05\/dal-mediterraneo-ai-balcani-memorie-culture-la-pace-la-convivenza\/\" \/>\n<meta property=\"og:locale\" content=\"it_IT\" \/>\n<meta property=\"og:type\" content=\"article\" \/>\n<meta property=\"og:title\" content=\"Dal Mediterraneo ai Balcani. Memorie e Culture per la Pace e la Convivenza\" \/>\n<meta property=\"og:description\" content=\"Nel \u201clavoro di pace\u201d e, nello specifico, nei processi di trasformazione del conflitto e di ri-composizione post-conflitto, il complesso delle forme e\" \/>\n<meta property=\"og:url\" content=\"https:\/\/www.pressenza.com\/it\/2018\/05\/dal-mediterraneo-ai-balcani-memorie-culture-la-pace-la-convivenza\/\" \/>\n<meta property=\"og:site_name\" content=\"Pressenza\" \/>\n<meta property=\"article:publisher\" content=\"https:\/\/www.facebook.com\/PressenzaItalia\" \/>\n<meta property=\"article:published_time\" content=\"2018-05-20T09:54:19+00:00\" \/>\n<meta property=\"og:image\" content=\"https:\/\/www.pressenza.com\/wp-content\/uploads\/2018\/05\/Foto-ORDALIE-JPG.jpg\" \/>\n\t<meta property=\"og:image:width\" content=\"1291\" \/>\n\t<meta property=\"og:image:height\" content=\"1000\" \/>\n\t<meta property=\"og:image:type\" content=\"image\/jpeg\" \/>\n<meta name=\"author\" content=\"Gianmarco Pisa\" \/>\n<meta name=\"twitter:card\" content=\"summary_large_image\" \/>\n<meta name=\"twitter:creator\" content=\"@PressenzaIPA\" \/>\n<meta name=\"twitter:site\" content=\"@PressenzaIPA\" \/>\n<meta name=\"twitter:label1\" content=\"Scritto da\" \/>\n\t<meta name=\"twitter:data1\" content=\"Gianmarco Pisa\" \/>\n\t<meta name=\"twitter:label2\" content=\"Tempo di lettura stimato\" \/>\n\t<meta name=\"twitter:data2\" content=\"3 minuti\" \/>\n<script type=\"application\/ld+json\" class=\"yoast-schema-graph\">{\"@context\":\"https:\/\/schema.org\",\"@graph\":[{\"@type\":\"Article\",\"@id\":\"https:\/\/www.pressenza.com\/it\/2018\/05\/dal-mediterraneo-ai-balcani-memorie-culture-la-pace-la-convivenza\/#article\",\"isPartOf\":{\"@id\":\"https:\/\/www.pressenza.com\/it\/2018\/05\/dal-mediterraneo-ai-balcani-memorie-culture-la-pace-la-convivenza\/\"},\"author\":{\"name\":\"Gianmarco Pisa\",\"@id\":\"https:\/\/www.pressenza.com\/it\/#\/schema\/person\/065812a20954baed70c01f7c30620d66\"},\"headline\":\"Dal Mediterraneo ai Balcani. Memorie e Culture per la Pace e la Convivenza\",\"datePublished\":\"2018-05-20T09:54:19+00:00\",\"mainEntityOfPage\":{\"@id\":\"https:\/\/www.pressenza.com\/it\/2018\/05\/dal-mediterraneo-ai-balcani-memorie-culture-la-pace-la-convivenza\/\"},\"wordCount\":634,\"publisher\":{\"@id\":\"https:\/\/www.pressenza.com\/it\/#organization\"},\"image\":{\"@id\":\"https:\/\/www.pressenza.com\/it\/2018\/05\/dal-mediterraneo-ai-balcani-memorie-culture-la-pace-la-convivenza\/#primaryimage\"},\"thumbnailUrl\":\"https:\/\/www.pressenza.com\/wp-content\/uploads\/2018\/05\/Foto-ORDALIE-JPG.jpg\",\"keywords\":[\"Balcani\",\"convivenza\",\"cultura\",\"Kosovo\",\"Mediterraneo\",\"Napoli\",\"Pace\",\"UNESCO\"],\"articleSection\":[\"contenuti originali\",\"Cultura e Media\",\"Europa\"],\"inLanguage\":\"it-IT\"},{\"@type\":\"WebPage\",\"@id\":\"https:\/\/www.pressenza.com\/it\/2018\/05\/dal-mediterraneo-ai-balcani-memorie-culture-la-pace-la-convivenza\/\",\"url\":\"https:\/\/www.pressenza.com\/it\/2018\/05\/dal-mediterraneo-ai-balcani-memorie-culture-la-pace-la-convivenza\/\",\"name\":\"Dal Mediterraneo ai Balcani. Memorie e Culture per la Pace e la Convivenza\",\"isPartOf\":{\"@id\":\"https:\/\/www.pressenza.com\/it\/#website\"},\"primaryImageOfPage\":{\"@id\":\"https:\/\/www.pressenza.com\/it\/2018\/05\/dal-mediterraneo-ai-balcani-memorie-culture-la-pace-la-convivenza\/#primaryimage\"},\"image\":{\"@id\":\"https:\/\/www.pressenza.com\/it\/2018\/05\/dal-mediterraneo-ai-balcani-memorie-culture-la-pace-la-convivenza\/#primaryimage\"},\"thumbnailUrl\":\"https:\/\/www.pressenza.com\/wp-content\/uploads\/2018\/05\/Foto-ORDALIE-JPG.jpg\",\"datePublished\":\"2018-05-20T09:54:19+00:00\",\"description\":\"Nel \u201clavoro di pace\u201d e, nello specifico, nei processi di trasformazione del conflitto e di ri-composizione post-conflitto, il complesso delle forme e\",\"breadcrumb\":{\"@id\":\"https:\/\/www.pressenza.com\/it\/2018\/05\/dal-mediterraneo-ai-balcani-memorie-culture-la-pace-la-convivenza\/#breadcrumb\"},\"inLanguage\":\"it-IT\",\"potentialAction\":[{\"@type\":\"ReadAction\",\"target\":[\"https:\/\/www.pressenza.com\/it\/2018\/05\/dal-mediterraneo-ai-balcani-memorie-culture-la-pace-la-convivenza\/\"]}]},{\"@type\":\"ImageObject\",\"inLanguage\":\"it-IT\",\"@id\":\"https:\/\/www.pressenza.com\/it\/2018\/05\/dal-mediterraneo-ai-balcani-memorie-culture-la-pace-la-convivenza\/#primaryimage\",\"url\":\"https:\/\/www.pressenza.com\/wp-content\/uploads\/2018\/05\/Foto-ORDALIE-JPG.jpg\",\"contentUrl\":\"https:\/\/www.pressenza.com\/wp-content\/uploads\/2018\/05\/Foto-ORDALIE-JPG.jpg\",\"width\":1291,\"height\":1000},{\"@type\":\"BreadcrumbList\",\"@id\":\"https:\/\/www.pressenza.com\/it\/2018\/05\/dal-mediterraneo-ai-balcani-memorie-culture-la-pace-la-convivenza\/#breadcrumb\",\"itemListElement\":[{\"@type\":\"ListItem\",\"position\":1,\"name\":\"Accueil\",\"item\":\"https:\/\/www.pressenza.com\/it\/\"},{\"@type\":\"ListItem\",\"position\":2,\"name\":\"Dal Mediterraneo ai Balcani. Memorie e Culture per la Pace e la Convivenza\"}]},{\"@type\":\"WebSite\",\"@id\":\"https:\/\/www.pressenza.com\/it\/#website\",\"url\":\"https:\/\/www.pressenza.com\/it\/\",\"name\":\"Pressenza\",\"description\":\"Agenzia di Stampa Internazionale\",\"publisher\":{\"@id\":\"https:\/\/www.pressenza.com\/it\/#organization\"},\"potentialAction\":[{\"@type\":\"SearchAction\",\"target\":{\"@type\":\"EntryPoint\",\"urlTemplate\":\"https:\/\/www.pressenza.com\/it\/?s={search_term_string}\"},\"query-input\":{\"@type\":\"PropertyValueSpecification\",\"valueRequired\":true,\"valueName\":\"search_term_string\"}}],\"inLanguage\":\"it-IT\"},{\"@type\":\"Organization\",\"@id\":\"https:\/\/www.pressenza.com\/it\/#organization\",\"name\":\"Pressenza\",\"url\":\"https:\/\/www.pressenza.com\/it\/\",\"logo\":{\"@type\":\"ImageObject\",\"inLanguage\":\"it-IT\",\"@id\":\"https:\/\/www.pressenza.com\/it\/#\/schema\/logo\/image\/\",\"url\":\"https:\/\/www.pressenza.com\/wp-content\/uploads\/2022\/10\/pressenza_logo_200x200.jpg\",\"contentUrl\":\"https:\/\/www.pressenza.com\/wp-content\/uploads\/2022\/10\/pressenza_logo_200x200.jpg\",\"width\":200,\"height\":200,\"caption\":\"Pressenza\"},\"image\":{\"@id\":\"https:\/\/www.pressenza.com\/it\/#\/schema\/logo\/image\/\"},\"sameAs\":[\"https:\/\/www.facebook.com\/PressenzaItalia\",\"https:\/\/x.com\/PressenzaIPA\"]},{\"@type\":\"Person\",\"@id\":\"https:\/\/www.pressenza.com\/it\/#\/schema\/person\/065812a20954baed70c01f7c30620d66\",\"name\":\"Gianmarco Pisa\",\"url\":\"https:\/\/www.pressenza.com\/it\/author\/gianmarco-pisa\/\"}]}<\/script>\n<!-- \/ Yoast SEO plugin. -->","yoast_head_json":{"title":"Dal Mediterraneo ai Balcani. Memorie e Culture per la Pace e la Convivenza","description":"Nel \u201clavoro di pace\u201d e, nello specifico, nei processi di trasformazione del conflitto e di ri-composizione post-conflitto, il complesso delle forme e","robots":{"index":"index","follow":"follow","max-snippet":"max-snippet:-1","max-image-preview":"max-image-preview:large","max-video-preview":"max-video-preview:-1"},"canonical":"https:\/\/www.pressenza.com\/it\/2018\/05\/dal-mediterraneo-ai-balcani-memorie-culture-la-pace-la-convivenza\/","og_locale":"it_IT","og_type":"article","og_title":"Dal Mediterraneo ai Balcani. Memorie e Culture per la Pace e la Convivenza","og_description":"Nel \u201clavoro di pace\u201d e, nello specifico, nei processi di trasformazione del conflitto e di ri-composizione post-conflitto, il complesso delle forme e","og_url":"https:\/\/www.pressenza.com\/it\/2018\/05\/dal-mediterraneo-ai-balcani-memorie-culture-la-pace-la-convivenza\/","og_site_name":"Pressenza","article_publisher":"https:\/\/www.facebook.com\/PressenzaItalia","article_published_time":"2018-05-20T09:54:19+00:00","og_image":[{"width":1291,"height":1000,"url":"https:\/\/www.pressenza.com\/wp-content\/uploads\/2018\/05\/Foto-ORDALIE-JPG.jpg","type":"image\/jpeg"}],"author":"Gianmarco Pisa","twitter_card":"summary_large_image","twitter_creator":"@PressenzaIPA","twitter_site":"@PressenzaIPA","twitter_misc":{"Scritto da":"Gianmarco Pisa","Tempo di lettura stimato":"3 minuti"},"schema":{"@context":"https:\/\/schema.org","@graph":[{"@type":"Article","@id":"https:\/\/www.pressenza.com\/it\/2018\/05\/dal-mediterraneo-ai-balcani-memorie-culture-la-pace-la-convivenza\/#article","isPartOf":{"@id":"https:\/\/www.pressenza.com\/it\/2018\/05\/dal-mediterraneo-ai-balcani-memorie-culture-la-pace-la-convivenza\/"},"author":{"name":"Gianmarco Pisa","@id":"https:\/\/www.pressenza.com\/it\/#\/schema\/person\/065812a20954baed70c01f7c30620d66"},"headline":"Dal Mediterraneo ai Balcani. Memorie e Culture per la Pace e la Convivenza","datePublished":"2018-05-20T09:54:19+00:00","mainEntityOfPage":{"@id":"https:\/\/www.pressenza.com\/it\/2018\/05\/dal-mediterraneo-ai-balcani-memorie-culture-la-pace-la-convivenza\/"},"wordCount":634,"publisher":{"@id":"https:\/\/www.pressenza.com\/it\/#organization"},"image":{"@id":"https:\/\/www.pressenza.com\/it\/2018\/05\/dal-mediterraneo-ai-balcani-memorie-culture-la-pace-la-convivenza\/#primaryimage"},"thumbnailUrl":"https:\/\/www.pressenza.com\/wp-content\/uploads\/2018\/05\/Foto-ORDALIE-JPG.jpg","keywords":["Balcani","convivenza","cultura","Kosovo","Mediterraneo","Napoli","Pace","UNESCO"],"articleSection":["contenuti originali","Cultura e Media","Europa"],"inLanguage":"it-IT"},{"@type":"WebPage","@id":"https:\/\/www.pressenza.com\/it\/2018\/05\/dal-mediterraneo-ai-balcani-memorie-culture-la-pace-la-convivenza\/","url":"https:\/\/www.pressenza.com\/it\/2018\/05\/dal-mediterraneo-ai-balcani-memorie-culture-la-pace-la-convivenza\/","name":"Dal Mediterraneo ai Balcani. Memorie e Culture per la Pace e la Convivenza","isPartOf":{"@id":"https:\/\/www.pressenza.com\/it\/#website"},"primaryImageOfPage":{"@id":"https:\/\/www.pressenza.com\/it\/2018\/05\/dal-mediterraneo-ai-balcani-memorie-culture-la-pace-la-convivenza\/#primaryimage"},"image":{"@id":"https:\/\/www.pressenza.com\/it\/2018\/05\/dal-mediterraneo-ai-balcani-memorie-culture-la-pace-la-convivenza\/#primaryimage"},"thumbnailUrl":"https:\/\/www.pressenza.com\/wp-content\/uploads\/2018\/05\/Foto-ORDALIE-JPG.jpg","datePublished":"2018-05-20T09:54:19+00:00","description":"Nel \u201clavoro di pace\u201d e, nello specifico, nei processi di trasformazione del conflitto e di ri-composizione post-conflitto, il complesso delle forme e","breadcrumb":{"@id":"https:\/\/www.pressenza.com\/it\/2018\/05\/dal-mediterraneo-ai-balcani-memorie-culture-la-pace-la-convivenza\/#breadcrumb"},"inLanguage":"it-IT","potentialAction":[{"@type":"ReadAction","target":["https:\/\/www.pressenza.com\/it\/2018\/05\/dal-mediterraneo-ai-balcani-memorie-culture-la-pace-la-convivenza\/"]}]},{"@type":"ImageObject","inLanguage":"it-IT","@id":"https:\/\/www.pressenza.com\/it\/2018\/05\/dal-mediterraneo-ai-balcani-memorie-culture-la-pace-la-convivenza\/#primaryimage","url":"https:\/\/www.pressenza.com\/wp-content\/uploads\/2018\/05\/Foto-ORDALIE-JPG.jpg","contentUrl":"https:\/\/www.pressenza.com\/wp-content\/uploads\/2018\/05\/Foto-ORDALIE-JPG.jpg","width":1291,"height":1000},{"@type":"BreadcrumbList","@id":"https:\/\/www.pressenza.com\/it\/2018\/05\/dal-mediterraneo-ai-balcani-memorie-culture-la-pace-la-convivenza\/#breadcrumb","itemListElement":[{"@type":"ListItem","position":1,"name":"Accueil","item":"https:\/\/www.pressenza.com\/it\/"},{"@type":"ListItem","position":2,"name":"Dal Mediterraneo ai Balcani. Memorie e Culture per la Pace e la Convivenza"}]},{"@type":"WebSite","@id":"https:\/\/www.pressenza.com\/it\/#website","url":"https:\/\/www.pressenza.com\/it\/","name":"Pressenza","description":"Agenzia di Stampa Internazionale","publisher":{"@id":"https:\/\/www.pressenza.com\/it\/#organization"},"potentialAction":[{"@type":"SearchAction","target":{"@type":"EntryPoint","urlTemplate":"https:\/\/www.pressenza.com\/it\/?s={search_term_string}"},"query-input":{"@type":"PropertyValueSpecification","valueRequired":true,"valueName":"search_term_string"}}],"inLanguage":"it-IT"},{"@type":"Organization","@id":"https:\/\/www.pressenza.com\/it\/#organization","name":"Pressenza","url":"https:\/\/www.pressenza.com\/it\/","logo":{"@type":"ImageObject","inLanguage":"it-IT","@id":"https:\/\/www.pressenza.com\/it\/#\/schema\/logo\/image\/","url":"https:\/\/www.pressenza.com\/wp-content\/uploads\/2022\/10\/pressenza_logo_200x200.jpg","contentUrl":"https:\/\/www.pressenza.com\/wp-content\/uploads\/2022\/10\/pressenza_logo_200x200.jpg","width":200,"height":200,"caption":"Pressenza"},"image":{"@id":"https:\/\/www.pressenza.com\/it\/#\/schema\/logo\/image\/"},"sameAs":["https:\/\/www.facebook.com\/PressenzaItalia","https:\/\/x.com\/PressenzaIPA"]},{"@type":"Person","@id":"https:\/\/www.pressenza.com\/it\/#\/schema\/person\/065812a20954baed70c01f7c30620d66","name":"Gianmarco Pisa","url":"https:\/\/www.pressenza.com\/it\/author\/gianmarco-pisa\/"}]}},"place":"","original_article_url":"","_links":{"self":[{"href":"https:\/\/www.pressenza.com\/it\/wp-json\/wp\/v2\/posts\/643109","targetHints":{"allow":["GET"]}}],"collection":[{"href":"https:\/\/www.pressenza.com\/it\/wp-json\/wp\/v2\/posts"}],"about":[{"href":"https:\/\/www.pressenza.com\/it\/wp-json\/wp\/v2\/types\/post"}],"author":[{"embeddable":true,"href":"https:\/\/www.pressenza.com\/it\/wp-json\/wp\/v2\/users\/986"}],"replies":[{"embeddable":true,"href":"https:\/\/www.pressenza.com\/it\/wp-json\/wp\/v2\/comments?post=643109"}],"version-history":[{"count":0,"href":"https:\/\/www.pressenza.com\/it\/wp-json\/wp\/v2\/posts\/643109\/revisions"}],"wp:featuredmedia":[{"embeddable":true,"href":"https:\/\/www.pressenza.com\/it\/wp-json\/wp\/v2\/media\/643110"}],"wp:attachment":[{"href":"https:\/\/www.pressenza.com\/it\/wp-json\/wp\/v2\/media?parent=643109"}],"wp:term":[{"taxonomy":"category","embeddable":true,"href":"https:\/\/www.pressenza.com\/it\/wp-json\/wp\/v2\/categories?post=643109"},{"taxonomy":"post_tag","embeddable":true,"href":"https:\/\/www.pressenza.com\/it\/wp-json\/wp\/v2\/tags?post=643109"}],"curies":[{"name":"wp","href":"https:\/\/api.w.org\/{rel}","templated":true}]}}