{"id":642776,"date":"2018-05-18T20:46:58","date_gmt":"2018-05-18T19:46:58","guid":{"rendered":"https:\/\/www.pressenza.com\/?p=642776"},"modified":"2018-05-19T19:30:25","modified_gmt":"2018-05-19T18:30:25","slug":"comunicato-congiunto-asgi-rete-lenford-sul-convegno-verona-richiedenti-asilo-orientamento-sessuale-identita-genere-del-25-maggio-2018","status":"publish","type":"post","link":"https:\/\/www.pressenza.com\/it\/2018\/05\/comunicato-congiunto-asgi-rete-lenford-sul-convegno-verona-richiedenti-asilo-orientamento-sessuale-identita-genere-del-25-maggio-2018\/","title":{"rendered":"Comunicato congiunto ASGI \u2013 Rete Lenford sul convegno di Verona \u201dRichiedenti asilo :orientamento sessuale e identit\u00e0 di genere\u201d del\u00a0 25 maggio 2018"},"content":{"rendered":"<p>Esprimiamo sconcerto per\u00a0<a href=\"http:\/\/www.univr.it\/main?ent=catdoc&amp;id=6703&amp;idDest=7&amp;sServ=78&amp;serv=76#6880\" target=\"_blank\" rel=\"noopener\" data-cke-saved-href=\"http:\/\/www.univr.it\/main?ent=catdoc&amp;id=6703&amp;idDest=7&amp;sServ=78&amp;serv=76#6880\">la decisione adottata unilateralmente dal Rettore dell\u2019Universit\u00e0 di Verona<\/a>\u00a0di annullare l\u2019evento programmato per il 25 maggio prossimo su \u201c<a href=\"https:\/\/www.asgi.it\/agenda\/richiedenti-asilo-orientamento-sessuale-e-identita-di-genere\/\" target=\"_blank\" rel=\"noopener\" data-cke-saved-href=\"https:\/\/www.asgi.it\/agenda\/richiedenti-asilo-orientamento-sessuale-e-identita-di-genere\/\">Richiedenti asilo : orientamento sessuale ed identit\u00e0 di genere<\/a>\u201d a cui avevamo contribuito.<\/p>\n<p>Si tratta di una decisione con la quale l\u2019Universit\u00e0 cede alle intimidazioni che sono sopraggiunte da formazioni di estrema destra che cos\u00ec hanno raggiunto l\u2019obiettivo di impedire lo svolgimento di un convegno di grande rilievo e spessore scientifico su un tema complesso sul quale vi \u00e8 la necessit\u00e0 di approfondimento e riflessione, tema che coinvolge i diritti fondamentali delle persone e la loro dignit\u00e0 e che non pu\u00f2 essere relegato a \u201ctema politicamente ed eticamente controverso\u201d.<\/p>\n<p>Purtroppo, sul piano simbolico, ci\u00f2 accade proprio\u00a0<a href=\"https:\/\/dayagainsthomophobia.org\/\" target=\"_blank\" rel=\"noopener\" data-cke-saved-href=\"https:\/\/dayagainsthomophobia.org\/\">nella giornata internazionale dedicata alla lotta all\u2019omofobia<\/a>.<\/p>\n<p>Nel richiamare quanto previsto dagli artt. 21 e 33 della Costituzione Italiana, fondanti la Repubblica antifascista e che sanciscono che tutti hanno diritto di manifestare liberamente il proprio pensiero e che l\u2019arte e la scienza sono libere e libero ne \u00e8 l\u2019insegnamento, evidenziamo come l\u2019Universit\u00e0 dovrebbe essere sempre e in ogni circostanza un luogo aperto di discussione e riflessione, non cedendo il passo a bieche strumentalizzazioni politiche e a minacce liberticide.<\/p>\n<p>Chiediamo con forza che nei luoghi pubblici quali l\u2019Universit\u00e0 venga garantito uno spazio di libera discussione e manteniamo ferma la volont\u00e0 di continuare nella promozione ed organizzazione in Veneto, come su tutto il territorio nazionale, di iniziative scientifiche volte all\u2019approfondimento e alla sensibilizzazione sulle tematiche inerenti i diritti fondamentali.<\/p>\n","protected":false},"excerpt":{"rendered":"<p>Esprimiamo sconcerto per\u00a0la decisione adottata unilateralmente dal Rettore dell\u2019Universit\u00e0 di Verona\u00a0di annullare l\u2019evento programmato per il 25 maggio prossimo su \u201cRichiedenti asilo : orientamento sessuale ed identit\u00e0 di genere\u201d a cui avevamo contribuito. Si tratta di una decisione con la&hellip;<\/p>\n","protected":false},"author":1399,"featured_media":642777,"comment_status":"closed","ping_status":"closed","sticky":false,"template":"","format":"standard","meta":{"footnotes":""},"categories":[150,47,1261],"tags":[46225,46224,2808,9424],"class_list":["post-642776","post","type-post","status-publish","format-standard","has-post-thumbnail","hentry","category-comunicati-stampa","category-europa","category-diversita","tag-identita-di-genere","tag-orientamento-sessuale","tag-universita","tag-verona"],"yoast_head":"<!-- This site is optimized with the Yoast SEO plugin v27.1.1 - https:\/\/yoast.com\/product\/yoast-seo-wordpress\/ -->\n<title>Comunicato congiunto ASGI \u2013 Rete Lenford sul convegno di Verona \u201dRichiedenti asilo :orientamento sessuale e identit\u00e0 di genere\u201d del\u00a0 25 maggio 2018<\/title>\n<meta name=\"description\" content=\"Esprimiamo sconcerto per\u00a0la decisione adottata unilateralmente dal Rettore dell\u2019Universit\u00e0 di Verona\u00a0di annullare l\u2019evento programmato per il 25 maggio\" \/>\n<meta name=\"robots\" content=\"index, follow, max-snippet:-1, max-image-preview:large, max-video-preview:-1\" \/>\n<link rel=\"canonical\" href=\"https:\/\/www.pressenza.com\/it\/2018\/05\/comunicato-congiunto-asgi-rete-lenford-sul-convegno-verona-richiedenti-asilo-orientamento-sessuale-identita-genere-del-25-maggio-2018\/\" \/>\n<meta property=\"og:locale\" content=\"it_IT\" \/>\n<meta property=\"og:type\" content=\"article\" \/>\n<meta property=\"og:title\" content=\"Comunicato congiunto ASGI \u2013 Rete Lenford sul convegno di Verona \u201dRichiedenti asilo :orientamento sessuale e identit\u00e0 di genere\u201d del\u00a0 25 maggio 2018\" \/>\n<meta property=\"og:description\" content=\"Esprimiamo sconcerto per\u00a0la decisione adottata unilateralmente dal Rettore dell\u2019Universit\u00e0 di Verona\u00a0di annullare l\u2019evento programmato per il 25 maggio\" \/>\n<meta property=\"og:url\" content=\"https:\/\/www.pressenza.com\/it\/2018\/05\/comunicato-congiunto-asgi-rete-lenford-sul-convegno-verona-richiedenti-asilo-orientamento-sessuale-identita-genere-del-25-maggio-2018\/\" \/>\n<meta property=\"og:site_name\" content=\"Pressenza\" \/>\n<meta property=\"article:publisher\" content=\"https:\/\/www.facebook.com\/PressenzaItalia\" \/>\n<meta property=\"article:published_time\" content=\"2018-05-18T19:46:58+00:00\" \/>\n<meta property=\"article:modified_time\" content=\"2018-05-19T18:30:25+00:00\" \/>\n<meta property=\"og:image\" content=\"https:\/\/www.pressenza.com\/wp-content\/uploads\/2018\/05\/header_asgi.png\" \/>\n\t<meta property=\"og:image:width\" content=\"604\" \/>\n\t<meta property=\"og:image:height\" content=\"84\" \/>\n\t<meta property=\"og:image:type\" content=\"image\/png\" \/>\n<meta name=\"author\" content=\"ASGI Associazione per gli studi giuridici sull\u2019immigrazione\" \/>\n<meta name=\"twitter:card\" content=\"summary_large_image\" \/>\n<meta name=\"twitter:creator\" content=\"@asgi_it\" \/>\n<meta name=\"twitter:site\" content=\"@PressenzaIPA\" \/>\n<meta name=\"twitter:label1\" content=\"Scritto da\" \/>\n\t<meta name=\"twitter:data1\" content=\"ASGI Associazione per gli studi giuridici sull\u2019immigrazione\" \/>\n\t<meta name=\"twitter:label2\" content=\"Tempo di lettura stimato\" \/>\n\t<meta name=\"twitter:data2\" content=\"1 minuto\" \/>\n<script type=\"application\/ld+json\" class=\"yoast-schema-graph\">{\"@context\":\"https:\/\/schema.org\",\"@graph\":[{\"@type\":\"Article\",\"@id\":\"https:\/\/www.pressenza.com\/it\/2018\/05\/comunicato-congiunto-asgi-rete-lenford-sul-convegno-verona-richiedenti-asilo-orientamento-sessuale-identita-genere-del-25-maggio-2018\/#article\",\"isPartOf\":{\"@id\":\"https:\/\/www.pressenza.com\/it\/2018\/05\/comunicato-congiunto-asgi-rete-lenford-sul-convegno-verona-richiedenti-asilo-orientamento-sessuale-identita-genere-del-25-maggio-2018\/\"},\"author\":{\"name\":\"ASGI Associazione per gli studi giuridici sull\u2019immigrazione\",\"@id\":\"https:\/\/www.pressenza.com\/it\/#\/schema\/person\/b7b0caf788af126e7c3da8fee8954a1c\"},\"headline\":\"Comunicato congiunto ASGI \u2013 Rete Lenford sul convegno di Verona \u201dRichiedenti asilo :orientamento sessuale e identit\u00e0 di genere\u201d del\u00a0 25 maggio 2018\",\"datePublished\":\"2018-05-18T19:46:58+00:00\",\"dateModified\":\"2018-05-19T18:30:25+00:00\",\"mainEntityOfPage\":{\"@id\":\"https:\/\/www.pressenza.com\/it\/2018\/05\/comunicato-congiunto-asgi-rete-lenford-sul-convegno-verona-richiedenti-asilo-orientamento-sessuale-identita-genere-del-25-maggio-2018\/\"},\"wordCount\":268,\"publisher\":{\"@id\":\"https:\/\/www.pressenza.com\/it\/#organization\"},\"image\":{\"@id\":\"https:\/\/www.pressenza.com\/it\/2018\/05\/comunicato-congiunto-asgi-rete-lenford-sul-convegno-verona-richiedenti-asilo-orientamento-sessuale-identita-genere-del-25-maggio-2018\/#primaryimage\"},\"thumbnailUrl\":\"https:\/\/www.pressenza.com\/wp-content\/uploads\/2018\/05\/header_asgi.png\",\"keywords\":[\"identit\u00e0 di genere\",\"orientamento sessuale\",\"universit\u00e0\",\"Verona\"],\"articleSection\":[\"Comunicati Stampa\",\"Europa\",\"Non discriminazione\"],\"inLanguage\":\"it-IT\"},{\"@type\":\"WebPage\",\"@id\":\"https:\/\/www.pressenza.com\/it\/2018\/05\/comunicato-congiunto-asgi-rete-lenford-sul-convegno-verona-richiedenti-asilo-orientamento-sessuale-identita-genere-del-25-maggio-2018\/\",\"url\":\"https:\/\/www.pressenza.com\/it\/2018\/05\/comunicato-congiunto-asgi-rete-lenford-sul-convegno-verona-richiedenti-asilo-orientamento-sessuale-identita-genere-del-25-maggio-2018\/\",\"name\":\"Comunicato congiunto ASGI \u2013 Rete Lenford sul convegno di Verona \u201dRichiedenti asilo :orientamento sessuale e identit\u00e0 di genere\u201d del\u00a0 25 maggio 2018\",\"isPartOf\":{\"@id\":\"https:\/\/www.pressenza.com\/it\/#website\"},\"primaryImageOfPage\":{\"@id\":\"https:\/\/www.pressenza.com\/it\/2018\/05\/comunicato-congiunto-asgi-rete-lenford-sul-convegno-verona-richiedenti-asilo-orientamento-sessuale-identita-genere-del-25-maggio-2018\/#primaryimage\"},\"image\":{\"@id\":\"https:\/\/www.pressenza.com\/it\/2018\/05\/comunicato-congiunto-asgi-rete-lenford-sul-convegno-verona-richiedenti-asilo-orientamento-sessuale-identita-genere-del-25-maggio-2018\/#primaryimage\"},\"thumbnailUrl\":\"https:\/\/www.pressenza.com\/wp-content\/uploads\/2018\/05\/header_asgi.png\",\"datePublished\":\"2018-05-18T19:46:58+00:00\",\"dateModified\":\"2018-05-19T18:30:25+00:00\",\"description\":\"Esprimiamo sconcerto per\u00a0la decisione adottata unilateralmente dal Rettore dell\u2019Universit\u00e0 di Verona\u00a0di annullare l\u2019evento programmato per il 25 maggio\",\"breadcrumb\":{\"@id\":\"https:\/\/www.pressenza.com\/it\/2018\/05\/comunicato-congiunto-asgi-rete-lenford-sul-convegno-verona-richiedenti-asilo-orientamento-sessuale-identita-genere-del-25-maggio-2018\/#breadcrumb\"},\"inLanguage\":\"it-IT\",\"potentialAction\":[{\"@type\":\"ReadAction\",\"target\":[\"https:\/\/www.pressenza.com\/it\/2018\/05\/comunicato-congiunto-asgi-rete-lenford-sul-convegno-verona-richiedenti-asilo-orientamento-sessuale-identita-genere-del-25-maggio-2018\/\"]}]},{\"@type\":\"ImageObject\",\"inLanguage\":\"it-IT\",\"@id\":\"https:\/\/www.pressenza.com\/it\/2018\/05\/comunicato-congiunto-asgi-rete-lenford-sul-convegno-verona-richiedenti-asilo-orientamento-sessuale-identita-genere-del-25-maggio-2018\/#primaryimage\",\"url\":\"https:\/\/www.pressenza.com\/wp-content\/uploads\/2018\/05\/header_asgi.png\",\"contentUrl\":\"https:\/\/www.pressenza.com\/wp-content\/uploads\/2018\/05\/header_asgi.png\",\"width\":604,\"height\":84},{\"@type\":\"BreadcrumbList\",\"@id\":\"https:\/\/www.pressenza.com\/it\/2018\/05\/comunicato-congiunto-asgi-rete-lenford-sul-convegno-verona-richiedenti-asilo-orientamento-sessuale-identita-genere-del-25-maggio-2018\/#breadcrumb\",\"itemListElement\":[{\"@type\":\"ListItem\",\"position\":1,\"name\":\"Accueil\",\"item\":\"https:\/\/www.pressenza.com\/it\/\"},{\"@type\":\"ListItem\",\"position\":2,\"name\":\"Comunicato congiunto ASGI \u2013 Rete Lenford sul convegno di Verona \u201dRichiedenti asilo :orientamento sessuale e identit\u00e0 di genere\u201d del\u00a0 25 maggio 2018\"}]},{\"@type\":\"WebSite\",\"@id\":\"https:\/\/www.pressenza.com\/it\/#website\",\"url\":\"https:\/\/www.pressenza.com\/it\/\",\"name\":\"Pressenza\",\"description\":\"Agenzia di Stampa Internazionale\",\"publisher\":{\"@id\":\"https:\/\/www.pressenza.com\/it\/#organization\"},\"potentialAction\":[{\"@type\":\"SearchAction\",\"target\":{\"@type\":\"EntryPoint\",\"urlTemplate\":\"https:\/\/www.pressenza.com\/it\/?s={search_term_string}\"},\"query-input\":{\"@type\":\"PropertyValueSpecification\",\"valueRequired\":true,\"valueName\":\"search_term_string\"}}],\"inLanguage\":\"it-IT\"},{\"@type\":\"Organization\",\"@id\":\"https:\/\/www.pressenza.com\/it\/#organization\",\"name\":\"Pressenza\",\"url\":\"https:\/\/www.pressenza.com\/it\/\",\"logo\":{\"@type\":\"ImageObject\",\"inLanguage\":\"it-IT\",\"@id\":\"https:\/\/www.pressenza.com\/it\/#\/schema\/logo\/image\/\",\"url\":\"https:\/\/www.pressenza.com\/wp-content\/uploads\/2022\/10\/pressenza_logo_200x200.jpg\",\"contentUrl\":\"https:\/\/www.pressenza.com\/wp-content\/uploads\/2022\/10\/pressenza_logo_200x200.jpg\",\"width\":200,\"height\":200,\"caption\":\"Pressenza\"},\"image\":{\"@id\":\"https:\/\/www.pressenza.com\/it\/#\/schema\/logo\/image\/\"},\"sameAs\":[\"https:\/\/www.facebook.com\/PressenzaItalia\",\"https:\/\/x.com\/PressenzaIPA\"]},{\"@type\":\"Person\",\"@id\":\"https:\/\/www.pressenza.com\/it\/#\/schema\/person\/b7b0caf788af126e7c3da8fee8954a1c\",\"name\":\"ASGI Associazione per gli studi giuridici sull\u2019immigrazione\",\"description\":\"http:\/\/www.asgi.it\/\",\"sameAs\":[\"http:\/\/www.asgi.it\/\",\"https:\/\/x.com\/asgi_it\"],\"url\":\"https:\/\/www.pressenza.com\/it\/author\/asgi\/\"}]}<\/script>\n<!-- \/ Yoast SEO plugin. -->","yoast_head_json":{"title":"Comunicato congiunto ASGI \u2013 Rete Lenford sul convegno di Verona \u201dRichiedenti asilo :orientamento sessuale e identit\u00e0 di genere\u201d del\u00a0 25 maggio 2018","description":"Esprimiamo sconcerto per\u00a0la decisione adottata unilateralmente dal Rettore dell\u2019Universit\u00e0 di Verona\u00a0di annullare l\u2019evento programmato per il 25 maggio","robots":{"index":"index","follow":"follow","max-snippet":"max-snippet:-1","max-image-preview":"max-image-preview:large","max-video-preview":"max-video-preview:-1"},"canonical":"https:\/\/www.pressenza.com\/it\/2018\/05\/comunicato-congiunto-asgi-rete-lenford-sul-convegno-verona-richiedenti-asilo-orientamento-sessuale-identita-genere-del-25-maggio-2018\/","og_locale":"it_IT","og_type":"article","og_title":"Comunicato congiunto ASGI \u2013 Rete Lenford sul convegno di Verona \u201dRichiedenti asilo :orientamento sessuale e identit\u00e0 di genere\u201d del\u00a0 25 maggio 2018","og_description":"Esprimiamo sconcerto per\u00a0la decisione adottata unilateralmente dal Rettore dell\u2019Universit\u00e0 di Verona\u00a0di annullare l\u2019evento programmato per il 25 maggio","og_url":"https:\/\/www.pressenza.com\/it\/2018\/05\/comunicato-congiunto-asgi-rete-lenford-sul-convegno-verona-richiedenti-asilo-orientamento-sessuale-identita-genere-del-25-maggio-2018\/","og_site_name":"Pressenza","article_publisher":"https:\/\/www.facebook.com\/PressenzaItalia","article_published_time":"2018-05-18T19:46:58+00:00","article_modified_time":"2018-05-19T18:30:25+00:00","og_image":[{"width":604,"height":84,"url":"https:\/\/www.pressenza.com\/wp-content\/uploads\/2018\/05\/header_asgi.png","type":"image\/png"}],"author":"ASGI Associazione per gli studi giuridici sull\u2019immigrazione","twitter_card":"summary_large_image","twitter_creator":"@asgi_it","twitter_site":"@PressenzaIPA","twitter_misc":{"Scritto da":"ASGI Associazione per gli studi giuridici sull\u2019immigrazione","Tempo di lettura stimato":"1 minuto"},"schema":{"@context":"https:\/\/schema.org","@graph":[{"@type":"Article","@id":"https:\/\/www.pressenza.com\/it\/2018\/05\/comunicato-congiunto-asgi-rete-lenford-sul-convegno-verona-richiedenti-asilo-orientamento-sessuale-identita-genere-del-25-maggio-2018\/#article","isPartOf":{"@id":"https:\/\/www.pressenza.com\/it\/2018\/05\/comunicato-congiunto-asgi-rete-lenford-sul-convegno-verona-richiedenti-asilo-orientamento-sessuale-identita-genere-del-25-maggio-2018\/"},"author":{"name":"ASGI Associazione per gli studi giuridici sull\u2019immigrazione","@id":"https:\/\/www.pressenza.com\/it\/#\/schema\/person\/b7b0caf788af126e7c3da8fee8954a1c"},"headline":"Comunicato congiunto ASGI \u2013 Rete Lenford sul convegno di Verona \u201dRichiedenti asilo :orientamento sessuale e identit\u00e0 di genere\u201d del\u00a0 25 maggio 2018","datePublished":"2018-05-18T19:46:58+00:00","dateModified":"2018-05-19T18:30:25+00:00","mainEntityOfPage":{"@id":"https:\/\/www.pressenza.com\/it\/2018\/05\/comunicato-congiunto-asgi-rete-lenford-sul-convegno-verona-richiedenti-asilo-orientamento-sessuale-identita-genere-del-25-maggio-2018\/"},"wordCount":268,"publisher":{"@id":"https:\/\/www.pressenza.com\/it\/#organization"},"image":{"@id":"https:\/\/www.pressenza.com\/it\/2018\/05\/comunicato-congiunto-asgi-rete-lenford-sul-convegno-verona-richiedenti-asilo-orientamento-sessuale-identita-genere-del-25-maggio-2018\/#primaryimage"},"thumbnailUrl":"https:\/\/www.pressenza.com\/wp-content\/uploads\/2018\/05\/header_asgi.png","keywords":["identit\u00e0 di genere","orientamento sessuale","universit\u00e0","Verona"],"articleSection":["Comunicati Stampa","Europa","Non discriminazione"],"inLanguage":"it-IT"},{"@type":"WebPage","@id":"https:\/\/www.pressenza.com\/it\/2018\/05\/comunicato-congiunto-asgi-rete-lenford-sul-convegno-verona-richiedenti-asilo-orientamento-sessuale-identita-genere-del-25-maggio-2018\/","url":"https:\/\/www.pressenza.com\/it\/2018\/05\/comunicato-congiunto-asgi-rete-lenford-sul-convegno-verona-richiedenti-asilo-orientamento-sessuale-identita-genere-del-25-maggio-2018\/","name":"Comunicato congiunto ASGI \u2013 Rete Lenford sul convegno di Verona \u201dRichiedenti asilo :orientamento sessuale e identit\u00e0 di genere\u201d del\u00a0 25 maggio 2018","isPartOf":{"@id":"https:\/\/www.pressenza.com\/it\/#website"},"primaryImageOfPage":{"@id":"https:\/\/www.pressenza.com\/it\/2018\/05\/comunicato-congiunto-asgi-rete-lenford-sul-convegno-verona-richiedenti-asilo-orientamento-sessuale-identita-genere-del-25-maggio-2018\/#primaryimage"},"image":{"@id":"https:\/\/www.pressenza.com\/it\/2018\/05\/comunicato-congiunto-asgi-rete-lenford-sul-convegno-verona-richiedenti-asilo-orientamento-sessuale-identita-genere-del-25-maggio-2018\/#primaryimage"},"thumbnailUrl":"https:\/\/www.pressenza.com\/wp-content\/uploads\/2018\/05\/header_asgi.png","datePublished":"2018-05-18T19:46:58+00:00","dateModified":"2018-05-19T18:30:25+00:00","description":"Esprimiamo sconcerto per\u00a0la decisione adottata unilateralmente dal Rettore dell\u2019Universit\u00e0 di Verona\u00a0di annullare l\u2019evento programmato per il 25 maggio","breadcrumb":{"@id":"https:\/\/www.pressenza.com\/it\/2018\/05\/comunicato-congiunto-asgi-rete-lenford-sul-convegno-verona-richiedenti-asilo-orientamento-sessuale-identita-genere-del-25-maggio-2018\/#breadcrumb"},"inLanguage":"it-IT","potentialAction":[{"@type":"ReadAction","target":["https:\/\/www.pressenza.com\/it\/2018\/05\/comunicato-congiunto-asgi-rete-lenford-sul-convegno-verona-richiedenti-asilo-orientamento-sessuale-identita-genere-del-25-maggio-2018\/"]}]},{"@type":"ImageObject","inLanguage":"it-IT","@id":"https:\/\/www.pressenza.com\/it\/2018\/05\/comunicato-congiunto-asgi-rete-lenford-sul-convegno-verona-richiedenti-asilo-orientamento-sessuale-identita-genere-del-25-maggio-2018\/#primaryimage","url":"https:\/\/www.pressenza.com\/wp-content\/uploads\/2018\/05\/header_asgi.png","contentUrl":"https:\/\/www.pressenza.com\/wp-content\/uploads\/2018\/05\/header_asgi.png","width":604,"height":84},{"@type":"BreadcrumbList","@id":"https:\/\/www.pressenza.com\/it\/2018\/05\/comunicato-congiunto-asgi-rete-lenford-sul-convegno-verona-richiedenti-asilo-orientamento-sessuale-identita-genere-del-25-maggio-2018\/#breadcrumb","itemListElement":[{"@type":"ListItem","position":1,"name":"Accueil","item":"https:\/\/www.pressenza.com\/it\/"},{"@type":"ListItem","position":2,"name":"Comunicato congiunto ASGI \u2013 Rete Lenford sul convegno di Verona \u201dRichiedenti asilo :orientamento sessuale e identit\u00e0 di genere\u201d del\u00a0 25 maggio 2018"}]},{"@type":"WebSite","@id":"https:\/\/www.pressenza.com\/it\/#website","url":"https:\/\/www.pressenza.com\/it\/","name":"Pressenza","description":"Agenzia di Stampa Internazionale","publisher":{"@id":"https:\/\/www.pressenza.com\/it\/#organization"},"potentialAction":[{"@type":"SearchAction","target":{"@type":"EntryPoint","urlTemplate":"https:\/\/www.pressenza.com\/it\/?s={search_term_string}"},"query-input":{"@type":"PropertyValueSpecification","valueRequired":true,"valueName":"search_term_string"}}],"inLanguage":"it-IT"},{"@type":"Organization","@id":"https:\/\/www.pressenza.com\/it\/#organization","name":"Pressenza","url":"https:\/\/www.pressenza.com\/it\/","logo":{"@type":"ImageObject","inLanguage":"it-IT","@id":"https:\/\/www.pressenza.com\/it\/#\/schema\/logo\/image\/","url":"https:\/\/www.pressenza.com\/wp-content\/uploads\/2022\/10\/pressenza_logo_200x200.jpg","contentUrl":"https:\/\/www.pressenza.com\/wp-content\/uploads\/2022\/10\/pressenza_logo_200x200.jpg","width":200,"height":200,"caption":"Pressenza"},"image":{"@id":"https:\/\/www.pressenza.com\/it\/#\/schema\/logo\/image\/"},"sameAs":["https:\/\/www.facebook.com\/PressenzaItalia","https:\/\/x.com\/PressenzaIPA"]},{"@type":"Person","@id":"https:\/\/www.pressenza.com\/it\/#\/schema\/person\/b7b0caf788af126e7c3da8fee8954a1c","name":"ASGI Associazione per gli studi giuridici sull\u2019immigrazione","description":"http:\/\/www.asgi.it\/","sameAs":["http:\/\/www.asgi.it\/","https:\/\/x.com\/asgi_it"],"url":"https:\/\/www.pressenza.com\/it\/author\/asgi\/"}]}},"place":"","original_article_url":"","_links":{"self":[{"href":"https:\/\/www.pressenza.com\/it\/wp-json\/wp\/v2\/posts\/642776","targetHints":{"allow":["GET"]}}],"collection":[{"href":"https:\/\/www.pressenza.com\/it\/wp-json\/wp\/v2\/posts"}],"about":[{"href":"https:\/\/www.pressenza.com\/it\/wp-json\/wp\/v2\/types\/post"}],"author":[{"embeddable":true,"href":"https:\/\/www.pressenza.com\/it\/wp-json\/wp\/v2\/users\/1399"}],"replies":[{"embeddable":true,"href":"https:\/\/www.pressenza.com\/it\/wp-json\/wp\/v2\/comments?post=642776"}],"version-history":[{"count":0,"href":"https:\/\/www.pressenza.com\/it\/wp-json\/wp\/v2\/posts\/642776\/revisions"}],"wp:featuredmedia":[{"embeddable":true,"href":"https:\/\/www.pressenza.com\/it\/wp-json\/wp\/v2\/media\/642777"}],"wp:attachment":[{"href":"https:\/\/www.pressenza.com\/it\/wp-json\/wp\/v2\/media?parent=642776"}],"wp:term":[{"taxonomy":"category","embeddable":true,"href":"https:\/\/www.pressenza.com\/it\/wp-json\/wp\/v2\/categories?post=642776"},{"taxonomy":"post_tag","embeddable":true,"href":"https:\/\/www.pressenza.com\/it\/wp-json\/wp\/v2\/tags?post=642776"}],"curies":[{"name":"wp","href":"https:\/\/api.w.org\/{rel}","templated":true}]}}