{"id":642115,"date":"2018-05-17T17:04:08","date_gmt":"2018-05-17T16:04:08","guid":{"rendered":"https:\/\/www.pressenza.com\/?p=642115"},"modified":"2018-05-17T17:04:08","modified_gmt":"2018-05-17T16:04:08","slug":"potere-al-popolo-governo-verra","status":"publish","type":"post","link":"https:\/\/www.pressenza.com\/it\/2018\/05\/potere-al-popolo-governo-verra\/","title":{"rendered":"Potere al popolo e il governo che verr\u00e0"},"content":{"rendered":"<p><strong>Il coordinamento nazionale di Potere al Popolo, di fronte alla evoluzione della crisi politica ed al possibile governo Lega M5S, assume i seguenti primi orientamenti e giudizi\u2026<\/strong><\/p>\n<p>1) Vanno respinte al mittente le ingerenze della tecnocrazia e degli organi della UE e della NATO. Il popolo italiano deve riconquistare il diritto alla piena applicazione dei principi contenuti nella prima parte della Costituzione repubblicana, continuamente messi in discussione dalle politiche di austerit\u00e0 della UE e guerrafondaie della NATO.<\/p>\n<p>\u00c8 vergognoso che nessuno dei leader delle forze politiche presenti in Parlamento e il Presidente della Repubblica abbia speso una parola di condanna a Israele per la criminale strage di palestinesi.<\/p>\n<p>2) Rispetto al governo che si profila, sulla base delle indiscrezioni e delle dichiarazioni sul programma, Potere al Popolo si schiera in ferma e radicale opposizione. Contrasteremo le misure repressive e autoritarie che si annunciano verso i migranti, i poveri, il dissenso ed il conflitto sociale, misure che raccolgono la violenta eredit\u00e0 delle leggi Minniti Orlando.<\/p>\n<p>Ci opporremo alle misure fiscali a favore dei ricchi, come la flat tax, in nome dell\u2019eguaglianza, della difesa e dello sviluppo dello stato sociale. Chiederemo la cancellazione totale e non parziale della legge Fornero, cos\u00ec come della famigerata Buona Scuola. Il reddito di cittadinanza dovr\u00e0 essere una misura strutturale e incondizionata, non l\u2019estensione delle tenui misure assistenziali del governo Gentiloni.<\/p>\n<p>Per il Mezzogiorno, che vede il suo voto di protesta tradito, lotteremo per l\u2019applicazione di misure specifiche, in deroga al pareggio di bilancio, per far cos\u00ec ripartire l\u2019occupazione e arginare povert\u00e0 ed emigrazione.<\/p>\n<p>Come da nostro programma, chiederemo la rottura con i vincoli UE e NATO, a partire dal rigetto del Fiscal Compact, dal taglio alle spese militari, dal ritiro delle missioni all\u2019estero, dal rifiuto di installare nuove bombe atomiche in Italia. Verificheremo i timidi e contraddittori intenti programmatici di Lega e M5S di voler ridiscutere quei vincoli a partire dalle vicinissime scadenze UE e NATO con cui si dovranno subito misurare, e smaschereremo ogni falsa promessa.<\/p>\n<p>3) Per queste ragioni la nostra opposizione al governo Lega M5S non avr\u00e0 nulla a che vedere con quella euro-atlantica, rappresentata dal PD e dai residui berlusconiani e interpretata dalla grande stampa a partire dal quotidiano La Repubblica.<\/p>\n<p>Quell\u2019opposizione liberista e guerrafondaia sostiene posizioni contro le quali ci siamo sempre battuti e continueremo a batterci. L\u2019alternativa al governo Lega M5S non deve essere il ritorno alle compatibilit\u00e0, alle politiche di austerit\u00e0 che in tutta Europa hanno devastato lo stato sociale e i diritti del lavoro. Non pu\u00f2 essere la fedelt\u00e0 alle politiche guerrafondaie di NATO, USA, Israele. Potere al Popolo si batter\u00e0 dunque per una vera alternativa sia al governo Lega-M5S, sia agli ex governanti PD e berlusconiani.<\/p>\n<p>La nostra opposizione sar\u00e0 nel nome dell\u2019eguaglianza sociale, della democrazia, della pace e sar\u00e0 una opposizione sociale e politica, con il compito primario di organizzare mobilitazione e conflitto.<\/p>\n<p><strong>Questi primi giudizi verranno portati all\u2019<a href=\"https:\/\/poterealpopolo.org\/events\/napoli-4a-assemblea-nazionale-di-potere-al-popolo\/\">assemblea di Potere al Popolo del 26\/27 a Napoli<\/a>, per essere verificati, approfonditi, ampliati.<\/strong><\/p>\n<p><strong>\u00a0<\/strong><\/p>\n<p><strong>\u00a0<\/strong><\/p>\n<p>&nbsp;<\/p>\n","protected":false},"excerpt":{"rendered":"<p>Il coordinamento nazionale di Potere al Popolo, di fronte alla evoluzione della crisi politica ed al possibile governo Lega M5S, assume i seguenti primi orientamenti e giudizi\u2026 1) Vanno respinte al mittente le ingerenze della tecnocrazia e degli organi della&hellip;<\/p>\n","protected":false},"author":1515,"featured_media":642116,"comment_status":"closed","ping_status":"closed","sticky":false,"template":"","format":"standard","meta":{"footnotes":""},"categories":[150,47,55],"tags":[46179,778,207,42365,3788,1453],"class_list":["post-642115","post","type-post","status-publish","format-standard","has-post-thumbnail","hentry","category-comunicati-stampa","category-europa","category-politica","tag-governo-lega-m5s","tag-israele","tag-nato","tag-potere-al-popolo","tag-unione-europea","tag-usa-it"],"yoast_head":"<!-- This site is optimized with the Yoast SEO plugin v27.1.1 - https:\/\/yoast.com\/product\/yoast-seo-wordpress\/ -->\n<title>Potere al popolo e il governo che verr\u00e0<\/title>\n<meta name=\"description\" content=\"Il coordinamento nazionale di Potere al Popolo, di fronte alla evoluzione della crisi politica ed al possibile governo Lega M5S, assume i seguenti primi\" \/>\n<meta name=\"robots\" content=\"index, follow, max-snippet:-1, max-image-preview:large, max-video-preview:-1\" \/>\n<link rel=\"canonical\" href=\"https:\/\/www.pressenza.com\/it\/2018\/05\/potere-al-popolo-governo-verra\/\" \/>\n<meta property=\"og:locale\" content=\"it_IT\" \/>\n<meta property=\"og:type\" content=\"article\" \/>\n<meta property=\"og:title\" content=\"Potere al popolo e il governo che verr\u00e0\" \/>\n<meta property=\"og:description\" content=\"Il coordinamento nazionale di Potere al Popolo, di fronte alla evoluzione della crisi politica ed al possibile governo Lega M5S, assume i seguenti primi\" \/>\n<meta property=\"og:url\" content=\"https:\/\/www.pressenza.com\/it\/2018\/05\/potere-al-popolo-governo-verra\/\" \/>\n<meta property=\"og:site_name\" content=\"Pressenza\" \/>\n<meta property=\"article:publisher\" content=\"https:\/\/www.facebook.com\/PressenzaItalia\" \/>\n<meta property=\"article:published_time\" content=\"2018-05-17T16:04:08+00:00\" \/>\n<meta property=\"og:image\" content=\"https:\/\/www.pressenza.com\/wp-content\/uploads\/2018\/05\/2018_05_16_salvini_di_maio.jpg\" \/>\n\t<meta property=\"og:image:width\" content=\"1920\" \/>\n\t<meta property=\"og:image:height\" content=\"1039\" \/>\n\t<meta property=\"og:image:type\" content=\"image\/jpeg\" \/>\n<meta name=\"author\" content=\"Potere Al Popolo\" \/>\n<meta name=\"twitter:card\" content=\"summary_large_image\" \/>\n<meta name=\"twitter:creator\" content=\"@PressenzaIPA\" \/>\n<meta name=\"twitter:site\" content=\"@PressenzaIPA\" \/>\n<meta name=\"twitter:label1\" content=\"Scritto da\" \/>\n\t<meta name=\"twitter:data1\" content=\"Potere Al Popolo\" \/>\n\t<meta name=\"twitter:label2\" content=\"Tempo di lettura stimato\" \/>\n\t<meta name=\"twitter:data2\" content=\"3 minuti\" \/>\n<script type=\"application\/ld+json\" class=\"yoast-schema-graph\">{\"@context\":\"https:\/\/schema.org\",\"@graph\":[{\"@type\":\"Article\",\"@id\":\"https:\/\/www.pressenza.com\/it\/2018\/05\/potere-al-popolo-governo-verra\/#article\",\"isPartOf\":{\"@id\":\"https:\/\/www.pressenza.com\/it\/2018\/05\/potere-al-popolo-governo-verra\/\"},\"author\":{\"name\":\"Potere Al Popolo\",\"@id\":\"https:\/\/www.pressenza.com\/it\/#\/schema\/person\/d82b464065b17ccca8a55d1e444cceeb\"},\"headline\":\"Potere al popolo e il governo che verr\u00e0\",\"datePublished\":\"2018-05-17T16:04:08+00:00\",\"mainEntityOfPage\":{\"@id\":\"https:\/\/www.pressenza.com\/it\/2018\/05\/potere-al-popolo-governo-verra\/\"},\"wordCount\":514,\"publisher\":{\"@id\":\"https:\/\/www.pressenza.com\/it\/#organization\"},\"image\":{\"@id\":\"https:\/\/www.pressenza.com\/it\/2018\/05\/potere-al-popolo-governo-verra\/#primaryimage\"},\"thumbnailUrl\":\"https:\/\/www.pressenza.com\/wp-content\/uploads\/2018\/05\/2018_05_16_salvini_di_maio.jpg\",\"keywords\":[\"governo Lega M5S\",\"Israele\",\"NATO\",\"Potere al popolo\",\"Unione Europea\",\"USA\"],\"articleSection\":[\"Comunicati Stampa\",\"Europa\",\"Politica\"],\"inLanguage\":\"it-IT\"},{\"@type\":\"WebPage\",\"@id\":\"https:\/\/www.pressenza.com\/it\/2018\/05\/potere-al-popolo-governo-verra\/\",\"url\":\"https:\/\/www.pressenza.com\/it\/2018\/05\/potere-al-popolo-governo-verra\/\",\"name\":\"Potere al popolo e il governo che verr\u00e0\",\"isPartOf\":{\"@id\":\"https:\/\/www.pressenza.com\/it\/#website\"},\"primaryImageOfPage\":{\"@id\":\"https:\/\/www.pressenza.com\/it\/2018\/05\/potere-al-popolo-governo-verra\/#primaryimage\"},\"image\":{\"@id\":\"https:\/\/www.pressenza.com\/it\/2018\/05\/potere-al-popolo-governo-verra\/#primaryimage\"},\"thumbnailUrl\":\"https:\/\/www.pressenza.com\/wp-content\/uploads\/2018\/05\/2018_05_16_salvini_di_maio.jpg\",\"datePublished\":\"2018-05-17T16:04:08+00:00\",\"description\":\"Il coordinamento nazionale di Potere al Popolo, di fronte alla evoluzione della crisi politica ed al possibile governo Lega M5S, assume i seguenti primi\",\"breadcrumb\":{\"@id\":\"https:\/\/www.pressenza.com\/it\/2018\/05\/potere-al-popolo-governo-verra\/#breadcrumb\"},\"inLanguage\":\"it-IT\",\"potentialAction\":[{\"@type\":\"ReadAction\",\"target\":[\"https:\/\/www.pressenza.com\/it\/2018\/05\/potere-al-popolo-governo-verra\/\"]}]},{\"@type\":\"ImageObject\",\"inLanguage\":\"it-IT\",\"@id\":\"https:\/\/www.pressenza.com\/it\/2018\/05\/potere-al-popolo-governo-verra\/#primaryimage\",\"url\":\"https:\/\/www.pressenza.com\/wp-content\/uploads\/2018\/05\/2018_05_16_salvini_di_maio.jpg\",\"contentUrl\":\"https:\/\/www.pressenza.com\/wp-content\/uploads\/2018\/05\/2018_05_16_salvini_di_maio.jpg\",\"width\":1920,\"height\":1039},{\"@type\":\"BreadcrumbList\",\"@id\":\"https:\/\/www.pressenza.com\/it\/2018\/05\/potere-al-popolo-governo-verra\/#breadcrumb\",\"itemListElement\":[{\"@type\":\"ListItem\",\"position\":1,\"name\":\"Accueil\",\"item\":\"https:\/\/www.pressenza.com\/it\/\"},{\"@type\":\"ListItem\",\"position\":2,\"name\":\"Potere al popolo e il governo che verr\u00e0\"}]},{\"@type\":\"WebSite\",\"@id\":\"https:\/\/www.pressenza.com\/it\/#website\",\"url\":\"https:\/\/www.pressenza.com\/it\/\",\"name\":\"Pressenza\",\"description\":\"Agenzia di Stampa Internazionale\",\"publisher\":{\"@id\":\"https:\/\/www.pressenza.com\/it\/#organization\"},\"potentialAction\":[{\"@type\":\"SearchAction\",\"target\":{\"@type\":\"EntryPoint\",\"urlTemplate\":\"https:\/\/www.pressenza.com\/it\/?s={search_term_string}\"},\"query-input\":{\"@type\":\"PropertyValueSpecification\",\"valueRequired\":true,\"valueName\":\"search_term_string\"}}],\"inLanguage\":\"it-IT\"},{\"@type\":\"Organization\",\"@id\":\"https:\/\/www.pressenza.com\/it\/#organization\",\"name\":\"Pressenza\",\"url\":\"https:\/\/www.pressenza.com\/it\/\",\"logo\":{\"@type\":\"ImageObject\",\"inLanguage\":\"it-IT\",\"@id\":\"https:\/\/www.pressenza.com\/it\/#\/schema\/logo\/image\/\",\"url\":\"https:\/\/www.pressenza.com\/wp-content\/uploads\/2022\/10\/pressenza_logo_200x200.jpg\",\"contentUrl\":\"https:\/\/www.pressenza.com\/wp-content\/uploads\/2022\/10\/pressenza_logo_200x200.jpg\",\"width\":200,\"height\":200,\"caption\":\"Pressenza\"},\"image\":{\"@id\":\"https:\/\/www.pressenza.com\/it\/#\/schema\/logo\/image\/\"},\"sameAs\":[\"https:\/\/www.facebook.com\/PressenzaItalia\",\"https:\/\/x.com\/PressenzaIPA\"]},{\"@type\":\"Person\",\"@id\":\"https:\/\/www.pressenza.com\/it\/#\/schema\/person\/d82b464065b17ccca8a55d1e444cceeb\",\"name\":\"Potere Al Popolo\",\"url\":\"https:\/\/www.pressenza.com\/it\/author\/potere-al-popolo\/\"}]}<\/script>\n<!-- \/ Yoast SEO plugin. -->","yoast_head_json":{"title":"Potere al popolo e il governo che verr\u00e0","description":"Il coordinamento nazionale di Potere al Popolo, di fronte alla evoluzione della crisi politica ed al possibile governo Lega M5S, assume i seguenti primi","robots":{"index":"index","follow":"follow","max-snippet":"max-snippet:-1","max-image-preview":"max-image-preview:large","max-video-preview":"max-video-preview:-1"},"canonical":"https:\/\/www.pressenza.com\/it\/2018\/05\/potere-al-popolo-governo-verra\/","og_locale":"it_IT","og_type":"article","og_title":"Potere al popolo e il governo che verr\u00e0","og_description":"Il coordinamento nazionale di Potere al Popolo, di fronte alla evoluzione della crisi politica ed al possibile governo Lega M5S, assume i seguenti primi","og_url":"https:\/\/www.pressenza.com\/it\/2018\/05\/potere-al-popolo-governo-verra\/","og_site_name":"Pressenza","article_publisher":"https:\/\/www.facebook.com\/PressenzaItalia","article_published_time":"2018-05-17T16:04:08+00:00","og_image":[{"width":1920,"height":1039,"url":"https:\/\/www.pressenza.com\/wp-content\/uploads\/2018\/05\/2018_05_16_salvini_di_maio.jpg","type":"image\/jpeg"}],"author":"Potere Al Popolo","twitter_card":"summary_large_image","twitter_creator":"@PressenzaIPA","twitter_site":"@PressenzaIPA","twitter_misc":{"Scritto da":"Potere Al Popolo","Tempo di lettura stimato":"3 minuti"},"schema":{"@context":"https:\/\/schema.org","@graph":[{"@type":"Article","@id":"https:\/\/www.pressenza.com\/it\/2018\/05\/potere-al-popolo-governo-verra\/#article","isPartOf":{"@id":"https:\/\/www.pressenza.com\/it\/2018\/05\/potere-al-popolo-governo-verra\/"},"author":{"name":"Potere Al Popolo","@id":"https:\/\/www.pressenza.com\/it\/#\/schema\/person\/d82b464065b17ccca8a55d1e444cceeb"},"headline":"Potere al popolo e il governo che verr\u00e0","datePublished":"2018-05-17T16:04:08+00:00","mainEntityOfPage":{"@id":"https:\/\/www.pressenza.com\/it\/2018\/05\/potere-al-popolo-governo-verra\/"},"wordCount":514,"publisher":{"@id":"https:\/\/www.pressenza.com\/it\/#organization"},"image":{"@id":"https:\/\/www.pressenza.com\/it\/2018\/05\/potere-al-popolo-governo-verra\/#primaryimage"},"thumbnailUrl":"https:\/\/www.pressenza.com\/wp-content\/uploads\/2018\/05\/2018_05_16_salvini_di_maio.jpg","keywords":["governo Lega M5S","Israele","NATO","Potere al popolo","Unione Europea","USA"],"articleSection":["Comunicati Stampa","Europa","Politica"],"inLanguage":"it-IT"},{"@type":"WebPage","@id":"https:\/\/www.pressenza.com\/it\/2018\/05\/potere-al-popolo-governo-verra\/","url":"https:\/\/www.pressenza.com\/it\/2018\/05\/potere-al-popolo-governo-verra\/","name":"Potere al popolo e il governo che verr\u00e0","isPartOf":{"@id":"https:\/\/www.pressenza.com\/it\/#website"},"primaryImageOfPage":{"@id":"https:\/\/www.pressenza.com\/it\/2018\/05\/potere-al-popolo-governo-verra\/#primaryimage"},"image":{"@id":"https:\/\/www.pressenza.com\/it\/2018\/05\/potere-al-popolo-governo-verra\/#primaryimage"},"thumbnailUrl":"https:\/\/www.pressenza.com\/wp-content\/uploads\/2018\/05\/2018_05_16_salvini_di_maio.jpg","datePublished":"2018-05-17T16:04:08+00:00","description":"Il coordinamento nazionale di Potere al Popolo, di fronte alla evoluzione della crisi politica ed al possibile governo Lega M5S, assume i seguenti primi","breadcrumb":{"@id":"https:\/\/www.pressenza.com\/it\/2018\/05\/potere-al-popolo-governo-verra\/#breadcrumb"},"inLanguage":"it-IT","potentialAction":[{"@type":"ReadAction","target":["https:\/\/www.pressenza.com\/it\/2018\/05\/potere-al-popolo-governo-verra\/"]}]},{"@type":"ImageObject","inLanguage":"it-IT","@id":"https:\/\/www.pressenza.com\/it\/2018\/05\/potere-al-popolo-governo-verra\/#primaryimage","url":"https:\/\/www.pressenza.com\/wp-content\/uploads\/2018\/05\/2018_05_16_salvini_di_maio.jpg","contentUrl":"https:\/\/www.pressenza.com\/wp-content\/uploads\/2018\/05\/2018_05_16_salvini_di_maio.jpg","width":1920,"height":1039},{"@type":"BreadcrumbList","@id":"https:\/\/www.pressenza.com\/it\/2018\/05\/potere-al-popolo-governo-verra\/#breadcrumb","itemListElement":[{"@type":"ListItem","position":1,"name":"Accueil","item":"https:\/\/www.pressenza.com\/it\/"},{"@type":"ListItem","position":2,"name":"Potere al popolo e il governo che verr\u00e0"}]},{"@type":"WebSite","@id":"https:\/\/www.pressenza.com\/it\/#website","url":"https:\/\/www.pressenza.com\/it\/","name":"Pressenza","description":"Agenzia di Stampa Internazionale","publisher":{"@id":"https:\/\/www.pressenza.com\/it\/#organization"},"potentialAction":[{"@type":"SearchAction","target":{"@type":"EntryPoint","urlTemplate":"https:\/\/www.pressenza.com\/it\/?s={search_term_string}"},"query-input":{"@type":"PropertyValueSpecification","valueRequired":true,"valueName":"search_term_string"}}],"inLanguage":"it-IT"},{"@type":"Organization","@id":"https:\/\/www.pressenza.com\/it\/#organization","name":"Pressenza","url":"https:\/\/www.pressenza.com\/it\/","logo":{"@type":"ImageObject","inLanguage":"it-IT","@id":"https:\/\/www.pressenza.com\/it\/#\/schema\/logo\/image\/","url":"https:\/\/www.pressenza.com\/wp-content\/uploads\/2022\/10\/pressenza_logo_200x200.jpg","contentUrl":"https:\/\/www.pressenza.com\/wp-content\/uploads\/2022\/10\/pressenza_logo_200x200.jpg","width":200,"height":200,"caption":"Pressenza"},"image":{"@id":"https:\/\/www.pressenza.com\/it\/#\/schema\/logo\/image\/"},"sameAs":["https:\/\/www.facebook.com\/PressenzaItalia","https:\/\/x.com\/PressenzaIPA"]},{"@type":"Person","@id":"https:\/\/www.pressenza.com\/it\/#\/schema\/person\/d82b464065b17ccca8a55d1e444cceeb","name":"Potere Al Popolo","url":"https:\/\/www.pressenza.com\/it\/author\/potere-al-popolo\/"}]}},"place":"","original_article_url":"","_links":{"self":[{"href":"https:\/\/www.pressenza.com\/it\/wp-json\/wp\/v2\/posts\/642115","targetHints":{"allow":["GET"]}}],"collection":[{"href":"https:\/\/www.pressenza.com\/it\/wp-json\/wp\/v2\/posts"}],"about":[{"href":"https:\/\/www.pressenza.com\/it\/wp-json\/wp\/v2\/types\/post"}],"author":[{"embeddable":true,"href":"https:\/\/www.pressenza.com\/it\/wp-json\/wp\/v2\/users\/1515"}],"replies":[{"embeddable":true,"href":"https:\/\/www.pressenza.com\/it\/wp-json\/wp\/v2\/comments?post=642115"}],"version-history":[{"count":0,"href":"https:\/\/www.pressenza.com\/it\/wp-json\/wp\/v2\/posts\/642115\/revisions"}],"wp:featuredmedia":[{"embeddable":true,"href":"https:\/\/www.pressenza.com\/it\/wp-json\/wp\/v2\/media\/642116"}],"wp:attachment":[{"href":"https:\/\/www.pressenza.com\/it\/wp-json\/wp\/v2\/media?parent=642115"}],"wp:term":[{"taxonomy":"category","embeddable":true,"href":"https:\/\/www.pressenza.com\/it\/wp-json\/wp\/v2\/categories?post=642115"},{"taxonomy":"post_tag","embeddable":true,"href":"https:\/\/www.pressenza.com\/it\/wp-json\/wp\/v2\/tags?post=642115"}],"curies":[{"name":"wp","href":"https:\/\/api.w.org\/{rel}","templated":true}]}}