{"id":641612,"date":"2018-05-16T12:38:48","date_gmt":"2018-05-16T11:38:48","guid":{"rendered":"https:\/\/www.pressenza.com\/?p=641612"},"modified":"2018-05-16T12:40:14","modified_gmt":"2018-05-16T11:40:14","slug":"il-kit-degli-strumenti-per-la-nonviolenza-attiva-proposte-per-il-forum-umanista-europeo","status":"publish","type":"post","link":"https:\/\/www.pressenza.com\/it\/2018\/05\/il-kit-degli-strumenti-per-la-nonviolenza-attiva-proposte-per-il-forum-umanista-europeo\/","title":{"rendered":"Il kit degli strumenti per la nonviolenza attiva, proposte per il Forum Umanista Europeo"},"content":{"rendered":"<p>Nel maggio 1969 Silo tenne, in un remoto avamposto delle Ande argentine, un discorso, <em><a href=\"http:\/\/www.silo.net\/system\/documents\/3\/original\/1969_ital.rtf\">La guarigione della sofferenza<\/a><\/em>, che oggi potrebbe essere visto come il lancio di un Manifesto di Nonviolenza Attiva. Egli faceva\u00a0 riferimento alla violenza non solo fisica, ma anche economica, razziale, religiosa, psicologica e morale. Concluse il suo discorso invitando tutti a portare la Pace in se stessi e a portarla agli altri.<\/p>\n<p>Questo ha stimolato numerosi progetti di nonviolenza, che hanno raggiunto anche gli angoli pi\u00f9 remoti del pianeta, nel campo della cultura (La Comunit\u00e0 per lo Sviluppo Umano), della politica, (Il Partito Umanista, il movimento antiguerra\/antinucleare\/antiviolenza &#8211; Mondo senza Guerre e Violenza) della diversit\u00e0\/antidiscriminazione (Convergenza delle Culture), degli studi accademici (Centro Mondiale di Studi Umanisti, Educazione \u2013 COPEHU) e dei media (Pressenza), e fatto nascere molti altri fronti d&#8217;azione su temi locali e mondiali, nonch\u00e9 vettori di nonviolenza di una nuova spiritualit\u00e0 (Messaggio di Silo). La <a href=\"http:\/\/www.theworldmarch.org\/\">Marcia Mondiale per la Pace e la Nonviolenza<\/a> 2009-2010 ha portato nel mondo questo messaggio e il suo secondo capitolo \u00e8 in preparazione per il 2019-2020.<\/p>\n<p>Il Forum Umanista Europeo tenutosi l&#8217;11-13 maggio a Madrid con la partecipazione di una grande variet\u00e0 di organizzazioni e relatori continuer\u00e0, con la sua lunga storia e molti attori (con un particolare ringraziamento a M. Gandhi e M.L. King per i loro esempi e contributi), il compito di tradurre le idee della nonviolenza in nuove proposte di Nonviolenza Attiva da diffondere in tutto il mondo.<\/p>\n<p><strong>Alcune semplici cose per sfidare gli equilibri di potere<\/strong><\/p>\n<p>Senza dubbio stiamo vivendo nel mondo di oggi un livello di crudelt\u00e0 con cui \u00e8 difficile convivere. Non \u00e8 chiaro se ci sia pi\u00f9 crudelt\u00e0 che in passato (mi vengono in mente vari genocidi), ma forse oggi come mai prima d&#8217;ora alcuni ostentano la crudelt\u00e0 come un distintivo d&#8217;onore, come un diritto acquisito attraverso il successo in un sistema disumanizzato. E anche se la crudelt\u00e0 di oggi \u00e8 paragonabile a quella del passato, dovremmo avere imparato di pi\u00f9, dovremmo conoscerla meglio, dovremmo comportarci meglio. Osserviamo con orrore la presenza surrealista di alcuni leader veramente crudeli ora al governo. E&#8217; come un incubo. Come ci siamo arrivati? Come \u00e8 possibile e, cosa ancora pi\u00f9 importante, come possiamo uscire da questo pasticcio?<\/p>\n<p>Il commercio di armi \u00e8 promosso dalle guerre. Le immagini televisive delle armi in azione funzionano come vere e proprie operazioni di marketing. Ci\u00f2 che \u00e8 meno noto \u00e8 che i politici sono spesso azionisti o banchieri di investimento (come nel caso del marito del primo ministro britannico Theresa May) che beneficiano delle guerre. Ci\u00f2 influirebbe sul loro processo decisionale? Probabile.<\/p>\n<p>Allo stesso modo, possiamo constatare che molti rappresentanti politici hanno interessi finanziari nei confronti dei fornitori privati di assistenza sanitaria che si contendono contratti e quindi hanno maggiori probabilit\u00e0 di approvare una legislazione che promuova un&#8217;assistenza sanitaria privata, elitaria e restrittiva, per non parlare della distruzione dell&#8217;assistenza sanitaria pubblica, come il sistema sanitario nazionale britannico, estremamente efficiente dal punto di vista dei costi.<\/p>\n<p>Allo stesso modo i consulenti locali assegnatari di appalti a imprese edili o sono essi stessi membri del consiglio di amministrazione o si sono lasciati viziare da vacanze, cene costose e altri &#8220;vantaggi&#8221; del lavoro. Quando i contratti vengono assegnati ai fornitori di &#8220;privilegi&#8221;, i consiglieri negano di aver fatto qualcosa di illegale, e questo \u00e8 vero, perch\u00e9 il sistema \u00e8 stato progettato per premiare la cleptocrazia e la corruzione.<\/p>\n<p>Tali conflitti di interesse (che si qualificano facilmente come una forma di violenza perch\u00e9 le persone spesso muoiono o si trovano in una situazione di indicibile difficolt\u00e0 a causa di queste azioni) potrebbero essere facilmente portati all&#8217;attenzione dell&#8217;elettorato se i candidati a cariche politiche fossero tenuti a dichiarare i loro interessi finanziari e quelli dei loro parenti stretti al momento della loro selezione da parte dei rispettivi partiti, prima delle elezioni.<\/p>\n<p>E nel caso in cui riescano a ingannare l&#8217;elettorato e a farsi eleggere in ogni caso, ci dovrebbero essere strade chiare per un referendum di revoca se si scopre che hanno un conflitto di interesse di questo tipo dopo essere stati eletti. Ci\u00f2 dovrebbe valere anche per i governi che non rispettano gli impegni assunti in sede di campagna elettorale. Questo \u00e8 nel manifesto del Partito Umanista fin dai suoi inizi.<\/p>\n<p><strong>Riportare notizie in modo che alimentino le fiamme della violenza<\/strong><\/p>\n<p>A seconda della parte da cui arriva un notiziario sul conflitto siriano, ci sentiremo infiammati dalle azioni di Assad-Russia-Iran-Hezbollah o da quelle di USA-Arabia Saudita-Israele e alcuni paesi europei. La Turchia fa il ping-pong tra la fedelt\u00e0 alla NATO e l&#8217;odio per i curdi che combattono la jihad. Vari giornalisti incitano a bombardamenti sempre pi\u00f9 numerosi, nessun cambiamento di zona di volo e di regime (nonostante la confusione di quelle strategie creata in Iraq e Libia), mentre altri denunciano il sostegno degli Stati Uniti agli estremisti islamici che cercano di rovesciare Assad.<\/p>\n<p>I rapporti sulle molte ingiustizie e violenze subite dal popolo palestinese diventano virali e promuovono\/ giustificano\/danno un volto apparentemente rispettabile a due millenni e mezzo di antisemitismo gi\u00e0 esistente, rafforzando l&#8217;appoggio degli ebrei a Israele (la sua esistenza come rifugio da olocausti passati e possibili futuri) ma non necessariamente alle sue politiche di governo contro i palestinesi. Una contraddizione che, oltre a uccidere gli attivisti palestinesi impegnati in violenze omicide in risposta all&#8217;oppressione, avvelena la vita soprattutto dei giovani israeliani e dei giovanissimi, alcuni dei quali si rifiutano di prestare servizio militare nei territori occupati e organizzano all&#8217;estero movimenti a favore della Palestina, rischiando di essere ostracizzati dalle loro comunit\u00e0. I due principali artefici della violenza, Netanyahu e quelli come lui, eletti dalla politica della paura, e Hamas, guadagnano il sostegno internazionale attraverso il conteggio dei morti, giocando il gioco l&#8217;uno dell&#8217;altro per sostenersi al potere. Chi, oltre alla popolazione locale, conosce gli sforzi di innumerevoli organizzazioni per la pace in cui ebrei israeliani e palestinesi lavorano fianco a fianco per fermare la violenza, per imparare a convivere pacificamente, per piangere insieme la morte di cari amici e parenti vittime della violenza insensata? Pochissime persone, e quindi tutte le risorse economiche, psicologiche e mediatiche vanno ai protagonisti della violenza.<\/p>\n<p>Il modello che presta tutta l&#8217;attenzione alle fazioni pi\u00f9 violente si ripete in tutti i conflitti: Yemen, Siria, Israele\/Palestina, Venezuela, Congo, ecc.<\/p>\n<p>Naturalmente \u00e8 importante informare e denunciare le violazioni dei diritti umani e l&#8217;ingiustizia sociale, ma qual \u00e8 il ruolo dei media, delle organizzazioni e dei singoli individui che si occupano di non violenza attiva? Forse \u00e8 il momento di sottolineare ed evidenziare il lavoro degli attivisti per la pace al fine di deviare le risorse che sostengono la violenza verso questi gruppi. Ci sono molti esempi di pregiudizi dei grandi media che sostengono la struttura neoliberale, guerre incluse. \u00c8 giunto il momento di rafforzare i mezzi di informazione dei media alternativi e delle reti sociali per sensibilizzare le persone che cercano veramente di creare un mondo non violento.<\/p>\n<p><strong>La compassione, un regalo degli dei<\/strong><\/p>\n<p>Sappiamo pi\u00f9 o meno che una rivoluzione non violenta richiede molto lavoro personale, in quanto essendo cresciuti nel sistema attuale non possiamo evitare di essere condizionati, che ci piaccia o meno, che ne siamo consapevoli o meno, da una parte della sua violenza: fisica, economica, religiosa, razziale, psicologica, morale, sessuale, di genere, di immagine, di et\u00e0, ecologica e nei confronti di se stessi. Pu\u00f2 essere un lavoro duro, pu\u00f2 portare a non gradire molto se stessi scoprendo il razzismo, il sessismo, il classismo, l&#8217;individualismo, ecc. in qualche angolo oscuro della propria psiche. La Nonviolenza Attiva richiede che noi cambiamo non solo per noi stessi, ma anche perch\u00e9 la nostra vita quotidiana trasforma il nostro ambiente circostante e da l\u00ec il mondo intero.<\/p>\n<p>Da dove possiamo iniziare, quindi, senza senso di colpa e dolore per le cose che scopriamo in noi stessi? C&#8217;\u00e8 un&#8217;esperienza guidata, <em><a href=\"http:\/\/www.webmov.org\/italiano\/lav_pers\/06-Esperienze%20Guidate%20mp3\/03_%20futuro\/01_l_azione_che_salva.MP3\">l\u2019Azione che salva<\/a>, <\/em>scritta da Silo, in cui meditiamo su azioni veramente disinteressate gi\u00e0 compiute nella nostra vita. E poi scopriamo che anche senza pensarci abbiamo fatto molto bene agli altri, perch\u00e9 qualcosa dentro di noi ci ha fatto sentire la compassione, l'&#8221;io&#8221; che si \u00e8 ritirato in secondo piano e &#8220;l&#8217;altro&#8221; che \u00e8 diventato il centro della mia attenzione. Cos\u00ec i loro bisogni diventano importanti, i loro sentimenti centrali.<\/p>\n<p>Se riusciamo a mettere a fuoco il sentimento che accompagna l&#8217;esperienza della compassione, possiamo cominciare ad applicarlo intenzionalmente; questa \u00e8 la strada per la riconciliazione con noi stessi e con gli altri, \u00e8 la via per uscire dalla contraddizione, la via per la coerenza e la solidariet\u00e0, che ci porta alla fede con fondamento. Promuovere la regola d&#8217;oro di trattare gli altri nel modo in cui vorremmo essere trattati \u00e8 fondamentale per la Nonviolenza Attiva, \u00e8 una rivoluzione che non dovrebbe essere trascurata. E tutto inizia con la consapevolezza che tutti gli esseri umani vengono in questo mondo dotati di questa incredibile capacit\u00e0 di compassione, e la possibilit\u00e0 che si sviluppi o si trasformi in una crudele non-esistenza individualistica dipende da come orientiamo la societ\u00e0, dipende dalla volont\u00e0 di tutti.<\/p>\n<p><strong>Un mondo costruito sulle virt\u00f9<\/strong><\/p>\n<p>Una problematica inerente \u00e8 quella del nostro condizionamento culturale verso la critica dei nostri coetanei, amici, studenti, colleghi di lavoro, famiglie e noi stessi. Si tratta di una forma sottile di violenza, mascherata da stimolo al miglioramento. Tutti funzionano meglio e migliorano con la consapevolezza dei loro punti di forza e questo \u00e8 ci\u00f2 che la cultura dovrebbe fare, concentrarsi sulle virt\u00f9, farne il centro delle relazioni umane e aiutare le persone a superare le proprie carenze facendo leva sulle loro qualit\u00e0 positive. Questo \u00e8 ci\u00f2 che pu\u00f2 umanizzare l&#8217;istruzione, il lavoro, i quartieri e le nazioni.<\/p>\n<p>La Nonviolenza Attiva \u00e8 qualcosa che pu\u00f2 essere esercitata in qualsiasi momento, dovunque e in qualsiasi condizione. Richiede solo una decisione nel prestare attenzione all&#8217;essere intenzionale piuttosto che meccanica, all&#8217;essere coscienti di se stessi e al vedere la sacralit\u00e0 in se stessi e negli altri.<\/p>\n<p>&nbsp;<\/p>\n<p><em>Traduzione dall\u2019inglese di Annalaura Erroi<\/em><\/p>\n","protected":false},"excerpt":{"rendered":"<p>Nel maggio 1969 Silo tenne, in un remoto avamposto delle Ande argentine, un discorso, La guarigione della sofferenza, che oggi potrebbe essere visto come il lancio di un Manifesto di Nonviolenza Attiva. Egli faceva\u00a0 riferimento alla violenza non solo fisica,&hellip;<\/p>\n","protected":false},"author":66,"featured_media":636035,"comment_status":"closed","ping_status":"closed","sticky":false,"template":"","format":"standard","meta":{"footnotes":""},"categories":[11388,38,162],"tags":[5179,1127,19983,2791],"class_list":["post-641612","post","type-post","status-publish","format-standard","has-post-thumbnail","hentry","category-contenuti-originali","category-internazionale","category-opinioni","tag-nonviolenza-attiva","tag-nuovo-umanesimo","tag-regola-doro","tag-silo-it"],"yoast_head":"<!-- This site is optimized with the Yoast SEO plugin v27.1.1 - https:\/\/yoast.com\/product\/yoast-seo-wordpress\/ -->\n<title>Il kit degli strumenti per la nonviolenza attiva, proposte per il Forum Umanista Europeo<\/title>\n<meta name=\"description\" content=\"Senza dubbio stiamo vivendo nel mondo di oggi un livello di crudelt\u00e0 con cui \u00e8 difficile convivere. E&#039; come un incubo. Come ci siamo arrivati? Come \u00e8 possibile e, cosa ancora pi\u00f9 importante, come possiamo uscire da questo pasticcio?\" \/>\n<meta name=\"robots\" content=\"index, follow, max-snippet:-1, max-image-preview:large, max-video-preview:-1\" \/>\n<link rel=\"canonical\" href=\"https:\/\/www.pressenza.com\/it\/2018\/05\/il-kit-degli-strumenti-per-la-nonviolenza-attiva-proposte-per-il-forum-umanista-europeo\/\" \/>\n<meta property=\"og:locale\" content=\"it_IT\" \/>\n<meta property=\"og:type\" content=\"article\" \/>\n<meta property=\"og:title\" content=\"Il kit degli strumenti per la nonviolenza attiva, proposte per il Forum Umanista Europeo\" \/>\n<meta property=\"og:description\" content=\"Senza dubbio stiamo vivendo nel mondo di oggi un livello di crudelt\u00e0 con cui \u00e8 difficile convivere. E&#039; come un incubo. Come ci siamo arrivati? Come \u00e8 possibile e, cosa ancora pi\u00f9 importante, come possiamo uscire da questo pasticcio?\" \/>\n<meta property=\"og:url\" content=\"https:\/\/www.pressenza.com\/it\/2018\/05\/il-kit-degli-strumenti-per-la-nonviolenza-attiva-proposte-per-il-forum-umanista-europeo\/\" \/>\n<meta property=\"og:site_name\" content=\"Pressenza\" \/>\n<meta property=\"article:publisher\" content=\"https:\/\/www.facebook.com\/PressenzaItalia\" \/>\n<meta property=\"article:author\" content=\"https:\/\/www.facebook.com\/silvia.swinden\" \/>\n<meta property=\"article:published_time\" content=\"2018-05-16T11:38:48+00:00\" \/>\n<meta property=\"article:modified_time\" content=\"2018-05-16T11:40:14+00:00\" \/>\n<meta property=\"og:image\" content=\"https:\/\/www.pressenza.com\/wp-content\/uploads\/2018\/05\/A8560F83-ADF6-4AD7-ACE4-BBDF943EFD69.jpeg\" \/>\n\t<meta property=\"og:image:width\" content=\"1708\" \/>\n\t<meta property=\"og:image:height\" content=\"934\" \/>\n\t<meta property=\"og:image:type\" content=\"image\/jpeg\" \/>\n<meta name=\"author\" content=\"Silvia Swinden\" \/>\n<meta name=\"twitter:card\" content=\"summary_large_image\" \/>\n<meta name=\"twitter:creator\" content=\"@PressenzaIPA\" \/>\n<meta name=\"twitter:site\" content=\"@PressenzaIPA\" \/>\n<meta name=\"twitter:label1\" content=\"Scritto da\" \/>\n\t<meta name=\"twitter:data1\" content=\"Silvia Swinden\" \/>\n\t<meta name=\"twitter:label2\" content=\"Tempo di lettura stimato\" \/>\n\t<meta name=\"twitter:data2\" content=\"8 minuti\" \/>\n<script type=\"application\/ld+json\" class=\"yoast-schema-graph\">{\"@context\":\"https:\/\/schema.org\",\"@graph\":[{\"@type\":\"Article\",\"@id\":\"https:\/\/www.pressenza.com\/it\/2018\/05\/il-kit-degli-strumenti-per-la-nonviolenza-attiva-proposte-per-il-forum-umanista-europeo\/#article\",\"isPartOf\":{\"@id\":\"https:\/\/www.pressenza.com\/it\/2018\/05\/il-kit-degli-strumenti-per-la-nonviolenza-attiva-proposte-per-il-forum-umanista-europeo\/\"},\"author\":{\"name\":\"Silvia Swinden\",\"@id\":\"https:\/\/www.pressenza.com\/it\/#\/schema\/person\/3e897a9ceda3579beea4bb9a93021e17\"},\"headline\":\"Il kit degli strumenti per la nonviolenza attiva, proposte per il Forum Umanista Europeo\",\"datePublished\":\"2018-05-16T11:38:48+00:00\",\"dateModified\":\"2018-05-16T11:40:14+00:00\",\"mainEntityOfPage\":{\"@id\":\"https:\/\/www.pressenza.com\/it\/2018\/05\/il-kit-degli-strumenti-per-la-nonviolenza-attiva-proposte-per-il-forum-umanista-europeo\/\"},\"wordCount\":1672,\"publisher\":{\"@id\":\"https:\/\/www.pressenza.com\/it\/#organization\"},\"image\":{\"@id\":\"https:\/\/www.pressenza.com\/it\/2018\/05\/il-kit-degli-strumenti-per-la-nonviolenza-attiva-proposte-per-il-forum-umanista-europeo\/#primaryimage\"},\"thumbnailUrl\":\"https:\/\/www.pressenza.com\/wp-content\/uploads\/2018\/05\/A8560F83-ADF6-4AD7-ACE4-BBDF943EFD69.jpeg\",\"keywords\":[\"nonviolenza attiva\",\"Nuovo Umanesimo\",\"Regola d'Oro\",\"Silo\"],\"articleSection\":[\"contenuti originali\",\"Internazionale\",\"Opinioni\"],\"inLanguage\":\"it-IT\"},{\"@type\":\"WebPage\",\"@id\":\"https:\/\/www.pressenza.com\/it\/2018\/05\/il-kit-degli-strumenti-per-la-nonviolenza-attiva-proposte-per-il-forum-umanista-europeo\/\",\"url\":\"https:\/\/www.pressenza.com\/it\/2018\/05\/il-kit-degli-strumenti-per-la-nonviolenza-attiva-proposte-per-il-forum-umanista-europeo\/\",\"name\":\"Il kit degli strumenti per la nonviolenza attiva, proposte per il Forum Umanista Europeo\",\"isPartOf\":{\"@id\":\"https:\/\/www.pressenza.com\/it\/#website\"},\"primaryImageOfPage\":{\"@id\":\"https:\/\/www.pressenza.com\/it\/2018\/05\/il-kit-degli-strumenti-per-la-nonviolenza-attiva-proposte-per-il-forum-umanista-europeo\/#primaryimage\"},\"image\":{\"@id\":\"https:\/\/www.pressenza.com\/it\/2018\/05\/il-kit-degli-strumenti-per-la-nonviolenza-attiva-proposte-per-il-forum-umanista-europeo\/#primaryimage\"},\"thumbnailUrl\":\"https:\/\/www.pressenza.com\/wp-content\/uploads\/2018\/05\/A8560F83-ADF6-4AD7-ACE4-BBDF943EFD69.jpeg\",\"datePublished\":\"2018-05-16T11:38:48+00:00\",\"dateModified\":\"2018-05-16T11:40:14+00:00\",\"description\":\"Senza dubbio stiamo vivendo nel mondo di oggi un livello di crudelt\u00e0 con cui \u00e8 difficile convivere. E' come un incubo. Come ci siamo arrivati? Come \u00e8 possibile e, cosa ancora pi\u00f9 importante, come possiamo uscire da questo pasticcio?\",\"breadcrumb\":{\"@id\":\"https:\/\/www.pressenza.com\/it\/2018\/05\/il-kit-degli-strumenti-per-la-nonviolenza-attiva-proposte-per-il-forum-umanista-europeo\/#breadcrumb\"},\"inLanguage\":\"it-IT\",\"potentialAction\":[{\"@type\":\"ReadAction\",\"target\":[\"https:\/\/www.pressenza.com\/it\/2018\/05\/il-kit-degli-strumenti-per-la-nonviolenza-attiva-proposte-per-il-forum-umanista-europeo\/\"]}]},{\"@type\":\"ImageObject\",\"inLanguage\":\"it-IT\",\"@id\":\"https:\/\/www.pressenza.com\/it\/2018\/05\/il-kit-degli-strumenti-per-la-nonviolenza-attiva-proposte-per-il-forum-umanista-europeo\/#primaryimage\",\"url\":\"https:\/\/www.pressenza.com\/wp-content\/uploads\/2018\/05\/A8560F83-ADF6-4AD7-ACE4-BBDF943EFD69.jpeg\",\"contentUrl\":\"https:\/\/www.pressenza.com\/wp-content\/uploads\/2018\/05\/A8560F83-ADF6-4AD7-ACE4-BBDF943EFD69.jpeg\",\"width\":1708,\"height\":934},{\"@type\":\"BreadcrumbList\",\"@id\":\"https:\/\/www.pressenza.com\/it\/2018\/05\/il-kit-degli-strumenti-per-la-nonviolenza-attiva-proposte-per-il-forum-umanista-europeo\/#breadcrumb\",\"itemListElement\":[{\"@type\":\"ListItem\",\"position\":1,\"name\":\"Accueil\",\"item\":\"https:\/\/www.pressenza.com\/it\/\"},{\"@type\":\"ListItem\",\"position\":2,\"name\":\"Il kit degli strumenti per la nonviolenza attiva, proposte per il Forum Umanista Europeo\"}]},{\"@type\":\"WebSite\",\"@id\":\"https:\/\/www.pressenza.com\/it\/#website\",\"url\":\"https:\/\/www.pressenza.com\/it\/\",\"name\":\"Pressenza\",\"description\":\"Agenzia di Stampa Internazionale\",\"publisher\":{\"@id\":\"https:\/\/www.pressenza.com\/it\/#organization\"},\"potentialAction\":[{\"@type\":\"SearchAction\",\"target\":{\"@type\":\"EntryPoint\",\"urlTemplate\":\"https:\/\/www.pressenza.com\/it\/?s={search_term_string}\"},\"query-input\":{\"@type\":\"PropertyValueSpecification\",\"valueRequired\":true,\"valueName\":\"search_term_string\"}}],\"inLanguage\":\"it-IT\"},{\"@type\":\"Organization\",\"@id\":\"https:\/\/www.pressenza.com\/it\/#organization\",\"name\":\"Pressenza\",\"url\":\"https:\/\/www.pressenza.com\/it\/\",\"logo\":{\"@type\":\"ImageObject\",\"inLanguage\":\"it-IT\",\"@id\":\"https:\/\/www.pressenza.com\/it\/#\/schema\/logo\/image\/\",\"url\":\"https:\/\/www.pressenza.com\/wp-content\/uploads\/2022\/10\/pressenza_logo_200x200.jpg\",\"contentUrl\":\"https:\/\/www.pressenza.com\/wp-content\/uploads\/2022\/10\/pressenza_logo_200x200.jpg\",\"width\":200,\"height\":200,\"caption\":\"Pressenza\"},\"image\":{\"@id\":\"https:\/\/www.pressenza.com\/it\/#\/schema\/logo\/image\/\"},\"sameAs\":[\"https:\/\/www.facebook.com\/PressenzaItalia\",\"https:\/\/x.com\/PressenzaIPA\"]},{\"@type\":\"Person\",\"@id\":\"https:\/\/www.pressenza.com\/it\/#\/schema\/person\/3e897a9ceda3579beea4bb9a93021e17\",\"name\":\"Silvia Swinden\",\"description\":\"Silvia Swinden - Author of \u201cFrom Monkey Sapiens to Homo Intentional: The Phenomenology of the Nonviolent Revolution\u201d \u2013 Adonis &amp; Abbey, London 2006. Pressenza London Editor\",\"sameAs\":[\"https:\/\/www.facebook.com\/silvia.swinden\"],\"url\":\"https:\/\/www.pressenza.com\/it\/author\/silvia-swinden\/\"}]}<\/script>\n<!-- \/ Yoast SEO plugin. -->","yoast_head_json":{"title":"Il kit degli strumenti per la nonviolenza attiva, proposte per il Forum Umanista Europeo","description":"Senza dubbio stiamo vivendo nel mondo di oggi un livello di crudelt\u00e0 con cui \u00e8 difficile convivere. E' come un incubo. Come ci siamo arrivati? Come \u00e8 possibile e, cosa ancora pi\u00f9 importante, come possiamo uscire da questo pasticcio?","robots":{"index":"index","follow":"follow","max-snippet":"max-snippet:-1","max-image-preview":"max-image-preview:large","max-video-preview":"max-video-preview:-1"},"canonical":"https:\/\/www.pressenza.com\/it\/2018\/05\/il-kit-degli-strumenti-per-la-nonviolenza-attiva-proposte-per-il-forum-umanista-europeo\/","og_locale":"it_IT","og_type":"article","og_title":"Il kit degli strumenti per la nonviolenza attiva, proposte per il Forum Umanista Europeo","og_description":"Senza dubbio stiamo vivendo nel mondo di oggi un livello di crudelt\u00e0 con cui \u00e8 difficile convivere. E' come un incubo. Come ci siamo arrivati? Come \u00e8 possibile e, cosa ancora pi\u00f9 importante, come possiamo uscire da questo pasticcio?","og_url":"https:\/\/www.pressenza.com\/it\/2018\/05\/il-kit-degli-strumenti-per-la-nonviolenza-attiva-proposte-per-il-forum-umanista-europeo\/","og_site_name":"Pressenza","article_publisher":"https:\/\/www.facebook.com\/PressenzaItalia","article_author":"https:\/\/www.facebook.com\/silvia.swinden","article_published_time":"2018-05-16T11:38:48+00:00","article_modified_time":"2018-05-16T11:40:14+00:00","og_image":[{"width":1708,"height":934,"url":"https:\/\/www.pressenza.com\/wp-content\/uploads\/2018\/05\/A8560F83-ADF6-4AD7-ACE4-BBDF943EFD69.jpeg","type":"image\/jpeg"}],"author":"Silvia Swinden","twitter_card":"summary_large_image","twitter_creator":"@PressenzaIPA","twitter_site":"@PressenzaIPA","twitter_misc":{"Scritto da":"Silvia Swinden","Tempo di lettura stimato":"8 minuti"},"schema":{"@context":"https:\/\/schema.org","@graph":[{"@type":"Article","@id":"https:\/\/www.pressenza.com\/it\/2018\/05\/il-kit-degli-strumenti-per-la-nonviolenza-attiva-proposte-per-il-forum-umanista-europeo\/#article","isPartOf":{"@id":"https:\/\/www.pressenza.com\/it\/2018\/05\/il-kit-degli-strumenti-per-la-nonviolenza-attiva-proposte-per-il-forum-umanista-europeo\/"},"author":{"name":"Silvia Swinden","@id":"https:\/\/www.pressenza.com\/it\/#\/schema\/person\/3e897a9ceda3579beea4bb9a93021e17"},"headline":"Il kit degli strumenti per la nonviolenza attiva, proposte per il Forum Umanista Europeo","datePublished":"2018-05-16T11:38:48+00:00","dateModified":"2018-05-16T11:40:14+00:00","mainEntityOfPage":{"@id":"https:\/\/www.pressenza.com\/it\/2018\/05\/il-kit-degli-strumenti-per-la-nonviolenza-attiva-proposte-per-il-forum-umanista-europeo\/"},"wordCount":1672,"publisher":{"@id":"https:\/\/www.pressenza.com\/it\/#organization"},"image":{"@id":"https:\/\/www.pressenza.com\/it\/2018\/05\/il-kit-degli-strumenti-per-la-nonviolenza-attiva-proposte-per-il-forum-umanista-europeo\/#primaryimage"},"thumbnailUrl":"https:\/\/www.pressenza.com\/wp-content\/uploads\/2018\/05\/A8560F83-ADF6-4AD7-ACE4-BBDF943EFD69.jpeg","keywords":["nonviolenza attiva","Nuovo Umanesimo","Regola d'Oro","Silo"],"articleSection":["contenuti originali","Internazionale","Opinioni"],"inLanguage":"it-IT"},{"@type":"WebPage","@id":"https:\/\/www.pressenza.com\/it\/2018\/05\/il-kit-degli-strumenti-per-la-nonviolenza-attiva-proposte-per-il-forum-umanista-europeo\/","url":"https:\/\/www.pressenza.com\/it\/2018\/05\/il-kit-degli-strumenti-per-la-nonviolenza-attiva-proposte-per-il-forum-umanista-europeo\/","name":"Il kit degli strumenti per la nonviolenza attiva, proposte per il Forum Umanista Europeo","isPartOf":{"@id":"https:\/\/www.pressenza.com\/it\/#website"},"primaryImageOfPage":{"@id":"https:\/\/www.pressenza.com\/it\/2018\/05\/il-kit-degli-strumenti-per-la-nonviolenza-attiva-proposte-per-il-forum-umanista-europeo\/#primaryimage"},"image":{"@id":"https:\/\/www.pressenza.com\/it\/2018\/05\/il-kit-degli-strumenti-per-la-nonviolenza-attiva-proposte-per-il-forum-umanista-europeo\/#primaryimage"},"thumbnailUrl":"https:\/\/www.pressenza.com\/wp-content\/uploads\/2018\/05\/A8560F83-ADF6-4AD7-ACE4-BBDF943EFD69.jpeg","datePublished":"2018-05-16T11:38:48+00:00","dateModified":"2018-05-16T11:40:14+00:00","description":"Senza dubbio stiamo vivendo nel mondo di oggi un livello di crudelt\u00e0 con cui \u00e8 difficile convivere. E' come un incubo. Come ci siamo arrivati? Come \u00e8 possibile e, cosa ancora pi\u00f9 importante, come possiamo uscire da questo pasticcio?","breadcrumb":{"@id":"https:\/\/www.pressenza.com\/it\/2018\/05\/il-kit-degli-strumenti-per-la-nonviolenza-attiva-proposte-per-il-forum-umanista-europeo\/#breadcrumb"},"inLanguage":"it-IT","potentialAction":[{"@type":"ReadAction","target":["https:\/\/www.pressenza.com\/it\/2018\/05\/il-kit-degli-strumenti-per-la-nonviolenza-attiva-proposte-per-il-forum-umanista-europeo\/"]}]},{"@type":"ImageObject","inLanguage":"it-IT","@id":"https:\/\/www.pressenza.com\/it\/2018\/05\/il-kit-degli-strumenti-per-la-nonviolenza-attiva-proposte-per-il-forum-umanista-europeo\/#primaryimage","url":"https:\/\/www.pressenza.com\/wp-content\/uploads\/2018\/05\/A8560F83-ADF6-4AD7-ACE4-BBDF943EFD69.jpeg","contentUrl":"https:\/\/www.pressenza.com\/wp-content\/uploads\/2018\/05\/A8560F83-ADF6-4AD7-ACE4-BBDF943EFD69.jpeg","width":1708,"height":934},{"@type":"BreadcrumbList","@id":"https:\/\/www.pressenza.com\/it\/2018\/05\/il-kit-degli-strumenti-per-la-nonviolenza-attiva-proposte-per-il-forum-umanista-europeo\/#breadcrumb","itemListElement":[{"@type":"ListItem","position":1,"name":"Accueil","item":"https:\/\/www.pressenza.com\/it\/"},{"@type":"ListItem","position":2,"name":"Il kit degli strumenti per la nonviolenza attiva, proposte per il Forum Umanista Europeo"}]},{"@type":"WebSite","@id":"https:\/\/www.pressenza.com\/it\/#website","url":"https:\/\/www.pressenza.com\/it\/","name":"Pressenza","description":"Agenzia di Stampa Internazionale","publisher":{"@id":"https:\/\/www.pressenza.com\/it\/#organization"},"potentialAction":[{"@type":"SearchAction","target":{"@type":"EntryPoint","urlTemplate":"https:\/\/www.pressenza.com\/it\/?s={search_term_string}"},"query-input":{"@type":"PropertyValueSpecification","valueRequired":true,"valueName":"search_term_string"}}],"inLanguage":"it-IT"},{"@type":"Organization","@id":"https:\/\/www.pressenza.com\/it\/#organization","name":"Pressenza","url":"https:\/\/www.pressenza.com\/it\/","logo":{"@type":"ImageObject","inLanguage":"it-IT","@id":"https:\/\/www.pressenza.com\/it\/#\/schema\/logo\/image\/","url":"https:\/\/www.pressenza.com\/wp-content\/uploads\/2022\/10\/pressenza_logo_200x200.jpg","contentUrl":"https:\/\/www.pressenza.com\/wp-content\/uploads\/2022\/10\/pressenza_logo_200x200.jpg","width":200,"height":200,"caption":"Pressenza"},"image":{"@id":"https:\/\/www.pressenza.com\/it\/#\/schema\/logo\/image\/"},"sameAs":["https:\/\/www.facebook.com\/PressenzaItalia","https:\/\/x.com\/PressenzaIPA"]},{"@type":"Person","@id":"https:\/\/www.pressenza.com\/it\/#\/schema\/person\/3e897a9ceda3579beea4bb9a93021e17","name":"Silvia Swinden","description":"Silvia Swinden - Author of \u201cFrom Monkey Sapiens to Homo Intentional: The Phenomenology of the Nonviolent Revolution\u201d \u2013 Adonis &amp; Abbey, London 2006. Pressenza London Editor","sameAs":["https:\/\/www.facebook.com\/silvia.swinden"],"url":"https:\/\/www.pressenza.com\/it\/author\/silvia-swinden\/"}]}},"place":"Londra - Regno Unito","original_article_url":"","_links":{"self":[{"href":"https:\/\/www.pressenza.com\/it\/wp-json\/wp\/v2\/posts\/641612","targetHints":{"allow":["GET"]}}],"collection":[{"href":"https:\/\/www.pressenza.com\/it\/wp-json\/wp\/v2\/posts"}],"about":[{"href":"https:\/\/www.pressenza.com\/it\/wp-json\/wp\/v2\/types\/post"}],"author":[{"embeddable":true,"href":"https:\/\/www.pressenza.com\/it\/wp-json\/wp\/v2\/users\/66"}],"replies":[{"embeddable":true,"href":"https:\/\/www.pressenza.com\/it\/wp-json\/wp\/v2\/comments?post=641612"}],"version-history":[{"count":0,"href":"https:\/\/www.pressenza.com\/it\/wp-json\/wp\/v2\/posts\/641612\/revisions"}],"wp:featuredmedia":[{"embeddable":true,"href":"https:\/\/www.pressenza.com\/it\/wp-json\/wp\/v2\/media\/636035"}],"wp:attachment":[{"href":"https:\/\/www.pressenza.com\/it\/wp-json\/wp\/v2\/media?parent=641612"}],"wp:term":[{"taxonomy":"category","embeddable":true,"href":"https:\/\/www.pressenza.com\/it\/wp-json\/wp\/v2\/categories?post=641612"},{"taxonomy":"post_tag","embeddable":true,"href":"https:\/\/www.pressenza.com\/it\/wp-json\/wp\/v2\/tags?post=641612"}],"curies":[{"name":"wp","href":"https:\/\/api.w.org\/{rel}","templated":true}]}}