{"id":639552,"date":"2018-05-12T09:16:28","date_gmt":"2018-05-12T08:16:28","guid":{"rendered":"https:\/\/www.pressenza.com\/?p=639552"},"modified":"2018-05-12T11:00:25","modified_gmt":"2018-05-12T10:00:25","slug":"giornata-apertura-del-forum-umanista-europeo","status":"publish","type":"post","link":"https:\/\/www.pressenza.com\/it\/2018\/05\/giornata-apertura-del-forum-umanista-europeo\/","title":{"rendered":"Giornata di apertura del Forum Umanista Europeo"},"content":{"rendered":"<blockquote><p><strong>Pi\u00f9 di 500 persone hanno partecipato alla sessione di apertura del FHE2018 grazie all&#8217;apertura di altre tre sale oltre a quelle previste all&#8217;auditorium della Facolt\u00e0 di scienze dell&#8217;educazione.<\/strong><\/p>\n<p><strong>Il clima era di gioia per la riunione dn un nuovo forum europeo. L&#8217;ultimo era stato a Milano nel 2008.<\/strong><\/p><\/blockquote>\n<p>Oggi ha avuto luogo la sessione di apertura del V Forum Umanista Europeo, 2018. L&#8217;apertura si \u00e8 tenuta nell&#8217;auditorium della Facolt\u00e0 di Scienze della Formazione dell&#8217;UNED, con la presenza di persone e organizzazioni di 40 paesi, molti dei quali europei ma anche asiatici , africani e americani.<\/p>\n<p>Il Forum \u00e8 iniziato in modo poetico con le parole che Guillermo Sullings ha scritto nel suo ringraziamento al processo umano nel suo libro &#8220;Bivio e futuro dell&#8217;essere umano. I passi verso la Nazione Umana Universale &#8220;, e che vogliamo ricordare adesso:<\/p>\n<p><strong>&#8220;Siamo la vita che \u00e8 emersa dalle acque.<\/strong><\/p>\n<p><strong>Noi siamo il pesce che voleva vedere il sole.<\/strong><\/p>\n<p><strong>Siamo il sauro che voleva sentire.<\/strong><\/p>\n<p><strong>Siamo il primate che si \u00e8 alzato e che voleva pensare.<\/strong><\/p>\n<p><strong>Siamo il primo uomo che ha superato la paura e si \u00e8 avvicinato al fuoco per dominarlo.<\/strong><\/p>\n<p><strong>Siamo evoluzione e siamo storia.<\/strong><\/p>\n<p><strong>Siamo i discendenti di chi una volta e un&#8217;altra ancora cambiarono le loro vite e cambiarono il mondo.<\/strong><\/p>\n<p><strong>Siamo i bambini della specie umana. Abbiamo potuto prima, potremo ancora&#8221;<\/strong><\/p>\n<p>&nbsp;<\/p>\n<p>Ha poi continuato con il benvenuto a tutti i presenti spiegando allo stesso tempo le origini del Forum, con queste parole:<\/p>\n<p><strong>Salve e benvenuti al 5 \u00b0 Forum Umanista Europeo.<\/strong><\/p>\n<p><strong>Benvenuti a tutti gli amici venuti da altri continenti e a quelli che sono venuti da tutta Europa: dall&#8217;Austria, Belgio, Cipro, Repubblica Ceca, Danimarca, Finlandia, Francia, Germania, Grecia, Ungheria, Islanda, Irlanda, Italia, Paesi Bassi, Portogallo e Regno Unito, e naturalmente a tutti voi che siete venuti da tutta la Spagna, che \u00e8 in questa occasione l&#8217;ospite!<\/strong><\/p>\n<p><strong>La corrente conosciuta come Umanesimo Universalista \u00e8 stata fondata da SILO in Argentina nel 1969. Poi, ci fu una dittatura militare contraria alla corrente non violenta che predicava, cos\u00ec gli venne proibito di parlare nelle citt\u00e0 e gli dissero &#8220;se vuoi parlare, va a parlare con le pietre&#8221;. Cos\u00ec, in montagna, fece il discorso conosciuto come &#8220;Guarigione della sofferenza&#8221; di fronte a poche centinaia di seguaci e media internazionali. In esso, Silo ha parlato della differenza tra dolore e sofferenza, l&#8217;origine di esso e come superarlo. Ha anche parlato delle diverse forme di violenza, sottolineando il rapporto tra violenza interna e sofferenza umana.<\/strong><\/p>\n<p><strong>In pi\u00f9 di 40 anni di intensa dedizione, Silo ha sviluppato un lavoro di dottrina e pratica di notevole portata, particolarmente rilevante in questo crocevia storico che viviamo oggi. Sebbene sia morto nel 2010, il suo lavoro continua a ispirare le attivit\u00e0 di molti.<\/strong><\/p>\n<p><strong>In questo processo accelerato verso la nazione umana universale che oggi viviamo, desideriamo evidenziare un aspetto rilevante, e cio\u00e8 che:<\/strong><\/p>\n<p><strong>non possiamo realizzare cambiamenti sociali o istituzionali se non realizziamo cambiamenti interni, nella nostra testa e nel nostro cuore. Il cambiamento di scopo e direzione nelle nostre vite \u00e8 una priorit\u00e0 per modificare i processi umani.<\/strong><\/p>\n<p><strong>Seguendo questa premessa, le aree tematiche del forum, oltre a approfondire i fatti a loro relativi, dovranno sicuramente anche indagare sulle condizioni pi\u00f9 profonde che determinano i nostri comportamenti&#8230;<\/strong><\/p>\n<p><strong>Ma non soffermiamoci su cose gi\u00e0 espresse nel &#8220;Manifesto&#8221; e nel programma delle attivit\u00e0!<\/strong><\/p>\n<p><strong>Siamo lieti di lasciare con voi il professor Tiberio Feliz, che a nome del Rettore dell&#8217;UNED, proceder\u00e0 all&#8217;apertura ufficiale del Forum.<\/strong><\/p>\n<p>A seguire poi tre tavole rotonde, tutte coordinate dai redattori della nostra agenzia di stampa Pressenza e che hanno potuto dare un piccolo esempio di ci\u00f2 che si vuole mostrare e costruire nei prossimi giorni del Forum.<\/p>\n<p>Nella prima tavola rotonda, \u00e8 stata fatta un&#8217;analisi da una prospettiva planetaria su ci\u00f2 che ci unisce verso la nazione umana universale. Coordinato da Tony Robinson, hanno condiviso le loro riflessioni: Guillermo Sullings, riguardo la sua interpretazione della nazione umana universale &#8211; un&#8217;immagine che Silo ha proposto a livello sociale &#8211; e sul cammino da intraprendere per avvicinarcisi; il Giudice Baltasar Garz\u00f3n sulla Giurisdizione Universale; poi Nicole Ndongala, presidente dell&#8217;associazione Karibu, che ha parlato del fenomeno della migrazione in prima persona, e il Dr. Carlos Uma\u00f1a, costaricano e membro delle organizzazioni anti-nucleari ICAN e IPPNW, che ha parlato dal pericolo di un conflitto nucleare in questo momento storico.<\/p>\n<p>Successivamente sono state proposte delle proiezioni sul futuro da un punto di vista europeo. Gli interventi erano legati al ruolo dell&#8217;Europa, in ci\u00f2 che fa per unire i suoi popoli e per costruire ponti con altre regioni e popolazioni del pianeta.<\/p>\n<p>In questa fase, Ricardo Arias ha moderato il dibattito che ha coinvolto la siloista e deputata francese (per France Insoumise), Sabine Rubin, l&#8217;economista e politico Riccardo Petrella, che ha chiamato le genti a ribellarsi, e il neuroscienziato Piero Giorgi che ha affermato che natura dell&#8217;essere umano non \u00e8 violenta.<\/p>\n<p>L&#8217;ultimo tavolo si \u00e8 concentrato su &#8220;Una nuova cultura per un nuovo mondo&#8221;, cercando di entrare nella sua dimensione, nei pilastri essenziali su cui costruire questa nazione umana universale.<\/p>\n<p>Coordinato da Juana P\u00e9rez, vi \u00e8 stato un tavolo di donne consapevoli e realiste, frutto della loro esperienza di attivismo sociale. Tutte hanno concordato che questo nuovo mondo non \u00e8 nel futuro, \u00e8 qui ed \u00e8 gi\u00e0 in costruzione. Si crea quando si formano aree di democrazia diretta &#8211; come ha sottolineato la giornalista e editrice di Pressenza per la Grecia, Marianella Kloka &#8211; nel suo paese; si vede nei progetti economici che rispondono ad nuovo modello sociale, collaborativo e non competitivo, di cui ha parlato Mayte Quintanilla -Presidente della HRBU-.<\/p>\n<p>Si sente anche nella confluenza di culture che gi\u00e0 i giovani conoscono, costretti a migrare a causa della mancanza di lavoro ma allo stesso tempo arricchiti dall&#8217;incontro con altri popoli, come evidenziato la giovane antropologa Clara G\u00f3mez-Pl\u00e1cito.<\/p>\n<p>La giornata si \u00e8 conclusa con versi in diverse lingue di vari poeti, accompagnati dalla chitarra di Nad\u00e8ge Gattoni.<\/p>\n<p>Di seguito alcune immagini dei partecipanti scattate con i loro telefoni.<\/p>\n<div class=\"post-gallery\">\n\t\t\t<figure class=\"post-gallery-item\">\n\t\t\t\t<img decoding=\"async\" src=\"https:\/\/www.pressenza.com\/wp-content\/uploads\/2018\/05\/IMG-20180511-WA0033-720x404.jpg\" loading=\"lazy\">\n\t\t\t\t<figcaption>\n\t\t\t\t\t\n\t\t\t\t<\/figcaption>\n\t\t\t<\/figure>\n\t\t\t<figure class=\"post-gallery-item\">\n\t\t\t\t<img decoding=\"async\" src=\"https:\/\/www.pressenza.com\/wp-content\/uploads\/2018\/05\/IMG-20180511-WA0050-720x540.jpg\" loading=\"lazy\">\n\t\t\t\t<figcaption>\n\t\t\t\t\t\n\t\t\t\t<\/figcaption>\n\t\t\t<\/figure>\n\t\t\t<figure class=\"post-gallery-item\">\n\t\t\t\t<img decoding=\"async\" src=\"https:\/\/www.pressenza.com\/wp-content\/uploads\/2018\/05\/IMG-20180511-WA0049-720x540.jpg\" loading=\"lazy\">\n\t\t\t\t<figcaption>\n\t\t\t\t\t\n\t\t\t\t<\/figcaption>\n\t\t\t<\/figure>\n\t\t\t<figure class=\"post-gallery-item\">\n\t\t\t\t<img decoding=\"async\" src=\"https:\/\/www.pressenza.com\/wp-content\/uploads\/2018\/05\/IMG-20180511-WA0048-720x540.jpg\" loading=\"lazy\">\n\t\t\t\t<figcaption>\n\t\t\t\t\t\n\t\t\t\t<\/figcaption>\n\t\t\t<\/figure>\n\t\t\t<figure class=\"post-gallery-item\">\n\t\t\t\t<img decoding=\"async\" src=\"https:\/\/www.pressenza.com\/wp-content\/uploads\/2018\/05\/IMG-20180511-WA0038-720x405.jpg\" loading=\"lazy\">\n\t\t\t\t<figcaption>\n\t\t\t\t\t\n\t\t\t\t<\/figcaption>\n\t\t\t<\/figure>\n\t\t\t<figure class=\"post-gallery-item\">\n\t\t\t\t<img decoding=\"async\" src=\"https:\/\/www.pressenza.com\/wp-content\/uploads\/2018\/05\/IMG-20180511-WA0037-720x405.jpg\" loading=\"lazy\">\n\t\t\t\t<figcaption>\n\t\t\t\t\t\n\t\t\t\t<\/figcaption>\n\t\t\t<\/figure>\n\t\t\t<figure class=\"post-gallery-item\">\n\t\t\t\t<img decoding=\"async\" src=\"https:\/\/www.pressenza.com\/wp-content\/uploads\/2018\/05\/IMG-20180511-WA0051-720x540.jpg\" loading=\"lazy\">\n\t\t\t\t<figcaption>\n\t\t\t\t\t\n\t\t\t\t<\/figcaption>\n\t\t\t<\/figure><\/div>\n<p>&nbsp;<\/p>\n<p>Nei giorni a seguire, verranno pubblicate foto, video, articoli, interviste.<\/p>\n<p>&nbsp;<\/p>\n<p><em>Traduzione dallo spagnolo di Mariapaola Boselli<\/em><\/p>\n","protected":false},"excerpt":{"rendered":"<p>Pi\u00f9 di 500 persone hanno partecipato alla sessione di apertura del FHE2018 grazie all&#8217;apertura di altre tre sale oltre a quelle previste all&#8217;auditorium della Facolt\u00e0 di scienze dell&#8217;educazione. Il clima era di gioia per la riunione dn un nuovo forum&hellip;<\/p>\n","protected":false},"author":1508,"featured_media":638999,"comment_status":"closed","ping_status":"closed","sticky":false,"template":"","format":"standard","meta":{"footnotes":""},"categories":[11388,60,59,62,47,1261,1262,1263,55,57,1260],"tags":[11965,43118,8513,18223,20478,4245,1312,17916,4241,25703],"class_list":["post-639552","post","type-post","status-publish","format-standard","has-post-thumbnail","hentry","category-contenuti-originali","category-diritti-umani","category-ambiente-ecologia","category-economia","category-europa","category-diversita","category-nonviolenza-argomento","category-pace-disarmo","category-politica","category-affari-esteri","category-umanesimo-spiritualita","tag-baltasar-garzon","tag-forum-umanista-europeo-2018","tag-guillermo-sullings-it","tag-marianella-kloka","tag-mayte-quintanilla","tag-nazione-umana-universale","tag-pressenza-it","tag-riccardo-petrella","tag-umanesimo-universalista","tag-uned"],"yoast_head":"<!-- This site is optimized with the Yoast SEO plugin v27.1.1 - https:\/\/yoast.com\/product\/yoast-seo-wordpress\/ -->\n<title>Giornata di apertura del Forum Umanista Europeo<\/title>\n<meta name=\"description\" content=\"Pi\u00f9 di 500 persone hanno partecipato alla sessione di apertura del FHE2018 grazie all&#039;apertura di altre tre sale oltre a quelle previste all&#039;auditorium\" \/>\n<meta name=\"robots\" content=\"index, follow, max-snippet:-1, max-image-preview:large, max-video-preview:-1\" \/>\n<link rel=\"canonical\" href=\"https:\/\/www.pressenza.com\/it\/2018\/05\/giornata-apertura-del-forum-umanista-europeo\/\" \/>\n<meta property=\"og:locale\" content=\"it_IT\" \/>\n<meta property=\"og:type\" content=\"article\" \/>\n<meta property=\"og:title\" content=\"Giornata di apertura del Forum Umanista Europeo\" \/>\n<meta property=\"og:description\" content=\"Pi\u00f9 di 500 persone hanno partecipato alla sessione di apertura del FHE2018 grazie all&#039;apertura di altre tre sale oltre a quelle previste all&#039;auditorium\" \/>\n<meta property=\"og:url\" content=\"https:\/\/www.pressenza.com\/it\/2018\/05\/giornata-apertura-del-forum-umanista-europeo\/\" \/>\n<meta property=\"og:site_name\" content=\"Pressenza\" \/>\n<meta property=\"article:publisher\" content=\"https:\/\/www.facebook.com\/PressenzaItalia\" \/>\n<meta property=\"article:published_time\" content=\"2018-05-12T08:16:28+00:00\" \/>\n<meta property=\"article:modified_time\" content=\"2018-05-12T10:00:25+00:00\" \/>\n<meta property=\"og:image\" content=\"https:\/\/www.pressenza.com\/wp-content\/uploads\/2018\/05\/IMG-20180511-WA0048.jpg\" \/>\n\t<meta property=\"og:image:width\" content=\"1599\" \/>\n\t<meta property=\"og:image:height\" content=\"1200\" \/>\n\t<meta property=\"og:image:type\" content=\"image\/jpeg\" \/>\n<meta name=\"author\" content=\"European Humanist Forum\" \/>\n<meta name=\"twitter:card\" content=\"summary_large_image\" \/>\n<meta name=\"twitter:creator\" content=\"@PressenzaIPA\" \/>\n<meta name=\"twitter:site\" content=\"@PressenzaIPA\" \/>\n<meta name=\"twitter:label1\" content=\"Scritto da\" \/>\n\t<meta name=\"twitter:data1\" content=\"European Humanist Forum\" \/>\n\t<meta name=\"twitter:label2\" content=\"Tempo di lettura stimato\" \/>\n\t<meta name=\"twitter:data2\" content=\"5 minuti\" \/>\n<script type=\"application\/ld+json\" class=\"yoast-schema-graph\">{\"@context\":\"https:\/\/schema.org\",\"@graph\":[{\"@type\":\"Article\",\"@id\":\"https:\/\/www.pressenza.com\/it\/2018\/05\/giornata-apertura-del-forum-umanista-europeo\/#article\",\"isPartOf\":{\"@id\":\"https:\/\/www.pressenza.com\/it\/2018\/05\/giornata-apertura-del-forum-umanista-europeo\/\"},\"author\":{\"name\":\"European Humanist Forum\",\"@id\":\"https:\/\/www.pressenza.com\/it\/#\/schema\/person\/0b103aa2cc3460da3ad453ade8a7ef24\"},\"headline\":\"Giornata di apertura del Forum Umanista Europeo\",\"datePublished\":\"2018-05-12T08:16:28+00:00\",\"dateModified\":\"2018-05-12T10:00:25+00:00\",\"mainEntityOfPage\":{\"@id\":\"https:\/\/www.pressenza.com\/it\/2018\/05\/giornata-apertura-del-forum-umanista-europeo\/\"},\"wordCount\":1026,\"publisher\":{\"@id\":\"https:\/\/www.pressenza.com\/it\/#organization\"},\"image\":{\"@id\":\"https:\/\/www.pressenza.com\/it\/2018\/05\/giornata-apertura-del-forum-umanista-europeo\/#primaryimage\"},\"thumbnailUrl\":\"https:\/\/www.pressenza.com\/wp-content\/uploads\/2018\/05\/IMG-20180511-WA0048.jpg\",\"keywords\":[\"Baltasar Garzon\",\"Forum Umanista Europeo 2018\",\"Guillermo Sullings\",\"Marianella Kloka\",\"Mayte Quintanilla\",\"Nazione Umana Universale\",\"Pressenza\",\"Riccardo Petrella\",\"Umanesimo Universalista\",\"UNED\"],\"articleSection\":[\"contenuti originali\",\"Diritti Umani\",\"Ecologia ed Ambiente\",\"Economia\",\"Europa\",\"Non discriminazione\",\"Nonviolenza\",\"Pace e Disarmo\",\"Politica\",\"Questioni internazionali\",\"Umanesimo e Spiritualit\u00e0\"],\"inLanguage\":\"it-IT\"},{\"@type\":\"WebPage\",\"@id\":\"https:\/\/www.pressenza.com\/it\/2018\/05\/giornata-apertura-del-forum-umanista-europeo\/\",\"url\":\"https:\/\/www.pressenza.com\/it\/2018\/05\/giornata-apertura-del-forum-umanista-europeo\/\",\"name\":\"Giornata di apertura del Forum Umanista Europeo\",\"isPartOf\":{\"@id\":\"https:\/\/www.pressenza.com\/it\/#website\"},\"primaryImageOfPage\":{\"@id\":\"https:\/\/www.pressenza.com\/it\/2018\/05\/giornata-apertura-del-forum-umanista-europeo\/#primaryimage\"},\"image\":{\"@id\":\"https:\/\/www.pressenza.com\/it\/2018\/05\/giornata-apertura-del-forum-umanista-europeo\/#primaryimage\"},\"thumbnailUrl\":\"https:\/\/www.pressenza.com\/wp-content\/uploads\/2018\/05\/IMG-20180511-WA0048.jpg\",\"datePublished\":\"2018-05-12T08:16:28+00:00\",\"dateModified\":\"2018-05-12T10:00:25+00:00\",\"description\":\"Pi\u00f9 di 500 persone hanno partecipato alla sessione di apertura del FHE2018 grazie all'apertura di altre tre sale oltre a quelle previste all'auditorium\",\"breadcrumb\":{\"@id\":\"https:\/\/www.pressenza.com\/it\/2018\/05\/giornata-apertura-del-forum-umanista-europeo\/#breadcrumb\"},\"inLanguage\":\"it-IT\",\"potentialAction\":[{\"@type\":\"ReadAction\",\"target\":[\"https:\/\/www.pressenza.com\/it\/2018\/05\/giornata-apertura-del-forum-umanista-europeo\/\"]}]},{\"@type\":\"ImageObject\",\"inLanguage\":\"it-IT\",\"@id\":\"https:\/\/www.pressenza.com\/it\/2018\/05\/giornata-apertura-del-forum-umanista-europeo\/#primaryimage\",\"url\":\"https:\/\/www.pressenza.com\/wp-content\/uploads\/2018\/05\/IMG-20180511-WA0048.jpg\",\"contentUrl\":\"https:\/\/www.pressenza.com\/wp-content\/uploads\/2018\/05\/IMG-20180511-WA0048.jpg\",\"width\":1599,\"height\":1200},{\"@type\":\"BreadcrumbList\",\"@id\":\"https:\/\/www.pressenza.com\/it\/2018\/05\/giornata-apertura-del-forum-umanista-europeo\/#breadcrumb\",\"itemListElement\":[{\"@type\":\"ListItem\",\"position\":1,\"name\":\"Accueil\",\"item\":\"https:\/\/www.pressenza.com\/it\/\"},{\"@type\":\"ListItem\",\"position\":2,\"name\":\"Giornata di apertura del Forum Umanista Europeo\"}]},{\"@type\":\"WebSite\",\"@id\":\"https:\/\/www.pressenza.com\/it\/#website\",\"url\":\"https:\/\/www.pressenza.com\/it\/\",\"name\":\"Pressenza\",\"description\":\"Agenzia di Stampa Internazionale\",\"publisher\":{\"@id\":\"https:\/\/www.pressenza.com\/it\/#organization\"},\"potentialAction\":[{\"@type\":\"SearchAction\",\"target\":{\"@type\":\"EntryPoint\",\"urlTemplate\":\"https:\/\/www.pressenza.com\/it\/?s={search_term_string}\"},\"query-input\":{\"@type\":\"PropertyValueSpecification\",\"valueRequired\":true,\"valueName\":\"search_term_string\"}}],\"inLanguage\":\"it-IT\"},{\"@type\":\"Organization\",\"@id\":\"https:\/\/www.pressenza.com\/it\/#organization\",\"name\":\"Pressenza\",\"url\":\"https:\/\/www.pressenza.com\/it\/\",\"logo\":{\"@type\":\"ImageObject\",\"inLanguage\":\"it-IT\",\"@id\":\"https:\/\/www.pressenza.com\/it\/#\/schema\/logo\/image\/\",\"url\":\"https:\/\/www.pressenza.com\/wp-content\/uploads\/2022\/10\/pressenza_logo_200x200.jpg\",\"contentUrl\":\"https:\/\/www.pressenza.com\/wp-content\/uploads\/2022\/10\/pressenza_logo_200x200.jpg\",\"width\":200,\"height\":200,\"caption\":\"Pressenza\"},\"image\":{\"@id\":\"https:\/\/www.pressenza.com\/it\/#\/schema\/logo\/image\/\"},\"sameAs\":[\"https:\/\/www.facebook.com\/PressenzaItalia\",\"https:\/\/x.com\/PressenzaIPA\"]},{\"@type\":\"Person\",\"@id\":\"https:\/\/www.pressenza.com\/it\/#\/schema\/person\/0b103aa2cc3460da3ad453ade8a7ef24\",\"name\":\"European Humanist Forum\",\"url\":\"https:\/\/www.pressenza.com\/it\/author\/european-humanist-forum-2018\/\"}]}<\/script>\n<!-- \/ Yoast SEO plugin. -->","yoast_head_json":{"title":"Giornata di apertura del Forum Umanista Europeo","description":"Pi\u00f9 di 500 persone hanno partecipato alla sessione di apertura del FHE2018 grazie all'apertura di altre tre sale oltre a quelle previste all'auditorium","robots":{"index":"index","follow":"follow","max-snippet":"max-snippet:-1","max-image-preview":"max-image-preview:large","max-video-preview":"max-video-preview:-1"},"canonical":"https:\/\/www.pressenza.com\/it\/2018\/05\/giornata-apertura-del-forum-umanista-europeo\/","og_locale":"it_IT","og_type":"article","og_title":"Giornata di apertura del Forum Umanista Europeo","og_description":"Pi\u00f9 di 500 persone hanno partecipato alla sessione di apertura del FHE2018 grazie all'apertura di altre tre sale oltre a quelle previste all'auditorium","og_url":"https:\/\/www.pressenza.com\/it\/2018\/05\/giornata-apertura-del-forum-umanista-europeo\/","og_site_name":"Pressenza","article_publisher":"https:\/\/www.facebook.com\/PressenzaItalia","article_published_time":"2018-05-12T08:16:28+00:00","article_modified_time":"2018-05-12T10:00:25+00:00","og_image":[{"width":1599,"height":1200,"url":"https:\/\/www.pressenza.com\/wp-content\/uploads\/2018\/05\/IMG-20180511-WA0048.jpg","type":"image\/jpeg"}],"author":"European Humanist Forum","twitter_card":"summary_large_image","twitter_creator":"@PressenzaIPA","twitter_site":"@PressenzaIPA","twitter_misc":{"Scritto da":"European Humanist Forum","Tempo di lettura stimato":"5 minuti"},"schema":{"@context":"https:\/\/schema.org","@graph":[{"@type":"Article","@id":"https:\/\/www.pressenza.com\/it\/2018\/05\/giornata-apertura-del-forum-umanista-europeo\/#article","isPartOf":{"@id":"https:\/\/www.pressenza.com\/it\/2018\/05\/giornata-apertura-del-forum-umanista-europeo\/"},"author":{"name":"European Humanist Forum","@id":"https:\/\/www.pressenza.com\/it\/#\/schema\/person\/0b103aa2cc3460da3ad453ade8a7ef24"},"headline":"Giornata di apertura del Forum Umanista Europeo","datePublished":"2018-05-12T08:16:28+00:00","dateModified":"2018-05-12T10:00:25+00:00","mainEntityOfPage":{"@id":"https:\/\/www.pressenza.com\/it\/2018\/05\/giornata-apertura-del-forum-umanista-europeo\/"},"wordCount":1026,"publisher":{"@id":"https:\/\/www.pressenza.com\/it\/#organization"},"image":{"@id":"https:\/\/www.pressenza.com\/it\/2018\/05\/giornata-apertura-del-forum-umanista-europeo\/#primaryimage"},"thumbnailUrl":"https:\/\/www.pressenza.com\/wp-content\/uploads\/2018\/05\/IMG-20180511-WA0048.jpg","keywords":["Baltasar Garzon","Forum Umanista Europeo 2018","Guillermo Sullings","Marianella Kloka","Mayte Quintanilla","Nazione Umana Universale","Pressenza","Riccardo Petrella","Umanesimo Universalista","UNED"],"articleSection":["contenuti originali","Diritti Umani","Ecologia ed Ambiente","Economia","Europa","Non discriminazione","Nonviolenza","Pace e Disarmo","Politica","Questioni internazionali","Umanesimo e Spiritualit\u00e0"],"inLanguage":"it-IT"},{"@type":"WebPage","@id":"https:\/\/www.pressenza.com\/it\/2018\/05\/giornata-apertura-del-forum-umanista-europeo\/","url":"https:\/\/www.pressenza.com\/it\/2018\/05\/giornata-apertura-del-forum-umanista-europeo\/","name":"Giornata di apertura del Forum Umanista Europeo","isPartOf":{"@id":"https:\/\/www.pressenza.com\/it\/#website"},"primaryImageOfPage":{"@id":"https:\/\/www.pressenza.com\/it\/2018\/05\/giornata-apertura-del-forum-umanista-europeo\/#primaryimage"},"image":{"@id":"https:\/\/www.pressenza.com\/it\/2018\/05\/giornata-apertura-del-forum-umanista-europeo\/#primaryimage"},"thumbnailUrl":"https:\/\/www.pressenza.com\/wp-content\/uploads\/2018\/05\/IMG-20180511-WA0048.jpg","datePublished":"2018-05-12T08:16:28+00:00","dateModified":"2018-05-12T10:00:25+00:00","description":"Pi\u00f9 di 500 persone hanno partecipato alla sessione di apertura del FHE2018 grazie all'apertura di altre tre sale oltre a quelle previste all'auditorium","breadcrumb":{"@id":"https:\/\/www.pressenza.com\/it\/2018\/05\/giornata-apertura-del-forum-umanista-europeo\/#breadcrumb"},"inLanguage":"it-IT","potentialAction":[{"@type":"ReadAction","target":["https:\/\/www.pressenza.com\/it\/2018\/05\/giornata-apertura-del-forum-umanista-europeo\/"]}]},{"@type":"ImageObject","inLanguage":"it-IT","@id":"https:\/\/www.pressenza.com\/it\/2018\/05\/giornata-apertura-del-forum-umanista-europeo\/#primaryimage","url":"https:\/\/www.pressenza.com\/wp-content\/uploads\/2018\/05\/IMG-20180511-WA0048.jpg","contentUrl":"https:\/\/www.pressenza.com\/wp-content\/uploads\/2018\/05\/IMG-20180511-WA0048.jpg","width":1599,"height":1200},{"@type":"BreadcrumbList","@id":"https:\/\/www.pressenza.com\/it\/2018\/05\/giornata-apertura-del-forum-umanista-europeo\/#breadcrumb","itemListElement":[{"@type":"ListItem","position":1,"name":"Accueil","item":"https:\/\/www.pressenza.com\/it\/"},{"@type":"ListItem","position":2,"name":"Giornata di apertura del Forum Umanista Europeo"}]},{"@type":"WebSite","@id":"https:\/\/www.pressenza.com\/it\/#website","url":"https:\/\/www.pressenza.com\/it\/","name":"Pressenza","description":"Agenzia di Stampa Internazionale","publisher":{"@id":"https:\/\/www.pressenza.com\/it\/#organization"},"potentialAction":[{"@type":"SearchAction","target":{"@type":"EntryPoint","urlTemplate":"https:\/\/www.pressenza.com\/it\/?s={search_term_string}"},"query-input":{"@type":"PropertyValueSpecification","valueRequired":true,"valueName":"search_term_string"}}],"inLanguage":"it-IT"},{"@type":"Organization","@id":"https:\/\/www.pressenza.com\/it\/#organization","name":"Pressenza","url":"https:\/\/www.pressenza.com\/it\/","logo":{"@type":"ImageObject","inLanguage":"it-IT","@id":"https:\/\/www.pressenza.com\/it\/#\/schema\/logo\/image\/","url":"https:\/\/www.pressenza.com\/wp-content\/uploads\/2022\/10\/pressenza_logo_200x200.jpg","contentUrl":"https:\/\/www.pressenza.com\/wp-content\/uploads\/2022\/10\/pressenza_logo_200x200.jpg","width":200,"height":200,"caption":"Pressenza"},"image":{"@id":"https:\/\/www.pressenza.com\/it\/#\/schema\/logo\/image\/"},"sameAs":["https:\/\/www.facebook.com\/PressenzaItalia","https:\/\/x.com\/PressenzaIPA"]},{"@type":"Person","@id":"https:\/\/www.pressenza.com\/it\/#\/schema\/person\/0b103aa2cc3460da3ad453ade8a7ef24","name":"European Humanist Forum","url":"https:\/\/www.pressenza.com\/it\/author\/european-humanist-forum-2018\/"}]}},"place":"Madrid","original_article_url":"","_links":{"self":[{"href":"https:\/\/www.pressenza.com\/it\/wp-json\/wp\/v2\/posts\/639552","targetHints":{"allow":["GET"]}}],"collection":[{"href":"https:\/\/www.pressenza.com\/it\/wp-json\/wp\/v2\/posts"}],"about":[{"href":"https:\/\/www.pressenza.com\/it\/wp-json\/wp\/v2\/types\/post"}],"author":[{"embeddable":true,"href":"https:\/\/www.pressenza.com\/it\/wp-json\/wp\/v2\/users\/1508"}],"replies":[{"embeddable":true,"href":"https:\/\/www.pressenza.com\/it\/wp-json\/wp\/v2\/comments?post=639552"}],"version-history":[{"count":0,"href":"https:\/\/www.pressenza.com\/it\/wp-json\/wp\/v2\/posts\/639552\/revisions"}],"wp:featuredmedia":[{"embeddable":true,"href":"https:\/\/www.pressenza.com\/it\/wp-json\/wp\/v2\/media\/638999"}],"wp:attachment":[{"href":"https:\/\/www.pressenza.com\/it\/wp-json\/wp\/v2\/media?parent=639552"}],"wp:term":[{"taxonomy":"category","embeddable":true,"href":"https:\/\/www.pressenza.com\/it\/wp-json\/wp\/v2\/categories?post=639552"},{"taxonomy":"post_tag","embeddable":true,"href":"https:\/\/www.pressenza.com\/it\/wp-json\/wp\/v2\/tags?post=639552"}],"curies":[{"name":"wp","href":"https:\/\/api.w.org\/{rel}","templated":true}]}}