{"id":63875,"date":"2013-08-07T12:47:34","date_gmt":"2013-08-07T11:47:34","guid":{"rendered":"http:\/\/www.pressenza.com\/?p=63875"},"modified":"2013-08-07T12:47:34","modified_gmt":"2013-08-07T11:47:34","slug":"elezioni-in-mali-quale-futuro","status":"publish","type":"post","link":"https:\/\/www.pressenza.com\/it\/2013\/08\/elezioni-in-mali-quale-futuro\/","title":{"rendered":"Elezioni in Mali: quale futuro?"},"content":{"rendered":"<div class=\"wp-caption alignnone\"><img loading=\"lazy\" decoding=\"async\" alt=\"\" src=\"http:\/\/media.polisblog.it\/b\/b6f\/Mali-elezioni.jpg\" width=\"620\" height=\"413\" \/><p class=\"wp-caption-text\">foto sa: polisblog.it<\/p><\/div>\n<p>Domenica 28 luglio si sono svolte in Mali le prime elezioni presidenziali dopo la crisi politica cominciata nel gennaio del 2012 ed il successivo colpo di stato militare di marzo, \u00a0che ha portato alla deposizione del presidente Amadou Toumani Tour\u00e9.<\/p>\n<p>L\u2019ex primo ministro Ibrahim Boubacar Ke\u00efta, 68 anni, ha conquistato il 39,2 % dei voti e l\u201911 agosto affronter\u00e0 al ballottaggio l\u2019ex ministro delle finanze Souma\u00efla Ciss\u00e9, fermo al 19,4 % dei consensi.<\/p>\n<p>Il risultato del voto \u00e8 atteso come la possibile soluzione alla crisi politica del paese, iniziata nel gennaio del 2012. Nell\u2019ultimo anno il Mali ha infatti attraversato\u00a0un periodo molto turbolento: la minoranza tuareg nel nord del paese \u00e8 insorta contro il governo, c\u2019\u00e8 stato un colpo di stato militare e poi una seconda insurrezione guidata da diversi gruppi di estremisti islamici. L\u2019intervento dell\u2019esercito francese e di altri paesi africani ha riportato sotto il controllo del governo la maggior parte del territorio conquistato dai ribelli.<\/p>\n<p>Le elezioni presidenziali erano\u00a0una delle condizioni per concedere centinaia di milioni di dollari in aiuti internazionali, ma\u00a0sono state organizzate in modo frettoloso e prematuro. L\u2019International Crisis Group, un\u2019organizzazione indipendente non governativa impegnata nella soluzione dei conflitti, aveva\u00a0chiesto di posticiparle, ma il presidente ad interim Dioncounda Traor\u00e9 ha dichiarato: \u201cPrima si forma un nuovo governo e prima ci si potr\u00e0 occupare della crisi del paese\u201d.<\/p>\n<p>Alcuni mezzi di informazione maliani e alcuni candidati hanno denunciato\u00a0irregolarit\u00e0 nella distribuzione dei certificati elettorali. Tra questi, Ti\u00e9bil\u00e9 Dram\u00e9, ex Ministro degli Esteri, che ha ritirato la propria candidatura in segno di protesta: \u201cIn una nazione di 16 milioni di persone, l\u2019elenco dei quasi sette milioni di elettori registrati si \u00e8 basato su un censimento del 2009. Ci\u00f2 significa che migliaia di persone che hanno raggiunto la maggiore et\u00e0 non erano presenti sul vecchio elenco e non hanno potuto votare. Sono state dunque private dei loro diritti costituzionali\u201d. E&#8217; questa la sorte di questo paese del Sahel, l&#8217;area che va dall\u2019Atlantico al Mar Rosso, dove si consumano alcuni dei peggiori crimini contro l\u2019umanit\u00e0 e si alimentano centrali dell\u2019odio fondamentalista che genera traffici di ogni tipo &#8211; rapimenti, microconflitti, vere e proprie guerre. Il tutto si aggiunge all\u2019estrema miseria, alle continue carestie e a un\u2019aspettativa di vita tra le pi\u00f9 basse della terra.<\/p>\n<p><b>\u00a0<\/b><b>Il Mali \u00e8 paese simbolo dell\u2019area<\/b>: teatro di un conflitto devastante, stretto tra spinte separatiste, povert\u00e0 endemica e vuoto politico, terreno fertile per cani sciolti di ogni appartenenza, jihadisti compresi. Da qui per\u00f2 giungono tiepidi segnali di speranza, ancora troppo deboli per produrre cambiamenti significativi. Il prossimo presidente si trover\u00e0 ad affrontare una situazione disastrosa, la crisi pi\u00f9 grave dall&#8217;indipendenza. Speriamo riesca a porre rimedio a questa situazione e speriamo soprattutto che si adoperi per gli interessi del suo paese e non delle potenze straniere che da anni sotto varie forme governano il Mali.<\/p>\n<p>&nbsp;<\/p>\n<p>&nbsp;<\/p>\n<p>&nbsp;<\/p>\n<p>&nbsp;<\/p>\n","protected":false},"excerpt":{"rendered":"<p>Domenica 28 luglio si sono svolte in Mali le prime elezioni presidenziali dopo la crisi politica cominciata nel gennaio del 2012 ed il successivo colpo di stato militare di marzo, \u00a0che ha portato alla deposizione del presidente Amadou Toumani Tour\u00e9.&hellip;<\/p>\n","protected":false},"author":941,"featured_media":0,"comment_status":"closed","ping_status":"open","sticky":false,"template":"","format":"standard","meta":{"footnotes":""},"categories":[45,55],"tags":[3963,1782],"class_list":["post-63875","post","type-post","status-publish","format-standard","hentry","category-africa-it","category-politica","tag-elezioni-presidenziali","tag-mali-it"],"yoast_head":"<!-- This site is optimized with the Yoast SEO plugin v27.1.1 - https:\/\/yoast.com\/product\/yoast-seo-wordpress\/ -->\n<title>Elezioni in Mali: quale futuro?<\/title>\n<meta name=\"description\" content=\"Domenica 28 luglio si sono svolte in Mali le prime elezioni presidenziali dopo la crisi politica cominciata nel gennaio del 2012 ed il successivo colpo di\" \/>\n<meta name=\"robots\" content=\"index, follow, max-snippet:-1, max-image-preview:large, max-video-preview:-1\" \/>\n<link rel=\"canonical\" href=\"https:\/\/www.pressenza.com\/it\/2013\/08\/elezioni-in-mali-quale-futuro\/\" \/>\n<meta property=\"og:locale\" content=\"it_IT\" \/>\n<meta property=\"og:type\" content=\"article\" \/>\n<meta property=\"og:title\" content=\"Elezioni in Mali: quale futuro?\" \/>\n<meta property=\"og:description\" content=\"Domenica 28 luglio si sono svolte in Mali le prime elezioni presidenziali dopo la crisi politica cominciata nel gennaio del 2012 ed il successivo colpo di\" \/>\n<meta property=\"og:url\" content=\"https:\/\/www.pressenza.com\/it\/2013\/08\/elezioni-in-mali-quale-futuro\/\" \/>\n<meta property=\"og:site_name\" content=\"Pressenza\" \/>\n<meta property=\"article:publisher\" content=\"https:\/\/www.facebook.com\/PressenzaItalia\" \/>\n<meta property=\"article:published_time\" content=\"2013-08-07T11:47:34+00:00\" \/>\n<meta property=\"og:image\" content=\"http:\/\/media.polisblog.it\/b\/b6f\/Mali-elezioni.jpg\" \/>\n<meta name=\"author\" content=\"Antonella Freggiaro\" \/>\n<meta name=\"twitter:card\" content=\"summary_large_image\" \/>\n<meta name=\"twitter:creator\" content=\"@PressenzaIPA\" \/>\n<meta name=\"twitter:site\" content=\"@PressenzaIPA\" \/>\n<meta name=\"twitter:label1\" content=\"Scritto da\" \/>\n\t<meta name=\"twitter:data1\" content=\"Antonella Freggiaro\" \/>\n\t<meta name=\"twitter:label2\" content=\"Tempo di lettura stimato\" \/>\n\t<meta name=\"twitter:data2\" content=\"2 minuti\" \/>\n<script type=\"application\/ld+json\" class=\"yoast-schema-graph\">{\"@context\":\"https:\/\/schema.org\",\"@graph\":[{\"@type\":\"Article\",\"@id\":\"https:\/\/www.pressenza.com\/it\/2013\/08\/elezioni-in-mali-quale-futuro\/#article\",\"isPartOf\":{\"@id\":\"https:\/\/www.pressenza.com\/it\/2013\/08\/elezioni-in-mali-quale-futuro\/\"},\"author\":{\"name\":\"Antonella Freggiaro\",\"@id\":\"https:\/\/www.pressenza.com\/it\/#\/schema\/person\/3e5837299c96e9fe8354a3f2dcd7d89f\"},\"headline\":\"Elezioni in Mali: quale futuro?\",\"datePublished\":\"2013-08-07T11:47:34+00:00\",\"mainEntityOfPage\":{\"@id\":\"https:\/\/www.pressenza.com\/it\/2013\/08\/elezioni-in-mali-quale-futuro\/\"},\"wordCount\":496,\"publisher\":{\"@id\":\"https:\/\/www.pressenza.com\/it\/#organization\"},\"image\":{\"@id\":\"https:\/\/www.pressenza.com\/it\/2013\/08\/elezioni-in-mali-quale-futuro\/#primaryimage\"},\"thumbnailUrl\":\"http:\/\/media.polisblog.it\/b\/b6f\/Mali-elezioni.jpg\",\"keywords\":[\"elezioni presidenziali\",\"Mali\"],\"articleSection\":[\"Africa\",\"Politica\"],\"inLanguage\":\"it-IT\"},{\"@type\":\"WebPage\",\"@id\":\"https:\/\/www.pressenza.com\/it\/2013\/08\/elezioni-in-mali-quale-futuro\/\",\"url\":\"https:\/\/www.pressenza.com\/it\/2013\/08\/elezioni-in-mali-quale-futuro\/\",\"name\":\"Elezioni in Mali: quale futuro?\",\"isPartOf\":{\"@id\":\"https:\/\/www.pressenza.com\/it\/#website\"},\"primaryImageOfPage\":{\"@id\":\"https:\/\/www.pressenza.com\/it\/2013\/08\/elezioni-in-mali-quale-futuro\/#primaryimage\"},\"image\":{\"@id\":\"https:\/\/www.pressenza.com\/it\/2013\/08\/elezioni-in-mali-quale-futuro\/#primaryimage\"},\"thumbnailUrl\":\"http:\/\/media.polisblog.it\/b\/b6f\/Mali-elezioni.jpg\",\"datePublished\":\"2013-08-07T11:47:34+00:00\",\"description\":\"Domenica 28 luglio si sono svolte in Mali le prime elezioni presidenziali dopo la crisi politica cominciata nel gennaio del 2012 ed il successivo colpo di\",\"breadcrumb\":{\"@id\":\"https:\/\/www.pressenza.com\/it\/2013\/08\/elezioni-in-mali-quale-futuro\/#breadcrumb\"},\"inLanguage\":\"it-IT\",\"potentialAction\":[{\"@type\":\"ReadAction\",\"target\":[\"https:\/\/www.pressenza.com\/it\/2013\/08\/elezioni-in-mali-quale-futuro\/\"]}]},{\"@type\":\"ImageObject\",\"inLanguage\":\"it-IT\",\"@id\":\"https:\/\/www.pressenza.com\/it\/2013\/08\/elezioni-in-mali-quale-futuro\/#primaryimage\",\"url\":\"http:\/\/media.polisblog.it\/b\/b6f\/Mali-elezioni.jpg\",\"contentUrl\":\"http:\/\/media.polisblog.it\/b\/b6f\/Mali-elezioni.jpg\"},{\"@type\":\"BreadcrumbList\",\"@id\":\"https:\/\/www.pressenza.com\/it\/2013\/08\/elezioni-in-mali-quale-futuro\/#breadcrumb\",\"itemListElement\":[{\"@type\":\"ListItem\",\"position\":1,\"name\":\"Accueil\",\"item\":\"https:\/\/www.pressenza.com\/it\/\"},{\"@type\":\"ListItem\",\"position\":2,\"name\":\"Elezioni in Mali: quale futuro?\"}]},{\"@type\":\"WebSite\",\"@id\":\"https:\/\/www.pressenza.com\/it\/#website\",\"url\":\"https:\/\/www.pressenza.com\/it\/\",\"name\":\"Pressenza\",\"description\":\"Agenzia di Stampa Internazionale\",\"publisher\":{\"@id\":\"https:\/\/www.pressenza.com\/it\/#organization\"},\"potentialAction\":[{\"@type\":\"SearchAction\",\"target\":{\"@type\":\"EntryPoint\",\"urlTemplate\":\"https:\/\/www.pressenza.com\/it\/?s={search_term_string}\"},\"query-input\":{\"@type\":\"PropertyValueSpecification\",\"valueRequired\":true,\"valueName\":\"search_term_string\"}}],\"inLanguage\":\"it-IT\"},{\"@type\":\"Organization\",\"@id\":\"https:\/\/www.pressenza.com\/it\/#organization\",\"name\":\"Pressenza\",\"url\":\"https:\/\/www.pressenza.com\/it\/\",\"logo\":{\"@type\":\"ImageObject\",\"inLanguage\":\"it-IT\",\"@id\":\"https:\/\/www.pressenza.com\/it\/#\/schema\/logo\/image\/\",\"url\":\"https:\/\/www.pressenza.com\/wp-content\/uploads\/2022\/10\/pressenza_logo_200x200.jpg\",\"contentUrl\":\"https:\/\/www.pressenza.com\/wp-content\/uploads\/2022\/10\/pressenza_logo_200x200.jpg\",\"width\":200,\"height\":200,\"caption\":\"Pressenza\"},\"image\":{\"@id\":\"https:\/\/www.pressenza.com\/it\/#\/schema\/logo\/image\/\"},\"sameAs\":[\"https:\/\/www.facebook.com\/PressenzaItalia\",\"https:\/\/x.com\/PressenzaIPA\"]},{\"@type\":\"Person\",\"@id\":\"https:\/\/www.pressenza.com\/it\/#\/schema\/person\/3e5837299c96e9fe8354a3f2dcd7d89f\",\"name\":\"Antonella Freggiaro\",\"description\":\"Antonella Freggiaro, presidente dell'associazione Abarek\u00e0-Nandree, \u00e8 impegnata da anni in Mali in progetti nel campo dell'educazione, della nonviolenza e della sanit\u00e0.\",\"url\":\"https:\/\/www.pressenza.com\/it\/author\/antonella-freggiaro\/\"}]}<\/script>\n<!-- \/ Yoast SEO plugin. -->","yoast_head_json":{"title":"Elezioni in Mali: quale futuro?","description":"Domenica 28 luglio si sono svolte in Mali le prime elezioni presidenziali dopo la crisi politica cominciata nel gennaio del 2012 ed il successivo colpo di","robots":{"index":"index","follow":"follow","max-snippet":"max-snippet:-1","max-image-preview":"max-image-preview:large","max-video-preview":"max-video-preview:-1"},"canonical":"https:\/\/www.pressenza.com\/it\/2013\/08\/elezioni-in-mali-quale-futuro\/","og_locale":"it_IT","og_type":"article","og_title":"Elezioni in Mali: quale futuro?","og_description":"Domenica 28 luglio si sono svolte in Mali le prime elezioni presidenziali dopo la crisi politica cominciata nel gennaio del 2012 ed il successivo colpo di","og_url":"https:\/\/www.pressenza.com\/it\/2013\/08\/elezioni-in-mali-quale-futuro\/","og_site_name":"Pressenza","article_publisher":"https:\/\/www.facebook.com\/PressenzaItalia","article_published_time":"2013-08-07T11:47:34+00:00","og_image":[{"url":"http:\/\/media.polisblog.it\/b\/b6f\/Mali-elezioni.jpg","type":"","width":"","height":""}],"author":"Antonella Freggiaro","twitter_card":"summary_large_image","twitter_creator":"@PressenzaIPA","twitter_site":"@PressenzaIPA","twitter_misc":{"Scritto da":"Antonella Freggiaro","Tempo di lettura stimato":"2 minuti"},"schema":{"@context":"https:\/\/schema.org","@graph":[{"@type":"Article","@id":"https:\/\/www.pressenza.com\/it\/2013\/08\/elezioni-in-mali-quale-futuro\/#article","isPartOf":{"@id":"https:\/\/www.pressenza.com\/it\/2013\/08\/elezioni-in-mali-quale-futuro\/"},"author":{"name":"Antonella Freggiaro","@id":"https:\/\/www.pressenza.com\/it\/#\/schema\/person\/3e5837299c96e9fe8354a3f2dcd7d89f"},"headline":"Elezioni in Mali: quale futuro?","datePublished":"2013-08-07T11:47:34+00:00","mainEntityOfPage":{"@id":"https:\/\/www.pressenza.com\/it\/2013\/08\/elezioni-in-mali-quale-futuro\/"},"wordCount":496,"publisher":{"@id":"https:\/\/www.pressenza.com\/it\/#organization"},"image":{"@id":"https:\/\/www.pressenza.com\/it\/2013\/08\/elezioni-in-mali-quale-futuro\/#primaryimage"},"thumbnailUrl":"http:\/\/media.polisblog.it\/b\/b6f\/Mali-elezioni.jpg","keywords":["elezioni presidenziali","Mali"],"articleSection":["Africa","Politica"],"inLanguage":"it-IT"},{"@type":"WebPage","@id":"https:\/\/www.pressenza.com\/it\/2013\/08\/elezioni-in-mali-quale-futuro\/","url":"https:\/\/www.pressenza.com\/it\/2013\/08\/elezioni-in-mali-quale-futuro\/","name":"Elezioni in Mali: quale futuro?","isPartOf":{"@id":"https:\/\/www.pressenza.com\/it\/#website"},"primaryImageOfPage":{"@id":"https:\/\/www.pressenza.com\/it\/2013\/08\/elezioni-in-mali-quale-futuro\/#primaryimage"},"image":{"@id":"https:\/\/www.pressenza.com\/it\/2013\/08\/elezioni-in-mali-quale-futuro\/#primaryimage"},"thumbnailUrl":"http:\/\/media.polisblog.it\/b\/b6f\/Mali-elezioni.jpg","datePublished":"2013-08-07T11:47:34+00:00","description":"Domenica 28 luglio si sono svolte in Mali le prime elezioni presidenziali dopo la crisi politica cominciata nel gennaio del 2012 ed il successivo colpo di","breadcrumb":{"@id":"https:\/\/www.pressenza.com\/it\/2013\/08\/elezioni-in-mali-quale-futuro\/#breadcrumb"},"inLanguage":"it-IT","potentialAction":[{"@type":"ReadAction","target":["https:\/\/www.pressenza.com\/it\/2013\/08\/elezioni-in-mali-quale-futuro\/"]}]},{"@type":"ImageObject","inLanguage":"it-IT","@id":"https:\/\/www.pressenza.com\/it\/2013\/08\/elezioni-in-mali-quale-futuro\/#primaryimage","url":"http:\/\/media.polisblog.it\/b\/b6f\/Mali-elezioni.jpg","contentUrl":"http:\/\/media.polisblog.it\/b\/b6f\/Mali-elezioni.jpg"},{"@type":"BreadcrumbList","@id":"https:\/\/www.pressenza.com\/it\/2013\/08\/elezioni-in-mali-quale-futuro\/#breadcrumb","itemListElement":[{"@type":"ListItem","position":1,"name":"Accueil","item":"https:\/\/www.pressenza.com\/it\/"},{"@type":"ListItem","position":2,"name":"Elezioni in Mali: quale futuro?"}]},{"@type":"WebSite","@id":"https:\/\/www.pressenza.com\/it\/#website","url":"https:\/\/www.pressenza.com\/it\/","name":"Pressenza","description":"Agenzia di Stampa Internazionale","publisher":{"@id":"https:\/\/www.pressenza.com\/it\/#organization"},"potentialAction":[{"@type":"SearchAction","target":{"@type":"EntryPoint","urlTemplate":"https:\/\/www.pressenza.com\/it\/?s={search_term_string}"},"query-input":{"@type":"PropertyValueSpecification","valueRequired":true,"valueName":"search_term_string"}}],"inLanguage":"it-IT"},{"@type":"Organization","@id":"https:\/\/www.pressenza.com\/it\/#organization","name":"Pressenza","url":"https:\/\/www.pressenza.com\/it\/","logo":{"@type":"ImageObject","inLanguage":"it-IT","@id":"https:\/\/www.pressenza.com\/it\/#\/schema\/logo\/image\/","url":"https:\/\/www.pressenza.com\/wp-content\/uploads\/2022\/10\/pressenza_logo_200x200.jpg","contentUrl":"https:\/\/www.pressenza.com\/wp-content\/uploads\/2022\/10\/pressenza_logo_200x200.jpg","width":200,"height":200,"caption":"Pressenza"},"image":{"@id":"https:\/\/www.pressenza.com\/it\/#\/schema\/logo\/image\/"},"sameAs":["https:\/\/www.facebook.com\/PressenzaItalia","https:\/\/x.com\/PressenzaIPA"]},{"@type":"Person","@id":"https:\/\/www.pressenza.com\/it\/#\/schema\/person\/3e5837299c96e9fe8354a3f2dcd7d89f","name":"Antonella Freggiaro","description":"Antonella Freggiaro, presidente dell'associazione Abarek\u00e0-Nandree, \u00e8 impegnata da anni in Mali in progetti nel campo dell'educazione, della nonviolenza e della sanit\u00e0.","url":"https:\/\/www.pressenza.com\/it\/author\/antonella-freggiaro\/"}]}},"place":"","original_article_url":"","_links":{"self":[{"href":"https:\/\/www.pressenza.com\/it\/wp-json\/wp\/v2\/posts\/63875","targetHints":{"allow":["GET"]}}],"collection":[{"href":"https:\/\/www.pressenza.com\/it\/wp-json\/wp\/v2\/posts"}],"about":[{"href":"https:\/\/www.pressenza.com\/it\/wp-json\/wp\/v2\/types\/post"}],"author":[{"embeddable":true,"href":"https:\/\/www.pressenza.com\/it\/wp-json\/wp\/v2\/users\/941"}],"replies":[{"embeddable":true,"href":"https:\/\/www.pressenza.com\/it\/wp-json\/wp\/v2\/comments?post=63875"}],"version-history":[{"count":0,"href":"https:\/\/www.pressenza.com\/it\/wp-json\/wp\/v2\/posts\/63875\/revisions"}],"wp:attachment":[{"href":"https:\/\/www.pressenza.com\/it\/wp-json\/wp\/v2\/media?parent=63875"}],"wp:term":[{"taxonomy":"category","embeddable":true,"href":"https:\/\/www.pressenza.com\/it\/wp-json\/wp\/v2\/categories?post=63875"},{"taxonomy":"post_tag","embeddable":true,"href":"https:\/\/www.pressenza.com\/it\/wp-json\/wp\/v2\/tags?post=63875"}],"curies":[{"name":"wp","href":"https:\/\/api.w.org\/{rel}","templated":true}]}}