{"id":638202,"date":"2018-05-10T15:29:37","date_gmt":"2018-05-10T14:29:37","guid":{"rendered":"https:\/\/www.pressenza.com\/?p=638202"},"modified":"2018-05-10T15:29:37","modified_gmt":"2018-05-10T14:29:37","slug":"governi-neutrali-non-esistono-tutti-governi-politici","status":"publish","type":"post","link":"https:\/\/www.pressenza.com\/it\/2018\/05\/governi-neutrali-non-esistono-tutti-governi-politici\/","title":{"rendered":"I governi \u201cneutrali non esistono. Tutti i governi sono politici!"},"content":{"rendered":"<p>Il presidente Mattarella ha dichiarato di voler nominare un governo \u201cneutrale\u201d \u2013 eufemismo per non dire \u201ctecnico\u201d, parola che ricorderebbe a tutti gli italiani la terribile esperienza di Monti &amp;Fornero \u2013\u00a0 auspicando che le forze politiche lo facciano vivere fino a dicembre.<\/p>\n<p>Ovviamente si tratterebbe di un governo \u201ceuropeista\u201d, cio\u00e8 impegnato a far approvare tutti i diktat dell\u2019Unione Europea, a partire dal Fiscal Compact\u2026<\/p>\n<p>Vogliamo dirlo con chiarezza: i governi \u201cneutrali\u201d o \u201ctecnici\u201d non esistono, non sono mai esistiti. Tutti i governi sono politici, servono gli interessi di una parte sociale.<\/p>\n<p>\u00c8 politica accettare i diktat della UE, fare tagli alla spesa sociale per sterilizzare l\u2019aumento dell\u2019IVA, anche questa decisione assolutamente politica nel nome dell\u2019austerit\u00e0.<\/p>\n<p>\u00c8 politica tranquillizzare i mercati, cio\u00e8 fare ci\u00f2 che vogliono banche e finanza.<\/p>\n<p>\u00c8 politica stare nella NATO e sostenere la politica guerrafondaia di Trump e Macron.<\/p>\n<p>Quello di Monti era un governo tecnico? No, era un governo politico, sostenuto da PD e PDL che rispondeva alla politica voluta dalle \u00e9lites italiane ed europee.\u00a0 Basta con queste ipocrisie!<\/p>\n<p>Anche Lega e M5S fanno da due mesi i furbi sulla pelle delle italiane e degli italiani, lottando per i propri interessi di potere, preparandosi a una campagna elettorale\u00a0 in cui sbandiereranno di nuovo l\u2019abolizione della legge Fornero. Legge che potrebbero in pochi giorni approvare avendo in questo parlamento i numeri per farlo. E con gli stessi numeri potrebbero approvare una legge elettorale che restituisca agli italiani la possibilit\u00e0 di scegliere i propri rappresentanti rispettando la Costituzione.<\/p>\n<p>Quanto accaduto in queste settimane dimostra che il richiamo al \u201cvoto utile\u201d della scorsa campagna elettorale era una bugia: l\u2019unico voto utile \u00e8 quello che fa i tuoi interessi, non i loro!<\/p>\n<p>Le ragioni che ci hanno spinto a lanciare Potere al popolo! dopo questi due mesi sono ancora pi\u00f9 forti e pi\u00f9 chiare.<\/p>\n<p>C\u2019\u00e8 bisogno di uno schieramento sociale e politico alternativo a tutti i poli esistenti che applichi la Costituzione e difenda gli interessi delle classi popolari con un programma di radicale rottura con le politiche degli ultimi 25 anni e i diktat dell\u2019UE.<\/p>\n<p>Noi lo stiamo costruendo, e invitiamo chiunque abbia a cuore le sorti del paese a farlo con noi. Se si andr\u00e0 ad elezioni, Potere al Popolo ci sar\u00e0!<\/p>\n<p>&nbsp;<\/p>\n","protected":false},"excerpt":{"rendered":"<p>Il presidente Mattarella ha dichiarato di voler nominare un governo \u201cneutrale\u201d \u2013 eufemismo per non dire \u201ctecnico\u201d, parola che ricorderebbe a tutti gli italiani la terribile esperienza di Monti &amp;Fornero \u2013\u00a0 auspicando che le forze politiche lo facciano vivere fino&hellip;<\/p>\n","protected":false},"author":1515,"featured_media":638203,"comment_status":"closed","ping_status":"closed","sticky":false,"template":"","format":"standard","meta":{"footnotes":""},"categories":[150,47,55],"tags":[33280,45980,6998,37282,207],"class_list":["post-638202","post","type-post","status-publish","format-standard","has-post-thumbnail","hentry","category-comunicati-stampa","category-europa","category-politica","tag-5-stelle","tag-governo-neutrale","tag-lega","tag-mattarella","tag-nato"],"yoast_head":"<!-- This site is optimized with the Yoast SEO plugin v27.1.1 - https:\/\/yoast.com\/product\/yoast-seo-wordpress\/ -->\n<title>I governi \u201cneutrali non esistono. Tutti i governi sono politici!<\/title>\n<meta name=\"description\" content=\"Il presidente Mattarella ha dichiarato di voler nominare un governo \u201cneutrale\u201d \u2013 eufemismo per non dire \u201ctecnico\u201d, parola che ricorderebbe a tutti gli\" \/>\n<meta name=\"robots\" content=\"index, follow, max-snippet:-1, max-image-preview:large, max-video-preview:-1\" \/>\n<link rel=\"canonical\" href=\"https:\/\/www.pressenza.com\/it\/2018\/05\/governi-neutrali-non-esistono-tutti-governi-politici\/\" \/>\n<meta property=\"og:locale\" content=\"it_IT\" \/>\n<meta property=\"og:type\" content=\"article\" \/>\n<meta property=\"og:title\" content=\"I governi \u201cneutrali non esistono. Tutti i governi sono politici!\" \/>\n<meta property=\"og:description\" content=\"Il presidente Mattarella ha dichiarato di voler nominare un governo \u201cneutrale\u201d \u2013 eufemismo per non dire \u201ctecnico\u201d, parola che ricorderebbe a tutti gli\" \/>\n<meta property=\"og:url\" content=\"https:\/\/www.pressenza.com\/it\/2018\/05\/governi-neutrali-non-esistono-tutti-governi-politici\/\" \/>\n<meta property=\"og:site_name\" content=\"Pressenza\" \/>\n<meta property=\"article:publisher\" content=\"https:\/\/www.facebook.com\/PressenzaItalia\" \/>\n<meta property=\"article:published_time\" content=\"2018-05-10T14:29:37+00:00\" \/>\n<meta property=\"og:image\" content=\"https:\/\/www.pressenza.com\/wp-content\/uploads\/2018\/05\/Mattarella.jpg\" \/>\n\t<meta property=\"og:image:width\" content=\"1300\" \/>\n\t<meta property=\"og:image:height\" content=\"800\" \/>\n\t<meta property=\"og:image:type\" content=\"image\/jpeg\" \/>\n<meta name=\"author\" content=\"Potere Al Popolo\" \/>\n<meta name=\"twitter:card\" content=\"summary_large_image\" \/>\n<meta name=\"twitter:creator\" content=\"@PressenzaIPA\" \/>\n<meta name=\"twitter:site\" content=\"@PressenzaIPA\" \/>\n<meta name=\"twitter:label1\" content=\"Scritto da\" \/>\n\t<meta name=\"twitter:data1\" content=\"Potere Al Popolo\" \/>\n\t<meta name=\"twitter:label2\" content=\"Tempo di lettura stimato\" \/>\n\t<meta name=\"twitter:data2\" content=\"2 minuti\" \/>\n<script type=\"application\/ld+json\" class=\"yoast-schema-graph\">{\"@context\":\"https:\/\/schema.org\",\"@graph\":[{\"@type\":\"Article\",\"@id\":\"https:\/\/www.pressenza.com\/it\/2018\/05\/governi-neutrali-non-esistono-tutti-governi-politici\/#article\",\"isPartOf\":{\"@id\":\"https:\/\/www.pressenza.com\/it\/2018\/05\/governi-neutrali-non-esistono-tutti-governi-politici\/\"},\"author\":{\"name\":\"Potere Al Popolo\",\"@id\":\"https:\/\/www.pressenza.com\/it\/#\/schema\/person\/d82b464065b17ccca8a55d1e444cceeb\"},\"headline\":\"I governi \u201cneutrali non esistono. Tutti i governi sono politici!\",\"datePublished\":\"2018-05-10T14:29:37+00:00\",\"mainEntityOfPage\":{\"@id\":\"https:\/\/www.pressenza.com\/it\/2018\/05\/governi-neutrali-non-esistono-tutti-governi-politici\/\"},\"wordCount\":387,\"publisher\":{\"@id\":\"https:\/\/www.pressenza.com\/it\/#organization\"},\"image\":{\"@id\":\"https:\/\/www.pressenza.com\/it\/2018\/05\/governi-neutrali-non-esistono-tutti-governi-politici\/#primaryimage\"},\"thumbnailUrl\":\"https:\/\/www.pressenza.com\/wp-content\/uploads\/2018\/05\/Mattarella.jpg\",\"keywords\":[\"5 Stelle\",\"governo neutrale\",\"Lega\",\"Mattarella\",\"NATO\"],\"articleSection\":[\"Comunicati Stampa\",\"Europa\",\"Politica\"],\"inLanguage\":\"it-IT\"},{\"@type\":\"WebPage\",\"@id\":\"https:\/\/www.pressenza.com\/it\/2018\/05\/governi-neutrali-non-esistono-tutti-governi-politici\/\",\"url\":\"https:\/\/www.pressenza.com\/it\/2018\/05\/governi-neutrali-non-esistono-tutti-governi-politici\/\",\"name\":\"I governi \u201cneutrali non esistono. Tutti i governi sono politici!\",\"isPartOf\":{\"@id\":\"https:\/\/www.pressenza.com\/it\/#website\"},\"primaryImageOfPage\":{\"@id\":\"https:\/\/www.pressenza.com\/it\/2018\/05\/governi-neutrali-non-esistono-tutti-governi-politici\/#primaryimage\"},\"image\":{\"@id\":\"https:\/\/www.pressenza.com\/it\/2018\/05\/governi-neutrali-non-esistono-tutti-governi-politici\/#primaryimage\"},\"thumbnailUrl\":\"https:\/\/www.pressenza.com\/wp-content\/uploads\/2018\/05\/Mattarella.jpg\",\"datePublished\":\"2018-05-10T14:29:37+00:00\",\"description\":\"Il presidente Mattarella ha dichiarato di voler nominare un governo \u201cneutrale\u201d \u2013 eufemismo per non dire \u201ctecnico\u201d, parola che ricorderebbe a tutti gli\",\"breadcrumb\":{\"@id\":\"https:\/\/www.pressenza.com\/it\/2018\/05\/governi-neutrali-non-esistono-tutti-governi-politici\/#breadcrumb\"},\"inLanguage\":\"it-IT\",\"potentialAction\":[{\"@type\":\"ReadAction\",\"target\":[\"https:\/\/www.pressenza.com\/it\/2018\/05\/governi-neutrali-non-esistono-tutti-governi-politici\/\"]}]},{\"@type\":\"ImageObject\",\"inLanguage\":\"it-IT\",\"@id\":\"https:\/\/www.pressenza.com\/it\/2018\/05\/governi-neutrali-non-esistono-tutti-governi-politici\/#primaryimage\",\"url\":\"https:\/\/www.pressenza.com\/wp-content\/uploads\/2018\/05\/Mattarella.jpg\",\"contentUrl\":\"https:\/\/www.pressenza.com\/wp-content\/uploads\/2018\/05\/Mattarella.jpg\",\"width\":1300,\"height\":800},{\"@type\":\"BreadcrumbList\",\"@id\":\"https:\/\/www.pressenza.com\/it\/2018\/05\/governi-neutrali-non-esistono-tutti-governi-politici\/#breadcrumb\",\"itemListElement\":[{\"@type\":\"ListItem\",\"position\":1,\"name\":\"Accueil\",\"item\":\"https:\/\/www.pressenza.com\/it\/\"},{\"@type\":\"ListItem\",\"position\":2,\"name\":\"I governi \u201cneutrali non esistono. Tutti i governi sono politici!\"}]},{\"@type\":\"WebSite\",\"@id\":\"https:\/\/www.pressenza.com\/it\/#website\",\"url\":\"https:\/\/www.pressenza.com\/it\/\",\"name\":\"Pressenza\",\"description\":\"Agenzia di Stampa Internazionale\",\"publisher\":{\"@id\":\"https:\/\/www.pressenza.com\/it\/#organization\"},\"potentialAction\":[{\"@type\":\"SearchAction\",\"target\":{\"@type\":\"EntryPoint\",\"urlTemplate\":\"https:\/\/www.pressenza.com\/it\/?s={search_term_string}\"},\"query-input\":{\"@type\":\"PropertyValueSpecification\",\"valueRequired\":true,\"valueName\":\"search_term_string\"}}],\"inLanguage\":\"it-IT\"},{\"@type\":\"Organization\",\"@id\":\"https:\/\/www.pressenza.com\/it\/#organization\",\"name\":\"Pressenza\",\"url\":\"https:\/\/www.pressenza.com\/it\/\",\"logo\":{\"@type\":\"ImageObject\",\"inLanguage\":\"it-IT\",\"@id\":\"https:\/\/www.pressenza.com\/it\/#\/schema\/logo\/image\/\",\"url\":\"https:\/\/www.pressenza.com\/wp-content\/uploads\/2022\/10\/pressenza_logo_200x200.jpg\",\"contentUrl\":\"https:\/\/www.pressenza.com\/wp-content\/uploads\/2022\/10\/pressenza_logo_200x200.jpg\",\"width\":200,\"height\":200,\"caption\":\"Pressenza\"},\"image\":{\"@id\":\"https:\/\/www.pressenza.com\/it\/#\/schema\/logo\/image\/\"},\"sameAs\":[\"https:\/\/www.facebook.com\/PressenzaItalia\",\"https:\/\/x.com\/PressenzaIPA\"]},{\"@type\":\"Person\",\"@id\":\"https:\/\/www.pressenza.com\/it\/#\/schema\/person\/d82b464065b17ccca8a55d1e444cceeb\",\"name\":\"Potere Al Popolo\",\"url\":\"https:\/\/www.pressenza.com\/it\/author\/potere-al-popolo\/\"}]}<\/script>\n<!-- \/ Yoast SEO plugin. -->","yoast_head_json":{"title":"I governi \u201cneutrali non esistono. Tutti i governi sono politici!","description":"Il presidente Mattarella ha dichiarato di voler nominare un governo \u201cneutrale\u201d \u2013 eufemismo per non dire \u201ctecnico\u201d, parola che ricorderebbe a tutti gli","robots":{"index":"index","follow":"follow","max-snippet":"max-snippet:-1","max-image-preview":"max-image-preview:large","max-video-preview":"max-video-preview:-1"},"canonical":"https:\/\/www.pressenza.com\/it\/2018\/05\/governi-neutrali-non-esistono-tutti-governi-politici\/","og_locale":"it_IT","og_type":"article","og_title":"I governi \u201cneutrali non esistono. Tutti i governi sono politici!","og_description":"Il presidente Mattarella ha dichiarato di voler nominare un governo \u201cneutrale\u201d \u2013 eufemismo per non dire \u201ctecnico\u201d, parola che ricorderebbe a tutti gli","og_url":"https:\/\/www.pressenza.com\/it\/2018\/05\/governi-neutrali-non-esistono-tutti-governi-politici\/","og_site_name":"Pressenza","article_publisher":"https:\/\/www.facebook.com\/PressenzaItalia","article_published_time":"2018-05-10T14:29:37+00:00","og_image":[{"width":1300,"height":800,"url":"https:\/\/www.pressenza.com\/wp-content\/uploads\/2018\/05\/Mattarella.jpg","type":"image\/jpeg"}],"author":"Potere Al Popolo","twitter_card":"summary_large_image","twitter_creator":"@PressenzaIPA","twitter_site":"@PressenzaIPA","twitter_misc":{"Scritto da":"Potere Al Popolo","Tempo di lettura stimato":"2 minuti"},"schema":{"@context":"https:\/\/schema.org","@graph":[{"@type":"Article","@id":"https:\/\/www.pressenza.com\/it\/2018\/05\/governi-neutrali-non-esistono-tutti-governi-politici\/#article","isPartOf":{"@id":"https:\/\/www.pressenza.com\/it\/2018\/05\/governi-neutrali-non-esistono-tutti-governi-politici\/"},"author":{"name":"Potere Al Popolo","@id":"https:\/\/www.pressenza.com\/it\/#\/schema\/person\/d82b464065b17ccca8a55d1e444cceeb"},"headline":"I governi \u201cneutrali non esistono. Tutti i governi sono politici!","datePublished":"2018-05-10T14:29:37+00:00","mainEntityOfPage":{"@id":"https:\/\/www.pressenza.com\/it\/2018\/05\/governi-neutrali-non-esistono-tutti-governi-politici\/"},"wordCount":387,"publisher":{"@id":"https:\/\/www.pressenza.com\/it\/#organization"},"image":{"@id":"https:\/\/www.pressenza.com\/it\/2018\/05\/governi-neutrali-non-esistono-tutti-governi-politici\/#primaryimage"},"thumbnailUrl":"https:\/\/www.pressenza.com\/wp-content\/uploads\/2018\/05\/Mattarella.jpg","keywords":["5 Stelle","governo neutrale","Lega","Mattarella","NATO"],"articleSection":["Comunicati Stampa","Europa","Politica"],"inLanguage":"it-IT"},{"@type":"WebPage","@id":"https:\/\/www.pressenza.com\/it\/2018\/05\/governi-neutrali-non-esistono-tutti-governi-politici\/","url":"https:\/\/www.pressenza.com\/it\/2018\/05\/governi-neutrali-non-esistono-tutti-governi-politici\/","name":"I governi \u201cneutrali non esistono. Tutti i governi sono politici!","isPartOf":{"@id":"https:\/\/www.pressenza.com\/it\/#website"},"primaryImageOfPage":{"@id":"https:\/\/www.pressenza.com\/it\/2018\/05\/governi-neutrali-non-esistono-tutti-governi-politici\/#primaryimage"},"image":{"@id":"https:\/\/www.pressenza.com\/it\/2018\/05\/governi-neutrali-non-esistono-tutti-governi-politici\/#primaryimage"},"thumbnailUrl":"https:\/\/www.pressenza.com\/wp-content\/uploads\/2018\/05\/Mattarella.jpg","datePublished":"2018-05-10T14:29:37+00:00","description":"Il presidente Mattarella ha dichiarato di voler nominare un governo \u201cneutrale\u201d \u2013 eufemismo per non dire \u201ctecnico\u201d, parola che ricorderebbe a tutti gli","breadcrumb":{"@id":"https:\/\/www.pressenza.com\/it\/2018\/05\/governi-neutrali-non-esistono-tutti-governi-politici\/#breadcrumb"},"inLanguage":"it-IT","potentialAction":[{"@type":"ReadAction","target":["https:\/\/www.pressenza.com\/it\/2018\/05\/governi-neutrali-non-esistono-tutti-governi-politici\/"]}]},{"@type":"ImageObject","inLanguage":"it-IT","@id":"https:\/\/www.pressenza.com\/it\/2018\/05\/governi-neutrali-non-esistono-tutti-governi-politici\/#primaryimage","url":"https:\/\/www.pressenza.com\/wp-content\/uploads\/2018\/05\/Mattarella.jpg","contentUrl":"https:\/\/www.pressenza.com\/wp-content\/uploads\/2018\/05\/Mattarella.jpg","width":1300,"height":800},{"@type":"BreadcrumbList","@id":"https:\/\/www.pressenza.com\/it\/2018\/05\/governi-neutrali-non-esistono-tutti-governi-politici\/#breadcrumb","itemListElement":[{"@type":"ListItem","position":1,"name":"Accueil","item":"https:\/\/www.pressenza.com\/it\/"},{"@type":"ListItem","position":2,"name":"I governi \u201cneutrali non esistono. Tutti i governi sono politici!"}]},{"@type":"WebSite","@id":"https:\/\/www.pressenza.com\/it\/#website","url":"https:\/\/www.pressenza.com\/it\/","name":"Pressenza","description":"Agenzia di Stampa Internazionale","publisher":{"@id":"https:\/\/www.pressenza.com\/it\/#organization"},"potentialAction":[{"@type":"SearchAction","target":{"@type":"EntryPoint","urlTemplate":"https:\/\/www.pressenza.com\/it\/?s={search_term_string}"},"query-input":{"@type":"PropertyValueSpecification","valueRequired":true,"valueName":"search_term_string"}}],"inLanguage":"it-IT"},{"@type":"Organization","@id":"https:\/\/www.pressenza.com\/it\/#organization","name":"Pressenza","url":"https:\/\/www.pressenza.com\/it\/","logo":{"@type":"ImageObject","inLanguage":"it-IT","@id":"https:\/\/www.pressenza.com\/it\/#\/schema\/logo\/image\/","url":"https:\/\/www.pressenza.com\/wp-content\/uploads\/2022\/10\/pressenza_logo_200x200.jpg","contentUrl":"https:\/\/www.pressenza.com\/wp-content\/uploads\/2022\/10\/pressenza_logo_200x200.jpg","width":200,"height":200,"caption":"Pressenza"},"image":{"@id":"https:\/\/www.pressenza.com\/it\/#\/schema\/logo\/image\/"},"sameAs":["https:\/\/www.facebook.com\/PressenzaItalia","https:\/\/x.com\/PressenzaIPA"]},{"@type":"Person","@id":"https:\/\/www.pressenza.com\/it\/#\/schema\/person\/d82b464065b17ccca8a55d1e444cceeb","name":"Potere Al Popolo","url":"https:\/\/www.pressenza.com\/it\/author\/potere-al-popolo\/"}]}},"place":"","original_article_url":"https:\/\/poterealpopolo.org\/i-governi-neutrali-non-esistono-tutti-i-governi-sono-politici\/","_links":{"self":[{"href":"https:\/\/www.pressenza.com\/it\/wp-json\/wp\/v2\/posts\/638202","targetHints":{"allow":["GET"]}}],"collection":[{"href":"https:\/\/www.pressenza.com\/it\/wp-json\/wp\/v2\/posts"}],"about":[{"href":"https:\/\/www.pressenza.com\/it\/wp-json\/wp\/v2\/types\/post"}],"author":[{"embeddable":true,"href":"https:\/\/www.pressenza.com\/it\/wp-json\/wp\/v2\/users\/1515"}],"replies":[{"embeddable":true,"href":"https:\/\/www.pressenza.com\/it\/wp-json\/wp\/v2\/comments?post=638202"}],"version-history":[{"count":0,"href":"https:\/\/www.pressenza.com\/it\/wp-json\/wp\/v2\/posts\/638202\/revisions"}],"wp:featuredmedia":[{"embeddable":true,"href":"https:\/\/www.pressenza.com\/it\/wp-json\/wp\/v2\/media\/638203"}],"wp:attachment":[{"href":"https:\/\/www.pressenza.com\/it\/wp-json\/wp\/v2\/media?parent=638202"}],"wp:term":[{"taxonomy":"category","embeddable":true,"href":"https:\/\/www.pressenza.com\/it\/wp-json\/wp\/v2\/categories?post=638202"},{"taxonomy":"post_tag","embeddable":true,"href":"https:\/\/www.pressenza.com\/it\/wp-json\/wp\/v2\/tags?post=638202"}],"curies":[{"name":"wp","href":"https:\/\/api.w.org\/{rel}","templated":true}]}}