{"id":63624,"date":"2013-08-04T14:19:20","date_gmt":"2013-08-04T13:19:20","guid":{"rendered":"http:\/\/www.pressenza.com\/?p=63624"},"modified":"2013-08-04T14:24:55","modified_gmt":"2013-08-04T13:24:55","slug":"riforma-della-pac-litalia-scelga-unagricoltura-piu-sostenibile","status":"publish","type":"post","link":"https:\/\/www.pressenza.com\/it\/2013\/08\/riforma-della-pac-litalia-scelga-unagricoltura-piu-sostenibile\/","title":{"rendered":"Riforma della PAC, \u201cl&#8217;Italia scelga un&#8217;agricoltura pi\u00f9 sostenibile\u201d"},"content":{"rendered":"<p><img loading=\"lazy\" decoding=\"async\" class=\"alignright\" alt=\"\" src=\"https:\/\/www.pressenza.com\/wp-content\/uploads\/2012\/09\/agricoltura-campo-di-patate-600x450.jpg\" width=\"600\" height=\"450\" \/><\/p>\n<p>Le Associazioni del mondo ambientalista e dell&#8217;agricoltura biologica chiedono un incontro al Ministro Nunzia De Girolamo e alla Conferenza delle Regioni per l\u2019applicazione in Italia della nuova Politica Agricola Comune (PAC) al fine di assicurare un futuro sostenibile all\u2019agricoltura.<\/p>\n<p>Il\u00a0<b>tavolo unitario<\/b>\u00a0delle 14 Associazioni ambientaliste e dell&#8217;agricoltura biologica (AIAB, Associazione per l&#8217;Agricoltura Biodinamica, FAI, Federbio &#8211; Upbio, FIRAB, Italia Nostra, Legambiente, LIPU, Slow Food, Touring Club Italiano, Pro Natura, Societ\u00e0 Italiana Ecol<\/p>\n<p>ogia del Paesaggio, WWF) che da settembre 2012 lavora all\u2019elaborazione di proposte per una riforma della PAC in grado di assicurare un futuro sostenibile all\u2019<br \/>\ne sull\u2019 impostazione dell\u2019accordo di partenariato per la programmazione dei fondi Europei 2014 \u2013 2020 e la definizione dei PAN pesticidi.agricoltura chiede un\u2019incontro al Ministro delle Politiche Agricole, Alimentari e Forestali Nunzia De Girolamo e agli Assessori all\u2019Agricoltura e all\u2019Ambiente che coordinano le relative Commissioni della Conferenza delle Regioni, per presentare le loro richieste sulle decisioni che il Governo dovr\u00e0 assumere d\u2019intesa con le Regioni per l\u2019attuazione della riforma della PAC nel nostro paese<\/p>\n<div id=\"artt\">\n<p>&nbsp;<\/p>\n<p>Le\u00a0<b>14 Associazioni<\/b>\u00a0valutano negativamente l\u2019accordo che il 25 giugno scorso il Parlamento Europeo, il Consiglio Europeo e la Commissione Europea\u00a0<a href=\"http:\/\/www.ilcambiamento.it\/legislazione_ambientale\/politica_agricola_comune_accordo_ue_riforma.html\" target=\"_blank\">hanno raggiunto<\/a>\u00a0sulla riforma della PAC. Una delle poche cose positive dell\u2019accordo \u00e8 che le nuove regole comunitarie lasciano una buona possibilit\u00e0 di scegliere agli stati membri nell\u2019applicazione della nuova PAC come ad esempio la flessibilit\u00e0 dei fondi tra i due pilastri, la definizione dell&#8217;agricoltore attivo, il tetto massimo degli aiuti e le misure per i giovani agricoltori e su queste opportunit\u00e0 il tavolo vuole contribuire con alcune proposte fra quali la prima \u00e8 usare la flessibilit\u00e0 dei fondi tra i due pilastri per spostare il 15% dal primo al secondo, vero strumento per lo sviluppo sostenibile delle imprese e del territorio.<\/p>\n<p>&nbsp;<\/p>\n<p>&#8220;L\u2019<b>accordo raggiunto<\/b>\u00a0a livello europeo non ha prodotto la riforma della PAC attesa dai cittadini e dalla componente pi\u00f9 avanzata del mondo agricolo che in questo momento di crisi economica chiedevano una svolta radicale verso un nuovo modello agricolo in grado di premiare le aziende pi\u00f9 virtuose, che producono i maggiori benefici per la societ\u00e0, cibo sano, tutela dell\u2019ambiente e capacit\u00e0 di creare lavoro per i giovani. Adesso ci sono alcune scelte che spettano all\u2019Italia e che possono cercare d\u2019interpretare le aspettative e le richieste della maggioranza dei cittadini per un\u2019agricoltura pi\u00f9 sostenibile, attenta ai beni comuni e all&#8217;interesse generale e su queste scelte chiediamo di essere ascoltati per poter contribuire portando le nostre proposte\u201d, ha dichiarato la portavoce del Tavolo Maria Grazia Mammuccini.<\/p>\n<p>&nbsp;<\/p>\n<div><img decoding=\"async\" title=\"Pesticidi\" alt=\"pesticidi\" src=\"http:\/\/www.ilcambiamento.it\/foto\/250\/pesticidi9__.jpg\" \/><br \/>\n<b>Le 14 Associazioni chiedono anche che sia completato il processo di definizione del Piano di Azione Nazionale (PAN) per l\u2019uso sostenibile dei fitofarmaci<\/b><\/div>\n<p>Tra l\u2019altro proprio ieri la Conferenza delle Regioni ha approvato la posizione sul negoziato per l\u2019applicazione della<b>Riforma della PAC<\/b>\u00a0con aspetti coerenti con le posizioni del tavolo e con un principio di fondo condivisibile e cio\u00e8 che fino ad oggi non si \u00e8 colto a livello nazionale un indirizzo politico vero mentre \u00e8 assolutamente necessario in questa fase realizzare scelte chiare individuando priorit\u00e0 e strategie adeguate alla crisi economica che vivono le imprese agricole e l\u2019intero sistema economico.<\/p>\n<p>&nbsp;<\/p>\n<p>Adesso quindi il Governo, d\u2019intesa con le Regioni, dovr\u00e0 definire il\u00a0<b>quadro strategico<\/b>\u00a0di riferimento per la programmazione di tutti i Fondi Comunitari per il periodo 2014 \u2013 2020 e le 14 Associazioni auspicano che per la definizione dell\u2019accordo di partenariato siano opportunamente coinvolte tutte le Associazioni del mondo agricolo, compreso quelle del biologico, e quelle di protezione ambientale attraverso forme di partecipazione non solo formali ma sostanziali.<\/p>\n<p>&nbsp;<\/p>\n<p>Le 14 Associazioni chiedono infine che in questo contesto sia completato il processo di definizione del Piano di Azione Nazionale (PAN) per l\u2019uso sostenibile dei\u00a0<b>fitofarmaci<\/b>. Infatti c\u2019\u00e8 una stretta relazione tra questo e la definizione delle misure agroambientali della nuova programmazione dello Sviluppo Rurale.<\/p>\n<p>&nbsp;<\/p>\n<p>Sul PAN\u00a0<b>pesticidi<\/b>, dopo una prima consultazione delle parti sociali ed economiche interessate completata nei primi mesi del 2013, il processo per l\u2019adozione del PAN si \u00e8 bloccata in attesa che venga approvata dal Consiglio tecnico scientifico previsto dalla direttiva comunitaria e per il quale il Ministero dell\u2019Agricoltura deve produrre il Decreto che ne formalizza la costituzione.<\/p>\n<p>&nbsp;<\/p>\n<p>Tra l\u2019altro sul PAN le 14 Associazioni hanno prodotto osservazioni e proposte che mettono in primo piano la\u00a0<b>salute<\/b>\u00a0dei cittadini e degli agricoltori, la qualit\u00e0 dell\u2019ambiente e delle aree rurali, la sicurezza alimentare e adesso vogliono di nuovo sottoporre queste proposte all\u2019attenzione del Ministro Nunzia De Girolamo e degli Assessori all\u2019Agricoltura e all\u2019Ambiente che coordinano le relative Commissioni della Conferenza delle Regioni e delle Province autonome affinch\u00e9 si facciano garanti della corretta ed esaustiva applicazione della Direttiva comunitaria sui pesticidi.<\/p>\n<\/div>\n","protected":false},"excerpt":{"rendered":"<p>Le Associazioni del mondo ambientalista e dell&#8217;agricoltura biologica chiedono un incontro al Ministro Nunzia De Girolamo e alla Conferenza delle Regioni per l\u2019applicazione in Italia della nuova Politica Agricola Comune (PAC) al fine di assicurare un futuro sostenibile all\u2019agricoltura. Il\u00a0tavolo&hellip;<\/p>\n","protected":false},"author":665,"featured_media":0,"comment_status":"closed","ping_status":"open","sticky":false,"template":"","format":"standard","meta":{"footnotes":""},"categories":[59,62,47],"tags":[447,6192,5459,370,6191,3788],"class_list":["post-63624","post","type-post","status-publish","format-standard","hentry","category-ambiente-ecologia","category-economia","category-europa","tag-agricoltura","tag-agricoltura-biologica","tag-agricoltura-sostenibile","tag-italia","tag-piano-agricolo-comune","tag-unione-europea"],"yoast_head":"<!-- This site is optimized with the Yoast SEO plugin v27.1.1 - https:\/\/yoast.com\/product\/yoast-seo-wordpress\/ -->\n<title>Riforma della PAC, \u201cl&#039;Italia scelga un&#039;agricoltura pi\u00f9 sostenibile\u201d<\/title>\n<meta name=\"description\" content=\"Le Associazioni del mondo ambientalista e dell&#039;agricoltura biologica chiedono un incontro al Ministro Nunzia De Girolamo e alla Conferenza delle Regioni\" \/>\n<meta name=\"robots\" content=\"index, follow, max-snippet:-1, max-image-preview:large, max-video-preview:-1\" \/>\n<link rel=\"canonical\" href=\"https:\/\/www.pressenza.com\/it\/2013\/08\/riforma-della-pac-litalia-scelga-unagricoltura-piu-sostenibile\/\" \/>\n<meta property=\"og:locale\" content=\"it_IT\" \/>\n<meta property=\"og:type\" content=\"article\" \/>\n<meta property=\"og:title\" content=\"Riforma della PAC, \u201cl&#039;Italia scelga un&#039;agricoltura pi\u00f9 sostenibile\u201d\" \/>\n<meta property=\"og:description\" content=\"Le Associazioni del mondo ambientalista e dell&#039;agricoltura biologica chiedono un incontro al Ministro Nunzia De Girolamo e alla Conferenza delle Regioni\" \/>\n<meta property=\"og:url\" content=\"https:\/\/www.pressenza.com\/it\/2013\/08\/riforma-della-pac-litalia-scelga-unagricoltura-piu-sostenibile\/\" \/>\n<meta property=\"og:site_name\" content=\"Pressenza\" \/>\n<meta property=\"article:publisher\" content=\"https:\/\/www.facebook.com\/PressenzaItalia\" \/>\n<meta property=\"article:author\" content=\"https:\/\/www.facebook.com\/ilcambiamento.it\" \/>\n<meta property=\"article:published_time\" content=\"2013-08-04T13:19:20+00:00\" \/>\n<meta property=\"article:modified_time\" content=\"2013-08-04T13:24:55+00:00\" \/>\n<meta property=\"og:image\" content=\"https:\/\/www.pressenza.com\/wp-content\/uploads\/2012\/09\/agricoltura-campo-di-patate-600x450.jpg\" \/>\n<meta name=\"author\" content=\"Il Cambiamento\" \/>\n<meta name=\"twitter:card\" content=\"summary_large_image\" \/>\n<meta name=\"twitter:creator\" content=\"@Il_Cambiamento\" \/>\n<meta name=\"twitter:site\" content=\"@PressenzaIPA\" \/>\n<meta name=\"twitter:label1\" content=\"Scritto da\" \/>\n\t<meta name=\"twitter:data1\" content=\"Il Cambiamento\" \/>\n\t<meta name=\"twitter:label2\" content=\"Tempo di lettura stimato\" \/>\n\t<meta name=\"twitter:data2\" content=\"4 minuti\" \/>\n<script type=\"application\/ld+json\" class=\"yoast-schema-graph\">{\"@context\":\"https:\/\/schema.org\",\"@graph\":[{\"@type\":\"Article\",\"@id\":\"https:\/\/www.pressenza.com\/it\/2013\/08\/riforma-della-pac-litalia-scelga-unagricoltura-piu-sostenibile\/#article\",\"isPartOf\":{\"@id\":\"https:\/\/www.pressenza.com\/it\/2013\/08\/riforma-della-pac-litalia-scelga-unagricoltura-piu-sostenibile\/\"},\"author\":{\"name\":\"Il Cambiamento\",\"@id\":\"https:\/\/www.pressenza.com\/it\/#\/schema\/person\/39392bb9ae1201c4b749453969a04008\"},\"headline\":\"Riforma della PAC, \u201cl&#8217;Italia scelga un&#8217;agricoltura pi\u00f9 sostenibile\u201d\",\"datePublished\":\"2013-08-04T13:19:20+00:00\",\"dateModified\":\"2013-08-04T13:24:55+00:00\",\"mainEntityOfPage\":{\"@id\":\"https:\/\/www.pressenza.com\/it\/2013\/08\/riforma-della-pac-litalia-scelga-unagricoltura-piu-sostenibile\/\"},\"wordCount\":804,\"publisher\":{\"@id\":\"https:\/\/www.pressenza.com\/it\/#organization\"},\"image\":{\"@id\":\"https:\/\/www.pressenza.com\/it\/2013\/08\/riforma-della-pac-litalia-scelga-unagricoltura-piu-sostenibile\/#primaryimage\"},\"thumbnailUrl\":\"https:\/\/www.pressenza.com\/wp-content\/uploads\/2012\/09\/agricoltura-campo-di-patate-600x450.jpg\",\"keywords\":[\"agricoltura\",\"agricoltura biologica\",\"agricoltura sostenibile\",\"Italia\",\"Piano Agricolo Comune\",\"Unione Europea\"],\"articleSection\":[\"Ecologia ed Ambiente\",\"Economia\",\"Europa\"],\"inLanguage\":\"it-IT\"},{\"@type\":\"WebPage\",\"@id\":\"https:\/\/www.pressenza.com\/it\/2013\/08\/riforma-della-pac-litalia-scelga-unagricoltura-piu-sostenibile\/\",\"url\":\"https:\/\/www.pressenza.com\/it\/2013\/08\/riforma-della-pac-litalia-scelga-unagricoltura-piu-sostenibile\/\",\"name\":\"Riforma della PAC, \u201cl'Italia scelga un'agricoltura pi\u00f9 sostenibile\u201d\",\"isPartOf\":{\"@id\":\"https:\/\/www.pressenza.com\/it\/#website\"},\"primaryImageOfPage\":{\"@id\":\"https:\/\/www.pressenza.com\/it\/2013\/08\/riforma-della-pac-litalia-scelga-unagricoltura-piu-sostenibile\/#primaryimage\"},\"image\":{\"@id\":\"https:\/\/www.pressenza.com\/it\/2013\/08\/riforma-della-pac-litalia-scelga-unagricoltura-piu-sostenibile\/#primaryimage\"},\"thumbnailUrl\":\"https:\/\/www.pressenza.com\/wp-content\/uploads\/2012\/09\/agricoltura-campo-di-patate-600x450.jpg\",\"datePublished\":\"2013-08-04T13:19:20+00:00\",\"dateModified\":\"2013-08-04T13:24:55+00:00\",\"description\":\"Le Associazioni del mondo ambientalista e dell'agricoltura biologica chiedono un incontro al Ministro Nunzia De Girolamo e alla Conferenza delle Regioni\",\"breadcrumb\":{\"@id\":\"https:\/\/www.pressenza.com\/it\/2013\/08\/riforma-della-pac-litalia-scelga-unagricoltura-piu-sostenibile\/#breadcrumb\"},\"inLanguage\":\"it-IT\",\"potentialAction\":[{\"@type\":\"ReadAction\",\"target\":[\"https:\/\/www.pressenza.com\/it\/2013\/08\/riforma-della-pac-litalia-scelga-unagricoltura-piu-sostenibile\/\"]}]},{\"@type\":\"ImageObject\",\"inLanguage\":\"it-IT\",\"@id\":\"https:\/\/www.pressenza.com\/it\/2013\/08\/riforma-della-pac-litalia-scelga-unagricoltura-piu-sostenibile\/#primaryimage\",\"url\":\"https:\/\/www.pressenza.com\/wp-content\/uploads\/2012\/09\/agricoltura-campo-di-patate-600x450.jpg\",\"contentUrl\":\"https:\/\/www.pressenza.com\/wp-content\/uploads\/2012\/09\/agricoltura-campo-di-patate-600x450.jpg\"},{\"@type\":\"BreadcrumbList\",\"@id\":\"https:\/\/www.pressenza.com\/it\/2013\/08\/riforma-della-pac-litalia-scelga-unagricoltura-piu-sostenibile\/#breadcrumb\",\"itemListElement\":[{\"@type\":\"ListItem\",\"position\":1,\"name\":\"Accueil\",\"item\":\"https:\/\/www.pressenza.com\/it\/\"},{\"@type\":\"ListItem\",\"position\":2,\"name\":\"Riforma della PAC, \u201cl&#8217;Italia scelga un&#8217;agricoltura pi\u00f9 sostenibile\u201d\"}]},{\"@type\":\"WebSite\",\"@id\":\"https:\/\/www.pressenza.com\/it\/#website\",\"url\":\"https:\/\/www.pressenza.com\/it\/\",\"name\":\"Pressenza\",\"description\":\"Agenzia di Stampa Internazionale\",\"publisher\":{\"@id\":\"https:\/\/www.pressenza.com\/it\/#organization\"},\"potentialAction\":[{\"@type\":\"SearchAction\",\"target\":{\"@type\":\"EntryPoint\",\"urlTemplate\":\"https:\/\/www.pressenza.com\/it\/?s={search_term_string}\"},\"query-input\":{\"@type\":\"PropertyValueSpecification\",\"valueRequired\":true,\"valueName\":\"search_term_string\"}}],\"inLanguage\":\"it-IT\"},{\"@type\":\"Organization\",\"@id\":\"https:\/\/www.pressenza.com\/it\/#organization\",\"name\":\"Pressenza\",\"url\":\"https:\/\/www.pressenza.com\/it\/\",\"logo\":{\"@type\":\"ImageObject\",\"inLanguage\":\"it-IT\",\"@id\":\"https:\/\/www.pressenza.com\/it\/#\/schema\/logo\/image\/\",\"url\":\"https:\/\/www.pressenza.com\/wp-content\/uploads\/2022\/10\/pressenza_logo_200x200.jpg\",\"contentUrl\":\"https:\/\/www.pressenza.com\/wp-content\/uploads\/2022\/10\/pressenza_logo_200x200.jpg\",\"width\":200,\"height\":200,\"caption\":\"Pressenza\"},\"image\":{\"@id\":\"https:\/\/www.pressenza.com\/it\/#\/schema\/logo\/image\/\"},\"sameAs\":[\"https:\/\/www.facebook.com\/PressenzaItalia\",\"https:\/\/x.com\/PressenzaIPA\"]},{\"@type\":\"Person\",\"@id\":\"https:\/\/www.pressenza.com\/it\/#\/schema\/person\/39392bb9ae1201c4b749453969a04008\",\"name\":\"Il Cambiamento\",\"description\":\"www.ilcambiamento.it\",\"sameAs\":[\"https:\/\/www.facebook.com\/ilcambiamento.it\",\"https:\/\/x.com\/Il_Cambiamento\"],\"url\":\"https:\/\/www.pressenza.com\/it\/author\/il-cambiamento\/\"}]}<\/script>\n<!-- \/ Yoast SEO plugin. -->","yoast_head_json":{"title":"Riforma della PAC, \u201cl'Italia scelga un'agricoltura pi\u00f9 sostenibile\u201d","description":"Le Associazioni del mondo ambientalista e dell'agricoltura biologica chiedono un incontro al Ministro Nunzia De Girolamo e alla Conferenza delle Regioni","robots":{"index":"index","follow":"follow","max-snippet":"max-snippet:-1","max-image-preview":"max-image-preview:large","max-video-preview":"max-video-preview:-1"},"canonical":"https:\/\/www.pressenza.com\/it\/2013\/08\/riforma-della-pac-litalia-scelga-unagricoltura-piu-sostenibile\/","og_locale":"it_IT","og_type":"article","og_title":"Riforma della PAC, \u201cl'Italia scelga un'agricoltura pi\u00f9 sostenibile\u201d","og_description":"Le Associazioni del mondo ambientalista e dell'agricoltura biologica chiedono un incontro al Ministro Nunzia De Girolamo e alla Conferenza delle Regioni","og_url":"https:\/\/www.pressenza.com\/it\/2013\/08\/riforma-della-pac-litalia-scelga-unagricoltura-piu-sostenibile\/","og_site_name":"Pressenza","article_publisher":"https:\/\/www.facebook.com\/PressenzaItalia","article_author":"https:\/\/www.facebook.com\/ilcambiamento.it","article_published_time":"2013-08-04T13:19:20+00:00","article_modified_time":"2013-08-04T13:24:55+00:00","og_image":[{"url":"https:\/\/www.pressenza.com\/wp-content\/uploads\/2012\/09\/agricoltura-campo-di-patate-600x450.jpg","type":"","width":"","height":""}],"author":"Il Cambiamento","twitter_card":"summary_large_image","twitter_creator":"@Il_Cambiamento","twitter_site":"@PressenzaIPA","twitter_misc":{"Scritto da":"Il Cambiamento","Tempo di lettura stimato":"4 minuti"},"schema":{"@context":"https:\/\/schema.org","@graph":[{"@type":"Article","@id":"https:\/\/www.pressenza.com\/it\/2013\/08\/riforma-della-pac-litalia-scelga-unagricoltura-piu-sostenibile\/#article","isPartOf":{"@id":"https:\/\/www.pressenza.com\/it\/2013\/08\/riforma-della-pac-litalia-scelga-unagricoltura-piu-sostenibile\/"},"author":{"name":"Il Cambiamento","@id":"https:\/\/www.pressenza.com\/it\/#\/schema\/person\/39392bb9ae1201c4b749453969a04008"},"headline":"Riforma della PAC, \u201cl&#8217;Italia scelga un&#8217;agricoltura pi\u00f9 sostenibile\u201d","datePublished":"2013-08-04T13:19:20+00:00","dateModified":"2013-08-04T13:24:55+00:00","mainEntityOfPage":{"@id":"https:\/\/www.pressenza.com\/it\/2013\/08\/riforma-della-pac-litalia-scelga-unagricoltura-piu-sostenibile\/"},"wordCount":804,"publisher":{"@id":"https:\/\/www.pressenza.com\/it\/#organization"},"image":{"@id":"https:\/\/www.pressenza.com\/it\/2013\/08\/riforma-della-pac-litalia-scelga-unagricoltura-piu-sostenibile\/#primaryimage"},"thumbnailUrl":"https:\/\/www.pressenza.com\/wp-content\/uploads\/2012\/09\/agricoltura-campo-di-patate-600x450.jpg","keywords":["agricoltura","agricoltura biologica","agricoltura sostenibile","Italia","Piano Agricolo Comune","Unione Europea"],"articleSection":["Ecologia ed Ambiente","Economia","Europa"],"inLanguage":"it-IT"},{"@type":"WebPage","@id":"https:\/\/www.pressenza.com\/it\/2013\/08\/riforma-della-pac-litalia-scelga-unagricoltura-piu-sostenibile\/","url":"https:\/\/www.pressenza.com\/it\/2013\/08\/riforma-della-pac-litalia-scelga-unagricoltura-piu-sostenibile\/","name":"Riforma della PAC, \u201cl'Italia scelga un'agricoltura pi\u00f9 sostenibile\u201d","isPartOf":{"@id":"https:\/\/www.pressenza.com\/it\/#website"},"primaryImageOfPage":{"@id":"https:\/\/www.pressenza.com\/it\/2013\/08\/riforma-della-pac-litalia-scelga-unagricoltura-piu-sostenibile\/#primaryimage"},"image":{"@id":"https:\/\/www.pressenza.com\/it\/2013\/08\/riforma-della-pac-litalia-scelga-unagricoltura-piu-sostenibile\/#primaryimage"},"thumbnailUrl":"https:\/\/www.pressenza.com\/wp-content\/uploads\/2012\/09\/agricoltura-campo-di-patate-600x450.jpg","datePublished":"2013-08-04T13:19:20+00:00","dateModified":"2013-08-04T13:24:55+00:00","description":"Le Associazioni del mondo ambientalista e dell'agricoltura biologica chiedono un incontro al Ministro Nunzia De Girolamo e alla Conferenza delle Regioni","breadcrumb":{"@id":"https:\/\/www.pressenza.com\/it\/2013\/08\/riforma-della-pac-litalia-scelga-unagricoltura-piu-sostenibile\/#breadcrumb"},"inLanguage":"it-IT","potentialAction":[{"@type":"ReadAction","target":["https:\/\/www.pressenza.com\/it\/2013\/08\/riforma-della-pac-litalia-scelga-unagricoltura-piu-sostenibile\/"]}]},{"@type":"ImageObject","inLanguage":"it-IT","@id":"https:\/\/www.pressenza.com\/it\/2013\/08\/riforma-della-pac-litalia-scelga-unagricoltura-piu-sostenibile\/#primaryimage","url":"https:\/\/www.pressenza.com\/wp-content\/uploads\/2012\/09\/agricoltura-campo-di-patate-600x450.jpg","contentUrl":"https:\/\/www.pressenza.com\/wp-content\/uploads\/2012\/09\/agricoltura-campo-di-patate-600x450.jpg"},{"@type":"BreadcrumbList","@id":"https:\/\/www.pressenza.com\/it\/2013\/08\/riforma-della-pac-litalia-scelga-unagricoltura-piu-sostenibile\/#breadcrumb","itemListElement":[{"@type":"ListItem","position":1,"name":"Accueil","item":"https:\/\/www.pressenza.com\/it\/"},{"@type":"ListItem","position":2,"name":"Riforma della PAC, \u201cl&#8217;Italia scelga un&#8217;agricoltura pi\u00f9 sostenibile\u201d"}]},{"@type":"WebSite","@id":"https:\/\/www.pressenza.com\/it\/#website","url":"https:\/\/www.pressenza.com\/it\/","name":"Pressenza","description":"Agenzia di Stampa Internazionale","publisher":{"@id":"https:\/\/www.pressenza.com\/it\/#organization"},"potentialAction":[{"@type":"SearchAction","target":{"@type":"EntryPoint","urlTemplate":"https:\/\/www.pressenza.com\/it\/?s={search_term_string}"},"query-input":{"@type":"PropertyValueSpecification","valueRequired":true,"valueName":"search_term_string"}}],"inLanguage":"it-IT"},{"@type":"Organization","@id":"https:\/\/www.pressenza.com\/it\/#organization","name":"Pressenza","url":"https:\/\/www.pressenza.com\/it\/","logo":{"@type":"ImageObject","inLanguage":"it-IT","@id":"https:\/\/www.pressenza.com\/it\/#\/schema\/logo\/image\/","url":"https:\/\/www.pressenza.com\/wp-content\/uploads\/2022\/10\/pressenza_logo_200x200.jpg","contentUrl":"https:\/\/www.pressenza.com\/wp-content\/uploads\/2022\/10\/pressenza_logo_200x200.jpg","width":200,"height":200,"caption":"Pressenza"},"image":{"@id":"https:\/\/www.pressenza.com\/it\/#\/schema\/logo\/image\/"},"sameAs":["https:\/\/www.facebook.com\/PressenzaItalia","https:\/\/x.com\/PressenzaIPA"]},{"@type":"Person","@id":"https:\/\/www.pressenza.com\/it\/#\/schema\/person\/39392bb9ae1201c4b749453969a04008","name":"Il Cambiamento","description":"www.ilcambiamento.it","sameAs":["https:\/\/www.facebook.com\/ilcambiamento.it","https:\/\/x.com\/Il_Cambiamento"],"url":"https:\/\/www.pressenza.com\/it\/author\/il-cambiamento\/"}]}},"place":"","original_article_url":"","_links":{"self":[{"href":"https:\/\/www.pressenza.com\/it\/wp-json\/wp\/v2\/posts\/63624","targetHints":{"allow":["GET"]}}],"collection":[{"href":"https:\/\/www.pressenza.com\/it\/wp-json\/wp\/v2\/posts"}],"about":[{"href":"https:\/\/www.pressenza.com\/it\/wp-json\/wp\/v2\/types\/post"}],"author":[{"embeddable":true,"href":"https:\/\/www.pressenza.com\/it\/wp-json\/wp\/v2\/users\/665"}],"replies":[{"embeddable":true,"href":"https:\/\/www.pressenza.com\/it\/wp-json\/wp\/v2\/comments?post=63624"}],"version-history":[{"count":0,"href":"https:\/\/www.pressenza.com\/it\/wp-json\/wp\/v2\/posts\/63624\/revisions"}],"wp:attachment":[{"href":"https:\/\/www.pressenza.com\/it\/wp-json\/wp\/v2\/media?parent=63624"}],"wp:term":[{"taxonomy":"category","embeddable":true,"href":"https:\/\/www.pressenza.com\/it\/wp-json\/wp\/v2\/categories?post=63624"},{"taxonomy":"post_tag","embeddable":true,"href":"https:\/\/www.pressenza.com\/it\/wp-json\/wp\/v2\/tags?post=63624"}],"curies":[{"name":"wp","href":"https:\/\/api.w.org\/{rel}","templated":true}]}}