{"id":636080,"date":"2018-05-06T18:20:41","date_gmt":"2018-05-06T17:20:41","guid":{"rendered":"https:\/\/www.pressenza.com\/?p=636080"},"modified":"2018-05-06T18:20:41","modified_gmt":"2018-05-06T17:20:41","slug":"no-al-maggioritario-no-al-razzismo","status":"publish","type":"post","link":"https:\/\/www.pressenza.com\/it\/2018\/05\/no-al-maggioritario-no-al-razzismo\/","title":{"rendered":"NO al maggioritario e NO al razzismo!"},"content":{"rendered":"<p>Domani dunque, dovrebbe esserci la svolta. Il Presidente della Repubblica si appresterebbe a dare un incarico per la formazione del nuovo governo.<\/p>\n<p>Innanzitutto bisognerebbe cominciare a dire che nessuno ha vinto. Nessuno ha raggiunto il 51% dei seggi in Parlamento che gli consenta di poter governare senza alcun tipo di accordo con altri partiti. E allora perch\u00e9 da due mesi si continua a parlare di vittoria? E perch\u00e9 la Presidenza della Repubblica non \u00e8 intervenuta in modo netto e chiaro per ricordare a tutti questa elementare verit\u00e0?<\/p>\n<p>C&#8217;\u00e8 una legge elettorale parzialmente proporzionale ma i partiti ragionano in una ottica completamente maggioritaria, con lo scopo evidente di giungere ad una modifica della legge in senso maggioritario, cio\u00e8 con l\u2019assegnazione di un premio di maggioranza a chi piglia un solo voto in pi\u00f9, se si dovesse andare al voto in tempi brevi.<\/p>\n<p>Ma ci\u00f2 \u00e8 anticostituzionale perch\u00e9 chi ha preso un voto in pi\u00f9 non pu\u00f2 negare i diritti dei cittadini che hanno votato i partiti con meno voti. Tutti i cittadini, dice l\u2019art. 49 della Costituzione, hanno il diritto di associarsi in partiti per concorrere con metodo democratico a determinare la politica nazionale. Concorrere alla politica nazionale \u00e8 un diritto che nessuna legge elettorale pu\u00f2 conculcare.<\/p>\n<p>Ed \u00e8 per questo che condanno senza appello l\u2019aventino infantile in cui si \u00e8 rinchiuso il PD ridotto oramai ad un gruppo di persone in maggioranza legato ad un personaggio, Matteo Renzi, che ai tempi dei grandi partiti (DC e PCI) avrebbe trovato difficolt\u00e0 ad assere ammesso anche a fare l\u2019attacchino dei manifesti di partito.<br \/>\nSe il PD fosse di sinistra e fosse legato alle classi popolari del nostro paese, farebbe il possibile e l\u2019impossibile per impedire che la destra fascio leghista vada al governo di questo paese. E invece, da come parla il \u201ccazzaro di Rignano\u201d, sembra che il PD sia pi\u00f9 interessato a far governare la destra e che anzi gli \u00e8 indifferente se si riuscisse ad ottenere la saldatura fra 5 stelle e la Lega.<\/p>\n<p>Del resto di quale sinistra stiamo parlando? Di quella che con Renzi ha governato per 5 anni con un pezzo uscito da Forza Italia e con l\u2019appoggio dei verdiniani. Di una \u201csinistra\u201d che ha fatto passare leggi porcate che la destra non \u00e8 mai stato capace di far approvare.<\/p>\n<p>Quello che ci apprestiamo dunque a subire \u00e8, con molta probabilit\u00e0, il governo voluto dalla UE che, nei contenuti, non sar\u00e0 molto diverso da quello a cui avrebbero dato vita la Lega con i Cinque Stelle. Ma nel governo della UE che Mattarella probabilmente proporr\u00e0, ci sar\u00e0 personale di fiducia della UE, come fu l\u2019allora governo Monti con ministri piangenti al seguito.<\/p>\n<p>L\u2019indifferenza di Renzi rispetto all\u2019accordo Lega \u2013 5 stelle non \u00e8 sui contenuti, che sono quelli voluti dall\u2019UE, ma sulla gestione del potere. \u201cDato che non posso gestirlo io il potere \u2013 pensa il \u201ccazzaro di Rignano\u201d &#8211; chi lo gestisce gestisce non mi riguarda. Poi quando vinco io mi rifar\u00f2\u201d.<\/p>\n<p>Occorre invece, come cittadini, rilanciare il rispetto integrale della Costituzione e il NO chiaro e forte a qualsiasi modifica in senso maggioritario della legge elettorale. Nessun premio di maggioranza chi prender\u00e0 un voto in pi\u00f9 perch\u00e9 questo \u00e8 uno stravolgimento della democrazia e dei diritti di tutti i cittadini ad avere pari peso e pari dignit\u00e0 nelle scelte politiche.<\/p>\n<p>Occorre inoltre rilanciare il movimento antirazzista per impedire ai partiti fascio leghisti di avvelenare la societ\u00e0 con i loro proclami che istigano alla violenza e all\u2019odio razziale. I leader di questi partiti, che si presentano come \u201cbravi padri e madri di famiglia\u201d, sono in realt\u00e0 l\u2019incarnazione di quella \u201cbanalit\u00e0 del male\u201d che gener\u00f2 i lager nazisti durante la seconda guerra mondiale.<\/p>\n<p>E chi dimentica la propria storia \u00e8 destinato a riviverla.<\/p>\n<p>Giovanni Sarubbi<\/p>\n","protected":false},"excerpt":{"rendered":"<p>Domani dunque, dovrebbe esserci la svolta. Il Presidente della Repubblica si appresterebbe a dare un incarico per la formazione del nuovo governo. Innanzitutto bisognerebbe cominciare a dire che nessuno ha vinto. Nessuno ha raggiunto il 51% dei seggi in Parlamento&hellip;<\/p>\n","protected":false},"author":717,"featured_media":160563,"comment_status":"closed","ping_status":"closed","sticky":false,"template":"","format":"standard","meta":{"footnotes":""},"categories":[55],"tags":[801,33660,4649,33661,1173],"class_list":["post-636080","post","type-post","status-publish","format-standard","has-post-thumbnail","hentry","category-politica","tag-costituzione","tag-maggioritario","tag-matteo-renzi","tag-proporzionale","tag-razzismo"],"yoast_head":"<!-- This site is optimized with the Yoast SEO plugin v27.1.1 - https:\/\/yoast.com\/product\/yoast-seo-wordpress\/ -->\n<title>NO al maggioritario e NO al razzismo!<\/title>\n<meta name=\"description\" content=\"Domani dunque, dovrebbe esserci la svolta. Il Presidente della Repubblica si appresterebbe a dare un incarico per la formazione del nuovo governo.\" \/>\n<meta name=\"robots\" content=\"index, follow, max-snippet:-1, max-image-preview:large, max-video-preview:-1\" \/>\n<link rel=\"canonical\" href=\"https:\/\/www.pressenza.com\/it\/2018\/05\/no-al-maggioritario-no-al-razzismo\/\" \/>\n<meta property=\"og:locale\" content=\"it_IT\" \/>\n<meta property=\"og:type\" content=\"article\" \/>\n<meta property=\"og:title\" content=\"NO al maggioritario e NO al razzismo!\" \/>\n<meta property=\"og:description\" content=\"Domani dunque, dovrebbe esserci la svolta. Il Presidente della Repubblica si appresterebbe a dare un incarico per la formazione del nuovo governo.\" \/>\n<meta property=\"og:url\" content=\"https:\/\/www.pressenza.com\/it\/2018\/05\/no-al-maggioritario-no-al-razzismo\/\" \/>\n<meta property=\"og:site_name\" content=\"Pressenza\" \/>\n<meta property=\"article:publisher\" content=\"https:\/\/www.facebook.com\/PressenzaItalia\" \/>\n<meta property=\"article:published_time\" content=\"2018-05-06T17:20:41+00:00\" \/>\n<meta property=\"og:image\" content=\"https:\/\/www.pressenza.com\/wp-content\/uploads\/2015\/02\/mattarella1.jpg\" \/>\n\t<meta property=\"og:image:width\" content=\"550\" \/>\n\t<meta property=\"og:image:height\" content=\"350\" \/>\n\t<meta property=\"og:image:type\" content=\"image\/jpeg\" \/>\n<meta name=\"author\" content=\"Il Dialogo\" \/>\n<meta name=\"twitter:card\" content=\"summary_large_image\" \/>\n<meta name=\"twitter:creator\" content=\"@PressenzaIPA\" \/>\n<meta name=\"twitter:site\" content=\"@PressenzaIPA\" \/>\n<meta name=\"twitter:label1\" content=\"Scritto da\" \/>\n\t<meta name=\"twitter:data1\" content=\"Il Dialogo\" \/>\n\t<meta name=\"twitter:label2\" content=\"Tempo di lettura stimato\" \/>\n\t<meta name=\"twitter:data2\" content=\"3 minuti\" \/>\n<script type=\"application\/ld+json\" class=\"yoast-schema-graph\">{\"@context\":\"https:\/\/schema.org\",\"@graph\":[{\"@type\":\"Article\",\"@id\":\"https:\/\/www.pressenza.com\/it\/2018\/05\/no-al-maggioritario-no-al-razzismo\/#article\",\"isPartOf\":{\"@id\":\"https:\/\/www.pressenza.com\/it\/2018\/05\/no-al-maggioritario-no-al-razzismo\/\"},\"author\":{\"name\":\"Il Dialogo\",\"@id\":\"https:\/\/www.pressenza.com\/it\/#\/schema\/person\/f3d993d6d9c3ec7ce2374736859e724a\"},\"headline\":\"NO al maggioritario e NO al razzismo!\",\"datePublished\":\"2018-05-06T17:20:41+00:00\",\"mainEntityOfPage\":{\"@id\":\"https:\/\/www.pressenza.com\/it\/2018\/05\/no-al-maggioritario-no-al-razzismo\/\"},\"wordCount\":629,\"publisher\":{\"@id\":\"https:\/\/www.pressenza.com\/it\/#organization\"},\"image\":{\"@id\":\"https:\/\/www.pressenza.com\/it\/2018\/05\/no-al-maggioritario-no-al-razzismo\/#primaryimage\"},\"thumbnailUrl\":\"https:\/\/www.pressenza.com\/wp-content\/uploads\/2015\/02\/mattarella1.jpg\",\"keywords\":[\"Costituzione\",\"maggioritario\",\"Matteo Renzi\",\"proporzionale\",\"razzismo\"],\"articleSection\":[\"Politica\"],\"inLanguage\":\"it-IT\"},{\"@type\":\"WebPage\",\"@id\":\"https:\/\/www.pressenza.com\/it\/2018\/05\/no-al-maggioritario-no-al-razzismo\/\",\"url\":\"https:\/\/www.pressenza.com\/it\/2018\/05\/no-al-maggioritario-no-al-razzismo\/\",\"name\":\"NO al maggioritario e NO al razzismo!\",\"isPartOf\":{\"@id\":\"https:\/\/www.pressenza.com\/it\/#website\"},\"primaryImageOfPage\":{\"@id\":\"https:\/\/www.pressenza.com\/it\/2018\/05\/no-al-maggioritario-no-al-razzismo\/#primaryimage\"},\"image\":{\"@id\":\"https:\/\/www.pressenza.com\/it\/2018\/05\/no-al-maggioritario-no-al-razzismo\/#primaryimage\"},\"thumbnailUrl\":\"https:\/\/www.pressenza.com\/wp-content\/uploads\/2015\/02\/mattarella1.jpg\",\"datePublished\":\"2018-05-06T17:20:41+00:00\",\"description\":\"Domani dunque, dovrebbe esserci la svolta. Il Presidente della Repubblica si appresterebbe a dare un incarico per la formazione del nuovo governo.\",\"breadcrumb\":{\"@id\":\"https:\/\/www.pressenza.com\/it\/2018\/05\/no-al-maggioritario-no-al-razzismo\/#breadcrumb\"},\"inLanguage\":\"it-IT\",\"potentialAction\":[{\"@type\":\"ReadAction\",\"target\":[\"https:\/\/www.pressenza.com\/it\/2018\/05\/no-al-maggioritario-no-al-razzismo\/\"]}]},{\"@type\":\"ImageObject\",\"inLanguage\":\"it-IT\",\"@id\":\"https:\/\/www.pressenza.com\/it\/2018\/05\/no-al-maggioritario-no-al-razzismo\/#primaryimage\",\"url\":\"https:\/\/www.pressenza.com\/wp-content\/uploads\/2015\/02\/mattarella1.jpg\",\"contentUrl\":\"https:\/\/www.pressenza.com\/wp-content\/uploads\/2015\/02\/mattarella1.jpg\",\"width\":550,\"height\":350},{\"@type\":\"BreadcrumbList\",\"@id\":\"https:\/\/www.pressenza.com\/it\/2018\/05\/no-al-maggioritario-no-al-razzismo\/#breadcrumb\",\"itemListElement\":[{\"@type\":\"ListItem\",\"position\":1,\"name\":\"Accueil\",\"item\":\"https:\/\/www.pressenza.com\/it\/\"},{\"@type\":\"ListItem\",\"position\":2,\"name\":\"NO al maggioritario e NO al razzismo!\"}]},{\"@type\":\"WebSite\",\"@id\":\"https:\/\/www.pressenza.com\/it\/#website\",\"url\":\"https:\/\/www.pressenza.com\/it\/\",\"name\":\"Pressenza\",\"description\":\"Agenzia di Stampa Internazionale\",\"publisher\":{\"@id\":\"https:\/\/www.pressenza.com\/it\/#organization\"},\"potentialAction\":[{\"@type\":\"SearchAction\",\"target\":{\"@type\":\"EntryPoint\",\"urlTemplate\":\"https:\/\/www.pressenza.com\/it\/?s={search_term_string}\"},\"query-input\":{\"@type\":\"PropertyValueSpecification\",\"valueRequired\":true,\"valueName\":\"search_term_string\"}}],\"inLanguage\":\"it-IT\"},{\"@type\":\"Organization\",\"@id\":\"https:\/\/www.pressenza.com\/it\/#organization\",\"name\":\"Pressenza\",\"url\":\"https:\/\/www.pressenza.com\/it\/\",\"logo\":{\"@type\":\"ImageObject\",\"inLanguage\":\"it-IT\",\"@id\":\"https:\/\/www.pressenza.com\/it\/#\/schema\/logo\/image\/\",\"url\":\"https:\/\/www.pressenza.com\/wp-content\/uploads\/2022\/10\/pressenza_logo_200x200.jpg\",\"contentUrl\":\"https:\/\/www.pressenza.com\/wp-content\/uploads\/2022\/10\/pressenza_logo_200x200.jpg\",\"width\":200,\"height\":200,\"caption\":\"Pressenza\"},\"image\":{\"@id\":\"https:\/\/www.pressenza.com\/it\/#\/schema\/logo\/image\/\"},\"sameAs\":[\"https:\/\/www.facebook.com\/PressenzaItalia\",\"https:\/\/x.com\/PressenzaIPA\"]},{\"@type\":\"Person\",\"@id\":\"https:\/\/www.pressenza.com\/it\/#\/schema\/person\/f3d993d6d9c3ec7ce2374736859e724a\",\"name\":\"Il Dialogo\",\"description\":\"Siamo un periodico di ispirazione cristiana. Dal 1996 al 1998, questo periodico \u00e8 stato stampato con periodicit\u00e0 quindicinale. Poi siamo diventati prevalentemente un giornale on-line, con pochi numeri stampati ogni anno, soprattutto in occasioni importanti. Operiamo a Monteforte Irpino in provincia di Avellino. Ci occupiamo di tutto ci\u00f2 che attiene alle persone in difficolt\u00e0, ai carcerati, ai migantii. Cerchiamo di dare voce a chi non ha voce e di occuparci di tutti quegli argomenti di cui nessuno vuol parlare. www.ildialogo.org\",\"url\":\"https:\/\/www.pressenza.com\/it\/author\/il-dialogo\/\"}]}<\/script>\n<!-- \/ Yoast SEO plugin. -->","yoast_head_json":{"title":"NO al maggioritario e NO al razzismo!","description":"Domani dunque, dovrebbe esserci la svolta. Il Presidente della Repubblica si appresterebbe a dare un incarico per la formazione del nuovo governo.","robots":{"index":"index","follow":"follow","max-snippet":"max-snippet:-1","max-image-preview":"max-image-preview:large","max-video-preview":"max-video-preview:-1"},"canonical":"https:\/\/www.pressenza.com\/it\/2018\/05\/no-al-maggioritario-no-al-razzismo\/","og_locale":"it_IT","og_type":"article","og_title":"NO al maggioritario e NO al razzismo!","og_description":"Domani dunque, dovrebbe esserci la svolta. Il Presidente della Repubblica si appresterebbe a dare un incarico per la formazione del nuovo governo.","og_url":"https:\/\/www.pressenza.com\/it\/2018\/05\/no-al-maggioritario-no-al-razzismo\/","og_site_name":"Pressenza","article_publisher":"https:\/\/www.facebook.com\/PressenzaItalia","article_published_time":"2018-05-06T17:20:41+00:00","og_image":[{"width":550,"height":350,"url":"https:\/\/www.pressenza.com\/wp-content\/uploads\/2015\/02\/mattarella1.jpg","type":"image\/jpeg"}],"author":"Il Dialogo","twitter_card":"summary_large_image","twitter_creator":"@PressenzaIPA","twitter_site":"@PressenzaIPA","twitter_misc":{"Scritto da":"Il Dialogo","Tempo di lettura stimato":"3 minuti"},"schema":{"@context":"https:\/\/schema.org","@graph":[{"@type":"Article","@id":"https:\/\/www.pressenza.com\/it\/2018\/05\/no-al-maggioritario-no-al-razzismo\/#article","isPartOf":{"@id":"https:\/\/www.pressenza.com\/it\/2018\/05\/no-al-maggioritario-no-al-razzismo\/"},"author":{"name":"Il Dialogo","@id":"https:\/\/www.pressenza.com\/it\/#\/schema\/person\/f3d993d6d9c3ec7ce2374736859e724a"},"headline":"NO al maggioritario e NO al razzismo!","datePublished":"2018-05-06T17:20:41+00:00","mainEntityOfPage":{"@id":"https:\/\/www.pressenza.com\/it\/2018\/05\/no-al-maggioritario-no-al-razzismo\/"},"wordCount":629,"publisher":{"@id":"https:\/\/www.pressenza.com\/it\/#organization"},"image":{"@id":"https:\/\/www.pressenza.com\/it\/2018\/05\/no-al-maggioritario-no-al-razzismo\/#primaryimage"},"thumbnailUrl":"https:\/\/www.pressenza.com\/wp-content\/uploads\/2015\/02\/mattarella1.jpg","keywords":["Costituzione","maggioritario","Matteo Renzi","proporzionale","razzismo"],"articleSection":["Politica"],"inLanguage":"it-IT"},{"@type":"WebPage","@id":"https:\/\/www.pressenza.com\/it\/2018\/05\/no-al-maggioritario-no-al-razzismo\/","url":"https:\/\/www.pressenza.com\/it\/2018\/05\/no-al-maggioritario-no-al-razzismo\/","name":"NO al maggioritario e NO al razzismo!","isPartOf":{"@id":"https:\/\/www.pressenza.com\/it\/#website"},"primaryImageOfPage":{"@id":"https:\/\/www.pressenza.com\/it\/2018\/05\/no-al-maggioritario-no-al-razzismo\/#primaryimage"},"image":{"@id":"https:\/\/www.pressenza.com\/it\/2018\/05\/no-al-maggioritario-no-al-razzismo\/#primaryimage"},"thumbnailUrl":"https:\/\/www.pressenza.com\/wp-content\/uploads\/2015\/02\/mattarella1.jpg","datePublished":"2018-05-06T17:20:41+00:00","description":"Domani dunque, dovrebbe esserci la svolta. Il Presidente della Repubblica si appresterebbe a dare un incarico per la formazione del nuovo governo.","breadcrumb":{"@id":"https:\/\/www.pressenza.com\/it\/2018\/05\/no-al-maggioritario-no-al-razzismo\/#breadcrumb"},"inLanguage":"it-IT","potentialAction":[{"@type":"ReadAction","target":["https:\/\/www.pressenza.com\/it\/2018\/05\/no-al-maggioritario-no-al-razzismo\/"]}]},{"@type":"ImageObject","inLanguage":"it-IT","@id":"https:\/\/www.pressenza.com\/it\/2018\/05\/no-al-maggioritario-no-al-razzismo\/#primaryimage","url":"https:\/\/www.pressenza.com\/wp-content\/uploads\/2015\/02\/mattarella1.jpg","contentUrl":"https:\/\/www.pressenza.com\/wp-content\/uploads\/2015\/02\/mattarella1.jpg","width":550,"height":350},{"@type":"BreadcrumbList","@id":"https:\/\/www.pressenza.com\/it\/2018\/05\/no-al-maggioritario-no-al-razzismo\/#breadcrumb","itemListElement":[{"@type":"ListItem","position":1,"name":"Accueil","item":"https:\/\/www.pressenza.com\/it\/"},{"@type":"ListItem","position":2,"name":"NO al maggioritario e NO al razzismo!"}]},{"@type":"WebSite","@id":"https:\/\/www.pressenza.com\/it\/#website","url":"https:\/\/www.pressenza.com\/it\/","name":"Pressenza","description":"Agenzia di Stampa Internazionale","publisher":{"@id":"https:\/\/www.pressenza.com\/it\/#organization"},"potentialAction":[{"@type":"SearchAction","target":{"@type":"EntryPoint","urlTemplate":"https:\/\/www.pressenza.com\/it\/?s={search_term_string}"},"query-input":{"@type":"PropertyValueSpecification","valueRequired":true,"valueName":"search_term_string"}}],"inLanguage":"it-IT"},{"@type":"Organization","@id":"https:\/\/www.pressenza.com\/it\/#organization","name":"Pressenza","url":"https:\/\/www.pressenza.com\/it\/","logo":{"@type":"ImageObject","inLanguage":"it-IT","@id":"https:\/\/www.pressenza.com\/it\/#\/schema\/logo\/image\/","url":"https:\/\/www.pressenza.com\/wp-content\/uploads\/2022\/10\/pressenza_logo_200x200.jpg","contentUrl":"https:\/\/www.pressenza.com\/wp-content\/uploads\/2022\/10\/pressenza_logo_200x200.jpg","width":200,"height":200,"caption":"Pressenza"},"image":{"@id":"https:\/\/www.pressenza.com\/it\/#\/schema\/logo\/image\/"},"sameAs":["https:\/\/www.facebook.com\/PressenzaItalia","https:\/\/x.com\/PressenzaIPA"]},{"@type":"Person","@id":"https:\/\/www.pressenza.com\/it\/#\/schema\/person\/f3d993d6d9c3ec7ce2374736859e724a","name":"Il Dialogo","description":"Siamo un periodico di ispirazione cristiana. Dal 1996 al 1998, questo periodico \u00e8 stato stampato con periodicit\u00e0 quindicinale. Poi siamo diventati prevalentemente un giornale on-line, con pochi numeri stampati ogni anno, soprattutto in occasioni importanti. Operiamo a Monteforte Irpino in provincia di Avellino. Ci occupiamo di tutto ci\u00f2 che attiene alle persone in difficolt\u00e0, ai carcerati, ai migantii. Cerchiamo di dare voce a chi non ha voce e di occuparci di tutti quegli argomenti di cui nessuno vuol parlare. www.ildialogo.org","url":"https:\/\/www.pressenza.com\/it\/author\/il-dialogo\/"}]}},"place":"","original_article_url":"","_links":{"self":[{"href":"https:\/\/www.pressenza.com\/it\/wp-json\/wp\/v2\/posts\/636080","targetHints":{"allow":["GET"]}}],"collection":[{"href":"https:\/\/www.pressenza.com\/it\/wp-json\/wp\/v2\/posts"}],"about":[{"href":"https:\/\/www.pressenza.com\/it\/wp-json\/wp\/v2\/types\/post"}],"author":[{"embeddable":true,"href":"https:\/\/www.pressenza.com\/it\/wp-json\/wp\/v2\/users\/717"}],"replies":[{"embeddable":true,"href":"https:\/\/www.pressenza.com\/it\/wp-json\/wp\/v2\/comments?post=636080"}],"version-history":[{"count":0,"href":"https:\/\/www.pressenza.com\/it\/wp-json\/wp\/v2\/posts\/636080\/revisions"}],"wp:featuredmedia":[{"embeddable":true,"href":"https:\/\/www.pressenza.com\/it\/wp-json\/wp\/v2\/media\/160563"}],"wp:attachment":[{"href":"https:\/\/www.pressenza.com\/it\/wp-json\/wp\/v2\/media?parent=636080"}],"wp:term":[{"taxonomy":"category","embeddable":true,"href":"https:\/\/www.pressenza.com\/it\/wp-json\/wp\/v2\/categories?post=636080"},{"taxonomy":"post_tag","embeddable":true,"href":"https:\/\/www.pressenza.com\/it\/wp-json\/wp\/v2\/tags?post=636080"}],"curies":[{"name":"wp","href":"https:\/\/api.w.org\/{rel}","templated":true}]}}