{"id":632858,"date":"2018-04-28T17:39:39","date_gmt":"2018-04-28T16:39:39","guid":{"rendered":"https:\/\/www.pressenza.com\/?p=632858"},"modified":"2018-04-28T17:39:39","modified_gmt":"2018-04-28T16:39:39","slug":"consultazioni-governo-tra-incoerenza-politica-e-ignoranza-costituzionale","status":"publish","type":"post","link":"https:\/\/www.pressenza.com\/it\/2018\/04\/consultazioni-governo-tra-incoerenza-politica-e-ignoranza-costituzionale\/","title":{"rendered":"Consultazioni governo: tra incoerenza politica e ignoranza costituzionale"},"content":{"rendered":"<p>In queste settimane di confronto tra le forze politiche per la formazione di un governo, si sono sentite affermazioni palesemente infondate e madornali errori matematici. Vediamo qualche esempio.<\/p>\n<p>Matteo Salvini sostiene che gli italiani hanno votato in maggioranza il centrodestra, dunque o c&#8217;\u00e8 un governo di centrodestra o non c&#8217;\u00e8 alcun governo. Il leader della Lega finge di non sapere che in realt\u00e0 si tratta di una maggioranza relativa (37%), mentre il governo deve essere sostenuto dalla maggioranza assoluta (50% + 1).<\/p>\n<p>Silvio Berlusconi afferma che il governo deve essere affidato a chi ha vinto le elezioni, mentre Giorgia Meloni dice che non avrebbe senso un governo di chi \u00e8 arrivato secondo (M5S) e terzo (PD). Pare che nessuno abbia spiegato a questi due leader di partito che le elezioni politiche non sono una gara sportiva in cui il primo arrivato prende la coppa del governo e tutti gli altri nulla, ma si tratta di un\u2019occasione in cui il popolo sovrano elegge i suoi rappresentanti. E tutti gli eletti contano uno, sono uguali agli altri e ciascuno rappresenta la Nazione.<\/p>\n<p>Luigi Di Maio e molti esponenti del M5S parlano invece di Terza Repubblica, quella dei cittadini, ma in realt\u00e0 in Italia non \u00e8 stata istituita nemmeno la seconda. Dal 1948 \u00e8 vigente una Costituzione, quella di una Repubblica democratica fondata sul lavoro. La sovranit\u00e0 appartiene al popolo, che la esercita nelle forme e nei limiti della Costituzione. Di conseguenza, anche Di Maio, come tutti i cittadini, \u00e8 tenuto ad essere fedele alla Repubblica e ad osservarne la Costituzione.<\/p>\n<p>Matteo Renzi ribadisce che un governo Pd-M5S sarebbe una gigantesca presa in giro agli elettori. Pertanto, dobbiamo concludere che quando Renzi era al governo con i centristi (che non erano in coalizione con il PD alle elezioni del 2013) ha messo in atto una gigantesca presa in giro. O invece possiamo ritenere che dopo le elezioni, se nessun partito o coalizione dispone della maggioranza assoluta dei seggi, per governare \u00e8 necessario costruire un accordo tra forze diverse.<\/p>\n<p>Detto questo, servirebbe la sfera di cristallo per sapere come andr\u00e0 a finire la telenovela del tentativo di aggregare una maggioranza che dia la fiducia ad un governo. Quello che pare certo \u00e8 che con questa classe politica, incoerente e ignorante, non si andr\u00e0 molto lontano. Ma non dimentichiamolo mai: democraticamente \u00e8 stata votata dagli elettori. Come dice il proverbio antico: \u201cchi \u00e8 causa del suo mal pianga se stesso\u2026 \u201d<\/p>\n","protected":false},"excerpt":{"rendered":"<p>In queste settimane di confronto tra le forze politiche per la formazione di un governo, si sono sentite affermazioni palesemente infondate e madornali errori matematici. Vediamo qualche esempio. Matteo Salvini sostiene che gli italiani hanno votato in maggioranza il centrodestra,&hellip;<\/p>\n","protected":false},"author":1280,"featured_media":632859,"comment_status":"closed","ping_status":"closed","sticky":false,"template":"","format":"standard","meta":{"footnotes":""},"categories":[11388,47,55],"tags":[45630,45631,6998,40454,4550,17490],"class_list":["post-632858","post","type-post","status-publish","format-standard","has-post-thumbnail","hentry","category-contenuti-originali","category-europa","category-politica","tag-formazione-governo","tag-forze-politiche","tag-lega","tag-luigi-di-maio","tag-m5s","tag-matteo-salvini"],"yoast_head":"<!-- This site is optimized with the Yoast SEO plugin v27.1.1 - https:\/\/yoast.com\/product\/yoast-seo-wordpress\/ -->\n<title>Consultazioni governo: tra incoerenza politica e ignoranza costituzionale<\/title>\n<meta name=\"description\" content=\"In queste settimane di confronto tra le forze politiche per la formazione di un governo, si sono sentite affermazioni palesemente infondate e madornali\" \/>\n<meta name=\"robots\" content=\"index, follow, max-snippet:-1, max-image-preview:large, max-video-preview:-1\" \/>\n<link rel=\"canonical\" href=\"https:\/\/www.pressenza.com\/it\/2018\/04\/consultazioni-governo-tra-incoerenza-politica-e-ignoranza-costituzionale\/\" \/>\n<meta property=\"og:locale\" content=\"it_IT\" \/>\n<meta property=\"og:type\" content=\"article\" \/>\n<meta property=\"og:title\" content=\"Consultazioni governo: tra incoerenza politica e ignoranza costituzionale\" \/>\n<meta property=\"og:description\" content=\"In queste settimane di confronto tra le forze politiche per la formazione di un governo, si sono sentite affermazioni palesemente infondate e madornali\" \/>\n<meta property=\"og:url\" content=\"https:\/\/www.pressenza.com\/it\/2018\/04\/consultazioni-governo-tra-incoerenza-politica-e-ignoranza-costituzionale\/\" \/>\n<meta property=\"og:site_name\" content=\"Pressenza\" \/>\n<meta property=\"article:publisher\" content=\"https:\/\/www.facebook.com\/PressenzaItalia\" \/>\n<meta property=\"article:published_time\" content=\"2018-04-28T16:39:39+00:00\" \/>\n<meta property=\"og:image\" content=\"https:\/\/www.pressenza.com\/wp-content\/uploads\/2018\/04\/hands-3331216_960_720.jpg\" \/>\n\t<meta property=\"og:image:width\" content=\"960\" \/>\n\t<meta property=\"og:image:height\" content=\"640\" \/>\n\t<meta property=\"og:image:type\" content=\"image\/jpeg\" \/>\n<meta name=\"author\" content=\"Rocco Artifoni\" \/>\n<meta name=\"twitter:card\" content=\"summary_large_image\" \/>\n<meta name=\"twitter:creator\" content=\"@PressenzaIPA\" \/>\n<meta name=\"twitter:site\" content=\"@PressenzaIPA\" \/>\n<meta name=\"twitter:label1\" content=\"Scritto da\" \/>\n\t<meta name=\"twitter:data1\" content=\"Rocco Artifoni\" \/>\n\t<meta name=\"twitter:label2\" content=\"Tempo di lettura stimato\" \/>\n\t<meta name=\"twitter:data2\" content=\"2 minuti\" \/>\n<script type=\"application\/ld+json\" class=\"yoast-schema-graph\">{\"@context\":\"https:\/\/schema.org\",\"@graph\":[{\"@type\":\"Article\",\"@id\":\"https:\/\/www.pressenza.com\/it\/2018\/04\/consultazioni-governo-tra-incoerenza-politica-e-ignoranza-costituzionale\/#article\",\"isPartOf\":{\"@id\":\"https:\/\/www.pressenza.com\/it\/2018\/04\/consultazioni-governo-tra-incoerenza-politica-e-ignoranza-costituzionale\/\"},\"author\":{\"name\":\"Rocco Artifoni\",\"@id\":\"https:\/\/www.pressenza.com\/it\/#\/schema\/person\/47253bd773bfdc8f669fc1a490a0d099\"},\"headline\":\"Consultazioni governo: tra incoerenza politica e ignoranza costituzionale\",\"datePublished\":\"2018-04-28T16:39:39+00:00\",\"mainEntityOfPage\":{\"@id\":\"https:\/\/www.pressenza.com\/it\/2018\/04\/consultazioni-governo-tra-incoerenza-politica-e-ignoranza-costituzionale\/\"},\"wordCount\":403,\"publisher\":{\"@id\":\"https:\/\/www.pressenza.com\/it\/#organization\"},\"image\":{\"@id\":\"https:\/\/www.pressenza.com\/it\/2018\/04\/consultazioni-governo-tra-incoerenza-politica-e-ignoranza-costituzionale\/#primaryimage\"},\"thumbnailUrl\":\"https:\/\/www.pressenza.com\/wp-content\/uploads\/2018\/04\/hands-3331216_960_720.jpg\",\"keywords\":[\"Formazione Governo\",\"forze politiche\",\"Lega\",\"Luigi di Maio\",\"M5S\",\"Matteo Salvini\"],\"articleSection\":[\"contenuti originali\",\"Europa\",\"Politica\"],\"inLanguage\":\"it-IT\"},{\"@type\":\"WebPage\",\"@id\":\"https:\/\/www.pressenza.com\/it\/2018\/04\/consultazioni-governo-tra-incoerenza-politica-e-ignoranza-costituzionale\/\",\"url\":\"https:\/\/www.pressenza.com\/it\/2018\/04\/consultazioni-governo-tra-incoerenza-politica-e-ignoranza-costituzionale\/\",\"name\":\"Consultazioni governo: tra incoerenza politica e ignoranza costituzionale\",\"isPartOf\":{\"@id\":\"https:\/\/www.pressenza.com\/it\/#website\"},\"primaryImageOfPage\":{\"@id\":\"https:\/\/www.pressenza.com\/it\/2018\/04\/consultazioni-governo-tra-incoerenza-politica-e-ignoranza-costituzionale\/#primaryimage\"},\"image\":{\"@id\":\"https:\/\/www.pressenza.com\/it\/2018\/04\/consultazioni-governo-tra-incoerenza-politica-e-ignoranza-costituzionale\/#primaryimage\"},\"thumbnailUrl\":\"https:\/\/www.pressenza.com\/wp-content\/uploads\/2018\/04\/hands-3331216_960_720.jpg\",\"datePublished\":\"2018-04-28T16:39:39+00:00\",\"description\":\"In queste settimane di confronto tra le forze politiche per la formazione di un governo, si sono sentite affermazioni palesemente infondate e madornali\",\"breadcrumb\":{\"@id\":\"https:\/\/www.pressenza.com\/it\/2018\/04\/consultazioni-governo-tra-incoerenza-politica-e-ignoranza-costituzionale\/#breadcrumb\"},\"inLanguage\":\"it-IT\",\"potentialAction\":[{\"@type\":\"ReadAction\",\"target\":[\"https:\/\/www.pressenza.com\/it\/2018\/04\/consultazioni-governo-tra-incoerenza-politica-e-ignoranza-costituzionale\/\"]}]},{\"@type\":\"ImageObject\",\"inLanguage\":\"it-IT\",\"@id\":\"https:\/\/www.pressenza.com\/it\/2018\/04\/consultazioni-governo-tra-incoerenza-politica-e-ignoranza-costituzionale\/#primaryimage\",\"url\":\"https:\/\/www.pressenza.com\/wp-content\/uploads\/2018\/04\/hands-3331216_960_720.jpg\",\"contentUrl\":\"https:\/\/www.pressenza.com\/wp-content\/uploads\/2018\/04\/hands-3331216_960_720.jpg\",\"width\":960,\"height\":640},{\"@type\":\"BreadcrumbList\",\"@id\":\"https:\/\/www.pressenza.com\/it\/2018\/04\/consultazioni-governo-tra-incoerenza-politica-e-ignoranza-costituzionale\/#breadcrumb\",\"itemListElement\":[{\"@type\":\"ListItem\",\"position\":1,\"name\":\"Accueil\",\"item\":\"https:\/\/www.pressenza.com\/it\/\"},{\"@type\":\"ListItem\",\"position\":2,\"name\":\"Consultazioni governo: tra incoerenza politica e ignoranza costituzionale\"}]},{\"@type\":\"WebSite\",\"@id\":\"https:\/\/www.pressenza.com\/it\/#website\",\"url\":\"https:\/\/www.pressenza.com\/it\/\",\"name\":\"Pressenza\",\"description\":\"Agenzia di Stampa Internazionale\",\"publisher\":{\"@id\":\"https:\/\/www.pressenza.com\/it\/#organization\"},\"potentialAction\":[{\"@type\":\"SearchAction\",\"target\":{\"@type\":\"EntryPoint\",\"urlTemplate\":\"https:\/\/www.pressenza.com\/it\/?s={search_term_string}\"},\"query-input\":{\"@type\":\"PropertyValueSpecification\",\"valueRequired\":true,\"valueName\":\"search_term_string\"}}],\"inLanguage\":\"it-IT\"},{\"@type\":\"Organization\",\"@id\":\"https:\/\/www.pressenza.com\/it\/#organization\",\"name\":\"Pressenza\",\"url\":\"https:\/\/www.pressenza.com\/it\/\",\"logo\":{\"@type\":\"ImageObject\",\"inLanguage\":\"it-IT\",\"@id\":\"https:\/\/www.pressenza.com\/it\/#\/schema\/logo\/image\/\",\"url\":\"https:\/\/www.pressenza.com\/wp-content\/uploads\/2022\/10\/pressenza_logo_200x200.jpg\",\"contentUrl\":\"https:\/\/www.pressenza.com\/wp-content\/uploads\/2022\/10\/pressenza_logo_200x200.jpg\",\"width\":200,\"height\":200,\"caption\":\"Pressenza\"},\"image\":{\"@id\":\"https:\/\/www.pressenza.com\/it\/#\/schema\/logo\/image\/\"},\"sameAs\":[\"https:\/\/www.facebook.com\/PressenzaItalia\",\"https:\/\/x.com\/PressenzaIPA\"]},{\"@type\":\"Person\",\"@id\":\"https:\/\/www.pressenza.com\/it\/#\/schema\/person\/47253bd773bfdc8f669fc1a490a0d099\",\"name\":\"Rocco Artifoni\",\"description\":\"Rocco Artifoni \u00e8 nato a Bergamo nel 1960. \u00c8 presidente nazionale dell\u2019Associazione per la Riduzione del Debito Pubblico (www.ardep.it) e referente per la Lombardia dell\u2019Associazione Art. 53 (www.articolo53.it). Principali appartenenze e impegni locali (provincia di Bergamo): Consiglio Direttivo della Fondazione Serughetti La Porta (www.laportabergamo.it), Comitato provinciale per l\u2019abolizione delle barriere architettoniche (www.diversabile.it), Coordinamento provinciale di Libera (www.liberabg.it), Comitato bergamasco per la difesa della Costituzione (www.salviamolacostituzione.bg.it), Scuola di educazione e formazione alla politica We Care (www.scuolawecare.it), Redazione della rivista L\u2019Incontro e delle Edizioni Gruppo Aeper (www.aeper.it). Nel 2014 ha pubblicato insieme a Filippo Pizzolato \u201cL\u2019ABC della Costituzione\u201d per le Edizioni Gruppo Aeper con prefazione di don Luigi Ciotti. Nel 2018, insieme a Francesco Gesualdi e Antonio De Lellis, per CADTM Italia ha pubblicato il dossier \u201cFisco &amp; Debito. Gli effetti delle controriforme fiscali sul nostro debito pubblico\u201d.\",\"url\":\"https:\/\/www.pressenza.com\/it\/author\/rocco-artifoni\/\"}]}<\/script>\n<!-- \/ Yoast SEO plugin. -->","yoast_head_json":{"title":"Consultazioni governo: tra incoerenza politica e ignoranza costituzionale","description":"In queste settimane di confronto tra le forze politiche per la formazione di un governo, si sono sentite affermazioni palesemente infondate e madornali","robots":{"index":"index","follow":"follow","max-snippet":"max-snippet:-1","max-image-preview":"max-image-preview:large","max-video-preview":"max-video-preview:-1"},"canonical":"https:\/\/www.pressenza.com\/it\/2018\/04\/consultazioni-governo-tra-incoerenza-politica-e-ignoranza-costituzionale\/","og_locale":"it_IT","og_type":"article","og_title":"Consultazioni governo: tra incoerenza politica e ignoranza costituzionale","og_description":"In queste settimane di confronto tra le forze politiche per la formazione di un governo, si sono sentite affermazioni palesemente infondate e madornali","og_url":"https:\/\/www.pressenza.com\/it\/2018\/04\/consultazioni-governo-tra-incoerenza-politica-e-ignoranza-costituzionale\/","og_site_name":"Pressenza","article_publisher":"https:\/\/www.facebook.com\/PressenzaItalia","article_published_time":"2018-04-28T16:39:39+00:00","og_image":[{"width":960,"height":640,"url":"https:\/\/www.pressenza.com\/wp-content\/uploads\/2018\/04\/hands-3331216_960_720.jpg","type":"image\/jpeg"}],"author":"Rocco Artifoni","twitter_card":"summary_large_image","twitter_creator":"@PressenzaIPA","twitter_site":"@PressenzaIPA","twitter_misc":{"Scritto da":"Rocco Artifoni","Tempo di lettura stimato":"2 minuti"},"schema":{"@context":"https:\/\/schema.org","@graph":[{"@type":"Article","@id":"https:\/\/www.pressenza.com\/it\/2018\/04\/consultazioni-governo-tra-incoerenza-politica-e-ignoranza-costituzionale\/#article","isPartOf":{"@id":"https:\/\/www.pressenza.com\/it\/2018\/04\/consultazioni-governo-tra-incoerenza-politica-e-ignoranza-costituzionale\/"},"author":{"name":"Rocco Artifoni","@id":"https:\/\/www.pressenza.com\/it\/#\/schema\/person\/47253bd773bfdc8f669fc1a490a0d099"},"headline":"Consultazioni governo: tra incoerenza politica e ignoranza costituzionale","datePublished":"2018-04-28T16:39:39+00:00","mainEntityOfPage":{"@id":"https:\/\/www.pressenza.com\/it\/2018\/04\/consultazioni-governo-tra-incoerenza-politica-e-ignoranza-costituzionale\/"},"wordCount":403,"publisher":{"@id":"https:\/\/www.pressenza.com\/it\/#organization"},"image":{"@id":"https:\/\/www.pressenza.com\/it\/2018\/04\/consultazioni-governo-tra-incoerenza-politica-e-ignoranza-costituzionale\/#primaryimage"},"thumbnailUrl":"https:\/\/www.pressenza.com\/wp-content\/uploads\/2018\/04\/hands-3331216_960_720.jpg","keywords":["Formazione Governo","forze politiche","Lega","Luigi di Maio","M5S","Matteo Salvini"],"articleSection":["contenuti originali","Europa","Politica"],"inLanguage":"it-IT"},{"@type":"WebPage","@id":"https:\/\/www.pressenza.com\/it\/2018\/04\/consultazioni-governo-tra-incoerenza-politica-e-ignoranza-costituzionale\/","url":"https:\/\/www.pressenza.com\/it\/2018\/04\/consultazioni-governo-tra-incoerenza-politica-e-ignoranza-costituzionale\/","name":"Consultazioni governo: tra incoerenza politica e ignoranza costituzionale","isPartOf":{"@id":"https:\/\/www.pressenza.com\/it\/#website"},"primaryImageOfPage":{"@id":"https:\/\/www.pressenza.com\/it\/2018\/04\/consultazioni-governo-tra-incoerenza-politica-e-ignoranza-costituzionale\/#primaryimage"},"image":{"@id":"https:\/\/www.pressenza.com\/it\/2018\/04\/consultazioni-governo-tra-incoerenza-politica-e-ignoranza-costituzionale\/#primaryimage"},"thumbnailUrl":"https:\/\/www.pressenza.com\/wp-content\/uploads\/2018\/04\/hands-3331216_960_720.jpg","datePublished":"2018-04-28T16:39:39+00:00","description":"In queste settimane di confronto tra le forze politiche per la formazione di un governo, si sono sentite affermazioni palesemente infondate e madornali","breadcrumb":{"@id":"https:\/\/www.pressenza.com\/it\/2018\/04\/consultazioni-governo-tra-incoerenza-politica-e-ignoranza-costituzionale\/#breadcrumb"},"inLanguage":"it-IT","potentialAction":[{"@type":"ReadAction","target":["https:\/\/www.pressenza.com\/it\/2018\/04\/consultazioni-governo-tra-incoerenza-politica-e-ignoranza-costituzionale\/"]}]},{"@type":"ImageObject","inLanguage":"it-IT","@id":"https:\/\/www.pressenza.com\/it\/2018\/04\/consultazioni-governo-tra-incoerenza-politica-e-ignoranza-costituzionale\/#primaryimage","url":"https:\/\/www.pressenza.com\/wp-content\/uploads\/2018\/04\/hands-3331216_960_720.jpg","contentUrl":"https:\/\/www.pressenza.com\/wp-content\/uploads\/2018\/04\/hands-3331216_960_720.jpg","width":960,"height":640},{"@type":"BreadcrumbList","@id":"https:\/\/www.pressenza.com\/it\/2018\/04\/consultazioni-governo-tra-incoerenza-politica-e-ignoranza-costituzionale\/#breadcrumb","itemListElement":[{"@type":"ListItem","position":1,"name":"Accueil","item":"https:\/\/www.pressenza.com\/it\/"},{"@type":"ListItem","position":2,"name":"Consultazioni governo: tra incoerenza politica e ignoranza costituzionale"}]},{"@type":"WebSite","@id":"https:\/\/www.pressenza.com\/it\/#website","url":"https:\/\/www.pressenza.com\/it\/","name":"Pressenza","description":"Agenzia di Stampa Internazionale","publisher":{"@id":"https:\/\/www.pressenza.com\/it\/#organization"},"potentialAction":[{"@type":"SearchAction","target":{"@type":"EntryPoint","urlTemplate":"https:\/\/www.pressenza.com\/it\/?s={search_term_string}"},"query-input":{"@type":"PropertyValueSpecification","valueRequired":true,"valueName":"search_term_string"}}],"inLanguage":"it-IT"},{"@type":"Organization","@id":"https:\/\/www.pressenza.com\/it\/#organization","name":"Pressenza","url":"https:\/\/www.pressenza.com\/it\/","logo":{"@type":"ImageObject","inLanguage":"it-IT","@id":"https:\/\/www.pressenza.com\/it\/#\/schema\/logo\/image\/","url":"https:\/\/www.pressenza.com\/wp-content\/uploads\/2022\/10\/pressenza_logo_200x200.jpg","contentUrl":"https:\/\/www.pressenza.com\/wp-content\/uploads\/2022\/10\/pressenza_logo_200x200.jpg","width":200,"height":200,"caption":"Pressenza"},"image":{"@id":"https:\/\/www.pressenza.com\/it\/#\/schema\/logo\/image\/"},"sameAs":["https:\/\/www.facebook.com\/PressenzaItalia","https:\/\/x.com\/PressenzaIPA"]},{"@type":"Person","@id":"https:\/\/www.pressenza.com\/it\/#\/schema\/person\/47253bd773bfdc8f669fc1a490a0d099","name":"Rocco Artifoni","description":"Rocco Artifoni \u00e8 nato a Bergamo nel 1960. \u00c8 presidente nazionale dell\u2019Associazione per la Riduzione del Debito Pubblico (www.ardep.it) e referente per la Lombardia dell\u2019Associazione Art. 53 (www.articolo53.it). Principali appartenenze e impegni locali (provincia di Bergamo): Consiglio Direttivo della Fondazione Serughetti La Porta (www.laportabergamo.it), Comitato provinciale per l\u2019abolizione delle barriere architettoniche (www.diversabile.it), Coordinamento provinciale di Libera (www.liberabg.it), Comitato bergamasco per la difesa della Costituzione (www.salviamolacostituzione.bg.it), Scuola di educazione e formazione alla politica We Care (www.scuolawecare.it), Redazione della rivista L\u2019Incontro e delle Edizioni Gruppo Aeper (www.aeper.it). Nel 2014 ha pubblicato insieme a Filippo Pizzolato \u201cL\u2019ABC della Costituzione\u201d per le Edizioni Gruppo Aeper con prefazione di don Luigi Ciotti. Nel 2018, insieme a Francesco Gesualdi e Antonio De Lellis, per CADTM Italia ha pubblicato il dossier \u201cFisco &amp; Debito. Gli effetti delle controriforme fiscali sul nostro debito pubblico\u201d.","url":"https:\/\/www.pressenza.com\/it\/author\/rocco-artifoni\/"}]}},"place":"","original_article_url":"","_links":{"self":[{"href":"https:\/\/www.pressenza.com\/it\/wp-json\/wp\/v2\/posts\/632858","targetHints":{"allow":["GET"]}}],"collection":[{"href":"https:\/\/www.pressenza.com\/it\/wp-json\/wp\/v2\/posts"}],"about":[{"href":"https:\/\/www.pressenza.com\/it\/wp-json\/wp\/v2\/types\/post"}],"author":[{"embeddable":true,"href":"https:\/\/www.pressenza.com\/it\/wp-json\/wp\/v2\/users\/1280"}],"replies":[{"embeddable":true,"href":"https:\/\/www.pressenza.com\/it\/wp-json\/wp\/v2\/comments?post=632858"}],"version-history":[{"count":0,"href":"https:\/\/www.pressenza.com\/it\/wp-json\/wp\/v2\/posts\/632858\/revisions"}],"wp:featuredmedia":[{"embeddable":true,"href":"https:\/\/www.pressenza.com\/it\/wp-json\/wp\/v2\/media\/632859"}],"wp:attachment":[{"href":"https:\/\/www.pressenza.com\/it\/wp-json\/wp\/v2\/media?parent=632858"}],"wp:term":[{"taxonomy":"category","embeddable":true,"href":"https:\/\/www.pressenza.com\/it\/wp-json\/wp\/v2\/categories?post=632858"},{"taxonomy":"post_tag","embeddable":true,"href":"https:\/\/www.pressenza.com\/it\/wp-json\/wp\/v2\/tags?post=632858"}],"curies":[{"name":"wp","href":"https:\/\/api.w.org\/{rel}","templated":true}]}}