{"id":632711,"date":"2018-04-28T11:16:14","date_gmt":"2018-04-28T10:16:14","guid":{"rendered":"https:\/\/www.pressenza.com\/?p=632711"},"modified":"2018-04-28T11:43:41","modified_gmt":"2018-04-28T10:43:41","slug":"sanita-informazione-accordo-ordine-dei-medici-roma-associazione-stampa-romana","status":"publish","type":"post","link":"https:\/\/www.pressenza.com\/it\/2018\/04\/sanita-informazione-accordo-ordine-dei-medici-roma-associazione-stampa-romana\/","title":{"rendered":"Sanit\u00e0 e informazione, accordo tra Ordine dei Medici di Roma e Associazione Stampa Romana"},"content":{"rendered":"<p>Che analogie ci possono essere, tra i vissuti professionali quotidiani di giornalisti e medici? Diverse, in realt\u00e0.<\/p>\n<p>Presso l\u2019Ordine dei Giornalisti del Lazio, nella sala conferenze della \u201cStampa Romana\u201d, il Presidente dell\u2019Ordine dei Medici di Roma, Antonio Magi, e il segretario dell\u2019Associazione Stampa Romana, Lazzaro Pappagallo, hanno firmato un accordo-quadro per affrontare meglio una serie di problemi comuni ad ambedue le professioni.<\/p>\n<p>Ci riferiamo anzitutto a quelle situazioni di disagio, e anche di pericolo, che i professionisti della sanit\u00e0 e dell\u2019informazione affrontano molto spesso a causa di molteplici fattori: vedi le aggressioni &#8211; verbali e anche fisiche &#8211; che spesso subiscono i medici, da parte di pazienti (o da loro parenti e amici, ma anche occasionali \u201csimpatizzanti\u201d) stanchi d\u2019attendere per ore di essere visitati, esasperati dalle lungaggini burocratiche del SSN. Dall\u2019altro, le aggressioni analoghe che sempre pi\u00f9 spesso subiscono i giornalisti (gi\u00e0 46 casi nel 2018): per non parlare delle \u201cquerele temerarie\u201d, anzi miliardarie, che arrivano, con richieste di risarcimento esorbitanti, ad ambedue le categorie, da parte di utenti che si ritengono, spesso a torto,\u00a0vittime di casi di malasanit\u00e0, o di cittadini che si sentono calunniati.<\/p>\n<p>Il discorso, poi, \u00e8 pi\u00f9 ampio, e andrebbe riferito a tutti quegli episodi moltiplicatisi, in Italia, negli ultimi anni che indicano un generale imbarbarimento della societ\u00e0: non ci sono solo i giornalisti presi a testate e minacciati di morte, e i medici aggrediti anche nei loro studi; ma anche gli insegnanti minacciati d\u2019esser sciolti nell\u2019acido da loro alunni, sino all\u2019episodio incredibile (periferia di Roma, 2016) della signora, salita su un bus dell\u2019Atac, che, urtata dalle risposte un po\u2019 sgarbate del conducente, chiama il marito e, al capolinea del mezzo, gli fa picchiare a sangue il povero autista.<\/p>\n<p>\u201cAnzitutto per combattere meglio questi fenomeni (che rendono difficile e stressante il lavoro quotidiano di medici e giornalisti), abbiamo deciso di firmare quest\u2019accordo, che sviluppa la collaborazione tra le nostre due categorie\u201d, hanno precisato Magi e Pappagallo. \u201cMa anche &#8211; ha sottolineato il Presidente dell\u2019OMCeO di Roma &#8211; per combattere l\u2019altro preoccupante fenomeno delle \u201cfake news\u201d, delle notizie errate, che hanno effetti molto spesso devastanti (vedi, ad esempio, l\u2019abitudine di molti pazienti di cercare la cura \u201cfai da te\u201d, solo consultando in Rete il \u201cDottor Google\u201d, anzich\u00e9 rivolgendosi al medico di famiglia o agli altri presidi sanitari).<\/p>\n<p>Questo \u00e8 possibile se si crea un presidio di primo intervento, una sorta di \u201cPronto soccorso informativo\u201d per i giornalisti su sanit\u00e0 e medicina: che, gestito dall\u2019Ordine mediante un numero telefonico dove risponderanno medici qualificati, permetter\u00e0 di dare ai giornalisti notizie sempre esatte e aggiornate (stiamo pensando anche a specifiche app, di cui potranno usufruire tutti i cittadini)\u201d.<\/p>\n<p>\u201cAl giorno d\u2019oggi,\u00a0del resto\u201d, ha aggiunto il segretario di \u201cStampa romana\u201d, \u201cnessuna categoria professionale pu\u00f2 operare senza rapportarsi ad altre, senza\u00a0avviare una minima collaborazione; e come giornalisti, dobbiamo chiederci cosa possiamo fare, con i medici, per offrire servizi veramente migliori ai cittadini, in un Paese che sta cambiando sempre di pi\u00f9 ad un ritmo impressionante\u201d.<\/p>\n<p>\u201cPi\u00f9 in generale, poi\u201d, ha aggiunto Magi, \u201cl\u2019OMCeO di Roma si propone di sviluppare rapporti costruttivi con tutte le altre categorie professionali: contribuendo, all\u2019attivazione di quel \u201ctavolo interprofessionale\u201d previsto\u00a0da un\u2019apposita legge della Regione Lazio, rimasta sinora inattuata\u201d.<\/p>\n<p>\u201cInterprofessionalit\u00e0 e rapporto stretto col territorio, questi due aspetti sono stati centrali nel programma della lista \u201cMedici Uniti\u201d, vincitrice, a dicembre scorso, delle elezioni all\u2019Ordine di Roma.<\/p>\n<p>Ha aggiunto in chiusura, il prof. Foad Aodi, consigliere dell\u2019OMCeO di Roma, coordinatore dell\u2019Area Rapporti coi Comuni e\u00a0Affari esteri: \u201cUn applauso a questa iniziativa dell\u2019accordo, che rafforza la collaborazione tra\u00a0medici e giornalisti, dal territorio italiano sino ad arrivare a livello internazionale: sempre in prima linea per prevenire, curare e informare. Vedi, ad esempio, il successo della \u201cGiornata della Salute\u201d organizzata, il 21 aprile,\u00a0dal Comune di Ladispoli insieme all\u2019Ordine Medici di Roma: con pi\u00f9\u2019 di 1.000 visite specialistiche gratuite effettuate da medici qualificati.\u00a0Il tutto grazie anche all\u2019informazione ramificata sui quotidiani locali. Mentre, cosa ancor pi\u00f9 importante, medici e giornalisti si trovano quotidianamente in prima linea nelle aree pi\u00f9 calde del mondo (dalla Siria alla Libia): gli uni cercando il pi\u00f9 possibile di curare le popolazioni, gli altri cercando d\u2019informare il mondo su quello che accade\u201d.<\/p>\n<p>\u201cLa nostra solidariet\u00e0 e il nostro pieno riconoscimento\u201d, prosegue Aodi, \u201cvanno a tutti i medici e giornalisti che rischiano la propria vita per l\u2019interesse comune, senza distinzioni\u201d.<\/p>\n<p>Le statistiche presentate dall\u2019Ordine dei Medici di Roma sulle aggressioni ai medici (nel 2017, in media 3 aggressioni al giorno, il 68% nei confronti di donne, il 32% di uomini: di tutte queste, il 60%\u00a0minacce semplici, il 20% percosse, il 10% minacce a mano armata, un altro 10% atti di vandalismo; il tutto con un costo, per la collettivit\u00e0, di 3.783 giornate lavorative in meno, e, per il SSN, di 30.056.750,00 euro)\u00a0fanno preoccupare molto. Bisogna iniziare a curare questo male sociale iniziando dalla collaborazione interprofessionale e dagli aspetti culturali, anche per quanto riguarda le discriminazioni nei confronti dei medici di origine straniera e\u00a0di colore: come \u00e8 successo recentemente, in Lombardia, nei confronti di quel collega del Camerun.<strong><em>\u00a0<\/em><\/strong><\/p>\n<p><strong><em>Articolo di Fabrizio Federici<\/em><\/strong><\/p>\n","protected":false},"excerpt":{"rendered":"<p>Che analogie ci possono essere, tra i vissuti professionali quotidiani di giornalisti e medici? Diverse, in realt\u00e0. Presso l\u2019Ordine dei Giornalisti del Lazio, nella sala conferenze della \u201cStampa Romana\u201d, il Presidente dell\u2019Ordine dei Medici di Roma, Antonio Magi, e il&hellip;<\/p>\n","protected":false},"author":594,"featured_media":632712,"comment_status":"closed","ping_status":"closed","sticky":false,"template":"","format":"standard","meta":{"footnotes":""},"categories":[11388,47,1259],"tags":[45621,1767,5753,45622,803],"class_list":["post-632711","post","type-post","status-publish","format-standard","has-post-thumbnail","hentry","category-contenuti-originali","category-europa","category-salute-argomento","tag-associazione-stampa-romana","tag-giornalismo","tag-lazio","tag-ordine-dei-medici-roma","tag-sanita"],"yoast_head":"<!-- This site is optimized with the Yoast SEO plugin v27.1.1 - https:\/\/yoast.com\/product\/yoast-seo-wordpress\/ -->\n<title>Sanit\u00e0 e informazione, accordo tra Ordine dei Medici di Roma e Associazione Stampa Romana<\/title>\n<meta name=\"description\" content=\"Che analogie ci possono essere, tra i vissuti professionali quotidiani di giornalisti e medici? Diverse, in realt\u00e0. Presso l\u2019Ordine dei Giornalisti del\" \/>\n<meta name=\"robots\" content=\"index, follow, max-snippet:-1, max-image-preview:large, max-video-preview:-1\" \/>\n<link rel=\"canonical\" href=\"https:\/\/www.pressenza.com\/it\/2018\/04\/sanita-informazione-accordo-ordine-dei-medici-roma-associazione-stampa-romana\/\" \/>\n<meta property=\"og:locale\" content=\"it_IT\" \/>\n<meta property=\"og:type\" content=\"article\" \/>\n<meta property=\"og:title\" content=\"Sanit\u00e0 e informazione, accordo tra Ordine dei Medici di Roma e Associazione Stampa Romana\" \/>\n<meta property=\"og:description\" content=\"Che analogie ci possono essere, tra i vissuti professionali quotidiani di giornalisti e medici? Diverse, in realt\u00e0. Presso l\u2019Ordine dei Giornalisti del\" \/>\n<meta property=\"og:url\" content=\"https:\/\/www.pressenza.com\/it\/2018\/04\/sanita-informazione-accordo-ordine-dei-medici-roma-associazione-stampa-romana\/\" \/>\n<meta property=\"og:site_name\" content=\"Pressenza\" \/>\n<meta property=\"article:publisher\" content=\"https:\/\/www.facebook.com\/PressenzaItalia\" \/>\n<meta property=\"article:author\" content=\"https:\/\/www.facebook.com\/PressenzaItalia\" \/>\n<meta property=\"article:published_time\" content=\"2018-04-28T10:16:14+00:00\" \/>\n<meta property=\"article:modified_time\" content=\"2018-04-28T10:43:41+00:00\" \/>\n<meta property=\"og:image\" content=\"https:\/\/www.pressenza.com\/wp-content\/uploads\/2018\/04\/STAMPA-ROMANA-2.jpg\" \/>\n\t<meta property=\"og:image:width\" content=\"1080\" \/>\n\t<meta property=\"og:image:height\" content=\"810\" \/>\n\t<meta property=\"og:image:type\" content=\"image\/jpeg\" \/>\n<meta name=\"author\" content=\"Redazione Italia\" \/>\n<meta name=\"twitter:card\" content=\"summary_large_image\" \/>\n<meta name=\"twitter:creator\" content=\"@pressenza_it\" \/>\n<meta name=\"twitter:site\" content=\"@PressenzaIPA\" \/>\n<meta name=\"twitter:label1\" content=\"Scritto da\" \/>\n\t<meta name=\"twitter:data1\" content=\"Redazione Italia\" \/>\n\t<meta name=\"twitter:label2\" content=\"Tempo di lettura stimato\" \/>\n\t<meta name=\"twitter:data2\" content=\"4 minuti\" \/>\n<script type=\"application\/ld+json\" class=\"yoast-schema-graph\">{\"@context\":\"https:\/\/schema.org\",\"@graph\":[{\"@type\":\"Article\",\"@id\":\"https:\/\/www.pressenza.com\/it\/2018\/04\/sanita-informazione-accordo-ordine-dei-medici-roma-associazione-stampa-romana\/#article\",\"isPartOf\":{\"@id\":\"https:\/\/www.pressenza.com\/it\/2018\/04\/sanita-informazione-accordo-ordine-dei-medici-roma-associazione-stampa-romana\/\"},\"author\":{\"name\":\"Redazione Italia\",\"@id\":\"https:\/\/www.pressenza.com\/it\/#\/schema\/person\/d983e81827ae24f2c7b1a2123d197f8d\"},\"headline\":\"Sanit\u00e0 e informazione, accordo tra Ordine dei Medici di Roma e Associazione Stampa Romana\",\"datePublished\":\"2018-04-28T10:16:14+00:00\",\"dateModified\":\"2018-04-28T10:43:41+00:00\",\"mainEntityOfPage\":{\"@id\":\"https:\/\/www.pressenza.com\/it\/2018\/04\/sanita-informazione-accordo-ordine-dei-medici-roma-associazione-stampa-romana\/\"},\"wordCount\":874,\"publisher\":{\"@id\":\"https:\/\/www.pressenza.com\/it\/#organization\"},\"image\":{\"@id\":\"https:\/\/www.pressenza.com\/it\/2018\/04\/sanita-informazione-accordo-ordine-dei-medici-roma-associazione-stampa-romana\/#primaryimage\"},\"thumbnailUrl\":\"https:\/\/www.pressenza.com\/wp-content\/uploads\/2018\/04\/STAMPA-ROMANA-2.jpg\",\"keywords\":[\"Associazione Stampa Romana\",\"giornalismo\",\"Lazio\",\"Ordine dei Medici Roma\",\"sanit\u00e0\"],\"articleSection\":[\"contenuti originali\",\"Europa\",\"Salute\"],\"inLanguage\":\"it-IT\"},{\"@type\":\"WebPage\",\"@id\":\"https:\/\/www.pressenza.com\/it\/2018\/04\/sanita-informazione-accordo-ordine-dei-medici-roma-associazione-stampa-romana\/\",\"url\":\"https:\/\/www.pressenza.com\/it\/2018\/04\/sanita-informazione-accordo-ordine-dei-medici-roma-associazione-stampa-romana\/\",\"name\":\"Sanit\u00e0 e informazione, accordo tra Ordine dei Medici di Roma e Associazione Stampa Romana\",\"isPartOf\":{\"@id\":\"https:\/\/www.pressenza.com\/it\/#website\"},\"primaryImageOfPage\":{\"@id\":\"https:\/\/www.pressenza.com\/it\/2018\/04\/sanita-informazione-accordo-ordine-dei-medici-roma-associazione-stampa-romana\/#primaryimage\"},\"image\":{\"@id\":\"https:\/\/www.pressenza.com\/it\/2018\/04\/sanita-informazione-accordo-ordine-dei-medici-roma-associazione-stampa-romana\/#primaryimage\"},\"thumbnailUrl\":\"https:\/\/www.pressenza.com\/wp-content\/uploads\/2018\/04\/STAMPA-ROMANA-2.jpg\",\"datePublished\":\"2018-04-28T10:16:14+00:00\",\"dateModified\":\"2018-04-28T10:43:41+00:00\",\"description\":\"Che analogie ci possono essere, tra i vissuti professionali quotidiani di giornalisti e medici? Diverse, in realt\u00e0. Presso l\u2019Ordine dei Giornalisti del\",\"breadcrumb\":{\"@id\":\"https:\/\/www.pressenza.com\/it\/2018\/04\/sanita-informazione-accordo-ordine-dei-medici-roma-associazione-stampa-romana\/#breadcrumb\"},\"inLanguage\":\"it-IT\",\"potentialAction\":[{\"@type\":\"ReadAction\",\"target\":[\"https:\/\/www.pressenza.com\/it\/2018\/04\/sanita-informazione-accordo-ordine-dei-medici-roma-associazione-stampa-romana\/\"]}]},{\"@type\":\"ImageObject\",\"inLanguage\":\"it-IT\",\"@id\":\"https:\/\/www.pressenza.com\/it\/2018\/04\/sanita-informazione-accordo-ordine-dei-medici-roma-associazione-stampa-romana\/#primaryimage\",\"url\":\"https:\/\/www.pressenza.com\/wp-content\/uploads\/2018\/04\/STAMPA-ROMANA-2.jpg\",\"contentUrl\":\"https:\/\/www.pressenza.com\/wp-content\/uploads\/2018\/04\/STAMPA-ROMANA-2.jpg\",\"width\":1080,\"height\":810},{\"@type\":\"BreadcrumbList\",\"@id\":\"https:\/\/www.pressenza.com\/it\/2018\/04\/sanita-informazione-accordo-ordine-dei-medici-roma-associazione-stampa-romana\/#breadcrumb\",\"itemListElement\":[{\"@type\":\"ListItem\",\"position\":1,\"name\":\"Accueil\",\"item\":\"https:\/\/www.pressenza.com\/it\/\"},{\"@type\":\"ListItem\",\"position\":2,\"name\":\"Sanit\u00e0 e informazione, accordo tra Ordine dei Medici di Roma e Associazione Stampa Romana\"}]},{\"@type\":\"WebSite\",\"@id\":\"https:\/\/www.pressenza.com\/it\/#website\",\"url\":\"https:\/\/www.pressenza.com\/it\/\",\"name\":\"Pressenza\",\"description\":\"Agenzia di Stampa Internazionale\",\"publisher\":{\"@id\":\"https:\/\/www.pressenza.com\/it\/#organization\"},\"potentialAction\":[{\"@type\":\"SearchAction\",\"target\":{\"@type\":\"EntryPoint\",\"urlTemplate\":\"https:\/\/www.pressenza.com\/it\/?s={search_term_string}\"},\"query-input\":{\"@type\":\"PropertyValueSpecification\",\"valueRequired\":true,\"valueName\":\"search_term_string\"}}],\"inLanguage\":\"it-IT\"},{\"@type\":\"Organization\",\"@id\":\"https:\/\/www.pressenza.com\/it\/#organization\",\"name\":\"Pressenza\",\"url\":\"https:\/\/www.pressenza.com\/it\/\",\"logo\":{\"@type\":\"ImageObject\",\"inLanguage\":\"it-IT\",\"@id\":\"https:\/\/www.pressenza.com\/it\/#\/schema\/logo\/image\/\",\"url\":\"https:\/\/www.pressenza.com\/wp-content\/uploads\/2022\/10\/pressenza_logo_200x200.jpg\",\"contentUrl\":\"https:\/\/www.pressenza.com\/wp-content\/uploads\/2022\/10\/pressenza_logo_200x200.jpg\",\"width\":200,\"height\":200,\"caption\":\"Pressenza\"},\"image\":{\"@id\":\"https:\/\/www.pressenza.com\/it\/#\/schema\/logo\/image\/\"},\"sameAs\":[\"https:\/\/www.facebook.com\/PressenzaItalia\",\"https:\/\/x.com\/PressenzaIPA\"]},{\"@type\":\"Person\",\"@id\":\"https:\/\/www.pressenza.com\/it\/#\/schema\/person\/d983e81827ae24f2c7b1a2123d197f8d\",\"name\":\"Redazione Italia\",\"description\":\"News from the Pressenza Bureau in Italy\",\"sameAs\":[\"https:\/\/www.pressenza.com\/it\/author\/redazione-italia\/\",\"https:\/\/www.facebook.com\/PressenzaItalia\",\"https:\/\/www.instagram.com\/pressenza_italia\/\",\"https:\/\/x.com\/pressenza_it\",\"https:\/\/www.youtube.com\/channel\/UCSalEIWjE1RSxkwjfftFuqg\"],\"url\":\"https:\/\/www.pressenza.com\/it\/author\/redazione-italia\/\"}]}<\/script>\n<!-- \/ Yoast SEO plugin. -->","yoast_head_json":{"title":"Sanit\u00e0 e informazione, accordo tra Ordine dei Medici di Roma e Associazione Stampa Romana","description":"Che analogie ci possono essere, tra i vissuti professionali quotidiani di giornalisti e medici? Diverse, in realt\u00e0. Presso l\u2019Ordine dei Giornalisti del","robots":{"index":"index","follow":"follow","max-snippet":"max-snippet:-1","max-image-preview":"max-image-preview:large","max-video-preview":"max-video-preview:-1"},"canonical":"https:\/\/www.pressenza.com\/it\/2018\/04\/sanita-informazione-accordo-ordine-dei-medici-roma-associazione-stampa-romana\/","og_locale":"it_IT","og_type":"article","og_title":"Sanit\u00e0 e informazione, accordo tra Ordine dei Medici di Roma e Associazione Stampa Romana","og_description":"Che analogie ci possono essere, tra i vissuti professionali quotidiani di giornalisti e medici? Diverse, in realt\u00e0. Presso l\u2019Ordine dei Giornalisti del","og_url":"https:\/\/www.pressenza.com\/it\/2018\/04\/sanita-informazione-accordo-ordine-dei-medici-roma-associazione-stampa-romana\/","og_site_name":"Pressenza","article_publisher":"https:\/\/www.facebook.com\/PressenzaItalia","article_author":"https:\/\/www.facebook.com\/PressenzaItalia","article_published_time":"2018-04-28T10:16:14+00:00","article_modified_time":"2018-04-28T10:43:41+00:00","og_image":[{"width":1080,"height":810,"url":"https:\/\/www.pressenza.com\/wp-content\/uploads\/2018\/04\/STAMPA-ROMANA-2.jpg","type":"image\/jpeg"}],"author":"Redazione Italia","twitter_card":"summary_large_image","twitter_creator":"@pressenza_it","twitter_site":"@PressenzaIPA","twitter_misc":{"Scritto da":"Redazione Italia","Tempo di lettura stimato":"4 minuti"},"schema":{"@context":"https:\/\/schema.org","@graph":[{"@type":"Article","@id":"https:\/\/www.pressenza.com\/it\/2018\/04\/sanita-informazione-accordo-ordine-dei-medici-roma-associazione-stampa-romana\/#article","isPartOf":{"@id":"https:\/\/www.pressenza.com\/it\/2018\/04\/sanita-informazione-accordo-ordine-dei-medici-roma-associazione-stampa-romana\/"},"author":{"name":"Redazione Italia","@id":"https:\/\/www.pressenza.com\/it\/#\/schema\/person\/d983e81827ae24f2c7b1a2123d197f8d"},"headline":"Sanit\u00e0 e informazione, accordo tra Ordine dei Medici di Roma e Associazione Stampa Romana","datePublished":"2018-04-28T10:16:14+00:00","dateModified":"2018-04-28T10:43:41+00:00","mainEntityOfPage":{"@id":"https:\/\/www.pressenza.com\/it\/2018\/04\/sanita-informazione-accordo-ordine-dei-medici-roma-associazione-stampa-romana\/"},"wordCount":874,"publisher":{"@id":"https:\/\/www.pressenza.com\/it\/#organization"},"image":{"@id":"https:\/\/www.pressenza.com\/it\/2018\/04\/sanita-informazione-accordo-ordine-dei-medici-roma-associazione-stampa-romana\/#primaryimage"},"thumbnailUrl":"https:\/\/www.pressenza.com\/wp-content\/uploads\/2018\/04\/STAMPA-ROMANA-2.jpg","keywords":["Associazione Stampa Romana","giornalismo","Lazio","Ordine dei Medici Roma","sanit\u00e0"],"articleSection":["contenuti originali","Europa","Salute"],"inLanguage":"it-IT"},{"@type":"WebPage","@id":"https:\/\/www.pressenza.com\/it\/2018\/04\/sanita-informazione-accordo-ordine-dei-medici-roma-associazione-stampa-romana\/","url":"https:\/\/www.pressenza.com\/it\/2018\/04\/sanita-informazione-accordo-ordine-dei-medici-roma-associazione-stampa-romana\/","name":"Sanit\u00e0 e informazione, accordo tra Ordine dei Medici di Roma e Associazione Stampa Romana","isPartOf":{"@id":"https:\/\/www.pressenza.com\/it\/#website"},"primaryImageOfPage":{"@id":"https:\/\/www.pressenza.com\/it\/2018\/04\/sanita-informazione-accordo-ordine-dei-medici-roma-associazione-stampa-romana\/#primaryimage"},"image":{"@id":"https:\/\/www.pressenza.com\/it\/2018\/04\/sanita-informazione-accordo-ordine-dei-medici-roma-associazione-stampa-romana\/#primaryimage"},"thumbnailUrl":"https:\/\/www.pressenza.com\/wp-content\/uploads\/2018\/04\/STAMPA-ROMANA-2.jpg","datePublished":"2018-04-28T10:16:14+00:00","dateModified":"2018-04-28T10:43:41+00:00","description":"Che analogie ci possono essere, tra i vissuti professionali quotidiani di giornalisti e medici? Diverse, in realt\u00e0. Presso l\u2019Ordine dei Giornalisti del","breadcrumb":{"@id":"https:\/\/www.pressenza.com\/it\/2018\/04\/sanita-informazione-accordo-ordine-dei-medici-roma-associazione-stampa-romana\/#breadcrumb"},"inLanguage":"it-IT","potentialAction":[{"@type":"ReadAction","target":["https:\/\/www.pressenza.com\/it\/2018\/04\/sanita-informazione-accordo-ordine-dei-medici-roma-associazione-stampa-romana\/"]}]},{"@type":"ImageObject","inLanguage":"it-IT","@id":"https:\/\/www.pressenza.com\/it\/2018\/04\/sanita-informazione-accordo-ordine-dei-medici-roma-associazione-stampa-romana\/#primaryimage","url":"https:\/\/www.pressenza.com\/wp-content\/uploads\/2018\/04\/STAMPA-ROMANA-2.jpg","contentUrl":"https:\/\/www.pressenza.com\/wp-content\/uploads\/2018\/04\/STAMPA-ROMANA-2.jpg","width":1080,"height":810},{"@type":"BreadcrumbList","@id":"https:\/\/www.pressenza.com\/it\/2018\/04\/sanita-informazione-accordo-ordine-dei-medici-roma-associazione-stampa-romana\/#breadcrumb","itemListElement":[{"@type":"ListItem","position":1,"name":"Accueil","item":"https:\/\/www.pressenza.com\/it\/"},{"@type":"ListItem","position":2,"name":"Sanit\u00e0 e informazione, accordo tra Ordine dei Medici di Roma e Associazione Stampa Romana"}]},{"@type":"WebSite","@id":"https:\/\/www.pressenza.com\/it\/#website","url":"https:\/\/www.pressenza.com\/it\/","name":"Pressenza","description":"Agenzia di Stampa Internazionale","publisher":{"@id":"https:\/\/www.pressenza.com\/it\/#organization"},"potentialAction":[{"@type":"SearchAction","target":{"@type":"EntryPoint","urlTemplate":"https:\/\/www.pressenza.com\/it\/?s={search_term_string}"},"query-input":{"@type":"PropertyValueSpecification","valueRequired":true,"valueName":"search_term_string"}}],"inLanguage":"it-IT"},{"@type":"Organization","@id":"https:\/\/www.pressenza.com\/it\/#organization","name":"Pressenza","url":"https:\/\/www.pressenza.com\/it\/","logo":{"@type":"ImageObject","inLanguage":"it-IT","@id":"https:\/\/www.pressenza.com\/it\/#\/schema\/logo\/image\/","url":"https:\/\/www.pressenza.com\/wp-content\/uploads\/2022\/10\/pressenza_logo_200x200.jpg","contentUrl":"https:\/\/www.pressenza.com\/wp-content\/uploads\/2022\/10\/pressenza_logo_200x200.jpg","width":200,"height":200,"caption":"Pressenza"},"image":{"@id":"https:\/\/www.pressenza.com\/it\/#\/schema\/logo\/image\/"},"sameAs":["https:\/\/www.facebook.com\/PressenzaItalia","https:\/\/x.com\/PressenzaIPA"]},{"@type":"Person","@id":"https:\/\/www.pressenza.com\/it\/#\/schema\/person\/d983e81827ae24f2c7b1a2123d197f8d","name":"Redazione Italia","description":"News from the Pressenza Bureau in Italy","sameAs":["https:\/\/www.pressenza.com\/it\/author\/redazione-italia\/","https:\/\/www.facebook.com\/PressenzaItalia","https:\/\/www.instagram.com\/pressenza_italia\/","https:\/\/x.com\/pressenza_it","https:\/\/www.youtube.com\/channel\/UCSalEIWjE1RSxkwjfftFuqg"],"url":"https:\/\/www.pressenza.com\/it\/author\/redazione-italia\/"}]}},"place":"Roma","original_article_url":"","_links":{"self":[{"href":"https:\/\/www.pressenza.com\/it\/wp-json\/wp\/v2\/posts\/632711","targetHints":{"allow":["GET"]}}],"collection":[{"href":"https:\/\/www.pressenza.com\/it\/wp-json\/wp\/v2\/posts"}],"about":[{"href":"https:\/\/www.pressenza.com\/it\/wp-json\/wp\/v2\/types\/post"}],"author":[{"embeddable":true,"href":"https:\/\/www.pressenza.com\/it\/wp-json\/wp\/v2\/users\/594"}],"replies":[{"embeddable":true,"href":"https:\/\/www.pressenza.com\/it\/wp-json\/wp\/v2\/comments?post=632711"}],"version-history":[{"count":0,"href":"https:\/\/www.pressenza.com\/it\/wp-json\/wp\/v2\/posts\/632711\/revisions"}],"wp:featuredmedia":[{"embeddable":true,"href":"https:\/\/www.pressenza.com\/it\/wp-json\/wp\/v2\/media\/632712"}],"wp:attachment":[{"href":"https:\/\/www.pressenza.com\/it\/wp-json\/wp\/v2\/media?parent=632711"}],"wp:term":[{"taxonomy":"category","embeddable":true,"href":"https:\/\/www.pressenza.com\/it\/wp-json\/wp\/v2\/categories?post=632711"},{"taxonomy":"post_tag","embeddable":true,"href":"https:\/\/www.pressenza.com\/it\/wp-json\/wp\/v2\/tags?post=632711"}],"curies":[{"name":"wp","href":"https:\/\/api.w.org\/{rel}","templated":true}]}}