{"id":632628,"date":"2018-04-27T21:38:05","date_gmt":"2018-04-27T20:38:05","guid":{"rendered":"https:\/\/www.pressenza.com\/?p=632628"},"modified":"2018-04-27T23:09:32","modified_gmt":"2018-04-27T22:09:32","slug":"nato-quote-rosa-anzi-rosso-sangue","status":"publish","type":"post","link":"https:\/\/www.pressenza.com\/it\/2018\/04\/nato-quote-rosa-anzi-rosso-sangue\/","title":{"rendered":"NATO: quote rosa, anzi, rosso sangue!"},"content":{"rendered":"<p>Su 29 stati membri della NATO, 9 Ministri della Difesa sono donne: 9 a 20, quasi 1 ministro donna ogni 2 ministri maschi.<br \/>\nL&#8217;analisi statistica dimostra che questo rapporto \u00e8 significativamente assai maggiore rispetto a quello che si registra in tutti gli altri ministeri dei medesimi paesi. In parole povere: non pu\u00f2 avvenire per caso! E&#8217; il risultato di una scelta umana, ad esempio una strategia di marketing.<br \/>\nIl cinismo di genere della NATO \u00e8 tanto avvilente per le donne (e gli uomini) di tutto il mondo quanto pi\u00f9 aggressive si stanno facendo in realt\u00e0 le politiche della NATO: dovremmo ribattezzare i nostri &#8216;Ministeri dell&#8217;Offesa&#8217;.<\/p>\n<p><strong>ITALIA<\/strong>. <a href=\"http:\/\/www.ilgiornale.it\/news\/politica\/spese-difesa-aumentano-4-sul-2017-1515540.html\">Roberta Pinotti<\/a>: L&#8217;unico ministro italiano che ha ottenuto un aumento, e pure consistente, al suo budget (+8,6% rispetto alla spending review del governo Monti).<br \/>\nRecentemente, a camere gi\u00e0 sciolte, ha firmato per l&#8217;acquisto di venti droni (766 milioni di euro) che ufficialmente servono a &#8220;contrastare le minacce alla sicurezza nazionale&#8221;. Ma l&#8217;<a href=\"http:\/\/milex.org\/2018\/04\/06\/si-taglia-tutto-ma-mai-la-spesa-per-le-armi-nel-2018-aumenta-del-7\/\">osservatorio Milex<\/a> nega quella giustificazione e dice che la spesa serve sostanzialmente a sostenere l&#8217;industria del settore.<\/p>\n<p><strong>ALBANIA<\/strong>. <a href=\"https:\/\/www.euscoop.com\/en\/2018\/4\/18\/us-base-in-albania\">Olta Xha\u00e7ka<\/a>: <em>&#8220;voglio una pi\u00f9 forte presenza delle forze USA in Albania per contrastare le minacce poste da Russia, Cina e Iran&#8221;<\/em>.<\/p>\n<p><strong>REPUBBLICA CECA<\/strong>. <a href=\"http:\/\/www.radio.cz\/en\/section\/curraffrs\/czech-defence-minister-battles-to-make-best-use-of-boosted-budget\">Karla \u0160lechtov\u00e1<\/a>: <em>&#8220;Vorrei reintrodurre l&#8217;educazione alla difesa nelle nostre scuole. Non solo nelle secondarie<\/em> (come ai tempi sovietici &#8211; NdR)<em>, ma anche nelle primarie. Credo che questo tipo di educazione sia la chiave per allevare una futura generazione che sarebbe apprezzata dalle forze armate&#8221;.<\/em><\/p>\n<p><strong>FRANCIA<\/strong>.\u00a0<a href=\"https:\/\/www.defensenews.com\/smr\/munich-security-forum\/2018\/02\/16\/french-defense-minister-european-defense-industry-needs-export-to-survive\/\">Florence Parly<\/a>\u00a0sembra preoccupata che l&#8217;export francese della moda non sia sufficiente: &#8220;Se noi europei dovessimo produrre armamenti solo per noi senza esportarne, dovremmo fronteggiare una dura realt\u00e0: non potremmo farcela&#8221;.<br \/>\nL&#8217;attacco alla Siria del 14\/4 \u00e8 stato <a href=\"https:\/\/www.voanews.com\/a\/reaction-in-france-mixed-toward-allied-syrian-airstrikes\/4348027.html\">duramente criticato<\/a> dall&#8217;opposizione come &#8220;una irresponsabile escalation che non aveva l&#8217;approvazione del parlamento francese e neppure europeo&#8221;.<\/p>\n<p><strong>ISLANDA<\/strong>. La ministra della Giustizia (e delle forze aeronavali &#8211; l&#8217;Islanda non possiede un esercito di terra &#8211; NdR) <a href=\"http:\/\/icelandreview.com\/news\/2018\/03\/06\/minister-justice-face-vote-no-confidence\">Sigr\u00ed\u00f0ur \u00c1. Andersen<\/a> deve fronteggiare una mozione di sfiducia parlamentare per scarso rispetto delle procedure democratiche. La sfiducia personale non era stata posta da decenni, neppure durante la gravissima crisi finanziaria che dieci anni fa fece cadere tre governi in pochi mesi e port\u00f2 in galera i pi\u00f9 grossi banchieri.<\/p>\n<p><strong>OLANDA<\/strong>. <a href=\"https:\/\/nltimes.nl\/2018\/04\/12\/defense-minister-understands-us-military-action-syria\">Ank Bijleveld<\/a>: <em>&#8220;se le misure diplomatiche<\/em> (espulsione di oltre 100 diplomatici russi da tutta Europa per il falso attacco a Skripal -NdR), <em>economiche e politiche sono insufficienti, l&#8217;Olanda capisce che occorra un&#8217;azione militare proporzionata in Siria&#8221;.<\/em><\/p>\n<p><strong>SLOVENIA<\/strong>. <a href=\"https:\/\/tech2.org\/slovenia\/the-ministry-of-defense-buys-56-armored-cars-8x8-but-there-is-no-money-for-the-salaries-of-soldiers-will-a-new-patria-affair-again\/\">Andreja Kati\u010d<\/a> pu\u00f2 agevolmente occuparsi di grosse commesse per forniture militari, mentre non ci soldi per il salario dei soldati.<\/p>\n<p><strong>GERMANIA<\/strong>. Last, but not least. Per la ministra della difesa tedesca <a href=\"https:\/\/it.sputniknews.com\/politica\/201804235924543-Germania-diplomazia-sanzioni-Putin-geopolitica\/\">Ursula von der Leyen<\/a> lasciamo la parola alla giornalista veterana <a href=\"https:\/\/www.pressenza.com\/it\/2018\/04\/la-germania-rifiutato-partecipare-allattacco-missilistico-sulla-siria\/\">Diana Johnstone<\/a>: <em>\u201cUrsula von der Leyen (un\u2019altra donna #MeTooforWar) voleva prendere parte all\u2019attacco sulla Siria come mezzo per promuovere la richiesta della Germania di un seggio al Consiglio di Sicurezza dell\u2019ONU. Si vantava che la Germania avrebbe potuto fare altrettanto bene della Gran Bretagna&#8221;.<\/em><em>\u00a0<\/em><\/p>\n<p>Diana Johnstone conclude con un&#8217;amara riflessione generale:<br \/>\n&#8220;<em>Queste donne ambiziose eccellono sempre nel recitare la loro parte. La Von der Leyen ha chiesto una politica estera comune dell\u2019UE, con decisioni da prendersi a maggioranza. In Germania come altrove, le persone peggiori salgono in alto\u201d.<\/em><\/p>\n<p>&nbsp;<\/p>\n<p>Vedere anche <a href=\"https:\/\/www.thequint.com\/news\/india\/list-of-women-defence-ministers-across-the-world-nirmala-sitharaman\">altre donne ministro della difesa<\/a> nel mondo (Settembre 2017)<\/p>\n<p>&nbsp;<\/p>\n<p>&nbsp;<\/p>\n","protected":false},"excerpt":{"rendered":"<p>Su 29 stati membri della NATO, 9 Ministri della Difesa sono donne: 9 a 20, quasi 1 ministro donna ogni 2 ministri maschi. L&#8217;analisi statistica dimostra che questo rapporto \u00e8 significativamente assai maggiore rispetto a quello che si registra in&hellip;<\/p>\n","protected":false},"author":1196,"featured_media":632629,"comment_status":"closed","ping_status":"closed","sticky":false,"template":"","format":"standard","meta":{"footnotes":""},"categories":[11388,47,1261,162,1263,55],"tags":[],"class_list":["post-632628","post","type-post","status-publish","format-standard","has-post-thumbnail","hentry","category-contenuti-originali","category-europa","category-diversita","category-opinioni","category-pace-disarmo","category-politica"],"yoast_head":"<!-- This site is optimized with the Yoast SEO plugin v27.1.1 - https:\/\/yoast.com\/product\/yoast-seo-wordpress\/ -->\n<title>NATO: quote rosa, anzi, rosso sangue!<\/title>\n<meta name=\"description\" content=\"Su 29 stati membri della NATO, 9 Ministri della Difesa sono donne: 9 a 20, quasi 1 ministro donna ogni 2 ministri maschi. L&#039;analisi statistica dimostra\" \/>\n<meta name=\"robots\" content=\"index, follow, max-snippet:-1, max-image-preview:large, max-video-preview:-1\" \/>\n<link rel=\"canonical\" href=\"https:\/\/www.pressenza.com\/it\/2018\/04\/nato-quote-rosa-anzi-rosso-sangue\/\" \/>\n<meta property=\"og:locale\" content=\"it_IT\" \/>\n<meta property=\"og:type\" content=\"article\" \/>\n<meta property=\"og:title\" content=\"NATO: quote rosa, anzi, rosso sangue!\" \/>\n<meta property=\"og:description\" content=\"Su 29 stati membri della NATO, 9 Ministri della Difesa sono donne: 9 a 20, quasi 1 ministro donna ogni 2 ministri maschi. L&#039;analisi statistica dimostra\" \/>\n<meta property=\"og:url\" content=\"https:\/\/www.pressenza.com\/it\/2018\/04\/nato-quote-rosa-anzi-rosso-sangue\/\" \/>\n<meta property=\"og:site_name\" content=\"Pressenza\" \/>\n<meta property=\"article:publisher\" content=\"https:\/\/www.facebook.com\/PressenzaItalia\" \/>\n<meta property=\"article:author\" content=\"https:\/\/www.facebook.com\/DoctorChui\/\" \/>\n<meta property=\"article:published_time\" content=\"2018-04-27T20:38:05+00:00\" \/>\n<meta property=\"article:modified_time\" content=\"2018-04-27T22:09:32+00:00\" \/>\n<meta property=\"og:image\" content=\"https:\/\/www.pressenza.com\/wp-content\/uploads\/2018\/04\/NATO-F.jpg\" \/>\n\t<meta property=\"og:image:width\" content=\"1280\" \/>\n\t<meta property=\"og:image:height\" content=\"853\" \/>\n\t<meta property=\"og:image:type\" content=\"image\/jpeg\" \/>\n<meta name=\"author\" content=\"Leopoldo Salmaso\" \/>\n<meta name=\"twitter:card\" content=\"summary_large_image\" \/>\n<meta name=\"twitter:creator\" content=\"@LeopoldoSalmaso\" \/>\n<meta name=\"twitter:site\" content=\"@PressenzaIPA\" \/>\n<meta name=\"twitter:label1\" content=\"Scritto da\" \/>\n\t<meta name=\"twitter:data1\" content=\"Leopoldo Salmaso\" \/>\n\t<meta name=\"twitter:label2\" content=\"Tempo di lettura stimato\" \/>\n\t<meta name=\"twitter:data2\" content=\"3 minuti\" \/>\n<script type=\"application\/ld+json\" class=\"yoast-schema-graph\">{\"@context\":\"https:\/\/schema.org\",\"@graph\":[{\"@type\":\"Article\",\"@id\":\"https:\/\/www.pressenza.com\/it\/2018\/04\/nato-quote-rosa-anzi-rosso-sangue\/#article\",\"isPartOf\":{\"@id\":\"https:\/\/www.pressenza.com\/it\/2018\/04\/nato-quote-rosa-anzi-rosso-sangue\/\"},\"author\":{\"name\":\"Leopoldo Salmaso\",\"@id\":\"https:\/\/www.pressenza.com\/it\/#\/schema\/person\/df9baf7062dacf809b4661e0cf8f7bce\"},\"headline\":\"NATO: quote rosa, anzi, rosso sangue!\",\"datePublished\":\"2018-04-27T20:38:05+00:00\",\"dateModified\":\"2018-04-27T22:09:32+00:00\",\"mainEntityOfPage\":{\"@id\":\"https:\/\/www.pressenza.com\/it\/2018\/04\/nato-quote-rosa-anzi-rosso-sangue\/\"},\"wordCount\":561,\"publisher\":{\"@id\":\"https:\/\/www.pressenza.com\/it\/#organization\"},\"image\":{\"@id\":\"https:\/\/www.pressenza.com\/it\/2018\/04\/nato-quote-rosa-anzi-rosso-sangue\/#primaryimage\"},\"thumbnailUrl\":\"https:\/\/www.pressenza.com\/wp-content\/uploads\/2018\/04\/NATO-F.jpg\",\"articleSection\":[\"contenuti originali\",\"Europa\",\"Non discriminazione\",\"Opinioni\",\"Pace e Disarmo\",\"Politica\"],\"inLanguage\":\"it-IT\"},{\"@type\":\"WebPage\",\"@id\":\"https:\/\/www.pressenza.com\/it\/2018\/04\/nato-quote-rosa-anzi-rosso-sangue\/\",\"url\":\"https:\/\/www.pressenza.com\/it\/2018\/04\/nato-quote-rosa-anzi-rosso-sangue\/\",\"name\":\"NATO: quote rosa, anzi, rosso sangue!\",\"isPartOf\":{\"@id\":\"https:\/\/www.pressenza.com\/it\/#website\"},\"primaryImageOfPage\":{\"@id\":\"https:\/\/www.pressenza.com\/it\/2018\/04\/nato-quote-rosa-anzi-rosso-sangue\/#primaryimage\"},\"image\":{\"@id\":\"https:\/\/www.pressenza.com\/it\/2018\/04\/nato-quote-rosa-anzi-rosso-sangue\/#primaryimage\"},\"thumbnailUrl\":\"https:\/\/www.pressenza.com\/wp-content\/uploads\/2018\/04\/NATO-F.jpg\",\"datePublished\":\"2018-04-27T20:38:05+00:00\",\"dateModified\":\"2018-04-27T22:09:32+00:00\",\"description\":\"Su 29 stati membri della NATO, 9 Ministri della Difesa sono donne: 9 a 20, quasi 1 ministro donna ogni 2 ministri maschi. L'analisi statistica dimostra\",\"breadcrumb\":{\"@id\":\"https:\/\/www.pressenza.com\/it\/2018\/04\/nato-quote-rosa-anzi-rosso-sangue\/#breadcrumb\"},\"inLanguage\":\"it-IT\",\"potentialAction\":[{\"@type\":\"ReadAction\",\"target\":[\"https:\/\/www.pressenza.com\/it\/2018\/04\/nato-quote-rosa-anzi-rosso-sangue\/\"]}]},{\"@type\":\"ImageObject\",\"inLanguage\":\"it-IT\",\"@id\":\"https:\/\/www.pressenza.com\/it\/2018\/04\/nato-quote-rosa-anzi-rosso-sangue\/#primaryimage\",\"url\":\"https:\/\/www.pressenza.com\/wp-content\/uploads\/2018\/04\/NATO-F.jpg\",\"contentUrl\":\"https:\/\/www.pressenza.com\/wp-content\/uploads\/2018\/04\/NATO-F.jpg\",\"width\":1280,\"height\":853},{\"@type\":\"BreadcrumbList\",\"@id\":\"https:\/\/www.pressenza.com\/it\/2018\/04\/nato-quote-rosa-anzi-rosso-sangue\/#breadcrumb\",\"itemListElement\":[{\"@type\":\"ListItem\",\"position\":1,\"name\":\"Accueil\",\"item\":\"https:\/\/www.pressenza.com\/it\/\"},{\"@type\":\"ListItem\",\"position\":2,\"name\":\"NATO: quote rosa, anzi, rosso sangue!\"}]},{\"@type\":\"WebSite\",\"@id\":\"https:\/\/www.pressenza.com\/it\/#website\",\"url\":\"https:\/\/www.pressenza.com\/it\/\",\"name\":\"Pressenza\",\"description\":\"Agenzia di Stampa Internazionale\",\"publisher\":{\"@id\":\"https:\/\/www.pressenza.com\/it\/#organization\"},\"potentialAction\":[{\"@type\":\"SearchAction\",\"target\":{\"@type\":\"EntryPoint\",\"urlTemplate\":\"https:\/\/www.pressenza.com\/it\/?s={search_term_string}\"},\"query-input\":{\"@type\":\"PropertyValueSpecification\",\"valueRequired\":true,\"valueName\":\"search_term_string\"}}],\"inLanguage\":\"it-IT\"},{\"@type\":\"Organization\",\"@id\":\"https:\/\/www.pressenza.com\/it\/#organization\",\"name\":\"Pressenza\",\"url\":\"https:\/\/www.pressenza.com\/it\/\",\"logo\":{\"@type\":\"ImageObject\",\"inLanguage\":\"it-IT\",\"@id\":\"https:\/\/www.pressenza.com\/it\/#\/schema\/logo\/image\/\",\"url\":\"https:\/\/www.pressenza.com\/wp-content\/uploads\/2022\/10\/pressenza_logo_200x200.jpg\",\"contentUrl\":\"https:\/\/www.pressenza.com\/wp-content\/uploads\/2022\/10\/pressenza_logo_200x200.jpg\",\"width\":200,\"height\":200,\"caption\":\"Pressenza\"},\"image\":{\"@id\":\"https:\/\/www.pressenza.com\/it\/#\/schema\/logo\/image\/\"},\"sameAs\":[\"https:\/\/www.facebook.com\/PressenzaItalia\",\"https:\/\/x.com\/PressenzaIPA\"]},{\"@type\":\"Person\",\"@id\":\"https:\/\/www.pressenza.com\/it\/#\/schema\/person\/df9baf7062dacf809b4661e0cf8f7bce\",\"name\":\"Leopoldo Salmaso\",\"description\":\"Physician, husband, father and grandfather. Scholar of economic, financial and monetary relations between North and South. He is working with rural people of Tanzania for over thirty years. Author of \\\"AIDS: Sindrome da Indifference Acquisita?\\\" and \\\"The Latin Coup: Europe saved from the crisis by mistake\\\" also available in Italian and Spanish on Lulu.com. Host of the radio program \\\"Debt and Democracy\\\". Co-editor of the manifesto \\\"Money is Common Good\\\", available in several languages on www.monetabenecomune.it and on www.monetaproprieta.it\",\"sameAs\":[\"http:\/\/www.eoleo.org%20;%20www.monetabenecomune.it\",\"https:\/\/www.facebook.com\/DoctorChui\/\",\"https:\/\/x.com\/LeopoldoSalmaso\"],\"url\":\"https:\/\/www.pressenza.com\/it\/author\/leopoldo-salmaso\/\"}]}<\/script>\n<!-- \/ Yoast SEO plugin. -->","yoast_head_json":{"title":"NATO: quote rosa, anzi, rosso sangue!","description":"Su 29 stati membri della NATO, 9 Ministri della Difesa sono donne: 9 a 20, quasi 1 ministro donna ogni 2 ministri maschi. L'analisi statistica dimostra","robots":{"index":"index","follow":"follow","max-snippet":"max-snippet:-1","max-image-preview":"max-image-preview:large","max-video-preview":"max-video-preview:-1"},"canonical":"https:\/\/www.pressenza.com\/it\/2018\/04\/nato-quote-rosa-anzi-rosso-sangue\/","og_locale":"it_IT","og_type":"article","og_title":"NATO: quote rosa, anzi, rosso sangue!","og_description":"Su 29 stati membri della NATO, 9 Ministri della Difesa sono donne: 9 a 20, quasi 1 ministro donna ogni 2 ministri maschi. L'analisi statistica dimostra","og_url":"https:\/\/www.pressenza.com\/it\/2018\/04\/nato-quote-rosa-anzi-rosso-sangue\/","og_site_name":"Pressenza","article_publisher":"https:\/\/www.facebook.com\/PressenzaItalia","article_author":"https:\/\/www.facebook.com\/DoctorChui\/","article_published_time":"2018-04-27T20:38:05+00:00","article_modified_time":"2018-04-27T22:09:32+00:00","og_image":[{"width":1280,"height":853,"url":"https:\/\/www.pressenza.com\/wp-content\/uploads\/2018\/04\/NATO-F.jpg","type":"image\/jpeg"}],"author":"Leopoldo Salmaso","twitter_card":"summary_large_image","twitter_creator":"@LeopoldoSalmaso","twitter_site":"@PressenzaIPA","twitter_misc":{"Scritto da":"Leopoldo Salmaso","Tempo di lettura stimato":"3 minuti"},"schema":{"@context":"https:\/\/schema.org","@graph":[{"@type":"Article","@id":"https:\/\/www.pressenza.com\/it\/2018\/04\/nato-quote-rosa-anzi-rosso-sangue\/#article","isPartOf":{"@id":"https:\/\/www.pressenza.com\/it\/2018\/04\/nato-quote-rosa-anzi-rosso-sangue\/"},"author":{"name":"Leopoldo Salmaso","@id":"https:\/\/www.pressenza.com\/it\/#\/schema\/person\/df9baf7062dacf809b4661e0cf8f7bce"},"headline":"NATO: quote rosa, anzi, rosso sangue!","datePublished":"2018-04-27T20:38:05+00:00","dateModified":"2018-04-27T22:09:32+00:00","mainEntityOfPage":{"@id":"https:\/\/www.pressenza.com\/it\/2018\/04\/nato-quote-rosa-anzi-rosso-sangue\/"},"wordCount":561,"publisher":{"@id":"https:\/\/www.pressenza.com\/it\/#organization"},"image":{"@id":"https:\/\/www.pressenza.com\/it\/2018\/04\/nato-quote-rosa-anzi-rosso-sangue\/#primaryimage"},"thumbnailUrl":"https:\/\/www.pressenza.com\/wp-content\/uploads\/2018\/04\/NATO-F.jpg","articleSection":["contenuti originali","Europa","Non discriminazione","Opinioni","Pace e Disarmo","Politica"],"inLanguage":"it-IT"},{"@type":"WebPage","@id":"https:\/\/www.pressenza.com\/it\/2018\/04\/nato-quote-rosa-anzi-rosso-sangue\/","url":"https:\/\/www.pressenza.com\/it\/2018\/04\/nato-quote-rosa-anzi-rosso-sangue\/","name":"NATO: quote rosa, anzi, rosso sangue!","isPartOf":{"@id":"https:\/\/www.pressenza.com\/it\/#website"},"primaryImageOfPage":{"@id":"https:\/\/www.pressenza.com\/it\/2018\/04\/nato-quote-rosa-anzi-rosso-sangue\/#primaryimage"},"image":{"@id":"https:\/\/www.pressenza.com\/it\/2018\/04\/nato-quote-rosa-anzi-rosso-sangue\/#primaryimage"},"thumbnailUrl":"https:\/\/www.pressenza.com\/wp-content\/uploads\/2018\/04\/NATO-F.jpg","datePublished":"2018-04-27T20:38:05+00:00","dateModified":"2018-04-27T22:09:32+00:00","description":"Su 29 stati membri della NATO, 9 Ministri della Difesa sono donne: 9 a 20, quasi 1 ministro donna ogni 2 ministri maschi. L'analisi statistica dimostra","breadcrumb":{"@id":"https:\/\/www.pressenza.com\/it\/2018\/04\/nato-quote-rosa-anzi-rosso-sangue\/#breadcrumb"},"inLanguage":"it-IT","potentialAction":[{"@type":"ReadAction","target":["https:\/\/www.pressenza.com\/it\/2018\/04\/nato-quote-rosa-anzi-rosso-sangue\/"]}]},{"@type":"ImageObject","inLanguage":"it-IT","@id":"https:\/\/www.pressenza.com\/it\/2018\/04\/nato-quote-rosa-anzi-rosso-sangue\/#primaryimage","url":"https:\/\/www.pressenza.com\/wp-content\/uploads\/2018\/04\/NATO-F.jpg","contentUrl":"https:\/\/www.pressenza.com\/wp-content\/uploads\/2018\/04\/NATO-F.jpg","width":1280,"height":853},{"@type":"BreadcrumbList","@id":"https:\/\/www.pressenza.com\/it\/2018\/04\/nato-quote-rosa-anzi-rosso-sangue\/#breadcrumb","itemListElement":[{"@type":"ListItem","position":1,"name":"Accueil","item":"https:\/\/www.pressenza.com\/it\/"},{"@type":"ListItem","position":2,"name":"NATO: quote rosa, anzi, rosso sangue!"}]},{"@type":"WebSite","@id":"https:\/\/www.pressenza.com\/it\/#website","url":"https:\/\/www.pressenza.com\/it\/","name":"Pressenza","description":"Agenzia di Stampa Internazionale","publisher":{"@id":"https:\/\/www.pressenza.com\/it\/#organization"},"potentialAction":[{"@type":"SearchAction","target":{"@type":"EntryPoint","urlTemplate":"https:\/\/www.pressenza.com\/it\/?s={search_term_string}"},"query-input":{"@type":"PropertyValueSpecification","valueRequired":true,"valueName":"search_term_string"}}],"inLanguage":"it-IT"},{"@type":"Organization","@id":"https:\/\/www.pressenza.com\/it\/#organization","name":"Pressenza","url":"https:\/\/www.pressenza.com\/it\/","logo":{"@type":"ImageObject","inLanguage":"it-IT","@id":"https:\/\/www.pressenza.com\/it\/#\/schema\/logo\/image\/","url":"https:\/\/www.pressenza.com\/wp-content\/uploads\/2022\/10\/pressenza_logo_200x200.jpg","contentUrl":"https:\/\/www.pressenza.com\/wp-content\/uploads\/2022\/10\/pressenza_logo_200x200.jpg","width":200,"height":200,"caption":"Pressenza"},"image":{"@id":"https:\/\/www.pressenza.com\/it\/#\/schema\/logo\/image\/"},"sameAs":["https:\/\/www.facebook.com\/PressenzaItalia","https:\/\/x.com\/PressenzaIPA"]},{"@type":"Person","@id":"https:\/\/www.pressenza.com\/it\/#\/schema\/person\/df9baf7062dacf809b4661e0cf8f7bce","name":"Leopoldo Salmaso","description":"Physician, husband, father and grandfather. Scholar of economic, financial and monetary relations between North and South. He is working with rural people of Tanzania for over thirty years. Author of \"AIDS: Sindrome da Indifference Acquisita?\" and \"The Latin Coup: Europe saved from the crisis by mistake\" also available in Italian and Spanish on Lulu.com. Host of the radio program \"Debt and Democracy\". Co-editor of the manifesto \"Money is Common Good\", available in several languages on www.monetabenecomune.it and on www.monetaproprieta.it","sameAs":["http:\/\/www.eoleo.org%20;%20www.monetabenecomune.it","https:\/\/www.facebook.com\/DoctorChui\/","https:\/\/x.com\/LeopoldoSalmaso"],"url":"https:\/\/www.pressenza.com\/it\/author\/leopoldo-salmaso\/"}]}},"place":"","original_article_url":"","_links":{"self":[{"href":"https:\/\/www.pressenza.com\/it\/wp-json\/wp\/v2\/posts\/632628","targetHints":{"allow":["GET"]}}],"collection":[{"href":"https:\/\/www.pressenza.com\/it\/wp-json\/wp\/v2\/posts"}],"about":[{"href":"https:\/\/www.pressenza.com\/it\/wp-json\/wp\/v2\/types\/post"}],"author":[{"embeddable":true,"href":"https:\/\/www.pressenza.com\/it\/wp-json\/wp\/v2\/users\/1196"}],"replies":[{"embeddable":true,"href":"https:\/\/www.pressenza.com\/it\/wp-json\/wp\/v2\/comments?post=632628"}],"version-history":[{"count":0,"href":"https:\/\/www.pressenza.com\/it\/wp-json\/wp\/v2\/posts\/632628\/revisions"}],"wp:featuredmedia":[{"embeddable":true,"href":"https:\/\/www.pressenza.com\/it\/wp-json\/wp\/v2\/media\/632629"}],"wp:attachment":[{"href":"https:\/\/www.pressenza.com\/it\/wp-json\/wp\/v2\/media?parent=632628"}],"wp:term":[{"taxonomy":"category","embeddable":true,"href":"https:\/\/www.pressenza.com\/it\/wp-json\/wp\/v2\/categories?post=632628"},{"taxonomy":"post_tag","embeddable":true,"href":"https:\/\/www.pressenza.com\/it\/wp-json\/wp\/v2\/tags?post=632628"}],"curies":[{"name":"wp","href":"https:\/\/api.w.org\/{rel}","templated":true}]}}