{"id":631815,"date":"2018-04-26T20:42:29","date_gmt":"2018-04-26T19:42:29","guid":{"rendered":"https:\/\/www.pressenza.com\/?p=631815"},"modified":"2018-04-26T20:42:29","modified_gmt":"2018-04-26T19:42:29","slug":"negata-lula-la-visita-un-medico","status":"publish","type":"post","link":"https:\/\/www.pressenza.com\/it\/2018\/04\/negata-lula-la-visita-un-medico\/","title":{"rendered":"Negata a Lula la visita di un medico"},"content":{"rendered":"<p>Un conto \u00e8 negare a Premi Nobel per la Pace la possibilit\u00e0 di far visita in carcere a Luiz In\u00e1cio Lula da Silva, o impedire all\u2019ex presidente Dilma Rousseff di dialogare con il leader del Partito dei Lavoratori; ben altra cosa invece, \u00e8 negare a Lula la visita di medico.<\/p>\n<p>\u201cSi sta attentando alla sua vita\u201d, ha detto il deputato federale Wadih Damous, riferendosi alla giudice che ha negato la visita medica. La giudice Carolina Lebbos ha detto che, non trattandosi di urgenza, non c\u2019era necessit\u00e0 che il medico vedesse l\u2019ex presidente.<\/p>\n<p>Il ministro Damous, che fa parte della commissione esterna della Camera dei Deputati e che aveva il compito di verificare le condizioni detentive di Lula, si \u00e8 visto anch\u2019egli negare la visita. Il deputato ha assicurato che l\u2019avrebbe denunciata per abuso di autorit\u00e0.<\/p>\n<p>Questa giudice sta producendo \u201cun\u2019enorme quantit\u00e0 di arbitrariet\u00e0 e abusi di autorit\u00e0\u201d, ha detto Damous in un video che \u00e8 circolato nei mass media brasiliani, in cui ha assicurato che una giudice non pu\u00f2 negare a un detenuto il colloquio col proprio legale.<\/p>\n<p>Lula sta subendo una detenzione che viola le regole stabilite dalla Nazioni Unite, che lo tortura lasciandolo \u00a0in\u00a0isolamento totale e impedendo a familiari, amici o ai suoi legali di fargli visita. Negandogli\u00a0l\u2019incontro con il suo medico o con un assistente religioso, l\u2019illegalit\u00e0 in Brasile tocca livelli mai visti in democrazia.<\/p>\n<p>Traduzione dallo spagnolo di Cristina Quattrone<\/p>\n<p>&nbsp;<\/p>\n","protected":false},"excerpt":{"rendered":"<p>Un conto \u00e8 negare a Premi Nobel per la Pace la possibilit\u00e0 di far visita in carcere a Luiz In\u00e1cio Lula da Silva, o impedire all\u2019ex presidente Dilma Rousseff di dialogare con il leader del Partito dei Lavoratori; ben altra&hellip;<\/p>\n","protected":false},"author":96,"featured_media":631548,"comment_status":"closed","ping_status":"closed","sticky":false,"template":"","format":"standard","meta":{"footnotes":""},"categories":[11388,60,162,55,48],"tags":[3993,173,27231],"class_list":["post-631815","post","type-post","status-publish","format-standard","has-post-thumbnail","hentry","category-contenuti-originali","category-diritti-umani","category-opinioni","category-politica","category-sud-america","tag-brasile","tag-democrazia","tag-lula"],"yoast_head":"<!-- This site is optimized with the Yoast SEO plugin v27.1.1 - https:\/\/yoast.com\/product\/yoast-seo-wordpress\/ -->\n<title>Negata a Lula la visita di un medico<\/title>\n<meta name=\"description\" content=\"Un conto \u00e8 negare a Premi Nobel per la Pace la possibilit\u00e0 di far visita in carcere a Luiz In\u00e1cio Lula da Silva, o impedire all\u2019ex presidente Dilma\" \/>\n<meta name=\"robots\" content=\"index, follow, max-snippet:-1, max-image-preview:large, max-video-preview:-1\" \/>\n<link rel=\"canonical\" href=\"https:\/\/www.pressenza.com\/it\/2018\/04\/negata-lula-la-visita-un-medico\/\" \/>\n<meta property=\"og:locale\" content=\"it_IT\" \/>\n<meta property=\"og:type\" content=\"article\" \/>\n<meta property=\"og:title\" content=\"Negata a Lula la visita di un medico\" \/>\n<meta property=\"og:description\" content=\"Un conto \u00e8 negare a Premi Nobel per la Pace la possibilit\u00e0 di far visita in carcere a Luiz In\u00e1cio Lula da Silva, o impedire all\u2019ex presidente Dilma\" \/>\n<meta property=\"og:url\" content=\"https:\/\/www.pressenza.com\/it\/2018\/04\/negata-lula-la-visita-un-medico\/\" \/>\n<meta property=\"og:site_name\" content=\"Pressenza\" \/>\n<meta property=\"article:publisher\" content=\"https:\/\/www.facebook.com\/PressenzaItalia\" \/>\n<meta property=\"article:author\" content=\"https:\/\/www.facebook.com\/mariano.quiroga.779\" \/>\n<meta property=\"article:published_time\" content=\"2018-04-26T19:42:29+00:00\" \/>\n<meta property=\"og:image\" content=\"https:\/\/www.pressenza.com\/wp-content\/uploads\/2018\/04\/el-presidente-de-calamar-de-brasil-1297367.png\" \/>\n\t<meta property=\"og:image:width\" content=\"1920\" \/>\n\t<meta property=\"og:image:height\" content=\"1489\" \/>\n\t<meta property=\"og:image:type\" content=\"image\/png\" \/>\n<meta name=\"author\" content=\"Mariano Quiroga\" \/>\n<meta name=\"twitter:card\" content=\"summary_large_image\" \/>\n<meta name=\"twitter:creator\" content=\"@MaruchoQuiroga\" \/>\n<meta name=\"twitter:site\" content=\"@PressenzaIPA\" \/>\n<meta name=\"twitter:label1\" content=\"Scritto da\" \/>\n\t<meta name=\"twitter:data1\" content=\"Mariano Quiroga\" \/>\n\t<meta name=\"twitter:label2\" content=\"Tempo di lettura stimato\" \/>\n\t<meta name=\"twitter:data2\" content=\"1 minuto\" \/>\n<script type=\"application\/ld+json\" class=\"yoast-schema-graph\">{\"@context\":\"https:\/\/schema.org\",\"@graph\":[{\"@type\":\"Article\",\"@id\":\"https:\/\/www.pressenza.com\/it\/2018\/04\/negata-lula-la-visita-un-medico\/#article\",\"isPartOf\":{\"@id\":\"https:\/\/www.pressenza.com\/it\/2018\/04\/negata-lula-la-visita-un-medico\/\"},\"author\":{\"name\":\"Mariano Quiroga\",\"@id\":\"https:\/\/www.pressenza.com\/it\/#\/schema\/person\/a0856fe41d8234b92503e6b28dc2585e\"},\"headline\":\"Negata a Lula la visita di un medico\",\"datePublished\":\"2018-04-26T19:42:29+00:00\",\"mainEntityOfPage\":{\"@id\":\"https:\/\/www.pressenza.com\/it\/2018\/04\/negata-lula-la-visita-un-medico\/\"},\"wordCount\":250,\"publisher\":{\"@id\":\"https:\/\/www.pressenza.com\/it\/#organization\"},\"image\":{\"@id\":\"https:\/\/www.pressenza.com\/it\/2018\/04\/negata-lula-la-visita-un-medico\/#primaryimage\"},\"thumbnailUrl\":\"https:\/\/www.pressenza.com\/wp-content\/uploads\/2018\/04\/el-presidente-de-calamar-de-brasil-1297367.png\",\"keywords\":[\"Brasile\",\"Democrazia\",\"Lula\"],\"articleSection\":[\"contenuti originali\",\"Diritti Umani\",\"Opinioni\",\"Politica\",\"Sud America\"],\"inLanguage\":\"it-IT\"},{\"@type\":\"WebPage\",\"@id\":\"https:\/\/www.pressenza.com\/it\/2018\/04\/negata-lula-la-visita-un-medico\/\",\"url\":\"https:\/\/www.pressenza.com\/it\/2018\/04\/negata-lula-la-visita-un-medico\/\",\"name\":\"Negata a Lula la visita di un medico\",\"isPartOf\":{\"@id\":\"https:\/\/www.pressenza.com\/it\/#website\"},\"primaryImageOfPage\":{\"@id\":\"https:\/\/www.pressenza.com\/it\/2018\/04\/negata-lula-la-visita-un-medico\/#primaryimage\"},\"image\":{\"@id\":\"https:\/\/www.pressenza.com\/it\/2018\/04\/negata-lula-la-visita-un-medico\/#primaryimage\"},\"thumbnailUrl\":\"https:\/\/www.pressenza.com\/wp-content\/uploads\/2018\/04\/el-presidente-de-calamar-de-brasil-1297367.png\",\"datePublished\":\"2018-04-26T19:42:29+00:00\",\"description\":\"Un conto \u00e8 negare a Premi Nobel per la Pace la possibilit\u00e0 di far visita in carcere a Luiz In\u00e1cio Lula da Silva, o impedire all\u2019ex presidente Dilma\",\"breadcrumb\":{\"@id\":\"https:\/\/www.pressenza.com\/it\/2018\/04\/negata-lula-la-visita-un-medico\/#breadcrumb\"},\"inLanguage\":\"it-IT\",\"potentialAction\":[{\"@type\":\"ReadAction\",\"target\":[\"https:\/\/www.pressenza.com\/it\/2018\/04\/negata-lula-la-visita-un-medico\/\"]}]},{\"@type\":\"ImageObject\",\"inLanguage\":\"it-IT\",\"@id\":\"https:\/\/www.pressenza.com\/it\/2018\/04\/negata-lula-la-visita-un-medico\/#primaryimage\",\"url\":\"https:\/\/www.pressenza.com\/wp-content\/uploads\/2018\/04\/el-presidente-de-calamar-de-brasil-1297367.png\",\"contentUrl\":\"https:\/\/www.pressenza.com\/wp-content\/uploads\/2018\/04\/el-presidente-de-calamar-de-brasil-1297367.png\",\"width\":1920,\"height\":1489},{\"@type\":\"BreadcrumbList\",\"@id\":\"https:\/\/www.pressenza.com\/it\/2018\/04\/negata-lula-la-visita-un-medico\/#breadcrumb\",\"itemListElement\":[{\"@type\":\"ListItem\",\"position\":1,\"name\":\"Accueil\",\"item\":\"https:\/\/www.pressenza.com\/it\/\"},{\"@type\":\"ListItem\",\"position\":2,\"name\":\"Negata a Lula la visita di un medico\"}]},{\"@type\":\"WebSite\",\"@id\":\"https:\/\/www.pressenza.com\/it\/#website\",\"url\":\"https:\/\/www.pressenza.com\/it\/\",\"name\":\"Pressenza\",\"description\":\"Agenzia di Stampa Internazionale\",\"publisher\":{\"@id\":\"https:\/\/www.pressenza.com\/it\/#organization\"},\"potentialAction\":[{\"@type\":\"SearchAction\",\"target\":{\"@type\":\"EntryPoint\",\"urlTemplate\":\"https:\/\/www.pressenza.com\/it\/?s={search_term_string}\"},\"query-input\":{\"@type\":\"PropertyValueSpecification\",\"valueRequired\":true,\"valueName\":\"search_term_string\"}}],\"inLanguage\":\"it-IT\"},{\"@type\":\"Organization\",\"@id\":\"https:\/\/www.pressenza.com\/it\/#organization\",\"name\":\"Pressenza\",\"url\":\"https:\/\/www.pressenza.com\/it\/\",\"logo\":{\"@type\":\"ImageObject\",\"inLanguage\":\"it-IT\",\"@id\":\"https:\/\/www.pressenza.com\/it\/#\/schema\/logo\/image\/\",\"url\":\"https:\/\/www.pressenza.com\/wp-content\/uploads\/2022\/10\/pressenza_logo_200x200.jpg\",\"contentUrl\":\"https:\/\/www.pressenza.com\/wp-content\/uploads\/2022\/10\/pressenza_logo_200x200.jpg\",\"width\":200,\"height\":200,\"caption\":\"Pressenza\"},\"image\":{\"@id\":\"https:\/\/www.pressenza.com\/it\/#\/schema\/logo\/image\/\"},\"sameAs\":[\"https:\/\/www.facebook.com\/PressenzaItalia\",\"https:\/\/x.com\/PressenzaIPA\"]},{\"@type\":\"Person\",\"@id\":\"https:\/\/www.pressenza.com\/it\/#\/schema\/person\/a0856fe41d8234b92503e6b28dc2585e\",\"name\":\"Mariano Quiroga\",\"description\":\"Born in Buenos Aires, Argentina, in 1976, Mariano is a journalist, poet and international editor for Pressenza. His career includes publications in different countries and languages. Currently he is presenter on radio programmes in Ecuador and Argentina. A humanist communicator specialising in international politics, his vocation has led him to seek to build bridges that allow relationships to be made between data, events, people and contexts in order to create an inclusive look that synthesises the noblest searches for social justice and humanisation of the planet.\",\"sameAs\":[\"https:\/\/www.facebook.com\/mariano.quiroga.779\",\"https:\/\/x.com\/MaruchoQuiroga\"],\"url\":\"https:\/\/www.pressenza.com\/it\/author\/mariano-quiroga\/\"}]}<\/script>\n<!-- \/ Yoast SEO plugin. -->","yoast_head_json":{"title":"Negata a Lula la visita di un medico","description":"Un conto \u00e8 negare a Premi Nobel per la Pace la possibilit\u00e0 di far visita in carcere a Luiz In\u00e1cio Lula da Silva, o impedire all\u2019ex presidente Dilma","robots":{"index":"index","follow":"follow","max-snippet":"max-snippet:-1","max-image-preview":"max-image-preview:large","max-video-preview":"max-video-preview:-1"},"canonical":"https:\/\/www.pressenza.com\/it\/2018\/04\/negata-lula-la-visita-un-medico\/","og_locale":"it_IT","og_type":"article","og_title":"Negata a Lula la visita di un medico","og_description":"Un conto \u00e8 negare a Premi Nobel per la Pace la possibilit\u00e0 di far visita in carcere a Luiz In\u00e1cio Lula da Silva, o impedire all\u2019ex presidente Dilma","og_url":"https:\/\/www.pressenza.com\/it\/2018\/04\/negata-lula-la-visita-un-medico\/","og_site_name":"Pressenza","article_publisher":"https:\/\/www.facebook.com\/PressenzaItalia","article_author":"https:\/\/www.facebook.com\/mariano.quiroga.779","article_published_time":"2018-04-26T19:42:29+00:00","og_image":[{"width":1920,"height":1489,"url":"https:\/\/www.pressenza.com\/wp-content\/uploads\/2018\/04\/el-presidente-de-calamar-de-brasil-1297367.png","type":"image\/png"}],"author":"Mariano Quiroga","twitter_card":"summary_large_image","twitter_creator":"@MaruchoQuiroga","twitter_site":"@PressenzaIPA","twitter_misc":{"Scritto da":"Mariano Quiroga","Tempo di lettura stimato":"1 minuto"},"schema":{"@context":"https:\/\/schema.org","@graph":[{"@type":"Article","@id":"https:\/\/www.pressenza.com\/it\/2018\/04\/negata-lula-la-visita-un-medico\/#article","isPartOf":{"@id":"https:\/\/www.pressenza.com\/it\/2018\/04\/negata-lula-la-visita-un-medico\/"},"author":{"name":"Mariano Quiroga","@id":"https:\/\/www.pressenza.com\/it\/#\/schema\/person\/a0856fe41d8234b92503e6b28dc2585e"},"headline":"Negata a Lula la visita di un medico","datePublished":"2018-04-26T19:42:29+00:00","mainEntityOfPage":{"@id":"https:\/\/www.pressenza.com\/it\/2018\/04\/negata-lula-la-visita-un-medico\/"},"wordCount":250,"publisher":{"@id":"https:\/\/www.pressenza.com\/it\/#organization"},"image":{"@id":"https:\/\/www.pressenza.com\/it\/2018\/04\/negata-lula-la-visita-un-medico\/#primaryimage"},"thumbnailUrl":"https:\/\/www.pressenza.com\/wp-content\/uploads\/2018\/04\/el-presidente-de-calamar-de-brasil-1297367.png","keywords":["Brasile","Democrazia","Lula"],"articleSection":["contenuti originali","Diritti Umani","Opinioni","Politica","Sud America"],"inLanguage":"it-IT"},{"@type":"WebPage","@id":"https:\/\/www.pressenza.com\/it\/2018\/04\/negata-lula-la-visita-un-medico\/","url":"https:\/\/www.pressenza.com\/it\/2018\/04\/negata-lula-la-visita-un-medico\/","name":"Negata a Lula la visita di un medico","isPartOf":{"@id":"https:\/\/www.pressenza.com\/it\/#website"},"primaryImageOfPage":{"@id":"https:\/\/www.pressenza.com\/it\/2018\/04\/negata-lula-la-visita-un-medico\/#primaryimage"},"image":{"@id":"https:\/\/www.pressenza.com\/it\/2018\/04\/negata-lula-la-visita-un-medico\/#primaryimage"},"thumbnailUrl":"https:\/\/www.pressenza.com\/wp-content\/uploads\/2018\/04\/el-presidente-de-calamar-de-brasil-1297367.png","datePublished":"2018-04-26T19:42:29+00:00","description":"Un conto \u00e8 negare a Premi Nobel per la Pace la possibilit\u00e0 di far visita in carcere a Luiz In\u00e1cio Lula da Silva, o impedire all\u2019ex presidente Dilma","breadcrumb":{"@id":"https:\/\/www.pressenza.com\/it\/2018\/04\/negata-lula-la-visita-un-medico\/#breadcrumb"},"inLanguage":"it-IT","potentialAction":[{"@type":"ReadAction","target":["https:\/\/www.pressenza.com\/it\/2018\/04\/negata-lula-la-visita-un-medico\/"]}]},{"@type":"ImageObject","inLanguage":"it-IT","@id":"https:\/\/www.pressenza.com\/it\/2018\/04\/negata-lula-la-visita-un-medico\/#primaryimage","url":"https:\/\/www.pressenza.com\/wp-content\/uploads\/2018\/04\/el-presidente-de-calamar-de-brasil-1297367.png","contentUrl":"https:\/\/www.pressenza.com\/wp-content\/uploads\/2018\/04\/el-presidente-de-calamar-de-brasil-1297367.png","width":1920,"height":1489},{"@type":"BreadcrumbList","@id":"https:\/\/www.pressenza.com\/it\/2018\/04\/negata-lula-la-visita-un-medico\/#breadcrumb","itemListElement":[{"@type":"ListItem","position":1,"name":"Accueil","item":"https:\/\/www.pressenza.com\/it\/"},{"@type":"ListItem","position":2,"name":"Negata a Lula la visita di un medico"}]},{"@type":"WebSite","@id":"https:\/\/www.pressenza.com\/it\/#website","url":"https:\/\/www.pressenza.com\/it\/","name":"Pressenza","description":"Agenzia di Stampa Internazionale","publisher":{"@id":"https:\/\/www.pressenza.com\/it\/#organization"},"potentialAction":[{"@type":"SearchAction","target":{"@type":"EntryPoint","urlTemplate":"https:\/\/www.pressenza.com\/it\/?s={search_term_string}"},"query-input":{"@type":"PropertyValueSpecification","valueRequired":true,"valueName":"search_term_string"}}],"inLanguage":"it-IT"},{"@type":"Organization","@id":"https:\/\/www.pressenza.com\/it\/#organization","name":"Pressenza","url":"https:\/\/www.pressenza.com\/it\/","logo":{"@type":"ImageObject","inLanguage":"it-IT","@id":"https:\/\/www.pressenza.com\/it\/#\/schema\/logo\/image\/","url":"https:\/\/www.pressenza.com\/wp-content\/uploads\/2022\/10\/pressenza_logo_200x200.jpg","contentUrl":"https:\/\/www.pressenza.com\/wp-content\/uploads\/2022\/10\/pressenza_logo_200x200.jpg","width":200,"height":200,"caption":"Pressenza"},"image":{"@id":"https:\/\/www.pressenza.com\/it\/#\/schema\/logo\/image\/"},"sameAs":["https:\/\/www.facebook.com\/PressenzaItalia","https:\/\/x.com\/PressenzaIPA"]},{"@type":"Person","@id":"https:\/\/www.pressenza.com\/it\/#\/schema\/person\/a0856fe41d8234b92503e6b28dc2585e","name":"Mariano Quiroga","description":"Born in Buenos Aires, Argentina, in 1976, Mariano is a journalist, poet and international editor for Pressenza. His career includes publications in different countries and languages. Currently he is presenter on radio programmes in Ecuador and Argentina. A humanist communicator specialising in international politics, his vocation has led him to seek to build bridges that allow relationships to be made between data, events, people and contexts in order to create an inclusive look that synthesises the noblest searches for social justice and humanisation of the planet.","sameAs":["https:\/\/www.facebook.com\/mariano.quiroga.779","https:\/\/x.com\/MaruchoQuiroga"],"url":"https:\/\/www.pressenza.com\/it\/author\/mariano-quiroga\/"}]}},"place":"","original_article_url":"","_links":{"self":[{"href":"https:\/\/www.pressenza.com\/it\/wp-json\/wp\/v2\/posts\/631815","targetHints":{"allow":["GET"]}}],"collection":[{"href":"https:\/\/www.pressenza.com\/it\/wp-json\/wp\/v2\/posts"}],"about":[{"href":"https:\/\/www.pressenza.com\/it\/wp-json\/wp\/v2\/types\/post"}],"author":[{"embeddable":true,"href":"https:\/\/www.pressenza.com\/it\/wp-json\/wp\/v2\/users\/96"}],"replies":[{"embeddable":true,"href":"https:\/\/www.pressenza.com\/it\/wp-json\/wp\/v2\/comments?post=631815"}],"version-history":[{"count":0,"href":"https:\/\/www.pressenza.com\/it\/wp-json\/wp\/v2\/posts\/631815\/revisions"}],"wp:featuredmedia":[{"embeddable":true,"href":"https:\/\/www.pressenza.com\/it\/wp-json\/wp\/v2\/media\/631548"}],"wp:attachment":[{"href":"https:\/\/www.pressenza.com\/it\/wp-json\/wp\/v2\/media?parent=631815"}],"wp:term":[{"taxonomy":"category","embeddable":true,"href":"https:\/\/www.pressenza.com\/it\/wp-json\/wp\/v2\/categories?post=631815"},{"taxonomy":"post_tag","embeddable":true,"href":"https:\/\/www.pressenza.com\/it\/wp-json\/wp\/v2\/tags?post=631815"}],"curies":[{"name":"wp","href":"https:\/\/api.w.org\/{rel}","templated":true}]}}