{"id":631227,"date":"2018-04-26T07:35:06","date_gmt":"2018-04-26T06:35:06","guid":{"rendered":"https:\/\/www.pressenza.com\/?p=631227"},"modified":"2018-04-26T07:36:19","modified_gmt":"2018-04-26T06:36:19","slug":"peru-lomicidio-olivia-lomas-la-minaccia-alla-foresta-amazzonica","status":"publish","type":"post","link":"https:\/\/www.pressenza.com\/it\/2018\/04\/peru-lomicidio-olivia-lomas-la-minaccia-alla-foresta-amazzonica\/","title":{"rendered":"Per\u00f9: tra l\u2019omicidio di Olivia Lomas e la minaccia alla Foresta Amazzonica"},"content":{"rendered":"<p>In America del Sud \u00e8 sempre la stessa storia. Cambiano i nomi, cambia il paese e cambiano le ragioni, ma ci\u00f2 che rimane invariato \u00e8 sempre lo stesso: gli indigeni non sono al sicuro. Gli interessi economici che caratterizzano il continente sono troppi: il processo di isolamento e annientamento perpetrato durante i secoli a loro discapito non pu\u00f2 e non deve fermarsi. A chi afferma che generalizzare non sia mai completamente corretto, io rispondo che queste popolazioni sono l\u2019eccezione alla regola. Ci\u00f2 \u00e8 talmente vero, che anche nei quattro criteri stilati dall\u2019ONU \u00e8 legalmente \u201cindigeno\u201d chi, tra le altre cose, ha \u201csubito esperienza di marginalizzazione e espropriazione della terra attualmente o nel passato\u201d.<\/p>\n<p>Se proviamo a ragionare sulla relazione tra la situazione appena descritta e la cultura della violenza che caratterizza la maggioranza dei paesi dell\u2019America Latina a tutti i livelli della societ\u00e0, il risultato \u00e8 tanto ovvio quanto sconfortante. Bob Dylan cantava \u201cthe cavalry charged, the indians died\u201d (la cavalleria caricava, gli indiani morivano), riferendosi a episodi avvenuti pi\u00f9 di un secolo e mezzo fa; ebbene, la situazione \u00e8 ancora la stessa. E\u2019 facile: sostituiamo la cavalleria con le bande al soldo del governo e delle multinazionali, sostituiamo i nativi del Nord America con quelli dell\u2019America Latina e il gioco \u00e8 fatto.<br \/>\nOsservando la situazione da questo punto di vista, non mi sono stupito quando, leggendo le notizie, apprendiamo che Olivia Arevalo Lomas, donna 89 anni e leader della comunit\u00e0 indigena di Shipibo Konibo nella foresta Amazzonica peruviana, \u00e8 stata uccisa a colpi di arma da fuoco mentre si trovava a casa sua. Testimoni hanno visto un uomo entrare nella sua abitazione e sparare numerosi colpi di pistola, scappando successivamente a bordo di una motocicletta. Olivia era un punto di riferimento per la sua comunit\u00e0, si era da sempre distinta per la sua saggezza e per la sua lotta attiva a favore dei diritti di tutte le popolazioni indigene del Per\u00f9. L\u2019omicidio rientra nel contesto di tensione che si respira nel paese per i progetti che le multinazionali (appoggiate dallo stato) hanno nei confronti della Foresta Amazzonica, che mettono a repentaglio la sicurezza e l\u2019esistenza stessa degli autoctoni.<\/p>\n<p>L\u2019accanimento contro queste popolazioni si spiega se si guarda alla cosmologia che caratterizza la loro cultura e tradizione. Il legame che hanno sviluppato con la terra sulla quale vivono e con la natura intesa come immensa forza spirituale \u00e8 tale per cui ogni \u201cattentato\u201d a quest\u2019ultima \u00e8 anche un attentato a loro stessi. Di conseguenza, la difesa delle risorse ambientali coincide con la salvaguardia della loro stessa esistenza. Questo tipo di concezione sfuma notevolmente (in molti casi sparisce totalmente) nella percezione occidentale del mondo. L\u2019economia e la forza del denaro sono le ruote di un mulino che, per la maggior parte delle persone, \u00e8 causa e fine ultimo dell\u2019esistenza. Da questo punto di vista, lo sfruttamento della terra intesa come pura risorsa monetaria diventa un modo come un altro per placare questa eterna sete di denaro.<br \/>\nE\u2019 un dato di fatto che, a causa delle motivazioni precedentemente spiegate, i nativi siano i primi a mettere i loro corpi tra uomo e natura. Purtroppo, sono anche i primi (e gli unici) a pagarne le conseguenze, non essendo tutelati in nessun modo n\u00e9 dal paese di origine n\u00e9 da nessun tipo di organizzazione sovranazionale.<\/p>\n","protected":false},"excerpt":{"rendered":"<p>In America del Sud \u00e8 sempre la stessa storia. Cambiano i nomi, cambia il paese e cambiano le ragioni, ma ci\u00f2 che rimane invariato \u00e8 sempre lo stesso: gli indigeni non sono al sicuro. Gli interessi economici che caratterizzano il&hellip;<\/p>\n","protected":false},"author":1492,"featured_media":631230,"comment_status":"closed","ping_status":"closed","sticky":false,"template":"","format":"standard","meta":{"footnotes":""},"categories":[11388,162,61,48],"tags":[7734,45540,45539,7208,45541],"class_list":["post-631227","post","type-post","status-publish","format-standard","has-post-thumbnail","hentry","category-contenuti-originali","category-opinioni","category-popoli-aborigeni","category-sud-america","tag-amazzonia","tag-indigeni-dellamazzonia","tag-olivia-lomas","tag-peru-it","tag-shipibo-konibo"],"yoast_head":"<!-- This site is optimized with the Yoast SEO plugin v27.1.1 - https:\/\/yoast.com\/product\/yoast-seo-wordpress\/ -->\n<title>Per\u00f9: tra l\u2019omicidio di Olivia Lomas e la minaccia alla Foresta Amazzonica<\/title>\n<meta name=\"description\" content=\"In America del Sud \u00e8 sempre la stessa storia. Cambiano i nomi, cambia il paese e cambiano le ragioni, ma ci\u00f2 che rimane invariato \u00e8 sempre lo stesso: gli\" \/>\n<meta name=\"robots\" content=\"index, follow, max-snippet:-1, max-image-preview:large, max-video-preview:-1\" \/>\n<link rel=\"canonical\" href=\"https:\/\/www.pressenza.com\/it\/2018\/04\/peru-lomicidio-olivia-lomas-la-minaccia-alla-foresta-amazzonica\/\" \/>\n<meta property=\"og:locale\" content=\"it_IT\" \/>\n<meta property=\"og:type\" content=\"article\" \/>\n<meta property=\"og:title\" content=\"Per\u00f9: tra l\u2019omicidio di Olivia Lomas e la minaccia alla Foresta Amazzonica\" \/>\n<meta property=\"og:description\" content=\"In America del Sud \u00e8 sempre la stessa storia. Cambiano i nomi, cambia il paese e cambiano le ragioni, ma ci\u00f2 che rimane invariato \u00e8 sempre lo stesso: gli\" \/>\n<meta property=\"og:url\" content=\"https:\/\/www.pressenza.com\/it\/2018\/04\/peru-lomicidio-olivia-lomas-la-minaccia-alla-foresta-amazzonica\/\" \/>\n<meta property=\"og:site_name\" content=\"Pressenza\" \/>\n<meta property=\"article:publisher\" content=\"https:\/\/www.facebook.com\/PressenzaItalia\" \/>\n<meta property=\"article:published_time\" content=\"2018-04-26T06:35:06+00:00\" \/>\n<meta property=\"article:modified_time\" content=\"2018-04-26T06:36:19+00:00\" \/>\n<meta property=\"og:image\" content=\"https:\/\/www.pressenza.com\/wp-content\/uploads\/2018\/04\/olivia-lomas.jpg\" \/>\n\t<meta property=\"og:image:width\" content=\"829\" \/>\n\t<meta property=\"og:image:height\" content=\"490\" \/>\n\t<meta property=\"og:image:type\" content=\"image\/jpeg\" \/>\n<meta name=\"author\" content=\"Francesco Maria Cricchio\" \/>\n<meta name=\"twitter:card\" content=\"summary_large_image\" \/>\n<meta name=\"twitter:creator\" content=\"@PressenzaIPA\" \/>\n<meta name=\"twitter:site\" content=\"@PressenzaIPA\" \/>\n<meta name=\"twitter:label1\" content=\"Scritto da\" \/>\n\t<meta name=\"twitter:data1\" content=\"Francesco Maria Cricchio\" \/>\n\t<meta name=\"twitter:label2\" content=\"Tempo di lettura stimato\" \/>\n\t<meta name=\"twitter:data2\" content=\"3 minuti\" \/>\n<script type=\"application\/ld+json\" class=\"yoast-schema-graph\">{\"@context\":\"https:\/\/schema.org\",\"@graph\":[{\"@type\":\"Article\",\"@id\":\"https:\/\/www.pressenza.com\/it\/2018\/04\/peru-lomicidio-olivia-lomas-la-minaccia-alla-foresta-amazzonica\/#article\",\"isPartOf\":{\"@id\":\"https:\/\/www.pressenza.com\/it\/2018\/04\/peru-lomicidio-olivia-lomas-la-minaccia-alla-foresta-amazzonica\/\"},\"author\":{\"name\":\"Francesco Maria Cricchio\",\"@id\":\"https:\/\/www.pressenza.com\/it\/#\/schema\/person\/e49d968e4f589acd15d36b227ed373b9\"},\"headline\":\"Per\u00f9: tra l\u2019omicidio di Olivia Lomas e la minaccia alla Foresta Amazzonica\",\"datePublished\":\"2018-04-26T06:35:06+00:00\",\"dateModified\":\"2018-04-26T06:36:19+00:00\",\"mainEntityOfPage\":{\"@id\":\"https:\/\/www.pressenza.com\/it\/2018\/04\/peru-lomicidio-olivia-lomas-la-minaccia-alla-foresta-amazzonica\/\"},\"wordCount\":562,\"publisher\":{\"@id\":\"https:\/\/www.pressenza.com\/it\/#organization\"},\"image\":{\"@id\":\"https:\/\/www.pressenza.com\/it\/2018\/04\/peru-lomicidio-olivia-lomas-la-minaccia-alla-foresta-amazzonica\/#primaryimage\"},\"thumbnailUrl\":\"https:\/\/www.pressenza.com\/wp-content\/uploads\/2018\/04\/olivia-lomas.jpg\",\"keywords\":[\"Amazzonia\",\"indigeni dell'Amazzonia\",\"Olivia Lomas\",\"Per\u00f9\",\"Shipibo Konibo\"],\"articleSection\":[\"contenuti originali\",\"Opinioni\",\"Popoli originari\",\"Sud America\"],\"inLanguage\":\"it-IT\"},{\"@type\":\"WebPage\",\"@id\":\"https:\/\/www.pressenza.com\/it\/2018\/04\/peru-lomicidio-olivia-lomas-la-minaccia-alla-foresta-amazzonica\/\",\"url\":\"https:\/\/www.pressenza.com\/it\/2018\/04\/peru-lomicidio-olivia-lomas-la-minaccia-alla-foresta-amazzonica\/\",\"name\":\"Per\u00f9: tra l\u2019omicidio di Olivia Lomas e la minaccia alla Foresta Amazzonica\",\"isPartOf\":{\"@id\":\"https:\/\/www.pressenza.com\/it\/#website\"},\"primaryImageOfPage\":{\"@id\":\"https:\/\/www.pressenza.com\/it\/2018\/04\/peru-lomicidio-olivia-lomas-la-minaccia-alla-foresta-amazzonica\/#primaryimage\"},\"image\":{\"@id\":\"https:\/\/www.pressenza.com\/it\/2018\/04\/peru-lomicidio-olivia-lomas-la-minaccia-alla-foresta-amazzonica\/#primaryimage\"},\"thumbnailUrl\":\"https:\/\/www.pressenza.com\/wp-content\/uploads\/2018\/04\/olivia-lomas.jpg\",\"datePublished\":\"2018-04-26T06:35:06+00:00\",\"dateModified\":\"2018-04-26T06:36:19+00:00\",\"description\":\"In America del Sud \u00e8 sempre la stessa storia. Cambiano i nomi, cambia il paese e cambiano le ragioni, ma ci\u00f2 che rimane invariato \u00e8 sempre lo stesso: gli\",\"breadcrumb\":{\"@id\":\"https:\/\/www.pressenza.com\/it\/2018\/04\/peru-lomicidio-olivia-lomas-la-minaccia-alla-foresta-amazzonica\/#breadcrumb\"},\"inLanguage\":\"it-IT\",\"potentialAction\":[{\"@type\":\"ReadAction\",\"target\":[\"https:\/\/www.pressenza.com\/it\/2018\/04\/peru-lomicidio-olivia-lomas-la-minaccia-alla-foresta-amazzonica\/\"]}]},{\"@type\":\"ImageObject\",\"inLanguage\":\"it-IT\",\"@id\":\"https:\/\/www.pressenza.com\/it\/2018\/04\/peru-lomicidio-olivia-lomas-la-minaccia-alla-foresta-amazzonica\/#primaryimage\",\"url\":\"https:\/\/www.pressenza.com\/wp-content\/uploads\/2018\/04\/olivia-lomas.jpg\",\"contentUrl\":\"https:\/\/www.pressenza.com\/wp-content\/uploads\/2018\/04\/olivia-lomas.jpg\",\"width\":829,\"height\":490},{\"@type\":\"BreadcrumbList\",\"@id\":\"https:\/\/www.pressenza.com\/it\/2018\/04\/peru-lomicidio-olivia-lomas-la-minaccia-alla-foresta-amazzonica\/#breadcrumb\",\"itemListElement\":[{\"@type\":\"ListItem\",\"position\":1,\"name\":\"Accueil\",\"item\":\"https:\/\/www.pressenza.com\/it\/\"},{\"@type\":\"ListItem\",\"position\":2,\"name\":\"Per\u00f9: tra l\u2019omicidio di Olivia Lomas e la minaccia alla Foresta Amazzonica\"}]},{\"@type\":\"WebSite\",\"@id\":\"https:\/\/www.pressenza.com\/it\/#website\",\"url\":\"https:\/\/www.pressenza.com\/it\/\",\"name\":\"Pressenza\",\"description\":\"Agenzia di Stampa Internazionale\",\"publisher\":{\"@id\":\"https:\/\/www.pressenza.com\/it\/#organization\"},\"potentialAction\":[{\"@type\":\"SearchAction\",\"target\":{\"@type\":\"EntryPoint\",\"urlTemplate\":\"https:\/\/www.pressenza.com\/it\/?s={search_term_string}\"},\"query-input\":{\"@type\":\"PropertyValueSpecification\",\"valueRequired\":true,\"valueName\":\"search_term_string\"}}],\"inLanguage\":\"it-IT\"},{\"@type\":\"Organization\",\"@id\":\"https:\/\/www.pressenza.com\/it\/#organization\",\"name\":\"Pressenza\",\"url\":\"https:\/\/www.pressenza.com\/it\/\",\"logo\":{\"@type\":\"ImageObject\",\"inLanguage\":\"it-IT\",\"@id\":\"https:\/\/www.pressenza.com\/it\/#\/schema\/logo\/image\/\",\"url\":\"https:\/\/www.pressenza.com\/wp-content\/uploads\/2022\/10\/pressenza_logo_200x200.jpg\",\"contentUrl\":\"https:\/\/www.pressenza.com\/wp-content\/uploads\/2022\/10\/pressenza_logo_200x200.jpg\",\"width\":200,\"height\":200,\"caption\":\"Pressenza\"},\"image\":{\"@id\":\"https:\/\/www.pressenza.com\/it\/#\/schema\/logo\/image\/\"},\"sameAs\":[\"https:\/\/www.facebook.com\/PressenzaItalia\",\"https:\/\/x.com\/PressenzaIPA\"]},{\"@type\":\"Person\",\"@id\":\"https:\/\/www.pressenza.com\/it\/#\/schema\/person\/e49d968e4f589acd15d36b227ed373b9\",\"name\":\"Francesco Maria Cricchio\",\"description\":\"Nato a Modena, classe 94, sono laureato in Lingue e Culture Europee. Attualmente vivo a Vienna, dove studio Antropologia. Sono da sempre interessato a tematiche riguardanti le popolazioni indigene, specialmente per quanto riguarda i Nativi Americani, a questo proposito collaboro con Lance Henson, poeta e attivista Cheyenne. Scrivo per Pressenza di argomenti come diritti umani e popolazioni aborigene.\",\"url\":\"https:\/\/www.pressenza.com\/it\/author\/francesco-maria-cricchio\/\"}]}<\/script>\n<!-- \/ Yoast SEO plugin. -->","yoast_head_json":{"title":"Per\u00f9: tra l\u2019omicidio di Olivia Lomas e la minaccia alla Foresta Amazzonica","description":"In America del Sud \u00e8 sempre la stessa storia. Cambiano i nomi, cambia il paese e cambiano le ragioni, ma ci\u00f2 che rimane invariato \u00e8 sempre lo stesso: gli","robots":{"index":"index","follow":"follow","max-snippet":"max-snippet:-1","max-image-preview":"max-image-preview:large","max-video-preview":"max-video-preview:-1"},"canonical":"https:\/\/www.pressenza.com\/it\/2018\/04\/peru-lomicidio-olivia-lomas-la-minaccia-alla-foresta-amazzonica\/","og_locale":"it_IT","og_type":"article","og_title":"Per\u00f9: tra l\u2019omicidio di Olivia Lomas e la minaccia alla Foresta Amazzonica","og_description":"In America del Sud \u00e8 sempre la stessa storia. Cambiano i nomi, cambia il paese e cambiano le ragioni, ma ci\u00f2 che rimane invariato \u00e8 sempre lo stesso: gli","og_url":"https:\/\/www.pressenza.com\/it\/2018\/04\/peru-lomicidio-olivia-lomas-la-minaccia-alla-foresta-amazzonica\/","og_site_name":"Pressenza","article_publisher":"https:\/\/www.facebook.com\/PressenzaItalia","article_published_time":"2018-04-26T06:35:06+00:00","article_modified_time":"2018-04-26T06:36:19+00:00","og_image":[{"width":829,"height":490,"url":"https:\/\/www.pressenza.com\/wp-content\/uploads\/2018\/04\/olivia-lomas.jpg","type":"image\/jpeg"}],"author":"Francesco Maria Cricchio","twitter_card":"summary_large_image","twitter_creator":"@PressenzaIPA","twitter_site":"@PressenzaIPA","twitter_misc":{"Scritto da":"Francesco Maria Cricchio","Tempo di lettura stimato":"3 minuti"},"schema":{"@context":"https:\/\/schema.org","@graph":[{"@type":"Article","@id":"https:\/\/www.pressenza.com\/it\/2018\/04\/peru-lomicidio-olivia-lomas-la-minaccia-alla-foresta-amazzonica\/#article","isPartOf":{"@id":"https:\/\/www.pressenza.com\/it\/2018\/04\/peru-lomicidio-olivia-lomas-la-minaccia-alla-foresta-amazzonica\/"},"author":{"name":"Francesco Maria Cricchio","@id":"https:\/\/www.pressenza.com\/it\/#\/schema\/person\/e49d968e4f589acd15d36b227ed373b9"},"headline":"Per\u00f9: tra l\u2019omicidio di Olivia Lomas e la minaccia alla Foresta Amazzonica","datePublished":"2018-04-26T06:35:06+00:00","dateModified":"2018-04-26T06:36:19+00:00","mainEntityOfPage":{"@id":"https:\/\/www.pressenza.com\/it\/2018\/04\/peru-lomicidio-olivia-lomas-la-minaccia-alla-foresta-amazzonica\/"},"wordCount":562,"publisher":{"@id":"https:\/\/www.pressenza.com\/it\/#organization"},"image":{"@id":"https:\/\/www.pressenza.com\/it\/2018\/04\/peru-lomicidio-olivia-lomas-la-minaccia-alla-foresta-amazzonica\/#primaryimage"},"thumbnailUrl":"https:\/\/www.pressenza.com\/wp-content\/uploads\/2018\/04\/olivia-lomas.jpg","keywords":["Amazzonia","indigeni dell'Amazzonia","Olivia Lomas","Per\u00f9","Shipibo Konibo"],"articleSection":["contenuti originali","Opinioni","Popoli originari","Sud America"],"inLanguage":"it-IT"},{"@type":"WebPage","@id":"https:\/\/www.pressenza.com\/it\/2018\/04\/peru-lomicidio-olivia-lomas-la-minaccia-alla-foresta-amazzonica\/","url":"https:\/\/www.pressenza.com\/it\/2018\/04\/peru-lomicidio-olivia-lomas-la-minaccia-alla-foresta-amazzonica\/","name":"Per\u00f9: tra l\u2019omicidio di Olivia Lomas e la minaccia alla Foresta Amazzonica","isPartOf":{"@id":"https:\/\/www.pressenza.com\/it\/#website"},"primaryImageOfPage":{"@id":"https:\/\/www.pressenza.com\/it\/2018\/04\/peru-lomicidio-olivia-lomas-la-minaccia-alla-foresta-amazzonica\/#primaryimage"},"image":{"@id":"https:\/\/www.pressenza.com\/it\/2018\/04\/peru-lomicidio-olivia-lomas-la-minaccia-alla-foresta-amazzonica\/#primaryimage"},"thumbnailUrl":"https:\/\/www.pressenza.com\/wp-content\/uploads\/2018\/04\/olivia-lomas.jpg","datePublished":"2018-04-26T06:35:06+00:00","dateModified":"2018-04-26T06:36:19+00:00","description":"In America del Sud \u00e8 sempre la stessa storia. Cambiano i nomi, cambia il paese e cambiano le ragioni, ma ci\u00f2 che rimane invariato \u00e8 sempre lo stesso: gli","breadcrumb":{"@id":"https:\/\/www.pressenza.com\/it\/2018\/04\/peru-lomicidio-olivia-lomas-la-minaccia-alla-foresta-amazzonica\/#breadcrumb"},"inLanguage":"it-IT","potentialAction":[{"@type":"ReadAction","target":["https:\/\/www.pressenza.com\/it\/2018\/04\/peru-lomicidio-olivia-lomas-la-minaccia-alla-foresta-amazzonica\/"]}]},{"@type":"ImageObject","inLanguage":"it-IT","@id":"https:\/\/www.pressenza.com\/it\/2018\/04\/peru-lomicidio-olivia-lomas-la-minaccia-alla-foresta-amazzonica\/#primaryimage","url":"https:\/\/www.pressenza.com\/wp-content\/uploads\/2018\/04\/olivia-lomas.jpg","contentUrl":"https:\/\/www.pressenza.com\/wp-content\/uploads\/2018\/04\/olivia-lomas.jpg","width":829,"height":490},{"@type":"BreadcrumbList","@id":"https:\/\/www.pressenza.com\/it\/2018\/04\/peru-lomicidio-olivia-lomas-la-minaccia-alla-foresta-amazzonica\/#breadcrumb","itemListElement":[{"@type":"ListItem","position":1,"name":"Accueil","item":"https:\/\/www.pressenza.com\/it\/"},{"@type":"ListItem","position":2,"name":"Per\u00f9: tra l\u2019omicidio di Olivia Lomas e la minaccia alla Foresta Amazzonica"}]},{"@type":"WebSite","@id":"https:\/\/www.pressenza.com\/it\/#website","url":"https:\/\/www.pressenza.com\/it\/","name":"Pressenza","description":"Agenzia di Stampa Internazionale","publisher":{"@id":"https:\/\/www.pressenza.com\/it\/#organization"},"potentialAction":[{"@type":"SearchAction","target":{"@type":"EntryPoint","urlTemplate":"https:\/\/www.pressenza.com\/it\/?s={search_term_string}"},"query-input":{"@type":"PropertyValueSpecification","valueRequired":true,"valueName":"search_term_string"}}],"inLanguage":"it-IT"},{"@type":"Organization","@id":"https:\/\/www.pressenza.com\/it\/#organization","name":"Pressenza","url":"https:\/\/www.pressenza.com\/it\/","logo":{"@type":"ImageObject","inLanguage":"it-IT","@id":"https:\/\/www.pressenza.com\/it\/#\/schema\/logo\/image\/","url":"https:\/\/www.pressenza.com\/wp-content\/uploads\/2022\/10\/pressenza_logo_200x200.jpg","contentUrl":"https:\/\/www.pressenza.com\/wp-content\/uploads\/2022\/10\/pressenza_logo_200x200.jpg","width":200,"height":200,"caption":"Pressenza"},"image":{"@id":"https:\/\/www.pressenza.com\/it\/#\/schema\/logo\/image\/"},"sameAs":["https:\/\/www.facebook.com\/PressenzaItalia","https:\/\/x.com\/PressenzaIPA"]},{"@type":"Person","@id":"https:\/\/www.pressenza.com\/it\/#\/schema\/person\/e49d968e4f589acd15d36b227ed373b9","name":"Francesco Maria Cricchio","description":"Nato a Modena, classe 94, sono laureato in Lingue e Culture Europee. Attualmente vivo a Vienna, dove studio Antropologia. Sono da sempre interessato a tematiche riguardanti le popolazioni indigene, specialmente per quanto riguarda i Nativi Americani, a questo proposito collaboro con Lance Henson, poeta e attivista Cheyenne. Scrivo per Pressenza di argomenti come diritti umani e popolazioni aborigene.","url":"https:\/\/www.pressenza.com\/it\/author\/francesco-maria-cricchio\/"}]}},"place":"","original_article_url":"","_links":{"self":[{"href":"https:\/\/www.pressenza.com\/it\/wp-json\/wp\/v2\/posts\/631227","targetHints":{"allow":["GET"]}}],"collection":[{"href":"https:\/\/www.pressenza.com\/it\/wp-json\/wp\/v2\/posts"}],"about":[{"href":"https:\/\/www.pressenza.com\/it\/wp-json\/wp\/v2\/types\/post"}],"author":[{"embeddable":true,"href":"https:\/\/www.pressenza.com\/it\/wp-json\/wp\/v2\/users\/1492"}],"replies":[{"embeddable":true,"href":"https:\/\/www.pressenza.com\/it\/wp-json\/wp\/v2\/comments?post=631227"}],"version-history":[{"count":0,"href":"https:\/\/www.pressenza.com\/it\/wp-json\/wp\/v2\/posts\/631227\/revisions"}],"wp:featuredmedia":[{"embeddable":true,"href":"https:\/\/www.pressenza.com\/it\/wp-json\/wp\/v2\/media\/631230"}],"wp:attachment":[{"href":"https:\/\/www.pressenza.com\/it\/wp-json\/wp\/v2\/media?parent=631227"}],"wp:term":[{"taxonomy":"category","embeddable":true,"href":"https:\/\/www.pressenza.com\/it\/wp-json\/wp\/v2\/categories?post=631227"},{"taxonomy":"post_tag","embeddable":true,"href":"https:\/\/www.pressenza.com\/it\/wp-json\/wp\/v2\/tags?post=631227"}],"curies":[{"name":"wp","href":"https:\/\/api.w.org\/{rel}","templated":true}]}}