{"id":629313,"date":"2018-04-22T20:31:00","date_gmt":"2018-04-22T19:31:00","guid":{"rendered":"https:\/\/www.pressenza.com\/?p=629313"},"modified":"2018-04-22T20:31:00","modified_gmt":"2018-04-22T19:31:00","slug":"25-aprile-2018-lunica-razza-quella-umana","status":"publish","type":"post","link":"https:\/\/www.pressenza.com\/it\/2018\/04\/25-aprile-2018-lunica-razza-quella-umana\/","title":{"rendered":"25 aprile 2018 &#8211; L&#8217;unica razza \u00e8 quella umana"},"content":{"rendered":"<p>Il 25 aprile del 1945 l\u2019Italia fu liberata dalla dittatura nazifascista grazie alla lotta di centinaia di migliaia di persone che scelsero di dire no al fascismo, no alla negazione dei diritti e no all\u2019uccisione di milioni di persone in nome della supremazia della &#8220;razza ariana&#8221;: i Partigiani, le Partigiane, le persone comuni scelsero di resistere e di lottare con ogni mezzo necessario per porre fine alla guerra e per liberarsi dal regime fascista.<\/p>\n<p>Oggi, a 80 anni dalla emanazione delle leggi razziali e a 73 anni dalla Liberazione, c&#8217;\u00e8 ancora bisogno di essere Partigian*, c&#8217;\u00e8 ancora bisogno di ribadire con forza che l&#8217;unica razza esistente \u00e8 quella umana.<\/p>\n<p>Non c&#8217;\u00e8 futuro senza memoria, per questo \u00e8 importante ricordare che tutto ci\u00f2 che \u00e8 stato l&#8217;Olocausto, la terribile macchina della &#8220;soluzione finale&#8221; e il genocidio di milioni di persone (ebrei, rom, oppositori politici, donne &#8220;libere&#8221;, omosessuali, portatori di handicap), non \u00e8 successo da un giorno all&#8217;altro, ma \u00e8 stato il terribile finale di vent&#8217;anni di un crescendo di politiche xenofobe, di una folle propaganda che ha generato un capro espiatorio, dell&#8217;eliminazione di diritti e di repressione, giorno dopo giorno.<\/p>\n<p>La memoria deve essere uno strumento per agire nel presente e cambiare il futuro, per questo non possiamo rimanere indifferenti di fronte a quello che sta accadendo da anni nel Mar Mediterraneo: un &#8220;mare spinato&#8221;, un cimitero senza lapidi ne nomi, nel quale \u00e8 in corso da anni un genocidio.<\/p>\n<p>Il razzismo \u00e8 parte strutturale di questo sistema economico e si manifesta nelle sue politiche: dalla Bossi-Fini per arrivare all&#8217;ultima legge sulla migrazione, la Minniti-Orlando che istituisce &#8220;tribunali speciali&#8221; per i richiedenti asilo, aumenta i finanziamenti ai lager in Libia e stringe accordi sulla pelle dei migranti.<br \/>\nL&#8217;Unione Europea ha finanziato per 6 miliardi Erdogan al fine di bloccare i migranti in viaggio verso la Grecia, per la maggior parte siriani in fuga dalla guerra.\u00a0Quei 6 miliardi di euro potrebbero essere usati per salvare vite, finanziare il welfare e migliorare l&#8217;esistenza di tutt*.<\/p>\n<p>Invece sono stati la moneta di scambio che ha permesso di perpetrare il genocidio del popolo kurdo, il massacro di Afrin, che ha generato altre centinaia di migliaia di sfollati e morti, centinaia di arresti contro chi manifesta contro la guerra.<\/p>\n<p>Silenzio e indifferenza verso questi \u201cconfini di morte\u201d: dal Mediterraneo a Gaza, ai tanti territori devastati da conflitti generati dagli interessi economici delle cosiddette potenze occidentali.<\/p>\n<p>La dilagante retorica razzista portata avanti dalla Lega di Salvini e supportata dai media main stream, non solo addita il migrante come colpevole della crisi, ma criminalizza anche la solidariet\u00e0 di chi, come le ONG, cerca di salvare quelle vite di cui l&#8217;Europa e l&#8217;Italia finanziano la morte, facendo dell&#8217;export di armi un business che ammonta a circa 2,6 milioni all&#8217;ora, stringendo accordi con Paesi terzi e facendo fare a loro il &#8220;lavoro sporco&#8221;, o devastando territori in tutto il mondo.\u00a0 Scelte politiche precise che hanno generato uno spostamento a destra della totalit\u00e0 delle istituzioni, di fronte a cui nessuno si \u00e8 tirato indietro.<\/p>\n<p>Ribadiamo a gran voce che la solidariet\u00e0 non \u00e8 un crimine, ma un atto di coraggio.\u00a0 Milano \u00e8 una citt\u00e0 meticcia e solidale, i razzisti se ne dovranno fare una ragione.\u00a0Lo ha dimostrato il 20 maggio: 100.000 persone sono scese in piazza con il messaggio forte e chiaro di &#8220;Nessuna Persona E&#8217; Illegale&#8221;, hanno ribadito il rifiuto di ogni razzismo, da quello istituzionale del Partito Democratico a quello della Lega, e inondato la citt\u00e0 di colori, culture e storie differenti, che sono una ricchezza e non un motivo di conflitto. Lo ha dimostrato il 10 febbraio dopo i fatti di Macerata, gridando a gran voce che Milano ripudia fascismo, razzismo e sessismo.<\/p>\n<p>Milano \u00e8 antifascista, antirazzista, meticcia e solidale, e lo dimostriamo ogni giorno nelle scuole, nelle universit\u00e0, nelle strade, nei quartieri e nelle periferie, nelle comunit\u00e0 che costruiamo come movimenti, collettivi, associazioni e singoli cittadini, lavorando con le persone, trovando soluzioni reali e garantendoci diritti con la lotta.<\/p>\n<p>Il prossimo 25 aprile chiediamo che tutte\/i coloro che condividono questo appello affianchino alle loro bandiere lo slogan \u201cL\u2019unica razza \u00e8 quella umana\u201d.<\/p>\n<p>Organizzato da\u00a0<a href=\"https:\/\/www.facebook.com\/milanometiccia\/\" data-hovercard=\"\/ajax\/hovercard\/page.php?id=1544670909103277\" data-hovercard-position=\"below\">Milano Antifascista Antirazzista Meticcia e Solidale<\/a>\u00a0e\u00a0<a id=\"js_4f\" href=\"https:\/\/www.facebook.com\/NooneisillegalMilano\/\" data-hovercard=\"\/ajax\/hovercard\/page.php?id=369961423398601\" data-hovercard-position=\"below\" aria-controls=\"js_4d\" aria-haspopup=\"true\" aria-describedby=\"js_4e\">Nessuna Persona \u00e8 Illegale<\/a><\/p>\n","protected":false},"excerpt":{"rendered":"<p>Il 25 aprile del 1945 l\u2019Italia fu liberata dalla dittatura nazifascista grazie alla lotta di centinaia di migliaia di persone che scelsero di dire no al fascismo, no alla negazione dei diritti e no all\u2019uccisione di milioni di persone in&hellip;<\/p>\n","protected":false},"author":594,"featured_media":629314,"comment_status":"closed","ping_status":"closed","sticky":false,"template":"","format":"standard","meta":{"footnotes":""},"categories":[150,60,47],"tags":[4668,6792,9082,4670,2636],"class_list":["post-629313","post","type-post","status-publish","format-standard","has-post-thumbnail","hentry","category-comunicati-stampa","category-diritti-umani","category-europa","tag-25-aprile","tag-anti-fascismo","tag-anti-razzismo","tag-liberazione","tag-migranti"],"yoast_head":"<!-- This site is optimized with the Yoast SEO plugin v27.1.1 - https:\/\/yoast.com\/product\/yoast-seo-wordpress\/ -->\n<title>25 aprile 2018 - L&#039;unica razza \u00e8 quella umana<\/title>\n<meta name=\"description\" content=\"Il 25 aprile del 1945 l\u2019Italia fu liberata dalla dittatura nazifascista grazie alla lotta di centinaia di migliaia di persone che scelsero di dire no al\" \/>\n<meta name=\"robots\" content=\"index, follow, max-snippet:-1, max-image-preview:large, max-video-preview:-1\" \/>\n<link rel=\"canonical\" href=\"https:\/\/www.pressenza.com\/it\/2018\/04\/25-aprile-2018-lunica-razza-quella-umana\/\" \/>\n<meta property=\"og:locale\" content=\"it_IT\" \/>\n<meta property=\"og:type\" content=\"article\" \/>\n<meta property=\"og:title\" content=\"25 aprile 2018 - L&#039;unica razza \u00e8 quella umana\" \/>\n<meta property=\"og:description\" content=\"Il 25 aprile del 1945 l\u2019Italia fu liberata dalla dittatura nazifascista grazie alla lotta di centinaia di migliaia di persone che scelsero di dire no al\" \/>\n<meta property=\"og:url\" content=\"https:\/\/www.pressenza.com\/it\/2018\/04\/25-aprile-2018-lunica-razza-quella-umana\/\" \/>\n<meta property=\"og:site_name\" content=\"Pressenza\" \/>\n<meta property=\"article:publisher\" content=\"https:\/\/www.facebook.com\/PressenzaItalia\" \/>\n<meta property=\"article:author\" content=\"https:\/\/www.facebook.com\/PressenzaItalia\" \/>\n<meta property=\"article:published_time\" content=\"2018-04-22T19:31:00+00:00\" \/>\n<meta property=\"og:image\" content=\"https:\/\/www.pressenza.com\/wp-content\/uploads\/2018\/04\/25-aprile-2018.jpg\" \/>\n\t<meta property=\"og:image:width\" content=\"800\" \/>\n\t<meta property=\"og:image:height\" content=\"300\" \/>\n\t<meta property=\"og:image:type\" content=\"image\/jpeg\" \/>\n<meta name=\"author\" content=\"Redazione Italia\" \/>\n<meta name=\"twitter:card\" content=\"summary_large_image\" \/>\n<meta name=\"twitter:creator\" content=\"@pressenza_it\" \/>\n<meta name=\"twitter:site\" content=\"@PressenzaIPA\" \/>\n<meta name=\"twitter:label1\" content=\"Scritto da\" \/>\n\t<meta name=\"twitter:data1\" content=\"Redazione Italia\" \/>\n\t<meta name=\"twitter:label2\" content=\"Tempo di lettura stimato\" \/>\n\t<meta name=\"twitter:data2\" content=\"3 minuti\" \/>\n<script type=\"application\/ld+json\" class=\"yoast-schema-graph\">{\"@context\":\"https:\/\/schema.org\",\"@graph\":[{\"@type\":\"Article\",\"@id\":\"https:\/\/www.pressenza.com\/it\/2018\/04\/25-aprile-2018-lunica-razza-quella-umana\/#article\",\"isPartOf\":{\"@id\":\"https:\/\/www.pressenza.com\/it\/2018\/04\/25-aprile-2018-lunica-razza-quella-umana\/\"},\"author\":{\"name\":\"Redazione Italia\",\"@id\":\"https:\/\/www.pressenza.com\/it\/#\/schema\/person\/d983e81827ae24f2c7b1a2123d197f8d\"},\"headline\":\"25 aprile 2018 &#8211; L&#8217;unica razza \u00e8 quella umana\",\"datePublished\":\"2018-04-22T19:31:00+00:00\",\"mainEntityOfPage\":{\"@id\":\"https:\/\/www.pressenza.com\/it\/2018\/04\/25-aprile-2018-lunica-razza-quella-umana\/\"},\"wordCount\":699,\"publisher\":{\"@id\":\"https:\/\/www.pressenza.com\/it\/#organization\"},\"image\":{\"@id\":\"https:\/\/www.pressenza.com\/it\/2018\/04\/25-aprile-2018-lunica-razza-quella-umana\/#primaryimage\"},\"thumbnailUrl\":\"https:\/\/www.pressenza.com\/wp-content\/uploads\/2018\/04\/25-aprile-2018.jpg\",\"keywords\":[\"25 aprile\",\"anti-fascismo\",\"anti-razzismo\",\"Liberazione\",\"migranti\"],\"articleSection\":[\"Comunicati Stampa\",\"Diritti Umani\",\"Europa\"],\"inLanguage\":\"it-IT\"},{\"@type\":\"WebPage\",\"@id\":\"https:\/\/www.pressenza.com\/it\/2018\/04\/25-aprile-2018-lunica-razza-quella-umana\/\",\"url\":\"https:\/\/www.pressenza.com\/it\/2018\/04\/25-aprile-2018-lunica-razza-quella-umana\/\",\"name\":\"25 aprile 2018 - L'unica razza \u00e8 quella umana\",\"isPartOf\":{\"@id\":\"https:\/\/www.pressenza.com\/it\/#website\"},\"primaryImageOfPage\":{\"@id\":\"https:\/\/www.pressenza.com\/it\/2018\/04\/25-aprile-2018-lunica-razza-quella-umana\/#primaryimage\"},\"image\":{\"@id\":\"https:\/\/www.pressenza.com\/it\/2018\/04\/25-aprile-2018-lunica-razza-quella-umana\/#primaryimage\"},\"thumbnailUrl\":\"https:\/\/www.pressenza.com\/wp-content\/uploads\/2018\/04\/25-aprile-2018.jpg\",\"datePublished\":\"2018-04-22T19:31:00+00:00\",\"description\":\"Il 25 aprile del 1945 l\u2019Italia fu liberata dalla dittatura nazifascista grazie alla lotta di centinaia di migliaia di persone che scelsero di dire no al\",\"breadcrumb\":{\"@id\":\"https:\/\/www.pressenza.com\/it\/2018\/04\/25-aprile-2018-lunica-razza-quella-umana\/#breadcrumb\"},\"inLanguage\":\"it-IT\",\"potentialAction\":[{\"@type\":\"ReadAction\",\"target\":[\"https:\/\/www.pressenza.com\/it\/2018\/04\/25-aprile-2018-lunica-razza-quella-umana\/\"]}]},{\"@type\":\"ImageObject\",\"inLanguage\":\"it-IT\",\"@id\":\"https:\/\/www.pressenza.com\/it\/2018\/04\/25-aprile-2018-lunica-razza-quella-umana\/#primaryimage\",\"url\":\"https:\/\/www.pressenza.com\/wp-content\/uploads\/2018\/04\/25-aprile-2018.jpg\",\"contentUrl\":\"https:\/\/www.pressenza.com\/wp-content\/uploads\/2018\/04\/25-aprile-2018.jpg\",\"width\":800,\"height\":300},{\"@type\":\"BreadcrumbList\",\"@id\":\"https:\/\/www.pressenza.com\/it\/2018\/04\/25-aprile-2018-lunica-razza-quella-umana\/#breadcrumb\",\"itemListElement\":[{\"@type\":\"ListItem\",\"position\":1,\"name\":\"Accueil\",\"item\":\"https:\/\/www.pressenza.com\/it\/\"},{\"@type\":\"ListItem\",\"position\":2,\"name\":\"25 aprile 2018 &#8211; L&#8217;unica razza \u00e8 quella umana\"}]},{\"@type\":\"WebSite\",\"@id\":\"https:\/\/www.pressenza.com\/it\/#website\",\"url\":\"https:\/\/www.pressenza.com\/it\/\",\"name\":\"Pressenza\",\"description\":\"Agenzia di Stampa Internazionale\",\"publisher\":{\"@id\":\"https:\/\/www.pressenza.com\/it\/#organization\"},\"potentialAction\":[{\"@type\":\"SearchAction\",\"target\":{\"@type\":\"EntryPoint\",\"urlTemplate\":\"https:\/\/www.pressenza.com\/it\/?s={search_term_string}\"},\"query-input\":{\"@type\":\"PropertyValueSpecification\",\"valueRequired\":true,\"valueName\":\"search_term_string\"}}],\"inLanguage\":\"it-IT\"},{\"@type\":\"Organization\",\"@id\":\"https:\/\/www.pressenza.com\/it\/#organization\",\"name\":\"Pressenza\",\"url\":\"https:\/\/www.pressenza.com\/it\/\",\"logo\":{\"@type\":\"ImageObject\",\"inLanguage\":\"it-IT\",\"@id\":\"https:\/\/www.pressenza.com\/it\/#\/schema\/logo\/image\/\",\"url\":\"https:\/\/www.pressenza.com\/wp-content\/uploads\/2022\/10\/pressenza_logo_200x200.jpg\",\"contentUrl\":\"https:\/\/www.pressenza.com\/wp-content\/uploads\/2022\/10\/pressenza_logo_200x200.jpg\",\"width\":200,\"height\":200,\"caption\":\"Pressenza\"},\"image\":{\"@id\":\"https:\/\/www.pressenza.com\/it\/#\/schema\/logo\/image\/\"},\"sameAs\":[\"https:\/\/www.facebook.com\/PressenzaItalia\",\"https:\/\/x.com\/PressenzaIPA\"]},{\"@type\":\"Person\",\"@id\":\"https:\/\/www.pressenza.com\/it\/#\/schema\/person\/d983e81827ae24f2c7b1a2123d197f8d\",\"name\":\"Redazione Italia\",\"description\":\"News from the Pressenza Bureau in Italy\",\"sameAs\":[\"https:\/\/www.pressenza.com\/it\/author\/redazione-italia\/\",\"https:\/\/www.facebook.com\/PressenzaItalia\",\"https:\/\/www.instagram.com\/pressenza_italia\/\",\"https:\/\/x.com\/pressenza_it\",\"https:\/\/www.youtube.com\/channel\/UCSalEIWjE1RSxkwjfftFuqg\"],\"url\":\"https:\/\/www.pressenza.com\/it\/author\/redazione-italia\/\"}]}<\/script>\n<!-- \/ Yoast SEO plugin. -->","yoast_head_json":{"title":"25 aprile 2018 - L'unica razza \u00e8 quella umana","description":"Il 25 aprile del 1945 l\u2019Italia fu liberata dalla dittatura nazifascista grazie alla lotta di centinaia di migliaia di persone che scelsero di dire no al","robots":{"index":"index","follow":"follow","max-snippet":"max-snippet:-1","max-image-preview":"max-image-preview:large","max-video-preview":"max-video-preview:-1"},"canonical":"https:\/\/www.pressenza.com\/it\/2018\/04\/25-aprile-2018-lunica-razza-quella-umana\/","og_locale":"it_IT","og_type":"article","og_title":"25 aprile 2018 - L'unica razza \u00e8 quella umana","og_description":"Il 25 aprile del 1945 l\u2019Italia fu liberata dalla dittatura nazifascista grazie alla lotta di centinaia di migliaia di persone che scelsero di dire no al","og_url":"https:\/\/www.pressenza.com\/it\/2018\/04\/25-aprile-2018-lunica-razza-quella-umana\/","og_site_name":"Pressenza","article_publisher":"https:\/\/www.facebook.com\/PressenzaItalia","article_author":"https:\/\/www.facebook.com\/PressenzaItalia","article_published_time":"2018-04-22T19:31:00+00:00","og_image":[{"width":800,"height":300,"url":"https:\/\/www.pressenza.com\/wp-content\/uploads\/2018\/04\/25-aprile-2018.jpg","type":"image\/jpeg"}],"author":"Redazione Italia","twitter_card":"summary_large_image","twitter_creator":"@pressenza_it","twitter_site":"@PressenzaIPA","twitter_misc":{"Scritto da":"Redazione Italia","Tempo di lettura stimato":"3 minuti"},"schema":{"@context":"https:\/\/schema.org","@graph":[{"@type":"Article","@id":"https:\/\/www.pressenza.com\/it\/2018\/04\/25-aprile-2018-lunica-razza-quella-umana\/#article","isPartOf":{"@id":"https:\/\/www.pressenza.com\/it\/2018\/04\/25-aprile-2018-lunica-razza-quella-umana\/"},"author":{"name":"Redazione Italia","@id":"https:\/\/www.pressenza.com\/it\/#\/schema\/person\/d983e81827ae24f2c7b1a2123d197f8d"},"headline":"25 aprile 2018 &#8211; L&#8217;unica razza \u00e8 quella umana","datePublished":"2018-04-22T19:31:00+00:00","mainEntityOfPage":{"@id":"https:\/\/www.pressenza.com\/it\/2018\/04\/25-aprile-2018-lunica-razza-quella-umana\/"},"wordCount":699,"publisher":{"@id":"https:\/\/www.pressenza.com\/it\/#organization"},"image":{"@id":"https:\/\/www.pressenza.com\/it\/2018\/04\/25-aprile-2018-lunica-razza-quella-umana\/#primaryimage"},"thumbnailUrl":"https:\/\/www.pressenza.com\/wp-content\/uploads\/2018\/04\/25-aprile-2018.jpg","keywords":["25 aprile","anti-fascismo","anti-razzismo","Liberazione","migranti"],"articleSection":["Comunicati Stampa","Diritti Umani","Europa"],"inLanguage":"it-IT"},{"@type":"WebPage","@id":"https:\/\/www.pressenza.com\/it\/2018\/04\/25-aprile-2018-lunica-razza-quella-umana\/","url":"https:\/\/www.pressenza.com\/it\/2018\/04\/25-aprile-2018-lunica-razza-quella-umana\/","name":"25 aprile 2018 - L'unica razza \u00e8 quella umana","isPartOf":{"@id":"https:\/\/www.pressenza.com\/it\/#website"},"primaryImageOfPage":{"@id":"https:\/\/www.pressenza.com\/it\/2018\/04\/25-aprile-2018-lunica-razza-quella-umana\/#primaryimage"},"image":{"@id":"https:\/\/www.pressenza.com\/it\/2018\/04\/25-aprile-2018-lunica-razza-quella-umana\/#primaryimage"},"thumbnailUrl":"https:\/\/www.pressenza.com\/wp-content\/uploads\/2018\/04\/25-aprile-2018.jpg","datePublished":"2018-04-22T19:31:00+00:00","description":"Il 25 aprile del 1945 l\u2019Italia fu liberata dalla dittatura nazifascista grazie alla lotta di centinaia di migliaia di persone che scelsero di dire no al","breadcrumb":{"@id":"https:\/\/www.pressenza.com\/it\/2018\/04\/25-aprile-2018-lunica-razza-quella-umana\/#breadcrumb"},"inLanguage":"it-IT","potentialAction":[{"@type":"ReadAction","target":["https:\/\/www.pressenza.com\/it\/2018\/04\/25-aprile-2018-lunica-razza-quella-umana\/"]}]},{"@type":"ImageObject","inLanguage":"it-IT","@id":"https:\/\/www.pressenza.com\/it\/2018\/04\/25-aprile-2018-lunica-razza-quella-umana\/#primaryimage","url":"https:\/\/www.pressenza.com\/wp-content\/uploads\/2018\/04\/25-aprile-2018.jpg","contentUrl":"https:\/\/www.pressenza.com\/wp-content\/uploads\/2018\/04\/25-aprile-2018.jpg","width":800,"height":300},{"@type":"BreadcrumbList","@id":"https:\/\/www.pressenza.com\/it\/2018\/04\/25-aprile-2018-lunica-razza-quella-umana\/#breadcrumb","itemListElement":[{"@type":"ListItem","position":1,"name":"Accueil","item":"https:\/\/www.pressenza.com\/it\/"},{"@type":"ListItem","position":2,"name":"25 aprile 2018 &#8211; L&#8217;unica razza \u00e8 quella umana"}]},{"@type":"WebSite","@id":"https:\/\/www.pressenza.com\/it\/#website","url":"https:\/\/www.pressenza.com\/it\/","name":"Pressenza","description":"Agenzia di Stampa Internazionale","publisher":{"@id":"https:\/\/www.pressenza.com\/it\/#organization"},"potentialAction":[{"@type":"SearchAction","target":{"@type":"EntryPoint","urlTemplate":"https:\/\/www.pressenza.com\/it\/?s={search_term_string}"},"query-input":{"@type":"PropertyValueSpecification","valueRequired":true,"valueName":"search_term_string"}}],"inLanguage":"it-IT"},{"@type":"Organization","@id":"https:\/\/www.pressenza.com\/it\/#organization","name":"Pressenza","url":"https:\/\/www.pressenza.com\/it\/","logo":{"@type":"ImageObject","inLanguage":"it-IT","@id":"https:\/\/www.pressenza.com\/it\/#\/schema\/logo\/image\/","url":"https:\/\/www.pressenza.com\/wp-content\/uploads\/2022\/10\/pressenza_logo_200x200.jpg","contentUrl":"https:\/\/www.pressenza.com\/wp-content\/uploads\/2022\/10\/pressenza_logo_200x200.jpg","width":200,"height":200,"caption":"Pressenza"},"image":{"@id":"https:\/\/www.pressenza.com\/it\/#\/schema\/logo\/image\/"},"sameAs":["https:\/\/www.facebook.com\/PressenzaItalia","https:\/\/x.com\/PressenzaIPA"]},{"@type":"Person","@id":"https:\/\/www.pressenza.com\/it\/#\/schema\/person\/d983e81827ae24f2c7b1a2123d197f8d","name":"Redazione Italia","description":"News from the Pressenza Bureau in Italy","sameAs":["https:\/\/www.pressenza.com\/it\/author\/redazione-italia\/","https:\/\/www.facebook.com\/PressenzaItalia","https:\/\/www.instagram.com\/pressenza_italia\/","https:\/\/x.com\/pressenza_it","https:\/\/www.youtube.com\/channel\/UCSalEIWjE1RSxkwjfftFuqg"],"url":"https:\/\/www.pressenza.com\/it\/author\/redazione-italia\/"}]}},"place":"Milano","original_article_url":"","_links":{"self":[{"href":"https:\/\/www.pressenza.com\/it\/wp-json\/wp\/v2\/posts\/629313","targetHints":{"allow":["GET"]}}],"collection":[{"href":"https:\/\/www.pressenza.com\/it\/wp-json\/wp\/v2\/posts"}],"about":[{"href":"https:\/\/www.pressenza.com\/it\/wp-json\/wp\/v2\/types\/post"}],"author":[{"embeddable":true,"href":"https:\/\/www.pressenza.com\/it\/wp-json\/wp\/v2\/users\/594"}],"replies":[{"embeddable":true,"href":"https:\/\/www.pressenza.com\/it\/wp-json\/wp\/v2\/comments?post=629313"}],"version-history":[{"count":0,"href":"https:\/\/www.pressenza.com\/it\/wp-json\/wp\/v2\/posts\/629313\/revisions"}],"wp:featuredmedia":[{"embeddable":true,"href":"https:\/\/www.pressenza.com\/it\/wp-json\/wp\/v2\/media\/629314"}],"wp:attachment":[{"href":"https:\/\/www.pressenza.com\/it\/wp-json\/wp\/v2\/media?parent=629313"}],"wp:term":[{"taxonomy":"category","embeddable":true,"href":"https:\/\/www.pressenza.com\/it\/wp-json\/wp\/v2\/categories?post=629313"},{"taxonomy":"post_tag","embeddable":true,"href":"https:\/\/www.pressenza.com\/it\/wp-json\/wp\/v2\/tags?post=629313"}],"curies":[{"name":"wp","href":"https:\/\/api.w.org\/{rel}","templated":true}]}}