{"id":626457,"date":"2018-04-16T17:55:25","date_gmt":"2018-04-16T16:55:25","guid":{"rendered":"https:\/\/www.pressenza.com\/?p=626457"},"modified":"2018-04-16T17:55:25","modified_gmt":"2018-04-16T16:55:25","slug":"discorso-dodio-la-campagna-elettorale-amnesty-787-segnalazioni-raccolte-23-giorni-piu-1-messaggio-allora","status":"publish","type":"post","link":"https:\/\/www.pressenza.com\/it\/2018\/04\/discorso-dodio-la-campagna-elettorale-amnesty-787-segnalazioni-raccolte-23-giorni-piu-1-messaggio-allora\/","title":{"rendered":"Discorso d&#8217;odio durante la campagna elettorale, Amnesty: 787 segnalazioni raccolte in 23 giorni, pi\u00f9 di 1 messaggio all&#8217;ora"},"content":{"rendered":"<p><span style=\"font-family: Verdana, Arial, Helvetica, sans-serif; color: #800000;\"><b>Discorso d&#8217;odio durante la campagna elettorale. Amnesty International pubblica le conclusioni del &#8220;barometro dell&#8217;odio&#8221;: 787 segnalazioni raccolte in 23 giorni, pi\u00f9 di 1 messaggio offensivo, razzista e discriminatorio all&#8217;ora, moltiplicato dalla rete. <\/b><\/span><span style=\"font-family: Verdana, Arial, Helvetica, sans-serif; color: #800000;\"><b>\u00a0\u00a0 <\/b><\/span><\/p>\n<div><span style=\"font-family: Verdana, Arial, Helvetica, sans-serif;\">Amnesty International ha pubblicato <a class=\"matchTooltip\">oggi<\/a> le conclusioni del \u201cBarometro dell\u2019odio\u201d, il progetto portato avanti durante la recente campagna elettorale per monitorare l\u2019uso del discorso d\u2019odio da parte dei candidati alle elezioni politiche e regionali 2018.<\/span><\/div>\n<div><span style=\"font-family: Verdana, Arial, Helvetica, sans-serif;\">\u00a0<\/span><\/div>\n<div><span style=\"font-family: Verdana, Arial, Helvetica, sans-serif;\">Dall\u20198 febbraio al 2 marzo oltre 600 attivisti di Amnesty International Italia hanno monitorato i profili social &#8211; Facebook e Twitter &#8211; di tutti i candidati ai collegi uninominali di Camera e Senato delle coalizioni di Centrosinistra, Centrodestra, del Movimento 5 Stelle e di Liberi e uguali; dei candidati presidenti delle regioni Lazio e Lombardia e dei leader. I post e i tweet, le immagini e i video condivisi da questi 1.419 candidati, e quindi a loro direttamente attribuibili, sono stati quotidianamente osservati segnalando l\u2019uso di stereotipi, dichiarazioni offensive, razziste, discriminatorie e di incitamento alla violenza che hanno come bersaglio categorie vulnerabili quali migranti e rifugiati, immigrati, rom, persone Lgbti, donne, comunit\u00e0 ebraiche e islamiche.\u00a0<\/span><\/div>\n<div><span style=\"font-family: Verdana, Arial, Helvetica, sans-serif;\"><i>\u00a0<\/i><\/span><\/div>\n<div><span style=\"font-family: Verdana, Arial, Helvetica, sans-serif;\"><i>\u201cLo immaginavamo e ne abbiamo avuto conferma. Il discorso d\u2019odio ha fatto breccia anche in Italia e la campagna elettorale ne \u00e8 stata la dimostrazione\u201d<\/i>, ha dichiarato Gianni Rufini, direttore generale di Amnesty International Italia.<\/span><\/div>\n<div><span style=\"font-family: Verdana, Arial, Helvetica, sans-serif;\"><i>\u00a0<\/i><\/span><\/div>\n<div><span style=\"font-family: Verdana, Arial, Helvetica, sans-serif;\"><i>\u201cAlcune forze politiche si sono servite di stereotipi e incitazioni all\u2019odio per fare propri diffusi sentimenti populisti, identitari e xenofobi, promuovendo la diffusione di un linguaggio incendiario, divisivo, che discrimina anzich\u00e9 promuovere l\u2019eguaglianza, che pensa che minoranze e gruppi vulnerabili siano una minaccia e che i diritti non spettino a tutti\u201d<\/i>, ha aggiunto Rufini.<\/span><\/div>\n<div><span style=\"font-family: Verdana, Arial, Helvetica, sans-serif;\">\u00a0<\/span><\/div>\n<div><span style=\"font-family: Verdana, Arial, Helvetica, sans-serif;\">Il linguaggio \u00e8 stato misurato sulla base di un metodo quantitativo e qualitativo, i dati raccolti sono stati trasposti su un <a title=\" https:\/\/www.amnesty.it\/barometro-odio\/\" href=\"https:\/\/www.amnesty.it\/barometro-odio\/\" target=\"_blank\" rel=\"noopener\">barometro online<\/a> sul sito di Amnesty International Italia, che ha rappresentato quotidianamente l\u2019andamento della campagna elettorale, misurando i livelli di criticit\u00e0 del discorso discriminatorio contro le categorie bersaglio classificandolo da linguaggio offensivo (giallo), a grave (arancione) fino a molto grave (rosso).\u00a0<\/span><\/div>\n<div><span style=\"font-family: Verdana, Arial, Helvetica, sans-serif;\">\u00a0<\/span><\/div>\n<div><span style=\"font-family: Verdana, Arial, Helvetica, sans-serif;\">Queste le principali <a title=\" https:\/\/d21zrvtkxtd6ae.cloudfront.net\/public\/uploads\/2018\/02\/16105254\/report-barometro-odio.pdf\" href=\"https:\/\/d21zrvtkxtd6ae.cloudfront.net\/public\/uploads\/2018\/02\/16105254\/report-barometro-odio.pdf\" target=\"_blank\" rel=\"noopener\">conclusioni del \u201cBarometro dell\u2019odio\u201d<\/a> di Amnesty International:<\/span><\/div>\n<div><span style=\"font-family: Verdana, Arial, Helvetica, sans-serif;\">\u00a0<\/span><\/div>\n<div><span style=\"font-family: Verdana, Arial, Helvetica, sans-serif;\">* il discorso di odio \u00e8 stato veicolato in modo costante durante le tre settimane di monitoraggio della campagna elettorale. In 23 giorni sono state raccolte 787 segnalazioni: pi\u00f9 di un messaggio offensivo, razzista e discriminatorio all\u2019ora moltiplicato dalla Rete;<\/span><\/div>\n<div><span style=\"font-family: Verdana, Arial, Helvetica, sans-serif;\">* le segnalazioni sono state attribuite a 129 candidati unici, di cui 77 sono stati eletti;<\/span><\/div>\n<div><span style=\"font-family: Verdana, Arial, Helvetica, sans-serif;\">* il 43,5% delle dichiarazioni segnalate sono pervenute dai leader, il 50% da candidati parlamentari e il 6,5% da candidati alla presidenza delle regioni Lazio e Lombardia;<\/span><\/div>\n<div><span style=\"font-family: Verdana, Arial, Helvetica, sans-serif;\">* complessivamente, inserendo nel calcolo anche i leader, il 51% delle dichiarazioni \u00e8 da attribuire a candidati della Lega, il 27% a Fratelli d\u2019Italia, il 13% a Forza Italia, il 4% a Casa Pound, il 3% a L\u2019Italia agli Italiani, e il 2% al Movimento 5 Stelle;<\/span><\/div>\n<div><span style=\"font-family: Verdana, Arial, Helvetica, sans-serif;\">* il canale che ha generato pi\u00f9 segnalazioni \u00e8 stato Facebook, da cui \u00e8 pervenuto il 73% dei messaggi monitorati. Nel 49,3% dei casi si \u00e8 trattato di post testuali, nel 38,4% di video e nel 12,3% di fotomontaggi;<\/span><\/div>\n<div><span style=\"font-family: Verdana, Arial, Helvetica, sans-serif;\">* il fenomeno migratorio \u00e8 stato il tema centrale delle segnalazioni: il 91% delle dichiarazioni hanno avuto per bersaglio migranti e immigrati;<\/span><\/div>\n<div><span style=\"font-family: Verdana, Arial, Helvetica, sans-serif;\">* l\u201911% delle dichiarazioni ha riguardato discriminazioni di tipo religioso, veicolando sentimenti islamofobici;<\/span><\/div>\n<div><span style=\"font-family: Verdana, Arial, Helvetica, sans-serif;\">* il 6% delle dichiarazioni ha avuto per oggetto la comunit\u00e0 Lgtbi, il 4,8% i rom, e l\u20191,8% le discriminazioni di genere;<\/span><\/div>\n<div><span style=\"font-family: Verdana, Arial, Helvetica, sans-serif;\">* il 7% delle dichiarazioni ha incitato direttamente alla violenza;<\/span><\/div>\n<div><span style=\"font-family: Verdana, Arial, Helvetica, sans-serif;\">* il 32% delle segnalazioni ha veicolato fake news e dati alterati;<\/span><\/div>\n<div><span style=\"font-family: Verdana, Arial, Helvetica, sans-serif;\">* per quanto riguarda l\u2019immigrazione, il 10% delle segnalazioni ha riguardato la questione della sicurezza e il 7% il tema dell\u2019accoglienza con toni di emergenza, identificando nell\u2019immigrazione una \u201cbomba sociale\u201d, in grado di portare allo \u201cscontro sociale\u201d e alla \u201cguerra in casa\u201d;<\/span><\/div>\n<div><span style=\"font-family: Verdana, Arial, Helvetica, sans-serif;\">* i fatti violenti di Macerata hanno avuto un ruolo centrale nella campagna elettorale: la nazionalit\u00e0 nigeriana \u00e8 stata specificamente bersaglio del discorso razzista e di odio;<\/span><\/div>\n<div><span style=\"font-family: Verdana, Arial, Helvetica, sans-serif;\">* le parole pi\u00f9 usate per identificare e raffigurare migranti e immigrati sono state: \u201cclandestini\u201d, \u201cirregolari\u201d, \u201cprofughi\u201d, \u201cstranieri\u201d, insieme al ricorso alla disumanizzazione con l\u2019utilizzo di appellativi quali \u201crisorse\u201d, \u201cbestie\u201d, \u201cvermi\u201d.<\/span><\/div>\n<div><span style=\"font-family: Verdana, Arial, Helvetica, sans-serif;\"><i>\u00a0<\/i><\/span><\/div>\n<div><span style=\"font-family: Verdana, Arial, Helvetica, sans-serif;\"><i>\u201cDurante la campagna elettorale la retorica dominante del \u201cnoi contro loro\u201d \u00e8 stata affiancata dalla narrativa divisiva del \u201cloro contro di noi\u201d e sempre pi\u00f9 spesso dall\u2019odio di italiani contro altri italiani che si occupano di migranti, secondo il pericolo schema \u201cnoi contro voi che aiutate loro\u201d<\/i>, ha commentato Rufini.\u00a0<\/span><\/div>\n<div><\/div>\n<div><span style=\"font-family: Verdana, Arial, Helvetica, sans-serif;\"><i>\u201cFa impressione rilevare che cos\u00ec tante persone che competevano per un ruolo istituzionale abbiano fatto ricorso a un discorso palesemente discriminatorio e d\u2019odio durante la campagna elettorale. Il rischio che abbiamo di fronte \u00e8 la normalizzazione dell\u2019odio\u201d.<\/i><\/span><\/div>\n","protected":false},"excerpt":{"rendered":"<p>Discorso d&#8217;odio durante la campagna elettorale. Amnesty International pubblica le conclusioni del &#8220;barometro dell&#8217;odio&#8221;: 787 segnalazioni raccolte in 23 giorni, pi\u00f9 di 1 messaggio offensivo, razzista e discriminatorio all&#8217;ora, moltiplicato dalla rete. \u00a0\u00a0 Amnesty International ha pubblicato oggi le conclusioni&hellip;<\/p>\n","protected":false},"author":432,"featured_media":626458,"comment_status":"closed","ping_status":"closed","sticky":false,"template":"","format":"standard","meta":{"footnotes":""},"categories":[150,47,1261],"tags":[21586,45262,45261,21198],"class_list":["post-626457","post","type-post","status-publish","format-standard","has-post-thumbnail","hentry","category-comunicati-stampa","category-europa","category-diversita","tag-amnesty-international-italia","tag-barometro-dellodio","tag-campagna-elettorale","tag-odio"],"yoast_head":"<!-- This site is optimized with the Yoast SEO plugin v27.1.1 - https:\/\/yoast.com\/product\/yoast-seo-wordpress\/ -->\n<title>Discorso d&#039;odio durante la campagna elettorale, Amnesty: 787 segnalazioni raccolte in 23 giorni, pi\u00f9 di 1 messaggio all&#039;ora<\/title>\n<meta name=\"description\" content=\"Discorso d&#039;odio durante la campagna elettorale. Amnesty International pubblica le conclusioni del &quot;barometro dell&#039;odio&quot;: 787 segnalazioni raccolte in 23\" \/>\n<meta name=\"robots\" content=\"index, follow, max-snippet:-1, max-image-preview:large, max-video-preview:-1\" \/>\n<link rel=\"canonical\" href=\"https:\/\/www.pressenza.com\/it\/2018\/04\/discorso-dodio-la-campagna-elettorale-amnesty-787-segnalazioni-raccolte-23-giorni-piu-1-messaggio-allora\/\" \/>\n<meta property=\"og:locale\" content=\"it_IT\" \/>\n<meta property=\"og:type\" content=\"article\" \/>\n<meta property=\"og:title\" content=\"Discorso d&#039;odio durante la campagna elettorale, Amnesty: 787 segnalazioni raccolte in 23 giorni, pi\u00f9 di 1 messaggio all&#039;ora\" \/>\n<meta property=\"og:description\" content=\"Discorso d&#039;odio durante la campagna elettorale. Amnesty International pubblica le conclusioni del &quot;barometro dell&#039;odio&quot;: 787 segnalazioni raccolte in 23\" \/>\n<meta property=\"og:url\" content=\"https:\/\/www.pressenza.com\/it\/2018\/04\/discorso-dodio-la-campagna-elettorale-amnesty-787-segnalazioni-raccolte-23-giorni-piu-1-messaggio-allora\/\" \/>\n<meta property=\"og:site_name\" content=\"Pressenza\" \/>\n<meta property=\"article:publisher\" content=\"https:\/\/www.facebook.com\/PressenzaItalia\" \/>\n<meta property=\"article:author\" content=\"https:\/\/www.facebook.com\/amnestyglobal\" \/>\n<meta property=\"article:published_time\" content=\"2018-04-16T16:55:25+00:00\" \/>\n<meta property=\"og:image\" content=\"https:\/\/www.pressenza.com\/wp-content\/uploads\/2018\/04\/Schermata-2018-04-16-alle-18.48.18.png\" \/>\n\t<meta property=\"og:image:width\" content=\"1352\" \/>\n\t<meta property=\"og:image:height\" content=\"501\" \/>\n\t<meta property=\"og:image:type\" content=\"image\/png\" \/>\n<meta name=\"author\" content=\"Amnesty International\" \/>\n<meta name=\"twitter:card\" content=\"summary_large_image\" \/>\n<meta name=\"twitter:creator\" content=\"@amnesty\" \/>\n<meta name=\"twitter:site\" content=\"@PressenzaIPA\" \/>\n<meta name=\"twitter:label1\" content=\"Scritto da\" \/>\n\t<meta name=\"twitter:data1\" content=\"Amnesty International\" \/>\n\t<meta name=\"twitter:label2\" content=\"Tempo di lettura stimato\" \/>\n\t<meta name=\"twitter:data2\" content=\"4 minuti\" \/>\n<script type=\"application\/ld+json\" class=\"yoast-schema-graph\">{\"@context\":\"https:\/\/schema.org\",\"@graph\":[{\"@type\":\"Article\",\"@id\":\"https:\/\/www.pressenza.com\/it\/2018\/04\/discorso-dodio-la-campagna-elettorale-amnesty-787-segnalazioni-raccolte-23-giorni-piu-1-messaggio-allora\/#article\",\"isPartOf\":{\"@id\":\"https:\/\/www.pressenza.com\/it\/2018\/04\/discorso-dodio-la-campagna-elettorale-amnesty-787-segnalazioni-raccolte-23-giorni-piu-1-messaggio-allora\/\"},\"author\":{\"name\":\"Amnesty International\",\"@id\":\"https:\/\/www.pressenza.com\/it\/#\/schema\/person\/9b981b05c7ecf09292e6acb3223b2d9d\"},\"headline\":\"Discorso d&#8217;odio durante la campagna elettorale, Amnesty: 787 segnalazioni raccolte in 23 giorni, pi\u00f9 di 1 messaggio all&#8217;ora\",\"datePublished\":\"2018-04-16T16:55:25+00:00\",\"mainEntityOfPage\":{\"@id\":\"https:\/\/www.pressenza.com\/it\/2018\/04\/discorso-dodio-la-campagna-elettorale-amnesty-787-segnalazioni-raccolte-23-giorni-piu-1-messaggio-allora\/\"},\"wordCount\":760,\"publisher\":{\"@id\":\"https:\/\/www.pressenza.com\/it\/#organization\"},\"image\":{\"@id\":\"https:\/\/www.pressenza.com\/it\/2018\/04\/discorso-dodio-la-campagna-elettorale-amnesty-787-segnalazioni-raccolte-23-giorni-piu-1-messaggio-allora\/#primaryimage\"},\"thumbnailUrl\":\"https:\/\/www.pressenza.com\/wp-content\/uploads\/2018\/04\/Schermata-2018-04-16-alle-18.48.18.png\",\"keywords\":[\"Amnesty International Italia\",\"Barometro dell'odio\",\"campagna elettorale\",\"odio\"],\"articleSection\":[\"Comunicati Stampa\",\"Europa\",\"Non discriminazione\"],\"inLanguage\":\"it-IT\"},{\"@type\":\"WebPage\",\"@id\":\"https:\/\/www.pressenza.com\/it\/2018\/04\/discorso-dodio-la-campagna-elettorale-amnesty-787-segnalazioni-raccolte-23-giorni-piu-1-messaggio-allora\/\",\"url\":\"https:\/\/www.pressenza.com\/it\/2018\/04\/discorso-dodio-la-campagna-elettorale-amnesty-787-segnalazioni-raccolte-23-giorni-piu-1-messaggio-allora\/\",\"name\":\"Discorso d'odio durante la campagna elettorale, Amnesty: 787 segnalazioni raccolte in 23 giorni, pi\u00f9 di 1 messaggio all'ora\",\"isPartOf\":{\"@id\":\"https:\/\/www.pressenza.com\/it\/#website\"},\"primaryImageOfPage\":{\"@id\":\"https:\/\/www.pressenza.com\/it\/2018\/04\/discorso-dodio-la-campagna-elettorale-amnesty-787-segnalazioni-raccolte-23-giorni-piu-1-messaggio-allora\/#primaryimage\"},\"image\":{\"@id\":\"https:\/\/www.pressenza.com\/it\/2018\/04\/discorso-dodio-la-campagna-elettorale-amnesty-787-segnalazioni-raccolte-23-giorni-piu-1-messaggio-allora\/#primaryimage\"},\"thumbnailUrl\":\"https:\/\/www.pressenza.com\/wp-content\/uploads\/2018\/04\/Schermata-2018-04-16-alle-18.48.18.png\",\"datePublished\":\"2018-04-16T16:55:25+00:00\",\"description\":\"Discorso d'odio durante la campagna elettorale. Amnesty International pubblica le conclusioni del \\\"barometro dell'odio\\\": 787 segnalazioni raccolte in 23\",\"breadcrumb\":{\"@id\":\"https:\/\/www.pressenza.com\/it\/2018\/04\/discorso-dodio-la-campagna-elettorale-amnesty-787-segnalazioni-raccolte-23-giorni-piu-1-messaggio-allora\/#breadcrumb\"},\"inLanguage\":\"it-IT\",\"potentialAction\":[{\"@type\":\"ReadAction\",\"target\":[\"https:\/\/www.pressenza.com\/it\/2018\/04\/discorso-dodio-la-campagna-elettorale-amnesty-787-segnalazioni-raccolte-23-giorni-piu-1-messaggio-allora\/\"]}]},{\"@type\":\"ImageObject\",\"inLanguage\":\"it-IT\",\"@id\":\"https:\/\/www.pressenza.com\/it\/2018\/04\/discorso-dodio-la-campagna-elettorale-amnesty-787-segnalazioni-raccolte-23-giorni-piu-1-messaggio-allora\/#primaryimage\",\"url\":\"https:\/\/www.pressenza.com\/wp-content\/uploads\/2018\/04\/Schermata-2018-04-16-alle-18.48.18.png\",\"contentUrl\":\"https:\/\/www.pressenza.com\/wp-content\/uploads\/2018\/04\/Schermata-2018-04-16-alle-18.48.18.png\",\"width\":1352,\"height\":501},{\"@type\":\"BreadcrumbList\",\"@id\":\"https:\/\/www.pressenza.com\/it\/2018\/04\/discorso-dodio-la-campagna-elettorale-amnesty-787-segnalazioni-raccolte-23-giorni-piu-1-messaggio-allora\/#breadcrumb\",\"itemListElement\":[{\"@type\":\"ListItem\",\"position\":1,\"name\":\"Accueil\",\"item\":\"https:\/\/www.pressenza.com\/it\/\"},{\"@type\":\"ListItem\",\"position\":2,\"name\":\"Discorso d&#8217;odio durante la campagna elettorale, Amnesty: 787 segnalazioni raccolte in 23 giorni, pi\u00f9 di 1 messaggio all&#8217;ora\"}]},{\"@type\":\"WebSite\",\"@id\":\"https:\/\/www.pressenza.com\/it\/#website\",\"url\":\"https:\/\/www.pressenza.com\/it\/\",\"name\":\"Pressenza\",\"description\":\"Agenzia di Stampa Internazionale\",\"publisher\":{\"@id\":\"https:\/\/www.pressenza.com\/it\/#organization\"},\"potentialAction\":[{\"@type\":\"SearchAction\",\"target\":{\"@type\":\"EntryPoint\",\"urlTemplate\":\"https:\/\/www.pressenza.com\/it\/?s={search_term_string}\"},\"query-input\":{\"@type\":\"PropertyValueSpecification\",\"valueRequired\":true,\"valueName\":\"search_term_string\"}}],\"inLanguage\":\"it-IT\"},{\"@type\":\"Organization\",\"@id\":\"https:\/\/www.pressenza.com\/it\/#organization\",\"name\":\"Pressenza\",\"url\":\"https:\/\/www.pressenza.com\/it\/\",\"logo\":{\"@type\":\"ImageObject\",\"inLanguage\":\"it-IT\",\"@id\":\"https:\/\/www.pressenza.com\/it\/#\/schema\/logo\/image\/\",\"url\":\"https:\/\/www.pressenza.com\/wp-content\/uploads\/2022\/10\/pressenza_logo_200x200.jpg\",\"contentUrl\":\"https:\/\/www.pressenza.com\/wp-content\/uploads\/2022\/10\/pressenza_logo_200x200.jpg\",\"width\":200,\"height\":200,\"caption\":\"Pressenza\"},\"image\":{\"@id\":\"https:\/\/www.pressenza.com\/it\/#\/schema\/logo\/image\/\"},\"sameAs\":[\"https:\/\/www.facebook.com\/PressenzaItalia\",\"https:\/\/x.com\/PressenzaIPA\"]},{\"@type\":\"Person\",\"@id\":\"https:\/\/www.pressenza.com\/it\/#\/schema\/person\/9b981b05c7ecf09292e6acb3223b2d9d\",\"name\":\"Amnesty International\",\"description\":\"Amnesty International is a global movement of more than 3 million supporters, members and activists in over 150 countries and territories who campaign to end grave abuses of human rights. Our vision is for every person to enjoy all the rights enshrined in the Universal Declaration of Human Rights and other international human rights standards. www.amnesty.org\",\"sameAs\":[\"http:\/\/www.amnesty.it\",\"https:\/\/www.facebook.com\/amnestyglobal\",\"https:\/\/x.com\/amnesty\"],\"url\":\"https:\/\/www.pressenza.com\/it\/author\/amnesty-international\/\"}]}<\/script>\n<!-- \/ Yoast SEO plugin. -->","yoast_head_json":{"title":"Discorso d'odio durante la campagna elettorale, Amnesty: 787 segnalazioni raccolte in 23 giorni, pi\u00f9 di 1 messaggio all'ora","description":"Discorso d'odio durante la campagna elettorale. Amnesty International pubblica le conclusioni del \"barometro dell'odio\": 787 segnalazioni raccolte in 23","robots":{"index":"index","follow":"follow","max-snippet":"max-snippet:-1","max-image-preview":"max-image-preview:large","max-video-preview":"max-video-preview:-1"},"canonical":"https:\/\/www.pressenza.com\/it\/2018\/04\/discorso-dodio-la-campagna-elettorale-amnesty-787-segnalazioni-raccolte-23-giorni-piu-1-messaggio-allora\/","og_locale":"it_IT","og_type":"article","og_title":"Discorso d'odio durante la campagna elettorale, Amnesty: 787 segnalazioni raccolte in 23 giorni, pi\u00f9 di 1 messaggio all'ora","og_description":"Discorso d'odio durante la campagna elettorale. Amnesty International pubblica le conclusioni del \"barometro dell'odio\": 787 segnalazioni raccolte in 23","og_url":"https:\/\/www.pressenza.com\/it\/2018\/04\/discorso-dodio-la-campagna-elettorale-amnesty-787-segnalazioni-raccolte-23-giorni-piu-1-messaggio-allora\/","og_site_name":"Pressenza","article_publisher":"https:\/\/www.facebook.com\/PressenzaItalia","article_author":"https:\/\/www.facebook.com\/amnestyglobal","article_published_time":"2018-04-16T16:55:25+00:00","og_image":[{"width":1352,"height":501,"url":"https:\/\/www.pressenza.com\/wp-content\/uploads\/2018\/04\/Schermata-2018-04-16-alle-18.48.18.png","type":"image\/png"}],"author":"Amnesty International","twitter_card":"summary_large_image","twitter_creator":"@amnesty","twitter_site":"@PressenzaIPA","twitter_misc":{"Scritto da":"Amnesty International","Tempo di lettura stimato":"4 minuti"},"schema":{"@context":"https:\/\/schema.org","@graph":[{"@type":"Article","@id":"https:\/\/www.pressenza.com\/it\/2018\/04\/discorso-dodio-la-campagna-elettorale-amnesty-787-segnalazioni-raccolte-23-giorni-piu-1-messaggio-allora\/#article","isPartOf":{"@id":"https:\/\/www.pressenza.com\/it\/2018\/04\/discorso-dodio-la-campagna-elettorale-amnesty-787-segnalazioni-raccolte-23-giorni-piu-1-messaggio-allora\/"},"author":{"name":"Amnesty International","@id":"https:\/\/www.pressenza.com\/it\/#\/schema\/person\/9b981b05c7ecf09292e6acb3223b2d9d"},"headline":"Discorso d&#8217;odio durante la campagna elettorale, Amnesty: 787 segnalazioni raccolte in 23 giorni, pi\u00f9 di 1 messaggio all&#8217;ora","datePublished":"2018-04-16T16:55:25+00:00","mainEntityOfPage":{"@id":"https:\/\/www.pressenza.com\/it\/2018\/04\/discorso-dodio-la-campagna-elettorale-amnesty-787-segnalazioni-raccolte-23-giorni-piu-1-messaggio-allora\/"},"wordCount":760,"publisher":{"@id":"https:\/\/www.pressenza.com\/it\/#organization"},"image":{"@id":"https:\/\/www.pressenza.com\/it\/2018\/04\/discorso-dodio-la-campagna-elettorale-amnesty-787-segnalazioni-raccolte-23-giorni-piu-1-messaggio-allora\/#primaryimage"},"thumbnailUrl":"https:\/\/www.pressenza.com\/wp-content\/uploads\/2018\/04\/Schermata-2018-04-16-alle-18.48.18.png","keywords":["Amnesty International Italia","Barometro dell'odio","campagna elettorale","odio"],"articleSection":["Comunicati Stampa","Europa","Non discriminazione"],"inLanguage":"it-IT"},{"@type":"WebPage","@id":"https:\/\/www.pressenza.com\/it\/2018\/04\/discorso-dodio-la-campagna-elettorale-amnesty-787-segnalazioni-raccolte-23-giorni-piu-1-messaggio-allora\/","url":"https:\/\/www.pressenza.com\/it\/2018\/04\/discorso-dodio-la-campagna-elettorale-amnesty-787-segnalazioni-raccolte-23-giorni-piu-1-messaggio-allora\/","name":"Discorso d'odio durante la campagna elettorale, Amnesty: 787 segnalazioni raccolte in 23 giorni, pi\u00f9 di 1 messaggio all'ora","isPartOf":{"@id":"https:\/\/www.pressenza.com\/it\/#website"},"primaryImageOfPage":{"@id":"https:\/\/www.pressenza.com\/it\/2018\/04\/discorso-dodio-la-campagna-elettorale-amnesty-787-segnalazioni-raccolte-23-giorni-piu-1-messaggio-allora\/#primaryimage"},"image":{"@id":"https:\/\/www.pressenza.com\/it\/2018\/04\/discorso-dodio-la-campagna-elettorale-amnesty-787-segnalazioni-raccolte-23-giorni-piu-1-messaggio-allora\/#primaryimage"},"thumbnailUrl":"https:\/\/www.pressenza.com\/wp-content\/uploads\/2018\/04\/Schermata-2018-04-16-alle-18.48.18.png","datePublished":"2018-04-16T16:55:25+00:00","description":"Discorso d'odio durante la campagna elettorale. Amnesty International pubblica le conclusioni del \"barometro dell'odio\": 787 segnalazioni raccolte in 23","breadcrumb":{"@id":"https:\/\/www.pressenza.com\/it\/2018\/04\/discorso-dodio-la-campagna-elettorale-amnesty-787-segnalazioni-raccolte-23-giorni-piu-1-messaggio-allora\/#breadcrumb"},"inLanguage":"it-IT","potentialAction":[{"@type":"ReadAction","target":["https:\/\/www.pressenza.com\/it\/2018\/04\/discorso-dodio-la-campagna-elettorale-amnesty-787-segnalazioni-raccolte-23-giorni-piu-1-messaggio-allora\/"]}]},{"@type":"ImageObject","inLanguage":"it-IT","@id":"https:\/\/www.pressenza.com\/it\/2018\/04\/discorso-dodio-la-campagna-elettorale-amnesty-787-segnalazioni-raccolte-23-giorni-piu-1-messaggio-allora\/#primaryimage","url":"https:\/\/www.pressenza.com\/wp-content\/uploads\/2018\/04\/Schermata-2018-04-16-alle-18.48.18.png","contentUrl":"https:\/\/www.pressenza.com\/wp-content\/uploads\/2018\/04\/Schermata-2018-04-16-alle-18.48.18.png","width":1352,"height":501},{"@type":"BreadcrumbList","@id":"https:\/\/www.pressenza.com\/it\/2018\/04\/discorso-dodio-la-campagna-elettorale-amnesty-787-segnalazioni-raccolte-23-giorni-piu-1-messaggio-allora\/#breadcrumb","itemListElement":[{"@type":"ListItem","position":1,"name":"Accueil","item":"https:\/\/www.pressenza.com\/it\/"},{"@type":"ListItem","position":2,"name":"Discorso d&#8217;odio durante la campagna elettorale, Amnesty: 787 segnalazioni raccolte in 23 giorni, pi\u00f9 di 1 messaggio all&#8217;ora"}]},{"@type":"WebSite","@id":"https:\/\/www.pressenza.com\/it\/#website","url":"https:\/\/www.pressenza.com\/it\/","name":"Pressenza","description":"Agenzia di Stampa Internazionale","publisher":{"@id":"https:\/\/www.pressenza.com\/it\/#organization"},"potentialAction":[{"@type":"SearchAction","target":{"@type":"EntryPoint","urlTemplate":"https:\/\/www.pressenza.com\/it\/?s={search_term_string}"},"query-input":{"@type":"PropertyValueSpecification","valueRequired":true,"valueName":"search_term_string"}}],"inLanguage":"it-IT"},{"@type":"Organization","@id":"https:\/\/www.pressenza.com\/it\/#organization","name":"Pressenza","url":"https:\/\/www.pressenza.com\/it\/","logo":{"@type":"ImageObject","inLanguage":"it-IT","@id":"https:\/\/www.pressenza.com\/it\/#\/schema\/logo\/image\/","url":"https:\/\/www.pressenza.com\/wp-content\/uploads\/2022\/10\/pressenza_logo_200x200.jpg","contentUrl":"https:\/\/www.pressenza.com\/wp-content\/uploads\/2022\/10\/pressenza_logo_200x200.jpg","width":200,"height":200,"caption":"Pressenza"},"image":{"@id":"https:\/\/www.pressenza.com\/it\/#\/schema\/logo\/image\/"},"sameAs":["https:\/\/www.facebook.com\/PressenzaItalia","https:\/\/x.com\/PressenzaIPA"]},{"@type":"Person","@id":"https:\/\/www.pressenza.com\/it\/#\/schema\/person\/9b981b05c7ecf09292e6acb3223b2d9d","name":"Amnesty International","description":"Amnesty International is a global movement of more than 3 million supporters, members and activists in over 150 countries and territories who campaign to end grave abuses of human rights. Our vision is for every person to enjoy all the rights enshrined in the Universal Declaration of Human Rights and other international human rights standards. www.amnesty.org","sameAs":["http:\/\/www.amnesty.it","https:\/\/www.facebook.com\/amnestyglobal","https:\/\/x.com\/amnesty"],"url":"https:\/\/www.pressenza.com\/it\/author\/amnesty-international\/"}]}},"place":"","original_article_url":"","_links":{"self":[{"href":"https:\/\/www.pressenza.com\/it\/wp-json\/wp\/v2\/posts\/626457","targetHints":{"allow":["GET"]}}],"collection":[{"href":"https:\/\/www.pressenza.com\/it\/wp-json\/wp\/v2\/posts"}],"about":[{"href":"https:\/\/www.pressenza.com\/it\/wp-json\/wp\/v2\/types\/post"}],"author":[{"embeddable":true,"href":"https:\/\/www.pressenza.com\/it\/wp-json\/wp\/v2\/users\/432"}],"replies":[{"embeddable":true,"href":"https:\/\/www.pressenza.com\/it\/wp-json\/wp\/v2\/comments?post=626457"}],"version-history":[{"count":0,"href":"https:\/\/www.pressenza.com\/it\/wp-json\/wp\/v2\/posts\/626457\/revisions"}],"wp:featuredmedia":[{"embeddable":true,"href":"https:\/\/www.pressenza.com\/it\/wp-json\/wp\/v2\/media\/626458"}],"wp:attachment":[{"href":"https:\/\/www.pressenza.com\/it\/wp-json\/wp\/v2\/media?parent=626457"}],"wp:term":[{"taxonomy":"category","embeddable":true,"href":"https:\/\/www.pressenza.com\/it\/wp-json\/wp\/v2\/categories?post=626457"},{"taxonomy":"post_tag","embeddable":true,"href":"https:\/\/www.pressenza.com\/it\/wp-json\/wp\/v2\/tags?post=626457"}],"curies":[{"name":"wp","href":"https:\/\/api.w.org\/{rel}","templated":true}]}}