{"id":625757,"date":"2018-04-15T13:59:45","date_gmt":"2018-04-15T12:59:45","guid":{"rendered":"https:\/\/www.pressenza.com\/?p=625757"},"modified":"2018-04-15T13:59:45","modified_gmt":"2018-04-15T12:59:45","slug":"fermare-la-guerra-la-catastrofe-tutti-ci-sommerga-conferenza-viterbo","status":"publish","type":"post","link":"https:\/\/www.pressenza.com\/it\/2018\/04\/fermare-la-guerra-la-catastrofe-tutti-ci-sommerga-conferenza-viterbo\/","title":{"rendered":"&#8220;Fermare la guerra prima che la catastrofe tutti ci sommerga&#8221;. una conferenza a Viterbo"},"content":{"rendered":"<p>La mattina di domenica 15 aprile 2018 a Viterbo il responsabile del &#8220;Centro di ricerca per la pace e i diritti umani&#8221; ha tenuto una conferenza presso la sede della storica struttura nonviolenta sul tema: &#8220;Fermare la guerra prima che la catastrofe tutti ci sommerga&#8221;.<br \/>\n*<br \/>\nDopo aver ricostruito le radici prossime e remote della tragica crisi attuale, ed aver evidenziato la complessit\u00e0 della situazione e denunciato le menzogne delle propagande dei vari soggetti stragisti coinvolti nelle guerre come nel sostegno a dittature e terrorismo, sono stati proposti alcuni punti fermi che dovrebbero guidare una politica internazionale di pace, di difesa dei diritti umani, di promozione della democrazia.<br \/>\nPrimo: l&#8217;opposizione assoluta alla guerra, alle stragi e alle uccisioni; cos\u00ec come stabilisce la Costituzione italiana che &#8220;ripudia la guerra&#8221;.<br \/>\nSecondo: il disarmo come &#8220;conditio sine qua non&#8221; per salvare innumerevoli vite umane.<br \/>\nTerzo: la smilitarizzazione come &#8220;conditio sine qua non&#8221; per soluzioni diplomatiche delle crisi internazionali e come prerequisito per una gestione civile e democratica dei conflitti politici, economici, sociali, culturali.<br \/>\nQuarto: il rispetto delle diversit\u00e0 fondato sul riconoscimento universale dell&#8217;eguaglianza di dignit\u00e0 e diritti di tutti gli esseri umani.<br \/>\nQuinto: il nesso tra lotta ai regimi totalitari e lotta per la giustizia sociale, con una gestione delle risorse che a tutti i popoli ed a tutte le persone riconosca ed inveri eguale diritto al benessere e che garantisca rispetto e risanamento della biosfera.<br \/>\nSesto: il riconoscimento che vi \u00e8 una sola umanit\u00e0 in quest&#8217;unico mondo vivente casa comune dell&#8217;umanit\u00e0 intera; che un unico destino tutti ci unisce; che la norma dell&#8217;umano vivere deve essere l&#8217;universale solidariet\u00e0.<br \/>\nSettimo: la scelta della nonviolenza come metodo d&#8217;azione e come forma di organizzazione politica, economica e sociale. Dopo millenni in cui l&#8217;organizzazione delle societ\u00e0 umane si \u00e8 fondata prevalentemente sull&#8217;esercizio della violenza \u00e8 indispensabile che prevalga la civilt\u00e0 fondata sulla solidariet\u00e0 fra tutti gli esseri umani. In questo tempo in cui insensati e scellerati poteri dispongono ormai di tecnologie in grado di distruggere l&#8217;umanit\u00e0 intera, \u00e8 giunta l&#8217;ora che l&#8217;umanit\u00e0 abbandoni la via della violenza che porta al comune suicidio e scelga finalmente la via della nonviolenza che tutte le grandi tradizioni di pensiero e tutte le grandi esperienze di civilt\u00e0 indicano come necessaria.<br \/>\n*<br \/>\nConcludendo la sua conferenza il responsabile della struttura nonviolenta viterbese ha ancora una volta insistito su alcuni obiettivi specifici.<br \/>\n&#8220;Allo stato italiano chiediamo scelte coerenti con la Costituzione repubblicana, con la Dichiarazione universale dei diritti umani e col comune sentire delle genti: scelte di pace, di disarmo e di smilitarizzazione; scelte di responsabilit\u00e0 e di solidariet\u00e0; un impegno a salvare le vite umane opponendosi a tutte le guerre; un impegno a salvare le vite umane soccorrendo, accogliendo e assistendo tutte le persone bisognose di aiuto; ed in particolare e innanzitutto:<br \/>\n1. che l&#8217;Italia sottoscriva e ratifichi il Trattato Onu per la proibizione delle armi nucleari del 7 luglio 2017;<br \/>\n2. che l&#8217;Italia cessi di fornire armi a regimi che violano i diritti umani e conducono guerre;<br \/>\n3. che l&#8217;Italia cessi di partecipare a operazioni ed alleanze finalizzate alla guerra;<br \/>\n4. che l&#8217;Italia adotti due provvedimenti indispensabili per far cessare le stragi nel Mediterraneo e la schiavit\u00f9 nel nostro paese: riconoscere a tutti gli esseri umani il diritto di giungere nel nostro paese in modo legale e sicuro; riconoscere il diritto di voto a tutte le persone che vivono nel nostro paese&#8221;.<br \/>\n*<br \/>\nOgni vittima ha il volto di Abele.<br \/>\nIl primo dovere di ogni essere umano e di ogni umano istituto \u00e8 salvare le vite.<br \/>\nO l&#8217;umanit\u00e0 abolir\u00e0 la guerra, o la guerra estinguer\u00e0 l&#8217;umanit\u00e0.<\/p>\n<p>&nbsp;<\/p>\n","protected":false},"excerpt":{"rendered":"<p>La mattina di domenica 15 aprile 2018 a Viterbo il responsabile del &#8220;Centro di ricerca per la pace e i diritti umani&#8221; ha tenuto una conferenza presso la sede della storica struttura nonviolenta sul tema: &#8220;Fermare la guerra prima che&hellip;<\/p>\n","protected":false},"author":457,"featured_media":625770,"comment_status":"closed","ping_status":"closed","sticky":false,"template":"","format":"standard","meta":{"footnotes":""},"categories":[150,162,1263],"tags":[45210,4318,365,294,4315,234],"class_list":["post-625757","post","type-post","status-publish","format-standard","has-post-thumbnail","hentry","category-comunicati-stampa","category-opinioni","category-pace-disarmo","tag-attacco-missilistico","tag-centro-di-ricerca-per-la-pace-e-i-diritti-umani","tag-guerra","tag-pace","tag-peppe-sini","tag-siria-it"],"yoast_head":"<!-- This site is optimized with the Yoast SEO plugin v27.1.1 - https:\/\/yoast.com\/product\/yoast-seo-wordpress\/ -->\n<title>&quot;Fermare la guerra prima che la catastrofe tutti ci sommerga&quot;. una conferenza a Viterbo<\/title>\n<meta name=\"description\" content=\"La mattina di domenica 15 aprile 2018 a Viterbo il responsabile del &quot;Centro di ricerca per la pace e i diritti umani&quot; ha tenuto una conferenza presso la\" \/>\n<meta name=\"robots\" content=\"index, follow, max-snippet:-1, max-image-preview:large, max-video-preview:-1\" \/>\n<link rel=\"canonical\" href=\"https:\/\/www.pressenza.com\/it\/2018\/04\/fermare-la-guerra-la-catastrofe-tutti-ci-sommerga-conferenza-viterbo\/\" \/>\n<meta property=\"og:locale\" content=\"it_IT\" \/>\n<meta property=\"og:type\" content=\"article\" \/>\n<meta property=\"og:title\" content=\"&quot;Fermare la guerra prima che la catastrofe tutti ci sommerga&quot;. una conferenza a Viterbo\" \/>\n<meta property=\"og:description\" content=\"La mattina di domenica 15 aprile 2018 a Viterbo il responsabile del &quot;Centro di ricerca per la pace e i diritti umani&quot; ha tenuto una conferenza presso la\" \/>\n<meta property=\"og:url\" content=\"https:\/\/www.pressenza.com\/it\/2018\/04\/fermare-la-guerra-la-catastrofe-tutti-ci-sommerga-conferenza-viterbo\/\" \/>\n<meta property=\"og:site_name\" content=\"Pressenza\" \/>\n<meta property=\"article:publisher\" content=\"https:\/\/www.facebook.com\/PressenzaItalia\" \/>\n<meta property=\"article:published_time\" content=\"2018-04-15T12:59:45+00:00\" \/>\n<meta property=\"og:image\" content=\"https:\/\/www.pressenza.com\/wp-content\/uploads\/2018\/04\/peppesiniincontroVT.jpg\" \/>\n\t<meta property=\"og:image:width\" content=\"713\" \/>\n\t<meta property=\"og:image:height\" content=\"535\" \/>\n\t<meta property=\"og:image:type\" content=\"image\/jpeg\" \/>\n<meta name=\"author\" content=\"Peppe Sini\" \/>\n<meta name=\"twitter:card\" content=\"summary_large_image\" \/>\n<meta name=\"twitter:creator\" content=\"@PressenzaIPA\" \/>\n<meta name=\"twitter:site\" content=\"@PressenzaIPA\" \/>\n<meta name=\"twitter:label1\" content=\"Scritto da\" \/>\n\t<meta name=\"twitter:data1\" content=\"Peppe Sini\" \/>\n\t<meta name=\"twitter:label2\" content=\"Tempo di lettura stimato\" \/>\n\t<meta name=\"twitter:data2\" content=\"3 minuti\" \/>\n<script type=\"application\/ld+json\" class=\"yoast-schema-graph\">{\"@context\":\"https:\/\/schema.org\",\"@graph\":[{\"@type\":\"Article\",\"@id\":\"https:\/\/www.pressenza.com\/it\/2018\/04\/fermare-la-guerra-la-catastrofe-tutti-ci-sommerga-conferenza-viterbo\/#article\",\"isPartOf\":{\"@id\":\"https:\/\/www.pressenza.com\/it\/2018\/04\/fermare-la-guerra-la-catastrofe-tutti-ci-sommerga-conferenza-viterbo\/\"},\"author\":{\"name\":\"Peppe Sini\",\"@id\":\"https:\/\/www.pressenza.com\/it\/#\/schema\/person\/3836c97be58c0a429fb8ca24bf5062e8\"},\"headline\":\"&#8220;Fermare la guerra prima che la catastrofe tutti ci sommerga&#8221;. una conferenza a Viterbo\",\"datePublished\":\"2018-04-15T12:59:45+00:00\",\"mainEntityOfPage\":{\"@id\":\"https:\/\/www.pressenza.com\/it\/2018\/04\/fermare-la-guerra-la-catastrofe-tutti-ci-sommerga-conferenza-viterbo\/\"},\"wordCount\":613,\"publisher\":{\"@id\":\"https:\/\/www.pressenza.com\/it\/#organization\"},\"image\":{\"@id\":\"https:\/\/www.pressenza.com\/it\/2018\/04\/fermare-la-guerra-la-catastrofe-tutti-ci-sommerga-conferenza-viterbo\/#primaryimage\"},\"thumbnailUrl\":\"https:\/\/www.pressenza.com\/wp-content\/uploads\/2018\/04\/peppesiniincontroVT.jpg\",\"keywords\":[\"attacco missilistico\",\"Centro di ricerca per la pace e i diritti umani\",\"guerra\",\"Pace\",\"Peppe Sini\",\"Siria\"],\"articleSection\":[\"Comunicati Stampa\",\"Opinioni\",\"Pace e Disarmo\"],\"inLanguage\":\"it-IT\"},{\"@type\":\"WebPage\",\"@id\":\"https:\/\/www.pressenza.com\/it\/2018\/04\/fermare-la-guerra-la-catastrofe-tutti-ci-sommerga-conferenza-viterbo\/\",\"url\":\"https:\/\/www.pressenza.com\/it\/2018\/04\/fermare-la-guerra-la-catastrofe-tutti-ci-sommerga-conferenza-viterbo\/\",\"name\":\"\\\"Fermare la guerra prima che la catastrofe tutti ci sommerga\\\". una conferenza a Viterbo\",\"isPartOf\":{\"@id\":\"https:\/\/www.pressenza.com\/it\/#website\"},\"primaryImageOfPage\":{\"@id\":\"https:\/\/www.pressenza.com\/it\/2018\/04\/fermare-la-guerra-la-catastrofe-tutti-ci-sommerga-conferenza-viterbo\/#primaryimage\"},\"image\":{\"@id\":\"https:\/\/www.pressenza.com\/it\/2018\/04\/fermare-la-guerra-la-catastrofe-tutti-ci-sommerga-conferenza-viterbo\/#primaryimage\"},\"thumbnailUrl\":\"https:\/\/www.pressenza.com\/wp-content\/uploads\/2018\/04\/peppesiniincontroVT.jpg\",\"datePublished\":\"2018-04-15T12:59:45+00:00\",\"description\":\"La mattina di domenica 15 aprile 2018 a Viterbo il responsabile del \\\"Centro di ricerca per la pace e i diritti umani\\\" ha tenuto una conferenza presso la\",\"breadcrumb\":{\"@id\":\"https:\/\/www.pressenza.com\/it\/2018\/04\/fermare-la-guerra-la-catastrofe-tutti-ci-sommerga-conferenza-viterbo\/#breadcrumb\"},\"inLanguage\":\"it-IT\",\"potentialAction\":[{\"@type\":\"ReadAction\",\"target\":[\"https:\/\/www.pressenza.com\/it\/2018\/04\/fermare-la-guerra-la-catastrofe-tutti-ci-sommerga-conferenza-viterbo\/\"]}]},{\"@type\":\"ImageObject\",\"inLanguage\":\"it-IT\",\"@id\":\"https:\/\/www.pressenza.com\/it\/2018\/04\/fermare-la-guerra-la-catastrofe-tutti-ci-sommerga-conferenza-viterbo\/#primaryimage\",\"url\":\"https:\/\/www.pressenza.com\/wp-content\/uploads\/2018\/04\/peppesiniincontroVT.jpg\",\"contentUrl\":\"https:\/\/www.pressenza.com\/wp-content\/uploads\/2018\/04\/peppesiniincontroVT.jpg\",\"width\":713,\"height\":535},{\"@type\":\"BreadcrumbList\",\"@id\":\"https:\/\/www.pressenza.com\/it\/2018\/04\/fermare-la-guerra-la-catastrofe-tutti-ci-sommerga-conferenza-viterbo\/#breadcrumb\",\"itemListElement\":[{\"@type\":\"ListItem\",\"position\":1,\"name\":\"Accueil\",\"item\":\"https:\/\/www.pressenza.com\/it\/\"},{\"@type\":\"ListItem\",\"position\":2,\"name\":\"&#8220;Fermare la guerra prima che la catastrofe tutti ci sommerga&#8221;. una conferenza a Viterbo\"}]},{\"@type\":\"WebSite\",\"@id\":\"https:\/\/www.pressenza.com\/it\/#website\",\"url\":\"https:\/\/www.pressenza.com\/it\/\",\"name\":\"Pressenza\",\"description\":\"Agenzia di Stampa Internazionale\",\"publisher\":{\"@id\":\"https:\/\/www.pressenza.com\/it\/#organization\"},\"potentialAction\":[{\"@type\":\"SearchAction\",\"target\":{\"@type\":\"EntryPoint\",\"urlTemplate\":\"https:\/\/www.pressenza.com\/it\/?s={search_term_string}\"},\"query-input\":{\"@type\":\"PropertyValueSpecification\",\"valueRequired\":true,\"valueName\":\"search_term_string\"}}],\"inLanguage\":\"it-IT\"},{\"@type\":\"Organization\",\"@id\":\"https:\/\/www.pressenza.com\/it\/#organization\",\"name\":\"Pressenza\",\"url\":\"https:\/\/www.pressenza.com\/it\/\",\"logo\":{\"@type\":\"ImageObject\",\"inLanguage\":\"it-IT\",\"@id\":\"https:\/\/www.pressenza.com\/it\/#\/schema\/logo\/image\/\",\"url\":\"https:\/\/www.pressenza.com\/wp-content\/uploads\/2022\/10\/pressenza_logo_200x200.jpg\",\"contentUrl\":\"https:\/\/www.pressenza.com\/wp-content\/uploads\/2022\/10\/pressenza_logo_200x200.jpg\",\"width\":200,\"height\":200,\"caption\":\"Pressenza\"},\"image\":{\"@id\":\"https:\/\/www.pressenza.com\/it\/#\/schema\/logo\/image\/\"},\"sameAs\":[\"https:\/\/www.facebook.com\/PressenzaItalia\",\"https:\/\/x.com\/PressenzaIPA\"]},{\"@type\":\"Person\",\"@id\":\"https:\/\/www.pressenza.com\/it\/#\/schema\/person\/3836c97be58c0a429fb8ca24bf5062e8\",\"name\":\"Peppe Sini\",\"description\":\"Responsabile del Centro di Ricerca per la Pace di Viterbo.\",\"url\":\"https:\/\/www.pressenza.com\/it\/author\/peppe-sini\/\"}]}<\/script>\n<!-- \/ Yoast SEO plugin. -->","yoast_head_json":{"title":"\"Fermare la guerra prima che la catastrofe tutti ci sommerga\". una conferenza a Viterbo","description":"La mattina di domenica 15 aprile 2018 a Viterbo il responsabile del \"Centro di ricerca per la pace e i diritti umani\" ha tenuto una conferenza presso la","robots":{"index":"index","follow":"follow","max-snippet":"max-snippet:-1","max-image-preview":"max-image-preview:large","max-video-preview":"max-video-preview:-1"},"canonical":"https:\/\/www.pressenza.com\/it\/2018\/04\/fermare-la-guerra-la-catastrofe-tutti-ci-sommerga-conferenza-viterbo\/","og_locale":"it_IT","og_type":"article","og_title":"\"Fermare la guerra prima che la catastrofe tutti ci sommerga\". una conferenza a Viterbo","og_description":"La mattina di domenica 15 aprile 2018 a Viterbo il responsabile del \"Centro di ricerca per la pace e i diritti umani\" ha tenuto una conferenza presso la","og_url":"https:\/\/www.pressenza.com\/it\/2018\/04\/fermare-la-guerra-la-catastrofe-tutti-ci-sommerga-conferenza-viterbo\/","og_site_name":"Pressenza","article_publisher":"https:\/\/www.facebook.com\/PressenzaItalia","article_published_time":"2018-04-15T12:59:45+00:00","og_image":[{"width":713,"height":535,"url":"https:\/\/www.pressenza.com\/wp-content\/uploads\/2018\/04\/peppesiniincontroVT.jpg","type":"image\/jpeg"}],"author":"Peppe Sini","twitter_card":"summary_large_image","twitter_creator":"@PressenzaIPA","twitter_site":"@PressenzaIPA","twitter_misc":{"Scritto da":"Peppe Sini","Tempo di lettura stimato":"3 minuti"},"schema":{"@context":"https:\/\/schema.org","@graph":[{"@type":"Article","@id":"https:\/\/www.pressenza.com\/it\/2018\/04\/fermare-la-guerra-la-catastrofe-tutti-ci-sommerga-conferenza-viterbo\/#article","isPartOf":{"@id":"https:\/\/www.pressenza.com\/it\/2018\/04\/fermare-la-guerra-la-catastrofe-tutti-ci-sommerga-conferenza-viterbo\/"},"author":{"name":"Peppe Sini","@id":"https:\/\/www.pressenza.com\/it\/#\/schema\/person\/3836c97be58c0a429fb8ca24bf5062e8"},"headline":"&#8220;Fermare la guerra prima che la catastrofe tutti ci sommerga&#8221;. una conferenza a Viterbo","datePublished":"2018-04-15T12:59:45+00:00","mainEntityOfPage":{"@id":"https:\/\/www.pressenza.com\/it\/2018\/04\/fermare-la-guerra-la-catastrofe-tutti-ci-sommerga-conferenza-viterbo\/"},"wordCount":613,"publisher":{"@id":"https:\/\/www.pressenza.com\/it\/#organization"},"image":{"@id":"https:\/\/www.pressenza.com\/it\/2018\/04\/fermare-la-guerra-la-catastrofe-tutti-ci-sommerga-conferenza-viterbo\/#primaryimage"},"thumbnailUrl":"https:\/\/www.pressenza.com\/wp-content\/uploads\/2018\/04\/peppesiniincontroVT.jpg","keywords":["attacco missilistico","Centro di ricerca per la pace e i diritti umani","guerra","Pace","Peppe Sini","Siria"],"articleSection":["Comunicati Stampa","Opinioni","Pace e Disarmo"],"inLanguage":"it-IT"},{"@type":"WebPage","@id":"https:\/\/www.pressenza.com\/it\/2018\/04\/fermare-la-guerra-la-catastrofe-tutti-ci-sommerga-conferenza-viterbo\/","url":"https:\/\/www.pressenza.com\/it\/2018\/04\/fermare-la-guerra-la-catastrofe-tutti-ci-sommerga-conferenza-viterbo\/","name":"\"Fermare la guerra prima che la catastrofe tutti ci sommerga\". una conferenza a Viterbo","isPartOf":{"@id":"https:\/\/www.pressenza.com\/it\/#website"},"primaryImageOfPage":{"@id":"https:\/\/www.pressenza.com\/it\/2018\/04\/fermare-la-guerra-la-catastrofe-tutti-ci-sommerga-conferenza-viterbo\/#primaryimage"},"image":{"@id":"https:\/\/www.pressenza.com\/it\/2018\/04\/fermare-la-guerra-la-catastrofe-tutti-ci-sommerga-conferenza-viterbo\/#primaryimage"},"thumbnailUrl":"https:\/\/www.pressenza.com\/wp-content\/uploads\/2018\/04\/peppesiniincontroVT.jpg","datePublished":"2018-04-15T12:59:45+00:00","description":"La mattina di domenica 15 aprile 2018 a Viterbo il responsabile del \"Centro di ricerca per la pace e i diritti umani\" ha tenuto una conferenza presso la","breadcrumb":{"@id":"https:\/\/www.pressenza.com\/it\/2018\/04\/fermare-la-guerra-la-catastrofe-tutti-ci-sommerga-conferenza-viterbo\/#breadcrumb"},"inLanguage":"it-IT","potentialAction":[{"@type":"ReadAction","target":["https:\/\/www.pressenza.com\/it\/2018\/04\/fermare-la-guerra-la-catastrofe-tutti-ci-sommerga-conferenza-viterbo\/"]}]},{"@type":"ImageObject","inLanguage":"it-IT","@id":"https:\/\/www.pressenza.com\/it\/2018\/04\/fermare-la-guerra-la-catastrofe-tutti-ci-sommerga-conferenza-viterbo\/#primaryimage","url":"https:\/\/www.pressenza.com\/wp-content\/uploads\/2018\/04\/peppesiniincontroVT.jpg","contentUrl":"https:\/\/www.pressenza.com\/wp-content\/uploads\/2018\/04\/peppesiniincontroVT.jpg","width":713,"height":535},{"@type":"BreadcrumbList","@id":"https:\/\/www.pressenza.com\/it\/2018\/04\/fermare-la-guerra-la-catastrofe-tutti-ci-sommerga-conferenza-viterbo\/#breadcrumb","itemListElement":[{"@type":"ListItem","position":1,"name":"Accueil","item":"https:\/\/www.pressenza.com\/it\/"},{"@type":"ListItem","position":2,"name":"&#8220;Fermare la guerra prima che la catastrofe tutti ci sommerga&#8221;. una conferenza a Viterbo"}]},{"@type":"WebSite","@id":"https:\/\/www.pressenza.com\/it\/#website","url":"https:\/\/www.pressenza.com\/it\/","name":"Pressenza","description":"Agenzia di Stampa Internazionale","publisher":{"@id":"https:\/\/www.pressenza.com\/it\/#organization"},"potentialAction":[{"@type":"SearchAction","target":{"@type":"EntryPoint","urlTemplate":"https:\/\/www.pressenza.com\/it\/?s={search_term_string}"},"query-input":{"@type":"PropertyValueSpecification","valueRequired":true,"valueName":"search_term_string"}}],"inLanguage":"it-IT"},{"@type":"Organization","@id":"https:\/\/www.pressenza.com\/it\/#organization","name":"Pressenza","url":"https:\/\/www.pressenza.com\/it\/","logo":{"@type":"ImageObject","inLanguage":"it-IT","@id":"https:\/\/www.pressenza.com\/it\/#\/schema\/logo\/image\/","url":"https:\/\/www.pressenza.com\/wp-content\/uploads\/2022\/10\/pressenza_logo_200x200.jpg","contentUrl":"https:\/\/www.pressenza.com\/wp-content\/uploads\/2022\/10\/pressenza_logo_200x200.jpg","width":200,"height":200,"caption":"Pressenza"},"image":{"@id":"https:\/\/www.pressenza.com\/it\/#\/schema\/logo\/image\/"},"sameAs":["https:\/\/www.facebook.com\/PressenzaItalia","https:\/\/x.com\/PressenzaIPA"]},{"@type":"Person","@id":"https:\/\/www.pressenza.com\/it\/#\/schema\/person\/3836c97be58c0a429fb8ca24bf5062e8","name":"Peppe Sini","description":"Responsabile del Centro di Ricerca per la Pace di Viterbo.","url":"https:\/\/www.pressenza.com\/it\/author\/peppe-sini\/"}]}},"place":"","original_article_url":"","_links":{"self":[{"href":"https:\/\/www.pressenza.com\/it\/wp-json\/wp\/v2\/posts\/625757","targetHints":{"allow":["GET"]}}],"collection":[{"href":"https:\/\/www.pressenza.com\/it\/wp-json\/wp\/v2\/posts"}],"about":[{"href":"https:\/\/www.pressenza.com\/it\/wp-json\/wp\/v2\/types\/post"}],"author":[{"embeddable":true,"href":"https:\/\/www.pressenza.com\/it\/wp-json\/wp\/v2\/users\/457"}],"replies":[{"embeddable":true,"href":"https:\/\/www.pressenza.com\/it\/wp-json\/wp\/v2\/comments?post=625757"}],"version-history":[{"count":0,"href":"https:\/\/www.pressenza.com\/it\/wp-json\/wp\/v2\/posts\/625757\/revisions"}],"wp:featuredmedia":[{"embeddable":true,"href":"https:\/\/www.pressenza.com\/it\/wp-json\/wp\/v2\/media\/625770"}],"wp:attachment":[{"href":"https:\/\/www.pressenza.com\/it\/wp-json\/wp\/v2\/media?parent=625757"}],"wp:term":[{"taxonomy":"category","embeddable":true,"href":"https:\/\/www.pressenza.com\/it\/wp-json\/wp\/v2\/categories?post=625757"},{"taxonomy":"post_tag","embeddable":true,"href":"https:\/\/www.pressenza.com\/it\/wp-json\/wp\/v2\/tags?post=625757"}],"curies":[{"name":"wp","href":"https:\/\/api.w.org\/{rel}","templated":true}]}}