{"id":624101,"date":"2018-04-11T20:13:32","date_gmt":"2018-04-11T19:13:32","guid":{"rendered":"https:\/\/www.pressenza.com\/?p=624101"},"modified":"2018-04-11T20:16:00","modified_gmt":"2018-04-11T19:16:00","slug":"missionari-brasile-complotto-lula-attacco-alla-democrazia","status":"publish","type":"post","link":"https:\/\/www.pressenza.com\/it\/2018\/04\/missionari-brasile-complotto-lula-attacco-alla-democrazia\/","title":{"rendered":"Missionari Brasile: \u00abcomplotto contro Lula e attacco alla democrazia\u00bb"},"content":{"rendered":"<p>Quello in atto contro l\u2019ex presidente del Brasile, <strong>Luis Ignacio Lula da Silva<\/strong> \u00ab\u00e8 un complotto. Anzi direi di pi\u00f9: si tratta di un attacco alla democrazia. Il<strong> secondo atto di un colpo di Stato<\/strong> iniziato con l\u2019illegale <strong>destituzione di Dilma Rousseff<\/strong>\u00bb.<\/p>\n<p>A parlare cos\u00ec \u00e8 un <strong>missionario storico<\/strong> della Consolata, <strong>padre Gianfranco Graziola<\/strong>, che al telefono da San Paolo racconta a Popoli e Missione\u00a0il <strong>clima di forte destabilizzazione<\/strong> che vive in queste ore un Brasile scioccato e colpito al cuore dagli eventi.<\/p>\n<p>Ma la richiesta di condanna a\u00a0dodici anni per corruzione e riciclaggio al <strong>77enne <\/strong>leader del Partito dei lavoratori brasiliano potrebbe rivelarsi un <strong>boomerang politico<\/strong>.<\/p>\n<p>\u00abIn questo momento la<strong> popolarit\u00e0<\/strong> di <strong>Lula \u00e8 ai massimi storici<\/strong>: se indicasse un candidato alle presidenziali, credo io, la gente lo voterebbe \u2013 afferma padre Graziola \u2013\u00a0 <strong>I poteri forti<\/strong> (l\u2019oligarchia economica e politica e il mercato finanziario) considerano la <strong>trappola tesa a Lula<\/strong> il completamento di un vero e proprio colpo di Stato. Quel che temo \u00e8 che prima o poi arrivi anche la fase tre: <strong>un golpe militare<\/strong> o comunque<strong> l\u2019ulteriore militarizzazione<\/strong> del <strong>Paese<\/strong>\u00bb.<\/p>\n<blockquote><p>E le avvisaglie ci sono tutte: la repressione violenta dei disordini sociali e l\u2019attacco diretto a chi difende\u00a0il diritto alla terra e i diritti umani sono un campanello d\u2019allarme. L\u2019arresto di padre Amaro, l\u2019attivista dei sem terra, pochi giorni fa, \u00e8 un segnale.<\/p><\/blockquote>\n<p>Il <strong>dato positivo<\/strong> di questa <strong>azione finalizzata <\/strong>\u00aba togliere di mezzo un simbolo <strong>popolare come Lula<\/strong>, \u00e8 che in realt\u00e0 la sua figura non \u00e8 stata intaccata\u00bb, afferma Graziola che \u00e8 anche membro della Commissione Pastorale carceraria.<\/p>\n<blockquote><p>Se \u00e8 vero che il Paese \u00e8 diviso sulla colpevolezza dell\u2019ex sindacalista \u00e8 anche vero che dalla sua parte stanno le masse di poveri e di diseredati, il popolo brasiliano, le comunit\u00e0 di base, la societ\u00e0 civile pi\u00f9 colpita dalle politiche della destra liberista e una buona fetta della Chiesa cattolica,.<\/p><\/blockquote>\n<p>\u00abIn questo momento il <strong>Brasile \u00e8 un Paese spaccato<\/strong> a met\u00e0: dalla parte di Lula c\u2019\u00e8 la maggior parte della gente\u00a0 \u2013 dice anche\u00a0 Sandro Gallazzi, missionario laico da 45 anni in Brasile, che contattiamo al telefono a Bento Gon\u00e7alves, Rio grande do Sul, dove vive \u2013\u00a0 La sensazione generale \u00e8 che ci sia una lotta tra due poli e che <strong>l\u2019arresto di Lula sia arrivato per impedirgli di essere rieletto\u00bb.<\/strong><\/p>\n<p><strong>Sandro Gallazzi dice<\/strong> che \u00e8 quasi impossibile <strong>non credere nell\u2019innocenza di un personaggio<\/strong> politico e sindacale che ha sempre fatto dei diritti degli operai e dei braccianti la sua battaglia personale. Il missionario ci descrive per\u00f2 oggi un Paese in difficolt\u00e0, <strong>preso in ostaggio da forze economiche<\/strong> (\u00abla finanza che avanza e che inghiottisce l\u2019economia reale e la terra\u00bb) e <strong>militari<\/strong>, dove l\u2019esercito e la polizia in chiave repressiva e anti-crimine, stanno prendendo il sopravvento.<\/p>\n<blockquote><p>\u00abSiamo sotto la mannaia di una destra che avanza e che scalza progressivamente il potere residuo del Partito dei lavoratori\u00bb, spiega Gallazzi, membro della <strong>Commisisone pastorale della terra<\/strong> di cui faceva parte la missionaria <strong>Dorothy Stang, uccisa dai latifondisti.<\/strong><\/p><\/blockquote>\n<p><em><strong>La Chiesa locale e i movimenti di base stanno con Lula<\/strong><\/em><\/p>\n<p>Gli fa eco padre Graziola: \u00ab<strong>nessuno \u00e8 senza macchia oggi in Brasile<\/strong>: anche il sistema giudiziario che si descrive come l\u2019unico credibile \u00e8 in realt\u00e0 corrotto. La <strong>Chiesa, con la Conferenza episcopale brasiliana<\/strong>, a breve si esprimer\u00e0 su questo evento dell\u2019arresto, e dovrebbe emettere un documento. Ma gi\u00e0 il vescovo italiano<strong> Adriano Ciocca Vasino<\/strong> e gli altri leader cattolici della diocesi di\u00a0 <strong>S\u00e3o F\u00e9lix do Araguaia<\/strong> hanno divulgato una nota dove scrivono che \u00e8 in corso una \u201cpersecuzione virulenta nei confronti di Lula\u201d.\u00a0<strong> Ma perch\u00e9 avviene tutto questo in Brasile?<\/strong><\/p>\n<p>\u00abLa <strong>Giustizia si sta prestando a un gioco politico<\/strong> \u2013 risponde Gallazzi \u2013 per incastrare l\u2019ex presidente. Lui per\u00f2 \u00e8 riuscito a ribaltare la situazione, a dichiararsi prigioniero politico e perseguitato politico\u00bb.<br \/>\nProbabilmente, affermano entrambi i missionari, l\u2019errore pi\u00f9 grande di Lula, commesso durante gli anni della <strong>sua presidenza (2003-2011)<\/strong> \u00e8 stato quello di \u00abpreferire la governabilit\u00e0 e la conciliazione\u00bb ad un braccio di ferro continuo per le riforme.<\/p>\n<blockquote><p>\u00abHa ceduto a dei compromessi\u00bb, per quieto vivere, dicono i missionari, e soprattutto \u00abnon \u00e8 riuscito a realizzare la tanto attesa riforma agraria per mancanza di maggioranza in parlamento\u00bb.<\/p><\/blockquote>\n<p>Ma <strong>questo sgambetto che indigna tutto il mondo, dice ancora Gallazzi, sar\u00e0 forse la sua rivincita<\/strong>: \u00abIo sono convinto che nessuno in Brasile in coscienza, creda veramente che Lula possa aver commesso crimini legati alla corruzione\u00bb.<\/p>\n<p>E il popolo non lo lascer\u00e0 da solo, tanto pi\u00f9 che l\u2019ex presidente \u00e8 ancora ufficialmente un precandidato all\u2019agone elettorale.<\/p>\n<p><strong><em>di Ilaria De Bonis &#8211; Fondazione Missio<\/em><\/strong><\/p>\n<p><a href=\"https:\/\/www.missioitalia.it\/complotto-contro-lula-e-attacco-alla-democrazia-la-voce-dei-missionari\/\">Qui<\/a> l&#8217;articolo originale<\/p>\n","protected":false},"excerpt":{"rendered":"<p>Quello in atto contro l\u2019ex presidente del Brasile, Luis Ignacio Lula da Silva \u00ab\u00e8 un complotto. Anzi direi di pi\u00f9: si tratta di un attacco alla democrazia. Il secondo atto di un colpo di Stato iniziato con l\u2019illegale destituzione di&hellip;<\/p>\n","protected":false},"author":594,"featured_media":624102,"comment_status":"closed","ping_status":"closed","sticky":false,"template":"","format":"standard","meta":{"footnotes":""},"categories":[162,55,48],"tags":[3993,27231,45111],"class_list":["post-624101","post","type-post","status-publish","format-standard","has-post-thumbnail","hentry","category-opinioni","category-politica","category-sud-america","tag-brasile","tag-lula","tag-missionario"],"yoast_head":"<!-- This site is optimized with the Yoast SEO plugin v27.1.1 - https:\/\/yoast.com\/product\/yoast-seo-wordpress\/ -->\n<title>Missionari Brasile: \u00abcomplotto contro Lula e attacco alla democrazia\u00bb<\/title>\n<meta name=\"description\" content=\"Quello in atto contro l\u2019ex presidente del Brasile, Luis Ignacio Lula da Silva \u00ab\u00e8 un complotto. Anzi direi di pi\u00f9: si tratta di un attacco alla democrazia. Il secondo atto di un colpo di Stato iniziato con l\u2019illegale destituzione di Dilma Rousseff\u00bb\" \/>\n<meta name=\"robots\" content=\"index, follow, max-snippet:-1, max-image-preview:large, max-video-preview:-1\" \/>\n<link rel=\"canonical\" href=\"https:\/\/www.pressenza.com\/it\/2018\/04\/missionari-brasile-complotto-lula-attacco-alla-democrazia\/\" \/>\n<meta property=\"og:locale\" content=\"it_IT\" \/>\n<meta property=\"og:type\" content=\"article\" \/>\n<meta property=\"og:title\" content=\"Missionari Brasile: \u00abcomplotto contro Lula e attacco alla democrazia\u00bb\" \/>\n<meta property=\"og:description\" content=\"Quello in atto contro l\u2019ex presidente del Brasile, Luis Ignacio Lula da Silva \u00ab\u00e8 un complotto. Anzi direi di pi\u00f9: si tratta di un attacco alla democrazia. Il secondo atto di un colpo di Stato iniziato con l\u2019illegale destituzione di Dilma Rousseff\u00bb\" \/>\n<meta property=\"og:url\" content=\"https:\/\/www.pressenza.com\/it\/2018\/04\/missionari-brasile-complotto-lula-attacco-alla-democrazia\/\" \/>\n<meta property=\"og:site_name\" content=\"Pressenza\" \/>\n<meta property=\"article:publisher\" content=\"https:\/\/www.facebook.com\/PressenzaItalia\" \/>\n<meta property=\"article:author\" content=\"https:\/\/www.facebook.com\/PressenzaItalia\" \/>\n<meta property=\"article:published_time\" content=\"2018-04-11T19:13:32+00:00\" \/>\n<meta property=\"article:modified_time\" content=\"2018-04-11T19:16:00+00:00\" \/>\n<meta property=\"og:image\" content=\"https:\/\/www.pressenza.com\/wp-content\/uploads\/2018\/04\/lula-1.jpg\" \/>\n\t<meta property=\"og:image:width\" content=\"839\" \/>\n\t<meta property=\"og:image:height\" content=\"558\" \/>\n\t<meta property=\"og:image:type\" content=\"image\/jpeg\" \/>\n<meta name=\"author\" content=\"Redazione Italia\" \/>\n<meta name=\"twitter:card\" content=\"summary_large_image\" \/>\n<meta name=\"twitter:creator\" content=\"@pressenza_it\" \/>\n<meta name=\"twitter:site\" content=\"@PressenzaIPA\" \/>\n<meta name=\"twitter:label1\" content=\"Scritto da\" \/>\n\t<meta name=\"twitter:data1\" content=\"Redazione Italia\" \/>\n\t<meta name=\"twitter:label2\" content=\"Tempo di lettura stimato\" \/>\n\t<meta name=\"twitter:data2\" content=\"4 minuti\" \/>\n<script type=\"application\/ld+json\" class=\"yoast-schema-graph\">{\"@context\":\"https:\/\/schema.org\",\"@graph\":[{\"@type\":\"Article\",\"@id\":\"https:\/\/www.pressenza.com\/it\/2018\/04\/missionari-brasile-complotto-lula-attacco-alla-democrazia\/#article\",\"isPartOf\":{\"@id\":\"https:\/\/www.pressenza.com\/it\/2018\/04\/missionari-brasile-complotto-lula-attacco-alla-democrazia\/\"},\"author\":{\"name\":\"Redazione Italia\",\"@id\":\"https:\/\/www.pressenza.com\/it\/#\/schema\/person\/d983e81827ae24f2c7b1a2123d197f8d\"},\"headline\":\"Missionari Brasile: \u00abcomplotto contro Lula e attacco alla democrazia\u00bb\",\"datePublished\":\"2018-04-11T19:13:32+00:00\",\"dateModified\":\"2018-04-11T19:16:00+00:00\",\"mainEntityOfPage\":{\"@id\":\"https:\/\/www.pressenza.com\/it\/2018\/04\/missionari-brasile-complotto-lula-attacco-alla-democrazia\/\"},\"wordCount\":772,\"publisher\":{\"@id\":\"https:\/\/www.pressenza.com\/it\/#organization\"},\"image\":{\"@id\":\"https:\/\/www.pressenza.com\/it\/2018\/04\/missionari-brasile-complotto-lula-attacco-alla-democrazia\/#primaryimage\"},\"thumbnailUrl\":\"https:\/\/www.pressenza.com\/wp-content\/uploads\/2018\/04\/lula-1.jpg\",\"keywords\":[\"Brasile\",\"Lula\",\"missionario\"],\"articleSection\":[\"Opinioni\",\"Politica\",\"Sud America\"],\"inLanguage\":\"it-IT\"},{\"@type\":\"WebPage\",\"@id\":\"https:\/\/www.pressenza.com\/it\/2018\/04\/missionari-brasile-complotto-lula-attacco-alla-democrazia\/\",\"url\":\"https:\/\/www.pressenza.com\/it\/2018\/04\/missionari-brasile-complotto-lula-attacco-alla-democrazia\/\",\"name\":\"Missionari Brasile: \u00abcomplotto contro Lula e attacco alla democrazia\u00bb\",\"isPartOf\":{\"@id\":\"https:\/\/www.pressenza.com\/it\/#website\"},\"primaryImageOfPage\":{\"@id\":\"https:\/\/www.pressenza.com\/it\/2018\/04\/missionari-brasile-complotto-lula-attacco-alla-democrazia\/#primaryimage\"},\"image\":{\"@id\":\"https:\/\/www.pressenza.com\/it\/2018\/04\/missionari-brasile-complotto-lula-attacco-alla-democrazia\/#primaryimage\"},\"thumbnailUrl\":\"https:\/\/www.pressenza.com\/wp-content\/uploads\/2018\/04\/lula-1.jpg\",\"datePublished\":\"2018-04-11T19:13:32+00:00\",\"dateModified\":\"2018-04-11T19:16:00+00:00\",\"description\":\"Quello in atto contro l\u2019ex presidente del Brasile, Luis Ignacio Lula da Silva \u00ab\u00e8 un complotto. Anzi direi di pi\u00f9: si tratta di un attacco alla democrazia. Il secondo atto di un colpo di Stato iniziato con l\u2019illegale destituzione di Dilma Rousseff\u00bb\",\"breadcrumb\":{\"@id\":\"https:\/\/www.pressenza.com\/it\/2018\/04\/missionari-brasile-complotto-lula-attacco-alla-democrazia\/#breadcrumb\"},\"inLanguage\":\"it-IT\",\"potentialAction\":[{\"@type\":\"ReadAction\",\"target\":[\"https:\/\/www.pressenza.com\/it\/2018\/04\/missionari-brasile-complotto-lula-attacco-alla-democrazia\/\"]}]},{\"@type\":\"ImageObject\",\"inLanguage\":\"it-IT\",\"@id\":\"https:\/\/www.pressenza.com\/it\/2018\/04\/missionari-brasile-complotto-lula-attacco-alla-democrazia\/#primaryimage\",\"url\":\"https:\/\/www.pressenza.com\/wp-content\/uploads\/2018\/04\/lula-1.jpg\",\"contentUrl\":\"https:\/\/www.pressenza.com\/wp-content\/uploads\/2018\/04\/lula-1.jpg\",\"width\":839,\"height\":558,\"caption\":\"Former Brazilian president Luiz Inacio Lula Da Silva (L) gives the thumbs-up next to former Uruguayan president Jose Mujica (R) during the Workers' Party (PT) Congress in Sao Paulo, Brazil on May 5, 2017. \/ AFP PHOTO \/ NELSON ALMEIDA\"},{\"@type\":\"BreadcrumbList\",\"@id\":\"https:\/\/www.pressenza.com\/it\/2018\/04\/missionari-brasile-complotto-lula-attacco-alla-democrazia\/#breadcrumb\",\"itemListElement\":[{\"@type\":\"ListItem\",\"position\":1,\"name\":\"Accueil\",\"item\":\"https:\/\/www.pressenza.com\/it\/\"},{\"@type\":\"ListItem\",\"position\":2,\"name\":\"Missionari Brasile: \u00abcomplotto contro Lula e attacco alla democrazia\u00bb\"}]},{\"@type\":\"WebSite\",\"@id\":\"https:\/\/www.pressenza.com\/it\/#website\",\"url\":\"https:\/\/www.pressenza.com\/it\/\",\"name\":\"Pressenza\",\"description\":\"Agenzia di Stampa Internazionale\",\"publisher\":{\"@id\":\"https:\/\/www.pressenza.com\/it\/#organization\"},\"potentialAction\":[{\"@type\":\"SearchAction\",\"target\":{\"@type\":\"EntryPoint\",\"urlTemplate\":\"https:\/\/www.pressenza.com\/it\/?s={search_term_string}\"},\"query-input\":{\"@type\":\"PropertyValueSpecification\",\"valueRequired\":true,\"valueName\":\"search_term_string\"}}],\"inLanguage\":\"it-IT\"},{\"@type\":\"Organization\",\"@id\":\"https:\/\/www.pressenza.com\/it\/#organization\",\"name\":\"Pressenza\",\"url\":\"https:\/\/www.pressenza.com\/it\/\",\"logo\":{\"@type\":\"ImageObject\",\"inLanguage\":\"it-IT\",\"@id\":\"https:\/\/www.pressenza.com\/it\/#\/schema\/logo\/image\/\",\"url\":\"https:\/\/www.pressenza.com\/wp-content\/uploads\/2022\/10\/pressenza_logo_200x200.jpg\",\"contentUrl\":\"https:\/\/www.pressenza.com\/wp-content\/uploads\/2022\/10\/pressenza_logo_200x200.jpg\",\"width\":200,\"height\":200,\"caption\":\"Pressenza\"},\"image\":{\"@id\":\"https:\/\/www.pressenza.com\/it\/#\/schema\/logo\/image\/\"},\"sameAs\":[\"https:\/\/www.facebook.com\/PressenzaItalia\",\"https:\/\/x.com\/PressenzaIPA\"]},{\"@type\":\"Person\",\"@id\":\"https:\/\/www.pressenza.com\/it\/#\/schema\/person\/d983e81827ae24f2c7b1a2123d197f8d\",\"name\":\"Redazione Italia\",\"description\":\"News from the Pressenza Bureau in Italy\",\"sameAs\":[\"https:\/\/www.pressenza.com\/it\/author\/redazione-italia\/\",\"https:\/\/www.facebook.com\/PressenzaItalia\",\"https:\/\/www.instagram.com\/pressenza_italia\/\",\"https:\/\/x.com\/pressenza_it\",\"https:\/\/www.youtube.com\/channel\/UCSalEIWjE1RSxkwjfftFuqg\"],\"url\":\"https:\/\/www.pressenza.com\/it\/author\/redazione-italia\/\"}]}<\/script>\n<!-- \/ Yoast SEO plugin. -->","yoast_head_json":{"title":"Missionari Brasile: \u00abcomplotto contro Lula e attacco alla democrazia\u00bb","description":"Quello in atto contro l\u2019ex presidente del Brasile, Luis Ignacio Lula da Silva \u00ab\u00e8 un complotto. Anzi direi di pi\u00f9: si tratta di un attacco alla democrazia. Il secondo atto di un colpo di Stato iniziato con l\u2019illegale destituzione di Dilma Rousseff\u00bb","robots":{"index":"index","follow":"follow","max-snippet":"max-snippet:-1","max-image-preview":"max-image-preview:large","max-video-preview":"max-video-preview:-1"},"canonical":"https:\/\/www.pressenza.com\/it\/2018\/04\/missionari-brasile-complotto-lula-attacco-alla-democrazia\/","og_locale":"it_IT","og_type":"article","og_title":"Missionari Brasile: \u00abcomplotto contro Lula e attacco alla democrazia\u00bb","og_description":"Quello in atto contro l\u2019ex presidente del Brasile, Luis Ignacio Lula da Silva \u00ab\u00e8 un complotto. Anzi direi di pi\u00f9: si tratta di un attacco alla democrazia. Il secondo atto di un colpo di Stato iniziato con l\u2019illegale destituzione di Dilma Rousseff\u00bb","og_url":"https:\/\/www.pressenza.com\/it\/2018\/04\/missionari-brasile-complotto-lula-attacco-alla-democrazia\/","og_site_name":"Pressenza","article_publisher":"https:\/\/www.facebook.com\/PressenzaItalia","article_author":"https:\/\/www.facebook.com\/PressenzaItalia","article_published_time":"2018-04-11T19:13:32+00:00","article_modified_time":"2018-04-11T19:16:00+00:00","og_image":[{"width":839,"height":558,"url":"https:\/\/www.pressenza.com\/wp-content\/uploads\/2018\/04\/lula-1.jpg","type":"image\/jpeg"}],"author":"Redazione Italia","twitter_card":"summary_large_image","twitter_creator":"@pressenza_it","twitter_site":"@PressenzaIPA","twitter_misc":{"Scritto da":"Redazione Italia","Tempo di lettura stimato":"4 minuti"},"schema":{"@context":"https:\/\/schema.org","@graph":[{"@type":"Article","@id":"https:\/\/www.pressenza.com\/it\/2018\/04\/missionari-brasile-complotto-lula-attacco-alla-democrazia\/#article","isPartOf":{"@id":"https:\/\/www.pressenza.com\/it\/2018\/04\/missionari-brasile-complotto-lula-attacco-alla-democrazia\/"},"author":{"name":"Redazione Italia","@id":"https:\/\/www.pressenza.com\/it\/#\/schema\/person\/d983e81827ae24f2c7b1a2123d197f8d"},"headline":"Missionari Brasile: \u00abcomplotto contro Lula e attacco alla democrazia\u00bb","datePublished":"2018-04-11T19:13:32+00:00","dateModified":"2018-04-11T19:16:00+00:00","mainEntityOfPage":{"@id":"https:\/\/www.pressenza.com\/it\/2018\/04\/missionari-brasile-complotto-lula-attacco-alla-democrazia\/"},"wordCount":772,"publisher":{"@id":"https:\/\/www.pressenza.com\/it\/#organization"},"image":{"@id":"https:\/\/www.pressenza.com\/it\/2018\/04\/missionari-brasile-complotto-lula-attacco-alla-democrazia\/#primaryimage"},"thumbnailUrl":"https:\/\/www.pressenza.com\/wp-content\/uploads\/2018\/04\/lula-1.jpg","keywords":["Brasile","Lula","missionario"],"articleSection":["Opinioni","Politica","Sud America"],"inLanguage":"it-IT"},{"@type":"WebPage","@id":"https:\/\/www.pressenza.com\/it\/2018\/04\/missionari-brasile-complotto-lula-attacco-alla-democrazia\/","url":"https:\/\/www.pressenza.com\/it\/2018\/04\/missionari-brasile-complotto-lula-attacco-alla-democrazia\/","name":"Missionari Brasile: \u00abcomplotto contro Lula e attacco alla democrazia\u00bb","isPartOf":{"@id":"https:\/\/www.pressenza.com\/it\/#website"},"primaryImageOfPage":{"@id":"https:\/\/www.pressenza.com\/it\/2018\/04\/missionari-brasile-complotto-lula-attacco-alla-democrazia\/#primaryimage"},"image":{"@id":"https:\/\/www.pressenza.com\/it\/2018\/04\/missionari-brasile-complotto-lula-attacco-alla-democrazia\/#primaryimage"},"thumbnailUrl":"https:\/\/www.pressenza.com\/wp-content\/uploads\/2018\/04\/lula-1.jpg","datePublished":"2018-04-11T19:13:32+00:00","dateModified":"2018-04-11T19:16:00+00:00","description":"Quello in atto contro l\u2019ex presidente del Brasile, Luis Ignacio Lula da Silva \u00ab\u00e8 un complotto. Anzi direi di pi\u00f9: si tratta di un attacco alla democrazia. Il secondo atto di un colpo di Stato iniziato con l\u2019illegale destituzione di Dilma Rousseff\u00bb","breadcrumb":{"@id":"https:\/\/www.pressenza.com\/it\/2018\/04\/missionari-brasile-complotto-lula-attacco-alla-democrazia\/#breadcrumb"},"inLanguage":"it-IT","potentialAction":[{"@type":"ReadAction","target":["https:\/\/www.pressenza.com\/it\/2018\/04\/missionari-brasile-complotto-lula-attacco-alla-democrazia\/"]}]},{"@type":"ImageObject","inLanguage":"it-IT","@id":"https:\/\/www.pressenza.com\/it\/2018\/04\/missionari-brasile-complotto-lula-attacco-alla-democrazia\/#primaryimage","url":"https:\/\/www.pressenza.com\/wp-content\/uploads\/2018\/04\/lula-1.jpg","contentUrl":"https:\/\/www.pressenza.com\/wp-content\/uploads\/2018\/04\/lula-1.jpg","width":839,"height":558,"caption":"Former Brazilian president Luiz Inacio Lula Da Silva (L) gives the thumbs-up next to former Uruguayan president Jose Mujica (R) during the Workers' Party (PT) Congress in Sao Paulo, Brazil on May 5, 2017. \/ AFP PHOTO \/ NELSON ALMEIDA"},{"@type":"BreadcrumbList","@id":"https:\/\/www.pressenza.com\/it\/2018\/04\/missionari-brasile-complotto-lula-attacco-alla-democrazia\/#breadcrumb","itemListElement":[{"@type":"ListItem","position":1,"name":"Accueil","item":"https:\/\/www.pressenza.com\/it\/"},{"@type":"ListItem","position":2,"name":"Missionari Brasile: \u00abcomplotto contro Lula e attacco alla democrazia\u00bb"}]},{"@type":"WebSite","@id":"https:\/\/www.pressenza.com\/it\/#website","url":"https:\/\/www.pressenza.com\/it\/","name":"Pressenza","description":"Agenzia di Stampa Internazionale","publisher":{"@id":"https:\/\/www.pressenza.com\/it\/#organization"},"potentialAction":[{"@type":"SearchAction","target":{"@type":"EntryPoint","urlTemplate":"https:\/\/www.pressenza.com\/it\/?s={search_term_string}"},"query-input":{"@type":"PropertyValueSpecification","valueRequired":true,"valueName":"search_term_string"}}],"inLanguage":"it-IT"},{"@type":"Organization","@id":"https:\/\/www.pressenza.com\/it\/#organization","name":"Pressenza","url":"https:\/\/www.pressenza.com\/it\/","logo":{"@type":"ImageObject","inLanguage":"it-IT","@id":"https:\/\/www.pressenza.com\/it\/#\/schema\/logo\/image\/","url":"https:\/\/www.pressenza.com\/wp-content\/uploads\/2022\/10\/pressenza_logo_200x200.jpg","contentUrl":"https:\/\/www.pressenza.com\/wp-content\/uploads\/2022\/10\/pressenza_logo_200x200.jpg","width":200,"height":200,"caption":"Pressenza"},"image":{"@id":"https:\/\/www.pressenza.com\/it\/#\/schema\/logo\/image\/"},"sameAs":["https:\/\/www.facebook.com\/PressenzaItalia","https:\/\/x.com\/PressenzaIPA"]},{"@type":"Person","@id":"https:\/\/www.pressenza.com\/it\/#\/schema\/person\/d983e81827ae24f2c7b1a2123d197f8d","name":"Redazione Italia","description":"News from the Pressenza Bureau in Italy","sameAs":["https:\/\/www.pressenza.com\/it\/author\/redazione-italia\/","https:\/\/www.facebook.com\/PressenzaItalia","https:\/\/www.instagram.com\/pressenza_italia\/","https:\/\/x.com\/pressenza_it","https:\/\/www.youtube.com\/channel\/UCSalEIWjE1RSxkwjfftFuqg"],"url":"https:\/\/www.pressenza.com\/it\/author\/redazione-italia\/"}]}},"place":"","original_article_url":"","_links":{"self":[{"href":"https:\/\/www.pressenza.com\/it\/wp-json\/wp\/v2\/posts\/624101","targetHints":{"allow":["GET"]}}],"collection":[{"href":"https:\/\/www.pressenza.com\/it\/wp-json\/wp\/v2\/posts"}],"about":[{"href":"https:\/\/www.pressenza.com\/it\/wp-json\/wp\/v2\/types\/post"}],"author":[{"embeddable":true,"href":"https:\/\/www.pressenza.com\/it\/wp-json\/wp\/v2\/users\/594"}],"replies":[{"embeddable":true,"href":"https:\/\/www.pressenza.com\/it\/wp-json\/wp\/v2\/comments?post=624101"}],"version-history":[{"count":0,"href":"https:\/\/www.pressenza.com\/it\/wp-json\/wp\/v2\/posts\/624101\/revisions"}],"wp:featuredmedia":[{"embeddable":true,"href":"https:\/\/www.pressenza.com\/it\/wp-json\/wp\/v2\/media\/624102"}],"wp:attachment":[{"href":"https:\/\/www.pressenza.com\/it\/wp-json\/wp\/v2\/media?parent=624101"}],"wp:term":[{"taxonomy":"category","embeddable":true,"href":"https:\/\/www.pressenza.com\/it\/wp-json\/wp\/v2\/categories?post=624101"},{"taxonomy":"post_tag","embeddable":true,"href":"https:\/\/www.pressenza.com\/it\/wp-json\/wp\/v2\/tags?post=624101"}],"curies":[{"name":"wp","href":"https:\/\/api.w.org\/{rel}","templated":true}]}}