{"id":623541,"date":"2018-04-10T08:32:39","date_gmt":"2018-04-10T07:32:39","guid":{"rendered":"https:\/\/www.pressenza.com\/?p=623541"},"modified":"2018-04-10T08:32:39","modified_gmt":"2018-04-10T07:32:39","slug":"gli-umanisti-brasiliani-ripudiano-lincarcerazione-illegale-lula","status":"publish","type":"post","link":"https:\/\/www.pressenza.com\/it\/2018\/04\/gli-umanisti-brasiliani-ripudiano-lincarcerazione-illegale-lula\/","title":{"rendered":"Gli umanisti brasiliani ripudiano l\u2019incarcerazione illegale di Lula"},"content":{"rendered":"<p>Il Movimento Umanista Internazionale\u00a0 si oppone all\u2019ingiusto ordine di incarcerazione politica dell ex-presidente del Brasile, Luis In\u00e1cio Lula da Silva.<\/p>\n<p><strong>Denunciamo un processo kafkiano<\/strong><\/p>\n<p>Noi ci opponiamo a questa decisione frettolosa, manipolata dal Ministro Carmen Lucia, e spinta dai media e dai generali dell\u2019esercito che non hanno seguito le normali procedure, semplicemente per far fuori Lula dalle elezioni del 2018.<\/p>\n<p><strong>Denunciamo una carcerazione politica<\/strong><\/p>\n<p>Noi ci opponiamo a questa angosciante e frettolosa carcerazione che dimostra la disperazione delle elites brasiliane di cogliere questa opportunit\u00e0, a tutti i costi, prima che si apra il registro dei candidati . Dimostrazione del fallimento delle elites, dato che non hanno candidati sostenibili a difesa del loro programma di ritorno al passato.<\/p>\n<p><strong>Denunciamo accuse senza prove<\/strong><\/p>\n<p>Noi ci opponiamo all\u2019insolita accusa basata su un power point\u00a0 e la\u00a0 confusa sentenza di Moro che ordina gli arresti per \u201cconvinzione\u201d senza presentare uno straccio di prova.<\/p>\n<p><strong>Denunciamo le bugie dei media<\/strong><\/p>\n<p>Noi ci opponiamo al linciaggio dei media portato avanti dal network di Globo TV, che mente sistematicamente all\u2019intera popolazione, manipolando l\u2019informazione a servizio di un golpe giudiziario e degli interessi nordamericani.<\/p>\n<p><strong>Denunciamo la propaganda di Netflix<\/strong><\/p>\n<p>Ci opponiamo alle armi della propaganda mascherate come film e serie tv che si presuppone siano basate su eventi reali, che hanno lo scopo di distorcere i fatti e creare una visione storicamente falsa del momento attuale, incitando all\u2019odio e confondendo la popolazione.<\/p>\n<p><strong>Denunciamo l\u2019intervento militare<\/strong><\/p>\n<p>Ci opponiamo alle minacce dei generali in pensione e in servizio, che hanno voluto la carcerazione di Lula e che tacciono sull\u2019impunit\u00e0 di A\u00e9cio, Temer, che mettono sotto silenzio l\u2019assassinio di Marielle Franco, relatrice della commissione d\u2019inchiesta sull\u2019intervento militare a Rio de Janeiro.<\/p>\n<p><strong>Denunciamo l\u2019autoritarismo giudiziario<\/strong><\/p>\n<p>Ci opponiamo alla decisione arbitraria del tribunale speciale di Curitiba sul caso <em>Lava Jato\u00a0<\/em>(l&#8217;inchiesta sulla corruzione che si pretende coinvolga Lula, N.d. T.),\u00a0 che serve a nutrire le falsit\u00e0 dei media, a perseguitare gli oppositori politici del neoliberalismo e delle grandi imprese nazionali.<\/p>\n<p><strong>Denunciamo l\u2019interferenza americana<\/strong><\/p>\n<p>Ci opponiamo all\u2019accordo di cooperazione tra\u00a0 dipartimenti degli USA e i promotori di <em>Lava Jato<\/em>, che mettono sotto inchiesta le imprese brasiliane per aprire la strada alle multinazionali straniere.<\/p>\n<p><strong>Denunciamo la perdita dei diritti<\/strong><\/p>\n<p>Ci opponiamo al taglio delle pensioni e alla riduzione dei diritti dei lavoratori, alla chiusura delle scuole e delle universit\u00e0, al congelamento per 20 anni degli investimenti pubblici nel campo dell\u2019educazione, alla sanit\u00e0 e la sicurezza sociale di questo governo, basato su un colpo di stato, che sta favorendo le banche e le multinazionali straniere.<\/p>\n<p><strong>Denunciamo la persecuzione dei pi\u00f9 poveri<\/strong><\/p>\n<p>Ci opponiamo all\u2019incitamento dell\u2019odio politico verso i poveri, i neri e le persone precarie, adducendo come scusa la battaglia contro i traffici di droga, un processo noto come \u201cmessicanizzazione\u201d del Brasile.<\/p>\n<p><strong>Denunciamo lo svilimento della democrazia<\/strong><\/p>\n<p>Ci opponiamo allo svilimento della Costituzione del 1988, e all\u2019interruzione del processo elettorale per cercare di estromettere Lula dalla competizione, imponendo nuove regole elettorali che accorceranno i tempi della campagna elettorale da 90 a 45 giorni con lo scopo di ridurre il processo di rinnovamento del Parlamento nazionale.<\/p>\n<p><strong>Denunciamo gli accordi basati su un colpo di stato<\/strong><\/p>\n<p>Noi ci opponiamo agli accordi con settori golpisti che non danno alcuna fiducia, come possiamo credere che rispetteranno i nuovi accordi se non hanno rispettato i precedenti? E\u2019 molto ingenuo negoziare la consegna di Lula credendo che verranno rispettati gli accordi.<\/p>\n<p><strong>Faremo pressione su coloro che hanno il potere di decidere<\/strong><\/p>\n<p>Per cambiare la situazione corrente, \u00e8 necessaria moltissima pressione popolare e dobbiamo imparare ad usare i metodi della nonviolenza attiva in maniera massiva e sistematica, pretendendo che la Costituzione sia osservata e i diritti di tutti siano rispettati.<\/p>\n<p><strong>Guardiamo al futuro<\/strong><\/p>\n<p>Nessuna galera pu\u00f2 imprigionare il cuore, le idee o lo spirito di persone come Lula, che a dispetto di molte contraddizioni del suo governo, che noi spesso criticavamo, non merita di essere trattato in maniera scorretta e illegale.<\/p>\n<p><strong>Noi metteremo in moto un fronte amplio<\/strong><\/p>\n<p>In questo momento abbiamo bisogno di capire il contesto attuale e unire le forze in un fronte amplio contro il fascismo e l\u2019autoritarismo, con la priorit\u00e0 di formare forti blocchi in tutti i parlamenti e con una forte presenza nelle periferie e anche nelle campagne.<\/p>\n<p><strong><span lang=\"en-US\">E\u2019 necessario disobbedire<\/span><\/strong><\/p>\n<p><span lang=\"en-US\">E\u2019 un obbligo resistere ad una ingiusta prigionia. <\/span>Quelli che non rispettano le leggi sono quelli che condannano senza prove e non rispettano la costituzione.<\/p>\n<p>Quando le decisioni sono ingiuste \u00e8 necessario disobbedire.<\/p>\n<p><strong>Partido Humanista do Brasil<\/strong><\/p>\n<p>&nbsp;<\/p>\n<p><em>Traduzione di Annalaura Erroi<\/em><\/p>\n<p>&nbsp;<\/p>\n","protected":false},"excerpt":{"rendered":"<p>Il Movimento Umanista Internazionale\u00a0 si oppone all\u2019ingiusto ordine di incarcerazione politica dell ex-presidente del Brasile, Luis In\u00e1cio Lula da Silva. Denunciamo un processo kafkiano Noi ci opponiamo a questa decisione frettolosa, manipolata dal Ministro Carmen Lucia, e spinta dai media&hellip;<\/p>\n","protected":false},"author":413,"featured_media":622644,"comment_status":"closed","ping_status":"closed","sticky":false,"template":"","format":"standard","meta":{"footnotes":""},"categories":[150,11388,55,61,48,1260],"tags":[18883,43266,27231,35618,4231,942,26538],"class_list":["post-623541","post","type-post","status-publish","format-standard","has-post-thumbnail","hentry","category-comunicati-stampa","category-contenuti-originali","category-politica","category-popoli-aborigeni","category-sud-america","category-umanesimo-spiritualita","tag-lava-jato","tag-luis-inacio-lula-da-silva","tag-lula","tag-marielle-franco","tag-movimento-umanista","tag-partito-umanista","tag-temer"],"yoast_head":"<!-- This site is optimized with the Yoast SEO plugin v27.1.1 - https:\/\/yoast.com\/product\/yoast-seo-wordpress\/ -->\n<title>Gli umanisti brasiliani ripudiano l\u2019incarcerazione illegale di Lula<\/title>\n<meta name=\"description\" content=\"Il Movimento Umanista Internazionale\u00a0 si oppone all\u2019ingiusto ordine di incarcerazione politica dell ex-presidente del Brasile, Luis In\u00e1cio Lula da Silva.\" \/>\n<meta name=\"robots\" content=\"index, follow, max-snippet:-1, max-image-preview:large, max-video-preview:-1\" \/>\n<link rel=\"canonical\" href=\"https:\/\/www.pressenza.com\/it\/2018\/04\/gli-umanisti-brasiliani-ripudiano-lincarcerazione-illegale-lula\/\" \/>\n<meta property=\"og:locale\" content=\"it_IT\" \/>\n<meta property=\"og:type\" content=\"article\" \/>\n<meta property=\"og:title\" content=\"Gli umanisti brasiliani ripudiano l\u2019incarcerazione illegale di Lula\" \/>\n<meta property=\"og:description\" content=\"Il Movimento Umanista Internazionale\u00a0 si oppone all\u2019ingiusto ordine di incarcerazione politica dell ex-presidente del Brasile, Luis In\u00e1cio Lula da Silva.\" \/>\n<meta property=\"og:url\" content=\"https:\/\/www.pressenza.com\/it\/2018\/04\/gli-umanisti-brasiliani-ripudiano-lincarcerazione-illegale-lula\/\" \/>\n<meta property=\"og:site_name\" content=\"Pressenza\" \/>\n<meta property=\"article:publisher\" content=\"https:\/\/www.facebook.com\/PressenzaItalia\" \/>\n<meta property=\"article:published_time\" content=\"2018-04-10T07:32:39+00:00\" \/>\n<meta property=\"og:image\" content=\"https:\/\/www.pressenza.com\/wp-content\/uploads\/2018\/04\/30440858_10215739301425605_5095370832238654162_n.jpg\" \/>\n\t<meta property=\"og:image:width\" content=\"960\" \/>\n\t<meta property=\"og:image:height\" content=\"638\" \/>\n\t<meta property=\"og:image:type\" content=\"image\/jpeg\" \/>\n<meta name=\"author\" content=\"Partido Humanista do Brasil\" \/>\n<meta name=\"twitter:card\" content=\"summary_large_image\" \/>\n<meta name=\"twitter:creator\" content=\"@PressenzaIPA\" \/>\n<meta name=\"twitter:site\" content=\"@PressenzaIPA\" \/>\n<meta name=\"twitter:label1\" content=\"Scritto da\" \/>\n\t<meta name=\"twitter:data1\" content=\"Partido Humanista do Brasil\" \/>\n\t<meta name=\"twitter:label2\" content=\"Tempo di lettura stimato\" \/>\n\t<meta name=\"twitter:data2\" content=\"4 minuti\" \/>\n<script type=\"application\/ld+json\" class=\"yoast-schema-graph\">{\"@context\":\"https:\/\/schema.org\",\"@graph\":[{\"@type\":\"Article\",\"@id\":\"https:\/\/www.pressenza.com\/it\/2018\/04\/gli-umanisti-brasiliani-ripudiano-lincarcerazione-illegale-lula\/#article\",\"isPartOf\":{\"@id\":\"https:\/\/www.pressenza.com\/it\/2018\/04\/gli-umanisti-brasiliani-ripudiano-lincarcerazione-illegale-lula\/\"},\"author\":{\"name\":\"Partido Humanista do Brasil\",\"@id\":\"https:\/\/www.pressenza.com\/it\/#\/schema\/person\/d75e6ee6e85670426b48aead999af25b\"},\"headline\":\"Gli umanisti brasiliani ripudiano l\u2019incarcerazione illegale di Lula\",\"datePublished\":\"2018-04-10T07:32:39+00:00\",\"mainEntityOfPage\":{\"@id\":\"https:\/\/www.pressenza.com\/it\/2018\/04\/gli-umanisti-brasiliani-ripudiano-lincarcerazione-illegale-lula\/\"},\"wordCount\":769,\"publisher\":{\"@id\":\"https:\/\/www.pressenza.com\/it\/#organization\"},\"image\":{\"@id\":\"https:\/\/www.pressenza.com\/it\/2018\/04\/gli-umanisti-brasiliani-ripudiano-lincarcerazione-illegale-lula\/#primaryimage\"},\"thumbnailUrl\":\"https:\/\/www.pressenza.com\/wp-content\/uploads\/2018\/04\/30440858_10215739301425605_5095370832238654162_n.jpg\",\"keywords\":[\"lava jato\",\"Luis In\u00e1cio Lula da Silva\",\"Lula\",\"Marielle Franco\",\"Movimento Umanista\",\"Partito Umanista\",\"Temer\"],\"articleSection\":[\"Comunicati Stampa\",\"contenuti originali\",\"Politica\",\"Popoli originari\",\"Sud America\",\"Umanesimo e Spiritualit\u00e0\"],\"inLanguage\":\"it-IT\"},{\"@type\":\"WebPage\",\"@id\":\"https:\/\/www.pressenza.com\/it\/2018\/04\/gli-umanisti-brasiliani-ripudiano-lincarcerazione-illegale-lula\/\",\"url\":\"https:\/\/www.pressenza.com\/it\/2018\/04\/gli-umanisti-brasiliani-ripudiano-lincarcerazione-illegale-lula\/\",\"name\":\"Gli umanisti brasiliani ripudiano l\u2019incarcerazione illegale di Lula\",\"isPartOf\":{\"@id\":\"https:\/\/www.pressenza.com\/it\/#website\"},\"primaryImageOfPage\":{\"@id\":\"https:\/\/www.pressenza.com\/it\/2018\/04\/gli-umanisti-brasiliani-ripudiano-lincarcerazione-illegale-lula\/#primaryimage\"},\"image\":{\"@id\":\"https:\/\/www.pressenza.com\/it\/2018\/04\/gli-umanisti-brasiliani-ripudiano-lincarcerazione-illegale-lula\/#primaryimage\"},\"thumbnailUrl\":\"https:\/\/www.pressenza.com\/wp-content\/uploads\/2018\/04\/30440858_10215739301425605_5095370832238654162_n.jpg\",\"datePublished\":\"2018-04-10T07:32:39+00:00\",\"description\":\"Il Movimento Umanista Internazionale\u00a0 si oppone all\u2019ingiusto ordine di incarcerazione politica dell ex-presidente del Brasile, Luis In\u00e1cio Lula da Silva.\",\"breadcrumb\":{\"@id\":\"https:\/\/www.pressenza.com\/it\/2018\/04\/gli-umanisti-brasiliani-ripudiano-lincarcerazione-illegale-lula\/#breadcrumb\"},\"inLanguage\":\"it-IT\",\"potentialAction\":[{\"@type\":\"ReadAction\",\"target\":[\"https:\/\/www.pressenza.com\/it\/2018\/04\/gli-umanisti-brasiliani-ripudiano-lincarcerazione-illegale-lula\/\"]}]},{\"@type\":\"ImageObject\",\"inLanguage\":\"it-IT\",\"@id\":\"https:\/\/www.pressenza.com\/it\/2018\/04\/gli-umanisti-brasiliani-ripudiano-lincarcerazione-illegale-lula\/#primaryimage\",\"url\":\"https:\/\/www.pressenza.com\/wp-content\/uploads\/2018\/04\/30440858_10215739301425605_5095370832238654162_n.jpg\",\"contentUrl\":\"https:\/\/www.pressenza.com\/wp-content\/uploads\/2018\/04\/30440858_10215739301425605_5095370832238654162_n.jpg\",\"width\":960,\"height\":638},{\"@type\":\"BreadcrumbList\",\"@id\":\"https:\/\/www.pressenza.com\/it\/2018\/04\/gli-umanisti-brasiliani-ripudiano-lincarcerazione-illegale-lula\/#breadcrumb\",\"itemListElement\":[{\"@type\":\"ListItem\",\"position\":1,\"name\":\"Accueil\",\"item\":\"https:\/\/www.pressenza.com\/it\/\"},{\"@type\":\"ListItem\",\"position\":2,\"name\":\"Gli umanisti brasiliani ripudiano l\u2019incarcerazione illegale di Lula\"}]},{\"@type\":\"WebSite\",\"@id\":\"https:\/\/www.pressenza.com\/it\/#website\",\"url\":\"https:\/\/www.pressenza.com\/it\/\",\"name\":\"Pressenza\",\"description\":\"Agenzia di Stampa Internazionale\",\"publisher\":{\"@id\":\"https:\/\/www.pressenza.com\/it\/#organization\"},\"potentialAction\":[{\"@type\":\"SearchAction\",\"target\":{\"@type\":\"EntryPoint\",\"urlTemplate\":\"https:\/\/www.pressenza.com\/it\/?s={search_term_string}\"},\"query-input\":{\"@type\":\"PropertyValueSpecification\",\"valueRequired\":true,\"valueName\":\"search_term_string\"}}],\"inLanguage\":\"it-IT\"},{\"@type\":\"Organization\",\"@id\":\"https:\/\/www.pressenza.com\/it\/#organization\",\"name\":\"Pressenza\",\"url\":\"https:\/\/www.pressenza.com\/it\/\",\"logo\":{\"@type\":\"ImageObject\",\"inLanguage\":\"it-IT\",\"@id\":\"https:\/\/www.pressenza.com\/it\/#\/schema\/logo\/image\/\",\"url\":\"https:\/\/www.pressenza.com\/wp-content\/uploads\/2022\/10\/pressenza_logo_200x200.jpg\",\"contentUrl\":\"https:\/\/www.pressenza.com\/wp-content\/uploads\/2022\/10\/pressenza_logo_200x200.jpg\",\"width\":200,\"height\":200,\"caption\":\"Pressenza\"},\"image\":{\"@id\":\"https:\/\/www.pressenza.com\/it\/#\/schema\/logo\/image\/\"},\"sameAs\":[\"https:\/\/www.facebook.com\/PressenzaItalia\",\"https:\/\/x.com\/PressenzaIPA\"]},{\"@type\":\"Person\",\"@id\":\"https:\/\/www.pressenza.com\/it\/#\/schema\/person\/d75e6ee6e85670426b48aead999af25b\",\"name\":\"Partido Humanista do Brasil\",\"description\":\"As propostas do Partido Humanista partem da necessidade de liberdade que n\u00f3s, seres humanos, experimentamos e suas propostas apontam \u00e0 transforma\u00e7\u00e3o e supera\u00e7\u00e3o social da viol\u00eancia que, em suas distintas formas, gera sofrimento e contradi\u00e7\u00e3o nos indiv\u00edduos e povos.\",\"url\":\"https:\/\/www.pressenza.com\/it\/author\/partido-humanista-do-brasil\/\"}]}<\/script>\n<!-- \/ Yoast SEO plugin. -->","yoast_head_json":{"title":"Gli umanisti brasiliani ripudiano l\u2019incarcerazione illegale di Lula","description":"Il Movimento Umanista Internazionale\u00a0 si oppone all\u2019ingiusto ordine di incarcerazione politica dell ex-presidente del Brasile, Luis In\u00e1cio Lula da Silva.","robots":{"index":"index","follow":"follow","max-snippet":"max-snippet:-1","max-image-preview":"max-image-preview:large","max-video-preview":"max-video-preview:-1"},"canonical":"https:\/\/www.pressenza.com\/it\/2018\/04\/gli-umanisti-brasiliani-ripudiano-lincarcerazione-illegale-lula\/","og_locale":"it_IT","og_type":"article","og_title":"Gli umanisti brasiliani ripudiano l\u2019incarcerazione illegale di Lula","og_description":"Il Movimento Umanista Internazionale\u00a0 si oppone all\u2019ingiusto ordine di incarcerazione politica dell ex-presidente del Brasile, Luis In\u00e1cio Lula da Silva.","og_url":"https:\/\/www.pressenza.com\/it\/2018\/04\/gli-umanisti-brasiliani-ripudiano-lincarcerazione-illegale-lula\/","og_site_name":"Pressenza","article_publisher":"https:\/\/www.facebook.com\/PressenzaItalia","article_published_time":"2018-04-10T07:32:39+00:00","og_image":[{"width":960,"height":638,"url":"https:\/\/www.pressenza.com\/wp-content\/uploads\/2018\/04\/30440858_10215739301425605_5095370832238654162_n.jpg","type":"image\/jpeg"}],"author":"Partido Humanista do Brasil","twitter_card":"summary_large_image","twitter_creator":"@PressenzaIPA","twitter_site":"@PressenzaIPA","twitter_misc":{"Scritto da":"Partido Humanista do Brasil","Tempo di lettura stimato":"4 minuti"},"schema":{"@context":"https:\/\/schema.org","@graph":[{"@type":"Article","@id":"https:\/\/www.pressenza.com\/it\/2018\/04\/gli-umanisti-brasiliani-ripudiano-lincarcerazione-illegale-lula\/#article","isPartOf":{"@id":"https:\/\/www.pressenza.com\/it\/2018\/04\/gli-umanisti-brasiliani-ripudiano-lincarcerazione-illegale-lula\/"},"author":{"name":"Partido Humanista do Brasil","@id":"https:\/\/www.pressenza.com\/it\/#\/schema\/person\/d75e6ee6e85670426b48aead999af25b"},"headline":"Gli umanisti brasiliani ripudiano l\u2019incarcerazione illegale di Lula","datePublished":"2018-04-10T07:32:39+00:00","mainEntityOfPage":{"@id":"https:\/\/www.pressenza.com\/it\/2018\/04\/gli-umanisti-brasiliani-ripudiano-lincarcerazione-illegale-lula\/"},"wordCount":769,"publisher":{"@id":"https:\/\/www.pressenza.com\/it\/#organization"},"image":{"@id":"https:\/\/www.pressenza.com\/it\/2018\/04\/gli-umanisti-brasiliani-ripudiano-lincarcerazione-illegale-lula\/#primaryimage"},"thumbnailUrl":"https:\/\/www.pressenza.com\/wp-content\/uploads\/2018\/04\/30440858_10215739301425605_5095370832238654162_n.jpg","keywords":["lava jato","Luis In\u00e1cio Lula da Silva","Lula","Marielle Franco","Movimento Umanista","Partito Umanista","Temer"],"articleSection":["Comunicati Stampa","contenuti originali","Politica","Popoli originari","Sud America","Umanesimo e Spiritualit\u00e0"],"inLanguage":"it-IT"},{"@type":"WebPage","@id":"https:\/\/www.pressenza.com\/it\/2018\/04\/gli-umanisti-brasiliani-ripudiano-lincarcerazione-illegale-lula\/","url":"https:\/\/www.pressenza.com\/it\/2018\/04\/gli-umanisti-brasiliani-ripudiano-lincarcerazione-illegale-lula\/","name":"Gli umanisti brasiliani ripudiano l\u2019incarcerazione illegale di Lula","isPartOf":{"@id":"https:\/\/www.pressenza.com\/it\/#website"},"primaryImageOfPage":{"@id":"https:\/\/www.pressenza.com\/it\/2018\/04\/gli-umanisti-brasiliani-ripudiano-lincarcerazione-illegale-lula\/#primaryimage"},"image":{"@id":"https:\/\/www.pressenza.com\/it\/2018\/04\/gli-umanisti-brasiliani-ripudiano-lincarcerazione-illegale-lula\/#primaryimage"},"thumbnailUrl":"https:\/\/www.pressenza.com\/wp-content\/uploads\/2018\/04\/30440858_10215739301425605_5095370832238654162_n.jpg","datePublished":"2018-04-10T07:32:39+00:00","description":"Il Movimento Umanista Internazionale\u00a0 si oppone all\u2019ingiusto ordine di incarcerazione politica dell ex-presidente del Brasile, Luis In\u00e1cio Lula da Silva.","breadcrumb":{"@id":"https:\/\/www.pressenza.com\/it\/2018\/04\/gli-umanisti-brasiliani-ripudiano-lincarcerazione-illegale-lula\/#breadcrumb"},"inLanguage":"it-IT","potentialAction":[{"@type":"ReadAction","target":["https:\/\/www.pressenza.com\/it\/2018\/04\/gli-umanisti-brasiliani-ripudiano-lincarcerazione-illegale-lula\/"]}]},{"@type":"ImageObject","inLanguage":"it-IT","@id":"https:\/\/www.pressenza.com\/it\/2018\/04\/gli-umanisti-brasiliani-ripudiano-lincarcerazione-illegale-lula\/#primaryimage","url":"https:\/\/www.pressenza.com\/wp-content\/uploads\/2018\/04\/30440858_10215739301425605_5095370832238654162_n.jpg","contentUrl":"https:\/\/www.pressenza.com\/wp-content\/uploads\/2018\/04\/30440858_10215739301425605_5095370832238654162_n.jpg","width":960,"height":638},{"@type":"BreadcrumbList","@id":"https:\/\/www.pressenza.com\/it\/2018\/04\/gli-umanisti-brasiliani-ripudiano-lincarcerazione-illegale-lula\/#breadcrumb","itemListElement":[{"@type":"ListItem","position":1,"name":"Accueil","item":"https:\/\/www.pressenza.com\/it\/"},{"@type":"ListItem","position":2,"name":"Gli umanisti brasiliani ripudiano l\u2019incarcerazione illegale di Lula"}]},{"@type":"WebSite","@id":"https:\/\/www.pressenza.com\/it\/#website","url":"https:\/\/www.pressenza.com\/it\/","name":"Pressenza","description":"Agenzia di Stampa Internazionale","publisher":{"@id":"https:\/\/www.pressenza.com\/it\/#organization"},"potentialAction":[{"@type":"SearchAction","target":{"@type":"EntryPoint","urlTemplate":"https:\/\/www.pressenza.com\/it\/?s={search_term_string}"},"query-input":{"@type":"PropertyValueSpecification","valueRequired":true,"valueName":"search_term_string"}}],"inLanguage":"it-IT"},{"@type":"Organization","@id":"https:\/\/www.pressenza.com\/it\/#organization","name":"Pressenza","url":"https:\/\/www.pressenza.com\/it\/","logo":{"@type":"ImageObject","inLanguage":"it-IT","@id":"https:\/\/www.pressenza.com\/it\/#\/schema\/logo\/image\/","url":"https:\/\/www.pressenza.com\/wp-content\/uploads\/2022\/10\/pressenza_logo_200x200.jpg","contentUrl":"https:\/\/www.pressenza.com\/wp-content\/uploads\/2022\/10\/pressenza_logo_200x200.jpg","width":200,"height":200,"caption":"Pressenza"},"image":{"@id":"https:\/\/www.pressenza.com\/it\/#\/schema\/logo\/image\/"},"sameAs":["https:\/\/www.facebook.com\/PressenzaItalia","https:\/\/x.com\/PressenzaIPA"]},{"@type":"Person","@id":"https:\/\/www.pressenza.com\/it\/#\/schema\/person\/d75e6ee6e85670426b48aead999af25b","name":"Partido Humanista do Brasil","description":"As propostas do Partido Humanista partem da necessidade de liberdade que n\u00f3s, seres humanos, experimentamos e suas propostas apontam \u00e0 transforma\u00e7\u00e3o e supera\u00e7\u00e3o social da viol\u00eancia que, em suas distintas formas, gera sofrimento e contradi\u00e7\u00e3o nos indiv\u00edduos e povos.","url":"https:\/\/www.pressenza.com\/it\/author\/partido-humanista-do-brasil\/"}]}},"place":"","original_article_url":"","_links":{"self":[{"href":"https:\/\/www.pressenza.com\/it\/wp-json\/wp\/v2\/posts\/623541","targetHints":{"allow":["GET"]}}],"collection":[{"href":"https:\/\/www.pressenza.com\/it\/wp-json\/wp\/v2\/posts"}],"about":[{"href":"https:\/\/www.pressenza.com\/it\/wp-json\/wp\/v2\/types\/post"}],"author":[{"embeddable":true,"href":"https:\/\/www.pressenza.com\/it\/wp-json\/wp\/v2\/users\/413"}],"replies":[{"embeddable":true,"href":"https:\/\/www.pressenza.com\/it\/wp-json\/wp\/v2\/comments?post=623541"}],"version-history":[{"count":0,"href":"https:\/\/www.pressenza.com\/it\/wp-json\/wp\/v2\/posts\/623541\/revisions"}],"wp:featuredmedia":[{"embeddable":true,"href":"https:\/\/www.pressenza.com\/it\/wp-json\/wp\/v2\/media\/622644"}],"wp:attachment":[{"href":"https:\/\/www.pressenza.com\/it\/wp-json\/wp\/v2\/media?parent=623541"}],"wp:term":[{"taxonomy":"category","embeddable":true,"href":"https:\/\/www.pressenza.com\/it\/wp-json\/wp\/v2\/categories?post=623541"},{"taxonomy":"post_tag","embeddable":true,"href":"https:\/\/www.pressenza.com\/it\/wp-json\/wp\/v2\/tags?post=623541"}],"curies":[{"name":"wp","href":"https:\/\/api.w.org\/{rel}","templated":true}]}}