{"id":620425,"date":"2018-04-02T13:51:03","date_gmt":"2018-04-02T12:51:03","guid":{"rendered":"https:\/\/www.pressenza.com\/?p=620425"},"modified":"2018-04-02T22:36:40","modified_gmt":"2018-04-02T21:36:40","slug":"luigi-maio-la-costituzione","status":"publish","type":"post","link":"https:\/\/www.pressenza.com\/it\/2018\/04\/luigi-maio-la-costituzione\/","title":{"rendered":"Luigi Di Maio e la Costituzione"},"content":{"rendered":"<p>\u201c<span style=\"font-size: medium;\">La mia posizione \u00e8 molto semplice: basta premier non votati da nessuno o ancora peggio premier che hanno perso. Per il resto parlano i numeri. Il Movimento, la Lega, Forza Italia, Fratelli d&#8217;Italia, il Pd hanno tutti proposto agli italiani un candidato premier. Quello del Movimento, ossia il sottoscritto, \u00e8 stato votato da 11 milioni di italiani, quasi il doppio del secondo pi\u00f9 votato con oltre il 32% dei consensi. Per cui il mio obbiettivo \u00e8 garantire che la volont\u00e0 popolare venga rispettata.\u201d Cos\u00ec scrive Luigi Di Maio nel Blog delle Stelle, il magazine solo online del M5S.<\/span><\/p>\n<p><span style=\"font-size: medium;\"> Se uno studente di giurisprudenza, durante un esame di diritto costituzionale, avesse espresso un pensiero analogo, sarebbe stato bocciato. Infatti, il ragionamento di Luigi Di Maio \u00e8 infarcito di inesattezze e di errori.<\/span><\/p>\n<p><span style=\"font-size: medium;\"><br \/>\n1) Il \u201cpremier\u201d in Italia non esiste. Basta una rapida lettura al dizionario di Wikipedia: \u201cdenominazione mediatica con la quale oggi si indica spesso, ma scorrettamente, il Presidente del Consiglio dei ministri della Repubblica Italiana\u201d.<br \/>\n2) Dall\u2019entrata in vigore della Costituzione, cio\u00e8 dal 1948 ad oggi, tutti i cosiddetti \u201cpremier\u201d non sono stati votati da nessuno. Il Presidente del Consiglio dei ministri viene incaricato dal Presidente della Repubblica. \u00c8 il Governo che deve ricevere un voto di fiducia dal Parlamento. E tutti i Governi sono stati votati dai rappresentanti eletti dal popolo.<br \/>\n3) Non \u00e8 vero che tutti i partiti hanno proposto agli italiani un candidato \u201cpremier\u201d. La legge elettorale prevede che ogni partito indichi un \u201ccapo\u201d del partito. Ma non \u00e8 scritto da nessuna parte che il capo di un partito sia necessariamente un candidato \u201cpremier\u201d.<br \/>\n4) Che Luigi Di Maio sia stato votato da 11 milioni di italiani \u00e8 falso. Ogni elettore ha votato per un candidato nel collegio uninominale e per alcuni candidati nei collegi proporzionali. Di Maio era presente soltanto in due collegi in Campania. Nel collegio uninominale di Acerra Luigi Di Maio \u00e8 stato votato da 94 mila elettori. Il Movimento 5 Stelle &#8211; non Luigi Di Maio &#8211; \u00e8 stato votato da 11 milioni di elettori.<br \/>\n5) Per garantire il rispetto della volont\u00e0 popolare bisognerebbe anzitutto rispettare e applicare la Costituzione. Per fare questo, bisognerebbe anzitutto conoscerla. A Luigi Di Maio consigliamo almeno un ripasso.<br \/>\n<\/span><\/p>\n","protected":false},"excerpt":{"rendered":"<p>\u201cLa mia posizione \u00e8 molto semplice: basta premier non votati da nessuno o ancora peggio premier che hanno perso. Per il resto parlano i numeri. Il Movimento, la Lega, Forza Italia, Fratelli d&#8217;Italia, il Pd hanno tutti proposto agli italiani&hellip;<\/p>\n","protected":false},"author":1280,"featured_media":620435,"comment_status":"closed","ping_status":"closed","sticky":false,"template":"","format":"standard","meta":{"footnotes":""},"categories":[11388,47,162,55],"tags":[4695,44854,40454,3343,44853,4996],"class_list":["post-620425","post","type-post","status-publish","format-standard","has-post-thumbnail","hentry","category-contenuti-originali","category-europa","category-opinioni","category-politica","tag-costituzione-italiana","tag-formazione-del-governo","tag-luigi-di-maio","tag-movimento-5-stelle","tag-premier","tag-presidente-della-repubblica"],"yoast_head":"<!-- This site is optimized with the Yoast SEO plugin v27.1.1 - https:\/\/yoast.com\/product\/yoast-seo-wordpress\/ -->\n<title>Luigi Di Maio e la Costituzione<\/title>\n<meta name=\"description\" content=\"\u201cLa mia posizione \u00e8 molto semplice: basta premier non votati da nessuno o ancora peggio premier che hanno perso. Per il resto parlano i numeri. Il\" \/>\n<meta name=\"robots\" content=\"index, follow, max-snippet:-1, max-image-preview:large, max-video-preview:-1\" \/>\n<link rel=\"canonical\" href=\"https:\/\/www.pressenza.com\/it\/2018\/04\/luigi-maio-la-costituzione\/\" \/>\n<meta property=\"og:locale\" content=\"it_IT\" \/>\n<meta property=\"og:type\" content=\"article\" \/>\n<meta property=\"og:title\" content=\"Luigi Di Maio e la Costituzione\" \/>\n<meta property=\"og:description\" content=\"\u201cLa mia posizione \u00e8 molto semplice: basta premier non votati da nessuno o ancora peggio premier che hanno perso. Per il resto parlano i numeri. Il\" \/>\n<meta property=\"og:url\" content=\"https:\/\/www.pressenza.com\/it\/2018\/04\/luigi-maio-la-costituzione\/\" \/>\n<meta property=\"og:site_name\" content=\"Pressenza\" \/>\n<meta property=\"article:publisher\" content=\"https:\/\/www.facebook.com\/PressenzaItalia\" \/>\n<meta property=\"article:published_time\" content=\"2018-04-02T12:51:03+00:00\" \/>\n<meta property=\"article:modified_time\" content=\"2018-04-02T21:36:40+00:00\" \/>\n<meta property=\"og:image\" content=\"https:\/\/www.pressenza.com\/wp-content\/uploads\/2018\/04\/dimafotogovern.jpg\" \/>\n\t<meta property=\"og:image:width\" content=\"1432\" \/>\n\t<meta property=\"og:image:height\" content=\"664\" \/>\n\t<meta property=\"og:image:type\" content=\"image\/jpeg\" \/>\n<meta name=\"author\" content=\"Rocco Artifoni\" \/>\n<meta name=\"twitter:card\" content=\"summary_large_image\" \/>\n<meta name=\"twitter:creator\" content=\"@PressenzaIPA\" \/>\n<meta name=\"twitter:site\" content=\"@PressenzaIPA\" \/>\n<meta name=\"twitter:label1\" content=\"Scritto da\" \/>\n\t<meta name=\"twitter:data1\" content=\"Rocco Artifoni\" \/>\n\t<meta name=\"twitter:label2\" content=\"Tempo di lettura stimato\" \/>\n\t<meta name=\"twitter:data2\" content=\"2 minuti\" \/>\n<script type=\"application\/ld+json\" class=\"yoast-schema-graph\">{\"@context\":\"https:\/\/schema.org\",\"@graph\":[{\"@type\":\"Article\",\"@id\":\"https:\/\/www.pressenza.com\/it\/2018\/04\/luigi-maio-la-costituzione\/#article\",\"isPartOf\":{\"@id\":\"https:\/\/www.pressenza.com\/it\/2018\/04\/luigi-maio-la-costituzione\/\"},\"author\":{\"name\":\"Rocco Artifoni\",\"@id\":\"https:\/\/www.pressenza.com\/it\/#\/schema\/person\/47253bd773bfdc8f669fc1a490a0d099\"},\"headline\":\"Luigi Di Maio e la Costituzione\",\"datePublished\":\"2018-04-02T12:51:03+00:00\",\"dateModified\":\"2018-04-02T21:36:40+00:00\",\"mainEntityOfPage\":{\"@id\":\"https:\/\/www.pressenza.com\/it\/2018\/04\/luigi-maio-la-costituzione\/\"},\"wordCount\":359,\"publisher\":{\"@id\":\"https:\/\/www.pressenza.com\/it\/#organization\"},\"image\":{\"@id\":\"https:\/\/www.pressenza.com\/it\/2018\/04\/luigi-maio-la-costituzione\/#primaryimage\"},\"thumbnailUrl\":\"https:\/\/www.pressenza.com\/wp-content\/uploads\/2018\/04\/dimafotogovern.jpg\",\"keywords\":[\"Costituzione italiana\",\"formazione del governo\",\"Luigi di Maio\",\"Movimento 5 Stelle\",\"premier\",\"Presidente della Repubblica\"],\"articleSection\":[\"contenuti originali\",\"Europa\",\"Opinioni\",\"Politica\"],\"inLanguage\":\"it-IT\"},{\"@type\":\"WebPage\",\"@id\":\"https:\/\/www.pressenza.com\/it\/2018\/04\/luigi-maio-la-costituzione\/\",\"url\":\"https:\/\/www.pressenza.com\/it\/2018\/04\/luigi-maio-la-costituzione\/\",\"name\":\"Luigi Di Maio e la Costituzione\",\"isPartOf\":{\"@id\":\"https:\/\/www.pressenza.com\/it\/#website\"},\"primaryImageOfPage\":{\"@id\":\"https:\/\/www.pressenza.com\/it\/2018\/04\/luigi-maio-la-costituzione\/#primaryimage\"},\"image\":{\"@id\":\"https:\/\/www.pressenza.com\/it\/2018\/04\/luigi-maio-la-costituzione\/#primaryimage\"},\"thumbnailUrl\":\"https:\/\/www.pressenza.com\/wp-content\/uploads\/2018\/04\/dimafotogovern.jpg\",\"datePublished\":\"2018-04-02T12:51:03+00:00\",\"dateModified\":\"2018-04-02T21:36:40+00:00\",\"description\":\"\u201cLa mia posizione \u00e8 molto semplice: basta premier non votati da nessuno o ancora peggio premier che hanno perso. Per il resto parlano i numeri. Il\",\"breadcrumb\":{\"@id\":\"https:\/\/www.pressenza.com\/it\/2018\/04\/luigi-maio-la-costituzione\/#breadcrumb\"},\"inLanguage\":\"it-IT\",\"potentialAction\":[{\"@type\":\"ReadAction\",\"target\":[\"https:\/\/www.pressenza.com\/it\/2018\/04\/luigi-maio-la-costituzione\/\"]}]},{\"@type\":\"ImageObject\",\"inLanguage\":\"it-IT\",\"@id\":\"https:\/\/www.pressenza.com\/it\/2018\/04\/luigi-maio-la-costituzione\/#primaryimage\",\"url\":\"https:\/\/www.pressenza.com\/wp-content\/uploads\/2018\/04\/dimafotogovern.jpg\",\"contentUrl\":\"https:\/\/www.pressenza.com\/wp-content\/uploads\/2018\/04\/dimafotogovern.jpg\",\"width\":1432,\"height\":664},{\"@type\":\"BreadcrumbList\",\"@id\":\"https:\/\/www.pressenza.com\/it\/2018\/04\/luigi-maio-la-costituzione\/#breadcrumb\",\"itemListElement\":[{\"@type\":\"ListItem\",\"position\":1,\"name\":\"Accueil\",\"item\":\"https:\/\/www.pressenza.com\/it\/\"},{\"@type\":\"ListItem\",\"position\":2,\"name\":\"Luigi Di Maio e la Costituzione\"}]},{\"@type\":\"WebSite\",\"@id\":\"https:\/\/www.pressenza.com\/it\/#website\",\"url\":\"https:\/\/www.pressenza.com\/it\/\",\"name\":\"Pressenza\",\"description\":\"Agenzia di Stampa Internazionale\",\"publisher\":{\"@id\":\"https:\/\/www.pressenza.com\/it\/#organization\"},\"potentialAction\":[{\"@type\":\"SearchAction\",\"target\":{\"@type\":\"EntryPoint\",\"urlTemplate\":\"https:\/\/www.pressenza.com\/it\/?s={search_term_string}\"},\"query-input\":{\"@type\":\"PropertyValueSpecification\",\"valueRequired\":true,\"valueName\":\"search_term_string\"}}],\"inLanguage\":\"it-IT\"},{\"@type\":\"Organization\",\"@id\":\"https:\/\/www.pressenza.com\/it\/#organization\",\"name\":\"Pressenza\",\"url\":\"https:\/\/www.pressenza.com\/it\/\",\"logo\":{\"@type\":\"ImageObject\",\"inLanguage\":\"it-IT\",\"@id\":\"https:\/\/www.pressenza.com\/it\/#\/schema\/logo\/image\/\",\"url\":\"https:\/\/www.pressenza.com\/wp-content\/uploads\/2022\/10\/pressenza_logo_200x200.jpg\",\"contentUrl\":\"https:\/\/www.pressenza.com\/wp-content\/uploads\/2022\/10\/pressenza_logo_200x200.jpg\",\"width\":200,\"height\":200,\"caption\":\"Pressenza\"},\"image\":{\"@id\":\"https:\/\/www.pressenza.com\/it\/#\/schema\/logo\/image\/\"},\"sameAs\":[\"https:\/\/www.facebook.com\/PressenzaItalia\",\"https:\/\/x.com\/PressenzaIPA\"]},{\"@type\":\"Person\",\"@id\":\"https:\/\/www.pressenza.com\/it\/#\/schema\/person\/47253bd773bfdc8f669fc1a490a0d099\",\"name\":\"Rocco Artifoni\",\"description\":\"Rocco Artifoni \u00e8 nato a Bergamo nel 1960. \u00c8 presidente nazionale dell\u2019Associazione per la Riduzione del Debito Pubblico (www.ardep.it) e referente per la Lombardia dell\u2019Associazione Art. 53 (www.articolo53.it). Principali appartenenze e impegni locali (provincia di Bergamo): Consiglio Direttivo della Fondazione Serughetti La Porta (www.laportabergamo.it), Comitato provinciale per l\u2019abolizione delle barriere architettoniche (www.diversabile.it), Coordinamento provinciale di Libera (www.liberabg.it), Comitato bergamasco per la difesa della Costituzione (www.salviamolacostituzione.bg.it), Scuola di educazione e formazione alla politica We Care (www.scuolawecare.it), Redazione della rivista L\u2019Incontro e delle Edizioni Gruppo Aeper (www.aeper.it). Nel 2014 ha pubblicato insieme a Filippo Pizzolato \u201cL\u2019ABC della Costituzione\u201d per le Edizioni Gruppo Aeper con prefazione di don Luigi Ciotti. Nel 2018, insieme a Francesco Gesualdi e Antonio De Lellis, per CADTM Italia ha pubblicato il dossier \u201cFisco &amp; Debito. Gli effetti delle controriforme fiscali sul nostro debito pubblico\u201d.\",\"url\":\"https:\/\/www.pressenza.com\/it\/author\/rocco-artifoni\/\"}]}<\/script>\n<!-- \/ Yoast SEO plugin. -->","yoast_head_json":{"title":"Luigi Di Maio e la Costituzione","description":"\u201cLa mia posizione \u00e8 molto semplice: basta premier non votati da nessuno o ancora peggio premier che hanno perso. Per il resto parlano i numeri. Il","robots":{"index":"index","follow":"follow","max-snippet":"max-snippet:-1","max-image-preview":"max-image-preview:large","max-video-preview":"max-video-preview:-1"},"canonical":"https:\/\/www.pressenza.com\/it\/2018\/04\/luigi-maio-la-costituzione\/","og_locale":"it_IT","og_type":"article","og_title":"Luigi Di Maio e la Costituzione","og_description":"\u201cLa mia posizione \u00e8 molto semplice: basta premier non votati da nessuno o ancora peggio premier che hanno perso. Per il resto parlano i numeri. Il","og_url":"https:\/\/www.pressenza.com\/it\/2018\/04\/luigi-maio-la-costituzione\/","og_site_name":"Pressenza","article_publisher":"https:\/\/www.facebook.com\/PressenzaItalia","article_published_time":"2018-04-02T12:51:03+00:00","article_modified_time":"2018-04-02T21:36:40+00:00","og_image":[{"width":1432,"height":664,"url":"https:\/\/www.pressenza.com\/wp-content\/uploads\/2018\/04\/dimafotogovern.jpg","type":"image\/jpeg"}],"author":"Rocco Artifoni","twitter_card":"summary_large_image","twitter_creator":"@PressenzaIPA","twitter_site":"@PressenzaIPA","twitter_misc":{"Scritto da":"Rocco Artifoni","Tempo di lettura stimato":"2 minuti"},"schema":{"@context":"https:\/\/schema.org","@graph":[{"@type":"Article","@id":"https:\/\/www.pressenza.com\/it\/2018\/04\/luigi-maio-la-costituzione\/#article","isPartOf":{"@id":"https:\/\/www.pressenza.com\/it\/2018\/04\/luigi-maio-la-costituzione\/"},"author":{"name":"Rocco Artifoni","@id":"https:\/\/www.pressenza.com\/it\/#\/schema\/person\/47253bd773bfdc8f669fc1a490a0d099"},"headline":"Luigi Di Maio e la Costituzione","datePublished":"2018-04-02T12:51:03+00:00","dateModified":"2018-04-02T21:36:40+00:00","mainEntityOfPage":{"@id":"https:\/\/www.pressenza.com\/it\/2018\/04\/luigi-maio-la-costituzione\/"},"wordCount":359,"publisher":{"@id":"https:\/\/www.pressenza.com\/it\/#organization"},"image":{"@id":"https:\/\/www.pressenza.com\/it\/2018\/04\/luigi-maio-la-costituzione\/#primaryimage"},"thumbnailUrl":"https:\/\/www.pressenza.com\/wp-content\/uploads\/2018\/04\/dimafotogovern.jpg","keywords":["Costituzione italiana","formazione del governo","Luigi di Maio","Movimento 5 Stelle","premier","Presidente della Repubblica"],"articleSection":["contenuti originali","Europa","Opinioni","Politica"],"inLanguage":"it-IT"},{"@type":"WebPage","@id":"https:\/\/www.pressenza.com\/it\/2018\/04\/luigi-maio-la-costituzione\/","url":"https:\/\/www.pressenza.com\/it\/2018\/04\/luigi-maio-la-costituzione\/","name":"Luigi Di Maio e la Costituzione","isPartOf":{"@id":"https:\/\/www.pressenza.com\/it\/#website"},"primaryImageOfPage":{"@id":"https:\/\/www.pressenza.com\/it\/2018\/04\/luigi-maio-la-costituzione\/#primaryimage"},"image":{"@id":"https:\/\/www.pressenza.com\/it\/2018\/04\/luigi-maio-la-costituzione\/#primaryimage"},"thumbnailUrl":"https:\/\/www.pressenza.com\/wp-content\/uploads\/2018\/04\/dimafotogovern.jpg","datePublished":"2018-04-02T12:51:03+00:00","dateModified":"2018-04-02T21:36:40+00:00","description":"\u201cLa mia posizione \u00e8 molto semplice: basta premier non votati da nessuno o ancora peggio premier che hanno perso. Per il resto parlano i numeri. Il","breadcrumb":{"@id":"https:\/\/www.pressenza.com\/it\/2018\/04\/luigi-maio-la-costituzione\/#breadcrumb"},"inLanguage":"it-IT","potentialAction":[{"@type":"ReadAction","target":["https:\/\/www.pressenza.com\/it\/2018\/04\/luigi-maio-la-costituzione\/"]}]},{"@type":"ImageObject","inLanguage":"it-IT","@id":"https:\/\/www.pressenza.com\/it\/2018\/04\/luigi-maio-la-costituzione\/#primaryimage","url":"https:\/\/www.pressenza.com\/wp-content\/uploads\/2018\/04\/dimafotogovern.jpg","contentUrl":"https:\/\/www.pressenza.com\/wp-content\/uploads\/2018\/04\/dimafotogovern.jpg","width":1432,"height":664},{"@type":"BreadcrumbList","@id":"https:\/\/www.pressenza.com\/it\/2018\/04\/luigi-maio-la-costituzione\/#breadcrumb","itemListElement":[{"@type":"ListItem","position":1,"name":"Accueil","item":"https:\/\/www.pressenza.com\/it\/"},{"@type":"ListItem","position":2,"name":"Luigi Di Maio e la Costituzione"}]},{"@type":"WebSite","@id":"https:\/\/www.pressenza.com\/it\/#website","url":"https:\/\/www.pressenza.com\/it\/","name":"Pressenza","description":"Agenzia di Stampa Internazionale","publisher":{"@id":"https:\/\/www.pressenza.com\/it\/#organization"},"potentialAction":[{"@type":"SearchAction","target":{"@type":"EntryPoint","urlTemplate":"https:\/\/www.pressenza.com\/it\/?s={search_term_string}"},"query-input":{"@type":"PropertyValueSpecification","valueRequired":true,"valueName":"search_term_string"}}],"inLanguage":"it-IT"},{"@type":"Organization","@id":"https:\/\/www.pressenza.com\/it\/#organization","name":"Pressenza","url":"https:\/\/www.pressenza.com\/it\/","logo":{"@type":"ImageObject","inLanguage":"it-IT","@id":"https:\/\/www.pressenza.com\/it\/#\/schema\/logo\/image\/","url":"https:\/\/www.pressenza.com\/wp-content\/uploads\/2022\/10\/pressenza_logo_200x200.jpg","contentUrl":"https:\/\/www.pressenza.com\/wp-content\/uploads\/2022\/10\/pressenza_logo_200x200.jpg","width":200,"height":200,"caption":"Pressenza"},"image":{"@id":"https:\/\/www.pressenza.com\/it\/#\/schema\/logo\/image\/"},"sameAs":["https:\/\/www.facebook.com\/PressenzaItalia","https:\/\/x.com\/PressenzaIPA"]},{"@type":"Person","@id":"https:\/\/www.pressenza.com\/it\/#\/schema\/person\/47253bd773bfdc8f669fc1a490a0d099","name":"Rocco Artifoni","description":"Rocco Artifoni \u00e8 nato a Bergamo nel 1960. \u00c8 presidente nazionale dell\u2019Associazione per la Riduzione del Debito Pubblico (www.ardep.it) e referente per la Lombardia dell\u2019Associazione Art. 53 (www.articolo53.it). Principali appartenenze e impegni locali (provincia di Bergamo): Consiglio Direttivo della Fondazione Serughetti La Porta (www.laportabergamo.it), Comitato provinciale per l\u2019abolizione delle barriere architettoniche (www.diversabile.it), Coordinamento provinciale di Libera (www.liberabg.it), Comitato bergamasco per la difesa della Costituzione (www.salviamolacostituzione.bg.it), Scuola di educazione e formazione alla politica We Care (www.scuolawecare.it), Redazione della rivista L\u2019Incontro e delle Edizioni Gruppo Aeper (www.aeper.it). Nel 2014 ha pubblicato insieme a Filippo Pizzolato \u201cL\u2019ABC della Costituzione\u201d per le Edizioni Gruppo Aeper con prefazione di don Luigi Ciotti. Nel 2018, insieme a Francesco Gesualdi e Antonio De Lellis, per CADTM Italia ha pubblicato il dossier \u201cFisco &amp; Debito. Gli effetti delle controriforme fiscali sul nostro debito pubblico\u201d.","url":"https:\/\/www.pressenza.com\/it\/author\/rocco-artifoni\/"}]}},"place":"","original_article_url":"","_links":{"self":[{"href":"https:\/\/www.pressenza.com\/it\/wp-json\/wp\/v2\/posts\/620425","targetHints":{"allow":["GET"]}}],"collection":[{"href":"https:\/\/www.pressenza.com\/it\/wp-json\/wp\/v2\/posts"}],"about":[{"href":"https:\/\/www.pressenza.com\/it\/wp-json\/wp\/v2\/types\/post"}],"author":[{"embeddable":true,"href":"https:\/\/www.pressenza.com\/it\/wp-json\/wp\/v2\/users\/1280"}],"replies":[{"embeddable":true,"href":"https:\/\/www.pressenza.com\/it\/wp-json\/wp\/v2\/comments?post=620425"}],"version-history":[{"count":0,"href":"https:\/\/www.pressenza.com\/it\/wp-json\/wp\/v2\/posts\/620425\/revisions"}],"wp:featuredmedia":[{"embeddable":true,"href":"https:\/\/www.pressenza.com\/it\/wp-json\/wp\/v2\/media\/620435"}],"wp:attachment":[{"href":"https:\/\/www.pressenza.com\/it\/wp-json\/wp\/v2\/media?parent=620425"}],"wp:term":[{"taxonomy":"category","embeddable":true,"href":"https:\/\/www.pressenza.com\/it\/wp-json\/wp\/v2\/categories?post=620425"},{"taxonomy":"post_tag","embeddable":true,"href":"https:\/\/www.pressenza.com\/it\/wp-json\/wp\/v2\/tags?post=620425"}],"curies":[{"name":"wp","href":"https:\/\/api.w.org\/{rel}","templated":true}]}}