{"id":618623,"date":"2018-03-29T07:44:59","date_gmt":"2018-03-29T06:44:59","guid":{"rendered":"https:\/\/www.pressenza.com\/?p=618623"},"modified":"2018-03-29T18:41:44","modified_gmt":"2018-03-29T17:41:44","slug":"pfas-pfui","status":"publish","type":"post","link":"https:\/\/www.pressenza.com\/it\/2018\/03\/pfas-pfui\/","title":{"rendered":"Pfas? Pfui!!!"},"content":{"rendered":"<p>Sono una delle mamme Nopfas, la mia\u00a0 \u00e8 una storia semplice come quella di tante altre mamme. Abito sui colli Berici\u00a0 a pochi metri dalla magnifica Rocca Pisana del Palladio, in lontananza dal giardino della mia casa vedo le cime innevate dell\u2019Appennino tosco-Emiliano e le distese di campi coltivati che mi ricordano una coperta di tanti colori che avvolge la terra, qualche campanile svetta verso l\u2019alto come a cercare il buon Dio.<br \/>\nAmo la mia terra,\u00a0 mi fa sentire un puntino piccolo piccolo in mezzo a questa grandezza. Chiudo gli occhi e provo a immaginare l\u2019immensa falda acquifera grande come il lago di Garda che scorre sotto di noi e che ha reso il nostro territorio rigoglioso e vivo.<br \/>\nOggi quella falda che d\u00e0 acqua a tre province: Verona, Vicenza e Padova \u00e8 malata e la sua malattia ha un nome: Pfas. \u00c8 l\u2019azienda Miteni di Trissino a produrre queste sostanze dalla met\u00e0 degli anni sessanta e la sua attivit\u00e0 continua\u00a0 indisturbata anche oggi, ma la cosa che mi fa pi\u00f9 rabbia \u00e8 che a causa sua i nostri figli hanno il sangue avvelenato da queste sostanze.<br \/>\nNel 2013, in seguito ad uno studio IRSA-CNR, \u00e8 emerso che questa falda, i fiumi e i canali del nostro territorio sono oramai inesorabilmente inquinati. Nel 2017 la Regione Veneto,\u00a0su pressione del coordinamento dei comitati ambientalisti locali,\u00a0ha avviato\u00a0il biomonitoraggio a partire dai nati nell\u2019anno 2002 fino al 1951; a marzo sono arrivati gli esiti, non pensavo che potessero esserci problemi poich\u00e9 le autorit\u00e0 sanitarie e tutte le istituzioni avevano tranquillizzato la popolazione dicendo che i filtri installati nel 2014 ai nostri acquedotti garantivano acqua potabile di assoluta qualit\u00e0. Apro la busta contenente i risultati delle analisi di mio figlio senza pensare a nulla e leggo: 86,9 mg\/ml di PFOA e 95,5\u00a0 di PFAS in totale&#8230; il range indicato \u00e8 da 1,5 a 8 mg\/ml.<br \/>\nLa prima reazione mi porta ad accendere il computer e cercare questa parola sconosciuta sino allora&#8230;PFAS, per cercare di capire cosa stesse avvelenando il sangue di mio figlio. Riuscivo a capire che aveva un valore dieci volte superiore ai limiti e sentivo solo rabbia e frustrazione: com\u2019era stato possibile che accadesse una cosa simile? Continuo a cercare anche con l\u2019aiuto di mio marito e sul sito del mio comune trovo una relazione della Regione Veneto datata 21\/10\/2016 e firmata dal dott. Mantoan, direttore\u00a0 generale della Sanit\u00e0 veneta. Scopro che c\u2019\u00e8 il nome che cercavo, il nome di chi ha inquinato, di chi ci ha avvelenato a nostra insaputa: responsabile dell\u2019inquinamento \u00e8 al 97% l\u2019azienda Miteni e questa azienda \u00e8 stata dichiarata insalubre di 1 classe nel 1994. Nella relazione si richiede di adottare tempestivi provvedimenti al fine di tutelare la salute pubblica, rimuovere o delocalizzare in tempi strettissimi la Miteni.<br \/>\nLeggo poi che ci sono\u00a0 ben undici patologie correlate a queste sostanze nel sangue, che il sistema di depurazione non risulta essere efficace e che i Pfas non dovrebbero essere presenti nella nostra acqua e nella filiera alimentare.<br \/>\nNon abbiamo parole, restiamo in silenzio sconvolti e da l\u00ec a poco altre mamme mi contattano perch\u00e9, avendo ricevuto anche loro i risultati delle analisi dei figli, hanno scoperto che essi hanno valori\u00a0 in alcuni casi fino ai 300 mg\/ml!!!<br \/>\nQuesto significa\u00a0 che in un millilitro del loro sangue ci sono valori che, rapportati ad un litro di sangue, non sono neanche confrontabili con i valori dei pozzi pi\u00f9 inquinati.<br \/>\nA questo punto decido con altre mamme di organizzarci riunendoci in 24 gruppi locali, uno per ogni comune e col passare del tempo i gruppi aumentano sempre di pi\u00f9. Ci sentiamo estremamente motivate perch\u00e9 \u00e8 in gioco la salute dei nostri figli, tanto che con la nostra energia potremmo spostare le montagne. Non ci fermeremo davanti a niente!<br \/>\nAvevamo piena fiducia nelle istituzioni il cui scopo \u00e8 la tutela della salute di tutti i cittadini, invece adesso abbiamo compreso di avere sbagliato perch\u00e9 dobbiamo tutelare noi la salute dei nostri figli. Cosa fare, come muoverci? Abbiamo dovuto studiare, prepararci, accedere a tutte le informazioni possibili, siamo passate dal subire all\u2019agire. Pur sentendo di combattere contro i mulini a vento abbiamo trovato sempre una forza\u00a0 incontenibile perch\u00e9 non c\u2019\u00e8 mai stato tempo da perdere. Chi ha fatto questo e chi lo ha permesso devono subire la stessa condanna e per raggiungere questo obiettivo abbiamo trovato la motivazione per andare avanti senza sosta.<br \/>\nCon la nostra determinazione di mamme siamo andate a bussare a tutte le porte dei palazzi istituzionali dal Comune, alla Regione Veneto fino ai ministeri romani, restando sempre al di sopra di qualsiasi schieramento politico. Questo ci ha permesso di riscuotere fiducia e apprezzamenti e di ricevere l\u2019aiuto di tutti coloro che prima di noi si sono impegnati per cercare di trovare le soluzioni possibili fin dal 2013. Grazie al loro impegno abbiamo trovato gi\u00e0 tracciate le strade da percorrere. Il 21 marzo 2018 \u00e8 stato decretato lo \u201cstato di emergenza\u201d che dovrebbe velocizzare l\u2019iter per l\u2019esecuzione dei lavori per la costruzione dei nuovi acquedotti allacciati a fonti pulite.<br \/>\nCome cittadini consapevoli abbiamo il diritto di partecipare alle decisioni politiche sull\u2019acqua, perch\u00e9 essa \u00e8 un bene comune e come tale non deve essere propriet\u00e0 di nessuno. Il bene comune comporta che ognuno di noi ha la responsabilit\u00e0 e il dovere di preservarlo per le generazioni future. E noi saremo le sentinelle del bene comune,insieme ai nostri figli e a tutte\/i coloro che vogliono unirsi alla nostra battaglia, che \u00e8 la battaglia per la vita.<\/p>\n<p>Lettera di Michela, Carmen, Marinella e Luca.<\/p>\n<p><a href=\"https:\/\/www.pressenza.com\/it\/2018\/03\/le-mamme-no-pfas-del-veneto\/\">Qui<\/a> una presentazione delle mamme No-PFAS del Veneto<\/p>\n<p>&nbsp;<\/p>\n<p>&nbsp;<\/p>\n","protected":false},"excerpt":{"rendered":"<p>Sono una delle mamme Nopfas, la mia\u00a0 \u00e8 una storia semplice come quella di tante altre mamme. Abito sui colli Berici\u00a0 a pochi metri dalla magnifica Rocca Pisana del Palladio, in lontananza dal giardino della mia casa vedo le cime&hellip;<\/p>\n","protected":false},"author":594,"featured_media":618745,"comment_status":"closed","ping_status":"closed","sticky":false,"template":"","format":"standard","meta":{"footnotes":""},"categories":[11388,59,47,162,1259,496],"tags":[44761,44760,44762,18351,32604,44763,17755,9424,385],"class_list":["post-618623","post","type-post","status-publish","format-standard","has-post-thumbnail","hentry","category-contenuti-originali","category-ambiente-ecologia","category-europa","category-opinioni","category-salute-argomento","category-scienza-tecnologia","tag-falde-inquinate","tag-inquinamento-delle-falde","tag-miteni","tag-padova","tag-pfas","tag-pfoa","tag-regione-veneto","tag-verona","tag-vicenza"],"yoast_head":"<!-- This site is optimized with the Yoast SEO plugin v27.1.1 - https:\/\/yoast.com\/product\/yoast-seo-wordpress\/ -->\n<title>Pfas? Pfui!!!<\/title>\n<meta name=\"description\" content=\"Sono una delle mamme Nopfas, la mia\u00a0 \u00e8 una storia semplice come quella di tante altre mamme. Abito sui colli Berici\u00a0 a pochi metri dalla magnifica Rocca\" \/>\n<meta name=\"robots\" content=\"index, follow, max-snippet:-1, max-image-preview:large, max-video-preview:-1\" \/>\n<link rel=\"canonical\" href=\"https:\/\/www.pressenza.com\/it\/2018\/03\/pfas-pfui\/\" \/>\n<meta property=\"og:locale\" content=\"it_IT\" \/>\n<meta property=\"og:type\" content=\"article\" \/>\n<meta property=\"og:title\" content=\"Pfas? Pfui!!!\" \/>\n<meta property=\"og:description\" content=\"Sono una delle mamme Nopfas, la mia\u00a0 \u00e8 una storia semplice come quella di tante altre mamme. Abito sui colli Berici\u00a0 a pochi metri dalla magnifica Rocca\" \/>\n<meta property=\"og:url\" content=\"https:\/\/www.pressenza.com\/it\/2018\/03\/pfas-pfui\/\" \/>\n<meta property=\"og:site_name\" content=\"Pressenza\" \/>\n<meta property=\"article:publisher\" content=\"https:\/\/www.facebook.com\/PressenzaItalia\" \/>\n<meta property=\"article:author\" content=\"https:\/\/www.facebook.com\/PressenzaItalia\" \/>\n<meta property=\"article:published_time\" content=\"2018-03-29T06:44:59+00:00\" \/>\n<meta property=\"article:modified_time\" content=\"2018-03-29T17:41:44+00:00\" \/>\n<meta property=\"og:image\" content=\"https:\/\/www.pressenza.com\/wp-content\/uploads\/2018\/03\/mamme-nopfas.jpg\" \/>\n\t<meta property=\"og:image:width\" content=\"960\" \/>\n\t<meta property=\"og:image:height\" content=\"720\" \/>\n\t<meta property=\"og:image:type\" content=\"image\/jpeg\" \/>\n<meta name=\"author\" content=\"Redazione Italia\" \/>\n<meta name=\"twitter:card\" content=\"summary_large_image\" \/>\n<meta name=\"twitter:creator\" content=\"@pressenza_it\" \/>\n<meta name=\"twitter:site\" content=\"@PressenzaIPA\" \/>\n<meta name=\"twitter:label1\" content=\"Scritto da\" \/>\n\t<meta name=\"twitter:data1\" content=\"Redazione Italia\" \/>\n\t<meta name=\"twitter:label2\" content=\"Tempo di lettura stimato\" \/>\n\t<meta name=\"twitter:data2\" content=\"5 minuti\" \/>\n<script type=\"application\/ld+json\" class=\"yoast-schema-graph\">{\"@context\":\"https:\/\/schema.org\",\"@graph\":[{\"@type\":\"Article\",\"@id\":\"https:\/\/www.pressenza.com\/it\/2018\/03\/pfas-pfui\/#article\",\"isPartOf\":{\"@id\":\"https:\/\/www.pressenza.com\/it\/2018\/03\/pfas-pfui\/\"},\"author\":{\"name\":\"Redazione Italia\",\"@id\":\"https:\/\/www.pressenza.com\/it\/#\/schema\/person\/d983e81827ae24f2c7b1a2123d197f8d\"},\"headline\":\"Pfas? Pfui!!!\",\"datePublished\":\"2018-03-29T06:44:59+00:00\",\"dateModified\":\"2018-03-29T17:41:44+00:00\",\"mainEntityOfPage\":{\"@id\":\"https:\/\/www.pressenza.com\/it\/2018\/03\/pfas-pfui\/\"},\"wordCount\":925,\"publisher\":{\"@id\":\"https:\/\/www.pressenza.com\/it\/#organization\"},\"image\":{\"@id\":\"https:\/\/www.pressenza.com\/it\/2018\/03\/pfas-pfui\/#primaryimage\"},\"thumbnailUrl\":\"https:\/\/www.pressenza.com\/wp-content\/uploads\/2018\/03\/mamme-nopfas.jpg\",\"keywords\":[\"falde inquinate\",\"inquinamento delle falde\",\"Miteni\",\"Padova\",\"PFAS\",\"PFOA\",\"Regione Veneto\",\"Verona\",\"Vicenza\"],\"articleSection\":[\"contenuti originali\",\"Ecologia ed Ambiente\",\"Europa\",\"Opinioni\",\"Salute\",\"Scienza e Tecnologia\"],\"inLanguage\":\"it-IT\"},{\"@type\":\"WebPage\",\"@id\":\"https:\/\/www.pressenza.com\/it\/2018\/03\/pfas-pfui\/\",\"url\":\"https:\/\/www.pressenza.com\/it\/2018\/03\/pfas-pfui\/\",\"name\":\"Pfas? Pfui!!!\",\"isPartOf\":{\"@id\":\"https:\/\/www.pressenza.com\/it\/#website\"},\"primaryImageOfPage\":{\"@id\":\"https:\/\/www.pressenza.com\/it\/2018\/03\/pfas-pfui\/#primaryimage\"},\"image\":{\"@id\":\"https:\/\/www.pressenza.com\/it\/2018\/03\/pfas-pfui\/#primaryimage\"},\"thumbnailUrl\":\"https:\/\/www.pressenza.com\/wp-content\/uploads\/2018\/03\/mamme-nopfas.jpg\",\"datePublished\":\"2018-03-29T06:44:59+00:00\",\"dateModified\":\"2018-03-29T17:41:44+00:00\",\"description\":\"Sono una delle mamme Nopfas, la mia\u00a0 \u00e8 una storia semplice come quella di tante altre mamme. Abito sui colli Berici\u00a0 a pochi metri dalla magnifica Rocca\",\"breadcrumb\":{\"@id\":\"https:\/\/www.pressenza.com\/it\/2018\/03\/pfas-pfui\/#breadcrumb\"},\"inLanguage\":\"it-IT\",\"potentialAction\":[{\"@type\":\"ReadAction\",\"target\":[\"https:\/\/www.pressenza.com\/it\/2018\/03\/pfas-pfui\/\"]}]},{\"@type\":\"ImageObject\",\"inLanguage\":\"it-IT\",\"@id\":\"https:\/\/www.pressenza.com\/it\/2018\/03\/pfas-pfui\/#primaryimage\",\"url\":\"https:\/\/www.pressenza.com\/wp-content\/uploads\/2018\/03\/mamme-nopfas.jpg\",\"contentUrl\":\"https:\/\/www.pressenza.com\/wp-content\/uploads\/2018\/03\/mamme-nopfas.jpg\",\"width\":960,\"height\":720},{\"@type\":\"BreadcrumbList\",\"@id\":\"https:\/\/www.pressenza.com\/it\/2018\/03\/pfas-pfui\/#breadcrumb\",\"itemListElement\":[{\"@type\":\"ListItem\",\"position\":1,\"name\":\"Accueil\",\"item\":\"https:\/\/www.pressenza.com\/it\/\"},{\"@type\":\"ListItem\",\"position\":2,\"name\":\"Pfas? Pfui!!!\"}]},{\"@type\":\"WebSite\",\"@id\":\"https:\/\/www.pressenza.com\/it\/#website\",\"url\":\"https:\/\/www.pressenza.com\/it\/\",\"name\":\"Pressenza\",\"description\":\"Agenzia di Stampa Internazionale\",\"publisher\":{\"@id\":\"https:\/\/www.pressenza.com\/it\/#organization\"},\"potentialAction\":[{\"@type\":\"SearchAction\",\"target\":{\"@type\":\"EntryPoint\",\"urlTemplate\":\"https:\/\/www.pressenza.com\/it\/?s={search_term_string}\"},\"query-input\":{\"@type\":\"PropertyValueSpecification\",\"valueRequired\":true,\"valueName\":\"search_term_string\"}}],\"inLanguage\":\"it-IT\"},{\"@type\":\"Organization\",\"@id\":\"https:\/\/www.pressenza.com\/it\/#organization\",\"name\":\"Pressenza\",\"url\":\"https:\/\/www.pressenza.com\/it\/\",\"logo\":{\"@type\":\"ImageObject\",\"inLanguage\":\"it-IT\",\"@id\":\"https:\/\/www.pressenza.com\/it\/#\/schema\/logo\/image\/\",\"url\":\"https:\/\/www.pressenza.com\/wp-content\/uploads\/2022\/10\/pressenza_logo_200x200.jpg\",\"contentUrl\":\"https:\/\/www.pressenza.com\/wp-content\/uploads\/2022\/10\/pressenza_logo_200x200.jpg\",\"width\":200,\"height\":200,\"caption\":\"Pressenza\"},\"image\":{\"@id\":\"https:\/\/www.pressenza.com\/it\/#\/schema\/logo\/image\/\"},\"sameAs\":[\"https:\/\/www.facebook.com\/PressenzaItalia\",\"https:\/\/x.com\/PressenzaIPA\"]},{\"@type\":\"Person\",\"@id\":\"https:\/\/www.pressenza.com\/it\/#\/schema\/person\/d983e81827ae24f2c7b1a2123d197f8d\",\"name\":\"Redazione Italia\",\"description\":\"News from the Pressenza Bureau in Italy\",\"sameAs\":[\"https:\/\/www.pressenza.com\/it\/author\/redazione-italia\/\",\"https:\/\/www.facebook.com\/PressenzaItalia\",\"https:\/\/www.instagram.com\/pressenza_italia\/\",\"https:\/\/x.com\/pressenza_it\",\"https:\/\/www.youtube.com\/channel\/UCSalEIWjE1RSxkwjfftFuqg\"],\"url\":\"https:\/\/www.pressenza.com\/it\/author\/redazione-italia\/\"}]}<\/script>\n<!-- \/ Yoast SEO plugin. -->","yoast_head_json":{"title":"Pfas? Pfui!!!","description":"Sono una delle mamme Nopfas, la mia\u00a0 \u00e8 una storia semplice come quella di tante altre mamme. Abito sui colli Berici\u00a0 a pochi metri dalla magnifica Rocca","robots":{"index":"index","follow":"follow","max-snippet":"max-snippet:-1","max-image-preview":"max-image-preview:large","max-video-preview":"max-video-preview:-1"},"canonical":"https:\/\/www.pressenza.com\/it\/2018\/03\/pfas-pfui\/","og_locale":"it_IT","og_type":"article","og_title":"Pfas? Pfui!!!","og_description":"Sono una delle mamme Nopfas, la mia\u00a0 \u00e8 una storia semplice come quella di tante altre mamme. Abito sui colli Berici\u00a0 a pochi metri dalla magnifica Rocca","og_url":"https:\/\/www.pressenza.com\/it\/2018\/03\/pfas-pfui\/","og_site_name":"Pressenza","article_publisher":"https:\/\/www.facebook.com\/PressenzaItalia","article_author":"https:\/\/www.facebook.com\/PressenzaItalia","article_published_time":"2018-03-29T06:44:59+00:00","article_modified_time":"2018-03-29T17:41:44+00:00","og_image":[{"width":960,"height":720,"url":"https:\/\/www.pressenza.com\/wp-content\/uploads\/2018\/03\/mamme-nopfas.jpg","type":"image\/jpeg"}],"author":"Redazione Italia","twitter_card":"summary_large_image","twitter_creator":"@pressenza_it","twitter_site":"@PressenzaIPA","twitter_misc":{"Scritto da":"Redazione Italia","Tempo di lettura stimato":"5 minuti"},"schema":{"@context":"https:\/\/schema.org","@graph":[{"@type":"Article","@id":"https:\/\/www.pressenza.com\/it\/2018\/03\/pfas-pfui\/#article","isPartOf":{"@id":"https:\/\/www.pressenza.com\/it\/2018\/03\/pfas-pfui\/"},"author":{"name":"Redazione Italia","@id":"https:\/\/www.pressenza.com\/it\/#\/schema\/person\/d983e81827ae24f2c7b1a2123d197f8d"},"headline":"Pfas? Pfui!!!","datePublished":"2018-03-29T06:44:59+00:00","dateModified":"2018-03-29T17:41:44+00:00","mainEntityOfPage":{"@id":"https:\/\/www.pressenza.com\/it\/2018\/03\/pfas-pfui\/"},"wordCount":925,"publisher":{"@id":"https:\/\/www.pressenza.com\/it\/#organization"},"image":{"@id":"https:\/\/www.pressenza.com\/it\/2018\/03\/pfas-pfui\/#primaryimage"},"thumbnailUrl":"https:\/\/www.pressenza.com\/wp-content\/uploads\/2018\/03\/mamme-nopfas.jpg","keywords":["falde inquinate","inquinamento delle falde","Miteni","Padova","PFAS","PFOA","Regione Veneto","Verona","Vicenza"],"articleSection":["contenuti originali","Ecologia ed Ambiente","Europa","Opinioni","Salute","Scienza e Tecnologia"],"inLanguage":"it-IT"},{"@type":"WebPage","@id":"https:\/\/www.pressenza.com\/it\/2018\/03\/pfas-pfui\/","url":"https:\/\/www.pressenza.com\/it\/2018\/03\/pfas-pfui\/","name":"Pfas? Pfui!!!","isPartOf":{"@id":"https:\/\/www.pressenza.com\/it\/#website"},"primaryImageOfPage":{"@id":"https:\/\/www.pressenza.com\/it\/2018\/03\/pfas-pfui\/#primaryimage"},"image":{"@id":"https:\/\/www.pressenza.com\/it\/2018\/03\/pfas-pfui\/#primaryimage"},"thumbnailUrl":"https:\/\/www.pressenza.com\/wp-content\/uploads\/2018\/03\/mamme-nopfas.jpg","datePublished":"2018-03-29T06:44:59+00:00","dateModified":"2018-03-29T17:41:44+00:00","description":"Sono una delle mamme Nopfas, la mia\u00a0 \u00e8 una storia semplice come quella di tante altre mamme. Abito sui colli Berici\u00a0 a pochi metri dalla magnifica Rocca","breadcrumb":{"@id":"https:\/\/www.pressenza.com\/it\/2018\/03\/pfas-pfui\/#breadcrumb"},"inLanguage":"it-IT","potentialAction":[{"@type":"ReadAction","target":["https:\/\/www.pressenza.com\/it\/2018\/03\/pfas-pfui\/"]}]},{"@type":"ImageObject","inLanguage":"it-IT","@id":"https:\/\/www.pressenza.com\/it\/2018\/03\/pfas-pfui\/#primaryimage","url":"https:\/\/www.pressenza.com\/wp-content\/uploads\/2018\/03\/mamme-nopfas.jpg","contentUrl":"https:\/\/www.pressenza.com\/wp-content\/uploads\/2018\/03\/mamme-nopfas.jpg","width":960,"height":720},{"@type":"BreadcrumbList","@id":"https:\/\/www.pressenza.com\/it\/2018\/03\/pfas-pfui\/#breadcrumb","itemListElement":[{"@type":"ListItem","position":1,"name":"Accueil","item":"https:\/\/www.pressenza.com\/it\/"},{"@type":"ListItem","position":2,"name":"Pfas? Pfui!!!"}]},{"@type":"WebSite","@id":"https:\/\/www.pressenza.com\/it\/#website","url":"https:\/\/www.pressenza.com\/it\/","name":"Pressenza","description":"Agenzia di Stampa Internazionale","publisher":{"@id":"https:\/\/www.pressenza.com\/it\/#organization"},"potentialAction":[{"@type":"SearchAction","target":{"@type":"EntryPoint","urlTemplate":"https:\/\/www.pressenza.com\/it\/?s={search_term_string}"},"query-input":{"@type":"PropertyValueSpecification","valueRequired":true,"valueName":"search_term_string"}}],"inLanguage":"it-IT"},{"@type":"Organization","@id":"https:\/\/www.pressenza.com\/it\/#organization","name":"Pressenza","url":"https:\/\/www.pressenza.com\/it\/","logo":{"@type":"ImageObject","inLanguage":"it-IT","@id":"https:\/\/www.pressenza.com\/it\/#\/schema\/logo\/image\/","url":"https:\/\/www.pressenza.com\/wp-content\/uploads\/2022\/10\/pressenza_logo_200x200.jpg","contentUrl":"https:\/\/www.pressenza.com\/wp-content\/uploads\/2022\/10\/pressenza_logo_200x200.jpg","width":200,"height":200,"caption":"Pressenza"},"image":{"@id":"https:\/\/www.pressenza.com\/it\/#\/schema\/logo\/image\/"},"sameAs":["https:\/\/www.facebook.com\/PressenzaItalia","https:\/\/x.com\/PressenzaIPA"]},{"@type":"Person","@id":"https:\/\/www.pressenza.com\/it\/#\/schema\/person\/d983e81827ae24f2c7b1a2123d197f8d","name":"Redazione Italia","description":"News from the Pressenza Bureau in Italy","sameAs":["https:\/\/www.pressenza.com\/it\/author\/redazione-italia\/","https:\/\/www.facebook.com\/PressenzaItalia","https:\/\/www.instagram.com\/pressenza_italia\/","https:\/\/x.com\/pressenza_it","https:\/\/www.youtube.com\/channel\/UCSalEIWjE1RSxkwjfftFuqg"],"url":"https:\/\/www.pressenza.com\/it\/author\/redazione-italia\/"}]}},"place":"","original_article_url":"","_links":{"self":[{"href":"https:\/\/www.pressenza.com\/it\/wp-json\/wp\/v2\/posts\/618623","targetHints":{"allow":["GET"]}}],"collection":[{"href":"https:\/\/www.pressenza.com\/it\/wp-json\/wp\/v2\/posts"}],"about":[{"href":"https:\/\/www.pressenza.com\/it\/wp-json\/wp\/v2\/types\/post"}],"author":[{"embeddable":true,"href":"https:\/\/www.pressenza.com\/it\/wp-json\/wp\/v2\/users\/594"}],"replies":[{"embeddable":true,"href":"https:\/\/www.pressenza.com\/it\/wp-json\/wp\/v2\/comments?post=618623"}],"version-history":[{"count":0,"href":"https:\/\/www.pressenza.com\/it\/wp-json\/wp\/v2\/posts\/618623\/revisions"}],"wp:featuredmedia":[{"embeddable":true,"href":"https:\/\/www.pressenza.com\/it\/wp-json\/wp\/v2\/media\/618745"}],"wp:attachment":[{"href":"https:\/\/www.pressenza.com\/it\/wp-json\/wp\/v2\/media?parent=618623"}],"wp:term":[{"taxonomy":"category","embeddable":true,"href":"https:\/\/www.pressenza.com\/it\/wp-json\/wp\/v2\/categories?post=618623"},{"taxonomy":"post_tag","embeddable":true,"href":"https:\/\/www.pressenza.com\/it\/wp-json\/wp\/v2\/tags?post=618623"}],"curies":[{"name":"wp","href":"https:\/\/api.w.org\/{rel}","templated":true}]}}