{"id":613062,"date":"2018-03-19T14:59:40","date_gmt":"2018-03-19T14:59:40","guid":{"rendered":"https:\/\/www.pressenza.com\/?p=613062"},"modified":"2018-03-19T14:59:40","modified_gmt":"2018-03-19T14:59:40","slug":"diseguaglianze-disoccupazione-giovanile-sviluppo-sociale-nel-mediterraneo-progetto-dellassociazione-omega","status":"publish","type":"post","link":"https:\/\/www.pressenza.com\/it\/2018\/03\/diseguaglianze-disoccupazione-giovanile-sviluppo-sociale-nel-mediterraneo-progetto-dellassociazione-omega\/","title":{"rendered":"Diseguaglianze, disoccupazione giovanile e sviluppo sociale nel Mediterraneo: progetto dell&#8217;associazione &#8220;OMeGA&#8221; \u00a0"},"content":{"rendered":"<p>Articolo di <strong>Fabrizio Federici<\/strong><\/p>\n<p>&nbsp;<\/p>\n<p>Al Circolo Ufficiali della Marina in Lungotevere Flaminio, s&#8217;\u00e8 tenuto ultimamente il primo dei &#8220;convegni metropolitani&#8221; d&#8217;approfondimento del progetto &#8220;Ichnusa incontra Mare Nostrum&#8221;: varato da OMeGA, Osservatorio Mediterraneo di Geopolitica e Antropologia, associazione culturale che vuole diffondere la conoscenza del Mediterraneo mediante attivit\u00e0 congressuali e periodici &#8220;eventi d&#8217;incontro&#8221;, per creare un regolare partenariato tra forze sociali e imprenditoriali di tutta l&#8217;area.<\/p>\n<p>Centrato sul tema &#8220;Mediterraneo-Diseguaglianze, disoccupazione giovanile, lavoro e stabilit\u00e0 sociale&#8221;, il convegno \u00e8 stato aperto dall&#8217;Ammiraglio Enrico La Rosa, Presidente di OMeGA, che ha spiegato obbiettivi e tappe del progetto. &#8220;Favorire lo scambio, il dialogo e la conoscenza reciproca tra i giovani e i popoli del Mediterraneo, contribuendo inoltre a fare della Sardegna un polo innovativo economico-culturale (anzitutto con la diffusione di un&#8217;innovativa metodologia di scambio musicale, che offra reali possibilit\u00e0 di lavoro nella musica a giovani dei Paesi rivieraschi).<\/p>\n<p>Inoltre, la possibilit\u00e0 di creare metodologie di sviluppo economico sostenibile sar\u00e0 discussa in vari convegni tematici che tra fine luglio e agosto prossimi organizzeremo in 5 diverse localit\u00e0 della costa sarda (Cagliari, Santa Maria Navarrese, La Maddalena, Alghero e Carloforte all&#8217;Isola di S.Pietro, sede di una delle rare tonnare &#8220;fisse&#8221; superstiti del Mediterraneo)&#8221;.<\/p>\n<p>La crescita di diseguaglianze in tutti i Paesi del Mediterraneo (fattore, quest&#8217;ultimo, tra i primi che nel 2011, partendo dalla Tunisia, hanno acceso la miccia delle &#8220;Primavere arabe&#8221;). La crisi dell&#8217;occupazione giovanile in tutta la regione, sul &#8220;modello&#8221; dell&#8217;Europa continentale; ma anche la possibilit\u00e0 di recuperare attivit\u00e0 lavorative tradizionali (nel settore agroalimentare, nell&#8217; artigianato, ecc), pure come antidoto ai guasti dell&#8217;omologazione e standardizzazione causate dalla globalizzazione.<\/p>\n<p>Questi, i temi specifici del primo convegno d&#8217;approfondimento di &#8220;Ichnusa&#8221;: dove ai problemi economico-sociali s&#8217;\u00e8 affiancato il necessario approfondimento di quelli geopolitici.<\/p>\n<p>Germano Dottori, docente di Studi strategici presso la &#8220;LUISS-Guido Carli&#8221;, gi\u00e0 consulente di Camera e Senato in tema di affari esteri, difesa e sicurezza interna, ha evidenziato anzitutto le diverse visioni del ruolo degli USA nel mondo esistenti tra l&#8217;amministrazione Obama e quella di Trump. &#8220;Obama non voleva una democratizzazione del Medio Oriente di tipo occidentalizzante, come pensava Bush, ma conforme alla mentalit\u00e0 islamica, quindi coinvolgente il pi\u00f9 possibile le forze politiche locali; Trump invece ama una stabilizzazione del mondo a largo raggio, necessaria per rilanciare l&#8217;economia americana ma col minimo coinvolgimento possibile delle forze armate USA. Questo, per\u00f2, ha significato lasciare via libera, nel tragico &#8220;mattatoio&#8221; siriano, all&#8217;interventismo russo, che a sua volta ha messo in allarme la Turchia&#8221;.<\/p>\n<p>Luigi Paganetto, docente ordinario di Economia internazionale all&#8217; Universit\u00e0 di Roma-Tor Vergata, s&#8217;\u00e8 soffermato pi\u00f9 sugli aspetti economico-sociali dei grandi cambiamenti in corso nei Paesi del Mediterraneo.<\/p>\n<p>Alberto Negri, giornalista, inviato speciale del &#8220;Sole-24 Ore&#8221;, ha messo il dito nella piaga della frequente incapacit\u00e0 del nostro Paese di tutelare i propri legittimi interessi: &#8220;Come emerso nella crisi libica del 2011, quando Francia e Gran Bretagna, preoccupate dal progetto di Gheddafi di creare un dinaro africano, che sarebbe stato una moneta pericolosa concorrente del franco della Comunit\u00e0 francese, con l&#8217;alibi di riportare la democrazia in Libia decisero l&#8217; intervento armato contro il dittatore.<\/p>\n<p>E l&#8217;Italia, che vantava da decenni un legame privilegiato con quel Paese, non solo non si oppose, ma addirittura concesse l&#8217;uso delle basi militari USA sul suo territorio per bombardare la Libia: accettando quella che, in realt\u00e0, \u00e8 stata la peggiore nostra sconfitta dopo la Seconda guerra mondiale&#8221;.<\/p>\n<p>Mario Boffo, ambasciatore emerito (gi\u00e0 Capo missione diplomatica in Yemen e Arabia Saudita), ha evidenziato la natura della destabilizzazione, travestita da stabilizzazione, come principale, sbrigativo sistema di governo delle relazioni internazionali usato oggi dalle superpotenze. &#8220;Ma quel che \u00e8 pi\u00f9 grave, nella crisi in corso nel Mediterraneo dal 2011 in poi, \u00e8 l&#8217;assenza dell&#8217;Europa (non solo quella comunitaria). L&#8217;Europa non ha saputo parlare ai popoli del Mediterraneo; mentre una politica diversa, basata su accordi internazionali e formule di partenariato economico-sociale, avrebbe potuto innescare una graduale osmosi tra questi Paesi e quelli europei, e ridurre fortemente il flusso immigratorio&#8221;.<\/p>\n<p>In chiusura, &#8220;Insieme&#8221;, Associazione Volontari in Cure Palliative ONLUS, iscritta al registro ONLUS del Lazio e alla Federazione Cure Palliative, che si occupa fortemente di malati terminali, ha esposto i suoi programmi d&#8217; intervento 2018 per il sostegno pratico, psicosociale e morale ai malati e alle loro famiglie.<\/p>\n","protected":false},"excerpt":{"rendered":"<p>Articolo di Fabrizio Federici &nbsp; Al Circolo Ufficiali della Marina in Lungotevere Flaminio, s&#8217;\u00e8 tenuto ultimamente il primo dei &#8220;convegni metropolitani&#8221; d&#8217;approfondimento del progetto &#8220;Ichnusa incontra Mare Nostrum&#8221;: varato da OMeGA, Osservatorio Mediterraneo di Geopolitica e Antropologia, associazione culturale che&hellip;<\/p>\n","protected":false},"author":594,"featured_media":613077,"comment_status":"closed","ping_status":"closed","sticky":false,"template":"","format":"standard","meta":{"footnotes":""},"categories":[150,56],"tags":[44508,1800,28914,1324,44509,4441,44510],"class_list":["post-613062","post","type-post","status-publish","format-standard","has-post-thumbnail","hentry","category-comunicati-stampa","category-cultura","tag-associazione-omega","tag-convegno","tag-diseguaglianze","tag-disoccupazione","tag-geopolitca","tag-mediterraneo","tag-sviluppo-sociale"],"yoast_head":"<!-- This site is optimized with the Yoast SEO plugin v27.1.1 - https:\/\/yoast.com\/product\/yoast-seo-wordpress\/ -->\n<title>Diseguaglianze, disoccupazione giovanile e sviluppo sociale nel Mediterraneo: progetto dell&#039;associazione &quot;OMeGA&quot; \u00a0<\/title>\n<meta name=\"description\" content=\"Articolo di Fabrizio Federici &nbsp; Al Circolo Ufficiali della Marina in Lungotevere Flaminio, s&#039;\u00e8 tenuto ultimamente il primo dei &quot;convegni\" \/>\n<meta name=\"robots\" content=\"index, follow, max-snippet:-1, max-image-preview:large, max-video-preview:-1\" \/>\n<link rel=\"canonical\" href=\"https:\/\/www.pressenza.com\/it\/2018\/03\/diseguaglianze-disoccupazione-giovanile-sviluppo-sociale-nel-mediterraneo-progetto-dellassociazione-omega\/\" \/>\n<meta property=\"og:locale\" content=\"it_IT\" \/>\n<meta property=\"og:type\" content=\"article\" \/>\n<meta property=\"og:title\" content=\"Diseguaglianze, disoccupazione giovanile e sviluppo sociale nel Mediterraneo: progetto dell&#039;associazione &quot;OMeGA&quot; \u00a0\" \/>\n<meta property=\"og:description\" content=\"Articolo di Fabrizio Federici &nbsp; Al Circolo Ufficiali della Marina in Lungotevere Flaminio, s&#039;\u00e8 tenuto ultimamente il primo dei &quot;convegni\" \/>\n<meta property=\"og:url\" content=\"https:\/\/www.pressenza.com\/it\/2018\/03\/diseguaglianze-disoccupazione-giovanile-sviluppo-sociale-nel-mediterraneo-progetto-dellassociazione-omega\/\" \/>\n<meta property=\"og:site_name\" content=\"Pressenza\" \/>\n<meta property=\"article:publisher\" content=\"https:\/\/www.facebook.com\/PressenzaItalia\" \/>\n<meta property=\"article:author\" content=\"https:\/\/www.facebook.com\/PressenzaItalia\" \/>\n<meta property=\"article:published_time\" content=\"2018-03-19T14:59:40+00:00\" \/>\n<meta property=\"og:image\" content=\"https:\/\/www.pressenza.com\/wp-content\/uploads\/2018\/03\/1312201501-720x452-1-720x452.jpeg\" \/>\n\t<meta property=\"og:image:width\" content=\"720\" \/>\n\t<meta property=\"og:image:height\" content=\"452\" \/>\n\t<meta property=\"og:image:type\" content=\"image\/jpeg\" \/>\n<meta name=\"author\" content=\"Redazione Italia\" \/>\n<meta name=\"twitter:card\" content=\"summary_large_image\" \/>\n<meta name=\"twitter:creator\" content=\"@pressenza_it\" \/>\n<meta name=\"twitter:site\" content=\"@PressenzaIPA\" \/>\n<meta name=\"twitter:label1\" content=\"Scritto da\" \/>\n\t<meta name=\"twitter:data1\" content=\"Redazione Italia\" \/>\n\t<meta name=\"twitter:label2\" content=\"Tempo di lettura stimato\" \/>\n\t<meta name=\"twitter:data2\" content=\"3 minuti\" \/>\n<script type=\"application\/ld+json\" class=\"yoast-schema-graph\">{\"@context\":\"https:\/\/schema.org\",\"@graph\":[{\"@type\":\"Article\",\"@id\":\"https:\/\/www.pressenza.com\/it\/2018\/03\/diseguaglianze-disoccupazione-giovanile-sviluppo-sociale-nel-mediterraneo-progetto-dellassociazione-omega\/#article\",\"isPartOf\":{\"@id\":\"https:\/\/www.pressenza.com\/it\/2018\/03\/diseguaglianze-disoccupazione-giovanile-sviluppo-sociale-nel-mediterraneo-progetto-dellassociazione-omega\/\"},\"author\":{\"name\":\"Redazione Italia\",\"@id\":\"https:\/\/www.pressenza.com\/it\/#\/schema\/person\/d983e81827ae24f2c7b1a2123d197f8d\"},\"headline\":\"Diseguaglianze, disoccupazione giovanile e sviluppo sociale nel Mediterraneo: progetto dell&#8217;associazione &#8220;OMeGA&#8221; \u00a0\",\"datePublished\":\"2018-03-19T14:59:40+00:00\",\"mainEntityOfPage\":{\"@id\":\"https:\/\/www.pressenza.com\/it\/2018\/03\/diseguaglianze-disoccupazione-giovanile-sviluppo-sociale-nel-mediterraneo-progetto-dellassociazione-omega\/\"},\"wordCount\":727,\"publisher\":{\"@id\":\"https:\/\/www.pressenza.com\/it\/#organization\"},\"image\":{\"@id\":\"https:\/\/www.pressenza.com\/it\/2018\/03\/diseguaglianze-disoccupazione-giovanile-sviluppo-sociale-nel-mediterraneo-progetto-dellassociazione-omega\/#primaryimage\"},\"thumbnailUrl\":\"https:\/\/www.pressenza.com\/wp-content\/uploads\/2018\/03\/1312201501-720x452-1-720x452.jpeg\",\"keywords\":[\"Associazione OMeGA\",\"convegno\",\"diseguaglianze\",\"disoccupazione\",\"geopolitca\",\"Mediterraneo\",\"sviluppo sociale\"],\"articleSection\":[\"Comunicati Stampa\",\"Cultura e Media\"],\"inLanguage\":\"it-IT\"},{\"@type\":\"WebPage\",\"@id\":\"https:\/\/www.pressenza.com\/it\/2018\/03\/diseguaglianze-disoccupazione-giovanile-sviluppo-sociale-nel-mediterraneo-progetto-dellassociazione-omega\/\",\"url\":\"https:\/\/www.pressenza.com\/it\/2018\/03\/diseguaglianze-disoccupazione-giovanile-sviluppo-sociale-nel-mediterraneo-progetto-dellassociazione-omega\/\",\"name\":\"Diseguaglianze, disoccupazione giovanile e sviluppo sociale nel Mediterraneo: progetto dell'associazione \\\"OMeGA\\\" \u00a0\",\"isPartOf\":{\"@id\":\"https:\/\/www.pressenza.com\/it\/#website\"},\"primaryImageOfPage\":{\"@id\":\"https:\/\/www.pressenza.com\/it\/2018\/03\/diseguaglianze-disoccupazione-giovanile-sviluppo-sociale-nel-mediterraneo-progetto-dellassociazione-omega\/#primaryimage\"},\"image\":{\"@id\":\"https:\/\/www.pressenza.com\/it\/2018\/03\/diseguaglianze-disoccupazione-giovanile-sviluppo-sociale-nel-mediterraneo-progetto-dellassociazione-omega\/#primaryimage\"},\"thumbnailUrl\":\"https:\/\/www.pressenza.com\/wp-content\/uploads\/2018\/03\/1312201501-720x452-1-720x452.jpeg\",\"datePublished\":\"2018-03-19T14:59:40+00:00\",\"description\":\"Articolo di Fabrizio Federici &nbsp; Al Circolo Ufficiali della Marina in Lungotevere Flaminio, s'\u00e8 tenuto ultimamente il primo dei \\\"convegni\",\"breadcrumb\":{\"@id\":\"https:\/\/www.pressenza.com\/it\/2018\/03\/diseguaglianze-disoccupazione-giovanile-sviluppo-sociale-nel-mediterraneo-progetto-dellassociazione-omega\/#breadcrumb\"},\"inLanguage\":\"it-IT\",\"potentialAction\":[{\"@type\":\"ReadAction\",\"target\":[\"https:\/\/www.pressenza.com\/it\/2018\/03\/diseguaglianze-disoccupazione-giovanile-sviluppo-sociale-nel-mediterraneo-progetto-dellassociazione-omega\/\"]}]},{\"@type\":\"ImageObject\",\"inLanguage\":\"it-IT\",\"@id\":\"https:\/\/www.pressenza.com\/it\/2018\/03\/diseguaglianze-disoccupazione-giovanile-sviluppo-sociale-nel-mediterraneo-progetto-dellassociazione-omega\/#primaryimage\",\"url\":\"https:\/\/www.pressenza.com\/wp-content\/uploads\/2018\/03\/1312201501-720x452-1-720x452.jpeg\",\"contentUrl\":\"https:\/\/www.pressenza.com\/wp-content\/uploads\/2018\/03\/1312201501-720x452-1-720x452.jpeg\",\"width\":720,\"height\":452},{\"@type\":\"BreadcrumbList\",\"@id\":\"https:\/\/www.pressenza.com\/it\/2018\/03\/diseguaglianze-disoccupazione-giovanile-sviluppo-sociale-nel-mediterraneo-progetto-dellassociazione-omega\/#breadcrumb\",\"itemListElement\":[{\"@type\":\"ListItem\",\"position\":1,\"name\":\"Accueil\",\"item\":\"https:\/\/www.pressenza.com\/it\/\"},{\"@type\":\"ListItem\",\"position\":2,\"name\":\"Diseguaglianze, disoccupazione giovanile e sviluppo sociale nel Mediterraneo: progetto dell&#8217;associazione &#8220;OMeGA&#8221; \u00a0\"}]},{\"@type\":\"WebSite\",\"@id\":\"https:\/\/www.pressenza.com\/it\/#website\",\"url\":\"https:\/\/www.pressenza.com\/it\/\",\"name\":\"Pressenza\",\"description\":\"Agenzia di Stampa Internazionale\",\"publisher\":{\"@id\":\"https:\/\/www.pressenza.com\/it\/#organization\"},\"potentialAction\":[{\"@type\":\"SearchAction\",\"target\":{\"@type\":\"EntryPoint\",\"urlTemplate\":\"https:\/\/www.pressenza.com\/it\/?s={search_term_string}\"},\"query-input\":{\"@type\":\"PropertyValueSpecification\",\"valueRequired\":true,\"valueName\":\"search_term_string\"}}],\"inLanguage\":\"it-IT\"},{\"@type\":\"Organization\",\"@id\":\"https:\/\/www.pressenza.com\/it\/#organization\",\"name\":\"Pressenza\",\"url\":\"https:\/\/www.pressenza.com\/it\/\",\"logo\":{\"@type\":\"ImageObject\",\"inLanguage\":\"it-IT\",\"@id\":\"https:\/\/www.pressenza.com\/it\/#\/schema\/logo\/image\/\",\"url\":\"https:\/\/www.pressenza.com\/wp-content\/uploads\/2022\/10\/pressenza_logo_200x200.jpg\",\"contentUrl\":\"https:\/\/www.pressenza.com\/wp-content\/uploads\/2022\/10\/pressenza_logo_200x200.jpg\",\"width\":200,\"height\":200,\"caption\":\"Pressenza\"},\"image\":{\"@id\":\"https:\/\/www.pressenza.com\/it\/#\/schema\/logo\/image\/\"},\"sameAs\":[\"https:\/\/www.facebook.com\/PressenzaItalia\",\"https:\/\/x.com\/PressenzaIPA\"]},{\"@type\":\"Person\",\"@id\":\"https:\/\/www.pressenza.com\/it\/#\/schema\/person\/d983e81827ae24f2c7b1a2123d197f8d\",\"name\":\"Redazione Italia\",\"description\":\"News from the Pressenza Bureau in Italy\",\"sameAs\":[\"https:\/\/www.pressenza.com\/it\/author\/redazione-italia\/\",\"https:\/\/www.facebook.com\/PressenzaItalia\",\"https:\/\/www.instagram.com\/pressenza_italia\/\",\"https:\/\/x.com\/pressenza_it\",\"https:\/\/www.youtube.com\/channel\/UCSalEIWjE1RSxkwjfftFuqg\"],\"url\":\"https:\/\/www.pressenza.com\/it\/author\/redazione-italia\/\"}]}<\/script>\n<!-- \/ Yoast SEO plugin. -->","yoast_head_json":{"title":"Diseguaglianze, disoccupazione giovanile e sviluppo sociale nel Mediterraneo: progetto dell'associazione \"OMeGA\" \u00a0","description":"Articolo di Fabrizio Federici &nbsp; Al Circolo Ufficiali della Marina in Lungotevere Flaminio, s'\u00e8 tenuto ultimamente il primo dei \"convegni","robots":{"index":"index","follow":"follow","max-snippet":"max-snippet:-1","max-image-preview":"max-image-preview:large","max-video-preview":"max-video-preview:-1"},"canonical":"https:\/\/www.pressenza.com\/it\/2018\/03\/diseguaglianze-disoccupazione-giovanile-sviluppo-sociale-nel-mediterraneo-progetto-dellassociazione-omega\/","og_locale":"it_IT","og_type":"article","og_title":"Diseguaglianze, disoccupazione giovanile e sviluppo sociale nel Mediterraneo: progetto dell'associazione \"OMeGA\" \u00a0","og_description":"Articolo di Fabrizio Federici &nbsp; Al Circolo Ufficiali della Marina in Lungotevere Flaminio, s'\u00e8 tenuto ultimamente il primo dei \"convegni","og_url":"https:\/\/www.pressenza.com\/it\/2018\/03\/diseguaglianze-disoccupazione-giovanile-sviluppo-sociale-nel-mediterraneo-progetto-dellassociazione-omega\/","og_site_name":"Pressenza","article_publisher":"https:\/\/www.facebook.com\/PressenzaItalia","article_author":"https:\/\/www.facebook.com\/PressenzaItalia","article_published_time":"2018-03-19T14:59:40+00:00","og_image":[{"width":720,"height":452,"url":"https:\/\/www.pressenza.com\/wp-content\/uploads\/2018\/03\/1312201501-720x452-1-720x452.jpeg","type":"image\/jpeg"}],"author":"Redazione Italia","twitter_card":"summary_large_image","twitter_creator":"@pressenza_it","twitter_site":"@PressenzaIPA","twitter_misc":{"Scritto da":"Redazione Italia","Tempo di lettura stimato":"3 minuti"},"schema":{"@context":"https:\/\/schema.org","@graph":[{"@type":"Article","@id":"https:\/\/www.pressenza.com\/it\/2018\/03\/diseguaglianze-disoccupazione-giovanile-sviluppo-sociale-nel-mediterraneo-progetto-dellassociazione-omega\/#article","isPartOf":{"@id":"https:\/\/www.pressenza.com\/it\/2018\/03\/diseguaglianze-disoccupazione-giovanile-sviluppo-sociale-nel-mediterraneo-progetto-dellassociazione-omega\/"},"author":{"name":"Redazione Italia","@id":"https:\/\/www.pressenza.com\/it\/#\/schema\/person\/d983e81827ae24f2c7b1a2123d197f8d"},"headline":"Diseguaglianze, disoccupazione giovanile e sviluppo sociale nel Mediterraneo: progetto dell&#8217;associazione &#8220;OMeGA&#8221; \u00a0","datePublished":"2018-03-19T14:59:40+00:00","mainEntityOfPage":{"@id":"https:\/\/www.pressenza.com\/it\/2018\/03\/diseguaglianze-disoccupazione-giovanile-sviluppo-sociale-nel-mediterraneo-progetto-dellassociazione-omega\/"},"wordCount":727,"publisher":{"@id":"https:\/\/www.pressenza.com\/it\/#organization"},"image":{"@id":"https:\/\/www.pressenza.com\/it\/2018\/03\/diseguaglianze-disoccupazione-giovanile-sviluppo-sociale-nel-mediterraneo-progetto-dellassociazione-omega\/#primaryimage"},"thumbnailUrl":"https:\/\/www.pressenza.com\/wp-content\/uploads\/2018\/03\/1312201501-720x452-1-720x452.jpeg","keywords":["Associazione OMeGA","convegno","diseguaglianze","disoccupazione","geopolitca","Mediterraneo","sviluppo sociale"],"articleSection":["Comunicati Stampa","Cultura e Media"],"inLanguage":"it-IT"},{"@type":"WebPage","@id":"https:\/\/www.pressenza.com\/it\/2018\/03\/diseguaglianze-disoccupazione-giovanile-sviluppo-sociale-nel-mediterraneo-progetto-dellassociazione-omega\/","url":"https:\/\/www.pressenza.com\/it\/2018\/03\/diseguaglianze-disoccupazione-giovanile-sviluppo-sociale-nel-mediterraneo-progetto-dellassociazione-omega\/","name":"Diseguaglianze, disoccupazione giovanile e sviluppo sociale nel Mediterraneo: progetto dell'associazione \"OMeGA\" \u00a0","isPartOf":{"@id":"https:\/\/www.pressenza.com\/it\/#website"},"primaryImageOfPage":{"@id":"https:\/\/www.pressenza.com\/it\/2018\/03\/diseguaglianze-disoccupazione-giovanile-sviluppo-sociale-nel-mediterraneo-progetto-dellassociazione-omega\/#primaryimage"},"image":{"@id":"https:\/\/www.pressenza.com\/it\/2018\/03\/diseguaglianze-disoccupazione-giovanile-sviluppo-sociale-nel-mediterraneo-progetto-dellassociazione-omega\/#primaryimage"},"thumbnailUrl":"https:\/\/www.pressenza.com\/wp-content\/uploads\/2018\/03\/1312201501-720x452-1-720x452.jpeg","datePublished":"2018-03-19T14:59:40+00:00","description":"Articolo di Fabrizio Federici &nbsp; Al Circolo Ufficiali della Marina in Lungotevere Flaminio, s'\u00e8 tenuto ultimamente il primo dei \"convegni","breadcrumb":{"@id":"https:\/\/www.pressenza.com\/it\/2018\/03\/diseguaglianze-disoccupazione-giovanile-sviluppo-sociale-nel-mediterraneo-progetto-dellassociazione-omega\/#breadcrumb"},"inLanguage":"it-IT","potentialAction":[{"@type":"ReadAction","target":["https:\/\/www.pressenza.com\/it\/2018\/03\/diseguaglianze-disoccupazione-giovanile-sviluppo-sociale-nel-mediterraneo-progetto-dellassociazione-omega\/"]}]},{"@type":"ImageObject","inLanguage":"it-IT","@id":"https:\/\/www.pressenza.com\/it\/2018\/03\/diseguaglianze-disoccupazione-giovanile-sviluppo-sociale-nel-mediterraneo-progetto-dellassociazione-omega\/#primaryimage","url":"https:\/\/www.pressenza.com\/wp-content\/uploads\/2018\/03\/1312201501-720x452-1-720x452.jpeg","contentUrl":"https:\/\/www.pressenza.com\/wp-content\/uploads\/2018\/03\/1312201501-720x452-1-720x452.jpeg","width":720,"height":452},{"@type":"BreadcrumbList","@id":"https:\/\/www.pressenza.com\/it\/2018\/03\/diseguaglianze-disoccupazione-giovanile-sviluppo-sociale-nel-mediterraneo-progetto-dellassociazione-omega\/#breadcrumb","itemListElement":[{"@type":"ListItem","position":1,"name":"Accueil","item":"https:\/\/www.pressenza.com\/it\/"},{"@type":"ListItem","position":2,"name":"Diseguaglianze, disoccupazione giovanile e sviluppo sociale nel Mediterraneo: progetto dell&#8217;associazione &#8220;OMeGA&#8221; \u00a0"}]},{"@type":"WebSite","@id":"https:\/\/www.pressenza.com\/it\/#website","url":"https:\/\/www.pressenza.com\/it\/","name":"Pressenza","description":"Agenzia di Stampa Internazionale","publisher":{"@id":"https:\/\/www.pressenza.com\/it\/#organization"},"potentialAction":[{"@type":"SearchAction","target":{"@type":"EntryPoint","urlTemplate":"https:\/\/www.pressenza.com\/it\/?s={search_term_string}"},"query-input":{"@type":"PropertyValueSpecification","valueRequired":true,"valueName":"search_term_string"}}],"inLanguage":"it-IT"},{"@type":"Organization","@id":"https:\/\/www.pressenza.com\/it\/#organization","name":"Pressenza","url":"https:\/\/www.pressenza.com\/it\/","logo":{"@type":"ImageObject","inLanguage":"it-IT","@id":"https:\/\/www.pressenza.com\/it\/#\/schema\/logo\/image\/","url":"https:\/\/www.pressenza.com\/wp-content\/uploads\/2022\/10\/pressenza_logo_200x200.jpg","contentUrl":"https:\/\/www.pressenza.com\/wp-content\/uploads\/2022\/10\/pressenza_logo_200x200.jpg","width":200,"height":200,"caption":"Pressenza"},"image":{"@id":"https:\/\/www.pressenza.com\/it\/#\/schema\/logo\/image\/"},"sameAs":["https:\/\/www.facebook.com\/PressenzaItalia","https:\/\/x.com\/PressenzaIPA"]},{"@type":"Person","@id":"https:\/\/www.pressenza.com\/it\/#\/schema\/person\/d983e81827ae24f2c7b1a2123d197f8d","name":"Redazione Italia","description":"News from the Pressenza Bureau in Italy","sameAs":["https:\/\/www.pressenza.com\/it\/author\/redazione-italia\/","https:\/\/www.facebook.com\/PressenzaItalia","https:\/\/www.instagram.com\/pressenza_italia\/","https:\/\/x.com\/pressenza_it","https:\/\/www.youtube.com\/channel\/UCSalEIWjE1RSxkwjfftFuqg"],"url":"https:\/\/www.pressenza.com\/it\/author\/redazione-italia\/"}]}},"place":"","original_article_url":"","_links":{"self":[{"href":"https:\/\/www.pressenza.com\/it\/wp-json\/wp\/v2\/posts\/613062","targetHints":{"allow":["GET"]}}],"collection":[{"href":"https:\/\/www.pressenza.com\/it\/wp-json\/wp\/v2\/posts"}],"about":[{"href":"https:\/\/www.pressenza.com\/it\/wp-json\/wp\/v2\/types\/post"}],"author":[{"embeddable":true,"href":"https:\/\/www.pressenza.com\/it\/wp-json\/wp\/v2\/users\/594"}],"replies":[{"embeddable":true,"href":"https:\/\/www.pressenza.com\/it\/wp-json\/wp\/v2\/comments?post=613062"}],"version-history":[{"count":0,"href":"https:\/\/www.pressenza.com\/it\/wp-json\/wp\/v2\/posts\/613062\/revisions"}],"wp:featuredmedia":[{"embeddable":true,"href":"https:\/\/www.pressenza.com\/it\/wp-json\/wp\/v2\/media\/613077"}],"wp:attachment":[{"href":"https:\/\/www.pressenza.com\/it\/wp-json\/wp\/v2\/media?parent=613062"}],"wp:term":[{"taxonomy":"category","embeddable":true,"href":"https:\/\/www.pressenza.com\/it\/wp-json\/wp\/v2\/categories?post=613062"},{"taxonomy":"post_tag","embeddable":true,"href":"https:\/\/www.pressenza.com\/it\/wp-json\/wp\/v2\/tags?post=613062"}],"curies":[{"name":"wp","href":"https:\/\/api.w.org\/{rel}","templated":true}]}}