{"id":612506,"date":"2018-03-18T23:27:54","date_gmt":"2018-03-18T23:27:54","guid":{"rendered":"https:\/\/www.pressenza.com\/?p=612506"},"modified":"2018-03-18T23:27:54","modified_gmt":"2018-03-18T23:27:54","slug":"onda-marea-lincontro-potere-al-popolo-riempie-teatro-italia-roma","status":"publish","type":"post","link":"https:\/\/www.pressenza.com\/it\/2018\/03\/onda-marea-lincontro-potere-al-popolo-riempie-teatro-italia-roma\/","title":{"rendered":"Da onda a marea: l\u2019incontro di Potere al Popolo riempie Teatro Italia a Roma"},"content":{"rendered":"<p>Se <a href=\"https:\/\/www.pressenza.com\/it\/2018\/03\/pap-viola-carofalo-lobiettivo-riportare-valori-della-solidarieta-dellequita-sociale\/\">Viola Carofalo<\/a>, portavoce di Potere al Popolo, ancora non era certa del successo del partito, durante l&#8217;assemblea del 18 marzo 2018 tenutasi a Roma al Teatro Italia, ha ricevuto certa conferma del grande successo del neonato movimento, tanto da non poter nascondere una lacrima di commozione.<\/p>\n<p>La pioggia insistente non ha fermato la folla di attivisti e nuovi sostenitori che, gi\u00e0 dalle 9, ha iniziato a riempire Teatro Italia in tutte le sue sale fino a riempire anche il marciapiede esterno. Una marea in festa, un movimento che ora conosce i suoi grandi potenziali e non vuole di certo fermarsi.<\/p>\n<p>Nonostante le difficolt\u00e0 che Potere al Popolo ha incontrato durante la campagna elettorale, come la mancata raccolta delle firme per le quattro circoscrizioni estere, un budget limitato e, in primis, l\u2019essere degli sconosciuti nel mondo politico dei \u201csoliti noti\u201d, la loro vittoria \u00e8 innegabile.<\/p>\n<p>Nell\u2019arco di pochi mesi hanno saputo proporre un programma nuovo, se non tanto nei contenuti quanto nei modi di attuazione, che ha addirittura destato la curiosit\u00e0 di autorevoli giornali esteri, oltre che quella della stampa italiana. Organizzazione orizzontale \u00e8 il concetto che sta alle fondamenta del partito, un movimento che vuole partire dal popolo e che non ha leader, ma portavoce.<\/p>\n<p>Anche se la struttura del partito, dice Viola, deve essere studiata in modo pi\u00f9 approfondito per democratizzare pi\u00f9 profondamente i processi e le decisioni del movimento, i risultati delle elezioni confermano che la strada intrapresa \u00e8 quella giusta: raggiungere una cos\u00ec alta percentuale di voti (1.6%, percentuale pi\u00f9 di quella ottenuta ad esempio da Casa Pound che ha, per ben diverse vicende, occupato molto pi\u00f9 spazio nelle cronache e nei giornali) in cos\u00ec poco tempo \u00e8 un chiaro messaggio per tutti che un nuovo attore \u00e8 entrato a far parte della politica italiana.<\/p>\n<p>Molti gli interventi durante l\u2019assemblea: hanno parlato attivisti e portavoce provenienti da diverse regioni italiane e Paesi europei, rappresentanti di partiti e movimenti esteri amici, come il Partito Comunista della Repubblica popolare di Donetsk, che ha nuovamente espresso solidariet\u00e0 al movimento italiano augurando loro ogni successi; \u00a0presenti poi in platea rappresentanze della comunit\u00e0 Kurda, a sua volta fortemente sostenuta da PaP soprattutto in questo momento che vede Afrin caduta nelle mani di Erdogan.<\/p>\n<p>L\u2019appoggio di diverse correnti, partiti e movimenti esteri al paese non deve stupire: la campagna elettorale \u00e8 stata oggetto di forte interesse all\u2019estero e Potere al Popolo, nonostante la sua posizione di certo non favorevole alle istituzioni europee, \u00e8 un partito fortemente internazionalista. L\u2019appoggio e il contatto con altri partiti \u201cfratelli\u201d sparsi in tutto il mondo \u00e8 presente e forte, \u00e8 una rete che si intreccia dal Sud America al Nord Europa e che \u00e8 destinata ad ampliarsi.<\/p>\n<p>In questo momento l\u2019intera politica italiana \u00e8 in una fase di stallo, l\u2019incertezza regna sovrana e ad oggi, due settimane dopo il voto, ancora non \u00e8 chiaro cosa ci attender\u00e0 nelle prossime settimane. Di una cosa si pu\u00f2 essere per\u00f2 certi: l\u2019impatto mediatico e sociale di Potere al Popolo difficilmente \u00e8 destinato ad esaurirsi. Non si tratta di sensazioni, ma di un fatto che \u00e8 ormai sotto gli occhi di tutti: Potere al Popolo \u00e8 riuscito a trasformare l\u2019insofferenza e la delusione per la politica in forza costruttiva e propositiva senza dover ricorrere ai soliti espedienti fondati sulle paure e le debolezze degli elettori, senza vendere un\u2019immagine contraffatta di se per attirare approvazioni e attenzioni gratuite.<\/p>\n<p>Anche se la strada \u00e8 ancora lunga gli attivisti di PaP sembrano pi\u00f9 che intenzionati a percorrerla fino in fondo e qualsiasi osservatore esterno non potrebbe che convenire nell&#8217;affermare che questo giovanissimo movimento ha tutte le carte in regola per dar vita ad un cambiamento che non sia il solito e noto rimescolare le carte in tavola, ma che sia vera rivoluzione.<\/p>\n<p><span style=\"color: #800000;\"><em>Di seguito, foto dell&#8217;incontro al Teatro Italia e un breve video realizzati da Mariapaola Boselli e Jasmina Poddi.<\/em><\/span><\/p>\n<p>&nbsp;<\/p>\n<div class=\"post-gallery\">\n\t\t\t<figure class=\"post-gallery-item\">\n\t\t\t\t<img decoding=\"async\" src=\"https:\/\/www.pressenza.com\/wp-content\/uploads\/2018\/03\/assembleapap16-720x482.jpg\" loading=\"lazy\">\n\t\t\t\t<figcaption>\n\t\t\t\t\t\n\t\t\t\t<\/figcaption>\n\t\t\t<\/figure>\n\t\t\t<figure class=\"post-gallery-item\">\n\t\t\t\t<img decoding=\"async\" src=\"https:\/\/www.pressenza.com\/wp-content\/uploads\/2018\/03\/assembleapap2-min-720x480.jpg\" loading=\"lazy\">\n\t\t\t\t<figcaption>\n\t\t\t\t\t\n\t\t\t\t<\/figcaption>\n\t\t\t<\/figure>\n\t\t\t<figure class=\"post-gallery-item\">\n\t\t\t\t<img decoding=\"async\" src=\"https:\/\/www.pressenza.com\/wp-content\/uploads\/2018\/03\/assembleapap-10-720x480.jpg\" loading=\"lazy\">\n\t\t\t\t<figcaption>\n\t\t\t\t\t\n\t\t\t\t<\/figcaption>\n\t\t\t<\/figure>\n\t\t\t<figure class=\"post-gallery-item\">\n\t\t\t\t<img decoding=\"async\" src=\"https:\/\/www.pressenza.com\/wp-content\/uploads\/2018\/03\/assembleapap-15-720x480.jpg\" loading=\"lazy\">\n\t\t\t\t<figcaption>\n\t\t\t\t\t\n\t\t\t\t<\/figcaption>\n\t\t\t<\/figure>\n\t\t\t<figure class=\"post-gallery-item\">\n\t\t\t\t<img decoding=\"async\" src=\"https:\/\/www.pressenza.com\/wp-content\/uploads\/2018\/03\/assembleapap3-min-720x480.jpg\" loading=\"lazy\">\n\t\t\t\t<figcaption>\n\t\t\t\t\t\n\t\t\t\t<\/figcaption>\n\t\t\t<\/figure>\n\t\t\t<figure class=\"post-gallery-item\">\n\t\t\t\t<img decoding=\"async\" src=\"https:\/\/www.pressenza.com\/wp-content\/uploads\/2018\/03\/assembleapap6-min-720x480.jpg\" loading=\"lazy\">\n\t\t\t\t<figcaption>\n\t\t\t\t\t\n\t\t\t\t<\/figcaption>\n\t\t\t<\/figure>\n\t\t\t<figure class=\"post-gallery-item\">\n\t\t\t\t<img decoding=\"async\" src=\"https:\/\/www.pressenza.com\/wp-content\/uploads\/2018\/03\/assembleapap21-720x482.jpg\" loading=\"lazy\">\n\t\t\t\t<figcaption>\n\t\t\t\t\t\n\t\t\t\t<\/figcaption>\n\t\t\t<\/figure>\n\t\t\t<figure class=\"post-gallery-item\">\n\t\t\t\t<img decoding=\"async\" src=\"https:\/\/www.pressenza.com\/wp-content\/uploads\/2018\/03\/assembleapap20-720x482.jpg\" loading=\"lazy\">\n\t\t\t\t<figcaption>\n\t\t\t\t\t\n\t\t\t\t<\/figcaption>\n\t\t\t<\/figure>\n\t\t\t<figure class=\"post-gallery-item\">\n\t\t\t\t<img decoding=\"async\" src=\"https:\/\/www.pressenza.com\/wp-content\/uploads\/2018\/03\/assembleapap18-720x482.jpg\" loading=\"lazy\">\n\t\t\t\t<figcaption>\n\t\t\t\t\t\n\t\t\t\t<\/figcaption>\n\t\t\t<\/figure>\n\t\t\t<figure class=\"post-gallery-item\">\n\t\t\t\t<img decoding=\"async\" src=\"https:\/\/www.pressenza.com\/wp-content\/uploads\/2018\/03\/assembleapap22-720x482.jpg\" loading=\"lazy\">\n\t\t\t\t<figcaption>\n\t\t\t\t\t\n\t\t\t\t<\/figcaption>\n\t\t\t<\/figure>\n\t\t\t<figure class=\"post-gallery-item\">\n\t\t\t\t<img decoding=\"async\" src=\"https:\/\/www.pressenza.com\/wp-content\/uploads\/2018\/03\/assembleapap17-720x482.jpg\" loading=\"lazy\">\n\t\t\t\t<figcaption>\n\t\t\t\t\t\n\t\t\t\t<\/figcaption>\n\t\t\t<\/figure>\n\t\t\t<figure class=\"post-gallery-item\">\n\t\t\t\t<img decoding=\"async\" src=\"https:\/\/www.pressenza.com\/wp-content\/uploads\/2018\/03\/assembleapap-13-720x480.jpg\" loading=\"lazy\">\n\t\t\t\t<figcaption>\n\t\t\t\t\t\n\t\t\t\t<\/figcaption>\n\t\t\t<\/figure>\n\t\t\t<figure class=\"post-gallery-item\">\n\t\t\t\t<img decoding=\"async\" src=\"https:\/\/www.pressenza.com\/wp-content\/uploads\/2018\/03\/assembleapap19-720x405.jpg\" loading=\"lazy\">\n\t\t\t\t<figcaption>\n\t\t\t\t\t\n\t\t\t\t<\/figcaption>\n\t\t\t<\/figure>\n\t\t\t<figure class=\"post-gallery-item\">\n\t\t\t\t<img decoding=\"async\" src=\"https:\/\/www.pressenza.com\/wp-content\/uploads\/2018\/03\/assembleapap-14-720x480.jpg\" loading=\"lazy\">\n\t\t\t\t<figcaption>\n\t\t\t\t\t\n\t\t\t\t<\/figcaption>\n\t\t\t<\/figure>\n\t\t\t<figure class=\"post-gallery-item\">\n\t\t\t\t<img decoding=\"async\" src=\"https:\/\/www.pressenza.com\/wp-content\/uploads\/2018\/03\/assembleapap1-720x480.jpg\" loading=\"lazy\">\n\t\t\t\t<figcaption>\n\t\t\t\t\t\n\t\t\t\t<\/figcaption>\n\t\t\t<\/figure><\/div>\n<p>&nbsp;<\/p>\n<p><iframe loading=\"lazy\" src=\"https:\/\/www.youtube.com\/embed\/dKY228U4GTg\" width=\"720\" height=\"405\" frameborder=\"0\" allowfullscreen=\"allowfullscreen\"><span style=\"display: inline-block; width: 0px; overflow: hidden; line-height: 0;\" data-mce-type=\"bookmark\" class=\"mce_SELRES_start\">\ufeff<\/span><\/iframe><\/p>\n","protected":false},"excerpt":{"rendered":"<p>Se Viola Carofalo, portavoce di Potere al Popolo, ancora non era certa del successo del partito, durante l&#8217;assemblea del 18 marzo 2018 tenutasi a Roma al Teatro Italia, ha ricevuto certa conferma del grande successo del neonato movimento, tanto da&hellip;<\/p>\n","protected":false},"author":1480,"featured_media":612801,"comment_status":"closed","ping_status":"closed","sticky":false,"template":"","format":"standard","meta":{"footnotes":""},"categories":[11388,47,5677,157,55,27065],"tags":[15588,3353,42365,3873,44077],"class_list":["post-612506","post","type-post","status-publish","format-standard","has-post-thumbnail","hentry","category-contenuti-originali","category-europa","category-fotoreportages","category-interviste","category-politica","category-video-it","tag-intervista","tag-politica-it","tag-potere-al-popolo","tag-roma","tag-viola-carofalo"],"yoast_head":"<!-- This site is optimized with the Yoast SEO plugin v27.1.1 - https:\/\/yoast.com\/product\/yoast-seo-wordpress\/ -->\n<title>Da onda a marea: l\u2019incontro di Potere al Popolo riempie Teatro Italia a Roma<\/title>\n<meta name=\"description\" content=\"Se Viola Carofalo, portavoce di Potere al Popolo, ancora non era certa del successo del partito, durante l&#039;assemblea del 18 marzo 2018 tenutasi a Roma al\" \/>\n<meta name=\"robots\" content=\"index, follow, max-snippet:-1, max-image-preview:large, max-video-preview:-1\" \/>\n<link rel=\"canonical\" href=\"https:\/\/www.pressenza.com\/it\/2018\/03\/onda-marea-lincontro-potere-al-popolo-riempie-teatro-italia-roma\/\" \/>\n<meta property=\"og:locale\" content=\"it_IT\" \/>\n<meta property=\"og:type\" content=\"article\" \/>\n<meta property=\"og:title\" content=\"Da onda a marea: l\u2019incontro di Potere al Popolo riempie Teatro Italia a Roma\" \/>\n<meta property=\"og:description\" content=\"Se Viola Carofalo, portavoce di Potere al Popolo, ancora non era certa del successo del partito, durante l&#039;assemblea del 18 marzo 2018 tenutasi a Roma al\" \/>\n<meta property=\"og:url\" content=\"https:\/\/www.pressenza.com\/it\/2018\/03\/onda-marea-lincontro-potere-al-popolo-riempie-teatro-italia-roma\/\" \/>\n<meta property=\"og:site_name\" content=\"Pressenza\" \/>\n<meta property=\"article:publisher\" content=\"https:\/\/www.facebook.com\/PressenzaItalia\" \/>\n<meta property=\"article:published_time\" content=\"2018-03-18T23:27:54+00:00\" \/>\n<meta property=\"og:image\" content=\"https:\/\/www.pressenza.com\/wp-content\/uploads\/2018\/03\/assembleapap16-1.jpg\" \/>\n\t<meta property=\"og:image:width\" content=\"2048\" \/>\n\t<meta property=\"og:image:height\" content=\"1371\" \/>\n\t<meta property=\"og:image:type\" content=\"image\/jpeg\" \/>\n<meta name=\"author\" content=\"Mariapaola Boselli\" \/>\n<meta name=\"twitter:card\" content=\"summary_large_image\" \/>\n<meta name=\"twitter:creator\" content=\"@PressenzaIPA\" \/>\n<meta name=\"twitter:site\" content=\"@PressenzaIPA\" \/>\n<meta name=\"twitter:label1\" content=\"Scritto da\" \/>\n\t<meta name=\"twitter:data1\" content=\"Mariapaola Boselli\" \/>\n\t<meta name=\"twitter:label2\" content=\"Tempo di lettura stimato\" \/>\n\t<meta name=\"twitter:data2\" content=\"3 minuti\" \/>\n<script type=\"application\/ld+json\" class=\"yoast-schema-graph\">{\"@context\":\"https:\/\/schema.org\",\"@graph\":[{\"@type\":\"Article\",\"@id\":\"https:\/\/www.pressenza.com\/it\/2018\/03\/onda-marea-lincontro-potere-al-popolo-riempie-teatro-italia-roma\/#article\",\"isPartOf\":{\"@id\":\"https:\/\/www.pressenza.com\/it\/2018\/03\/onda-marea-lincontro-potere-al-popolo-riempie-teatro-italia-roma\/\"},\"author\":{\"name\":\"Mariapaola Boselli\",\"@id\":\"https:\/\/www.pressenza.com\/it\/#\/schema\/person\/787dcc808e0ad94d3af8bf26bec54984\"},\"headline\":\"Da onda a marea: l\u2019incontro di Potere al Popolo riempie Teatro Italia a Roma\",\"datePublished\":\"2018-03-18T23:27:54+00:00\",\"mainEntityOfPage\":{\"@id\":\"https:\/\/www.pressenza.com\/it\/2018\/03\/onda-marea-lincontro-potere-al-popolo-riempie-teatro-italia-roma\/\"},\"wordCount\":659,\"publisher\":{\"@id\":\"https:\/\/www.pressenza.com\/it\/#organization\"},\"image\":{\"@id\":\"https:\/\/www.pressenza.com\/it\/2018\/03\/onda-marea-lincontro-potere-al-popolo-riempie-teatro-italia-roma\/#primaryimage\"},\"thumbnailUrl\":\"https:\/\/www.pressenza.com\/wp-content\/uploads\/2018\/03\/assembleapap16-1.jpg\",\"keywords\":[\"intervista\",\"politica\",\"Potere al popolo\",\"Roma\",\"Viola Carofalo\"],\"articleSection\":[\"contenuti originali\",\"Europa\",\"Fotoreportages\",\"Interviste\",\"Politica\",\"Video\"],\"inLanguage\":\"it-IT\"},{\"@type\":\"WebPage\",\"@id\":\"https:\/\/www.pressenza.com\/it\/2018\/03\/onda-marea-lincontro-potere-al-popolo-riempie-teatro-italia-roma\/\",\"url\":\"https:\/\/www.pressenza.com\/it\/2018\/03\/onda-marea-lincontro-potere-al-popolo-riempie-teatro-italia-roma\/\",\"name\":\"Da onda a marea: l\u2019incontro di Potere al Popolo riempie Teatro Italia a Roma\",\"isPartOf\":{\"@id\":\"https:\/\/www.pressenza.com\/it\/#website\"},\"primaryImageOfPage\":{\"@id\":\"https:\/\/www.pressenza.com\/it\/2018\/03\/onda-marea-lincontro-potere-al-popolo-riempie-teatro-italia-roma\/#primaryimage\"},\"image\":{\"@id\":\"https:\/\/www.pressenza.com\/it\/2018\/03\/onda-marea-lincontro-potere-al-popolo-riempie-teatro-italia-roma\/#primaryimage\"},\"thumbnailUrl\":\"https:\/\/www.pressenza.com\/wp-content\/uploads\/2018\/03\/assembleapap16-1.jpg\",\"datePublished\":\"2018-03-18T23:27:54+00:00\",\"description\":\"Se Viola Carofalo, portavoce di Potere al Popolo, ancora non era certa del successo del partito, durante l'assemblea del 18 marzo 2018 tenutasi a Roma al\",\"breadcrumb\":{\"@id\":\"https:\/\/www.pressenza.com\/it\/2018\/03\/onda-marea-lincontro-potere-al-popolo-riempie-teatro-italia-roma\/#breadcrumb\"},\"inLanguage\":\"it-IT\",\"potentialAction\":[{\"@type\":\"ReadAction\",\"target\":[\"https:\/\/www.pressenza.com\/it\/2018\/03\/onda-marea-lincontro-potere-al-popolo-riempie-teatro-italia-roma\/\"]}]},{\"@type\":\"ImageObject\",\"inLanguage\":\"it-IT\",\"@id\":\"https:\/\/www.pressenza.com\/it\/2018\/03\/onda-marea-lincontro-potere-al-popolo-riempie-teatro-italia-roma\/#primaryimage\",\"url\":\"https:\/\/www.pressenza.com\/wp-content\/uploads\/2018\/03\/assembleapap16-1.jpg\",\"contentUrl\":\"https:\/\/www.pressenza.com\/wp-content\/uploads\/2018\/03\/assembleapap16-1.jpg\",\"width\":2048,\"height\":1371},{\"@type\":\"BreadcrumbList\",\"@id\":\"https:\/\/www.pressenza.com\/it\/2018\/03\/onda-marea-lincontro-potere-al-popolo-riempie-teatro-italia-roma\/#breadcrumb\",\"itemListElement\":[{\"@type\":\"ListItem\",\"position\":1,\"name\":\"Accueil\",\"item\":\"https:\/\/www.pressenza.com\/it\/\"},{\"@type\":\"ListItem\",\"position\":2,\"name\":\"Da onda a marea: l\u2019incontro di Potere al Popolo riempie Teatro Italia a Roma\"}]},{\"@type\":\"WebSite\",\"@id\":\"https:\/\/www.pressenza.com\/it\/#website\",\"url\":\"https:\/\/www.pressenza.com\/it\/\",\"name\":\"Pressenza\",\"description\":\"Agenzia di Stampa Internazionale\",\"publisher\":{\"@id\":\"https:\/\/www.pressenza.com\/it\/#organization\"},\"potentialAction\":[{\"@type\":\"SearchAction\",\"target\":{\"@type\":\"EntryPoint\",\"urlTemplate\":\"https:\/\/www.pressenza.com\/it\/?s={search_term_string}\"},\"query-input\":{\"@type\":\"PropertyValueSpecification\",\"valueRequired\":true,\"valueName\":\"search_term_string\"}}],\"inLanguage\":\"it-IT\"},{\"@type\":\"Organization\",\"@id\":\"https:\/\/www.pressenza.com\/it\/#organization\",\"name\":\"Pressenza\",\"url\":\"https:\/\/www.pressenza.com\/it\/\",\"logo\":{\"@type\":\"ImageObject\",\"inLanguage\":\"it-IT\",\"@id\":\"https:\/\/www.pressenza.com\/it\/#\/schema\/logo\/image\/\",\"url\":\"https:\/\/www.pressenza.com\/wp-content\/uploads\/2022\/10\/pressenza_logo_200x200.jpg\",\"contentUrl\":\"https:\/\/www.pressenza.com\/wp-content\/uploads\/2022\/10\/pressenza_logo_200x200.jpg\",\"width\":200,\"height\":200,\"caption\":\"Pressenza\"},\"image\":{\"@id\":\"https:\/\/www.pressenza.com\/it\/#\/schema\/logo\/image\/\"},\"sameAs\":[\"https:\/\/www.facebook.com\/PressenzaItalia\",\"https:\/\/x.com\/PressenzaIPA\"]},{\"@type\":\"Person\",\"@id\":\"https:\/\/www.pressenza.com\/it\/#\/schema\/person\/787dcc808e0ad94d3af8bf26bec54984\",\"name\":\"Mariapaola Boselli\",\"description\":\"Giovane operatrice all\u2019interno del no profit da due anni; da sempre con una forte passione per la scrittura, il giornalismo e la politica internazionale, dopo la laurea in giurisprudenza e diverse esperienze all\u2019estero decide di dedicarsi alla tutela dei diritti umani e dell\u2019ambiente. Ha lavorato in Ucraina con giovani IDPs vittime del conflitto russo-ucraino pubblicando sul magazine on-line londinese Artefact un articolo a riguardo. Ha lavorato per Greenpeace Italia ed \u00e8 attivista di Amnesty International. Attualmente lavora presso il Centro Internazionale Crocevia occupandosi di food sovereignty e agricoltura.\",\"url\":\"https:\/\/www.pressenza.com\/it\/author\/mariapaola-boselli\/\"}]}<\/script>\n<!-- \/ Yoast SEO plugin. -->","yoast_head_json":{"title":"Da onda a marea: l\u2019incontro di Potere al Popolo riempie Teatro Italia a Roma","description":"Se Viola Carofalo, portavoce di Potere al Popolo, ancora non era certa del successo del partito, durante l'assemblea del 18 marzo 2018 tenutasi a Roma al","robots":{"index":"index","follow":"follow","max-snippet":"max-snippet:-1","max-image-preview":"max-image-preview:large","max-video-preview":"max-video-preview:-1"},"canonical":"https:\/\/www.pressenza.com\/it\/2018\/03\/onda-marea-lincontro-potere-al-popolo-riempie-teatro-italia-roma\/","og_locale":"it_IT","og_type":"article","og_title":"Da onda a marea: l\u2019incontro di Potere al Popolo riempie Teatro Italia a Roma","og_description":"Se Viola Carofalo, portavoce di Potere al Popolo, ancora non era certa del successo del partito, durante l'assemblea del 18 marzo 2018 tenutasi a Roma al","og_url":"https:\/\/www.pressenza.com\/it\/2018\/03\/onda-marea-lincontro-potere-al-popolo-riempie-teatro-italia-roma\/","og_site_name":"Pressenza","article_publisher":"https:\/\/www.facebook.com\/PressenzaItalia","article_published_time":"2018-03-18T23:27:54+00:00","og_image":[{"width":2048,"height":1371,"url":"https:\/\/www.pressenza.com\/wp-content\/uploads\/2018\/03\/assembleapap16-1.jpg","type":"image\/jpeg"}],"author":"Mariapaola Boselli","twitter_card":"summary_large_image","twitter_creator":"@PressenzaIPA","twitter_site":"@PressenzaIPA","twitter_misc":{"Scritto da":"Mariapaola Boselli","Tempo di lettura stimato":"3 minuti"},"schema":{"@context":"https:\/\/schema.org","@graph":[{"@type":"Article","@id":"https:\/\/www.pressenza.com\/it\/2018\/03\/onda-marea-lincontro-potere-al-popolo-riempie-teatro-italia-roma\/#article","isPartOf":{"@id":"https:\/\/www.pressenza.com\/it\/2018\/03\/onda-marea-lincontro-potere-al-popolo-riempie-teatro-italia-roma\/"},"author":{"name":"Mariapaola Boselli","@id":"https:\/\/www.pressenza.com\/it\/#\/schema\/person\/787dcc808e0ad94d3af8bf26bec54984"},"headline":"Da onda a marea: l\u2019incontro di Potere al Popolo riempie Teatro Italia a Roma","datePublished":"2018-03-18T23:27:54+00:00","mainEntityOfPage":{"@id":"https:\/\/www.pressenza.com\/it\/2018\/03\/onda-marea-lincontro-potere-al-popolo-riempie-teatro-italia-roma\/"},"wordCount":659,"publisher":{"@id":"https:\/\/www.pressenza.com\/it\/#organization"},"image":{"@id":"https:\/\/www.pressenza.com\/it\/2018\/03\/onda-marea-lincontro-potere-al-popolo-riempie-teatro-italia-roma\/#primaryimage"},"thumbnailUrl":"https:\/\/www.pressenza.com\/wp-content\/uploads\/2018\/03\/assembleapap16-1.jpg","keywords":["intervista","politica","Potere al popolo","Roma","Viola Carofalo"],"articleSection":["contenuti originali","Europa","Fotoreportages","Interviste","Politica","Video"],"inLanguage":"it-IT"},{"@type":"WebPage","@id":"https:\/\/www.pressenza.com\/it\/2018\/03\/onda-marea-lincontro-potere-al-popolo-riempie-teatro-italia-roma\/","url":"https:\/\/www.pressenza.com\/it\/2018\/03\/onda-marea-lincontro-potere-al-popolo-riempie-teatro-italia-roma\/","name":"Da onda a marea: l\u2019incontro di Potere al Popolo riempie Teatro Italia a Roma","isPartOf":{"@id":"https:\/\/www.pressenza.com\/it\/#website"},"primaryImageOfPage":{"@id":"https:\/\/www.pressenza.com\/it\/2018\/03\/onda-marea-lincontro-potere-al-popolo-riempie-teatro-italia-roma\/#primaryimage"},"image":{"@id":"https:\/\/www.pressenza.com\/it\/2018\/03\/onda-marea-lincontro-potere-al-popolo-riempie-teatro-italia-roma\/#primaryimage"},"thumbnailUrl":"https:\/\/www.pressenza.com\/wp-content\/uploads\/2018\/03\/assembleapap16-1.jpg","datePublished":"2018-03-18T23:27:54+00:00","description":"Se Viola Carofalo, portavoce di Potere al Popolo, ancora non era certa del successo del partito, durante l'assemblea del 18 marzo 2018 tenutasi a Roma al","breadcrumb":{"@id":"https:\/\/www.pressenza.com\/it\/2018\/03\/onda-marea-lincontro-potere-al-popolo-riempie-teatro-italia-roma\/#breadcrumb"},"inLanguage":"it-IT","potentialAction":[{"@type":"ReadAction","target":["https:\/\/www.pressenza.com\/it\/2018\/03\/onda-marea-lincontro-potere-al-popolo-riempie-teatro-italia-roma\/"]}]},{"@type":"ImageObject","inLanguage":"it-IT","@id":"https:\/\/www.pressenza.com\/it\/2018\/03\/onda-marea-lincontro-potere-al-popolo-riempie-teatro-italia-roma\/#primaryimage","url":"https:\/\/www.pressenza.com\/wp-content\/uploads\/2018\/03\/assembleapap16-1.jpg","contentUrl":"https:\/\/www.pressenza.com\/wp-content\/uploads\/2018\/03\/assembleapap16-1.jpg","width":2048,"height":1371},{"@type":"BreadcrumbList","@id":"https:\/\/www.pressenza.com\/it\/2018\/03\/onda-marea-lincontro-potere-al-popolo-riempie-teatro-italia-roma\/#breadcrumb","itemListElement":[{"@type":"ListItem","position":1,"name":"Accueil","item":"https:\/\/www.pressenza.com\/it\/"},{"@type":"ListItem","position":2,"name":"Da onda a marea: l\u2019incontro di Potere al Popolo riempie Teatro Italia a Roma"}]},{"@type":"WebSite","@id":"https:\/\/www.pressenza.com\/it\/#website","url":"https:\/\/www.pressenza.com\/it\/","name":"Pressenza","description":"Agenzia di Stampa Internazionale","publisher":{"@id":"https:\/\/www.pressenza.com\/it\/#organization"},"potentialAction":[{"@type":"SearchAction","target":{"@type":"EntryPoint","urlTemplate":"https:\/\/www.pressenza.com\/it\/?s={search_term_string}"},"query-input":{"@type":"PropertyValueSpecification","valueRequired":true,"valueName":"search_term_string"}}],"inLanguage":"it-IT"},{"@type":"Organization","@id":"https:\/\/www.pressenza.com\/it\/#organization","name":"Pressenza","url":"https:\/\/www.pressenza.com\/it\/","logo":{"@type":"ImageObject","inLanguage":"it-IT","@id":"https:\/\/www.pressenza.com\/it\/#\/schema\/logo\/image\/","url":"https:\/\/www.pressenza.com\/wp-content\/uploads\/2022\/10\/pressenza_logo_200x200.jpg","contentUrl":"https:\/\/www.pressenza.com\/wp-content\/uploads\/2022\/10\/pressenza_logo_200x200.jpg","width":200,"height":200,"caption":"Pressenza"},"image":{"@id":"https:\/\/www.pressenza.com\/it\/#\/schema\/logo\/image\/"},"sameAs":["https:\/\/www.facebook.com\/PressenzaItalia","https:\/\/x.com\/PressenzaIPA"]},{"@type":"Person","@id":"https:\/\/www.pressenza.com\/it\/#\/schema\/person\/787dcc808e0ad94d3af8bf26bec54984","name":"Mariapaola Boselli","description":"Giovane operatrice all\u2019interno del no profit da due anni; da sempre con una forte passione per la scrittura, il giornalismo e la politica internazionale, dopo la laurea in giurisprudenza e diverse esperienze all\u2019estero decide di dedicarsi alla tutela dei diritti umani e dell\u2019ambiente. Ha lavorato in Ucraina con giovani IDPs vittime del conflitto russo-ucraino pubblicando sul magazine on-line londinese Artefact un articolo a riguardo. Ha lavorato per Greenpeace Italia ed \u00e8 attivista di Amnesty International. Attualmente lavora presso il Centro Internazionale Crocevia occupandosi di food sovereignty e agricoltura.","url":"https:\/\/www.pressenza.com\/it\/author\/mariapaola-boselli\/"}]}},"place":"Roma","original_article_url":"","_links":{"self":[{"href":"https:\/\/www.pressenza.com\/it\/wp-json\/wp\/v2\/posts\/612506","targetHints":{"allow":["GET"]}}],"collection":[{"href":"https:\/\/www.pressenza.com\/it\/wp-json\/wp\/v2\/posts"}],"about":[{"href":"https:\/\/www.pressenza.com\/it\/wp-json\/wp\/v2\/types\/post"}],"author":[{"embeddable":true,"href":"https:\/\/www.pressenza.com\/it\/wp-json\/wp\/v2\/users\/1480"}],"replies":[{"embeddable":true,"href":"https:\/\/www.pressenza.com\/it\/wp-json\/wp\/v2\/comments?post=612506"}],"version-history":[{"count":0,"href":"https:\/\/www.pressenza.com\/it\/wp-json\/wp\/v2\/posts\/612506\/revisions"}],"wp:featuredmedia":[{"embeddable":true,"href":"https:\/\/www.pressenza.com\/it\/wp-json\/wp\/v2\/media\/612801"}],"wp:attachment":[{"href":"https:\/\/www.pressenza.com\/it\/wp-json\/wp\/v2\/media?parent=612506"}],"wp:term":[{"taxonomy":"category","embeddable":true,"href":"https:\/\/www.pressenza.com\/it\/wp-json\/wp\/v2\/categories?post=612506"},{"taxonomy":"post_tag","embeddable":true,"href":"https:\/\/www.pressenza.com\/it\/wp-json\/wp\/v2\/tags?post=612506"}],"curies":[{"name":"wp","href":"https:\/\/api.w.org\/{rel}","templated":true}]}}