{"id":605405,"date":"2018-03-07T16:43:20","date_gmt":"2018-03-07T16:43:20","guid":{"rendered":"https:\/\/www.pressenza.com\/?p=605405"},"modified":"2018-03-07T16:48:12","modified_gmt":"2018-03-07T16:48:12","slug":"le-reali-assurdita-del-rosatellum","status":"publish","type":"post","link":"https:\/\/www.pressenza.com\/it\/2018\/03\/le-reali-assurdita-del-rosatellum\/","title":{"rendered":"Le reali assurdit\u00e0 del Rosatellum"},"content":{"rendered":"<p>Che il Rosatellum sia una legge elettorale irragionevole \u00e8 gi\u00e0 stato ampiamente spiegato. Ci sono situazioni reali che dimostrano come le critiche non fossero riferite soltanto a casi estremi o teorici. Riportiamo due casi reali che appaiono veramente emblematici.<\/p>\n<p>1) La legge elettorale stabilisce che nei collegi proporzionali si possano indicare al massimo 4 candidati bench\u00e9 gli eletti di ogni collegio siano di norma 8. Quindi, se una lista andasse oltre il 50% dei voti in un collegio potrebbe ottenere pi\u00f9 seggi dei candidati indicati nella scheda. Il caso a prima vista sembra improbabile, se non fosse che il Rosatellum preveda anche che ogni candidato possa presentarsi contemporaneamente in un collegio maggioritario e fino a 5 collegi proporzionali. In caso di vittoria nel collegio uninominale e nel proporzionale, scatta il seggio nel primo. Il che significa sottrarre dal computo proporzionale questi eletti con pluricandidature.<\/p>\n<p>Cos\u00ec in Sicilia \u00e8 davvero accaduto in alcuni collegi che i seggi attribuiti al Movimento 5 Stelle siano maggiori dei candidati presenti nelle liste del proporzionale. Per tappare i buchi nelle liste in un determinato collegio, molto probabilmente si dovr\u00e0 attingere ai non eletti in altri collegi o addirittura in altre circoscrizioni elettorali, con il dubbio che per il Senato non sia possibile procedere in quanto la Costituzione prevede che i senatori siano eletti su base regionale (e la circoscrizione coincide con la Regione).<\/p>\n<p>2) Ancora pi\u00f9 assurda \u00e8 la norma che prevede che in caso di elezione in pi\u00f9 collegi proporzionali, il seggio scatti automaticamente laddove il partito abbia preso meno voti. Risultato: Matteo Salvini verr\u00e0 eletto come deputato della Calabria, dove la Lega ha conseguito meno del 6% dei voti. Obiettivamente \u00e8 difficile credere che Salvini sia davvero rappresentativo di quella regione d\u2019Italia.<\/p>\n<p>Di fronte a questo scenario, sorgono spontanee alcune domande. Quelli che scrivono e approvano le leggi elettorali sanno che cosa fanno? Per scrivere norme cos\u00ec fondamentali per la democrazia non sarebbe il caso di dimostrare preventivamente la propria competenza? Visti i risultati e gli effetti gli autori del Rosatellum non dovrebbero vergognarsi e dimettersi per manifesta incapacit\u00e0?<\/p>\n","protected":false},"excerpt":{"rendered":"<p>Che il Rosatellum sia una legge elettorale irragionevole \u00e8 gi\u00e0 stato ampiamente spiegato. Ci sono situazioni reali che dimostrano come le critiche non fossero riferite soltanto a casi estremi o teorici. Riportiamo due casi reali che appaiono veramente emblematici. 1)&hellip;<\/p>\n","protected":false},"author":1280,"featured_media":605407,"comment_status":"closed","ping_status":"closed","sticky":false,"template":"","format":"standard","meta":{"footnotes":""},"categories":[11388,47,55],"tags":[1659,40843],"class_list":["post-605405","post","type-post","status-publish","format-standard","has-post-thumbnail","hentry","category-contenuti-originali","category-europa","category-politica","tag-legge-elettorale","tag-rosatellum"],"yoast_head":"<!-- This site is optimized with the Yoast SEO plugin v27.1.1 - https:\/\/yoast.com\/product\/yoast-seo-wordpress\/ -->\n<title>Le reali assurdit\u00e0 del Rosatellum<\/title>\n<meta name=\"description\" content=\"Che il Rosatellum sia una legge elettorale irragionevole \u00e8 gi\u00e0 stato ampiamente spiegato. Ci sono situazioni reali che dimostrano come le critiche non fossero riferite soltanto a casi estremi o teorici. Riportiamo due casi reali che appaiono veramente emblematici.\" \/>\n<meta name=\"robots\" content=\"index, follow, max-snippet:-1, max-image-preview:large, max-video-preview:-1\" \/>\n<link rel=\"canonical\" href=\"https:\/\/www.pressenza.com\/it\/2018\/03\/le-reali-assurdita-del-rosatellum\/\" \/>\n<meta property=\"og:locale\" content=\"it_IT\" \/>\n<meta property=\"og:type\" content=\"article\" \/>\n<meta property=\"og:title\" content=\"Le reali assurdit\u00e0 del Rosatellum\" \/>\n<meta property=\"og:description\" content=\"Che il Rosatellum sia una legge elettorale irragionevole \u00e8 gi\u00e0 stato ampiamente spiegato. Ci sono situazioni reali che dimostrano come le critiche non fossero riferite soltanto a casi estremi o teorici. Riportiamo due casi reali che appaiono veramente emblematici.\" \/>\n<meta property=\"og:url\" content=\"https:\/\/www.pressenza.com\/it\/2018\/03\/le-reali-assurdita-del-rosatellum\/\" \/>\n<meta property=\"og:site_name\" content=\"Pressenza\" \/>\n<meta property=\"article:publisher\" content=\"https:\/\/www.facebook.com\/PressenzaItalia\" \/>\n<meta property=\"article:published_time\" content=\"2018-03-07T16:43:20+00:00\" \/>\n<meta property=\"article:modified_time\" content=\"2018-03-07T16:48:12+00:00\" \/>\n<meta property=\"og:image\" content=\"https:\/\/www.pressenza.com\/wp-content\/uploads\/2018\/03\/camera-deputati.jpg\" \/>\n\t<meta property=\"og:image:width\" content=\"832\" \/>\n\t<meta property=\"og:image:height\" content=\"553\" \/>\n\t<meta property=\"og:image:type\" content=\"image\/jpeg\" \/>\n<meta name=\"author\" content=\"Rocco Artifoni\" \/>\n<meta name=\"twitter:card\" content=\"summary_large_image\" \/>\n<meta name=\"twitter:creator\" content=\"@PressenzaIPA\" \/>\n<meta name=\"twitter:site\" content=\"@PressenzaIPA\" \/>\n<meta name=\"twitter:label1\" content=\"Scritto da\" \/>\n\t<meta name=\"twitter:data1\" content=\"Rocco Artifoni\" \/>\n\t<meta name=\"twitter:label2\" content=\"Tempo di lettura stimato\" \/>\n\t<meta name=\"twitter:data2\" content=\"2 minuti\" \/>\n<script type=\"application\/ld+json\" class=\"yoast-schema-graph\">{\"@context\":\"https:\/\/schema.org\",\"@graph\":[{\"@type\":\"Article\",\"@id\":\"https:\/\/www.pressenza.com\/it\/2018\/03\/le-reali-assurdita-del-rosatellum\/#article\",\"isPartOf\":{\"@id\":\"https:\/\/www.pressenza.com\/it\/2018\/03\/le-reali-assurdita-del-rosatellum\/\"},\"author\":{\"name\":\"Rocco Artifoni\",\"@id\":\"https:\/\/www.pressenza.com\/it\/#\/schema\/person\/47253bd773bfdc8f669fc1a490a0d099\"},\"headline\":\"Le reali assurdit\u00e0 del Rosatellum\",\"datePublished\":\"2018-03-07T16:43:20+00:00\",\"dateModified\":\"2018-03-07T16:48:12+00:00\",\"mainEntityOfPage\":{\"@id\":\"https:\/\/www.pressenza.com\/it\/2018\/03\/le-reali-assurdita-del-rosatellum\/\"},\"wordCount\":340,\"publisher\":{\"@id\":\"https:\/\/www.pressenza.com\/it\/#organization\"},\"image\":{\"@id\":\"https:\/\/www.pressenza.com\/it\/2018\/03\/le-reali-assurdita-del-rosatellum\/#primaryimage\"},\"thumbnailUrl\":\"https:\/\/www.pressenza.com\/wp-content\/uploads\/2018\/03\/camera-deputati.jpg\",\"keywords\":[\"legge elettorale\",\"Rosatellum\"],\"articleSection\":[\"contenuti originali\",\"Europa\",\"Politica\"],\"inLanguage\":\"it-IT\"},{\"@type\":\"WebPage\",\"@id\":\"https:\/\/www.pressenza.com\/it\/2018\/03\/le-reali-assurdita-del-rosatellum\/\",\"url\":\"https:\/\/www.pressenza.com\/it\/2018\/03\/le-reali-assurdita-del-rosatellum\/\",\"name\":\"Le reali assurdit\u00e0 del Rosatellum\",\"isPartOf\":{\"@id\":\"https:\/\/www.pressenza.com\/it\/#website\"},\"primaryImageOfPage\":{\"@id\":\"https:\/\/www.pressenza.com\/it\/2018\/03\/le-reali-assurdita-del-rosatellum\/#primaryimage\"},\"image\":{\"@id\":\"https:\/\/www.pressenza.com\/it\/2018\/03\/le-reali-assurdita-del-rosatellum\/#primaryimage\"},\"thumbnailUrl\":\"https:\/\/www.pressenza.com\/wp-content\/uploads\/2018\/03\/camera-deputati.jpg\",\"datePublished\":\"2018-03-07T16:43:20+00:00\",\"dateModified\":\"2018-03-07T16:48:12+00:00\",\"description\":\"Che il Rosatellum sia una legge elettorale irragionevole \u00e8 gi\u00e0 stato ampiamente spiegato. Ci sono situazioni reali che dimostrano come le critiche non fossero riferite soltanto a casi estremi o teorici. Riportiamo due casi reali che appaiono veramente emblematici.\",\"breadcrumb\":{\"@id\":\"https:\/\/www.pressenza.com\/it\/2018\/03\/le-reali-assurdita-del-rosatellum\/#breadcrumb\"},\"inLanguage\":\"it-IT\",\"potentialAction\":[{\"@type\":\"ReadAction\",\"target\":[\"https:\/\/www.pressenza.com\/it\/2018\/03\/le-reali-assurdita-del-rosatellum\/\"]}]},{\"@type\":\"ImageObject\",\"inLanguage\":\"it-IT\",\"@id\":\"https:\/\/www.pressenza.com\/it\/2018\/03\/le-reali-assurdita-del-rosatellum\/#primaryimage\",\"url\":\"https:\/\/www.pressenza.com\/wp-content\/uploads\/2018\/03\/camera-deputati.jpg\",\"contentUrl\":\"https:\/\/www.pressenza.com\/wp-content\/uploads\/2018\/03\/camera-deputati.jpg\",\"width\":832,\"height\":553},{\"@type\":\"BreadcrumbList\",\"@id\":\"https:\/\/www.pressenza.com\/it\/2018\/03\/le-reali-assurdita-del-rosatellum\/#breadcrumb\",\"itemListElement\":[{\"@type\":\"ListItem\",\"position\":1,\"name\":\"Accueil\",\"item\":\"https:\/\/www.pressenza.com\/it\/\"},{\"@type\":\"ListItem\",\"position\":2,\"name\":\"Le reali assurdit\u00e0 del Rosatellum\"}]},{\"@type\":\"WebSite\",\"@id\":\"https:\/\/www.pressenza.com\/it\/#website\",\"url\":\"https:\/\/www.pressenza.com\/it\/\",\"name\":\"Pressenza\",\"description\":\"Agenzia di Stampa Internazionale\",\"publisher\":{\"@id\":\"https:\/\/www.pressenza.com\/it\/#organization\"},\"potentialAction\":[{\"@type\":\"SearchAction\",\"target\":{\"@type\":\"EntryPoint\",\"urlTemplate\":\"https:\/\/www.pressenza.com\/it\/?s={search_term_string}\"},\"query-input\":{\"@type\":\"PropertyValueSpecification\",\"valueRequired\":true,\"valueName\":\"search_term_string\"}}],\"inLanguage\":\"it-IT\"},{\"@type\":\"Organization\",\"@id\":\"https:\/\/www.pressenza.com\/it\/#organization\",\"name\":\"Pressenza\",\"url\":\"https:\/\/www.pressenza.com\/it\/\",\"logo\":{\"@type\":\"ImageObject\",\"inLanguage\":\"it-IT\",\"@id\":\"https:\/\/www.pressenza.com\/it\/#\/schema\/logo\/image\/\",\"url\":\"https:\/\/www.pressenza.com\/wp-content\/uploads\/2022\/10\/pressenza_logo_200x200.jpg\",\"contentUrl\":\"https:\/\/www.pressenza.com\/wp-content\/uploads\/2022\/10\/pressenza_logo_200x200.jpg\",\"width\":200,\"height\":200,\"caption\":\"Pressenza\"},\"image\":{\"@id\":\"https:\/\/www.pressenza.com\/it\/#\/schema\/logo\/image\/\"},\"sameAs\":[\"https:\/\/www.facebook.com\/PressenzaItalia\",\"https:\/\/x.com\/PressenzaIPA\"]},{\"@type\":\"Person\",\"@id\":\"https:\/\/www.pressenza.com\/it\/#\/schema\/person\/47253bd773bfdc8f669fc1a490a0d099\",\"name\":\"Rocco Artifoni\",\"description\":\"Rocco Artifoni \u00e8 nato a Bergamo nel 1960. \u00c8 presidente nazionale dell\u2019Associazione per la Riduzione del Debito Pubblico (www.ardep.it) e referente per la Lombardia dell\u2019Associazione Art. 53 (www.articolo53.it). Principali appartenenze e impegni locali (provincia di Bergamo): Consiglio Direttivo della Fondazione Serughetti La Porta (www.laportabergamo.it), Comitato provinciale per l\u2019abolizione delle barriere architettoniche (www.diversabile.it), Coordinamento provinciale di Libera (www.liberabg.it), Comitato bergamasco per la difesa della Costituzione (www.salviamolacostituzione.bg.it), Scuola di educazione e formazione alla politica We Care (www.scuolawecare.it), Redazione della rivista L\u2019Incontro e delle Edizioni Gruppo Aeper (www.aeper.it). Nel 2014 ha pubblicato insieme a Filippo Pizzolato \u201cL\u2019ABC della Costituzione\u201d per le Edizioni Gruppo Aeper con prefazione di don Luigi Ciotti. Nel 2018, insieme a Francesco Gesualdi e Antonio De Lellis, per CADTM Italia ha pubblicato il dossier \u201cFisco &amp; Debito. Gli effetti delle controriforme fiscali sul nostro debito pubblico\u201d.\",\"url\":\"https:\/\/www.pressenza.com\/it\/author\/rocco-artifoni\/\"}]}<\/script>\n<!-- \/ Yoast SEO plugin. -->","yoast_head_json":{"title":"Le reali assurdit\u00e0 del Rosatellum","description":"Che il Rosatellum sia una legge elettorale irragionevole \u00e8 gi\u00e0 stato ampiamente spiegato. Ci sono situazioni reali che dimostrano come le critiche non fossero riferite soltanto a casi estremi o teorici. Riportiamo due casi reali che appaiono veramente emblematici.","robots":{"index":"index","follow":"follow","max-snippet":"max-snippet:-1","max-image-preview":"max-image-preview:large","max-video-preview":"max-video-preview:-1"},"canonical":"https:\/\/www.pressenza.com\/it\/2018\/03\/le-reali-assurdita-del-rosatellum\/","og_locale":"it_IT","og_type":"article","og_title":"Le reali assurdit\u00e0 del Rosatellum","og_description":"Che il Rosatellum sia una legge elettorale irragionevole \u00e8 gi\u00e0 stato ampiamente spiegato. Ci sono situazioni reali che dimostrano come le critiche non fossero riferite soltanto a casi estremi o teorici. Riportiamo due casi reali che appaiono veramente emblematici.","og_url":"https:\/\/www.pressenza.com\/it\/2018\/03\/le-reali-assurdita-del-rosatellum\/","og_site_name":"Pressenza","article_publisher":"https:\/\/www.facebook.com\/PressenzaItalia","article_published_time":"2018-03-07T16:43:20+00:00","article_modified_time":"2018-03-07T16:48:12+00:00","og_image":[{"width":832,"height":553,"url":"https:\/\/www.pressenza.com\/wp-content\/uploads\/2018\/03\/camera-deputati.jpg","type":"image\/jpeg"}],"author":"Rocco Artifoni","twitter_card":"summary_large_image","twitter_creator":"@PressenzaIPA","twitter_site":"@PressenzaIPA","twitter_misc":{"Scritto da":"Rocco Artifoni","Tempo di lettura stimato":"2 minuti"},"schema":{"@context":"https:\/\/schema.org","@graph":[{"@type":"Article","@id":"https:\/\/www.pressenza.com\/it\/2018\/03\/le-reali-assurdita-del-rosatellum\/#article","isPartOf":{"@id":"https:\/\/www.pressenza.com\/it\/2018\/03\/le-reali-assurdita-del-rosatellum\/"},"author":{"name":"Rocco Artifoni","@id":"https:\/\/www.pressenza.com\/it\/#\/schema\/person\/47253bd773bfdc8f669fc1a490a0d099"},"headline":"Le reali assurdit\u00e0 del Rosatellum","datePublished":"2018-03-07T16:43:20+00:00","dateModified":"2018-03-07T16:48:12+00:00","mainEntityOfPage":{"@id":"https:\/\/www.pressenza.com\/it\/2018\/03\/le-reali-assurdita-del-rosatellum\/"},"wordCount":340,"publisher":{"@id":"https:\/\/www.pressenza.com\/it\/#organization"},"image":{"@id":"https:\/\/www.pressenza.com\/it\/2018\/03\/le-reali-assurdita-del-rosatellum\/#primaryimage"},"thumbnailUrl":"https:\/\/www.pressenza.com\/wp-content\/uploads\/2018\/03\/camera-deputati.jpg","keywords":["legge elettorale","Rosatellum"],"articleSection":["contenuti originali","Europa","Politica"],"inLanguage":"it-IT"},{"@type":"WebPage","@id":"https:\/\/www.pressenza.com\/it\/2018\/03\/le-reali-assurdita-del-rosatellum\/","url":"https:\/\/www.pressenza.com\/it\/2018\/03\/le-reali-assurdita-del-rosatellum\/","name":"Le reali assurdit\u00e0 del Rosatellum","isPartOf":{"@id":"https:\/\/www.pressenza.com\/it\/#website"},"primaryImageOfPage":{"@id":"https:\/\/www.pressenza.com\/it\/2018\/03\/le-reali-assurdita-del-rosatellum\/#primaryimage"},"image":{"@id":"https:\/\/www.pressenza.com\/it\/2018\/03\/le-reali-assurdita-del-rosatellum\/#primaryimage"},"thumbnailUrl":"https:\/\/www.pressenza.com\/wp-content\/uploads\/2018\/03\/camera-deputati.jpg","datePublished":"2018-03-07T16:43:20+00:00","dateModified":"2018-03-07T16:48:12+00:00","description":"Che il Rosatellum sia una legge elettorale irragionevole \u00e8 gi\u00e0 stato ampiamente spiegato. Ci sono situazioni reali che dimostrano come le critiche non fossero riferite soltanto a casi estremi o teorici. Riportiamo due casi reali che appaiono veramente emblematici.","breadcrumb":{"@id":"https:\/\/www.pressenza.com\/it\/2018\/03\/le-reali-assurdita-del-rosatellum\/#breadcrumb"},"inLanguage":"it-IT","potentialAction":[{"@type":"ReadAction","target":["https:\/\/www.pressenza.com\/it\/2018\/03\/le-reali-assurdita-del-rosatellum\/"]}]},{"@type":"ImageObject","inLanguage":"it-IT","@id":"https:\/\/www.pressenza.com\/it\/2018\/03\/le-reali-assurdita-del-rosatellum\/#primaryimage","url":"https:\/\/www.pressenza.com\/wp-content\/uploads\/2018\/03\/camera-deputati.jpg","contentUrl":"https:\/\/www.pressenza.com\/wp-content\/uploads\/2018\/03\/camera-deputati.jpg","width":832,"height":553},{"@type":"BreadcrumbList","@id":"https:\/\/www.pressenza.com\/it\/2018\/03\/le-reali-assurdita-del-rosatellum\/#breadcrumb","itemListElement":[{"@type":"ListItem","position":1,"name":"Accueil","item":"https:\/\/www.pressenza.com\/it\/"},{"@type":"ListItem","position":2,"name":"Le reali assurdit\u00e0 del Rosatellum"}]},{"@type":"WebSite","@id":"https:\/\/www.pressenza.com\/it\/#website","url":"https:\/\/www.pressenza.com\/it\/","name":"Pressenza","description":"Agenzia di Stampa Internazionale","publisher":{"@id":"https:\/\/www.pressenza.com\/it\/#organization"},"potentialAction":[{"@type":"SearchAction","target":{"@type":"EntryPoint","urlTemplate":"https:\/\/www.pressenza.com\/it\/?s={search_term_string}"},"query-input":{"@type":"PropertyValueSpecification","valueRequired":true,"valueName":"search_term_string"}}],"inLanguage":"it-IT"},{"@type":"Organization","@id":"https:\/\/www.pressenza.com\/it\/#organization","name":"Pressenza","url":"https:\/\/www.pressenza.com\/it\/","logo":{"@type":"ImageObject","inLanguage":"it-IT","@id":"https:\/\/www.pressenza.com\/it\/#\/schema\/logo\/image\/","url":"https:\/\/www.pressenza.com\/wp-content\/uploads\/2022\/10\/pressenza_logo_200x200.jpg","contentUrl":"https:\/\/www.pressenza.com\/wp-content\/uploads\/2022\/10\/pressenza_logo_200x200.jpg","width":200,"height":200,"caption":"Pressenza"},"image":{"@id":"https:\/\/www.pressenza.com\/it\/#\/schema\/logo\/image\/"},"sameAs":["https:\/\/www.facebook.com\/PressenzaItalia","https:\/\/x.com\/PressenzaIPA"]},{"@type":"Person","@id":"https:\/\/www.pressenza.com\/it\/#\/schema\/person\/47253bd773bfdc8f669fc1a490a0d099","name":"Rocco Artifoni","description":"Rocco Artifoni \u00e8 nato a Bergamo nel 1960. \u00c8 presidente nazionale dell\u2019Associazione per la Riduzione del Debito Pubblico (www.ardep.it) e referente per la Lombardia dell\u2019Associazione Art. 53 (www.articolo53.it). Principali appartenenze e impegni locali (provincia di Bergamo): Consiglio Direttivo della Fondazione Serughetti La Porta (www.laportabergamo.it), Comitato provinciale per l\u2019abolizione delle barriere architettoniche (www.diversabile.it), Coordinamento provinciale di Libera (www.liberabg.it), Comitato bergamasco per la difesa della Costituzione (www.salviamolacostituzione.bg.it), Scuola di educazione e formazione alla politica We Care (www.scuolawecare.it), Redazione della rivista L\u2019Incontro e delle Edizioni Gruppo Aeper (www.aeper.it). Nel 2014 ha pubblicato insieme a Filippo Pizzolato \u201cL\u2019ABC della Costituzione\u201d per le Edizioni Gruppo Aeper con prefazione di don Luigi Ciotti. Nel 2018, insieme a Francesco Gesualdi e Antonio De Lellis, per CADTM Italia ha pubblicato il dossier \u201cFisco &amp; Debito. Gli effetti delle controriforme fiscali sul nostro debito pubblico\u201d.","url":"https:\/\/www.pressenza.com\/it\/author\/rocco-artifoni\/"}]}},"place":"","original_article_url":"","_links":{"self":[{"href":"https:\/\/www.pressenza.com\/it\/wp-json\/wp\/v2\/posts\/605405","targetHints":{"allow":["GET"]}}],"collection":[{"href":"https:\/\/www.pressenza.com\/it\/wp-json\/wp\/v2\/posts"}],"about":[{"href":"https:\/\/www.pressenza.com\/it\/wp-json\/wp\/v2\/types\/post"}],"author":[{"embeddable":true,"href":"https:\/\/www.pressenza.com\/it\/wp-json\/wp\/v2\/users\/1280"}],"replies":[{"embeddable":true,"href":"https:\/\/www.pressenza.com\/it\/wp-json\/wp\/v2\/comments?post=605405"}],"version-history":[{"count":0,"href":"https:\/\/www.pressenza.com\/it\/wp-json\/wp\/v2\/posts\/605405\/revisions"}],"wp:featuredmedia":[{"embeddable":true,"href":"https:\/\/www.pressenza.com\/it\/wp-json\/wp\/v2\/media\/605407"}],"wp:attachment":[{"href":"https:\/\/www.pressenza.com\/it\/wp-json\/wp\/v2\/media?parent=605405"}],"wp:term":[{"taxonomy":"category","embeddable":true,"href":"https:\/\/www.pressenza.com\/it\/wp-json\/wp\/v2\/categories?post=605405"},{"taxonomy":"post_tag","embeddable":true,"href":"https:\/\/www.pressenza.com\/it\/wp-json\/wp\/v2\/tags?post=605405"}],"curies":[{"name":"wp","href":"https:\/\/api.w.org\/{rel}","templated":true}]}}